{"id":3366,"date":"2021-06-01T07:12:06","date_gmt":"2021-06-01T07:12:06","guid":{"rendered":"https:\/\/www.latribunedufaso.net\/?p=3366"},"modified":"2021-06-01T07:13:37","modified_gmt":"2021-06-01T07:13:37","slug":"economie-le-referentiel-national-de-developpement-a-la-loupe-au-ces","status":"publish","type":"post","link":"https:\/\/www.latribunedufaso.net\/?p=3366","title":{"rendered":"Economie : Le CES passe \u00e0 la loupe le R\u00e9f\u00e9rentiel national de d\u00e9veloppement"},"content":{"rendered":"<p><strong><span style=\"font-size: 1.0625rem;\">Une session extraordinaire du Conseil \u00e9conomique et social (CES), de 72 heures, s\u2019est ouverte ce lundi 31 mai 2021, \u00e0 Ouagadougou. L\u2019institution devrait faire une analyse diagnostique de la situation \u00e9conomique et sociale du Burkina Faso et aussi un examen approfondi du R\u00e9f\u00e9rentiel national de d\u00e9veloppement (RND) 2021-2025.<\/span><\/strong><br \/>\n<!--more--><\/p>\n<p><a href=\"https:\/\/latribunedufaso.net\/wp-content\/uploads\/2021\/06\/IMG-20210531-WA0013.jpg\"><img loading=\"lazy\" decoding=\"async\" class=\"size-medium wp-image-3368 aligncenter\" src=\"https:\/\/latribunedufaso.net\/wp-content\/uploads\/2021\/06\/IMG-20210531-WA0013-300x135.jpg\" alt=\"\" width=\"300\" height=\"135\" srcset=\"https:\/\/www.latribunedufaso.net\/wp-content\/uploads\/2021\/06\/IMG-20210531-WA0013-300x135.jpg 300w, https:\/\/www.latribunedufaso.net\/wp-content\/uploads\/2021\/06\/IMG-20210531-WA0013-1024x461.jpg 1024w, https:\/\/www.latribunedufaso.net\/wp-content\/uploads\/2021\/06\/IMG-20210531-WA0013-768x346.jpg 768w, https:\/\/www.latribunedufaso.net\/wp-content\/uploads\/2021\/06\/IMG-20210531-WA0013.jpg 1040w\" sizes=\"auto, (max-width: 300px) 100vw, 300px\" \/><\/a> Les 31 mai, 1er et 2 juin 2021, les conseillers du Conseil \u00e9conomique et social (CES) vont examiner en session extraordinaire le projet du R\u00e9f\u00e9rentiel national de d\u00e9veloppement (RND) 2021 &#8211; 2025.Selon le pr\u00e9sident de l\u2019institution, Dr Mo\u00efse Napon, cette session extraordinaire est d&rsquo;une importance particuli\u00e8re car il s&rsquo;agit d&rsquo;une saisine par le premier ministre, Christophe Dabir\u00e9 afin que l&rsquo;institution donne son avis sur le projet du RND. \u00ab Cette session extraordinaire rev\u00eat d\u2019une importance toute particuli\u00e8re car le Conseil \u00e9conomique et social a \u00e9t\u00e9 saisi par le premier ministre, chef du gouvernement afin de donner son avis sur le projet du nouveau r\u00e9f\u00e9rentiel national de d\u00e9veloppement qui couvrira la p\u00e9riode 2021- 2025.\u00a0\u00bb, a-t-il indiqu\u00e9. Pour ce dernier, le Plan national de d\u00e9veloppement \u00e9conomique et social (PNDES), ayant pris fin en 2020, a permis au Burkina Faso d\u2019engranger de nombreux acquis, mais \u00ab\u00a0Plusieurs d\u00e9fis majeurs demeurent. En effet, les politiques publiques n\u2019ont pas suffi \u00e0 assurer la s\u00e9curit\u00e9 et la paix et \u00e0 g\u00e9n\u00e9rer une dynamique de cr\u00e9ation de richesse permettant une am\u00e9lioration cons\u00e9quente du bien \u00eatre des Burkinab\u00e8, notamment ceux en milieu rural.\u00a0\u00bb, a-t-il renseign\u00e9.<\/p>\n<p>Des dires du pr\u00e9sident du CES, le RND 2021-2025 propose de r\u00e9concilier l\u2019objectif de transformer les structures \u00e9conomiques, d\u00e9mographiques et sociales en vue de r\u00e9duire les in\u00e9galit\u00e9s et d\u2019am\u00e9liorer durablement le bien-\u00eatre des populations dans un contexte de crises s\u00e9curitaire et sanitaires et du risque d\u2019effritement de la coh\u00e9sion sociale dans l\u2019optique de relever les d\u00e9fis majeurs qui demeurent apr\u00e8s le PNDES. Il a par la m\u00eame occasion pr\u00e9cis\u00e9 aux conseillers qu\u2019au cours de cette session, ils devraient faire une analyse diagnostique de la situation \u00e9conomique et sociale au Burkina Faso, un examen approfondi de la strat\u00e9gie propos\u00e9e, des opportunit\u00e9s et un sch\u00e9ma de financement de l\u2019\u00e9conomie, des facteurs de risques ainsi que des mesures de mitigation identifi\u00e9es pour sa mise en \u0153uvre.<\/p>\n<p>Soumaila Ou\u00e9draogo, 4e vice-pr\u00e9sident du CES, fait savoir qu\u2019au cour de ces trois (03) jours, les participants vont prendre connaissance du projet du RND et \u00e9galement examiner ses axes strat\u00e9giques. Au sortir de cette session, des recommandations seront \u00e9galement formul\u00e9es \u00e0 l\u2019endroit de l\u2019autorit\u00e9 comp\u00e9tente, \u00e0 laisser entendre Soumaila Ou\u00e9draogo. \u00ab \u00c0 l\u2019issue des travaux, nous allons formuler des recommandations\u00a0; ces recommandations seront remises aux autorit\u00e9s pour la prise en compte des observations.\u00a0\u00bb, a-t-il dit.<\/p>\n<p>Tiba Kassamse Ou\u00e9draogo<br \/>\nLatribunedufaso.net<\/p>\n","protected":false},"excerpt":{"rendered":"<p>Une session extraordinaire du Conseil \u00e9conomique et social (CES), de 72 heures, s\u2019est ouverte ce lundi 31 mai 2021, \u00e0 Ouagadougou. L\u2019institution devrait faire une analyse diagnostique de la situation \u00e9conomique et sociale du Burkina Faso et aussi un examen approfondi du R\u00e9f\u00e9rentiel national de d\u00e9veloppement (RND) 2021-2025.<\/p>\n","protected":false},"author":2,"featured_media":3367,"comment_status":"open","ping_status":"open","sticky":false,"template":"","format":"standard","meta":{"footnotes":""},"categories":[13,1,10],"tags":[],"class_list":["post-3366","post","type-post","status-publish","format-standard","has-post-thumbnail","hentry","category-une","category-actu","category-eco"],"yoast_head":"<!-- This site is optimized with the Yoast SEO plugin v27.4 - https:\/\/yoast.com\/product\/yoast-seo-wordpress\/ -->\n<title>Economie : Le CES passe \u00e0 la loupe le R\u00e9f\u00e9rentiel national de d\u00e9veloppement - La Tribune du Faso<\/title>\n<meta name=\"robots\" content=\"index, follow, max-snippet:-1, max-image-preview:large, max-video-preview:-1\" \/>\n<link rel=\"canonical\" href=\"https:\/\/www.latribunedufaso.net\/?p=3366\" \/>\n<meta property=\"og:locale\" content=\"fr_FR\" \/>\n<meta property=\"og:type\" content=\"article\" \/>\n<meta property=\"og:title\" content=\"Economie : Le CES passe \u00e0 la loupe le R\u00e9f\u00e9rentiel national de d\u00e9veloppement - La Tribune du Faso\" \/>\n<meta property=\"og:description\" content=\"Une session extraordinaire du Conseil \u00e9conomique et social (CES), de 72 heures, s\u2019est ouverte ce lundi 31 mai 2021, \u00e0 Ouagadougou. L\u2019institution devrait faire une analyse diagnostique de la situation \u00e9conomique et sociale du Burkina Faso et aussi un examen approfondi du R\u00e9f\u00e9rentiel national de d\u00e9veloppement (RND) 2021-2025.\" \/>\n<meta property=\"og:url\" content=\"https:\/\/www.latribunedufaso.net\/?p=3366\" \/>\n<meta property=\"og:site_name\" content=\"La Tribune du Faso\" \/>\n<meta property=\"article:publisher\" content=\"https:\/\/www.facebook.com\/LatribuneduFaso\/\" \/>\n<meta property=\"article:published_time\" content=\"2021-06-01T07:12:06+00:00\" \/>\n<meta property=\"article:modified_time\" content=\"2021-06-01T07:13:37+00:00\" \/>\n<meta property=\"og:image\" content=\"https:\/\/latribunedufaso.net\/wp-content\/uploads\/2021\/06\/IMG-20210531-WA0012.jpg\" \/>\n\t<meta property=\"og:image:width\" content=\"1040\" \/>\n\t<meta property=\"og:image:height\" content=\"468\" \/>\n\t<meta property=\"og:image:type\" content=\"image\/jpeg\" \/>\n<meta name=\"author\" content=\"Administrateur\" \/>\n<meta name=\"twitter:label1\" content=\"\u00c9crit par\" \/>\n\t<meta name=\"twitter:data1\" content=\"Administrateur\" \/>\n\t<meta name=\"twitter:label2\" content=\"Dur\u00e9e de lecture estim\u00e9e\" \/>\n\t<meta name=\"twitter:data2\" content=\"2 minutes\" \/>\n<script type=\"application\/ld+json\" class=\"yoast-schema-graph\">{\"@context\":\"https:\\\/\\\/schema.org\",\"@graph\":[{\"@type\":\"Article\",\"@id\":\"https:\\\/\\\/www.latribunedufaso.net\\\/?p=3366#article\",\"isPartOf\":{\"@id\":\"https:\\\/\\\/www.latribunedufaso.net\\\/?p=3366\"},\"author\":{\"name\":\"Administrateur\",\"@id\":\"https:\\\/\\\/www.latribunedufaso.net\\\/#\\\/schema\\\/person\\\/a380782d0605bb8aae27c40ea93b35b1\"},\"headline\":\"Economie : Le CES passe \u00e0 la loupe le R\u00e9f\u00e9rentiel national de d\u00e9veloppement\",\"datePublished\":\"2021-06-01T07:12:06+00:00\",\"dateModified\":\"2021-06-01T07:13:37+00:00\",\"mainEntityOfPage\":{\"@id\":\"https:\\\/\\\/www.latribunedufaso.net\\\/?p=3366\"},\"wordCount\":503,\"commentCount\":0,\"publisher\":{\"@id\":\"https:\\\/\\\/www.latribunedufaso.net\\\/#organization\"},\"image\":{\"@id\":\"https:\\\/\\\/www.latribunedufaso.net\\\/?p=3366#primaryimage\"},\"thumbnailUrl\":\"https:\\\/\\\/www.latribunedufaso.net\\\/wp-content\\\/uploads\\\/2021\\\/06\\\/IMG-20210531-WA0012.jpg\",\"articleSection\":[\"A la une\",\"Actualit\u00e9\",\"Economie\"],\"inLanguage\":\"fr-FR\",\"potentialAction\":[{\"@type\":\"CommentAction\",\"name\":\"Comment\",\"target\":[\"https:\\\/\\\/www.latribunedufaso.net\\\/?p=3366#respond\"]}]},{\"@type\":\"WebPage\",\"@id\":\"https:\\\/\\\/www.latribunedufaso.net\\\/?p=3366\",\"url\":\"https:\\\/\\\/www.latribunedufaso.net\\\/?p=3366\",\"name\":\"Economie : Le CES passe \u00e0 la loupe le R\u00e9f\u00e9rentiel national de d\u00e9veloppement - La Tribune du Faso\",\"isPartOf\":{\"@id\":\"https:\\\/\\\/www.latribunedufaso.net\\\/#website\"},\"primaryImageOfPage\":{\"@id\":\"https:\\\/\\\/www.latribunedufaso.net\\\/?p=3366#primaryimage\"},\"image\":{\"@id\":\"https:\\\/\\\/www.latribunedufaso.net\\\/?p=3366#primaryimage\"},\"thumbnailUrl\":\"https:\\\/\\\/www.latribunedufaso.net\\\/wp-content\\\/uploads\\\/2021\\\/06\\\/IMG-20210531-WA0012.jpg\",\"datePublished\":\"2021-06-01T07:12:06+00:00\",\"dateModified\":\"2021-06-01T07:13:37+00:00\",\"breadcrumb\":{\"@id\":\"https:\\\/\\\/www.latribunedufaso.net\\\/?p=3366#breadcrumb\"},\"inLanguage\":\"fr-FR\",\"potentialAction\":[{\"@type\":\"ReadAction\",\"target\":[\"https:\\\/\\\/www.latribunedufaso.net\\\/?p=3366\"]}]},{\"@type\":\"ImageObject\",\"inLanguage\":\"fr-FR\",\"@id\":\"https:\\\/\\\/www.latribunedufaso.net\\\/?p=3366#primaryimage\",\"url\":\"https:\\\/\\\/www.latribunedufaso.net\\\/wp-content\\\/uploads\\\/2021\\\/06\\\/IMG-20210531-WA0012.jpg\",\"contentUrl\":\"https:\\\/\\\/www.latribunedufaso.net\\\/wp-content\\\/uploads\\\/2021\\\/06\\\/IMG-20210531-WA0012.jpg\",\"width\":1040,\"height\":468},{\"@type\":\"BreadcrumbList\",\"@id\":\"https:\\\/\\\/www.latribunedufaso.net\\\/?p=3366#breadcrumb\",\"itemListElement\":[{\"@type\":\"ListItem\",\"position\":1,\"name\":\"Accueil\",\"item\":\"https:\\\/\\\/www.latribunedufaso.net\\\/\"},{\"@type\":\"ListItem\",\"position\":2,\"name\":\"Economie : Le CES passe \u00e0 la loupe le R\u00e9f\u00e9rentiel national de d\u00e9veloppement\"}]},{\"@type\":\"WebSite\",\"@id\":\"https:\\\/\\\/www.latribunedufaso.net\\\/#website\",\"url\":\"https:\\\/\\\/www.latribunedufaso.net\\\/\",\"name\":\"La Tribune du Faso\",\"description\":\"L&#039;information du monde rural en un clic\",\"publisher\":{\"@id\":\"https:\\\/\\\/www.latribunedufaso.net\\\/#organization\"},\"potentialAction\":[{\"@type\":\"SearchAction\",\"target\":{\"@type\":\"EntryPoint\",\"urlTemplate\":\"https:\\\/\\\/www.latribunedufaso.net\\\/?s={search_term_string}\"},\"query-input\":{\"@type\":\"PropertyValueSpecification\",\"valueRequired\":true,\"valueName\":\"search_term_string\"}}],\"inLanguage\":\"fr-FR\"},{\"@type\":\"Organization\",\"@id\":\"https:\\\/\\\/www.latribunedufaso.net\\\/#organization\",\"name\":\"La Tribune du Faso\",\"url\":\"https:\\\/\\\/www.latribunedufaso.net\\\/\",\"logo\":{\"@type\":\"ImageObject\",\"inLanguage\":\"fr-FR\",\"@id\":\"https:\\\/\\\/www.latribunedufaso.net\\\/#\\\/schema\\\/logo\\\/image\\\/\",\"url\":\"https:\\\/\\\/www.latribunedufaso.net\\\/wp-content\\\/uploads\\\/2020\\\/08\\\/Logo-Tribune-du-Faso-final-scaled.jpg\",\"contentUrl\":\"https:\\\/\\\/www.latribunedufaso.net\\\/wp-content\\\/uploads\\\/2020\\\/08\\\/Logo-Tribune-du-Faso-final-scaled.jpg\",\"width\":2560,\"height\":1856,\"caption\":\"La Tribune du Faso\"},\"image\":{\"@id\":\"https:\\\/\\\/www.latribunedufaso.net\\\/#\\\/schema\\\/logo\\\/image\\\/\"},\"sameAs\":[\"https:\\\/\\\/www.facebook.com\\\/LatribuneduFaso\\\/\"]},{\"@type\":\"Person\",\"@id\":\"https:\\\/\\\/www.latribunedufaso.net\\\/#\\\/schema\\\/person\\\/a380782d0605bb8aae27c40ea93b35b1\",\"name\":\"Administrateur\",\"image\":{\"@type\":\"ImageObject\",\"inLanguage\":\"fr-FR\",\"@id\":\"https:\\\/\\\/secure.gravatar.com\\\/avatar\\\/e20266f97d741f0e80ba1f60283074a9b3317fd7bfb727e0d95b51dafbf854a1?s=96&d=mm&r=g\",\"url\":\"https:\\\/\\\/secure.gravatar.com\\\/avatar\\\/e20266f97d741f0e80ba1f60283074a9b3317fd7bfb727e0d95b51dafbf854a1?s=96&d=mm&r=g\",\"contentUrl\":\"https:\\\/\\\/secure.gravatar.com\\\/avatar\\\/e20266f97d741f0e80ba1f60283074a9b3317fd7bfb727e0d95b51dafbf854a1?s=96&d=mm&r=g\",\"caption\":\"Administrateur\"},\"url\":\"https:\\\/\\\/www.latribunedufaso.net\\\/?author=2\"}]}<\/script>\n<!-- \/ Yoast SEO plugin. -->","yoast_head_json":{"title":"Economie : Le CES passe \u00e0 la loupe le R\u00e9f\u00e9rentiel national de d\u00e9veloppement - La Tribune du Faso","robots":{"index":"index","follow":"follow","max-snippet":"max-snippet:-1","max-image-preview":"max-image-preview:large","max-video-preview":"max-video-preview:-1"},"canonical":"https:\/\/www.latribunedufaso.net\/?p=3366","og_locale":"fr_FR","og_type":"article","og_title":"Economie : Le CES passe \u00e0 la loupe le R\u00e9f\u00e9rentiel national de d\u00e9veloppement - La Tribune du Faso","og_description":"Une session extraordinaire du Conseil \u00e9conomique et social (CES), de 72 heures, s\u2019est ouverte ce lundi 31 mai 2021, \u00e0 Ouagadougou. L\u2019institution devrait faire une analyse diagnostique de la situation \u00e9conomique et sociale du Burkina Faso et aussi un examen approfondi du R\u00e9f\u00e9rentiel national de d\u00e9veloppement (RND) 2021-2025.","og_url":"https:\/\/www.latribunedufaso.net\/?p=3366","og_site_name":"La Tribune du Faso","article_publisher":"https:\/\/www.facebook.com\/LatribuneduFaso\/","article_published_time":"2021-06-01T07:12:06+00:00","article_modified_time":"2021-06-01T07:13:37+00:00","og_image":[{"width":1040,"height":468,"url":"https:\/\/latribunedufaso.net\/wp-content\/uploads\/2021\/06\/IMG-20210531-WA0012.jpg","type":"image\/jpeg"}],"author":"Administrateur","twitter_misc":{"\u00c9crit par":"Administrateur","Dur\u00e9e de lecture estim\u00e9e":"2 minutes"},"schema":{"@context":"https:\/\/schema.org","@graph":[{"@type":"Article","@id":"https:\/\/www.latribunedufaso.net\/?p=3366#article","isPartOf":{"@id":"https:\/\/www.latribunedufaso.net\/?p=3366"},"author":{"name":"Administrateur","@id":"https:\/\/www.latribunedufaso.net\/#\/schema\/person\/a380782d0605bb8aae27c40ea93b35b1"},"headline":"Economie : Le CES passe \u00e0 la loupe le R\u00e9f\u00e9rentiel national de d\u00e9veloppement","datePublished":"2021-06-01T07:12:06+00:00","dateModified":"2021-06-01T07:13:37+00:00","mainEntityOfPage":{"@id":"https:\/\/www.latribunedufaso.net\/?p=3366"},"wordCount":503,"commentCount":0,"publisher":{"@id":"https:\/\/www.latribunedufaso.net\/#organization"},"image":{"@id":"https:\/\/www.latribunedufaso.net\/?p=3366#primaryimage"},"thumbnailUrl":"https:\/\/www.latribunedufaso.net\/wp-content\/uploads\/2021\/06\/IMG-20210531-WA0012.jpg","articleSection":["A la une","Actualit\u00e9","Economie"],"inLanguage":"fr-FR","potentialAction":[{"@type":"CommentAction","name":"Comment","target":["https:\/\/www.latribunedufaso.net\/?p=3366#respond"]}]},{"@type":"WebPage","@id":"https:\/\/www.latribunedufaso.net\/?p=3366","url":"https:\/\/www.latribunedufaso.net\/?p=3366","name":"Economie : Le CES passe \u00e0 la loupe le R\u00e9f\u00e9rentiel national de d\u00e9veloppement - La Tribune du Faso","isPartOf":{"@id":"https:\/\/www.latribunedufaso.net\/#website"},"primaryImageOfPage":{"@id":"https:\/\/www.latribunedufaso.net\/?p=3366#primaryimage"},"image":{"@id":"https:\/\/www.latribunedufaso.net\/?p=3366#primaryimage"},"thumbnailUrl":"https:\/\/www.latribunedufaso.net\/wp-content\/uploads\/2021\/06\/IMG-20210531-WA0012.jpg","datePublished":"2021-06-01T07:12:06+00:00","dateModified":"2021-06-01T07:13:37+00:00","breadcrumb":{"@id":"https:\/\/www.latribunedufaso.net\/?p=3366#breadcrumb"},"inLanguage":"fr-FR","potentialAction":[{"@type":"ReadAction","target":["https:\/\/www.latribunedufaso.net\/?p=3366"]}]},{"@type":"ImageObject","inLanguage":"fr-FR","@id":"https:\/\/www.latribunedufaso.net\/?p=3366#primaryimage","url":"https:\/\/www.latribunedufaso.net\/wp-content\/uploads\/2021\/06\/IMG-20210531-WA0012.jpg","contentUrl":"https:\/\/www.latribunedufaso.net\/wp-content\/uploads\/2021\/06\/IMG-20210531-WA0012.jpg","width":1040,"height":468},{"@type":"BreadcrumbList","@id":"https:\/\/www.latribunedufaso.net\/?p=3366#breadcrumb","itemListElement":[{"@type":"ListItem","position":1,"name":"Accueil","item":"https:\/\/www.latribunedufaso.net\/"},{"@type":"ListItem","position":2,"name":"Economie : Le CES passe \u00e0 la loupe le R\u00e9f\u00e9rentiel national de d\u00e9veloppement"}]},{"@type":"WebSite","@id":"https:\/\/www.latribunedufaso.net\/#website","url":"https:\/\/www.latribunedufaso.net\/","name":"La Tribune du Faso","description":"L&#039;information du monde rural en un clic","publisher":{"@id":"https:\/\/www.latribunedufaso.net\/#organization"},"potentialAction":[{"@type":"SearchAction","target":{"@type":"EntryPoint","urlTemplate":"https:\/\/www.latribunedufaso.net\/?s={search_term_string}"},"query-input":{"@type":"PropertyValueSpecification","valueRequired":true,"valueName":"search_term_string"}}],"inLanguage":"fr-FR"},{"@type":"Organization","@id":"https:\/\/www.latribunedufaso.net\/#organization","name":"La Tribune du Faso","url":"https:\/\/www.latribunedufaso.net\/","logo":{"@type":"ImageObject","inLanguage":"fr-FR","@id":"https:\/\/www.latribunedufaso.net\/#\/schema\/logo\/image\/","url":"https:\/\/www.latribunedufaso.net\/wp-content\/uploads\/2020\/08\/Logo-Tribune-du-Faso-final-scaled.jpg","contentUrl":"https:\/\/www.latribunedufaso.net\/wp-content\/uploads\/2020\/08\/Logo-Tribune-du-Faso-final-scaled.jpg","width":2560,"height":1856,"caption":"La Tribune du Faso"},"image":{"@id":"https:\/\/www.latribunedufaso.net\/#\/schema\/logo\/image\/"},"sameAs":["https:\/\/www.facebook.com\/LatribuneduFaso\/"]},{"@type":"Person","@id":"https:\/\/www.latribunedufaso.net\/#\/schema\/person\/a380782d0605bb8aae27c40ea93b35b1","name":"Administrateur","image":{"@type":"ImageObject","inLanguage":"fr-FR","@id":"https:\/\/secure.gravatar.com\/avatar\/e20266f97d741f0e80ba1f60283074a9b3317fd7bfb727e0d95b51dafbf854a1?s=96&d=mm&r=g","url":"https:\/\/secure.gravatar.com\/avatar\/e20266f97d741f0e80ba1f60283074a9b3317fd7bfb727e0d95b51dafbf854a1?s=96&d=mm&r=g","contentUrl":"https:\/\/secure.gravatar.com\/avatar\/e20266f97d741f0e80ba1f60283074a9b3317fd7bfb727e0d95b51dafbf854a1?s=96&d=mm&r=g","caption":"Administrateur"},"url":"https:\/\/www.latribunedufaso.net\/?author=2"}]}},"_links":{"self":[{"href":"https:\/\/www.latribunedufaso.net\/index.php?rest_route=\/wp\/v2\/posts\/3366","targetHints":{"allow":["GET"]}}],"collection":[{"href":"https:\/\/www.latribunedufaso.net\/index.php?rest_route=\/wp\/v2\/posts"}],"about":[{"href":"https:\/\/www.latribunedufaso.net\/index.php?rest_route=\/wp\/v2\/types\/post"}],"author":[{"embeddable":true,"href":"https:\/\/www.latribunedufaso.net\/index.php?rest_route=\/wp\/v2\/users\/2"}],"replies":[{"embeddable":true,"href":"https:\/\/www.latribunedufaso.net\/index.php?rest_route=%2Fwp%2Fv2%2Fcomments&post=3366"}],"version-history":[{"count":3,"href":"https:\/\/www.latribunedufaso.net\/index.php?rest_route=\/wp\/v2\/posts\/3366\/revisions"}],"predecessor-version":[{"id":3372,"href":"https:\/\/www.latribunedufaso.net\/index.php?rest_route=\/wp\/v2\/posts\/3366\/revisions\/3372"}],"wp:featuredmedia":[{"embeddable":true,"href":"https:\/\/www.latribunedufaso.net\/index.php?rest_route=\/wp\/v2\/media\/3367"}],"wp:attachment":[{"href":"https:\/\/www.latribunedufaso.net\/index.php?rest_route=%2Fwp%2Fv2%2Fmedia&parent=3366"}],"wp:term":[{"taxonomy":"category","embeddable":true,"href":"https:\/\/www.latribunedufaso.net\/index.php?rest_route=%2Fwp%2Fv2%2Fcategories&post=3366"},{"taxonomy":"post_tag","embeddable":true,"href":"https:\/\/www.latribunedufaso.net\/index.php?rest_route=%2Fwp%2Fv2%2Ftags&post=3366"}],"curies":[{"name":"wp","href":"https:\/\/api.w.org\/{rel}","templated":true}]}}