{"id":3299,"date":"2021-05-24T10:08:45","date_gmt":"2021-05-24T10:08:45","guid":{"rendered":"https:\/\/www.latribunedufaso.net\/?p=3299"},"modified":"2021-05-24T10:08:45","modified_gmt":"2021-05-24T10:08:45","slug":"securite-routiere-la-moto-ce-nest-pas-la-voyoucratie-gaston-dembele-president-de-lassociation-des-motards-du-faso","status":"publish","type":"post","link":"https:\/\/www.latribunedufaso.net\/?p=3299","title":{"rendered":"S\u00e9curit\u00e9 routi\u00e8re : \u00ab La moto, ce n\u2019est pas la voyoucratie&#8230;\u00bb, Gaston Demb\u00e9l\u00e9, pr\u00e9sident de l\u2019association des motards du Faso"},"content":{"rendered":"<p><strong><span style=\"font-size: 1.0625rem;\">Dans l\u2019objectif de remercier ses partenaires, l\u2019association des motards du Faso a organis\u00e9 un diner gala dans la nuit du samedi 22 mai 2021 \u00e0 Ouagadougou. Au-del\u00e0 de ce diner gala de remerciements, le pr\u00e9sident de l\u2019association des motards du Faso, Gaston Demb\u00e9l\u00e9, a pr\u00e9sent\u00e9 l\u2019association et ses objectifs.<\/span><\/strong><br \/>\n<!--more--><\/p>\n<p><a href=\"https:\/\/latribunedufaso.net\/wp-content\/uploads\/2021\/05\/IMG-20210524-WA0005.jpg\"><img loading=\"lazy\" decoding=\"async\" class=\"size-medium wp-image-3303 aligncenter\" src=\"https:\/\/latribunedufaso.net\/wp-content\/uploads\/2021\/05\/IMG-20210524-WA0005-300x135.jpg\" alt=\"\" width=\"300\" height=\"135\" srcset=\"https:\/\/www.latribunedufaso.net\/wp-content\/uploads\/2021\/05\/IMG-20210524-WA0005-300x135.jpg 300w, https:\/\/www.latribunedufaso.net\/wp-content\/uploads\/2021\/05\/IMG-20210524-WA0005-1024x461.jpg 1024w, https:\/\/www.latribunedufaso.net\/wp-content\/uploads\/2021\/05\/IMG-20210524-WA0005-768x346.jpg 768w, https:\/\/www.latribunedufaso.net\/wp-content\/uploads\/2021\/05\/IMG-20210524-WA0005.jpg 1040w\" sizes=\"auto, (max-width: 300px) 100vw, 300px\" \/><\/a> Apr\u00e8s des activit\u00e9s r\u00e9alis\u00e9es et r\u00e9ussies, l\u2019association des motards du Faso s\u2019est voulue reconnaissante envers tous ceux qui l\u2019ont accompagn\u00e9e \u00e0 atteindre un tel r\u00e9sultat. \u00ab L\u2019objectif de cette soir\u00e9e, c&rsquo;est de dire grandement merci parce qu\u2019on avait des objectifs \u00e0 atteindre. Seule, avec nos cotisations de l&rsquo;association, on ne pouvait pas faire face. Nous avons eu la chance d&rsquo;avoir des partenaires qui ont \u00e9cout\u00e9s nos dol\u00e9ances et qui nous ont accompagn\u00e9s dans ce sens ; voil\u00e0 pourquoi ce soir nous les avons invit\u00e9s pour leur dire merci pour tout ce qu\u2019ils ont fait pour nous, on a toujours besoin de ses partenaires. \u00bb, a indiqu\u00e9 Gaston Demb\u00e9l\u00e9, le pr\u00e9sident de l\u2019association.<\/p>\n<p>Ce diner gala de remerciements fut une occasion pour Gaston Demb\u00e9l\u00e9 de pr\u00e9senter son association \u00e0 ses bienfaiteurs. De la pr\u00e9sentation alors faite, il ressort que l\u2019association des motards du Faso, cr\u00e9\u00e9e le 20 octobre 2015 dans l&rsquo;optique de lutter contre l&rsquo;ins\u00e9curit\u00e9 routi\u00e8re, compte \u00e0 ce jour 150 adh\u00e9rents. Elle serait n\u00e9e de la volont\u00e9 de ses membres fondateurs de lutter contre l\u2019ins\u00e9curit\u00e9 routi\u00e8re dans les contr\u00e9es du Burkina Faso. \u00ab Les membres fondateurs (4) ont pens\u00e9 que de la mani\u00e8re dont les jeunes roulent en ville cause probl\u00e8me. Ils ont donc voulu organiser les gens dans un cadre pour que les gens sachent que la moto, ce n\u2019est pas la vitesse, ce n\u2019est pas la voyoucratie\u00a0; la moto est d&rsquo;abord responsable. \u00bb, a fait savoir Gaston Demb\u00e9l\u00e9. L&rsquo;association, dit-on, est d\u2019abord ouverte \u00e0 tous ceux qui poss\u00e8dent des grosses cylindr\u00e9es de 250 CC, aux gens qui aiment la moto, mais qui ne font pas la moto. Elle est de m\u00eame ouverte \u00e0 ceux qui d\u00e9sirent lutter contre l&rsquo;ins\u00e9curit\u00e9 routi\u00e8re, mais qui ne font pas de la moto. Des sympathisants, des pratiquants, tout le monde peut adh\u00e9rer \u00e0 l&rsquo;association des motards du Faso. Si l\u2019association est assez ouverte \u00e0 l\u2019adh\u00e9sion de nouveaux membres, il n\u2019en demeure pas moins qu\u2019il faille suivre certaines r\u00e8gles, respecter la charte de l\u2019association et certaines conditions parmi lesquelles le port du casque.<\/p>\n<p>Pour le repr\u00e9sentant d\u2019int\u00e9rieure maison, partenaire de motards du Faso, Fidel Kirakoue, c\u2019est une satisfaction car cette soir\u00e9e permettra de changer l\u2019avis des populations sur les motards. \u00ab\u00a0Dans notre soci\u00e9t\u00e9, nous voyons les grosses motos comme un truc pour les d\u00e9linquants. Je suis vraiment content du fait qu&rsquo;on peut arriver \u00e0 convaincre les gens, \u00e0 s&rsquo;organiser et \u00e0 donner une autre image de ce qui \u00e9tait consid\u00e9r\u00e9 comme pas bien\u00a0\u00bb, a-t-il renseign\u00e9. Pour Jessica Dayamba, femme membre des motards du Faso, \u00eatre femme motard c\u2019est tr\u00e8s rare, mais magnifique. \u00ab\u00a0Femme motard, \u00e7a sort du lot, mais c&rsquo;est magnifique, et tr\u00e8s beau puisque ce n\u2019est pas tous temps qu&rsquo;on voit \u00e7a, \u00e7a m&rsquo;a plus incit\u00e9e \u00e0 faire partie des motards du Faso.\u00a0\u00bb, a-t-elle inform\u00e9. \u00ab\u00a0Dans la soci\u00e9t\u00e9, il y a d&rsquo;autres toujours bloqu\u00e9 dans la t\u00eate qui se disent que c&rsquo;est impossible, y a d&rsquo;autres qui n&rsquo;y croient pas du tout, d&rsquo;autres aussi m&#8217;emp\u00eachent de rouler soi-disant qu&rsquo;une femme c&rsquo;est la maison, la cuisine, ce sont les enfants, ce n\u2019est pas la moto. Mais je ne tiens pas compte de \u00e7a, je vis juste ma passion.\u00a0\u00bb, a-t-elle encore t\u00e9moign\u00e9. Elle n\u2019a d\u2019ailleurs pas manqu\u00e9 d\u2019inviter ses \u2018\u2019s\u0153urs\u2019\u2019 qui ont l\u2019amour pour les grosses motos de vivre leurs passions. \u00ab\u00a0Les filles, vivez votre passion, n&rsquo;\u00e9coutez pas les gens\u00a0!\u00a0\u00bb, a-t-elle lanc\u00e9.<\/p>\n<p>Pour avoir accompagn\u00e9 l\u2019association des motards du Faso dans la r\u00e9alisation de leurs activit\u00e9s, les partenaires ont re\u00e7u individuellement des attestations de remerciements.<\/p>\n<p><strong>Tiba Kassamse Ou\u00e9draogo<\/strong><br \/>\n<strong>Latribunedufaso.net<\/strong><\/p>\n","protected":false},"excerpt":{"rendered":"<p>Dans l\u2019objectif de remercier ses partenaires, l\u2019association des motards du Faso a organis\u00e9 un diner gala dans la nuit du samedi 22 mai 2021 \u00e0 Ouagadougou. Au-del\u00e0 de ce diner gala de remerciements, le pr\u00e9sident de l\u2019association des motards du Faso, Gaston Demb\u00e9l\u00e9, a pr\u00e9sent\u00e9 l\u2019association et ses objectifs.<\/p>\n","protected":false},"author":2,"featured_media":3301,"comment_status":"open","ping_status":"open","sticky":false,"template":"","format":"standard","meta":{"footnotes":""},"categories":[13,1,22],"tags":[],"class_list":["post-3299","post","type-post","status-publish","format-standard","has-post-thumbnail","hentry","category-une","category-actu","category-securite-routiere"],"yoast_head":"<!-- This site is optimized with the Yoast SEO plugin v27.5 - https:\/\/yoast.com\/product\/yoast-seo-wordpress\/ -->\n<title>S\u00e9curit\u00e9 routi\u00e8re : \u00ab La moto, ce n\u2019est pas la voyoucratie...\u00bb, Gaston Demb\u00e9l\u00e9, pr\u00e9sident de l\u2019association des motards du Faso - La Tribune du Faso<\/title>\n<meta name=\"robots\" content=\"index, follow, max-snippet:-1, max-image-preview:large, max-video-preview:-1\" \/>\n<link rel=\"canonical\" href=\"https:\/\/www.latribunedufaso.net\/?p=3299\" \/>\n<meta property=\"og:locale\" content=\"fr_FR\" \/>\n<meta property=\"og:type\" content=\"article\" \/>\n<meta property=\"og:title\" content=\"S\u00e9curit\u00e9 routi\u00e8re : \u00ab La moto, ce n\u2019est pas la voyoucratie...\u00bb, Gaston Demb\u00e9l\u00e9, pr\u00e9sident de l\u2019association des motards du Faso - La Tribune du Faso\" \/>\n<meta property=\"og:description\" content=\"Dans l\u2019objectif de remercier ses partenaires, l\u2019association des motards du Faso a organis\u00e9 un diner gala dans la nuit du samedi 22 mai 2021 \u00e0 Ouagadougou. Au-del\u00e0 de ce diner gala de remerciements, le pr\u00e9sident de l\u2019association des motards du Faso, Gaston Demb\u00e9l\u00e9, a pr\u00e9sent\u00e9 l\u2019association et ses objectifs.\" \/>\n<meta property=\"og:url\" content=\"https:\/\/www.latribunedufaso.net\/?p=3299\" \/>\n<meta property=\"og:site_name\" content=\"La Tribune du Faso\" \/>\n<meta property=\"article:publisher\" content=\"https:\/\/www.facebook.com\/LatribuneduFaso\/\" \/>\n<meta property=\"article:published_time\" content=\"2021-05-24T10:08:45+00:00\" \/>\n<meta property=\"og:image\" content=\"https:\/\/latribunedufaso.net\/wp-content\/uploads\/2021\/05\/IMG-20210524-WA0004.jpg\" \/>\n\t<meta property=\"og:image:width\" content=\"1040\" \/>\n\t<meta property=\"og:image:height\" content=\"468\" \/>\n\t<meta property=\"og:image:type\" content=\"image\/jpeg\" \/>\n<meta name=\"author\" content=\"Administrateur\" \/>\n<meta name=\"twitter:label1\" content=\"\u00c9crit par\" \/>\n\t<meta name=\"twitter:data1\" content=\"Administrateur\" \/>\n\t<meta name=\"twitter:label2\" content=\"Dur\u00e9e de lecture estim\u00e9e\" \/>\n\t<meta name=\"twitter:data2\" content=\"4 minutes\" \/>\n<script type=\"application\/ld+json\" class=\"yoast-schema-graph\">{\"@context\":\"https:\\\/\\\/schema.org\",\"@graph\":[{\"@type\":\"Article\",\"@id\":\"https:\\\/\\\/www.latribunedufaso.net\\\/?p=3299#article\",\"isPartOf\":{\"@id\":\"https:\\\/\\\/www.latribunedufaso.net\\\/?p=3299\"},\"author\":{\"name\":\"Administrateur\",\"@id\":\"https:\\\/\\\/www.latribunedufaso.net\\\/#\\\/schema\\\/person\\\/a380782d0605bb8aae27c40ea93b35b1\"},\"headline\":\"S\u00e9curit\u00e9 routi\u00e8re : \u00ab La moto, ce n\u2019est pas la voyoucratie&#8230;\u00bb, Gaston Demb\u00e9l\u00e9, pr\u00e9sident de l\u2019association des motards du Faso\",\"datePublished\":\"2021-05-24T10:08:45+00:00\",\"mainEntityOfPage\":{\"@id\":\"https:\\\/\\\/www.latribunedufaso.net\\\/?p=3299\"},\"wordCount\":746,\"commentCount\":0,\"publisher\":{\"@id\":\"https:\\\/\\\/www.latribunedufaso.net\\\/#organization\"},\"image\":{\"@id\":\"https:\\\/\\\/www.latribunedufaso.net\\\/?p=3299#primaryimage\"},\"thumbnailUrl\":\"https:\\\/\\\/www.latribunedufaso.net\\\/wp-content\\\/uploads\\\/2021\\\/05\\\/IMG-20210524-WA0004.jpg\",\"articleSection\":[\"A la une\",\"Actualit\u00e9\",\"S\u00e9curit\u00e9 routi\u00e8re\"],\"inLanguage\":\"fr-FR\",\"potentialAction\":[{\"@type\":\"CommentAction\",\"name\":\"Comment\",\"target\":[\"https:\\\/\\\/www.latribunedufaso.net\\\/?p=3299#respond\"]}]},{\"@type\":\"WebPage\",\"@id\":\"https:\\\/\\\/www.latribunedufaso.net\\\/?p=3299\",\"url\":\"https:\\\/\\\/www.latribunedufaso.net\\\/?p=3299\",\"name\":\"S\u00e9curit\u00e9 routi\u00e8re : \u00ab La moto, ce n\u2019est pas la voyoucratie...\u00bb, Gaston Demb\u00e9l\u00e9, pr\u00e9sident de l\u2019association des motards du Faso - La Tribune du Faso\",\"isPartOf\":{\"@id\":\"https:\\\/\\\/www.latribunedufaso.net\\\/#website\"},\"primaryImageOfPage\":{\"@id\":\"https:\\\/\\\/www.latribunedufaso.net\\\/?p=3299#primaryimage\"},\"image\":{\"@id\":\"https:\\\/\\\/www.latribunedufaso.net\\\/?p=3299#primaryimage\"},\"thumbnailUrl\":\"https:\\\/\\\/www.latribunedufaso.net\\\/wp-content\\\/uploads\\\/2021\\\/05\\\/IMG-20210524-WA0004.jpg\",\"datePublished\":\"2021-05-24T10:08:45+00:00\",\"breadcrumb\":{\"@id\":\"https:\\\/\\\/www.latribunedufaso.net\\\/?p=3299#breadcrumb\"},\"inLanguage\":\"fr-FR\",\"potentialAction\":[{\"@type\":\"ReadAction\",\"target\":[\"https:\\\/\\\/www.latribunedufaso.net\\\/?p=3299\"]}]},{\"@type\":\"ImageObject\",\"inLanguage\":\"fr-FR\",\"@id\":\"https:\\\/\\\/www.latribunedufaso.net\\\/?p=3299#primaryimage\",\"url\":\"https:\\\/\\\/www.latribunedufaso.net\\\/wp-content\\\/uploads\\\/2021\\\/05\\\/IMG-20210524-WA0004.jpg\",\"contentUrl\":\"https:\\\/\\\/www.latribunedufaso.net\\\/wp-content\\\/uploads\\\/2021\\\/05\\\/IMG-20210524-WA0004.jpg\",\"width\":1040,\"height\":468},{\"@type\":\"BreadcrumbList\",\"@id\":\"https:\\\/\\\/www.latribunedufaso.net\\\/?p=3299#breadcrumb\",\"itemListElement\":[{\"@type\":\"ListItem\",\"position\":1,\"name\":\"Accueil\",\"item\":\"https:\\\/\\\/www.latribunedufaso.net\\\/\"},{\"@type\":\"ListItem\",\"position\":2,\"name\":\"S\u00e9curit\u00e9 routi\u00e8re : \u00ab La moto, ce n\u2019est pas la voyoucratie&#8230;\u00bb, Gaston Demb\u00e9l\u00e9, pr\u00e9sident de l\u2019association des motards du Faso\"}]},{\"@type\":\"WebSite\",\"@id\":\"https:\\\/\\\/www.latribunedufaso.net\\\/#website\",\"url\":\"https:\\\/\\\/www.latribunedufaso.net\\\/\",\"name\":\"La Tribune du Faso\",\"description\":\"L&#039;information du monde rural en un clic\",\"publisher\":{\"@id\":\"https:\\\/\\\/www.latribunedufaso.net\\\/#organization\"},\"potentialAction\":[{\"@type\":\"SearchAction\",\"target\":{\"@type\":\"EntryPoint\",\"urlTemplate\":\"https:\\\/\\\/www.latribunedufaso.net\\\/?s={search_term_string}\"},\"query-input\":{\"@type\":\"PropertyValueSpecification\",\"valueRequired\":true,\"valueName\":\"search_term_string\"}}],\"inLanguage\":\"fr-FR\"},{\"@type\":\"Organization\",\"@id\":\"https:\\\/\\\/www.latribunedufaso.net\\\/#organization\",\"name\":\"La Tribune du Faso\",\"url\":\"https:\\\/\\\/www.latribunedufaso.net\\\/\",\"logo\":{\"@type\":\"ImageObject\",\"inLanguage\":\"fr-FR\",\"@id\":\"https:\\\/\\\/www.latribunedufaso.net\\\/#\\\/schema\\\/logo\\\/image\\\/\",\"url\":\"https:\\\/\\\/www.latribunedufaso.net\\\/wp-content\\\/uploads\\\/2020\\\/08\\\/Logo-Tribune-du-Faso-final-scaled.jpg\",\"contentUrl\":\"https:\\\/\\\/www.latribunedufaso.net\\\/wp-content\\\/uploads\\\/2020\\\/08\\\/Logo-Tribune-du-Faso-final-scaled.jpg\",\"width\":2560,\"height\":1856,\"caption\":\"La Tribune du Faso\"},\"image\":{\"@id\":\"https:\\\/\\\/www.latribunedufaso.net\\\/#\\\/schema\\\/logo\\\/image\\\/\"},\"sameAs\":[\"https:\\\/\\\/www.facebook.com\\\/LatribuneduFaso\\\/\"]},{\"@type\":\"Person\",\"@id\":\"https:\\\/\\\/www.latribunedufaso.net\\\/#\\\/schema\\\/person\\\/a380782d0605bb8aae27c40ea93b35b1\",\"name\":\"Administrateur\",\"image\":{\"@type\":\"ImageObject\",\"inLanguage\":\"fr-FR\",\"@id\":\"https:\\\/\\\/secure.gravatar.com\\\/avatar\\\/e20266f97d741f0e80ba1f60283074a9b3317fd7bfb727e0d95b51dafbf854a1?s=96&d=mm&r=g\",\"url\":\"https:\\\/\\\/secure.gravatar.com\\\/avatar\\\/e20266f97d741f0e80ba1f60283074a9b3317fd7bfb727e0d95b51dafbf854a1?s=96&d=mm&r=g\",\"contentUrl\":\"https:\\\/\\\/secure.gravatar.com\\\/avatar\\\/e20266f97d741f0e80ba1f60283074a9b3317fd7bfb727e0d95b51dafbf854a1?s=96&d=mm&r=g\",\"caption\":\"Administrateur\"},\"url\":\"https:\\\/\\\/www.latribunedufaso.net\\\/?author=2\"}]}<\/script>\n<!-- \/ Yoast SEO plugin. -->","yoast_head_json":{"title":"S\u00e9curit\u00e9 routi\u00e8re : \u00ab La moto, ce n\u2019est pas la voyoucratie...\u00bb, Gaston Demb\u00e9l\u00e9, pr\u00e9sident de l\u2019association des motards du Faso - La Tribune du Faso","robots":{"index":"index","follow":"follow","max-snippet":"max-snippet:-1","max-image-preview":"max-image-preview:large","max-video-preview":"max-video-preview:-1"},"canonical":"https:\/\/www.latribunedufaso.net\/?p=3299","og_locale":"fr_FR","og_type":"article","og_title":"S\u00e9curit\u00e9 routi\u00e8re : \u00ab La moto, ce n\u2019est pas la voyoucratie...\u00bb, Gaston Demb\u00e9l\u00e9, pr\u00e9sident de l\u2019association des motards du Faso - La Tribune du Faso","og_description":"Dans l\u2019objectif de remercier ses partenaires, l\u2019association des motards du Faso a organis\u00e9 un diner gala dans la nuit du samedi 22 mai 2021 \u00e0 Ouagadougou. Au-del\u00e0 de ce diner gala de remerciements, le pr\u00e9sident de l\u2019association des motards du Faso, Gaston Demb\u00e9l\u00e9, a pr\u00e9sent\u00e9 l\u2019association et ses objectifs.","og_url":"https:\/\/www.latribunedufaso.net\/?p=3299","og_site_name":"La Tribune du Faso","article_publisher":"https:\/\/www.facebook.com\/LatribuneduFaso\/","article_published_time":"2021-05-24T10:08:45+00:00","og_image":[{"width":1040,"height":468,"url":"https:\/\/latribunedufaso.net\/wp-content\/uploads\/2021\/05\/IMG-20210524-WA0004.jpg","type":"image\/jpeg"}],"author":"Administrateur","twitter_misc":{"\u00c9crit par":"Administrateur","Dur\u00e9e de lecture estim\u00e9e":"4 minutes"},"schema":{"@context":"https:\/\/schema.org","@graph":[{"@type":"Article","@id":"https:\/\/www.latribunedufaso.net\/?p=3299#article","isPartOf":{"@id":"https:\/\/www.latribunedufaso.net\/?p=3299"},"author":{"name":"Administrateur","@id":"https:\/\/www.latribunedufaso.net\/#\/schema\/person\/a380782d0605bb8aae27c40ea93b35b1"},"headline":"S\u00e9curit\u00e9 routi\u00e8re : \u00ab La moto, ce n\u2019est pas la voyoucratie&#8230;\u00bb, Gaston Demb\u00e9l\u00e9, pr\u00e9sident de l\u2019association des motards du Faso","datePublished":"2021-05-24T10:08:45+00:00","mainEntityOfPage":{"@id":"https:\/\/www.latribunedufaso.net\/?p=3299"},"wordCount":746,"commentCount":0,"publisher":{"@id":"https:\/\/www.latribunedufaso.net\/#organization"},"image":{"@id":"https:\/\/www.latribunedufaso.net\/?p=3299#primaryimage"},"thumbnailUrl":"https:\/\/www.latribunedufaso.net\/wp-content\/uploads\/2021\/05\/IMG-20210524-WA0004.jpg","articleSection":["A la une","Actualit\u00e9","S\u00e9curit\u00e9 routi\u00e8re"],"inLanguage":"fr-FR","potentialAction":[{"@type":"CommentAction","name":"Comment","target":["https:\/\/www.latribunedufaso.net\/?p=3299#respond"]}]},{"@type":"WebPage","@id":"https:\/\/www.latribunedufaso.net\/?p=3299","url":"https:\/\/www.latribunedufaso.net\/?p=3299","name":"S\u00e9curit\u00e9 routi\u00e8re : \u00ab La moto, ce n\u2019est pas la voyoucratie...\u00bb, Gaston Demb\u00e9l\u00e9, pr\u00e9sident de l\u2019association des motards du Faso - La Tribune du Faso","isPartOf":{"@id":"https:\/\/www.latribunedufaso.net\/#website"},"primaryImageOfPage":{"@id":"https:\/\/www.latribunedufaso.net\/?p=3299#primaryimage"},"image":{"@id":"https:\/\/www.latribunedufaso.net\/?p=3299#primaryimage"},"thumbnailUrl":"https:\/\/www.latribunedufaso.net\/wp-content\/uploads\/2021\/05\/IMG-20210524-WA0004.jpg","datePublished":"2021-05-24T10:08:45+00:00","breadcrumb":{"@id":"https:\/\/www.latribunedufaso.net\/?p=3299#breadcrumb"},"inLanguage":"fr-FR","potentialAction":[{"@type":"ReadAction","target":["https:\/\/www.latribunedufaso.net\/?p=3299"]}]},{"@type":"ImageObject","inLanguage":"fr-FR","@id":"https:\/\/www.latribunedufaso.net\/?p=3299#primaryimage","url":"https:\/\/www.latribunedufaso.net\/wp-content\/uploads\/2021\/05\/IMG-20210524-WA0004.jpg","contentUrl":"https:\/\/www.latribunedufaso.net\/wp-content\/uploads\/2021\/05\/IMG-20210524-WA0004.jpg","width":1040,"height":468},{"@type":"BreadcrumbList","@id":"https:\/\/www.latribunedufaso.net\/?p=3299#breadcrumb","itemListElement":[{"@type":"ListItem","position":1,"name":"Accueil","item":"https:\/\/www.latribunedufaso.net\/"},{"@type":"ListItem","position":2,"name":"S\u00e9curit\u00e9 routi\u00e8re : \u00ab La moto, ce n\u2019est pas la voyoucratie&#8230;\u00bb, Gaston Demb\u00e9l\u00e9, pr\u00e9sident de l\u2019association des motards du Faso"}]},{"@type":"WebSite","@id":"https:\/\/www.latribunedufaso.net\/#website","url":"https:\/\/www.latribunedufaso.net\/","name":"La Tribune du Faso","description":"L&#039;information du monde rural en un clic","publisher":{"@id":"https:\/\/www.latribunedufaso.net\/#organization"},"potentialAction":[{"@type":"SearchAction","target":{"@type":"EntryPoint","urlTemplate":"https:\/\/www.latribunedufaso.net\/?s={search_term_string}"},"query-input":{"@type":"PropertyValueSpecification","valueRequired":true,"valueName":"search_term_string"}}],"inLanguage":"fr-FR"},{"@type":"Organization","@id":"https:\/\/www.latribunedufaso.net\/#organization","name":"La Tribune du Faso","url":"https:\/\/www.latribunedufaso.net\/","logo":{"@type":"ImageObject","inLanguage":"fr-FR","@id":"https:\/\/www.latribunedufaso.net\/#\/schema\/logo\/image\/","url":"https:\/\/www.latribunedufaso.net\/wp-content\/uploads\/2020\/08\/Logo-Tribune-du-Faso-final-scaled.jpg","contentUrl":"https:\/\/www.latribunedufaso.net\/wp-content\/uploads\/2020\/08\/Logo-Tribune-du-Faso-final-scaled.jpg","width":2560,"height":1856,"caption":"La Tribune du Faso"},"image":{"@id":"https:\/\/www.latribunedufaso.net\/#\/schema\/logo\/image\/"},"sameAs":["https:\/\/www.facebook.com\/LatribuneduFaso\/"]},{"@type":"Person","@id":"https:\/\/www.latribunedufaso.net\/#\/schema\/person\/a380782d0605bb8aae27c40ea93b35b1","name":"Administrateur","image":{"@type":"ImageObject","inLanguage":"fr-FR","@id":"https:\/\/secure.gravatar.com\/avatar\/e20266f97d741f0e80ba1f60283074a9b3317fd7bfb727e0d95b51dafbf854a1?s=96&d=mm&r=g","url":"https:\/\/secure.gravatar.com\/avatar\/e20266f97d741f0e80ba1f60283074a9b3317fd7bfb727e0d95b51dafbf854a1?s=96&d=mm&r=g","contentUrl":"https:\/\/secure.gravatar.com\/avatar\/e20266f97d741f0e80ba1f60283074a9b3317fd7bfb727e0d95b51dafbf854a1?s=96&d=mm&r=g","caption":"Administrateur"},"url":"https:\/\/www.latribunedufaso.net\/?author=2"}]}},"_links":{"self":[{"href":"https:\/\/www.latribunedufaso.net\/index.php?rest_route=\/wp\/v2\/posts\/3299","targetHints":{"allow":["GET"]}}],"collection":[{"href":"https:\/\/www.latribunedufaso.net\/index.php?rest_route=\/wp\/v2\/posts"}],"about":[{"href":"https:\/\/www.latribunedufaso.net\/index.php?rest_route=\/wp\/v2\/types\/post"}],"author":[{"embeddable":true,"href":"https:\/\/www.latribunedufaso.net\/index.php?rest_route=\/wp\/v2\/users\/2"}],"replies":[{"embeddable":true,"href":"https:\/\/www.latribunedufaso.net\/index.php?rest_route=%2Fwp%2Fv2%2Fcomments&post=3299"}],"version-history":[{"count":1,"href":"https:\/\/www.latribunedufaso.net\/index.php?rest_route=\/wp\/v2\/posts\/3299\/revisions"}],"predecessor-version":[{"id":3307,"href":"https:\/\/www.latribunedufaso.net\/index.php?rest_route=\/wp\/v2\/posts\/3299\/revisions\/3307"}],"wp:featuredmedia":[{"embeddable":true,"href":"https:\/\/www.latribunedufaso.net\/index.php?rest_route=\/wp\/v2\/media\/3301"}],"wp:attachment":[{"href":"https:\/\/www.latribunedufaso.net\/index.php?rest_route=%2Fwp%2Fv2%2Fmedia&parent=3299"}],"wp:term":[{"taxonomy":"category","embeddable":true,"href":"https:\/\/www.latribunedufaso.net\/index.php?rest_route=%2Fwp%2Fv2%2Fcategories&post=3299"},{"taxonomy":"post_tag","embeddable":true,"href":"https:\/\/www.latribunedufaso.net\/index.php?rest_route=%2Fwp%2Fv2%2Ftags&post=3299"}],"curies":[{"name":"wp","href":"https:\/\/api.w.org\/{rel}","templated":true}]}}