{"id":3260,"date":"2021-05-10T12:52:03","date_gmt":"2021-05-10T12:52:03","guid":{"rendered":"https:\/\/www.latribunedufaso.net\/?p=3260"},"modified":"2021-05-17T12:10:20","modified_gmt":"2021-05-17T12:10:20","slug":"arrondissement-6-de-ouagadougou-des-riverains-se-prononcent-sur-la-gestion-du-maire","status":"publish","type":"post","link":"https:\/\/www.latribunedufaso.net\/?p=3260","title":{"rendered":"Arrondissement 6 de Ouagadougou\u00a0: Des riverains se prononcent sur la gestion du maire"},"content":{"rendered":"<p><strong>Votre m\u00e9dia en ligne, \u00ab\u00a0latribunedufaso.net\u00a0\u00bb, en vue des municipales de 2022, a d\u00e9cid\u00e9, \u00e0 travers la rubrique \u2018\u2019En route pour les municipales\u2019\u2019, de donner la parole aux populations (gouvernants, gouvern\u00e9s) afin qu\u2019elles donnent leurs avis<\/strong> <strong>sur la vie et la gestion de nos communes et arrondissements. Pour un premier exercice, des riverains de l\u2019arrondissement 6 de la ville de Ouagadougou se prononcent sur la gestion du maire Jean Nacoulma (\u00e0 la t\u00eate de la mairie depuis 2016). Lisez\u00a0!<\/strong><!--more--><\/p>\n<p><strong><a href=\"https:\/\/latribunedufaso.net\/wp-content\/uploads\/2021\/05\/IMG-20210510-WA0008.jpg\"><img loading=\"lazy\" decoding=\"async\" class=\" wp-image-3264 aligncenter\" src=\"https:\/\/latribunedufaso.net\/wp-content\/uploads\/2021\/05\/IMG-20210510-WA0008-300x135.jpg\" alt=\"\" width=\"480\" height=\"216\" srcset=\"https:\/\/www.latribunedufaso.net\/wp-content\/uploads\/2021\/05\/IMG-20210510-WA0008-300x135.jpg 300w, https:\/\/www.latribunedufaso.net\/wp-content\/uploads\/2021\/05\/IMG-20210510-WA0008-1024x461.jpg 1024w, https:\/\/www.latribunedufaso.net\/wp-content\/uploads\/2021\/05\/IMG-20210510-WA0008-768x346.jpg 768w, https:\/\/www.latribunedufaso.net\/wp-content\/uploads\/2021\/05\/IMG-20210510-WA0008.jpg 1040w\" sizes=\"auto, (max-width: 480px) 100vw, 480px\" \/><\/a><\/strong><\/p>\n<p><strong>Roland Kononbo, couturier\u00a0: <\/strong><em>\u00ab\u00a0Honn\u00eatement, il n\u2019y a pas de grand changement dans la gestion de l\u2019arrondissement. Il y a peut-\u00eatre le plateau <\/em>(r\u00e9novation du plateau ndlr)<em> ; \u00e7a aussi, dans les normes, c\u2019est une chose d\u00e9j\u00e0 faite, mais comme c\u2019est \u00e0 mettre \u00e0 leur actif on ne peut que les remercier pour \u00e7a. Tous les candidats \u00e0 la municipalit\u00e9 savent ce qui est bien pour la population, mais ils ne le font pas.\u00a0<\/em>\u00bb<\/p>\n<p>&nbsp;<\/p>\n<p><strong>L.N, m\u00e9nag\u00e8re\u00a0:<\/strong> <em>\u00ab\u00a0Ce que nous voulons, c\u2019est qu\u2019ils construisent notre mairie d\u2019abord. On ne peut pas choisir un terrain et louer un local pour la mairie, ce n\u2019est pas normal. Il n\u2019y pas eu de changement pour ce mandat dans la l\u2019arrondissement. Il faut revoir les routes. \u00bb<\/em><\/p>\n<p><em> <a href=\"https:\/\/latribunedufaso.net\/wp-content\/uploads\/2021\/05\/IMG-20210510-WA0007.jpg\"><img loading=\"lazy\" decoding=\"async\" class=\" wp-image-3261 aligncenter\" src=\"https:\/\/latribunedufaso.net\/wp-content\/uploads\/2021\/05\/IMG-20210510-WA0007-300x135.jpg\" alt=\"\" width=\"480\" height=\"216\" srcset=\"https:\/\/www.latribunedufaso.net\/wp-content\/uploads\/2021\/05\/IMG-20210510-WA0007-300x135.jpg 300w, https:\/\/www.latribunedufaso.net\/wp-content\/uploads\/2021\/05\/IMG-20210510-WA0007-1024x461.jpg 1024w, https:\/\/www.latribunedufaso.net\/wp-content\/uploads\/2021\/05\/IMG-20210510-WA0007-768x346.jpg 768w, https:\/\/www.latribunedufaso.net\/wp-content\/uploads\/2021\/05\/IMG-20210510-WA0007.jpg 1040w\" sizes=\"auto, (max-width: 480px) 100vw, 480px\" \/><\/a><\/em><\/p>\n<p><strong>Az\u00e8ta Ouangrawa, vendeuse de l\u00e9gume\u00a0:<\/strong> <em>\u00ab\u00a0On voudrait bien le d\u00e9veloppement de notre arrondissement. On est pr\u00eat \u00e0 accompagner ceux qui vont vouloir travailler pour \u00e7a. On veut que lors du prochain mandat, que le maire accompagne les id\u00e9es des jeunes.\u00a0 Il y a des choses qu\u2019on apprend apr\u00e8s, quand c\u2019est d\u00e9j\u00e0 pass\u00e9 ; on veut que tout cela change.\u00a0\u00bb<\/em><\/p>\n<p>&nbsp;<\/p>\n<p><strong>B.I, couturi\u00e8re<\/strong>\u00a0: \u00a0<em>\u00ab\u00a0Pour moi, il faut revoir les foss\u00e9s\u00a0; il n\u2019y a pas d\u2019entretien. S\u2019il y a la pluie, \u00e7a va un peu. Sinon, en saison s\u00e8che, c\u2019est compliqu\u00e9. On ne respire que l\u2019odeur naus\u00e9abonde que d\u00e9gagent les foss\u00e9s. Les g\u00e9rants de restaurant et les cours environnantes jettent leurs eaux us\u00e9es dans les foss\u00e9s. Il faut que l\u2019autorit\u00e9 communale fasse quelque chose, car ces odeurs et moustiques qui proviennent des foss\u00e9s sont \u00e0 la base de nombreuses maladies.\u00a0\u00bb<\/em><\/p>\n<p><strong> <a href=\"https:\/\/latribunedufaso.net\/wp-content\/uploads\/2021\/05\/IMG-20210510-WA0009.jpg\"><img loading=\"lazy\" decoding=\"async\" class=\" wp-image-3263 aligncenter\" src=\"https:\/\/latribunedufaso.net\/wp-content\/uploads\/2021\/05\/IMG-20210510-WA0009-300x135.jpg\" alt=\"\" width=\"480\" height=\"216\" srcset=\"https:\/\/www.latribunedufaso.net\/wp-content\/uploads\/2021\/05\/IMG-20210510-WA0009-300x135.jpg 300w, https:\/\/www.latribunedufaso.net\/wp-content\/uploads\/2021\/05\/IMG-20210510-WA0009-1024x461.jpg 1024w, https:\/\/www.latribunedufaso.net\/wp-content\/uploads\/2021\/05\/IMG-20210510-WA0009-768x346.jpg 768w, https:\/\/www.latribunedufaso.net\/wp-content\/uploads\/2021\/05\/IMG-20210510-WA0009.jpg 1040w\" sizes=\"auto, (max-width: 480px) 100vw, 480px\" \/><\/a><\/strong><\/p>\n<p><strong>Philipe Ilboudo, commer\u00e7ant<\/strong>\u00a0: <em>\u00ab\u00a0Depuis qu\u2019il est \u00e0 la t\u00eate de la mairie, \u00e0 mon avis, \u00e7a va. S\u2019il y a un probl\u00e8me et il est inform\u00e9, il se rend sur les lieux avec son \u00e9quipe pour voir ce qu\u2019ils peuvent faire. Notre attente est qu\u2019il songe aux commer\u00e7ants au bord de la voie. Souvent, il y a des dons de riz, huile (vivres ndlr) pour les pauvres \u00e0 la mairie, mais on voit des gens qui ont les moyens et qui viennent les chercher avec des v\u00e9hicules pendant que les pauvres ne gagnent rien. Les pauvres ne demandent pas qu\u2019on les rendent riches, c\u2019est juste le minimum qu\u2019ils veulent.\u00a0\u00bb<\/em><\/p>\n<p>&nbsp;<\/p>\n<p><strong>A.O, commer\u00e7ante\u00a0:<\/strong> <em>\u00ab\u00a0Nous voulons que la mairie se penche sur notre cas. Nous, commer\u00e7antes, au bord de la voie, on veut bien construire et am\u00e9nager pour avoir plus d\u2019argent, mais c\u2019est compliqu\u00e9. Souvent, la police municipale donne des avertissements par rapport \u00e0 notre occupation, mais on ne sait pas o\u00f9 aller et on est toujours l\u00e0.\u00a0\u00bb<\/em><\/p>\n<p><a href=\"https:\/\/latribunedufaso.net\/wp-content\/uploads\/2021\/05\/IMG-20210510-WA0006.jpg\"><img loading=\"lazy\" decoding=\"async\" class=\" wp-image-3262 aligncenter\" src=\"https:\/\/latribunedufaso.net\/wp-content\/uploads\/2021\/05\/IMG-20210510-WA0006-300x135.jpg\" alt=\"\" width=\"477\" height=\"215\" srcset=\"https:\/\/www.latribunedufaso.net\/wp-content\/uploads\/2021\/05\/IMG-20210510-WA0006-300x135.jpg 300w, https:\/\/www.latribunedufaso.net\/wp-content\/uploads\/2021\/05\/IMG-20210510-WA0006-1024x461.jpg 1024w, https:\/\/www.latribunedufaso.net\/wp-content\/uploads\/2021\/05\/IMG-20210510-WA0006-768x346.jpg 768w, https:\/\/www.latribunedufaso.net\/wp-content\/uploads\/2021\/05\/IMG-20210510-WA0006.jpg 1040w\" sizes=\"auto, (max-width: 477px) 100vw, 477px\" \/><\/a><\/p>\n<p><strong>Idrissa Dianda, soudeur<\/strong>\u00a0: <em>\u00ab On n\u2019est vraiment pas satisfait de la gestion de l\u2019arrondissement. Sur le plan de l\u2019hygi\u00e8ne, on voit qu\u2019il n\u2019y a v\u00e9ritablement pas d\u2019entretien. Les foss\u00e9s ne sont pas entretenus, et \u00e0 chaque pluie, il y a des d\u00e9g\u00e2ts. Il y avait un soudeur qui a fini par d\u00e9m\u00e9nager pour ces raisons-l\u00e0. Il d\u00e9pensait pratiquement 175 000 F CFA pour curer le foss\u00e9. N\u2019eut \u00e9t\u00e9 la pluie d\u2019hier soir (jeudi 6 mai 2021), les foss\u00e9s \u00e9taient quasiment plein de d\u00e9chet. Il y a aussi les questions de suivi des domaines publics. Il y a un terrain o\u00f9 les \u00e9l\u00e8ves font leurs cours pratiques d\u2019\u00c9ducation physique et sportive (EPS). Souvent, l\u2019autorit\u00e9 municipale donne l\u2019autorisation \u00e0 des gens pour qu\u2019ils\u00a0 organisent des foires sur le m\u00eame terrain. Le probl\u00e8me est qu\u2019apr\u00e8s leur d\u00e9part, on constate des os, des tessons de bouteilles et plein d\u2019autres objets qui blessent les \u00e9l\u00e8ves. Nous nous sommes plaints en vain depuis son arriv\u00e9e (du maire ndlr) \u00e0 la t\u00eate de l\u2019arrondissement 6, mais rien ne bouge \u00e0 notre niveau.\u00a0 \u00c0 moins qu\u2019il ait un autre plan de d\u00e9veloppement, que nous ignorons. Il devrait changer sa mani\u00e8re. Ce n\u2019est que quand il s\u2019agit de c\u00e9l\u00e9brations de mariage, manifestations et c\u00e9r\u00e9monie que nous savons que c\u2019est Nacoulma (le maire ndlr) qui est \u00e0 la t\u00eate de notre mairie. On ne le voit jamais dans l\u2019arrondissement en train de vouloir s\u2019acqu\u00e9rir des nouvelles de la cit\u00e9. La mairie, ce n\u2019est pas pour le nom. \u00c0 l\u2019\u00e9poque, l\u2019ex maire de la commune de Ouagadougou, Simon Compaor\u00e9, venait ici \u00e0 Pissy dans l\u2019arrondissement 6 pour voir la gestion de l\u2019hygi\u00e8ne et m\u00eame sensibiliser les riverains. Nos attentes sont que le prochain maire se penche tr\u00e8s s\u00e9rieusement sur la question de l\u2019hygi\u00e8ne et de l\u2019assainissement. C\u2019est une question qui nous tient \u00e0 c\u0153ur. On peut mettre des dalles pour les couvrir (les caniveaux ndlr) ; si c\u2019est ferm\u00e9, personne ne pourra jeter des ordures \u00e0 l\u2019int\u00e9rieur. Il y a aussi la question des lampadaires qui ne s\u2019allument plus. \u00bb<\/em><\/p>\n<p><strong>Par Tiba Kassamse Ou\u00e9draogo<\/strong><\/p>\n<p><strong>Latribunedufaso.net <\/strong><\/p>\n","protected":false},"excerpt":{"rendered":"<p>Votre m\u00e9dia en ligne, \u00ab\u00a0latribunedufaso.net\u00a0\u00bb, en vue des municipales de 2022, a d\u00e9cid\u00e9, \u00e0 travers la rubrique \u2018\u2019En route pour les municipales\u2019\u2019, de donner la parole aux populations (gouvernants, gouvern\u00e9s) afin qu\u2019elles donnent leurs avis sur la vie et la gestion de nos communes et arrondissements. Pour un premier exercice, des riverains de l\u2019arrondissement 6 de la ville de Ouagadougou se prononcent sur la gestion du maire Jean Nacoulma (\u00e0 la t\u00eate de la mairie depuis 2016). Lisez\u00a0!<\/p>\n","protected":false},"author":2,"featured_media":3265,"comment_status":"open","ping_status":"open","sticky":false,"template":"","format":"standard","meta":{"footnotes":""},"categories":[13,1,26,27],"tags":[],"class_list":["post-3260","post","type-post","status-publish","format-standard","has-post-thumbnail","hentry","category-une","category-actu","category-elections-couplees-novembre-2020","category-en-route-pour-les-municipales"],"yoast_head":"<!-- This site is optimized with the Yoast SEO plugin v27.5 - https:\/\/yoast.com\/product\/yoast-seo-wordpress\/ -->\n<title>Arrondissement 6 de Ouagadougou\u00a0: Des riverains se prononcent sur la gestion du maire - La Tribune du Faso<\/title>\n<meta name=\"robots\" content=\"index, follow, max-snippet:-1, max-image-preview:large, max-video-preview:-1\" \/>\n<link rel=\"canonical\" href=\"https:\/\/www.latribunedufaso.net\/?p=3260\" \/>\n<meta property=\"og:locale\" content=\"fr_FR\" \/>\n<meta property=\"og:type\" content=\"article\" \/>\n<meta property=\"og:title\" content=\"Arrondissement 6 de Ouagadougou\u00a0: Des riverains se prononcent sur la gestion du maire - La Tribune du Faso\" \/>\n<meta property=\"og:description\" content=\"Votre m\u00e9dia en ligne, \u00ab\u00a0latribunedufaso.net\u00a0\u00bb, en vue des municipales de 2022, a d\u00e9cid\u00e9, \u00e0 travers la rubrique \u2018\u2019En route pour les municipales\u2019\u2019, de donner la parole aux populations (gouvernants, gouvern\u00e9s) afin qu\u2019elles donnent leurs avis sur la vie et la gestion de nos communes et arrondissements. Pour un premier exercice, des riverains de l\u2019arrondissement 6 de la ville de Ouagadougou se prononcent sur la gestion du maire Jean Nacoulma (\u00e0 la t\u00eate de la mairie depuis 2016). Lisez\u00a0!\" \/>\n<meta property=\"og:url\" content=\"https:\/\/www.latribunedufaso.net\/?p=3260\" \/>\n<meta property=\"og:site_name\" content=\"La Tribune du Faso\" \/>\n<meta property=\"article:publisher\" content=\"https:\/\/www.facebook.com\/LatribuneduFaso\/\" \/>\n<meta property=\"article:published_time\" content=\"2021-05-10T12:52:03+00:00\" \/>\n<meta property=\"article:modified_time\" content=\"2021-05-17T12:10:20+00:00\" \/>\n<meta property=\"og:image\" content=\"https:\/\/latribunedufaso.net\/wp-content\/uploads\/2021\/05\/PicsArt_05-10-11.23.35-scaled.jpg\" \/>\n\t<meta property=\"og:image:width\" content=\"2560\" \/>\n\t<meta property=\"og:image:height\" content=\"2560\" \/>\n\t<meta property=\"og:image:type\" content=\"image\/jpeg\" \/>\n<meta name=\"author\" content=\"Administrateur\" \/>\n<meta name=\"twitter:label1\" content=\"\u00c9crit par\" \/>\n\t<meta name=\"twitter:data1\" content=\"Administrateur\" \/>\n\t<meta name=\"twitter:label2\" content=\"Dur\u00e9e de lecture estim\u00e9e\" \/>\n\t<meta name=\"twitter:data2\" content=\"5 minutes\" \/>\n<script type=\"application\/ld+json\" class=\"yoast-schema-graph\">{\"@context\":\"https:\\\/\\\/schema.org\",\"@graph\":[{\"@type\":\"Article\",\"@id\":\"https:\\\/\\\/www.latribunedufaso.net\\\/?p=3260#article\",\"isPartOf\":{\"@id\":\"https:\\\/\\\/www.latribunedufaso.net\\\/?p=3260\"},\"author\":{\"name\":\"Administrateur\",\"@id\":\"https:\\\/\\\/www.latribunedufaso.net\\\/#\\\/schema\\\/person\\\/a380782d0605bb8aae27c40ea93b35b1\"},\"headline\":\"Arrondissement 6 de Ouagadougou\u00a0: Des riverains se prononcent sur la gestion du maire\",\"datePublished\":\"2021-05-10T12:52:03+00:00\",\"dateModified\":\"2021-05-17T12:10:20+00:00\",\"mainEntityOfPage\":{\"@id\":\"https:\\\/\\\/www.latribunedufaso.net\\\/?p=3260\"},\"wordCount\":959,\"commentCount\":0,\"publisher\":{\"@id\":\"https:\\\/\\\/www.latribunedufaso.net\\\/#organization\"},\"image\":{\"@id\":\"https:\\\/\\\/www.latribunedufaso.net\\\/?p=3260#primaryimage\"},\"thumbnailUrl\":\"https:\\\/\\\/www.latribunedufaso.net\\\/wp-content\\\/uploads\\\/2021\\\/05\\\/PicsArt_05-10-11.23.35-scaled.jpg\",\"articleSection\":[\"A la une\",\"Actualit\u00e9\",\"Elections coupl\u00e9es novembre 2020\",\"En route pour les municipales\"],\"inLanguage\":\"fr-FR\",\"potentialAction\":[{\"@type\":\"CommentAction\",\"name\":\"Comment\",\"target\":[\"https:\\\/\\\/www.latribunedufaso.net\\\/?p=3260#respond\"]}]},{\"@type\":\"WebPage\",\"@id\":\"https:\\\/\\\/www.latribunedufaso.net\\\/?p=3260\",\"url\":\"https:\\\/\\\/www.latribunedufaso.net\\\/?p=3260\",\"name\":\"Arrondissement 6 de Ouagadougou\u00a0: Des riverains se prononcent sur la gestion du maire - La Tribune du Faso\",\"isPartOf\":{\"@id\":\"https:\\\/\\\/www.latribunedufaso.net\\\/#website\"},\"primaryImageOfPage\":{\"@id\":\"https:\\\/\\\/www.latribunedufaso.net\\\/?p=3260#primaryimage\"},\"image\":{\"@id\":\"https:\\\/\\\/www.latribunedufaso.net\\\/?p=3260#primaryimage\"},\"thumbnailUrl\":\"https:\\\/\\\/www.latribunedufaso.net\\\/wp-content\\\/uploads\\\/2021\\\/05\\\/PicsArt_05-10-11.23.35-scaled.jpg\",\"datePublished\":\"2021-05-10T12:52:03+00:00\",\"dateModified\":\"2021-05-17T12:10:20+00:00\",\"breadcrumb\":{\"@id\":\"https:\\\/\\\/www.latribunedufaso.net\\\/?p=3260#breadcrumb\"},\"inLanguage\":\"fr-FR\",\"potentialAction\":[{\"@type\":\"ReadAction\",\"target\":[\"https:\\\/\\\/www.latribunedufaso.net\\\/?p=3260\"]}]},{\"@type\":\"ImageObject\",\"inLanguage\":\"fr-FR\",\"@id\":\"https:\\\/\\\/www.latribunedufaso.net\\\/?p=3260#primaryimage\",\"url\":\"https:\\\/\\\/www.latribunedufaso.net\\\/wp-content\\\/uploads\\\/2021\\\/05\\\/PicsArt_05-10-11.23.35-scaled.jpg\",\"contentUrl\":\"https:\\\/\\\/www.latribunedufaso.net\\\/wp-content\\\/uploads\\\/2021\\\/05\\\/PicsArt_05-10-11.23.35-scaled.jpg\",\"width\":2560,\"height\":2560},{\"@type\":\"BreadcrumbList\",\"@id\":\"https:\\\/\\\/www.latribunedufaso.net\\\/?p=3260#breadcrumb\",\"itemListElement\":[{\"@type\":\"ListItem\",\"position\":1,\"name\":\"Accueil\",\"item\":\"https:\\\/\\\/www.latribunedufaso.net\\\/\"},{\"@type\":\"ListItem\",\"position\":2,\"name\":\"Arrondissement 6 de Ouagadougou\u00a0: Des riverains se prononcent sur la gestion du maire\"}]},{\"@type\":\"WebSite\",\"@id\":\"https:\\\/\\\/www.latribunedufaso.net\\\/#website\",\"url\":\"https:\\\/\\\/www.latribunedufaso.net\\\/\",\"name\":\"La Tribune du Faso\",\"description\":\"L&#039;information du monde rural en un clic\",\"publisher\":{\"@id\":\"https:\\\/\\\/www.latribunedufaso.net\\\/#organization\"},\"potentialAction\":[{\"@type\":\"SearchAction\",\"target\":{\"@type\":\"EntryPoint\",\"urlTemplate\":\"https:\\\/\\\/www.latribunedufaso.net\\\/?s={search_term_string}\"},\"query-input\":{\"@type\":\"PropertyValueSpecification\",\"valueRequired\":true,\"valueName\":\"search_term_string\"}}],\"inLanguage\":\"fr-FR\"},{\"@type\":\"Organization\",\"@id\":\"https:\\\/\\\/www.latribunedufaso.net\\\/#organization\",\"name\":\"La Tribune du Faso\",\"url\":\"https:\\\/\\\/www.latribunedufaso.net\\\/\",\"logo\":{\"@type\":\"ImageObject\",\"inLanguage\":\"fr-FR\",\"@id\":\"https:\\\/\\\/www.latribunedufaso.net\\\/#\\\/schema\\\/logo\\\/image\\\/\",\"url\":\"https:\\\/\\\/www.latribunedufaso.net\\\/wp-content\\\/uploads\\\/2020\\\/08\\\/Logo-Tribune-du-Faso-final-scaled.jpg\",\"contentUrl\":\"https:\\\/\\\/www.latribunedufaso.net\\\/wp-content\\\/uploads\\\/2020\\\/08\\\/Logo-Tribune-du-Faso-final-scaled.jpg\",\"width\":2560,\"height\":1856,\"caption\":\"La Tribune du Faso\"},\"image\":{\"@id\":\"https:\\\/\\\/www.latribunedufaso.net\\\/#\\\/schema\\\/logo\\\/image\\\/\"},\"sameAs\":[\"https:\\\/\\\/www.facebook.com\\\/LatribuneduFaso\\\/\"]},{\"@type\":\"Person\",\"@id\":\"https:\\\/\\\/www.latribunedufaso.net\\\/#\\\/schema\\\/person\\\/a380782d0605bb8aae27c40ea93b35b1\",\"name\":\"Administrateur\",\"image\":{\"@type\":\"ImageObject\",\"inLanguage\":\"fr-FR\",\"@id\":\"https:\\\/\\\/secure.gravatar.com\\\/avatar\\\/e20266f97d741f0e80ba1f60283074a9b3317fd7bfb727e0d95b51dafbf854a1?s=96&d=mm&r=g\",\"url\":\"https:\\\/\\\/secure.gravatar.com\\\/avatar\\\/e20266f97d741f0e80ba1f60283074a9b3317fd7bfb727e0d95b51dafbf854a1?s=96&d=mm&r=g\",\"contentUrl\":\"https:\\\/\\\/secure.gravatar.com\\\/avatar\\\/e20266f97d741f0e80ba1f60283074a9b3317fd7bfb727e0d95b51dafbf854a1?s=96&d=mm&r=g\",\"caption\":\"Administrateur\"},\"url\":\"https:\\\/\\\/www.latribunedufaso.net\\\/?author=2\"}]}<\/script>\n<!-- \/ Yoast SEO plugin. -->","yoast_head_json":{"title":"Arrondissement 6 de Ouagadougou\u00a0: Des riverains se prononcent sur la gestion du maire - La Tribune du Faso","robots":{"index":"index","follow":"follow","max-snippet":"max-snippet:-1","max-image-preview":"max-image-preview:large","max-video-preview":"max-video-preview:-1"},"canonical":"https:\/\/www.latribunedufaso.net\/?p=3260","og_locale":"fr_FR","og_type":"article","og_title":"Arrondissement 6 de Ouagadougou\u00a0: Des riverains se prononcent sur la gestion du maire - La Tribune du Faso","og_description":"Votre m\u00e9dia en ligne, \u00ab\u00a0latribunedufaso.net\u00a0\u00bb, en vue des municipales de 2022, a d\u00e9cid\u00e9, \u00e0 travers la rubrique \u2018\u2019En route pour les municipales\u2019\u2019, de donner la parole aux populations (gouvernants, gouvern\u00e9s) afin qu\u2019elles donnent leurs avis sur la vie et la gestion de nos communes et arrondissements. Pour un premier exercice, des riverains de l\u2019arrondissement 6 de la ville de Ouagadougou se prononcent sur la gestion du maire Jean Nacoulma (\u00e0 la t\u00eate de la mairie depuis 2016). Lisez\u00a0!","og_url":"https:\/\/www.latribunedufaso.net\/?p=3260","og_site_name":"La Tribune du Faso","article_publisher":"https:\/\/www.facebook.com\/LatribuneduFaso\/","article_published_time":"2021-05-10T12:52:03+00:00","article_modified_time":"2021-05-17T12:10:20+00:00","og_image":[{"width":2560,"height":2560,"url":"https:\/\/latribunedufaso.net\/wp-content\/uploads\/2021\/05\/PicsArt_05-10-11.23.35-scaled.jpg","type":"image\/jpeg"}],"author":"Administrateur","twitter_misc":{"\u00c9crit par":"Administrateur","Dur\u00e9e de lecture estim\u00e9e":"5 minutes"},"schema":{"@context":"https:\/\/schema.org","@graph":[{"@type":"Article","@id":"https:\/\/www.latribunedufaso.net\/?p=3260#article","isPartOf":{"@id":"https:\/\/www.latribunedufaso.net\/?p=3260"},"author":{"name":"Administrateur","@id":"https:\/\/www.latribunedufaso.net\/#\/schema\/person\/a380782d0605bb8aae27c40ea93b35b1"},"headline":"Arrondissement 6 de Ouagadougou\u00a0: Des riverains se prononcent sur la gestion du maire","datePublished":"2021-05-10T12:52:03+00:00","dateModified":"2021-05-17T12:10:20+00:00","mainEntityOfPage":{"@id":"https:\/\/www.latribunedufaso.net\/?p=3260"},"wordCount":959,"commentCount":0,"publisher":{"@id":"https:\/\/www.latribunedufaso.net\/#organization"},"image":{"@id":"https:\/\/www.latribunedufaso.net\/?p=3260#primaryimage"},"thumbnailUrl":"https:\/\/www.latribunedufaso.net\/wp-content\/uploads\/2021\/05\/PicsArt_05-10-11.23.35-scaled.jpg","articleSection":["A la une","Actualit\u00e9","Elections coupl\u00e9es novembre 2020","En route pour les municipales"],"inLanguage":"fr-FR","potentialAction":[{"@type":"CommentAction","name":"Comment","target":["https:\/\/www.latribunedufaso.net\/?p=3260#respond"]}]},{"@type":"WebPage","@id":"https:\/\/www.latribunedufaso.net\/?p=3260","url":"https:\/\/www.latribunedufaso.net\/?p=3260","name":"Arrondissement 6 de Ouagadougou\u00a0: Des riverains se prononcent sur la gestion du maire - La Tribune du Faso","isPartOf":{"@id":"https:\/\/www.latribunedufaso.net\/#website"},"primaryImageOfPage":{"@id":"https:\/\/www.latribunedufaso.net\/?p=3260#primaryimage"},"image":{"@id":"https:\/\/www.latribunedufaso.net\/?p=3260#primaryimage"},"thumbnailUrl":"https:\/\/www.latribunedufaso.net\/wp-content\/uploads\/2021\/05\/PicsArt_05-10-11.23.35-scaled.jpg","datePublished":"2021-05-10T12:52:03+00:00","dateModified":"2021-05-17T12:10:20+00:00","breadcrumb":{"@id":"https:\/\/www.latribunedufaso.net\/?p=3260#breadcrumb"},"inLanguage":"fr-FR","potentialAction":[{"@type":"ReadAction","target":["https:\/\/www.latribunedufaso.net\/?p=3260"]}]},{"@type":"ImageObject","inLanguage":"fr-FR","@id":"https:\/\/www.latribunedufaso.net\/?p=3260#primaryimage","url":"https:\/\/www.latribunedufaso.net\/wp-content\/uploads\/2021\/05\/PicsArt_05-10-11.23.35-scaled.jpg","contentUrl":"https:\/\/www.latribunedufaso.net\/wp-content\/uploads\/2021\/05\/PicsArt_05-10-11.23.35-scaled.jpg","width":2560,"height":2560},{"@type":"BreadcrumbList","@id":"https:\/\/www.latribunedufaso.net\/?p=3260#breadcrumb","itemListElement":[{"@type":"ListItem","position":1,"name":"Accueil","item":"https:\/\/www.latribunedufaso.net\/"},{"@type":"ListItem","position":2,"name":"Arrondissement 6 de Ouagadougou\u00a0: Des riverains se prononcent sur la gestion du maire"}]},{"@type":"WebSite","@id":"https:\/\/www.latribunedufaso.net\/#website","url":"https:\/\/www.latribunedufaso.net\/","name":"La Tribune du Faso","description":"L&#039;information du monde rural en un clic","publisher":{"@id":"https:\/\/www.latribunedufaso.net\/#organization"},"potentialAction":[{"@type":"SearchAction","target":{"@type":"EntryPoint","urlTemplate":"https:\/\/www.latribunedufaso.net\/?s={search_term_string}"},"query-input":{"@type":"PropertyValueSpecification","valueRequired":true,"valueName":"search_term_string"}}],"inLanguage":"fr-FR"},{"@type":"Organization","@id":"https:\/\/www.latribunedufaso.net\/#organization","name":"La Tribune du Faso","url":"https:\/\/www.latribunedufaso.net\/","logo":{"@type":"ImageObject","inLanguage":"fr-FR","@id":"https:\/\/www.latribunedufaso.net\/#\/schema\/logo\/image\/","url":"https:\/\/www.latribunedufaso.net\/wp-content\/uploads\/2020\/08\/Logo-Tribune-du-Faso-final-scaled.jpg","contentUrl":"https:\/\/www.latribunedufaso.net\/wp-content\/uploads\/2020\/08\/Logo-Tribune-du-Faso-final-scaled.jpg","width":2560,"height":1856,"caption":"La Tribune du Faso"},"image":{"@id":"https:\/\/www.latribunedufaso.net\/#\/schema\/logo\/image\/"},"sameAs":["https:\/\/www.facebook.com\/LatribuneduFaso\/"]},{"@type":"Person","@id":"https:\/\/www.latribunedufaso.net\/#\/schema\/person\/a380782d0605bb8aae27c40ea93b35b1","name":"Administrateur","image":{"@type":"ImageObject","inLanguage":"fr-FR","@id":"https:\/\/secure.gravatar.com\/avatar\/e20266f97d741f0e80ba1f60283074a9b3317fd7bfb727e0d95b51dafbf854a1?s=96&d=mm&r=g","url":"https:\/\/secure.gravatar.com\/avatar\/e20266f97d741f0e80ba1f60283074a9b3317fd7bfb727e0d95b51dafbf854a1?s=96&d=mm&r=g","contentUrl":"https:\/\/secure.gravatar.com\/avatar\/e20266f97d741f0e80ba1f60283074a9b3317fd7bfb727e0d95b51dafbf854a1?s=96&d=mm&r=g","caption":"Administrateur"},"url":"https:\/\/www.latribunedufaso.net\/?author=2"}]}},"_links":{"self":[{"href":"https:\/\/www.latribunedufaso.net\/index.php?rest_route=\/wp\/v2\/posts\/3260","targetHints":{"allow":["GET"]}}],"collection":[{"href":"https:\/\/www.latribunedufaso.net\/index.php?rest_route=\/wp\/v2\/posts"}],"about":[{"href":"https:\/\/www.latribunedufaso.net\/index.php?rest_route=\/wp\/v2\/types\/post"}],"author":[{"embeddable":true,"href":"https:\/\/www.latribunedufaso.net\/index.php?rest_route=\/wp\/v2\/users\/2"}],"replies":[{"embeddable":true,"href":"https:\/\/www.latribunedufaso.net\/index.php?rest_route=%2Fwp%2Fv2%2Fcomments&post=3260"}],"version-history":[{"count":1,"href":"https:\/\/www.latribunedufaso.net\/index.php?rest_route=\/wp\/v2\/posts\/3260\/revisions"}],"predecessor-version":[{"id":3266,"href":"https:\/\/www.latribunedufaso.net\/index.php?rest_route=\/wp\/v2\/posts\/3260\/revisions\/3266"}],"wp:featuredmedia":[{"embeddable":true,"href":"https:\/\/www.latribunedufaso.net\/index.php?rest_route=\/wp\/v2\/media\/3265"}],"wp:attachment":[{"href":"https:\/\/www.latribunedufaso.net\/index.php?rest_route=%2Fwp%2Fv2%2Fmedia&parent=3260"}],"wp:term":[{"taxonomy":"category","embeddable":true,"href":"https:\/\/www.latribunedufaso.net\/index.php?rest_route=%2Fwp%2Fv2%2Fcategories&post=3260"},{"taxonomy":"post_tag","embeddable":true,"href":"https:\/\/www.latribunedufaso.net\/index.php?rest_route=%2Fwp%2Fv2%2Ftags&post=3260"}],"curies":[{"name":"wp","href":"https:\/\/api.w.org\/{rel}","templated":true}]}}