{"id":31292,"date":"2026-09-04T17:59:25","date_gmt":"2026-09-04T17:59:25","guid":{"rendered":"https:\/\/www.latribunedufaso.net\/?p=31292"},"modified":"2026-09-04T17:59:25","modified_gmt":"2026-09-04T17:59:25","slug":"fin-du-projet-preca-au-burkina-faso-plus-de-96-de-taux-dexecution-et-193-000-beneficiaires-touches","status":"publish","type":"post","link":"https:\/\/www.latribunedufaso.net\/?p=31292","title":{"rendered":"Fin du Projet PReCA au Burkina Faso : Plus de 96 % de taux d&rsquo;ex\u00e9cution et 193 000 b\u00e9n\u00e9ficiaires touch\u00e9s"},"content":{"rendered":"<p><strong>Le Comit\u00e9 de pilotage du Projet de R\u00e9silience et de Comp\u00e9titivit\u00e9 Agricole (PReCA) s\u2019est r\u00e9uni en session extraordinaire, ce vendredi 04 septembre 2026 \u00e0 Ouagadougou. Deuxi\u00e8me de l\u2019ann\u00e9e 2026, cette activit\u00e9 avait pour objectif, l\u2019examen de l\u2019\u00e9tat de mise en \u0153uvre des recommandations issues de la premi\u00e8re session extraordinaire, l\u2019examen et l\u2019adoption du rapport d\u2019ach\u00e8vement du projet et la validation du rapport d\u2019ex\u00e9cution physique et financi\u00e8re du PTBA au 30 juin 2026.<\/strong><!--more--><\/p>\n<p>Pr\u00e9sid\u00e9e par le Responsable du Programme budg\u00e9taire 075, Moussa Zida, la session a permis aux membres du Comit\u00e9 de revisiter les principaux r\u00e9sultats enregistr\u00e9s par le PReCA, notamment les p\u00e9rim\u00e8tres irrigu\u00e9s et bas-fonds am\u00e9nag\u00e9s, les magasins et comptoirs d\u2019achat construits, les pistes rurales r\u00e9alis\u00e9es, le financement des microprojets et sous-projets, ainsi que les superficies hydroagricoles immatricul\u00e9es et s\u00e9curis\u00e9es.<\/p>\n<p><a href=\"https:\/\/www.latribunedufaso.net\/wp-content\/uploads\/2026\/09\/FB_IMG_1788543426030.jpg\"><img loading=\"lazy\" decoding=\"async\" class=\"aligncenter size-full wp-image-31296\" src=\"https:\/\/www.latribunedufaso.net\/wp-content\/uploads\/2026\/09\/FB_IMG_1788543426030.jpg\" alt=\"Le Comit\u00e9 de pilotage du PReCA a organis\u00e9 une session extraordinaire pour faire le bilan du projet, 4 septembre 2026\" width=\"1080\" height=\"719\" srcset=\"https:\/\/www.latribunedufaso.net\/wp-content\/uploads\/2026\/09\/FB_IMG_1788543426030.jpg 1080w, https:\/\/www.latribunedufaso.net\/wp-content\/uploads\/2026\/09\/FB_IMG_1788543426030-300x200.jpg 300w, https:\/\/www.latribunedufaso.net\/wp-content\/uploads\/2026\/09\/FB_IMG_1788543426030-1024x682.jpg 1024w, https:\/\/www.latribunedufaso.net\/wp-content\/uploads\/2026\/09\/FB_IMG_1788543426030-768x511.jpg 768w, https:\/\/www.latribunedufaso.net\/wp-content\/uploads\/2026\/09\/FB_IMG_1788543426030-840x560.jpg 840w, https:\/\/www.latribunedufaso.net\/wp-content\/uploads\/2026\/09\/FB_IMG_1788543426030-120x80.jpg 120w, https:\/\/www.latribunedufaso.net\/wp-content\/uploads\/2026\/09\/FB_IMG_1788543426030-360x240.jpg 360w, https:\/\/www.latribunedufaso.net\/wp-content\/uploads\/2026\/09\/FB_IMG_1788543426030-600x400.jpg 600w\" sizes=\"auto, (max-width: 1080px) 100vw, 1080px\" \/><\/a><\/p>\n<p>Au regard desdits r\u00e9sultats, le pr\u00e9sident de s\u00e9ance a invit\u00e9 l\u2019assistance \u00e0 observer une minute enti\u00e8re d\u2019acclamations en hommage aux performances du Projet. Il a \u00e9galement salu\u00e9 les efforts d\u00e9ploy\u00e9s par le PReCA en mati\u00e8re de capitalisation des acquis. <em><strong>\u00ab Les r\u00e9sultats remarquables du PReCA ont \u00e9t\u00e9 d\u00fbment document\u00e9s. Ils sont pour la post\u00e9rit\u00e9, mais surtout pour d\u00e9montrer qu&rsquo;avec du courage, une bonne organisation et la mutualisation des \u00e9nergies, les d\u00e9fis les plus ardue peuvent \u00eatre relev\u00e9s\u00a0\u00bb<\/strong><\/em>, a-t-il d\u00e9clar\u00e9.<\/p>\n<p>En effet, plusieurs outils de capitalisation ont \u00e9t\u00e9 \u00e9labor\u00e9s pour pr\u00e9server la m\u00e9moire du Projet. Il s\u2019agit, entre autres, de l\u2019\u00e9valuation d\u2019impact, de l\u2019analyse de la rentabilit\u00e9 \u00e9conomique et financi\u00e8re, du livre de capitalisation, du recueil de r\u00e9cits, des photobooks du personnel et des microprojets et sous-projets, ainsi que le rapport d\u2019ach\u00e8vement.<\/p>\n<h3>Une r\u00e9ussite collective\u00a0<\/h3>\n<p>La mise en \u0153uvre du PReCA a permis d&rsquo;atteindre <strong>193 329 b\u00e9n\u00e9ficiaires<\/strong>, dont 36% de femmes, soit 129% de la cible initialement pr\u00e9vue. Vu cette performance, le Coordonnateur du PReCA, Adama Siri, a signifi\u00e9 que les r\u00e9sultats sont \u00e0 mettre \u00e0 l\u2019actif de tous. De ce fait, il exprim\u00e9 sa reconnaissance aux membres du Comit\u00e9 de pilotage pour leur accompagnement et salu\u00e9 l\u2019engagement de l\u2019ensemble des acteurs : personnel du Projet, services techniques, collectivit\u00e9s territoriales, organisations professionnelles agricoles et b\u00e9n\u00e9ficiaires.<\/p>\n<p><a href=\"https:\/\/www.latribunedufaso.net\/wp-content\/uploads\/2026\/09\/FB_IMG_1788543460629.jpg\"><img loading=\"lazy\" decoding=\"async\" class=\"aligncenter size-full wp-image-31299\" src=\"https:\/\/www.latribunedufaso.net\/wp-content\/uploads\/2026\/09\/FB_IMG_1788543460629.jpg\" alt=\"Le Comit\u00e9 de pilotage du PReCA a organis\u00e9 une session extraordinaire pour faire le bilan du projet, 4 septembre 2026\" width=\"1080\" height=\"719\" srcset=\"https:\/\/www.latribunedufaso.net\/wp-content\/uploads\/2026\/09\/FB_IMG_1788543460629.jpg 1080w, https:\/\/www.latribunedufaso.net\/wp-content\/uploads\/2026\/09\/FB_IMG_1788543460629-300x200.jpg 300w, https:\/\/www.latribunedufaso.net\/wp-content\/uploads\/2026\/09\/FB_IMG_1788543460629-1024x682.jpg 1024w, https:\/\/www.latribunedufaso.net\/wp-content\/uploads\/2026\/09\/FB_IMG_1788543460629-768x511.jpg 768w, https:\/\/www.latribunedufaso.net\/wp-content\/uploads\/2026\/09\/FB_IMG_1788543460629-840x560.jpg 840w, https:\/\/www.latribunedufaso.net\/wp-content\/uploads\/2026\/09\/FB_IMG_1788543460629-120x80.jpg 120w, https:\/\/www.latribunedufaso.net\/wp-content\/uploads\/2026\/09\/FB_IMG_1788543460629-360x240.jpg 360w, https:\/\/www.latribunedufaso.net\/wp-content\/uploads\/2026\/09\/FB_IMG_1788543460629-600x400.jpg 600w\" sizes=\"auto, (max-width: 1080px) 100vw, 1080px\" \/><\/a><\/p>\n<p>Avec cette derni\u00e8re session du Comit\u00e9 de pilotage, le chapitre du PReCA se referme avec un taux d&rsquo;ex\u00e9cution physique de 96,86% et financi\u00e8re de 96,61%. Les acquis, les exp\u00e9riences et les enseignements du projet sont d\u00e9sormais appel\u00e9s \u00e0 nourrir les futures initiatives en faveur d&rsquo;une agriculture plus r\u00e9siliente et comp\u00e9titive au Burkina Faso.<\/p>\n<p><strong>Latribunedufaso.net<\/strong><\/p>\n<p><strong>Source : PReCA\/Communication\u00a0<\/strong><\/p>\n<blockquote>\n<p>Lire aussi &gt;&gt;\u00a0<a href=\"https:\/\/www.latribunedufaso.net\/?p=29969\">PReCA : 21,6 milliards FCFA inject\u00e9s et des centaines d\u2019emplois cr\u00e9\u00e9s au Burkina Faso<\/a><\/p>\n<\/blockquote>\n<p><a href=\"https:\/\/www.latribunedufaso.net\/wp-content\/uploads\/2026\/09\/FB_IMG_1788543435782.jpg\"><img loading=\"lazy\" decoding=\"async\" class=\"aligncenter size-full wp-image-31297\" src=\"https:\/\/www.latribunedufaso.net\/wp-content\/uploads\/2026\/09\/FB_IMG_1788543435782.jpg\" alt=\"Le Comit\u00e9 de pilotage du PReCA a organis\u00e9 une session extraordinaire pour faire le bilan du projet, 4 septembre 2026\" width=\"1080\" height=\"774\" srcset=\"https:\/\/www.latribunedufaso.net\/wp-content\/uploads\/2026\/09\/FB_IMG_1788543435782.jpg 1080w, https:\/\/www.latribunedufaso.net\/wp-content\/uploads\/2026\/09\/FB_IMG_1788543435782-300x215.jpg 300w, https:\/\/www.latribunedufaso.net\/wp-content\/uploads\/2026\/09\/FB_IMG_1788543435782-1024x734.jpg 1024w, https:\/\/www.latribunedufaso.net\/wp-content\/uploads\/2026\/09\/FB_IMG_1788543435782-768x550.jpg 768w, https:\/\/www.latribunedufaso.net\/wp-content\/uploads\/2026\/09\/FB_IMG_1788543435782-90x65.jpg 90w\" sizes=\"auto, (max-width: 1080px) 100vw, 1080px\" \/><\/a><\/p>\n","protected":false},"excerpt":{"rendered":"<p>Le Comit\u00e9 de pilotage du Projet de R\u00e9silience et de Comp\u00e9titivit\u00e9 Agricole (PReCA) s\u2019est r\u00e9uni en session extraordinaire, ce vendredi 04 septembre 2026 \u00e0 Ouagadougou. Deuxi\u00e8me de l\u2019ann\u00e9e 2026, cette activit\u00e9 avait pour objectif, l\u2019examen de l\u2019\u00e9tat de mise en \u0153uvre des recommandations issues de la premi\u00e8re session extraordinaire, l\u2019examen et l\u2019adoption du rapport d\u2019ach\u00e8vement du projet et la validation du rapport d\u2019ex\u00e9cution physique et financi\u00e8re du PTBA au 30 juin 2026.<\/p>\n","protected":false},"author":5,"featured_media":31298,"comment_status":"open","ping_status":"open","sticky":false,"template":"","format":"standard","meta":{"footnotes":""},"categories":[13,1,3],"tags":[39,2202],"class_list":["post-31292","post","type-post","status-publish","format-standard","has-post-thumbnail","hentry","category-une","category-actu","category-agri","tag-latribunedufaso-net","tag-preca"],"yoast_head":"<!-- This site is optimized with the Yoast SEO plugin v28.4 - https:\/\/yoast.com\/product\/yoast-seo-wordpress\/ -->\n<title>Fin du Projet PReCA au Burkina Faso : Plus de 96 % de taux d&#039;ex\u00e9cution et 193 000 b\u00e9n\u00e9ficiaires touch\u00e9s - La Tribune du Faso<\/title>\n<meta name=\"robots\" content=\"index, follow, max-snippet:-1, max-image-preview:large, max-video-preview:-1\" \/>\n<link rel=\"canonical\" href=\"https:\/\/www.latribunedufaso.net\/?p=31292\" \/>\n<meta property=\"og:locale\" content=\"fr_FR\" \/>\n<meta property=\"og:type\" content=\"article\" \/>\n<meta property=\"og:title\" content=\"Fin du Projet PReCA au Burkina Faso : Plus de 96 % de taux d&#039;ex\u00e9cution et 193 000 b\u00e9n\u00e9ficiaires touch\u00e9s - La Tribune du Faso\" \/>\n<meta property=\"og:description\" content=\"Le Comit\u00e9 de pilotage du Projet de R\u00e9silience et de Comp\u00e9titivit\u00e9 Agricole (PReCA) s\u2019est r\u00e9uni en session extraordinaire, ce vendredi 04 septembre 2026 \u00e0 Ouagadougou. Deuxi\u00e8me de l\u2019ann\u00e9e 2026, cette activit\u00e9 avait pour objectif, l\u2019examen de l\u2019\u00e9tat de mise en \u0153uvre des recommandations issues de la premi\u00e8re session extraordinaire, l\u2019examen et l\u2019adoption du rapport d\u2019ach\u00e8vement du projet et la validation du rapport d\u2019ex\u00e9cution physique et financi\u00e8re du PTBA au 30 juin 2026.\" \/>\n<meta property=\"og:url\" content=\"https:\/\/www.latribunedufaso.net\/?p=31292\" \/>\n<meta property=\"og:site_name\" content=\"La Tribune du Faso\" \/>\n<meta property=\"article:publisher\" content=\"https:\/\/www.facebook.com\/LatribuneduFaso\/\" \/>\n<meta property=\"article:published_time\" content=\"2026-09-04T17:59:25+00:00\" \/>\n<meta property=\"og:image\" content=\"https:\/\/www.latribunedufaso.net\/wp-content\/uploads\/2026\/09\/FB_IMG_1788543448951.jpg\" \/>\n\t<meta property=\"og:image:width\" content=\"1080\" \/>\n\t<meta property=\"og:image:height\" content=\"586\" \/>\n\t<meta property=\"og:image:type\" content=\"image\/jpeg\" \/>\n<meta name=\"author\" content=\"Issouf Tapsoba\" \/>\n<meta name=\"twitter:label1\" content=\"\u00c9crit par\" \/>\n\t<meta name=\"twitter:data1\" content=\"Issouf Tapsoba\" \/>\n\t<meta name=\"twitter:label2\" content=\"Dur\u00e9e de lecture estim\u00e9e\" \/>\n\t<meta name=\"twitter:data2\" content=\"3 minutes\" \/>\n<script type=\"application\/ld+json\" class=\"yoast-schema-graph\">{\"@context\":\"https:\\\/\\\/schema.org\",\"@graph\":[{\"@type\":\"Article\",\"@id\":\"https:\\\/\\\/www.latribunedufaso.net\\\/?p=31292#article\",\"isPartOf\":{\"@id\":\"https:\\\/\\\/www.latribunedufaso.net\\\/?p=31292\"},\"author\":{\"name\":\"Issouf Tapsoba\",\"@id\":\"https:\\\/\\\/www.latribunedufaso.net\\\/#\\\/schema\\\/person\\\/e54e64c5778a7e72cf80a318b7a622b0\"},\"headline\":\"Fin du Projet PReCA au Burkina Faso : Plus de 96 % de taux d&rsquo;ex\u00e9cution et 193 000 b\u00e9n\u00e9ficiaires touch\u00e9s\",\"datePublished\":\"2026-09-04T17:59:25+00:00\",\"mainEntityOfPage\":{\"@id\":\"https:\\\/\\\/www.latribunedufaso.net\\\/?p=31292\"},\"wordCount\":506,\"commentCount\":0,\"publisher\":{\"@id\":\"https:\\\/\\\/www.latribunedufaso.net\\\/#organization\"},\"image\":{\"@id\":\"https:\\\/\\\/www.latribunedufaso.net\\\/?p=31292#primaryimage\"},\"thumbnailUrl\":\"https:\\\/\\\/www.latribunedufaso.net\\\/wp-content\\\/uploads\\\/2026\\\/09\\\/FB_IMG_1788543448951.jpg\",\"keywords\":[\"latribunedufaso.net\",\"PReCA\"],\"articleSection\":[\"A la une\",\"Actualit\u00e9\",\"Agriculture\"],\"inLanguage\":\"fr-FR\",\"potentialAction\":[{\"@type\":\"CommentAction\",\"name\":\"Comment\",\"target\":[\"https:\\\/\\\/www.latribunedufaso.net\\\/?p=31292#respond\"]}]},{\"@type\":\"WebPage\",\"@id\":\"https:\\\/\\\/www.latribunedufaso.net\\\/?p=31292\",\"url\":\"https:\\\/\\\/www.latribunedufaso.net\\\/?p=31292\",\"name\":\"Fin du Projet PReCA au Burkina Faso : Plus de 96 % de taux d'ex\u00e9cution et 193 000 b\u00e9n\u00e9ficiaires touch\u00e9s - La Tribune du Faso\",\"isPartOf\":{\"@id\":\"https:\\\/\\\/www.latribunedufaso.net\\\/#website\"},\"primaryImageOfPage\":{\"@id\":\"https:\\\/\\\/www.latribunedufaso.net\\\/?p=31292#primaryimage\"},\"image\":{\"@id\":\"https:\\\/\\\/www.latribunedufaso.net\\\/?p=31292#primaryimage\"},\"thumbnailUrl\":\"https:\\\/\\\/www.latribunedufaso.net\\\/wp-content\\\/uploads\\\/2026\\\/09\\\/FB_IMG_1788543448951.jpg\",\"datePublished\":\"2026-09-04T17:59:25+00:00\",\"breadcrumb\":{\"@id\":\"https:\\\/\\\/www.latribunedufaso.net\\\/?p=31292#breadcrumb\"},\"inLanguage\":\"fr-FR\",\"potentialAction\":[{\"@type\":\"ReadAction\",\"target\":[\"https:\\\/\\\/www.latribunedufaso.net\\\/?p=31292\"]}]},{\"@type\":\"ImageObject\",\"inLanguage\":\"fr-FR\",\"@id\":\"https:\\\/\\\/www.latribunedufaso.net\\\/?p=31292#primaryimage\",\"url\":\"https:\\\/\\\/www.latribunedufaso.net\\\/wp-content\\\/uploads\\\/2026\\\/09\\\/FB_IMG_1788543448951.jpg\",\"contentUrl\":\"https:\\\/\\\/www.latribunedufaso.net\\\/wp-content\\\/uploads\\\/2026\\\/09\\\/FB_IMG_1788543448951.jpg\",\"width\":1080,\"height\":586,\"caption\":\"Le Comit\u00e9 de pilotage du PReCA a organis\u00e9 une session extraordinaire pour faire le bilan du projet, 4 septembre 2026\"},{\"@type\":\"BreadcrumbList\",\"@id\":\"https:\\\/\\\/www.latribunedufaso.net\\\/?p=31292#breadcrumb\",\"itemListElement\":[{\"@type\":\"ListItem\",\"position\":1,\"name\":\"Accueil\",\"item\":\"https:\\\/\\\/www.latribunedufaso.net\\\/\"},{\"@type\":\"ListItem\",\"position\":2,\"name\":\"Fin du Projet PReCA au Burkina Faso : Plus de 96 % de taux d&rsquo;ex\u00e9cution et 193 000 b\u00e9n\u00e9ficiaires touch\u00e9s\"}]},{\"@type\":\"WebSite\",\"@id\":\"https:\\\/\\\/www.latribunedufaso.net\\\/#website\",\"url\":\"https:\\\/\\\/www.latribunedufaso.net\\\/\",\"name\":\"La Tribune du Faso\",\"description\":\"L&#039;information du monde rural en un clic\",\"publisher\":{\"@id\":\"https:\\\/\\\/www.latribunedufaso.net\\\/#organization\"},\"potentialAction\":[{\"@type\":\"SearchAction\",\"target\":{\"@type\":\"EntryPoint\",\"urlTemplate\":\"https:\\\/\\\/www.latribunedufaso.net\\\/?s={search_term_string}\"},\"query-input\":{\"@type\":\"PropertyValueSpecification\",\"valueRequired\":true,\"valueName\":\"search_term_string\"}}],\"inLanguage\":\"fr-FR\"},{\"@type\":\"Organization\",\"@id\":\"https:\\\/\\\/www.latribunedufaso.net\\\/#organization\",\"name\":\"La Tribune du Faso\",\"url\":\"https:\\\/\\\/www.latribunedufaso.net\\\/\",\"logo\":{\"@type\":\"ImageObject\",\"inLanguage\":\"fr-FR\",\"@id\":\"https:\\\/\\\/www.latribunedufaso.net\\\/#\\\/schema\\\/logo\\\/image\\\/\",\"url\":\"https:\\\/\\\/www.latribunedufaso.net\\\/wp-content\\\/uploads\\\/2020\\\/08\\\/Logo-Tribune-du-Faso-final-scaled.jpg\",\"contentUrl\":\"https:\\\/\\\/www.latribunedufaso.net\\\/wp-content\\\/uploads\\\/2020\\\/08\\\/Logo-Tribune-du-Faso-final-scaled.jpg\",\"width\":2560,\"height\":1856,\"caption\":\"La Tribune du Faso\"},\"image\":{\"@id\":\"https:\\\/\\\/www.latribunedufaso.net\\\/#\\\/schema\\\/logo\\\/image\\\/\"},\"sameAs\":[\"https:\\\/\\\/www.facebook.com\\\/LatribuneduFaso\\\/\"]},{\"@type\":\"Person\",\"@id\":\"https:\\\/\\\/www.latribunedufaso.net\\\/#\\\/schema\\\/person\\\/e54e64c5778a7e72cf80a318b7a622b0\",\"name\":\"Issouf Tapsoba\",\"image\":{\"@type\":\"ImageObject\",\"inLanguage\":\"fr-FR\",\"@id\":\"https:\\\/\\\/secure.gravatar.com\\\/avatar\\\/5e6c05150ce3230247d167f5b94d678eb05936197436d69b7921e3a95c9107ac?s=96&d=mm&r=g\",\"url\":\"https:\\\/\\\/secure.gravatar.com\\\/avatar\\\/5e6c05150ce3230247d167f5b94d678eb05936197436d69b7921e3a95c9107ac?s=96&d=mm&r=g\",\"contentUrl\":\"https:\\\/\\\/secure.gravatar.com\\\/avatar\\\/5e6c05150ce3230247d167f5b94d678eb05936197436d69b7921e3a95c9107ac?s=96&d=mm&r=g\",\"caption\":\"Issouf Tapsoba\"},\"url\":\"https:\\\/\\\/www.latribunedufaso.net\\\/?author=5\"}]}<\/script>\n<!-- \/ Yoast SEO plugin. -->","yoast_head_json":{"title":"Fin du Projet PReCA au Burkina Faso : Plus de 96 % de taux d'ex\u00e9cution et 193 000 b\u00e9n\u00e9ficiaires touch\u00e9s - La Tribune du Faso","robots":{"index":"index","follow":"follow","max-snippet":"max-snippet:-1","max-image-preview":"max-image-preview:large","max-video-preview":"max-video-preview:-1"},"canonical":"https:\/\/www.latribunedufaso.net\/?p=31292","og_locale":"fr_FR","og_type":"article","og_title":"Fin du Projet PReCA au Burkina Faso : Plus de 96 % de taux d'ex\u00e9cution et 193 000 b\u00e9n\u00e9ficiaires touch\u00e9s - La Tribune du Faso","og_description":"Le Comit\u00e9 de pilotage du Projet de R\u00e9silience et de Comp\u00e9titivit\u00e9 Agricole (PReCA) s\u2019est r\u00e9uni en session extraordinaire, ce vendredi 04 septembre 2026 \u00e0 Ouagadougou. Deuxi\u00e8me de l\u2019ann\u00e9e 2026, cette activit\u00e9 avait pour objectif, l\u2019examen de l\u2019\u00e9tat de mise en \u0153uvre des recommandations issues de la premi\u00e8re session extraordinaire, l\u2019examen et l\u2019adoption du rapport d\u2019ach\u00e8vement du projet et la validation du rapport d\u2019ex\u00e9cution physique et financi\u00e8re du PTBA au 30 juin 2026.","og_url":"https:\/\/www.latribunedufaso.net\/?p=31292","og_site_name":"La Tribune du Faso","article_publisher":"https:\/\/www.facebook.com\/LatribuneduFaso\/","article_published_time":"2026-09-04T17:59:25+00:00","og_image":[{"width":1080,"height":586,"url":"https:\/\/www.latribunedufaso.net\/wp-content\/uploads\/2026\/09\/FB_IMG_1788543448951.jpg","type":"image\/jpeg"}],"author":"Issouf Tapsoba","twitter_misc":{"\u00c9crit par":"Issouf Tapsoba","Dur\u00e9e de lecture estim\u00e9e":"3 minutes"},"schema":{"@context":"https:\/\/schema.org","@graph":[{"@type":"Article","@id":"https:\/\/www.latribunedufaso.net\/?p=31292#article","isPartOf":{"@id":"https:\/\/www.latribunedufaso.net\/?p=31292"},"author":{"name":"Issouf Tapsoba","@id":"https:\/\/www.latribunedufaso.net\/#\/schema\/person\/e54e64c5778a7e72cf80a318b7a622b0"},"headline":"Fin du Projet PReCA au Burkina Faso : Plus de 96 % de taux d&rsquo;ex\u00e9cution et 193 000 b\u00e9n\u00e9ficiaires touch\u00e9s","datePublished":"2026-09-04T17:59:25+00:00","mainEntityOfPage":{"@id":"https:\/\/www.latribunedufaso.net\/?p=31292"},"wordCount":506,"commentCount":0,"publisher":{"@id":"https:\/\/www.latribunedufaso.net\/#organization"},"image":{"@id":"https:\/\/www.latribunedufaso.net\/?p=31292#primaryimage"},"thumbnailUrl":"https:\/\/www.latribunedufaso.net\/wp-content\/uploads\/2026\/09\/FB_IMG_1788543448951.jpg","keywords":["latribunedufaso.net","PReCA"],"articleSection":["A la une","Actualit\u00e9","Agriculture"],"inLanguage":"fr-FR","potentialAction":[{"@type":"CommentAction","name":"Comment","target":["https:\/\/www.latribunedufaso.net\/?p=31292#respond"]}]},{"@type":"WebPage","@id":"https:\/\/www.latribunedufaso.net\/?p=31292","url":"https:\/\/www.latribunedufaso.net\/?p=31292","name":"Fin du Projet PReCA au Burkina Faso : Plus de 96 % de taux d'ex\u00e9cution et 193 000 b\u00e9n\u00e9ficiaires touch\u00e9s - La Tribune du Faso","isPartOf":{"@id":"https:\/\/www.latribunedufaso.net\/#website"},"primaryImageOfPage":{"@id":"https:\/\/www.latribunedufaso.net\/?p=31292#primaryimage"},"image":{"@id":"https:\/\/www.latribunedufaso.net\/?p=31292#primaryimage"},"thumbnailUrl":"https:\/\/www.latribunedufaso.net\/wp-content\/uploads\/2026\/09\/FB_IMG_1788543448951.jpg","datePublished":"2026-09-04T17:59:25+00:00","breadcrumb":{"@id":"https:\/\/www.latribunedufaso.net\/?p=31292#breadcrumb"},"inLanguage":"fr-FR","potentialAction":[{"@type":"ReadAction","target":["https:\/\/www.latribunedufaso.net\/?p=31292"]}]},{"@type":"ImageObject","inLanguage":"fr-FR","@id":"https:\/\/www.latribunedufaso.net\/?p=31292#primaryimage","url":"https:\/\/www.latribunedufaso.net\/wp-content\/uploads\/2026\/09\/FB_IMG_1788543448951.jpg","contentUrl":"https:\/\/www.latribunedufaso.net\/wp-content\/uploads\/2026\/09\/FB_IMG_1788543448951.jpg","width":1080,"height":586,"caption":"Le Comit\u00e9 de pilotage du PReCA a organis\u00e9 une session extraordinaire pour faire le bilan du projet, 4 septembre 2026"},{"@type":"BreadcrumbList","@id":"https:\/\/www.latribunedufaso.net\/?p=31292#breadcrumb","itemListElement":[{"@type":"ListItem","position":1,"name":"Accueil","item":"https:\/\/www.latribunedufaso.net\/"},{"@type":"ListItem","position":2,"name":"Fin du Projet PReCA au Burkina Faso : Plus de 96 % de taux d&rsquo;ex\u00e9cution et 193 000 b\u00e9n\u00e9ficiaires touch\u00e9s"}]},{"@type":"WebSite","@id":"https:\/\/www.latribunedufaso.net\/#website","url":"https:\/\/www.latribunedufaso.net\/","name":"La Tribune du Faso","description":"L&#039;information du monde rural en un clic","publisher":{"@id":"https:\/\/www.latribunedufaso.net\/#organization"},"potentialAction":[{"@type":"SearchAction","target":{"@type":"EntryPoint","urlTemplate":"https:\/\/www.latribunedufaso.net\/?s={search_term_string}"},"query-input":{"@type":"PropertyValueSpecification","valueRequired":true,"valueName":"search_term_string"}}],"inLanguage":"fr-FR"},{"@type":"Organization","@id":"https:\/\/www.latribunedufaso.net\/#organization","name":"La Tribune du Faso","url":"https:\/\/www.latribunedufaso.net\/","logo":{"@type":"ImageObject","inLanguage":"fr-FR","@id":"https:\/\/www.latribunedufaso.net\/#\/schema\/logo\/image\/","url":"https:\/\/www.latribunedufaso.net\/wp-content\/uploads\/2020\/08\/Logo-Tribune-du-Faso-final-scaled.jpg","contentUrl":"https:\/\/www.latribunedufaso.net\/wp-content\/uploads\/2020\/08\/Logo-Tribune-du-Faso-final-scaled.jpg","width":2560,"height":1856,"caption":"La Tribune du Faso"},"image":{"@id":"https:\/\/www.latribunedufaso.net\/#\/schema\/logo\/image\/"},"sameAs":["https:\/\/www.facebook.com\/LatribuneduFaso\/"]},{"@type":"Person","@id":"https:\/\/www.latribunedufaso.net\/#\/schema\/person\/e54e64c5778a7e72cf80a318b7a622b0","name":"Issouf Tapsoba","image":{"@type":"ImageObject","inLanguage":"fr-FR","@id":"https:\/\/secure.gravatar.com\/avatar\/5e6c05150ce3230247d167f5b94d678eb05936197436d69b7921e3a95c9107ac?s=96&d=mm&r=g","url":"https:\/\/secure.gravatar.com\/avatar\/5e6c05150ce3230247d167f5b94d678eb05936197436d69b7921e3a95c9107ac?s=96&d=mm&r=g","contentUrl":"https:\/\/secure.gravatar.com\/avatar\/5e6c05150ce3230247d167f5b94d678eb05936197436d69b7921e3a95c9107ac?s=96&d=mm&r=g","caption":"Issouf Tapsoba"},"url":"https:\/\/www.latribunedufaso.net\/?author=5"}]}},"_links":{"self":[{"href":"https:\/\/www.latribunedufaso.net\/index.php?rest_route=\/wp\/v2\/posts\/31292","targetHints":{"allow":["GET"]}}],"collection":[{"href":"https:\/\/www.latribunedufaso.net\/index.php?rest_route=\/wp\/v2\/posts"}],"about":[{"href":"https:\/\/www.latribunedufaso.net\/index.php?rest_route=\/wp\/v2\/types\/post"}],"author":[{"embeddable":true,"href":"https:\/\/www.latribunedufaso.net\/index.php?rest_route=\/wp\/v2\/users\/5"}],"replies":[{"embeddable":true,"href":"https:\/\/www.latribunedufaso.net\/index.php?rest_route=%2Fwp%2Fv2%2Fcomments&post=31292"}],"version-history":[{"count":5,"href":"https:\/\/www.latribunedufaso.net\/index.php?rest_route=\/wp\/v2\/posts\/31292\/revisions"}],"predecessor-version":[{"id":31301,"href":"https:\/\/www.latribunedufaso.net\/index.php?rest_route=\/wp\/v2\/posts\/31292\/revisions\/31301"}],"wp:featuredmedia":[{"embeddable":true,"href":"https:\/\/www.latribunedufaso.net\/index.php?rest_route=\/wp\/v2\/media\/31298"}],"wp:attachment":[{"href":"https:\/\/www.latribunedufaso.net\/index.php?rest_route=%2Fwp%2Fv2%2Fmedia&parent=31292"}],"wp:term":[{"taxonomy":"category","embeddable":true,"href":"https:\/\/www.latribunedufaso.net\/index.php?rest_route=%2Fwp%2Fv2%2Fcategories&post=31292"},{"taxonomy":"post_tag","embeddable":true,"href":"https:\/\/www.latribunedufaso.net\/index.php?rest_route=%2Fwp%2Fv2%2Ftags&post=31292"}],"curies":[{"name":"wp","href":"https:\/\/api.w.org\/{rel}","templated":true}]}}