{"id":31282,"date":"2026-09-04T17:21:13","date_gmt":"2026-09-04T17:21:13","guid":{"rendered":"https:\/\/www.latribunedufaso.net\/?p=31282"},"modified":"2026-09-04T17:21:13","modified_gmt":"2026-09-04T17:21:13","slug":"sitho-2026-la-direction-regionale-des-tannounyan-mobilise-les-acteurs-du-secteur-touristique","status":"publish","type":"post","link":"https:\/\/www.latribunedufaso.net\/?p=31282","title":{"rendered":"SITHO 2026 : La direction r\u00e9gionale des Tannounyan mobilise les acteurs du secteur touristique\u00a0"},"content":{"rendered":"<p><b>En pr\u00e9lude au Salon international du tourisme et de l\u2019h\u00f4tellerie de Ouagadougou (SITHO 2026), pr\u00e9vu du 22 au 27 septembre 2026, la Direction r\u00e9gionale de la Communication, de la Culture, des Arts et du Tourisme des Tannounyan a organis\u00e9, ce vendredi 4 septembre 2026 \u00e0 Banfora, une rencontre d\u2019information et d\u2019\u00e9changes avec les acteurs du secteur touristique de la r\u00e9gion.<\/b><!--more--><\/p>\n<p><span style=\"font-weight: 400;\">Cette s\u00e9ance a r\u00e9uni notamment les promoteurs d\u2019\u00e9tablissements touristiques, d\u2019h\u00e9bergement, de restauration et de loisirs. Elle visait \u00e0 les informer sur les opportunit\u00e9s offertes par le SITHO et \u00e0 les encourager \u00e0 participer activement \u00e0 ce rendez-vous international d\u00e9di\u00e9 au tourisme et \u00e0 l\u2019h\u00f4tellerie.<\/span><\/p>\n<p><a href=\"https:\/\/www.latribunedufaso.net\/wp-content\/uploads\/2026\/09\/FB_IMG_1788541755415.jpg\"><img loading=\"lazy\" decoding=\"async\" class=\"aligncenter size-full wp-image-31288\" src=\"https:\/\/www.latribunedufaso.net\/wp-content\/uploads\/2026\/09\/FB_IMG_1788541755415.jpg\" alt=\"En pr\u00e9lude au SITHO, la Direction r\u00e9gionale de la Culture des Tannounyan a organis\u00e9, ce vendredi 4 septembre 2026 \u00e0 Banfora, une rencontre d\u2019information et d\u2019\u00e9changes avec les acteurs du secteur touristique de la r\u00e9gion.\" width=\"1080\" height=\"714\" srcset=\"https:\/\/www.latribunedufaso.net\/wp-content\/uploads\/2026\/09\/FB_IMG_1788541755415.jpg 1080w, https:\/\/www.latribunedufaso.net\/wp-content\/uploads\/2026\/09\/FB_IMG_1788541755415-300x198.jpg 300w, https:\/\/www.latribunedufaso.net\/wp-content\/uploads\/2026\/09\/FB_IMG_1788541755415-1024x677.jpg 1024w, https:\/\/www.latribunedufaso.net\/wp-content\/uploads\/2026\/09\/FB_IMG_1788541755415-768x508.jpg 768w, https:\/\/www.latribunedufaso.net\/wp-content\/uploads\/2026\/09\/FB_IMG_1788541755415-120x80.jpg 120w\" sizes=\"auto, (max-width: 1080px) 100vw, 1080px\" \/><\/a><\/p>\n<p><span style=\"font-weight: 400;\">Au cours des \u00e9changes, les participants ont \u00e9t\u00e9 inform\u00e9s des modalit\u00e9s pratiques de participation au SITHO, ainsi que des diff\u00e9rentes opportunit\u00e9s offertes aux professionnels du secteur. La rencontre a \u00e9galement mis l\u2019accent sur l\u2019importance d\u2019une mobilisation forte et coordonn\u00e9e afin d\u2019assurer une meilleure repr\u00e9sentation de la r\u00e9gion des Tannounyan \u00e0 cette grande manifestation internationale.<\/span><\/p>\n<p><a href=\"https:\/\/www.latribunedufaso.net\/wp-content\/uploads\/2026\/09\/FB_IMG_1788541732355.jpg\"><img loading=\"lazy\" decoding=\"async\" class=\"aligncenter size-full wp-image-31287\" src=\"https:\/\/www.latribunedufaso.net\/wp-content\/uploads\/2026\/09\/FB_IMG_1788541732355.jpg\" alt=\"En pr\u00e9lude au SITHO, la Direction r\u00e9gionale de la Culture des Tannounyan a organis\u00e9, ce vendredi 4 septembre 2026 \u00e0 Banfora, une rencontre d\u2019information et d\u2019\u00e9changes avec les acteurs du secteur touristique de la r\u00e9gion.\" width=\"1080\" height=\"739\" srcset=\"https:\/\/www.latribunedufaso.net\/wp-content\/uploads\/2026\/09\/FB_IMG_1788541732355.jpg 1080w, https:\/\/www.latribunedufaso.net\/wp-content\/uploads\/2026\/09\/FB_IMG_1788541732355-300x205.jpg 300w, https:\/\/www.latribunedufaso.net\/wp-content\/uploads\/2026\/09\/FB_IMG_1788541732355-1024x701.jpg 1024w, https:\/\/www.latribunedufaso.net\/wp-content\/uploads\/2026\/09\/FB_IMG_1788541732355-768x526.jpg 768w\" sizes=\"auto, (max-width: 1080px) 100vw, 1080px\" \/><\/a><\/p>\n<p><span style=\"font-weight: 400;\">Les discussions ont par ailleurs permis aux acteurs pr\u00e9sents d\u2019exprimer leurs pr\u00e9occupations, leurs attentes et leurs suggestions, contribuant ainsi \u00e0 enrichir les r\u00e9flexions autour de leur participation au salon.<\/span><\/p>\n<blockquote>\n<p>Lire aussi &gt;&gt;\u00a0<a href=\"https:\/\/www.latribunedufaso.net\/?p=30792\">16\u1d49 \u00e9dition du SITHO : Ouagadougou accueillera les acteurs du tourisme du 22 au 27 septembre 2026<\/a><\/p>\n<\/blockquote>\n<p><span style=\"font-weight: 400;\">\u00c0 travers cette initiative, la Direction r\u00e9gionale r\u00e9affirme sa volont\u00e9 de renforcer le dialogue et la concertation avec les professionnels du tourisme, tout en \u0153uvrant \u00e0 une meilleure valorisation des potentialit\u00e9s touristiques de la r\u00e9gion des Tannounyan.<\/span><\/p>\n<p><strong>Latribunedufaso.net<\/strong><\/p>\n<p><strong>Source : DRCCAT Tannounyan\u00a0<\/strong><\/p>\n<p><a href=\"https:\/\/www.latribunedufaso.net\/wp-content\/uploads\/2026\/09\/FB_IMG_1788541727334.jpg\"><img loading=\"lazy\" decoding=\"async\" class=\"aligncenter size-full wp-image-31286\" src=\"https:\/\/www.latribunedufaso.net\/wp-content\/uploads\/2026\/09\/FB_IMG_1788541727334.jpg\" alt=\"En pr\u00e9lude au SITHO, la Direction r\u00e9gionale de la Culture des Tannounyan a organis\u00e9, ce vendredi 4 septembre 2026 \u00e0 Banfora, une rencontre d\u2019information et d\u2019\u00e9changes avec les acteurs du secteur touristique de la r\u00e9gion.\" width=\"1080\" height=\"973\" srcset=\"https:\/\/www.latribunedufaso.net\/wp-content\/uploads\/2026\/09\/FB_IMG_1788541727334.jpg 1080w, https:\/\/www.latribunedufaso.net\/wp-content\/uploads\/2026\/09\/FB_IMG_1788541727334-300x270.jpg 300w, https:\/\/www.latribunedufaso.net\/wp-content\/uploads\/2026\/09\/FB_IMG_1788541727334-1024x923.jpg 1024w, https:\/\/www.latribunedufaso.net\/wp-content\/uploads\/2026\/09\/FB_IMG_1788541727334-768x692.jpg 768w\" sizes=\"auto, (max-width: 1080px) 100vw, 1080px\" \/><\/a><a href=\"https:\/\/www.latribunedufaso.net\/wp-content\/uploads\/2026\/09\/FB_IMG_1788541721132.jpg\"><img loading=\"lazy\" decoding=\"async\" class=\"aligncenter size-full wp-image-31285\" src=\"https:\/\/www.latribunedufaso.net\/wp-content\/uploads\/2026\/09\/FB_IMG_1788541721132.jpg\" alt=\"En pr\u00e9lude au SITHO, la Direction r\u00e9gionale de la Culture des Tannounyan a organis\u00e9, ce vendredi 4 septembre 2026 \u00e0 Banfora, une rencontre d\u2019information et d\u2019\u00e9changes avec les acteurs du secteur touristique de la r\u00e9gion.\" width=\"919\" height=\"869\" srcset=\"https:\/\/www.latribunedufaso.net\/wp-content\/uploads\/2026\/09\/FB_IMG_1788541721132.jpg 919w, https:\/\/www.latribunedufaso.net\/wp-content\/uploads\/2026\/09\/FB_IMG_1788541721132-300x284.jpg 300w, https:\/\/www.latribunedufaso.net\/wp-content\/uploads\/2026\/09\/FB_IMG_1788541721132-768x726.jpg 768w\" sizes=\"auto, (max-width: 919px) 100vw, 919px\" \/><\/a><\/p>\n","protected":false},"excerpt":{"rendered":"<p>En pr\u00e9lude au Salon international du tourisme et de l\u2019h\u00f4tellerie de Ouagadougou (SITHO 2026), pr\u00e9vu du 22 au 27 septembre 2026, la Direction r\u00e9gionale de la Communication, de la Culture, des Arts et du Tourisme des Tannounyan a organis\u00e9, ce vendredi 4 septembre 2026 \u00e0 Banfora, une rencontre d\u2019information et d\u2019\u00e9changes avec les acteurs du secteur touristique de la r\u00e9gion.<\/p>\n","protected":false},"author":5,"featured_media":31289,"comment_status":"open","ping_status":"open","sticky":false,"template":"","format":"standard","meta":{"footnotes":""},"categories":[13,1,30],"tags":[39,306],"class_list":["post-31282","post","type-post","status-publish","format-standard","has-post-thumbnail","hentry","category-une","category-actu","category-art-et-culture","tag-latribunedufaso-net","tag-sitho"],"yoast_head":"<!-- This site is optimized with the Yoast SEO plugin v28.4 - https:\/\/yoast.com\/product\/yoast-seo-wordpress\/ -->\n<title>SITHO 2026 : La direction r\u00e9gionale des Tannounyan mobilise les acteurs du secteur touristique\u00a0 - La Tribune du Faso<\/title>\n<meta name=\"robots\" content=\"index, follow, max-snippet:-1, max-image-preview:large, max-video-preview:-1\" \/>\n<link rel=\"canonical\" href=\"https:\/\/www.latribunedufaso.net\/?p=31282\" \/>\n<meta property=\"og:locale\" content=\"fr_FR\" \/>\n<meta property=\"og:type\" content=\"article\" \/>\n<meta property=\"og:title\" content=\"SITHO 2026 : La direction r\u00e9gionale des Tannounyan mobilise les acteurs du secteur touristique\u00a0 - La Tribune du Faso\" \/>\n<meta property=\"og:description\" content=\"En pr\u00e9lude au Salon international du tourisme et de l\u2019h\u00f4tellerie de Ouagadougou (SITHO 2026), pr\u00e9vu du 22 au 27 septembre 2026, la Direction r\u00e9gionale de la Communication, de la Culture, des Arts et du Tourisme des Tannounyan a organis\u00e9, ce vendredi 4 septembre 2026 \u00e0 Banfora, une rencontre d\u2019information et d\u2019\u00e9changes avec les acteurs du secteur touristique de la r\u00e9gion.\" \/>\n<meta property=\"og:url\" content=\"https:\/\/www.latribunedufaso.net\/?p=31282\" \/>\n<meta property=\"og:site_name\" content=\"La Tribune du Faso\" \/>\n<meta property=\"article:publisher\" content=\"https:\/\/www.facebook.com\/LatribuneduFaso\/\" \/>\n<meta property=\"article:published_time\" content=\"2026-09-04T17:21:13+00:00\" \/>\n<meta property=\"og:image\" content=\"https:\/\/www.latribunedufaso.net\/wp-content\/uploads\/2026\/09\/FB_IMG_1788541706959.jpg\" \/>\n\t<meta property=\"og:image:width\" content=\"1080\" \/>\n\t<meta property=\"og:image:height\" content=\"1089\" \/>\n\t<meta property=\"og:image:type\" content=\"image\/jpeg\" \/>\n<meta name=\"author\" content=\"Issouf Tapsoba\" \/>\n<meta name=\"twitter:label1\" content=\"\u00c9crit par\" \/>\n\t<meta name=\"twitter:data1\" content=\"Issouf Tapsoba\" \/>\n\t<meta name=\"twitter:label2\" content=\"Dur\u00e9e de lecture estim\u00e9e\" \/>\n\t<meta name=\"twitter:data2\" content=\"3 minutes\" \/>\n<script type=\"application\/ld+json\" class=\"yoast-schema-graph\">{\"@context\":\"https:\\\/\\\/schema.org\",\"@graph\":[{\"@type\":\"Article\",\"@id\":\"https:\\\/\\\/www.latribunedufaso.net\\\/?p=31282#article\",\"isPartOf\":{\"@id\":\"https:\\\/\\\/www.latribunedufaso.net\\\/?p=31282\"},\"author\":{\"name\":\"Issouf Tapsoba\",\"@id\":\"https:\\\/\\\/www.latribunedufaso.net\\\/#\\\/schema\\\/person\\\/e54e64c5778a7e72cf80a318b7a622b0\"},\"headline\":\"SITHO 2026 : La direction r\u00e9gionale des Tannounyan mobilise les acteurs du secteur touristique\u00a0\",\"datePublished\":\"2026-09-04T17:21:13+00:00\",\"mainEntityOfPage\":{\"@id\":\"https:\\\/\\\/www.latribunedufaso.net\\\/?p=31282\"},\"wordCount\":278,\"commentCount\":0,\"publisher\":{\"@id\":\"https:\\\/\\\/www.latribunedufaso.net\\\/#organization\"},\"image\":{\"@id\":\"https:\\\/\\\/www.latribunedufaso.net\\\/?p=31282#primaryimage\"},\"thumbnailUrl\":\"https:\\\/\\\/www.latribunedufaso.net\\\/wp-content\\\/uploads\\\/2026\\\/09\\\/FB_IMG_1788541706959.jpg\",\"keywords\":[\"latribunedufaso.net\",\"SITHO\"],\"articleSection\":[\"A la une\",\"Actualit\u00e9\",\"Art et Culture\"],\"inLanguage\":\"fr-FR\",\"potentialAction\":[{\"@type\":\"CommentAction\",\"name\":\"Comment\",\"target\":[\"https:\\\/\\\/www.latribunedufaso.net\\\/?p=31282#respond\"]}]},{\"@type\":\"WebPage\",\"@id\":\"https:\\\/\\\/www.latribunedufaso.net\\\/?p=31282\",\"url\":\"https:\\\/\\\/www.latribunedufaso.net\\\/?p=31282\",\"name\":\"SITHO 2026 : La direction r\u00e9gionale des Tannounyan mobilise les acteurs du secteur touristique\u00a0 - La Tribune du Faso\",\"isPartOf\":{\"@id\":\"https:\\\/\\\/www.latribunedufaso.net\\\/#website\"},\"primaryImageOfPage\":{\"@id\":\"https:\\\/\\\/www.latribunedufaso.net\\\/?p=31282#primaryimage\"},\"image\":{\"@id\":\"https:\\\/\\\/www.latribunedufaso.net\\\/?p=31282#primaryimage\"},\"thumbnailUrl\":\"https:\\\/\\\/www.latribunedufaso.net\\\/wp-content\\\/uploads\\\/2026\\\/09\\\/FB_IMG_1788541706959.jpg\",\"datePublished\":\"2026-09-04T17:21:13+00:00\",\"breadcrumb\":{\"@id\":\"https:\\\/\\\/www.latribunedufaso.net\\\/?p=31282#breadcrumb\"},\"inLanguage\":\"fr-FR\",\"potentialAction\":[{\"@type\":\"ReadAction\",\"target\":[\"https:\\\/\\\/www.latribunedufaso.net\\\/?p=31282\"]}]},{\"@type\":\"ImageObject\",\"inLanguage\":\"fr-FR\",\"@id\":\"https:\\\/\\\/www.latribunedufaso.net\\\/?p=31282#primaryimage\",\"url\":\"https:\\\/\\\/www.latribunedufaso.net\\\/wp-content\\\/uploads\\\/2026\\\/09\\\/FB_IMG_1788541706959.jpg\",\"contentUrl\":\"https:\\\/\\\/www.latribunedufaso.net\\\/wp-content\\\/uploads\\\/2026\\\/09\\\/FB_IMG_1788541706959.jpg\",\"width\":1080,\"height\":1089,\"caption\":\"En pr\u00e9lude au SITHO, la Direction r\u00e9gionale de la Culture des Tannounyan a organis\u00e9, ce vendredi 4 septembre 2026 \u00e0 Banfora, une rencontre d\u2019information et d\u2019\u00e9changes avec les acteurs du secteur touristique de la r\u00e9gion.\"},{\"@type\":\"BreadcrumbList\",\"@id\":\"https:\\\/\\\/www.latribunedufaso.net\\\/?p=31282#breadcrumb\",\"itemListElement\":[{\"@type\":\"ListItem\",\"position\":1,\"name\":\"Accueil\",\"item\":\"https:\\\/\\\/www.latribunedufaso.net\\\/\"},{\"@type\":\"ListItem\",\"position\":2,\"name\":\"SITHO 2026 : La direction r\u00e9gionale des Tannounyan mobilise les acteurs du secteur touristique\u00a0\"}]},{\"@type\":\"WebSite\",\"@id\":\"https:\\\/\\\/www.latribunedufaso.net\\\/#website\",\"url\":\"https:\\\/\\\/www.latribunedufaso.net\\\/\",\"name\":\"La Tribune du Faso\",\"description\":\"L&#039;information du monde rural en un clic\",\"publisher\":{\"@id\":\"https:\\\/\\\/www.latribunedufaso.net\\\/#organization\"},\"potentialAction\":[{\"@type\":\"SearchAction\",\"target\":{\"@type\":\"EntryPoint\",\"urlTemplate\":\"https:\\\/\\\/www.latribunedufaso.net\\\/?s={search_term_string}\"},\"query-input\":{\"@type\":\"PropertyValueSpecification\",\"valueRequired\":true,\"valueName\":\"search_term_string\"}}],\"inLanguage\":\"fr-FR\"},{\"@type\":\"Organization\",\"@id\":\"https:\\\/\\\/www.latribunedufaso.net\\\/#organization\",\"name\":\"La Tribune du Faso\",\"url\":\"https:\\\/\\\/www.latribunedufaso.net\\\/\",\"logo\":{\"@type\":\"ImageObject\",\"inLanguage\":\"fr-FR\",\"@id\":\"https:\\\/\\\/www.latribunedufaso.net\\\/#\\\/schema\\\/logo\\\/image\\\/\",\"url\":\"https:\\\/\\\/www.latribunedufaso.net\\\/wp-content\\\/uploads\\\/2020\\\/08\\\/Logo-Tribune-du-Faso-final-scaled.jpg\",\"contentUrl\":\"https:\\\/\\\/www.latribunedufaso.net\\\/wp-content\\\/uploads\\\/2020\\\/08\\\/Logo-Tribune-du-Faso-final-scaled.jpg\",\"width\":2560,\"height\":1856,\"caption\":\"La Tribune du Faso\"},\"image\":{\"@id\":\"https:\\\/\\\/www.latribunedufaso.net\\\/#\\\/schema\\\/logo\\\/image\\\/\"},\"sameAs\":[\"https:\\\/\\\/www.facebook.com\\\/LatribuneduFaso\\\/\"]},{\"@type\":\"Person\",\"@id\":\"https:\\\/\\\/www.latribunedufaso.net\\\/#\\\/schema\\\/person\\\/e54e64c5778a7e72cf80a318b7a622b0\",\"name\":\"Issouf Tapsoba\",\"image\":{\"@type\":\"ImageObject\",\"inLanguage\":\"fr-FR\",\"@id\":\"https:\\\/\\\/secure.gravatar.com\\\/avatar\\\/5e6c05150ce3230247d167f5b94d678eb05936197436d69b7921e3a95c9107ac?s=96&d=mm&r=g\",\"url\":\"https:\\\/\\\/secure.gravatar.com\\\/avatar\\\/5e6c05150ce3230247d167f5b94d678eb05936197436d69b7921e3a95c9107ac?s=96&d=mm&r=g\",\"contentUrl\":\"https:\\\/\\\/secure.gravatar.com\\\/avatar\\\/5e6c05150ce3230247d167f5b94d678eb05936197436d69b7921e3a95c9107ac?s=96&d=mm&r=g\",\"caption\":\"Issouf Tapsoba\"},\"url\":\"https:\\\/\\\/www.latribunedufaso.net\\\/?author=5\"}]}<\/script>\n<!-- \/ Yoast SEO plugin. -->","yoast_head_json":{"title":"SITHO 2026 : La direction r\u00e9gionale des Tannounyan mobilise les acteurs du secteur touristique\u00a0 - La Tribune du Faso","robots":{"index":"index","follow":"follow","max-snippet":"max-snippet:-1","max-image-preview":"max-image-preview:large","max-video-preview":"max-video-preview:-1"},"canonical":"https:\/\/www.latribunedufaso.net\/?p=31282","og_locale":"fr_FR","og_type":"article","og_title":"SITHO 2026 : La direction r\u00e9gionale des Tannounyan mobilise les acteurs du secteur touristique\u00a0 - La Tribune du Faso","og_description":"En pr\u00e9lude au Salon international du tourisme et de l\u2019h\u00f4tellerie de Ouagadougou (SITHO 2026), pr\u00e9vu du 22 au 27 septembre 2026, la Direction r\u00e9gionale de la Communication, de la Culture, des Arts et du Tourisme des Tannounyan a organis\u00e9, ce vendredi 4 septembre 2026 \u00e0 Banfora, une rencontre d\u2019information et d\u2019\u00e9changes avec les acteurs du secteur touristique de la r\u00e9gion.","og_url":"https:\/\/www.latribunedufaso.net\/?p=31282","og_site_name":"La Tribune du Faso","article_publisher":"https:\/\/www.facebook.com\/LatribuneduFaso\/","article_published_time":"2026-09-04T17:21:13+00:00","og_image":[{"width":1080,"height":1089,"url":"https:\/\/www.latribunedufaso.net\/wp-content\/uploads\/2026\/09\/FB_IMG_1788541706959.jpg","type":"image\/jpeg"}],"author":"Issouf Tapsoba","twitter_misc":{"\u00c9crit par":"Issouf Tapsoba","Dur\u00e9e de lecture estim\u00e9e":"3 minutes"},"schema":{"@context":"https:\/\/schema.org","@graph":[{"@type":"Article","@id":"https:\/\/www.latribunedufaso.net\/?p=31282#article","isPartOf":{"@id":"https:\/\/www.latribunedufaso.net\/?p=31282"},"author":{"name":"Issouf Tapsoba","@id":"https:\/\/www.latribunedufaso.net\/#\/schema\/person\/e54e64c5778a7e72cf80a318b7a622b0"},"headline":"SITHO 2026 : La direction r\u00e9gionale des Tannounyan mobilise les acteurs du secteur touristique\u00a0","datePublished":"2026-09-04T17:21:13+00:00","mainEntityOfPage":{"@id":"https:\/\/www.latribunedufaso.net\/?p=31282"},"wordCount":278,"commentCount":0,"publisher":{"@id":"https:\/\/www.latribunedufaso.net\/#organization"},"image":{"@id":"https:\/\/www.latribunedufaso.net\/?p=31282#primaryimage"},"thumbnailUrl":"https:\/\/www.latribunedufaso.net\/wp-content\/uploads\/2026\/09\/FB_IMG_1788541706959.jpg","keywords":["latribunedufaso.net","SITHO"],"articleSection":["A la une","Actualit\u00e9","Art et Culture"],"inLanguage":"fr-FR","potentialAction":[{"@type":"CommentAction","name":"Comment","target":["https:\/\/www.latribunedufaso.net\/?p=31282#respond"]}]},{"@type":"WebPage","@id":"https:\/\/www.latribunedufaso.net\/?p=31282","url":"https:\/\/www.latribunedufaso.net\/?p=31282","name":"SITHO 2026 : La direction r\u00e9gionale des Tannounyan mobilise les acteurs du secteur touristique\u00a0 - La Tribune du Faso","isPartOf":{"@id":"https:\/\/www.latribunedufaso.net\/#website"},"primaryImageOfPage":{"@id":"https:\/\/www.latribunedufaso.net\/?p=31282#primaryimage"},"image":{"@id":"https:\/\/www.latribunedufaso.net\/?p=31282#primaryimage"},"thumbnailUrl":"https:\/\/www.latribunedufaso.net\/wp-content\/uploads\/2026\/09\/FB_IMG_1788541706959.jpg","datePublished":"2026-09-04T17:21:13+00:00","breadcrumb":{"@id":"https:\/\/www.latribunedufaso.net\/?p=31282#breadcrumb"},"inLanguage":"fr-FR","potentialAction":[{"@type":"ReadAction","target":["https:\/\/www.latribunedufaso.net\/?p=31282"]}]},{"@type":"ImageObject","inLanguage":"fr-FR","@id":"https:\/\/www.latribunedufaso.net\/?p=31282#primaryimage","url":"https:\/\/www.latribunedufaso.net\/wp-content\/uploads\/2026\/09\/FB_IMG_1788541706959.jpg","contentUrl":"https:\/\/www.latribunedufaso.net\/wp-content\/uploads\/2026\/09\/FB_IMG_1788541706959.jpg","width":1080,"height":1089,"caption":"En pr\u00e9lude au SITHO, la Direction r\u00e9gionale de la Culture des Tannounyan a organis\u00e9, ce vendredi 4 septembre 2026 \u00e0 Banfora, une rencontre d\u2019information et d\u2019\u00e9changes avec les acteurs du secteur touristique de la r\u00e9gion."},{"@type":"BreadcrumbList","@id":"https:\/\/www.latribunedufaso.net\/?p=31282#breadcrumb","itemListElement":[{"@type":"ListItem","position":1,"name":"Accueil","item":"https:\/\/www.latribunedufaso.net\/"},{"@type":"ListItem","position":2,"name":"SITHO 2026 : La direction r\u00e9gionale des Tannounyan mobilise les acteurs du secteur touristique\u00a0"}]},{"@type":"WebSite","@id":"https:\/\/www.latribunedufaso.net\/#website","url":"https:\/\/www.latribunedufaso.net\/","name":"La Tribune du Faso","description":"L&#039;information du monde rural en un clic","publisher":{"@id":"https:\/\/www.latribunedufaso.net\/#organization"},"potentialAction":[{"@type":"SearchAction","target":{"@type":"EntryPoint","urlTemplate":"https:\/\/www.latribunedufaso.net\/?s={search_term_string}"},"query-input":{"@type":"PropertyValueSpecification","valueRequired":true,"valueName":"search_term_string"}}],"inLanguage":"fr-FR"},{"@type":"Organization","@id":"https:\/\/www.latribunedufaso.net\/#organization","name":"La Tribune du Faso","url":"https:\/\/www.latribunedufaso.net\/","logo":{"@type":"ImageObject","inLanguage":"fr-FR","@id":"https:\/\/www.latribunedufaso.net\/#\/schema\/logo\/image\/","url":"https:\/\/www.latribunedufaso.net\/wp-content\/uploads\/2020\/08\/Logo-Tribune-du-Faso-final-scaled.jpg","contentUrl":"https:\/\/www.latribunedufaso.net\/wp-content\/uploads\/2020\/08\/Logo-Tribune-du-Faso-final-scaled.jpg","width":2560,"height":1856,"caption":"La Tribune du Faso"},"image":{"@id":"https:\/\/www.latribunedufaso.net\/#\/schema\/logo\/image\/"},"sameAs":["https:\/\/www.facebook.com\/LatribuneduFaso\/"]},{"@type":"Person","@id":"https:\/\/www.latribunedufaso.net\/#\/schema\/person\/e54e64c5778a7e72cf80a318b7a622b0","name":"Issouf Tapsoba","image":{"@type":"ImageObject","inLanguage":"fr-FR","@id":"https:\/\/secure.gravatar.com\/avatar\/5e6c05150ce3230247d167f5b94d678eb05936197436d69b7921e3a95c9107ac?s=96&d=mm&r=g","url":"https:\/\/secure.gravatar.com\/avatar\/5e6c05150ce3230247d167f5b94d678eb05936197436d69b7921e3a95c9107ac?s=96&d=mm&r=g","contentUrl":"https:\/\/secure.gravatar.com\/avatar\/5e6c05150ce3230247d167f5b94d678eb05936197436d69b7921e3a95c9107ac?s=96&d=mm&r=g","caption":"Issouf Tapsoba"},"url":"https:\/\/www.latribunedufaso.net\/?author=5"}]}},"_links":{"self":[{"href":"https:\/\/www.latribunedufaso.net\/index.php?rest_route=\/wp\/v2\/posts\/31282","targetHints":{"allow":["GET"]}}],"collection":[{"href":"https:\/\/www.latribunedufaso.net\/index.php?rest_route=\/wp\/v2\/posts"}],"about":[{"href":"https:\/\/www.latribunedufaso.net\/index.php?rest_route=\/wp\/v2\/types\/post"}],"author":[{"embeddable":true,"href":"https:\/\/www.latribunedufaso.net\/index.php?rest_route=\/wp\/v2\/users\/5"}],"replies":[{"embeddable":true,"href":"https:\/\/www.latribunedufaso.net\/index.php?rest_route=%2Fwp%2Fv2%2Fcomments&post=31282"}],"version-history":[{"count":4,"href":"https:\/\/www.latribunedufaso.net\/index.php?rest_route=\/wp\/v2\/posts\/31282\/revisions"}],"predecessor-version":[{"id":31291,"href":"https:\/\/www.latribunedufaso.net\/index.php?rest_route=\/wp\/v2\/posts\/31282\/revisions\/31291"}],"wp:featuredmedia":[{"embeddable":true,"href":"https:\/\/www.latribunedufaso.net\/index.php?rest_route=\/wp\/v2\/media\/31289"}],"wp:attachment":[{"href":"https:\/\/www.latribunedufaso.net\/index.php?rest_route=%2Fwp%2Fv2%2Fmedia&parent=31282"}],"wp:term":[{"taxonomy":"category","embeddable":true,"href":"https:\/\/www.latribunedufaso.net\/index.php?rest_route=%2Fwp%2Fv2%2Fcategories&post=31282"},{"taxonomy":"post_tag","embeddable":true,"href":"https:\/\/www.latribunedufaso.net\/index.php?rest_route=%2Fwp%2Fv2%2Ftags&post=31282"}],"curies":[{"name":"wp","href":"https:\/\/api.w.org\/{rel}","templated":true}]}}