{"id":31263,"date":"2026-09-03T23:12:23","date_gmt":"2026-09-03T23:12:23","guid":{"rendered":"https:\/\/www.latribunedufaso.net\/?p=31263"},"modified":"2026-09-03T23:12:23","modified_gmt":"2026-09-03T23:12:23","slug":"memorial-thomas-sankara-11eme-ceremonial-dhommage-militaire-au-president-thomas-sankara-et-a-ses-douze-compagnons","status":"publish","type":"post","link":"https:\/\/www.latribunedufaso.net\/?p=31263","title":{"rendered":"M\u00e9morial Thomas SANKARA : 11\u00e8me c\u00e9r\u00e9monial d\u2019hommage militaire au Pr\u00e9sident Thomas SANKARA et \u00e0 ses douze compagnons"},"content":{"rendered":"<p><strong>Le Ministre de la Communication, de la Culture, des Arts et du Tourisme, Pingdwend\u00e9 Gilbert Ou\u00e9draogo a pris part au c\u00e9r\u00e9monial d\u2019hommage militaire \u00e0 feu le Capitaine Thomas Isidore No\u00ebl Sankara et \u00e0 ses douze compagnons d&rsquo;infortune, ce jeudi 3 septembre 2026 \u00e0 Ouagadougou.<\/strong><!--more--><\/p>\n<p>Ce 11\u00e8me c\u00e9r\u00e9monial d\u2019hommage militaire s\u2019est tenu au M\u00e9morial Thomas Sankara, en pr\u00e9sence du Ministre d\u2019\u00c9tat, Ministre de la Guerre et de la D\u00e9fense Patriotique, le G\u00e9n\u00e9ral de Division C\u00e9lestin Simpor\u00e9, pr\u00e9sident de l&rsquo;acte 11 du c\u00e9r\u00e9monial.<\/p>\n<figure id=\"attachment_31267\" aria-describedby=\"caption-attachment-31267\" style=\"width: 1080px\" class=\"wp-caption aligncenter\"><a href=\"https:\/\/www.latribunedufaso.net\/wp-content\/uploads\/2026\/09\/FB_IMG_1788476446297.jpg\"><img loading=\"lazy\" decoding=\"async\" class=\"size-full wp-image-31267\" src=\"https:\/\/www.latribunedufaso.net\/wp-content\/uploads\/2026\/09\/FB_IMG_1788476446297.jpg\" alt=\"11e acte du c\u00e9r\u00e9monial d\u2019hommage militaire au M\u00e9morial Thomas Sankara, 3 septembre 2026\" width=\"1080\" height=\"674\" srcset=\"https:\/\/www.latribunedufaso.net\/wp-content\/uploads\/2026\/09\/FB_IMG_1788476446297.jpg 1080w, https:\/\/www.latribunedufaso.net\/wp-content\/uploads\/2026\/09\/FB_IMG_1788476446297-300x187.jpg 300w, https:\/\/www.latribunedufaso.net\/wp-content\/uploads\/2026\/09\/FB_IMG_1788476446297-1024x639.jpg 1024w, https:\/\/www.latribunedufaso.net\/wp-content\/uploads\/2026\/09\/FB_IMG_1788476446297-768x479.jpg 768w\" sizes=\"auto, (max-width: 1080px) 100vw, 1080px\" \/><\/a><figcaption id=\"caption-attachment-31267\" class=\"wp-caption-text\">Le Ministre d\u2019\u00c9tat, Ministre de la Guerre et de la D\u00e9fense Patriotique, le G\u00e9n\u00e9ral de Division C\u00e9lestin Simpor\u00e9 a pr\u00e9sid\u00e9 la c\u00e9r\u00e9monie &#8211; Ph. DR<\/figcaption><\/figure>\n<p>Dans son intervention, le Ministre Pingdwend\u00e9 Gilbert Ou\u00e9draogo a rappel\u00e9 la port\u00e9e particuli\u00e8re de ce c\u00e9r\u00e9monial. Selon lui, il ne s\u2019agit pas d\u2019un simple rendez-vous comm\u00e9moratif, mais d\u2019un hommage symbolique et solennel rendu au P\u00e8re de la R\u00e9volution d\u2019ao\u00fbt 1983 et \u00e0 ses compagnons d\u2019armes.<\/p>\n<p><em><strong>\u00ab Nous ne pouvons pas construire un Burkina nouveau si nous ne nous inscrivons pas dans une dynamique r\u00e9volutionnaire \u00bb<\/strong><\/em>, a-t-il d\u00e9clar\u00e9, invitant ainsi les Burkinab\u00e8 \u00e0 s\u2019inspirer davantage des valeurs de patriotism<span style=\"font-size: 1.0625rem;\">e, d\u2019int\u00e9grit\u00e9, de dignit\u00e9 et de souverainet\u00e9 incarn\u00e9es par le Pr\u00e9sident Thomas Sankara.<\/span><\/p>\n<figure id=\"attachment_31268\" aria-describedby=\"caption-attachment-31268\" style=\"width: 1080px\" class=\"wp-caption aligncenter\"><a href=\"https:\/\/www.latribunedufaso.net\/wp-content\/uploads\/2026\/09\/FB_IMG_1788476455554.jpg\"><img loading=\"lazy\" decoding=\"async\" class=\"size-full wp-image-31268\" src=\"https:\/\/www.latribunedufaso.net\/wp-content\/uploads\/2026\/09\/FB_IMG_1788476455554.jpg\" alt=\"11e acte du c\u00e9r\u00e9monial d\u2019hommage militaire au M\u00e9morial Thomas Sankara, 3 septembre 2026\" width=\"1080\" height=\"391\" srcset=\"https:\/\/www.latribunedufaso.net\/wp-content\/uploads\/2026\/09\/FB_IMG_1788476455554.jpg 1080w, https:\/\/www.latribunedufaso.net\/wp-content\/uploads\/2026\/09\/FB_IMG_1788476455554-300x109.jpg 300w, https:\/\/www.latribunedufaso.net\/wp-content\/uploads\/2026\/09\/FB_IMG_1788476455554-1024x371.jpg 1024w, https:\/\/www.latribunedufaso.net\/wp-content\/uploads\/2026\/09\/FB_IMG_1788476455554-768x278.jpg 768w\" sizes=\"auto, (max-width: 1080px) 100vw, 1080px\" \/><\/a><figcaption id=\"caption-attachment-31268\" class=\"wp-caption-text\">Photo de famille des participants \u00e0 la c\u00e9r\u00e9monie &#8211; Ph. DR<\/figcaption><\/figure>\n<p>Pour sa part, le Ministre d\u2019\u00c9tat, le G\u00e9n\u00e9ral de Division C\u00e9lestin Simpor\u00e9 a salu\u00e9 l\u2019institution de ce c\u00e9r\u00e9monial d\u2019hommage. Il a soulign\u00e9 que cette c\u00e9r\u00e9monie constitue non seulement un devoir de m\u00e9moire, mais \u00e9galement une affirmation renouvel\u00e9e des engagements du peuple burkinab\u00e8 en faveur de la dignit\u00e9, de la souverainet\u00e9 et de la justice sociale.<\/p>\n<blockquote>\n<p>Lire aussi &gt;&gt;\u00a0<a href=\"https:\/\/www.latribunedufaso.net\/?p=27305\">C\u00e9r\u00e9monial militaire en hommage \u00e0 Thomas Sankara : Le 4\u00e8me num\u00e9ro pr\u00e9sid\u00e9 par le ministre Directeur de cabinet du Pr\u00e9sident du Faso, Anderson Medah\u00a0<\/a><\/p>\n<\/blockquote>\n<p>Au terme de la c\u00e9r\u00e9monie, le Ministre Pingdwend\u00e9 Gilbert Ou\u00e9draogo a rappel\u00e9 que le M\u00e9morial Thomas Sankara est aujourd\u2019hui un site de r\u00e9f\u00e9rence pour le Burkina Faso. Il a alors invit\u00e9 l\u2019ensemble des Burkinab\u00e8 et les amis du Burkina \u00e0 visiter ce lieu embl\u00e9matique, porteur de m\u00e9moires et symbole vivant des id\u00e9aux de la R\u00e9volution burkinab\u00e8.<\/p>\n<p><strong>Latribunedufaso.net<\/strong><\/p>\n<p><strong>Source : DCRP\/MCCAT<\/strong><\/p>\n<p><a href=\"https:\/\/www.latribunedufaso.net\/wp-content\/uploads\/2026\/09\/FB_IMG_1788476462187.jpg\"><img loading=\"lazy\" decoding=\"async\" class=\"aligncenter size-full wp-image-31269\" src=\"https:\/\/www.latribunedufaso.net\/wp-content\/uploads\/2026\/09\/FB_IMG_1788476462187.jpg\" alt=\"11e acte du c\u00e9r\u00e9monial d\u2019hommage militaire au M\u00e9morial Thomas Sankara, 3 septembre 2026\" width=\"1080\" height=\"674\" srcset=\"https:\/\/www.latribunedufaso.net\/wp-content\/uploads\/2026\/09\/FB_IMG_1788476462187.jpg 1080w, https:\/\/www.latribunedufaso.net\/wp-content\/uploads\/2026\/09\/FB_IMG_1788476462187-300x187.jpg 300w, https:\/\/www.latribunedufaso.net\/wp-content\/uploads\/2026\/09\/FB_IMG_1788476462187-1024x639.jpg 1024w, https:\/\/www.latribunedufaso.net\/wp-content\/uploads\/2026\/09\/FB_IMG_1788476462187-768x479.jpg 768w\" sizes=\"auto, (max-width: 1080px) 100vw, 1080px\" \/><\/a><\/p>\n","protected":false},"excerpt":{"rendered":"<p>Le Ministre de la Communication, de la Culture, des Arts et du Tourisme, Pingdwend\u00e9 Gilbert Ou\u00e9draogo a pris part au c\u00e9r\u00e9monial d\u2019hommage militaire \u00e0 feu le Capitaine Thomas Isidore No\u00ebl Sankara et \u00e0 ses douze compagnons d&rsquo;infortune, ce jeudi 3 septembre 2026 \u00e0 Ouagadougou.<\/p>\n","protected":false},"author":5,"featured_media":31270,"comment_status":"open","ping_status":"open","sticky":false,"template":"","format":"standard","meta":{"footnotes":""},"categories":[13,1,30],"tags":[1751,39,506],"class_list":["post-31263","post","type-post","status-publish","format-standard","has-post-thumbnail","hentry","category-une","category-actu","category-art-et-culture","tag-ceremonial-dhommage-militaire-thomas-sankara","tag-latribunedufaso-net","tag-memorial-thomas-sankara"],"yoast_head":"<!-- This site is optimized with the Yoast SEO plugin v28.4 - https:\/\/yoast.com\/product\/yoast-seo-wordpress\/ -->\n<title>M\u00e9morial Thomas SANKARA : 11\u00e8me c\u00e9r\u00e9monial d\u2019hommage militaire au Pr\u00e9sident Thomas SANKARA et \u00e0 ses douze compagnons - La Tribune du Faso<\/title>\n<meta name=\"robots\" content=\"index, follow, max-snippet:-1, max-image-preview:large, max-video-preview:-1\" \/>\n<link rel=\"canonical\" href=\"https:\/\/www.latribunedufaso.net\/?p=31263\" \/>\n<meta property=\"og:locale\" content=\"fr_FR\" \/>\n<meta property=\"og:type\" content=\"article\" \/>\n<meta property=\"og:title\" content=\"M\u00e9morial Thomas SANKARA : 11\u00e8me c\u00e9r\u00e9monial d\u2019hommage militaire au Pr\u00e9sident Thomas SANKARA et \u00e0 ses douze compagnons - La Tribune du Faso\" \/>\n<meta property=\"og:description\" content=\"Le Ministre de la Communication, de la Culture, des Arts et du Tourisme, Pingdwend\u00e9 Gilbert Ou\u00e9draogo a pris part au c\u00e9r\u00e9monial d\u2019hommage militaire \u00e0 feu le Capitaine Thomas Isidore No\u00ebl Sankara et \u00e0 ses douze compagnons d&rsquo;infortune, ce jeudi 3 septembre 2026 \u00e0 Ouagadougou.\" \/>\n<meta property=\"og:url\" content=\"https:\/\/www.latribunedufaso.net\/?p=31263\" \/>\n<meta property=\"og:site_name\" content=\"La Tribune du Faso\" \/>\n<meta property=\"article:publisher\" content=\"https:\/\/www.facebook.com\/LatribuneduFaso\/\" \/>\n<meta property=\"article:published_time\" content=\"2026-09-03T23:12:23+00:00\" \/>\n<meta property=\"og:image\" content=\"https:\/\/www.latribunedufaso.net\/wp-content\/uploads\/2026\/09\/FB_IMG_1788476384674.jpg\" \/>\n\t<meta property=\"og:image:width\" content=\"1080\" \/>\n\t<meta property=\"og:image:height\" content=\"904\" \/>\n\t<meta property=\"og:image:type\" content=\"image\/jpeg\" \/>\n<meta name=\"author\" content=\"Issouf Tapsoba\" \/>\n<meta name=\"twitter:label1\" content=\"\u00c9crit par\" \/>\n\t<meta name=\"twitter:data1\" content=\"Issouf Tapsoba\" \/>\n\t<meta name=\"twitter:label2\" content=\"Dur\u00e9e de lecture estim\u00e9e\" \/>\n\t<meta name=\"twitter:data2\" content=\"3 minutes\" \/>\n<script type=\"application\/ld+json\" class=\"yoast-schema-graph\">{\"@context\":\"https:\\\/\\\/schema.org\",\"@graph\":[{\"@type\":\"Article\",\"@id\":\"https:\\\/\\\/www.latribunedufaso.net\\\/?p=31263#article\",\"isPartOf\":{\"@id\":\"https:\\\/\\\/www.latribunedufaso.net\\\/?p=31263\"},\"author\":{\"name\":\"Issouf Tapsoba\",\"@id\":\"https:\\\/\\\/www.latribunedufaso.net\\\/#\\\/schema\\\/person\\\/e54e64c5778a7e72cf80a318b7a622b0\"},\"headline\":\"M\u00e9morial Thomas SANKARA : 11\u00e8me c\u00e9r\u00e9monial d\u2019hommage militaire au Pr\u00e9sident Thomas SANKARA et \u00e0 ses douze compagnons\",\"datePublished\":\"2026-09-03T23:12:23+00:00\",\"mainEntityOfPage\":{\"@id\":\"https:\\\/\\\/www.latribunedufaso.net\\\/?p=31263\"},\"wordCount\":451,\"commentCount\":0,\"publisher\":{\"@id\":\"https:\\\/\\\/www.latribunedufaso.net\\\/#organization\"},\"image\":{\"@id\":\"https:\\\/\\\/www.latribunedufaso.net\\\/?p=31263#primaryimage\"},\"thumbnailUrl\":\"https:\\\/\\\/www.latribunedufaso.net\\\/wp-content\\\/uploads\\\/2026\\\/09\\\/FB_IMG_1788476384674.jpg\",\"keywords\":[\"Ceremonial d'hommage militaire Thomas Sankara\",\"latribunedufaso.net\",\"M\u00e9morial Thomas Sankara\"],\"articleSection\":[\"A la une\",\"Actualit\u00e9\",\"Art et Culture\"],\"inLanguage\":\"fr-FR\",\"potentialAction\":[{\"@type\":\"CommentAction\",\"name\":\"Comment\",\"target\":[\"https:\\\/\\\/www.latribunedufaso.net\\\/?p=31263#respond\"]}]},{\"@type\":\"WebPage\",\"@id\":\"https:\\\/\\\/www.latribunedufaso.net\\\/?p=31263\",\"url\":\"https:\\\/\\\/www.latribunedufaso.net\\\/?p=31263\",\"name\":\"M\u00e9morial Thomas SANKARA : 11\u00e8me c\u00e9r\u00e9monial d\u2019hommage militaire au Pr\u00e9sident Thomas SANKARA et \u00e0 ses douze compagnons - La Tribune du Faso\",\"isPartOf\":{\"@id\":\"https:\\\/\\\/www.latribunedufaso.net\\\/#website\"},\"primaryImageOfPage\":{\"@id\":\"https:\\\/\\\/www.latribunedufaso.net\\\/?p=31263#primaryimage\"},\"image\":{\"@id\":\"https:\\\/\\\/www.latribunedufaso.net\\\/?p=31263#primaryimage\"},\"thumbnailUrl\":\"https:\\\/\\\/www.latribunedufaso.net\\\/wp-content\\\/uploads\\\/2026\\\/09\\\/FB_IMG_1788476384674.jpg\",\"datePublished\":\"2026-09-03T23:12:23+00:00\",\"breadcrumb\":{\"@id\":\"https:\\\/\\\/www.latribunedufaso.net\\\/?p=31263#breadcrumb\"},\"inLanguage\":\"fr-FR\",\"potentialAction\":[{\"@type\":\"ReadAction\",\"target\":[\"https:\\\/\\\/www.latribunedufaso.net\\\/?p=31263\"]}]},{\"@type\":\"ImageObject\",\"inLanguage\":\"fr-FR\",\"@id\":\"https:\\\/\\\/www.latribunedufaso.net\\\/?p=31263#primaryimage\",\"url\":\"https:\\\/\\\/www.latribunedufaso.net\\\/wp-content\\\/uploads\\\/2026\\\/09\\\/FB_IMG_1788476384674.jpg\",\"contentUrl\":\"https:\\\/\\\/www.latribunedufaso.net\\\/wp-content\\\/uploads\\\/2026\\\/09\\\/FB_IMG_1788476384674.jpg\",\"width\":1080,\"height\":904,\"caption\":\"11e acte du c\u00e9r\u00e9monial d\u2019hommage militaire au M\u00e9morial Thomas Sankara, 3 septembre 2026\"},{\"@type\":\"BreadcrumbList\",\"@id\":\"https:\\\/\\\/www.latribunedufaso.net\\\/?p=31263#breadcrumb\",\"itemListElement\":[{\"@type\":\"ListItem\",\"position\":1,\"name\":\"Accueil\",\"item\":\"https:\\\/\\\/www.latribunedufaso.net\\\/\"},{\"@type\":\"ListItem\",\"position\":2,\"name\":\"M\u00e9morial Thomas SANKARA : 11\u00e8me c\u00e9r\u00e9monial d\u2019hommage militaire au Pr\u00e9sident Thomas SANKARA et \u00e0 ses douze compagnons\"}]},{\"@type\":\"WebSite\",\"@id\":\"https:\\\/\\\/www.latribunedufaso.net\\\/#website\",\"url\":\"https:\\\/\\\/www.latribunedufaso.net\\\/\",\"name\":\"La Tribune du Faso\",\"description\":\"L&#039;information du monde rural en un clic\",\"publisher\":{\"@id\":\"https:\\\/\\\/www.latribunedufaso.net\\\/#organization\"},\"potentialAction\":[{\"@type\":\"SearchAction\",\"target\":{\"@type\":\"EntryPoint\",\"urlTemplate\":\"https:\\\/\\\/www.latribunedufaso.net\\\/?s={search_term_string}\"},\"query-input\":{\"@type\":\"PropertyValueSpecification\",\"valueRequired\":true,\"valueName\":\"search_term_string\"}}],\"inLanguage\":\"fr-FR\"},{\"@type\":\"Organization\",\"@id\":\"https:\\\/\\\/www.latribunedufaso.net\\\/#organization\",\"name\":\"La Tribune du Faso\",\"url\":\"https:\\\/\\\/www.latribunedufaso.net\\\/\",\"logo\":{\"@type\":\"ImageObject\",\"inLanguage\":\"fr-FR\",\"@id\":\"https:\\\/\\\/www.latribunedufaso.net\\\/#\\\/schema\\\/logo\\\/image\\\/\",\"url\":\"https:\\\/\\\/www.latribunedufaso.net\\\/wp-content\\\/uploads\\\/2020\\\/08\\\/Logo-Tribune-du-Faso-final-scaled.jpg\",\"contentUrl\":\"https:\\\/\\\/www.latribunedufaso.net\\\/wp-content\\\/uploads\\\/2020\\\/08\\\/Logo-Tribune-du-Faso-final-scaled.jpg\",\"width\":2560,\"height\":1856,\"caption\":\"La Tribune du Faso\"},\"image\":{\"@id\":\"https:\\\/\\\/www.latribunedufaso.net\\\/#\\\/schema\\\/logo\\\/image\\\/\"},\"sameAs\":[\"https:\\\/\\\/www.facebook.com\\\/LatribuneduFaso\\\/\"]},{\"@type\":\"Person\",\"@id\":\"https:\\\/\\\/www.latribunedufaso.net\\\/#\\\/schema\\\/person\\\/e54e64c5778a7e72cf80a318b7a622b0\",\"name\":\"Issouf Tapsoba\",\"image\":{\"@type\":\"ImageObject\",\"inLanguage\":\"fr-FR\",\"@id\":\"https:\\\/\\\/secure.gravatar.com\\\/avatar\\\/5e6c05150ce3230247d167f5b94d678eb05936197436d69b7921e3a95c9107ac?s=96&d=mm&r=g\",\"url\":\"https:\\\/\\\/secure.gravatar.com\\\/avatar\\\/5e6c05150ce3230247d167f5b94d678eb05936197436d69b7921e3a95c9107ac?s=96&d=mm&r=g\",\"contentUrl\":\"https:\\\/\\\/secure.gravatar.com\\\/avatar\\\/5e6c05150ce3230247d167f5b94d678eb05936197436d69b7921e3a95c9107ac?s=96&d=mm&r=g\",\"caption\":\"Issouf Tapsoba\"},\"url\":\"https:\\\/\\\/www.latribunedufaso.net\\\/?author=5\"}]}<\/script>\n<!-- \/ Yoast SEO plugin. -->","yoast_head_json":{"title":"M\u00e9morial Thomas SANKARA : 11\u00e8me c\u00e9r\u00e9monial d\u2019hommage militaire au Pr\u00e9sident Thomas SANKARA et \u00e0 ses douze compagnons - La Tribune du Faso","robots":{"index":"index","follow":"follow","max-snippet":"max-snippet:-1","max-image-preview":"max-image-preview:large","max-video-preview":"max-video-preview:-1"},"canonical":"https:\/\/www.latribunedufaso.net\/?p=31263","og_locale":"fr_FR","og_type":"article","og_title":"M\u00e9morial Thomas SANKARA : 11\u00e8me c\u00e9r\u00e9monial d\u2019hommage militaire au Pr\u00e9sident Thomas SANKARA et \u00e0 ses douze compagnons - La Tribune du Faso","og_description":"Le Ministre de la Communication, de la Culture, des Arts et du Tourisme, Pingdwend\u00e9 Gilbert Ou\u00e9draogo a pris part au c\u00e9r\u00e9monial d\u2019hommage militaire \u00e0 feu le Capitaine Thomas Isidore No\u00ebl Sankara et \u00e0 ses douze compagnons d&rsquo;infortune, ce jeudi 3 septembre 2026 \u00e0 Ouagadougou.","og_url":"https:\/\/www.latribunedufaso.net\/?p=31263","og_site_name":"La Tribune du Faso","article_publisher":"https:\/\/www.facebook.com\/LatribuneduFaso\/","article_published_time":"2026-09-03T23:12:23+00:00","og_image":[{"width":1080,"height":904,"url":"https:\/\/www.latribunedufaso.net\/wp-content\/uploads\/2026\/09\/FB_IMG_1788476384674.jpg","type":"image\/jpeg"}],"author":"Issouf Tapsoba","twitter_misc":{"\u00c9crit par":"Issouf Tapsoba","Dur\u00e9e de lecture estim\u00e9e":"3 minutes"},"schema":{"@context":"https:\/\/schema.org","@graph":[{"@type":"Article","@id":"https:\/\/www.latribunedufaso.net\/?p=31263#article","isPartOf":{"@id":"https:\/\/www.latribunedufaso.net\/?p=31263"},"author":{"name":"Issouf Tapsoba","@id":"https:\/\/www.latribunedufaso.net\/#\/schema\/person\/e54e64c5778a7e72cf80a318b7a622b0"},"headline":"M\u00e9morial Thomas SANKARA : 11\u00e8me c\u00e9r\u00e9monial d\u2019hommage militaire au Pr\u00e9sident Thomas SANKARA et \u00e0 ses douze compagnons","datePublished":"2026-09-03T23:12:23+00:00","mainEntityOfPage":{"@id":"https:\/\/www.latribunedufaso.net\/?p=31263"},"wordCount":451,"commentCount":0,"publisher":{"@id":"https:\/\/www.latribunedufaso.net\/#organization"},"image":{"@id":"https:\/\/www.latribunedufaso.net\/?p=31263#primaryimage"},"thumbnailUrl":"https:\/\/www.latribunedufaso.net\/wp-content\/uploads\/2026\/09\/FB_IMG_1788476384674.jpg","keywords":["Ceremonial d'hommage militaire Thomas Sankara","latribunedufaso.net","M\u00e9morial Thomas Sankara"],"articleSection":["A la une","Actualit\u00e9","Art et Culture"],"inLanguage":"fr-FR","potentialAction":[{"@type":"CommentAction","name":"Comment","target":["https:\/\/www.latribunedufaso.net\/?p=31263#respond"]}]},{"@type":"WebPage","@id":"https:\/\/www.latribunedufaso.net\/?p=31263","url":"https:\/\/www.latribunedufaso.net\/?p=31263","name":"M\u00e9morial Thomas SANKARA : 11\u00e8me c\u00e9r\u00e9monial d\u2019hommage militaire au Pr\u00e9sident Thomas SANKARA et \u00e0 ses douze compagnons - La Tribune du Faso","isPartOf":{"@id":"https:\/\/www.latribunedufaso.net\/#website"},"primaryImageOfPage":{"@id":"https:\/\/www.latribunedufaso.net\/?p=31263#primaryimage"},"image":{"@id":"https:\/\/www.latribunedufaso.net\/?p=31263#primaryimage"},"thumbnailUrl":"https:\/\/www.latribunedufaso.net\/wp-content\/uploads\/2026\/09\/FB_IMG_1788476384674.jpg","datePublished":"2026-09-03T23:12:23+00:00","breadcrumb":{"@id":"https:\/\/www.latribunedufaso.net\/?p=31263#breadcrumb"},"inLanguage":"fr-FR","potentialAction":[{"@type":"ReadAction","target":["https:\/\/www.latribunedufaso.net\/?p=31263"]}]},{"@type":"ImageObject","inLanguage":"fr-FR","@id":"https:\/\/www.latribunedufaso.net\/?p=31263#primaryimage","url":"https:\/\/www.latribunedufaso.net\/wp-content\/uploads\/2026\/09\/FB_IMG_1788476384674.jpg","contentUrl":"https:\/\/www.latribunedufaso.net\/wp-content\/uploads\/2026\/09\/FB_IMG_1788476384674.jpg","width":1080,"height":904,"caption":"11e acte du c\u00e9r\u00e9monial d\u2019hommage militaire au M\u00e9morial Thomas Sankara, 3 septembre 2026"},{"@type":"BreadcrumbList","@id":"https:\/\/www.latribunedufaso.net\/?p=31263#breadcrumb","itemListElement":[{"@type":"ListItem","position":1,"name":"Accueil","item":"https:\/\/www.latribunedufaso.net\/"},{"@type":"ListItem","position":2,"name":"M\u00e9morial Thomas SANKARA : 11\u00e8me c\u00e9r\u00e9monial d\u2019hommage militaire au Pr\u00e9sident Thomas SANKARA et \u00e0 ses douze compagnons"}]},{"@type":"WebSite","@id":"https:\/\/www.latribunedufaso.net\/#website","url":"https:\/\/www.latribunedufaso.net\/","name":"La Tribune du Faso","description":"L&#039;information du monde rural en un clic","publisher":{"@id":"https:\/\/www.latribunedufaso.net\/#organization"},"potentialAction":[{"@type":"SearchAction","target":{"@type":"EntryPoint","urlTemplate":"https:\/\/www.latribunedufaso.net\/?s={search_term_string}"},"query-input":{"@type":"PropertyValueSpecification","valueRequired":true,"valueName":"search_term_string"}}],"inLanguage":"fr-FR"},{"@type":"Organization","@id":"https:\/\/www.latribunedufaso.net\/#organization","name":"La Tribune du Faso","url":"https:\/\/www.latribunedufaso.net\/","logo":{"@type":"ImageObject","inLanguage":"fr-FR","@id":"https:\/\/www.latribunedufaso.net\/#\/schema\/logo\/image\/","url":"https:\/\/www.latribunedufaso.net\/wp-content\/uploads\/2020\/08\/Logo-Tribune-du-Faso-final-scaled.jpg","contentUrl":"https:\/\/www.latribunedufaso.net\/wp-content\/uploads\/2020\/08\/Logo-Tribune-du-Faso-final-scaled.jpg","width":2560,"height":1856,"caption":"La Tribune du Faso"},"image":{"@id":"https:\/\/www.latribunedufaso.net\/#\/schema\/logo\/image\/"},"sameAs":["https:\/\/www.facebook.com\/LatribuneduFaso\/"]},{"@type":"Person","@id":"https:\/\/www.latribunedufaso.net\/#\/schema\/person\/e54e64c5778a7e72cf80a318b7a622b0","name":"Issouf Tapsoba","image":{"@type":"ImageObject","inLanguage":"fr-FR","@id":"https:\/\/secure.gravatar.com\/avatar\/5e6c05150ce3230247d167f5b94d678eb05936197436d69b7921e3a95c9107ac?s=96&d=mm&r=g","url":"https:\/\/secure.gravatar.com\/avatar\/5e6c05150ce3230247d167f5b94d678eb05936197436d69b7921e3a95c9107ac?s=96&d=mm&r=g","contentUrl":"https:\/\/secure.gravatar.com\/avatar\/5e6c05150ce3230247d167f5b94d678eb05936197436d69b7921e3a95c9107ac?s=96&d=mm&r=g","caption":"Issouf Tapsoba"},"url":"https:\/\/www.latribunedufaso.net\/?author=5"}]}},"_links":{"self":[{"href":"https:\/\/www.latribunedufaso.net\/index.php?rest_route=\/wp\/v2\/posts\/31263","targetHints":{"allow":["GET"]}}],"collection":[{"href":"https:\/\/www.latribunedufaso.net\/index.php?rest_route=\/wp\/v2\/posts"}],"about":[{"href":"https:\/\/www.latribunedufaso.net\/index.php?rest_route=\/wp\/v2\/types\/post"}],"author":[{"embeddable":true,"href":"https:\/\/www.latribunedufaso.net\/index.php?rest_route=\/wp\/v2\/users\/5"}],"replies":[{"embeddable":true,"href":"https:\/\/www.latribunedufaso.net\/index.php?rest_route=%2Fwp%2Fv2%2Fcomments&post=31263"}],"version-history":[{"count":4,"href":"https:\/\/www.latribunedufaso.net\/index.php?rest_route=\/wp\/v2\/posts\/31263\/revisions"}],"predecessor-version":[{"id":31272,"href":"https:\/\/www.latribunedufaso.net\/index.php?rest_route=\/wp\/v2\/posts\/31263\/revisions\/31272"}],"wp:featuredmedia":[{"embeddable":true,"href":"https:\/\/www.latribunedufaso.net\/index.php?rest_route=\/wp\/v2\/media\/31270"}],"wp:attachment":[{"href":"https:\/\/www.latribunedufaso.net\/index.php?rest_route=%2Fwp%2Fv2%2Fmedia&parent=31263"}],"wp:term":[{"taxonomy":"category","embeddable":true,"href":"https:\/\/www.latribunedufaso.net\/index.php?rest_route=%2Fwp%2Fv2%2Fcategories&post=31263"},{"taxonomy":"post_tag","embeddable":true,"href":"https:\/\/www.latribunedufaso.net\/index.php?rest_route=%2Fwp%2Fv2%2Ftags&post=31263"}],"curies":[{"name":"wp","href":"https:\/\/api.w.org\/{rel}","templated":true}]}}