{"id":31253,"date":"2026-09-03T16:49:28","date_gmt":"2026-09-03T16:49:28","guid":{"rendered":"https:\/\/www.latribunedufaso.net\/?p=31253"},"modified":"2026-09-03T16:49:28","modified_gmt":"2026-09-03T16:49:28","slug":"immersion-patriotique-le-mccat-appelle-les-acteurs-culturels-a-devenir-des-ambassadeurs-du-renouveau-culturel","status":"publish","type":"post","link":"https:\/\/www.latribunedufaso.net\/?p=31253","title":{"rendered":"Immersion patriotique : Le MCCAT appelle les acteurs culturels \u00e0 devenir des ambassadeurs du renouveau culturel\u00a0"},"content":{"rendered":"<p><strong>Le Ministre de la Communication, de la Culture, des Arts et du Tourisme (MCCAT), Pingdwend\u00e9 Gilbert Ou\u00e9draogo a rendu visite, dans la soir\u00e9e du mercredi 2 septembre 2026, aux 22 acteurs culturels en immersion patriotique \u00e0 l\u2019Acad\u00e9mie de Police de Pabr\u00e9. Engag\u00e9s volontairement dans cette formation de deux semaines, du 22 ao\u00fbt au 4 septembre, ils constituent la premi\u00e8re promotion d\u2019acteurs culturels \u00e0 prendre part \u00e0 une session d\u2019immersion patriotique.<\/strong><!--more--><\/p>\n<p>\u200eCon\u00e7ue en collaboration avec le Minist\u00e8re de la S\u00e9curit\u00e9, cette immersion associe formation humaine, intellectuelle et patriotique \u00e0 des enseignements li\u00e9s aux m\u00e9tiers de la culture. Les appel\u00e9s ont notamment b\u00e9n\u00e9fici\u00e9 d\u2019exercices physiques, de modules pratiques ainsi que d\u2019une formation sur la loi relative au statut de l\u2019artiste.<\/p>\n<p><a href=\"https:\/\/www.latribunedufaso.net\/wp-content\/uploads\/2026\/09\/FB_IMG_1788453709518.jpg\"><img loading=\"lazy\" decoding=\"async\" class=\"aligncenter size-full wp-image-31257\" src=\"https:\/\/www.latribunedufaso.net\/wp-content\/uploads\/2026\/09\/FB_IMG_1788453709518.jpg\" alt=\"Visite des ministres charg\u00e9s de la Culture et de la S\u00e9curit\u00e9 \u00e0 l'immersion des acteurs culturels, 02 septembre 2026\" width=\"1080\" height=\"608\" srcset=\"https:\/\/www.latribunedufaso.net\/wp-content\/uploads\/2026\/09\/FB_IMG_1788453709518.jpg 1080w, https:\/\/www.latribunedufaso.net\/wp-content\/uploads\/2026\/09\/FB_IMG_1788453709518-300x169.jpg 300w, https:\/\/www.latribunedufaso.net\/wp-content\/uploads\/2026\/09\/FB_IMG_1788453709518-1024x576.jpg 1024w, https:\/\/www.latribunedufaso.net\/wp-content\/uploads\/2026\/09\/FB_IMG_1788453709518-768x432.jpg 768w\" sizes=\"auto, (max-width: 1080px) 100vw, 1080px\" \/><\/a><\/p>\n<p>\u200ePour le Ministre, Porte-parole du Gouvernement, cette initiative s\u2019inscrit pleinement dans la dynamique de la R\u00e9volution Progressiste Populaire (RPP), qui place la culture au c\u0153ur de la construction du Burkina Faso nouveau, a-t-il rappel\u00e9, citant le Manifeste de la RPP.<\/p>\n<p>\u200e\u00c0 ce titre, le Ministre Pingdwend\u00e9 a invit\u00e9 les participants \u00e0 faire de leur art un v\u00e9ritable instrument de promotion des valeurs, de l\u2019identit\u00e9 et du patrimoine culturel burkinab\u00e8. Musique, cin\u00e9ma, com\u00e9die, arts plastiques ou journalisme culturel : chaque fili\u00e8re doit, selon lui, contribuer \u00e0 porter le message du renouveau culturel et \u00e0 faire rayonner le Burkina Faso au-del\u00e0 de ses fronti\u00e8res, a lanc\u00e9 le MCCAT aux appel\u00e9s, tout en les exhortant \u00e0 repartir de cette immersion avec une mission : servir leur pays avec patriotisme, engagement et d\u00e9termination.<\/p>\n<p><a href=\"https:\/\/www.latribunedufaso.net\/wp-content\/uploads\/2026\/09\/FB_IMG_1788453724336.jpg\"><img loading=\"lazy\" decoding=\"async\" class=\"aligncenter size-full wp-image-31258\" src=\"https:\/\/www.latribunedufaso.net\/wp-content\/uploads\/2026\/09\/FB_IMG_1788453724336.jpg\" alt=\"Visite des ministres charg\u00e9s de la Culture et de la S\u00e9curit\u00e9 \u00e0 l'immersion des acteurs culturels, 02 septembre 2026\" width=\"1080\" height=\"608\" srcset=\"https:\/\/www.latribunedufaso.net\/wp-content\/uploads\/2026\/09\/FB_IMG_1788453724336.jpg 1080w, https:\/\/www.latribunedufaso.net\/wp-content\/uploads\/2026\/09\/FB_IMG_1788453724336-300x169.jpg 300w, https:\/\/www.latribunedufaso.net\/wp-content\/uploads\/2026\/09\/FB_IMG_1788453724336-1024x576.jpg 1024w, https:\/\/www.latribunedufaso.net\/wp-content\/uploads\/2026\/09\/FB_IMG_1788453724336-768x432.jpg 768w\" sizes=\"auto, (max-width: 1080px) 100vw, 1080px\" \/><\/a><\/p>\n<p>\u200eLe Ministre de la S\u00e9curit\u00e9, Mahamoudou Sana a pour sa part salu\u00e9 l\u2019engagement des acteurs culturels et soulign\u00e9 leur r\u00f4le dans la transmission des valeurs et la lutte contre l\u2019acculturation, notamment \u00e0 travers leurs productions artistiques et culturelles. Il a \u00e9galement f\u00e9licit\u00e9 l\u2019Acad\u00e9mie de Police pour la qualit\u00e9 de l\u2019encadrement.<\/p>\n<p><a href=\"https:\/\/www.latribunedufaso.net\/wp-content\/uploads\/2026\/09\/FB_IMG_1788453731798.jpg\"><img loading=\"lazy\" decoding=\"async\" class=\"aligncenter size-full wp-image-31259\" src=\"https:\/\/www.latribunedufaso.net\/wp-content\/uploads\/2026\/09\/FB_IMG_1788453731798.jpg\" alt=\"Visite des ministres charg\u00e9s de la Culture et de la S\u00e9curit\u00e9 \u00e0 l'immersion des acteurs culturels, 02 septembre 2026\" width=\"1080\" height=\"663\" srcset=\"https:\/\/www.latribunedufaso.net\/wp-content\/uploads\/2026\/09\/FB_IMG_1788453731798.jpg 1080w, https:\/\/www.latribunedufaso.net\/wp-content\/uploads\/2026\/09\/FB_IMG_1788453731798-300x184.jpg 300w, https:\/\/www.latribunedufaso.net\/wp-content\/uploads\/2026\/09\/FB_IMG_1788453731798-1024x629.jpg 1024w, https:\/\/www.latribunedufaso.net\/wp-content\/uploads\/2026\/09\/FB_IMG_1788453731798-768x471.jpg 768w\" sizes=\"auto, (max-width: 1080px) 100vw, 1080px\" \/><\/a><\/p>\n<p>\u200eChez les appel\u00e9s, l\u2019exp\u00e9rience semble d\u00e9j\u00e0 porter ses fruits. Ils disent avoir pris davantage conscience de la responsabilit\u00e9 qui incombe aux acteurs culturels, t\u00e9moigne la com\u00e9dienne Nicole Sanou, ajoutant qu&rsquo;ils entendent d\u00e9sormais, par leurs voix et leurs actes, contribuer \u00e0 rendre le Burkina Faso fier d\u2019eux.<\/p>\n<blockquote>\n<p>Lire aussi &gt;&gt;\u00a0<a href=\"https:\/\/www.latribunedufaso.net\/?p=31159\">Immersion patriotique : 115 agents de l\u2019ONASSIM et de l\u2019ONBAH renforcent leur engagement au service de la Patrie<\/a><\/p>\n<\/blockquote>\n<p>\u200e\u00c0 deux jours de la cl\u00f4ture de leur immersion, les acteurs culturels sont ainsi appel\u00e9s \u00e0 mettre leurs acquis et leur cr\u00e9ativit\u00e9 au service des valeurs et du patrimoine culturel burkinab\u00e8.\u00a0<\/p>\n<p><strong>Latribunedufaso.net\u200e<\/strong><\/p>\n<p><strong>\u200eSource : DCRP \/ MCCAT<\/strong><\/p>\n","protected":false},"excerpt":{"rendered":"<p>Le Ministre de la Communication, de la Culture, des Arts et du Tourisme (MCCAT), Pingdwend\u00e9 Gilbert Ou\u00e9draogo a rendu visite, dans la soir\u00e9e du mercredi 2 septembre 2026, aux 22 acteurs culturels en immersion patriotique \u00e0 l\u2019Acad\u00e9mie de Police de Pabr\u00e9. Engag\u00e9s volontairement dans cette formation de deux semaines, du 22 ao\u00fbt au 4 septembre, ils constituent la premi\u00e8re promotion d\u2019acteurs culturels \u00e0 prendre part \u00e0 une session d\u2019immersion patriotique.<\/p>\n","protected":false},"author":5,"featured_media":31256,"comment_status":"open","ping_status":"open","sticky":false,"template":"","format":"standard","meta":{"footnotes":""},"categories":[13,1,30],"tags":[947,39],"class_list":["post-31253","post","type-post","status-publish","format-standard","has-post-thumbnail","hentry","category-une","category-actu","category-art-et-culture","tag-immersion-patriotique","tag-latribunedufaso-net"],"yoast_head":"<!-- This site is optimized with the Yoast SEO plugin v28.4 - https:\/\/yoast.com\/product\/yoast-seo-wordpress\/ -->\n<title>Immersion patriotique : Le MCCAT appelle les acteurs culturels \u00e0 devenir des ambassadeurs du renouveau culturel\u00a0 - La Tribune du Faso<\/title>\n<meta name=\"robots\" content=\"index, follow, max-snippet:-1, max-image-preview:large, max-video-preview:-1\" \/>\n<link rel=\"canonical\" href=\"https:\/\/www.latribunedufaso.net\/?p=31253\" \/>\n<meta property=\"og:locale\" content=\"fr_FR\" \/>\n<meta property=\"og:type\" content=\"article\" \/>\n<meta property=\"og:title\" content=\"Immersion patriotique : Le MCCAT appelle les acteurs culturels \u00e0 devenir des ambassadeurs du renouveau culturel\u00a0 - La Tribune du Faso\" \/>\n<meta property=\"og:description\" content=\"Le Ministre de la Communication, de la Culture, des Arts et du Tourisme (MCCAT), Pingdwend\u00e9 Gilbert Ou\u00e9draogo a rendu visite, dans la soir\u00e9e du mercredi 2 septembre 2026, aux 22 acteurs culturels en immersion patriotique \u00e0 l\u2019Acad\u00e9mie de Police de Pabr\u00e9. Engag\u00e9s volontairement dans cette formation de deux semaines, du 22 ao\u00fbt au 4 septembre, ils constituent la premi\u00e8re promotion d\u2019acteurs culturels \u00e0 prendre part \u00e0 une session d\u2019immersion patriotique.\" \/>\n<meta property=\"og:url\" content=\"https:\/\/www.latribunedufaso.net\/?p=31253\" \/>\n<meta property=\"og:site_name\" content=\"La Tribune du Faso\" \/>\n<meta property=\"article:publisher\" content=\"https:\/\/www.facebook.com\/LatribuneduFaso\/\" \/>\n<meta property=\"article:published_time\" content=\"2026-09-03T16:49:28+00:00\" \/>\n<meta property=\"og:image\" content=\"https:\/\/www.latribunedufaso.net\/wp-content\/uploads\/2026\/09\/FB_IMG_1788453753802.jpg\" \/>\n\t<meta property=\"og:image:width\" content=\"1080\" \/>\n\t<meta property=\"og:image:height\" content=\"612\" \/>\n\t<meta property=\"og:image:type\" content=\"image\/jpeg\" \/>\n<meta name=\"author\" content=\"Issouf Tapsoba\" \/>\n<meta name=\"twitter:label1\" content=\"\u00c9crit par\" \/>\n\t<meta name=\"twitter:data1\" content=\"Issouf Tapsoba\" \/>\n\t<meta name=\"twitter:label2\" content=\"Dur\u00e9e de lecture estim\u00e9e\" \/>\n\t<meta name=\"twitter:data2\" content=\"3 minutes\" \/>\n<script type=\"application\/ld+json\" class=\"yoast-schema-graph\">{\"@context\":\"https:\\\/\\\/schema.org\",\"@graph\":[{\"@type\":\"Article\",\"@id\":\"https:\\\/\\\/www.latribunedufaso.net\\\/?p=31253#article\",\"isPartOf\":{\"@id\":\"https:\\\/\\\/www.latribunedufaso.net\\\/?p=31253\"},\"author\":{\"name\":\"Issouf Tapsoba\",\"@id\":\"https:\\\/\\\/www.latribunedufaso.net\\\/#\\\/schema\\\/person\\\/e54e64c5778a7e72cf80a318b7a622b0\"},\"headline\":\"Immersion patriotique : Le MCCAT appelle les acteurs culturels \u00e0 devenir des ambassadeurs du renouveau culturel\u00a0\",\"datePublished\":\"2026-09-03T16:49:28+00:00\",\"mainEntityOfPage\":{\"@id\":\"https:\\\/\\\/www.latribunedufaso.net\\\/?p=31253\"},\"wordCount\":446,\"commentCount\":0,\"publisher\":{\"@id\":\"https:\\\/\\\/www.latribunedufaso.net\\\/#organization\"},\"image\":{\"@id\":\"https:\\\/\\\/www.latribunedufaso.net\\\/?p=31253#primaryimage\"},\"thumbnailUrl\":\"https:\\\/\\\/www.latribunedufaso.net\\\/wp-content\\\/uploads\\\/2026\\\/09\\\/FB_IMG_1788453753802.jpg\",\"keywords\":[\"Immersion patriotique\",\"latribunedufaso.net\"],\"articleSection\":[\"A la une\",\"Actualit\u00e9\",\"Art et Culture\"],\"inLanguage\":\"fr-FR\",\"potentialAction\":[{\"@type\":\"CommentAction\",\"name\":\"Comment\",\"target\":[\"https:\\\/\\\/www.latribunedufaso.net\\\/?p=31253#respond\"]}]},{\"@type\":\"WebPage\",\"@id\":\"https:\\\/\\\/www.latribunedufaso.net\\\/?p=31253\",\"url\":\"https:\\\/\\\/www.latribunedufaso.net\\\/?p=31253\",\"name\":\"Immersion patriotique : Le MCCAT appelle les acteurs culturels \u00e0 devenir des ambassadeurs du renouveau culturel\u00a0 - La Tribune du Faso\",\"isPartOf\":{\"@id\":\"https:\\\/\\\/www.latribunedufaso.net\\\/#website\"},\"primaryImageOfPage\":{\"@id\":\"https:\\\/\\\/www.latribunedufaso.net\\\/?p=31253#primaryimage\"},\"image\":{\"@id\":\"https:\\\/\\\/www.latribunedufaso.net\\\/?p=31253#primaryimage\"},\"thumbnailUrl\":\"https:\\\/\\\/www.latribunedufaso.net\\\/wp-content\\\/uploads\\\/2026\\\/09\\\/FB_IMG_1788453753802.jpg\",\"datePublished\":\"2026-09-03T16:49:28+00:00\",\"breadcrumb\":{\"@id\":\"https:\\\/\\\/www.latribunedufaso.net\\\/?p=31253#breadcrumb\"},\"inLanguage\":\"fr-FR\",\"potentialAction\":[{\"@type\":\"ReadAction\",\"target\":[\"https:\\\/\\\/www.latribunedufaso.net\\\/?p=31253\"]}]},{\"@type\":\"ImageObject\",\"inLanguage\":\"fr-FR\",\"@id\":\"https:\\\/\\\/www.latribunedufaso.net\\\/?p=31253#primaryimage\",\"url\":\"https:\\\/\\\/www.latribunedufaso.net\\\/wp-content\\\/uploads\\\/2026\\\/09\\\/FB_IMG_1788453753802.jpg\",\"contentUrl\":\"https:\\\/\\\/www.latribunedufaso.net\\\/wp-content\\\/uploads\\\/2026\\\/09\\\/FB_IMG_1788453753802.jpg\",\"width\":1080,\"height\":612,\"caption\":\"Visite des ministres charg\u00e9s de la Culture et de la S\u00e9curit\u00e9 \u00e0 l'immersion des acteurs culturels, 02 septembre 2026\"},{\"@type\":\"BreadcrumbList\",\"@id\":\"https:\\\/\\\/www.latribunedufaso.net\\\/?p=31253#breadcrumb\",\"itemListElement\":[{\"@type\":\"ListItem\",\"position\":1,\"name\":\"Accueil\",\"item\":\"https:\\\/\\\/www.latribunedufaso.net\\\/\"},{\"@type\":\"ListItem\",\"position\":2,\"name\":\"Immersion patriotique : Le MCCAT appelle les acteurs culturels \u00e0 devenir des ambassadeurs du renouveau culturel\u00a0\"}]},{\"@type\":\"WebSite\",\"@id\":\"https:\\\/\\\/www.latribunedufaso.net\\\/#website\",\"url\":\"https:\\\/\\\/www.latribunedufaso.net\\\/\",\"name\":\"La Tribune du Faso\",\"description\":\"L&#039;information du monde rural en un clic\",\"publisher\":{\"@id\":\"https:\\\/\\\/www.latribunedufaso.net\\\/#organization\"},\"potentialAction\":[{\"@type\":\"SearchAction\",\"target\":{\"@type\":\"EntryPoint\",\"urlTemplate\":\"https:\\\/\\\/www.latribunedufaso.net\\\/?s={search_term_string}\"},\"query-input\":{\"@type\":\"PropertyValueSpecification\",\"valueRequired\":true,\"valueName\":\"search_term_string\"}}],\"inLanguage\":\"fr-FR\"},{\"@type\":\"Organization\",\"@id\":\"https:\\\/\\\/www.latribunedufaso.net\\\/#organization\",\"name\":\"La Tribune du Faso\",\"url\":\"https:\\\/\\\/www.latribunedufaso.net\\\/\",\"logo\":{\"@type\":\"ImageObject\",\"inLanguage\":\"fr-FR\",\"@id\":\"https:\\\/\\\/www.latribunedufaso.net\\\/#\\\/schema\\\/logo\\\/image\\\/\",\"url\":\"https:\\\/\\\/www.latribunedufaso.net\\\/wp-content\\\/uploads\\\/2020\\\/08\\\/Logo-Tribune-du-Faso-final-scaled.jpg\",\"contentUrl\":\"https:\\\/\\\/www.latribunedufaso.net\\\/wp-content\\\/uploads\\\/2020\\\/08\\\/Logo-Tribune-du-Faso-final-scaled.jpg\",\"width\":2560,\"height\":1856,\"caption\":\"La Tribune du Faso\"},\"image\":{\"@id\":\"https:\\\/\\\/www.latribunedufaso.net\\\/#\\\/schema\\\/logo\\\/image\\\/\"},\"sameAs\":[\"https:\\\/\\\/www.facebook.com\\\/LatribuneduFaso\\\/\"]},{\"@type\":\"Person\",\"@id\":\"https:\\\/\\\/www.latribunedufaso.net\\\/#\\\/schema\\\/person\\\/e54e64c5778a7e72cf80a318b7a622b0\",\"name\":\"Issouf Tapsoba\",\"image\":{\"@type\":\"ImageObject\",\"inLanguage\":\"fr-FR\",\"@id\":\"https:\\\/\\\/secure.gravatar.com\\\/avatar\\\/5e6c05150ce3230247d167f5b94d678eb05936197436d69b7921e3a95c9107ac?s=96&d=mm&r=g\",\"url\":\"https:\\\/\\\/secure.gravatar.com\\\/avatar\\\/5e6c05150ce3230247d167f5b94d678eb05936197436d69b7921e3a95c9107ac?s=96&d=mm&r=g\",\"contentUrl\":\"https:\\\/\\\/secure.gravatar.com\\\/avatar\\\/5e6c05150ce3230247d167f5b94d678eb05936197436d69b7921e3a95c9107ac?s=96&d=mm&r=g\",\"caption\":\"Issouf Tapsoba\"},\"url\":\"https:\\\/\\\/www.latribunedufaso.net\\\/?author=5\"}]}<\/script>\n<!-- \/ Yoast SEO plugin. -->","yoast_head_json":{"title":"Immersion patriotique : Le MCCAT appelle les acteurs culturels \u00e0 devenir des ambassadeurs du renouveau culturel\u00a0 - La Tribune du Faso","robots":{"index":"index","follow":"follow","max-snippet":"max-snippet:-1","max-image-preview":"max-image-preview:large","max-video-preview":"max-video-preview:-1"},"canonical":"https:\/\/www.latribunedufaso.net\/?p=31253","og_locale":"fr_FR","og_type":"article","og_title":"Immersion patriotique : Le MCCAT appelle les acteurs culturels \u00e0 devenir des ambassadeurs du renouveau culturel\u00a0 - La Tribune du Faso","og_description":"Le Ministre de la Communication, de la Culture, des Arts et du Tourisme (MCCAT), Pingdwend\u00e9 Gilbert Ou\u00e9draogo a rendu visite, dans la soir\u00e9e du mercredi 2 septembre 2026, aux 22 acteurs culturels en immersion patriotique \u00e0 l\u2019Acad\u00e9mie de Police de Pabr\u00e9. Engag\u00e9s volontairement dans cette formation de deux semaines, du 22 ao\u00fbt au 4 septembre, ils constituent la premi\u00e8re promotion d\u2019acteurs culturels \u00e0 prendre part \u00e0 une session d\u2019immersion patriotique.","og_url":"https:\/\/www.latribunedufaso.net\/?p=31253","og_site_name":"La Tribune du Faso","article_publisher":"https:\/\/www.facebook.com\/LatribuneduFaso\/","article_published_time":"2026-09-03T16:49:28+00:00","og_image":[{"width":1080,"height":612,"url":"https:\/\/www.latribunedufaso.net\/wp-content\/uploads\/2026\/09\/FB_IMG_1788453753802.jpg","type":"image\/jpeg"}],"author":"Issouf Tapsoba","twitter_misc":{"\u00c9crit par":"Issouf Tapsoba","Dur\u00e9e de lecture estim\u00e9e":"3 minutes"},"schema":{"@context":"https:\/\/schema.org","@graph":[{"@type":"Article","@id":"https:\/\/www.latribunedufaso.net\/?p=31253#article","isPartOf":{"@id":"https:\/\/www.latribunedufaso.net\/?p=31253"},"author":{"name":"Issouf Tapsoba","@id":"https:\/\/www.latribunedufaso.net\/#\/schema\/person\/e54e64c5778a7e72cf80a318b7a622b0"},"headline":"Immersion patriotique : Le MCCAT appelle les acteurs culturels \u00e0 devenir des ambassadeurs du renouveau culturel\u00a0","datePublished":"2026-09-03T16:49:28+00:00","mainEntityOfPage":{"@id":"https:\/\/www.latribunedufaso.net\/?p=31253"},"wordCount":446,"commentCount":0,"publisher":{"@id":"https:\/\/www.latribunedufaso.net\/#organization"},"image":{"@id":"https:\/\/www.latribunedufaso.net\/?p=31253#primaryimage"},"thumbnailUrl":"https:\/\/www.latribunedufaso.net\/wp-content\/uploads\/2026\/09\/FB_IMG_1788453753802.jpg","keywords":["Immersion patriotique","latribunedufaso.net"],"articleSection":["A la une","Actualit\u00e9","Art et Culture"],"inLanguage":"fr-FR","potentialAction":[{"@type":"CommentAction","name":"Comment","target":["https:\/\/www.latribunedufaso.net\/?p=31253#respond"]}]},{"@type":"WebPage","@id":"https:\/\/www.latribunedufaso.net\/?p=31253","url":"https:\/\/www.latribunedufaso.net\/?p=31253","name":"Immersion patriotique : Le MCCAT appelle les acteurs culturels \u00e0 devenir des ambassadeurs du renouveau culturel\u00a0 - La Tribune du Faso","isPartOf":{"@id":"https:\/\/www.latribunedufaso.net\/#website"},"primaryImageOfPage":{"@id":"https:\/\/www.latribunedufaso.net\/?p=31253#primaryimage"},"image":{"@id":"https:\/\/www.latribunedufaso.net\/?p=31253#primaryimage"},"thumbnailUrl":"https:\/\/www.latribunedufaso.net\/wp-content\/uploads\/2026\/09\/FB_IMG_1788453753802.jpg","datePublished":"2026-09-03T16:49:28+00:00","breadcrumb":{"@id":"https:\/\/www.latribunedufaso.net\/?p=31253#breadcrumb"},"inLanguage":"fr-FR","potentialAction":[{"@type":"ReadAction","target":["https:\/\/www.latribunedufaso.net\/?p=31253"]}]},{"@type":"ImageObject","inLanguage":"fr-FR","@id":"https:\/\/www.latribunedufaso.net\/?p=31253#primaryimage","url":"https:\/\/www.latribunedufaso.net\/wp-content\/uploads\/2026\/09\/FB_IMG_1788453753802.jpg","contentUrl":"https:\/\/www.latribunedufaso.net\/wp-content\/uploads\/2026\/09\/FB_IMG_1788453753802.jpg","width":1080,"height":612,"caption":"Visite des ministres charg\u00e9s de la Culture et de la S\u00e9curit\u00e9 \u00e0 l'immersion des acteurs culturels, 02 septembre 2026"},{"@type":"BreadcrumbList","@id":"https:\/\/www.latribunedufaso.net\/?p=31253#breadcrumb","itemListElement":[{"@type":"ListItem","position":1,"name":"Accueil","item":"https:\/\/www.latribunedufaso.net\/"},{"@type":"ListItem","position":2,"name":"Immersion patriotique : Le MCCAT appelle les acteurs culturels \u00e0 devenir des ambassadeurs du renouveau culturel\u00a0"}]},{"@type":"WebSite","@id":"https:\/\/www.latribunedufaso.net\/#website","url":"https:\/\/www.latribunedufaso.net\/","name":"La Tribune du Faso","description":"L&#039;information du monde rural en un clic","publisher":{"@id":"https:\/\/www.latribunedufaso.net\/#organization"},"potentialAction":[{"@type":"SearchAction","target":{"@type":"EntryPoint","urlTemplate":"https:\/\/www.latribunedufaso.net\/?s={search_term_string}"},"query-input":{"@type":"PropertyValueSpecification","valueRequired":true,"valueName":"search_term_string"}}],"inLanguage":"fr-FR"},{"@type":"Organization","@id":"https:\/\/www.latribunedufaso.net\/#organization","name":"La Tribune du Faso","url":"https:\/\/www.latribunedufaso.net\/","logo":{"@type":"ImageObject","inLanguage":"fr-FR","@id":"https:\/\/www.latribunedufaso.net\/#\/schema\/logo\/image\/","url":"https:\/\/www.latribunedufaso.net\/wp-content\/uploads\/2020\/08\/Logo-Tribune-du-Faso-final-scaled.jpg","contentUrl":"https:\/\/www.latribunedufaso.net\/wp-content\/uploads\/2020\/08\/Logo-Tribune-du-Faso-final-scaled.jpg","width":2560,"height":1856,"caption":"La Tribune du Faso"},"image":{"@id":"https:\/\/www.latribunedufaso.net\/#\/schema\/logo\/image\/"},"sameAs":["https:\/\/www.facebook.com\/LatribuneduFaso\/"]},{"@type":"Person","@id":"https:\/\/www.latribunedufaso.net\/#\/schema\/person\/e54e64c5778a7e72cf80a318b7a622b0","name":"Issouf Tapsoba","image":{"@type":"ImageObject","inLanguage":"fr-FR","@id":"https:\/\/secure.gravatar.com\/avatar\/5e6c05150ce3230247d167f5b94d678eb05936197436d69b7921e3a95c9107ac?s=96&d=mm&r=g","url":"https:\/\/secure.gravatar.com\/avatar\/5e6c05150ce3230247d167f5b94d678eb05936197436d69b7921e3a95c9107ac?s=96&d=mm&r=g","contentUrl":"https:\/\/secure.gravatar.com\/avatar\/5e6c05150ce3230247d167f5b94d678eb05936197436d69b7921e3a95c9107ac?s=96&d=mm&r=g","caption":"Issouf Tapsoba"},"url":"https:\/\/www.latribunedufaso.net\/?author=5"}]}},"_links":{"self":[{"href":"https:\/\/www.latribunedufaso.net\/index.php?rest_route=\/wp\/v2\/posts\/31253","targetHints":{"allow":["GET"]}}],"collection":[{"href":"https:\/\/www.latribunedufaso.net\/index.php?rest_route=\/wp\/v2\/posts"}],"about":[{"href":"https:\/\/www.latribunedufaso.net\/index.php?rest_route=\/wp\/v2\/types\/post"}],"author":[{"embeddable":true,"href":"https:\/\/www.latribunedufaso.net\/index.php?rest_route=\/wp\/v2\/users\/5"}],"replies":[{"embeddable":true,"href":"https:\/\/www.latribunedufaso.net\/index.php?rest_route=%2Fwp%2Fv2%2Fcomments&post=31253"}],"version-history":[{"count":3,"href":"https:\/\/www.latribunedufaso.net\/index.php?rest_route=\/wp\/v2\/posts\/31253\/revisions"}],"predecessor-version":[{"id":31260,"href":"https:\/\/www.latribunedufaso.net\/index.php?rest_route=\/wp\/v2\/posts\/31253\/revisions\/31260"}],"wp:featuredmedia":[{"embeddable":true,"href":"https:\/\/www.latribunedufaso.net\/index.php?rest_route=\/wp\/v2\/media\/31256"}],"wp:attachment":[{"href":"https:\/\/www.latribunedufaso.net\/index.php?rest_route=%2Fwp%2Fv2%2Fmedia&parent=31253"}],"wp:term":[{"taxonomy":"category","embeddable":true,"href":"https:\/\/www.latribunedufaso.net\/index.php?rest_route=%2Fwp%2Fv2%2Fcategories&post=31253"},{"taxonomy":"post_tag","embeddable":true,"href":"https:\/\/www.latribunedufaso.net\/index.php?rest_route=%2Fwp%2Fv2%2Ftags&post=31253"}],"curies":[{"name":"wp","href":"https:\/\/api.w.org\/{rel}","templated":true}]}}