{"id":31234,"date":"2026-09-02T10:52:50","date_gmt":"2026-09-02T10:52:50","guid":{"rendered":"https:\/\/www.latribunedufaso.net\/?p=31234"},"modified":"2026-09-02T10:53:36","modified_gmt":"2026-09-02T10:53:36","slug":"31234","status":"publish","type":"post","link":"https:\/\/www.latribunedufaso.net\/?p=31234","title":{"rendered":"Diplomatie : Le Burkina Faso et l\u2019\u00c9gypte consolident leur partenariat bilat\u00e9ral au Caire"},"content":{"rendered":"<p><strong>Le ministre des Affaires \u00e9trang\u00e8res, Karamoko Jean Marie Traor\u00e9 est en visite d&rsquo;amiti\u00e9 et de travail au Caire depuis le 31 ao\u00fbt 2026, dans le cadre de la consolidation des relations de coop\u00e9ration entre le Burkina Faso et la R\u00e9publique Arabe d\u2019\u00c9gypte<\/strong>.<!--more--><\/p>\n<p>Cette visite qui constitue une nouvelle \u00e9tape dans la dynamique de renforcement des relations bilat\u00e9rales, vise \u00e0 examiner les acquis de la coop\u00e9ration entre les deux pays et \u00e0 identifier de nouvelles perspectives pour davantage d\u00e9velopper le partenariat.\u00a0<\/p>\n<p style=\"text-align: left;\">Les travaux se sont ouverts dans la matin\u00e9e du mardi 1er septembre 2026, au minist\u00e8re \u00e9gyptien des Affaires \u00e9trang\u00e8res par un entretien entre le ministre Karamoko Jean Marie Traor\u00e9 et son homologue \u00e9gyptien, Badr Abdelatty.<\/p>\n<p><a href=\"https:\/\/www.latribunedufaso.net\/wp-content\/uploads\/2026\/09\/FB_IMG_1788345452942.jpg\"><img loading=\"lazy\" decoding=\"async\" class=\"aligncenter size-full wp-image-31238\" src=\"https:\/\/www.latribunedufaso.net\/wp-content\/uploads\/2026\/09\/FB_IMG_1788345452942.jpg\" alt=\"Le ministre des Affaires \u00e9trang\u00e8res, Karamoko Jean Marie Traor\u00e9 en visite d'amiti\u00e9 et de travail en Egypte\" width=\"1080\" height=\"730\" srcset=\"https:\/\/www.latribunedufaso.net\/wp-content\/uploads\/2026\/09\/FB_IMG_1788345452942.jpg 1080w, https:\/\/www.latribunedufaso.net\/wp-content\/uploads\/2026\/09\/FB_IMG_1788345452942-300x203.jpg 300w, https:\/\/www.latribunedufaso.net\/wp-content\/uploads\/2026\/09\/FB_IMG_1788345452942-1024x692.jpg 1024w, https:\/\/www.latribunedufaso.net\/wp-content\/uploads\/2026\/09\/FB_IMG_1788345452942-768x519.jpg 768w, https:\/\/www.latribunedufaso.net\/wp-content\/uploads\/2026\/09\/FB_IMG_1788345452942-120x80.jpg 120w\" sizes=\"auto, (max-width: 1080px) 100vw, 1080px\" \/><\/a><\/p>\n<p>Les deux Chefs de la diplomatie ont ensuite conduit des discussions en comit\u00e9 \u00e9largi aux d\u00e9l\u00e9gations burkinab\u00e8 et \u00e9gyptienne.<\/p>\n<p>Cette concertation approfondie a permis aux d\u00e9l\u00e9gations de passer en revue les principaux axes de coop\u00e9ration entre le Burkina Faso et la R\u00e9publique Arabe d\u2019\u00c9gypte.<\/p>\n<p>Sur le plan de la d\u00e9fense et de la s\u00e9curit\u00e9, les deux parties ont soulign\u00e9 la n\u00e9cessit\u00e9 de renforcer la coop\u00e9ration, pour faire face aux menaces terroristes, qui troublent la paix et la stabilit\u00e9 du continent.\u00a0<\/p>\n<p>Elle ont, par ailleurs, insist\u00e9 sur la mise en \u0153uvre d\u2019une approche globale pour ass\u00e9cher les sources de financement du terrorisme, tout en agissant sur les leviers de d\u00e9veloppement socio-\u00e9conomique et la promotion de valeurs de paix et de tol\u00e9rance.<\/p>\n<figure id=\"attachment_31240\" aria-describedby=\"caption-attachment-31240\" style=\"width: 1080px\" class=\"wp-caption aligncenter\"><a href=\"https:\/\/www.latribunedufaso.net\/wp-content\/uploads\/2026\/09\/FB_IMG_1788345433037.jpg\"><img loading=\"lazy\" decoding=\"async\" class=\"size-full wp-image-31240\" src=\"https:\/\/www.latribunedufaso.net\/wp-content\/uploads\/2026\/09\/FB_IMG_1788345433037.jpg\" alt=\"Le ministre des Affaires \u00e9trang\u00e8res, Karamoko Jean Marie Traor\u00e9 en visite d'amiti\u00e9 et de travail en Egypte\" width=\"1080\" height=\"796\" srcset=\"https:\/\/www.latribunedufaso.net\/wp-content\/uploads\/2026\/09\/FB_IMG_1788345433037.jpg 1080w, https:\/\/www.latribunedufaso.net\/wp-content\/uploads\/2026\/09\/FB_IMG_1788345433037-300x221.jpg 300w, https:\/\/www.latribunedufaso.net\/wp-content\/uploads\/2026\/09\/FB_IMG_1788345433037-1024x755.jpg 1024w, https:\/\/www.latribunedufaso.net\/wp-content\/uploads\/2026\/09\/FB_IMG_1788345433037-768x566.jpg 768w, https:\/\/www.latribunedufaso.net\/wp-content\/uploads\/2026\/09\/FB_IMG_1788345433037-90x65.jpg 90w\" sizes=\"auto, (max-width: 1080px) 100vw, 1080px\" \/><\/a><figcaption id=\"caption-attachment-31240\" class=\"wp-caption-text\">Le ministre des Affaires \u00e9trang\u00e8res, Karamoko Jean Marie Traor\u00e9 &#8211; Ph. DR<\/figcaption><\/figure>\n<p>Pour le ministre Karamoko Jean Marie Traor\u00e9, les pays doivent s\u2019accorder sur les causes profondes de la crise et trouver les moyens par lesquels chaque pays pourrait apporter sa pierre \u00e0 la construction de la paix.\u00a0\u00a0<\/p>\n<p><em><strong>\u00ab La paix n\u2019a pas de limite, elle est pour tous ou elle ne l\u2019est pas \u00bb,<\/strong><\/em> a indiqu\u00e9 le ministre Karamoko Jean Marie Traor\u00e9.\u00a0<\/p>\n<p>Sur le plan \u00e9conomique, les deux pays entendent donner une nouvelle impulsion \u00e0 un partenariat mutuellement b\u00e9n\u00e9fique, dans le domaine des \u00e9changes et des investissements.<\/p>\n<p>La tenue du premier forum entre hommes d\u2019affaires \u00e9gyptiens et burkinab\u00e8 en 2025 au Burkina Faso, et l\u2019organisation de la deuxi\u00e8me \u00e9dition, qui a lieu \u00e0 l\u2019occasion de cette visite au Caire, t\u00e9moignent de l\u2019int\u00e9r\u00eat de scruter les immenses opportunit\u00e9s d\u2019investissements dans les deux pays.<\/p>\n<figure id=\"attachment_31239\" aria-describedby=\"caption-attachment-31239\" style=\"width: 1080px\" class=\"wp-caption aligncenter\"><a href=\"https:\/\/www.latribunedufaso.net\/wp-content\/uploads\/2026\/09\/FB_IMG_1788345420107.jpg\"><img loading=\"lazy\" decoding=\"async\" class=\"size-full wp-image-31239\" src=\"https:\/\/www.latribunedufaso.net\/wp-content\/uploads\/2026\/09\/FB_IMG_1788345420107.jpg\" alt=\"Le ministre des Affaires \u00e9trang\u00e8res, Karamoko Jean Marie Traor\u00e9 en visite d'amiti\u00e9 et de travail en Egypte\" width=\"1080\" height=\"651\" srcset=\"https:\/\/www.latribunedufaso.net\/wp-content\/uploads\/2026\/09\/FB_IMG_1788345420107.jpg 1080w, https:\/\/www.latribunedufaso.net\/wp-content\/uploads\/2026\/09\/FB_IMG_1788345420107-300x181.jpg 300w, https:\/\/www.latribunedufaso.net\/wp-content\/uploads\/2026\/09\/FB_IMG_1788345420107-1024x617.jpg 1024w, https:\/\/www.latribunedufaso.net\/wp-content\/uploads\/2026\/09\/FB_IMG_1788345420107-768x463.jpg 768w\" sizes=\"auto, (max-width: 1080px) 100vw, 1080px\" \/><\/a><figcaption id=\"caption-attachment-31239\" class=\"wp-caption-text\">Une vue des deux d\u00e9l\u00e9gations lors des s\u00e9ances de travail &#8211; Ph. DR<\/figcaption><\/figure>\n<p>Le Chef de la diplomatie burkinab\u00e8 a salu\u00e9 cette dynamique et encourag\u00e9 le renforcement des rencontres entre les hommes d\u2019affaires des deux pays, en vue de susciter l\u2019investissement et la mise en \u0153uvre de projets concrets, pour la construction d\u2019un paysage \u00e9conomique africain.<\/p>\n<p><em><strong>\u00a0\u00ab L\u2019Afrique a un potentiel, nous devons \u00eatre acteurs et b\u00e9n\u00e9ficiaires de ce potentiel \u00bb<\/strong><\/em>, a relev\u00e9 le Chef de la diplomatie burkinab\u00e8.\u00a0<\/p>\n<p>Le Burkina Faso et la R\u00e9publique Arabe d\u2019\u00c9gypte appellent \u00e0 une plus grande appropriation des ressources, des outils et de l\u2019espace \u00e9conomique africain.<\/p>\n<p><em><strong>\u00ab Il est temps que l\u2019extraversion s\u2019arr\u00eate et que nous revenions \u00e0 l\u2019int\u00e9rieur, que nous nous r\u00e9approprions nos outils, nos ressources, notre espace \u00e9conomique et que nous donnions du contenu \u00e0 ce march\u00e9 \u00bb<\/strong><\/em>, a insist\u00e9 le ministre burkinab\u00e8 des Affaires \u00e9trang\u00e8res.<\/p>\n<figure id=\"attachment_31241\" aria-describedby=\"caption-attachment-31241\" style=\"width: 627px\" class=\"wp-caption aligncenter\"><a href=\"https:\/\/www.latribunedufaso.net\/wp-content\/uploads\/2026\/09\/FB_IMG_1788345446770.jpg\"><img loading=\"lazy\" decoding=\"async\" class=\"size-full wp-image-31241\" src=\"https:\/\/www.latribunedufaso.net\/wp-content\/uploads\/2026\/09\/FB_IMG_1788345446770.jpg\" alt=\"Le ministre des Affaires \u00e9trang\u00e8res, Karamoko Jean Marie Traor\u00e9 en visite d'amiti\u00e9 et de travail en Egypte\" width=\"627\" height=\"737\" srcset=\"https:\/\/www.latribunedufaso.net\/wp-content\/uploads\/2026\/09\/FB_IMG_1788345446770.jpg 627w, https:\/\/www.latribunedufaso.net\/wp-content\/uploads\/2026\/09\/FB_IMG_1788345446770-255x300.jpg 255w\" sizes=\"auto, (max-width: 627px) 100vw, 627px\" \/><\/a><figcaption id=\"caption-attachment-31241\" class=\"wp-caption-text\">Le ministre des Affaires \u00e9trang\u00e8res \u00e9gyptien, Badr Abdelatty &#8211; Ph. DR<\/figcaption><\/figure>\n<p>La coop\u00e9ration dans le domaine de l\u2019\u00e9ducation, de la sant\u00e9, de la recherche, de la formation et du renforcement des capacit\u00e9s, a \u00e9galement \u00e9t\u00e9 abord\u00e9e au cours de la s\u00e9ance de travail entre les deux d\u00e9l\u00e9gations, sans oublier les \u00e9changes culturels \u00e0 d\u00e9velopper entre le Burkina Faso et l\u2019\u00c9gypte afin de renforcer les liens entre les deux peuples.<\/p>\n<p>Sur le plan institutionnel, le Burkina Faso et la R\u00e9publique Arabe d\u2019\u00c9gypte ont r\u00e9affirm\u00e9 leur engagement \u00e0 poursuivre les discussions, en vue de la finalisation des Protocoles d\u2019accords dans divers secteurs, en n\u00e9gociation entre les deux parties.<\/p>\n<blockquote>\n<p>Lire aussi &gt;&gt;\u00a0<a href=\"https:\/\/www.latribunedufaso.net\/?p=30935\">Burkina Faso \u2013 Burundi : Une nouvelle \u00e8re de coop\u00e9ration scell\u00e9e par la signature de 14 accords \u00e0 Bujumbura<\/a><\/p>\n<\/blockquote>\n<p>En somme cette rencontre aura permis au Burkina Faso et \u00e0 la R\u00e9publique Arabe d\u2019\u00c9gypte de r\u00e9affirmer leur volont\u00e9 commune de donner un nouvel \u00e9lan \u00e0 leurs relations et de b\u00e2tir une v\u00e9ritable coop\u00e9ration Sud -Sud, fond\u00e9e sur le respect mutuel et les int\u00e9r\u00eats partag\u00e9s.\u00a0<\/p>\n<p>\u00c0 l\u2019occasion, Karamako Jean Marie Traor\u00e9 a transmis le message d\u2019amiti\u00e9, de fraternit\u00e9 et de solidarit\u00e9 du Capitaine Ibrahim Traor\u00e9, Pr\u00e9sident du Faso \u00e0 Abdel Fattah Al-Sissi, Pr\u00e9sident de la R\u00e9publique Arabe d\u2019\u00c9gypte, tout en saluant le leadership et les efforts du Pr\u00e9sident \u00e9gyptien, en faveur de la paix en Afrique et dans le monde.<\/p>\n<p><strong>Latribunedufaso.net<\/strong><\/p>\n<p><strong>Source : DCRP\/MAE<\/strong><\/p>\n","protected":false},"excerpt":{"rendered":"<p>Le ministre des Affaires \u00e9trang\u00e8res, Karamoko Jean Marie Traor\u00e9 est en visite d&rsquo;amiti\u00e9 et de travail au Caire depuis le 31 ao\u00fbt 2026, dans le cadre de la consolidation des relations de coop\u00e9ration entre le Burkina Faso et la R\u00e9publique Arabe d\u2019\u00c9gypte.<\/p>\n","protected":false},"author":5,"featured_media":31237,"comment_status":"open","ping_status":"open","sticky":false,"template":"","format":"standard","meta":{"footnotes":""},"categories":[13,1,8],"tags":[669,39],"class_list":["post-31234","post","type-post","status-publish","format-standard","has-post-thumbnail","hentry","category-une","category-actu","category-societe","tag-cooperation-burkina-egypte","tag-latribunedufaso-net"],"yoast_head":"<!-- This site is optimized with the Yoast SEO plugin v28.4 - https:\/\/yoast.com\/product\/yoast-seo-wordpress\/ -->\n<title>Diplomatie : Le Burkina Faso et l\u2019\u00c9gypte consolident leur partenariat bilat\u00e9ral au Caire - La Tribune du Faso<\/title>\n<meta name=\"robots\" content=\"index, follow, max-snippet:-1, max-image-preview:large, max-video-preview:-1\" \/>\n<link rel=\"canonical\" href=\"https:\/\/www.latribunedufaso.net\/?p=31234\" \/>\n<meta property=\"og:locale\" content=\"fr_FR\" \/>\n<meta property=\"og:type\" content=\"article\" \/>\n<meta property=\"og:title\" content=\"Diplomatie : Le Burkina Faso et l\u2019\u00c9gypte consolident leur partenariat bilat\u00e9ral au Caire - La Tribune du Faso\" \/>\n<meta property=\"og:description\" content=\"Le ministre des Affaires \u00e9trang\u00e8res, Karamoko Jean Marie Traor\u00e9 est en visite d&rsquo;amiti\u00e9 et de travail au Caire depuis le 31 ao\u00fbt 2026, dans le cadre de la consolidation des relations de coop\u00e9ration entre le Burkina Faso et la R\u00e9publique Arabe d\u2019\u00c9gypte.\" \/>\n<meta property=\"og:url\" content=\"https:\/\/www.latribunedufaso.net\/?p=31234\" \/>\n<meta property=\"og:site_name\" content=\"La Tribune du Faso\" \/>\n<meta property=\"article:publisher\" content=\"https:\/\/www.facebook.com\/LatribuneduFaso\/\" \/>\n<meta property=\"article:published_time\" content=\"2026-09-02T10:52:50+00:00\" \/>\n<meta property=\"article:modified_time\" content=\"2026-09-02T10:53:36+00:00\" \/>\n<meta property=\"og:image\" content=\"https:\/\/www.latribunedufaso.net\/wp-content\/uploads\/2026\/09\/FB_IMG_1788345412953.jpg\" \/>\n\t<meta property=\"og:image:width\" content=\"1080\" \/>\n\t<meta property=\"og:image:height\" content=\"789\" \/>\n\t<meta property=\"og:image:type\" content=\"image\/jpeg\" \/>\n<meta name=\"author\" content=\"Issouf Tapsoba\" \/>\n<meta name=\"twitter:label1\" content=\"\u00c9crit par\" \/>\n\t<meta name=\"twitter:data1\" content=\"Issouf Tapsoba\" \/>\n\t<meta name=\"twitter:label2\" content=\"Dur\u00e9e de lecture estim\u00e9e\" \/>\n\t<meta name=\"twitter:data2\" content=\"5 minutes\" \/>\n<script type=\"application\/ld+json\" class=\"yoast-schema-graph\">{\"@context\":\"https:\\\/\\\/schema.org\",\"@graph\":[{\"@type\":\"Article\",\"@id\":\"https:\\\/\\\/www.latribunedufaso.net\\\/?p=31234#article\",\"isPartOf\":{\"@id\":\"https:\\\/\\\/www.latribunedufaso.net\\\/?p=31234\"},\"author\":{\"name\":\"Issouf Tapsoba\",\"@id\":\"https:\\\/\\\/www.latribunedufaso.net\\\/#\\\/schema\\\/person\\\/e54e64c5778a7e72cf80a318b7a622b0\"},\"headline\":\"Diplomatie : Le Burkina Faso et l\u2019\u00c9gypte consolident leur partenariat bilat\u00e9ral au Caire\",\"datePublished\":\"2026-09-02T10:52:50+00:00\",\"dateModified\":\"2026-09-02T10:53:36+00:00\",\"mainEntityOfPage\":{\"@id\":\"https:\\\/\\\/www.latribunedufaso.net\\\/?p=31234\"},\"wordCount\":860,\"commentCount\":0,\"publisher\":{\"@id\":\"https:\\\/\\\/www.latribunedufaso.net\\\/#organization\"},\"image\":{\"@id\":\"https:\\\/\\\/www.latribunedufaso.net\\\/?p=31234#primaryimage\"},\"thumbnailUrl\":\"https:\\\/\\\/www.latribunedufaso.net\\\/wp-content\\\/uploads\\\/2026\\\/09\\\/FB_IMG_1788345412953.jpg\",\"keywords\":[\"Coop\u00e9ration Burkina-Egypte\",\"latribunedufaso.net\"],\"articleSection\":[\"A la une\",\"Actualit\u00e9\",\"Soci\u00e9t\u00e9\"],\"inLanguage\":\"fr-FR\",\"potentialAction\":[{\"@type\":\"CommentAction\",\"name\":\"Comment\",\"target\":[\"https:\\\/\\\/www.latribunedufaso.net\\\/?p=31234#respond\"]}]},{\"@type\":\"WebPage\",\"@id\":\"https:\\\/\\\/www.latribunedufaso.net\\\/?p=31234\",\"url\":\"https:\\\/\\\/www.latribunedufaso.net\\\/?p=31234\",\"name\":\"Diplomatie : Le Burkina Faso et l\u2019\u00c9gypte consolident leur partenariat bilat\u00e9ral au Caire - La Tribune du Faso\",\"isPartOf\":{\"@id\":\"https:\\\/\\\/www.latribunedufaso.net\\\/#website\"},\"primaryImageOfPage\":{\"@id\":\"https:\\\/\\\/www.latribunedufaso.net\\\/?p=31234#primaryimage\"},\"image\":{\"@id\":\"https:\\\/\\\/www.latribunedufaso.net\\\/?p=31234#primaryimage\"},\"thumbnailUrl\":\"https:\\\/\\\/www.latribunedufaso.net\\\/wp-content\\\/uploads\\\/2026\\\/09\\\/FB_IMG_1788345412953.jpg\",\"datePublished\":\"2026-09-02T10:52:50+00:00\",\"dateModified\":\"2026-09-02T10:53:36+00:00\",\"breadcrumb\":{\"@id\":\"https:\\\/\\\/www.latribunedufaso.net\\\/?p=31234#breadcrumb\"},\"inLanguage\":\"fr-FR\",\"potentialAction\":[{\"@type\":\"ReadAction\",\"target\":[\"https:\\\/\\\/www.latribunedufaso.net\\\/?p=31234\"]}]},{\"@type\":\"ImageObject\",\"inLanguage\":\"fr-FR\",\"@id\":\"https:\\\/\\\/www.latribunedufaso.net\\\/?p=31234#primaryimage\",\"url\":\"https:\\\/\\\/www.latribunedufaso.net\\\/wp-content\\\/uploads\\\/2026\\\/09\\\/FB_IMG_1788345412953.jpg\",\"contentUrl\":\"https:\\\/\\\/www.latribunedufaso.net\\\/wp-content\\\/uploads\\\/2026\\\/09\\\/FB_IMG_1788345412953.jpg\",\"width\":1080,\"height\":789,\"caption\":\"Le ministre des Affaires \u00e9trang\u00e8res, Karamoko Jean Marie Traor\u00e9 en visite d'amiti\u00e9 et de travail en Egypte\"},{\"@type\":\"BreadcrumbList\",\"@id\":\"https:\\\/\\\/www.latribunedufaso.net\\\/?p=31234#breadcrumb\",\"itemListElement\":[{\"@type\":\"ListItem\",\"position\":1,\"name\":\"Accueil\",\"item\":\"https:\\\/\\\/www.latribunedufaso.net\\\/\"},{\"@type\":\"ListItem\",\"position\":2,\"name\":\"Diplomatie : Le Burkina Faso et l\u2019\u00c9gypte consolident leur partenariat bilat\u00e9ral au Caire\"}]},{\"@type\":\"WebSite\",\"@id\":\"https:\\\/\\\/www.latribunedufaso.net\\\/#website\",\"url\":\"https:\\\/\\\/www.latribunedufaso.net\\\/\",\"name\":\"La Tribune du Faso\",\"description\":\"L&#039;information du monde rural en un clic\",\"publisher\":{\"@id\":\"https:\\\/\\\/www.latribunedufaso.net\\\/#organization\"},\"potentialAction\":[{\"@type\":\"SearchAction\",\"target\":{\"@type\":\"EntryPoint\",\"urlTemplate\":\"https:\\\/\\\/www.latribunedufaso.net\\\/?s={search_term_string}\"},\"query-input\":{\"@type\":\"PropertyValueSpecification\",\"valueRequired\":true,\"valueName\":\"search_term_string\"}}],\"inLanguage\":\"fr-FR\"},{\"@type\":\"Organization\",\"@id\":\"https:\\\/\\\/www.latribunedufaso.net\\\/#organization\",\"name\":\"La Tribune du Faso\",\"url\":\"https:\\\/\\\/www.latribunedufaso.net\\\/\",\"logo\":{\"@type\":\"ImageObject\",\"inLanguage\":\"fr-FR\",\"@id\":\"https:\\\/\\\/www.latribunedufaso.net\\\/#\\\/schema\\\/logo\\\/image\\\/\",\"url\":\"https:\\\/\\\/www.latribunedufaso.net\\\/wp-content\\\/uploads\\\/2020\\\/08\\\/Logo-Tribune-du-Faso-final-scaled.jpg\",\"contentUrl\":\"https:\\\/\\\/www.latribunedufaso.net\\\/wp-content\\\/uploads\\\/2020\\\/08\\\/Logo-Tribune-du-Faso-final-scaled.jpg\",\"width\":2560,\"height\":1856,\"caption\":\"La Tribune du Faso\"},\"image\":{\"@id\":\"https:\\\/\\\/www.latribunedufaso.net\\\/#\\\/schema\\\/logo\\\/image\\\/\"},\"sameAs\":[\"https:\\\/\\\/www.facebook.com\\\/LatribuneduFaso\\\/\"]},{\"@type\":\"Person\",\"@id\":\"https:\\\/\\\/www.latribunedufaso.net\\\/#\\\/schema\\\/person\\\/e54e64c5778a7e72cf80a318b7a622b0\",\"name\":\"Issouf Tapsoba\",\"image\":{\"@type\":\"ImageObject\",\"inLanguage\":\"fr-FR\",\"@id\":\"https:\\\/\\\/secure.gravatar.com\\\/avatar\\\/5e6c05150ce3230247d167f5b94d678eb05936197436d69b7921e3a95c9107ac?s=96&d=mm&r=g\",\"url\":\"https:\\\/\\\/secure.gravatar.com\\\/avatar\\\/5e6c05150ce3230247d167f5b94d678eb05936197436d69b7921e3a95c9107ac?s=96&d=mm&r=g\",\"contentUrl\":\"https:\\\/\\\/secure.gravatar.com\\\/avatar\\\/5e6c05150ce3230247d167f5b94d678eb05936197436d69b7921e3a95c9107ac?s=96&d=mm&r=g\",\"caption\":\"Issouf Tapsoba\"},\"url\":\"https:\\\/\\\/www.latribunedufaso.net\\\/?author=5\"}]}<\/script>\n<!-- \/ Yoast SEO plugin. -->","yoast_head_json":{"title":"Diplomatie : Le Burkina Faso et l\u2019\u00c9gypte consolident leur partenariat bilat\u00e9ral au Caire - La Tribune du Faso","robots":{"index":"index","follow":"follow","max-snippet":"max-snippet:-1","max-image-preview":"max-image-preview:large","max-video-preview":"max-video-preview:-1"},"canonical":"https:\/\/www.latribunedufaso.net\/?p=31234","og_locale":"fr_FR","og_type":"article","og_title":"Diplomatie : Le Burkina Faso et l\u2019\u00c9gypte consolident leur partenariat bilat\u00e9ral au Caire - La Tribune du Faso","og_description":"Le ministre des Affaires \u00e9trang\u00e8res, Karamoko Jean Marie Traor\u00e9 est en visite d&rsquo;amiti\u00e9 et de travail au Caire depuis le 31 ao\u00fbt 2026, dans le cadre de la consolidation des relations de coop\u00e9ration entre le Burkina Faso et la R\u00e9publique Arabe d\u2019\u00c9gypte.","og_url":"https:\/\/www.latribunedufaso.net\/?p=31234","og_site_name":"La Tribune du Faso","article_publisher":"https:\/\/www.facebook.com\/LatribuneduFaso\/","article_published_time":"2026-09-02T10:52:50+00:00","article_modified_time":"2026-09-02T10:53:36+00:00","og_image":[{"width":1080,"height":789,"url":"https:\/\/www.latribunedufaso.net\/wp-content\/uploads\/2026\/09\/FB_IMG_1788345412953.jpg","type":"image\/jpeg"}],"author":"Issouf Tapsoba","twitter_misc":{"\u00c9crit par":"Issouf Tapsoba","Dur\u00e9e de lecture estim\u00e9e":"5 minutes"},"schema":{"@context":"https:\/\/schema.org","@graph":[{"@type":"Article","@id":"https:\/\/www.latribunedufaso.net\/?p=31234#article","isPartOf":{"@id":"https:\/\/www.latribunedufaso.net\/?p=31234"},"author":{"name":"Issouf Tapsoba","@id":"https:\/\/www.latribunedufaso.net\/#\/schema\/person\/e54e64c5778a7e72cf80a318b7a622b0"},"headline":"Diplomatie : Le Burkina Faso et l\u2019\u00c9gypte consolident leur partenariat bilat\u00e9ral au Caire","datePublished":"2026-09-02T10:52:50+00:00","dateModified":"2026-09-02T10:53:36+00:00","mainEntityOfPage":{"@id":"https:\/\/www.latribunedufaso.net\/?p=31234"},"wordCount":860,"commentCount":0,"publisher":{"@id":"https:\/\/www.latribunedufaso.net\/#organization"},"image":{"@id":"https:\/\/www.latribunedufaso.net\/?p=31234#primaryimage"},"thumbnailUrl":"https:\/\/www.latribunedufaso.net\/wp-content\/uploads\/2026\/09\/FB_IMG_1788345412953.jpg","keywords":["Coop\u00e9ration Burkina-Egypte","latribunedufaso.net"],"articleSection":["A la une","Actualit\u00e9","Soci\u00e9t\u00e9"],"inLanguage":"fr-FR","potentialAction":[{"@type":"CommentAction","name":"Comment","target":["https:\/\/www.latribunedufaso.net\/?p=31234#respond"]}]},{"@type":"WebPage","@id":"https:\/\/www.latribunedufaso.net\/?p=31234","url":"https:\/\/www.latribunedufaso.net\/?p=31234","name":"Diplomatie : Le Burkina Faso et l\u2019\u00c9gypte consolident leur partenariat bilat\u00e9ral au Caire - La Tribune du Faso","isPartOf":{"@id":"https:\/\/www.latribunedufaso.net\/#website"},"primaryImageOfPage":{"@id":"https:\/\/www.latribunedufaso.net\/?p=31234#primaryimage"},"image":{"@id":"https:\/\/www.latribunedufaso.net\/?p=31234#primaryimage"},"thumbnailUrl":"https:\/\/www.latribunedufaso.net\/wp-content\/uploads\/2026\/09\/FB_IMG_1788345412953.jpg","datePublished":"2026-09-02T10:52:50+00:00","dateModified":"2026-09-02T10:53:36+00:00","breadcrumb":{"@id":"https:\/\/www.latribunedufaso.net\/?p=31234#breadcrumb"},"inLanguage":"fr-FR","potentialAction":[{"@type":"ReadAction","target":["https:\/\/www.latribunedufaso.net\/?p=31234"]}]},{"@type":"ImageObject","inLanguage":"fr-FR","@id":"https:\/\/www.latribunedufaso.net\/?p=31234#primaryimage","url":"https:\/\/www.latribunedufaso.net\/wp-content\/uploads\/2026\/09\/FB_IMG_1788345412953.jpg","contentUrl":"https:\/\/www.latribunedufaso.net\/wp-content\/uploads\/2026\/09\/FB_IMG_1788345412953.jpg","width":1080,"height":789,"caption":"Le ministre des Affaires \u00e9trang\u00e8res, Karamoko Jean Marie Traor\u00e9 en visite d'amiti\u00e9 et de travail en Egypte"},{"@type":"BreadcrumbList","@id":"https:\/\/www.latribunedufaso.net\/?p=31234#breadcrumb","itemListElement":[{"@type":"ListItem","position":1,"name":"Accueil","item":"https:\/\/www.latribunedufaso.net\/"},{"@type":"ListItem","position":2,"name":"Diplomatie : Le Burkina Faso et l\u2019\u00c9gypte consolident leur partenariat bilat\u00e9ral au Caire"}]},{"@type":"WebSite","@id":"https:\/\/www.latribunedufaso.net\/#website","url":"https:\/\/www.latribunedufaso.net\/","name":"La Tribune du Faso","description":"L&#039;information du monde rural en un clic","publisher":{"@id":"https:\/\/www.latribunedufaso.net\/#organization"},"potentialAction":[{"@type":"SearchAction","target":{"@type":"EntryPoint","urlTemplate":"https:\/\/www.latribunedufaso.net\/?s={search_term_string}"},"query-input":{"@type":"PropertyValueSpecification","valueRequired":true,"valueName":"search_term_string"}}],"inLanguage":"fr-FR"},{"@type":"Organization","@id":"https:\/\/www.latribunedufaso.net\/#organization","name":"La Tribune du Faso","url":"https:\/\/www.latribunedufaso.net\/","logo":{"@type":"ImageObject","inLanguage":"fr-FR","@id":"https:\/\/www.latribunedufaso.net\/#\/schema\/logo\/image\/","url":"https:\/\/www.latribunedufaso.net\/wp-content\/uploads\/2020\/08\/Logo-Tribune-du-Faso-final-scaled.jpg","contentUrl":"https:\/\/www.latribunedufaso.net\/wp-content\/uploads\/2020\/08\/Logo-Tribune-du-Faso-final-scaled.jpg","width":2560,"height":1856,"caption":"La Tribune du Faso"},"image":{"@id":"https:\/\/www.latribunedufaso.net\/#\/schema\/logo\/image\/"},"sameAs":["https:\/\/www.facebook.com\/LatribuneduFaso\/"]},{"@type":"Person","@id":"https:\/\/www.latribunedufaso.net\/#\/schema\/person\/e54e64c5778a7e72cf80a318b7a622b0","name":"Issouf Tapsoba","image":{"@type":"ImageObject","inLanguage":"fr-FR","@id":"https:\/\/secure.gravatar.com\/avatar\/5e6c05150ce3230247d167f5b94d678eb05936197436d69b7921e3a95c9107ac?s=96&d=mm&r=g","url":"https:\/\/secure.gravatar.com\/avatar\/5e6c05150ce3230247d167f5b94d678eb05936197436d69b7921e3a95c9107ac?s=96&d=mm&r=g","contentUrl":"https:\/\/secure.gravatar.com\/avatar\/5e6c05150ce3230247d167f5b94d678eb05936197436d69b7921e3a95c9107ac?s=96&d=mm&r=g","caption":"Issouf Tapsoba"},"url":"https:\/\/www.latribunedufaso.net\/?author=5"}]}},"_links":{"self":[{"href":"https:\/\/www.latribunedufaso.net\/index.php?rest_route=\/wp\/v2\/posts\/31234","targetHints":{"allow":["GET"]}}],"collection":[{"href":"https:\/\/www.latribunedufaso.net\/index.php?rest_route=\/wp\/v2\/posts"}],"about":[{"href":"https:\/\/www.latribunedufaso.net\/index.php?rest_route=\/wp\/v2\/types\/post"}],"author":[{"embeddable":true,"href":"https:\/\/www.latribunedufaso.net\/index.php?rest_route=\/wp\/v2\/users\/5"}],"replies":[{"embeddable":true,"href":"https:\/\/www.latribunedufaso.net\/index.php?rest_route=%2Fwp%2Fv2%2Fcomments&post=31234"}],"version-history":[{"count":4,"href":"https:\/\/www.latribunedufaso.net\/index.php?rest_route=\/wp\/v2\/posts\/31234\/revisions"}],"predecessor-version":[{"id":31243,"href":"https:\/\/www.latribunedufaso.net\/index.php?rest_route=\/wp\/v2\/posts\/31234\/revisions\/31243"}],"wp:featuredmedia":[{"embeddable":true,"href":"https:\/\/www.latribunedufaso.net\/index.php?rest_route=\/wp\/v2\/media\/31237"}],"wp:attachment":[{"href":"https:\/\/www.latribunedufaso.net\/index.php?rest_route=%2Fwp%2Fv2%2Fmedia&parent=31234"}],"wp:term":[{"taxonomy":"category","embeddable":true,"href":"https:\/\/www.latribunedufaso.net\/index.php?rest_route=%2Fwp%2Fv2%2Fcategories&post=31234"},{"taxonomy":"post_tag","embeddable":true,"href":"https:\/\/www.latribunedufaso.net\/index.php?rest_route=%2Fwp%2Fv2%2Ftags&post=31234"}],"curies":[{"name":"wp","href":"https:\/\/api.w.org\/{rel}","templated":true}]}}