{"id":31218,"date":"2026-09-01T15:11:15","date_gmt":"2026-09-01T15:11:15","guid":{"rendered":"https:\/\/www.latribunedufaso.net\/?p=31218"},"modified":"2026-09-01T15:11:15","modified_gmt":"2026-09-01T15:11:15","slug":"developpement-des-medias-en-ligne-laepml-sollicite-laccompagnement-du-dr-cyriaque-pare","status":"publish","type":"post","link":"https:\/\/www.latribunedufaso.net\/?p=31218","title":{"rendered":"D\u00e9veloppement des m\u00e9dias en ligne : L\u2019AEPML sollicite l\u2019accompagnement du Dr Cyriaque Par\u00e9"},"content":{"rendered":"<p style=\"text-align: left;\"><strong>L\u2019Association des \u00e9diteurs et professionnels des m\u00e9dias en ligne (AEPML) a rencontr\u00e9, ce mardi 1er septembre 2026, le Dr Cyriaque Par\u00e9, fondateur de l\u2019Institut sup\u00e9rieur de la communication et du multim\u00e9dia (ISCOM) et pr\u00e9sident d\u2019honneur de l\u2019association. Cette audience a port\u00e9 notamment sur les d\u00e9fis de la presse en ligne, la formation des journalistes et la cr\u00e9dibilit\u00e9 des m\u00e9dias face \u00e0 la mont\u00e9e de la d\u00e9sinformation.<\/strong><!--more--><\/p>\n<p>Pour Hamidou Kabr\u00e9, pr\u00e9sident de l\u2019association, cette rencontre avec le fondateur de Lefaso.net \u00e9tait une occasion de lui adresser les f\u00e9licitations de l\u2019association pour son parcours, mais aussi de solliciter davantage son accompagnement. <em><strong>\u00ab Le docteur Cyriaque Par\u00e9 est l\u2019un des pr\u00e9curseurs de la presse en ligne au Burkina Faso \u00bb,<\/strong><\/em> a-t-il rappel\u00e9, soulignant que plusieurs m\u00e9dias en ligne se sont inspir\u00e9s de son exp\u00e9rience.<\/p>\n<figure id=\"attachment_31222\" aria-describedby=\"caption-attachment-31222\" style=\"width: 1280px\" class=\"wp-caption aligncenter\"><a href=\"https:\/\/www.latribunedufaso.net\/wp-content\/uploads\/2026\/09\/IMG-20260901-WA0061.jpg\"><img loading=\"lazy\" decoding=\"async\" class=\"size-full wp-image-31222\" src=\"https:\/\/www.latribunedufaso.net\/wp-content\/uploads\/2026\/09\/IMG-20260901-WA0061.jpg\" alt=\"L\u2019Association des \u00e9diteurs et professionnels des m\u00e9dias en ligne (AEPML) a \u00e9t\u00e9 re\u00e7u en audience \u00e0 Dr Cyriaque Par\u00e9, fondateur de l'ISCOM\" width=\"1280\" height=\"960\" srcset=\"https:\/\/www.latribunedufaso.net\/wp-content\/uploads\/2026\/09\/IMG-20260901-WA0061.jpg 1280w, https:\/\/www.latribunedufaso.net\/wp-content\/uploads\/2026\/09\/IMG-20260901-WA0061-300x225.jpg 300w, https:\/\/www.latribunedufaso.net\/wp-content\/uploads\/2026\/09\/IMG-20260901-WA0061-1024x768.jpg 1024w, https:\/\/www.latribunedufaso.net\/wp-content\/uploads\/2026\/09\/IMG-20260901-WA0061-768x576.jpg 768w\" sizes=\"auto, (max-width: 1280px) 100vw, 1280px\" \/><\/a><figcaption id=\"caption-attachment-31222\" class=\"wp-caption-text\">Hamidou Kabr\u00e9, Pr\u00e9sident de l&rsquo;association &#8211; Ph. I. Tougma<\/figcaption><\/figure>\n<p>Au cours des \u00e9changes, l\u2019AEPML a pr\u00e9sent\u00e9 son programme d\u2019activit\u00e9s 2026-2028, qui pr\u00e9voit notamment le d\u00e9veloppement de partenariats avec des institutions publiques et priv\u00e9es ainsi qu\u2019avec des personnes-ressources engag\u00e9es dans le d\u00e9veloppement des m\u00e9dias.<\/p>\n<p>L\u2019association a \u00e9galement mis l\u2019accent sur la formation continue des journalistes et la formation des jeunes professionnels. Pour Hamidou Kabr\u00e9, l\u2019am\u00e9lioration de la qualit\u00e9 des contenus est indispensable pour renforcer la confiance du public envers les m\u00e9dias professionnels.<\/p>\n<p><em><strong>\u00ab Pour que nous puissions avoir davantage la confiance aupr\u00e8s du public, les journalistes devraient offrir du contenu de qualit\u00e9. Et pour avoir du contenu de qualit\u00e9, la formation a une place tr\u00e8s importante \u00bb<\/strong><\/em>, a-t-il indiqu\u00e9.<\/p>\n<figure id=\"attachment_31221\" aria-describedby=\"caption-attachment-31221\" style=\"width: 1280px\" class=\"wp-caption aligncenter\"><a href=\"https:\/\/www.latribunedufaso.net\/wp-content\/uploads\/2026\/09\/IMG-20260901-WA0060.jpg\"><img loading=\"lazy\" decoding=\"async\" class=\"size-full wp-image-31221\" src=\"https:\/\/www.latribunedufaso.net\/wp-content\/uploads\/2026\/09\/IMG-20260901-WA0060.jpg\" alt=\"L\u2019Association des \u00e9diteurs et professionnels des m\u00e9dias en ligne (AEPML) a \u00e9t\u00e9 re\u00e7u en audience \u00e0 Dr Cyriaque Par\u00e9, fondateur de l'ISCOM\" width=\"1280\" height=\"1080\" srcset=\"https:\/\/www.latribunedufaso.net\/wp-content\/uploads\/2026\/09\/IMG-20260901-WA0060.jpg 1280w, https:\/\/www.latribunedufaso.net\/wp-content\/uploads\/2026\/09\/IMG-20260901-WA0060-300x253.jpg 300w, https:\/\/www.latribunedufaso.net\/wp-content\/uploads\/2026\/09\/IMG-20260901-WA0060-1024x864.jpg 1024w, https:\/\/www.latribunedufaso.net\/wp-content\/uploads\/2026\/09\/IMG-20260901-WA0060-768x648.jpg 768w\" sizes=\"auto, (max-width: 1280px) 100vw, 1280px\" \/><\/a><figcaption id=\"caption-attachment-31221\" class=\"wp-caption-text\">Le Dr Cyriaque Par\u00e9, fondateur de l\u2019Institut sup\u00e9rieur de la communication et du multim\u00e9dia (ISCOM) et pr\u00e9sident d\u2019honneur de l\u2019association &#8211; Ph. I. Tougma<\/figcaption><\/figure>\n<p>De son c\u00f4t\u00e9, Dr Cyriaque Par\u00e9 s\u2019est dit honor\u00e9 par cette visite, qui lui a permis de revenir sur les pr\u00e9occupations ayant conduit \u00e0 la cr\u00e9ation de l\u2019association, notamment les questions de l\u00e9gitimit\u00e9, de cr\u00e9dibilit\u00e9 et de professionnalisme des m\u00e9dias en ligne.<\/p>\n<p>Il a relev\u00e9 les avanc\u00e9es enregistr\u00e9es dans la reconnaissance de la presse en ligne, notamment avec la loi de 2015, tout en estimant que le secteur reste confront\u00e9 \u00e0 d\u2019importants d\u00e9fis li\u00e9s \u00e0 la manipulation de l\u2019information et \u00e0 l\u2019explosion des r\u00e9seaux sociaux.<\/p>\n<figure id=\"attachment_31223\" aria-describedby=\"caption-attachment-31223\" style=\"width: 1280px\" class=\"wp-caption aligncenter\"><a href=\"https:\/\/www.latribunedufaso.net\/wp-content\/uploads\/2026\/09\/IMG-20260901-WA0065.jpg\"><img loading=\"lazy\" decoding=\"async\" class=\"size-full wp-image-31223\" src=\"https:\/\/www.latribunedufaso.net\/wp-content\/uploads\/2026\/09\/IMG-20260901-WA0065.jpg\" alt=\"L\u2019Association des \u00e9diteurs et professionnels des m\u00e9dias en ligne (AEPML) a \u00e9t\u00e9 re\u00e7u en audience \u00e0 Dr Cyriaque Par\u00e9, fondateur de l'ISCOM\" width=\"1280\" height=\"960\" srcset=\"https:\/\/www.latribunedufaso.net\/wp-content\/uploads\/2026\/09\/IMG-20260901-WA0065.jpg 1280w, https:\/\/www.latribunedufaso.net\/wp-content\/uploads\/2026\/09\/IMG-20260901-WA0065-300x225.jpg 300w, https:\/\/www.latribunedufaso.net\/wp-content\/uploads\/2026\/09\/IMG-20260901-WA0065-1024x768.jpg 1024w, https:\/\/www.latribunedufaso.net\/wp-content\/uploads\/2026\/09\/IMG-20260901-WA0065-768x576.jpg 768w\" sizes=\"auto, (max-width: 1280px) 100vw, 1280px\" \/><\/a><figcaption id=\"caption-attachment-31223\" class=\"wp-caption-text\">Une vue des participants \u00e0 l&rsquo;audience &#8211; Ph. I. Tougma<\/figcaption><\/figure>\n<p><em><strong>\u00ab La manipulation de l\u2019information cr\u00e9e un brouillard informationnel, beaucoup de confusion. On ne sait pas toujours reconna\u00eetre les acteurs \u00e0 leur juste mesure \u00bb<\/strong><\/em>, a-t-il relev\u00e9.<\/p>\n<p>Invit\u00e9 \u00e0 s\u2019impliquer davantage dans la vie de l\u2019association en sa qualit\u00e9 de pr\u00e9sident d\u2019honneur, Dr Cyriaque Par\u00e9 a exprim\u00e9 sa disponibilit\u00e9. Des projets de collaboration entre l\u2019AEPML et l\u2019ISCOM pourraient notamment voir le jour dans les prochains mois, particuli\u00e8rement dans le domaine du renforcement des capacit\u00e9s des journalistes en mati\u00e8re de collecte, de traitement et de diffusion de l\u2019information.<\/p>\n<blockquote>\n<p>Lire aussi &gt;&gt;\u00a0<a href=\"https:\/\/www.latribunedufaso.net\/?p=19515\">Burkina\/R\u00e9gulation des m\u00e9dias en ligne : L\u2019AEPML exprime ses inqui\u00e9tudes li\u00e9es \u00e0 la loi n\u00b0041 au pr\u00e9sident du CSC<\/a>\u00a0<\/p>\n<\/blockquote>\n<p>Cette rencontre constitue ainsi une nouvelle \u00e9tape dans le rapprochement entre l\u2019AEPML et l\u2019ISCOM, qui abrite \u00e9galement le si\u00e8ge de l\u2019association.<\/p>\n<p><strong>In\u00e8s TOUGMA\u00a0<\/strong><\/p>\n<p><strong>Latribunedufaso.net<\/strong><\/p>\n<p><a href=\"https:\/\/www.latribunedufaso.net\/wp-content\/uploads\/2026\/09\/IMG-20260901-WA0064.jpg\"><img loading=\"lazy\" decoding=\"async\" class=\"aligncenter size-full wp-image-31225\" src=\"https:\/\/www.latribunedufaso.net\/wp-content\/uploads\/2026\/09\/IMG-20260901-WA0064.jpg\" alt=\"L\u2019Association des \u00e9diteurs et professionnels des m\u00e9dias en ligne (AEPML) a \u00e9t\u00e9 re\u00e7u en audience \u00e0 Dr Cyriaque Par\u00e9, fondateur de l'ISCOM\" width=\"1280\" height=\"960\" srcset=\"https:\/\/www.latribunedufaso.net\/wp-content\/uploads\/2026\/09\/IMG-20260901-WA0064.jpg 1280w, https:\/\/www.latribunedufaso.net\/wp-content\/uploads\/2026\/09\/IMG-20260901-WA0064-300x225.jpg 300w, https:\/\/www.latribunedufaso.net\/wp-content\/uploads\/2026\/09\/IMG-20260901-WA0064-1024x768.jpg 1024w, https:\/\/www.latribunedufaso.net\/wp-content\/uploads\/2026\/09\/IMG-20260901-WA0064-768x576.jpg 768w\" sizes=\"auto, (max-width: 1280px) 100vw, 1280px\" \/><\/a><\/p>\n","protected":false},"excerpt":{"rendered":"<p>L\u2019Association des \u00e9diteurs et professionnels des m\u00e9dias en ligne (AEPML) a rencontr\u00e9, ce mardi 1er septembre 2026, le Dr Cyriaque Par\u00e9, fondateur de l\u2019Institut sup\u00e9rieur de la communication et du multim\u00e9dia (ISCOM) et pr\u00e9sident d\u2019honneur de l\u2019association. Cette audience a port\u00e9 notamment sur les d\u00e9fis de la presse en ligne, la formation des journalistes et la cr\u00e9dibilit\u00e9 des m\u00e9dias face \u00e0 la mont\u00e9e de la d\u00e9sinformation.<\/p>\n","protected":false},"author":5,"featured_media":31224,"comment_status":"open","ping_status":"open","sticky":false,"template":"","format":"standard","meta":{"footnotes":""},"categories":[13,1,8],"tags":[814,858,2324,39],"class_list":["post-31218","post","type-post","status-publish","format-standard","has-post-thumbnail","hentry","category-une","category-actu","category-societe","tag-association-des-editeurs-et-professionnels-des-medias-en-ligne-aepml","tag-dr-cyriaque-pare","tag-iscom","tag-latribunedufaso-net"],"yoast_head":"<!-- This site is optimized with the Yoast SEO plugin v28.3 - https:\/\/yoast.com\/product\/yoast-seo-wordpress\/ -->\n<title>D\u00e9veloppement des m\u00e9dias en ligne : L\u2019AEPML sollicite l\u2019accompagnement du Dr Cyriaque Par\u00e9 - La Tribune du Faso<\/title>\n<meta name=\"robots\" content=\"index, follow, max-snippet:-1, max-image-preview:large, max-video-preview:-1\" \/>\n<link rel=\"canonical\" href=\"https:\/\/www.latribunedufaso.net\/?p=31218\" \/>\n<meta property=\"og:locale\" content=\"fr_FR\" \/>\n<meta property=\"og:type\" content=\"article\" \/>\n<meta property=\"og:title\" content=\"D\u00e9veloppement des m\u00e9dias en ligne : L\u2019AEPML sollicite l\u2019accompagnement du Dr Cyriaque Par\u00e9 - La Tribune du Faso\" \/>\n<meta property=\"og:description\" content=\"L\u2019Association des \u00e9diteurs et professionnels des m\u00e9dias en ligne (AEPML) a rencontr\u00e9, ce mardi 1er septembre 2026, le Dr Cyriaque Par\u00e9, fondateur de l\u2019Institut sup\u00e9rieur de la communication et du multim\u00e9dia (ISCOM) et pr\u00e9sident d\u2019honneur de l\u2019association. Cette audience a port\u00e9 notamment sur les d\u00e9fis de la presse en ligne, la formation des journalistes et la cr\u00e9dibilit\u00e9 des m\u00e9dias face \u00e0 la mont\u00e9e de la d\u00e9sinformation.\" \/>\n<meta property=\"og:url\" content=\"https:\/\/www.latribunedufaso.net\/?p=31218\" \/>\n<meta property=\"og:site_name\" content=\"La Tribune du Faso\" \/>\n<meta property=\"article:publisher\" content=\"https:\/\/www.facebook.com\/LatribuneduFaso\/\" \/>\n<meta property=\"article:published_time\" content=\"2026-09-01T15:11:15+00:00\" \/>\n<meta property=\"og:image\" content=\"https:\/\/www.latribunedufaso.net\/wp-content\/uploads\/2026\/09\/IMG-20260901-WA0063.jpg\" \/>\n\t<meta property=\"og:image:width\" content=\"1280\" \/>\n\t<meta property=\"og:image:height\" content=\"960\" \/>\n\t<meta property=\"og:image:type\" content=\"image\/jpeg\" \/>\n<meta name=\"author\" content=\"Issouf Tapsoba\" \/>\n<meta name=\"twitter:label1\" content=\"\u00c9crit par\" \/>\n\t<meta name=\"twitter:data1\" content=\"Issouf Tapsoba\" \/>\n\t<meta name=\"twitter:label2\" content=\"Dur\u00e9e de lecture estim\u00e9e\" \/>\n\t<meta name=\"twitter:data2\" content=\"4 minutes\" \/>\n<script type=\"application\/ld+json\" class=\"yoast-schema-graph\">{\"@context\":\"https:\\\/\\\/schema.org\",\"@graph\":[{\"@type\":\"Article\",\"@id\":\"https:\\\/\\\/www.latribunedufaso.net\\\/?p=31218#article\",\"isPartOf\":{\"@id\":\"https:\\\/\\\/www.latribunedufaso.net\\\/?p=31218\"},\"author\":{\"name\":\"Issouf Tapsoba\",\"@id\":\"https:\\\/\\\/www.latribunedufaso.net\\\/#\\\/schema\\\/person\\\/e54e64c5778a7e72cf80a318b7a622b0\"},\"headline\":\"D\u00e9veloppement des m\u00e9dias en ligne : L\u2019AEPML sollicite l\u2019accompagnement du Dr Cyriaque Par\u00e9\",\"datePublished\":\"2026-09-01T15:11:15+00:00\",\"mainEntityOfPage\":{\"@id\":\"https:\\\/\\\/www.latribunedufaso.net\\\/?p=31218\"},\"wordCount\":613,\"commentCount\":0,\"publisher\":{\"@id\":\"https:\\\/\\\/www.latribunedufaso.net\\\/#organization\"},\"image\":{\"@id\":\"https:\\\/\\\/www.latribunedufaso.net\\\/?p=31218#primaryimage\"},\"thumbnailUrl\":\"https:\\\/\\\/www.latribunedufaso.net\\\/wp-content\\\/uploads\\\/2026\\\/09\\\/IMG-20260901-WA0063.jpg\",\"keywords\":[\"Association des \u00e9diteurs et professionnels des m\u00e9dias en ligne (AEPML)\",\"Dr Cyriaque Par\u00e9\",\"ISCOM\",\"latribunedufaso.net\"],\"articleSection\":[\"A la une\",\"Actualit\u00e9\",\"Soci\u00e9t\u00e9\"],\"inLanguage\":\"fr-FR\",\"potentialAction\":[{\"@type\":\"CommentAction\",\"name\":\"Comment\",\"target\":[\"https:\\\/\\\/www.latribunedufaso.net\\\/?p=31218#respond\"]}]},{\"@type\":\"WebPage\",\"@id\":\"https:\\\/\\\/www.latribunedufaso.net\\\/?p=31218\",\"url\":\"https:\\\/\\\/www.latribunedufaso.net\\\/?p=31218\",\"name\":\"D\u00e9veloppement des m\u00e9dias en ligne : L\u2019AEPML sollicite l\u2019accompagnement du Dr Cyriaque Par\u00e9 - La Tribune du Faso\",\"isPartOf\":{\"@id\":\"https:\\\/\\\/www.latribunedufaso.net\\\/#website\"},\"primaryImageOfPage\":{\"@id\":\"https:\\\/\\\/www.latribunedufaso.net\\\/?p=31218#primaryimage\"},\"image\":{\"@id\":\"https:\\\/\\\/www.latribunedufaso.net\\\/?p=31218#primaryimage\"},\"thumbnailUrl\":\"https:\\\/\\\/www.latribunedufaso.net\\\/wp-content\\\/uploads\\\/2026\\\/09\\\/IMG-20260901-WA0063.jpg\",\"datePublished\":\"2026-09-01T15:11:15+00:00\",\"breadcrumb\":{\"@id\":\"https:\\\/\\\/www.latribunedufaso.net\\\/?p=31218#breadcrumb\"},\"inLanguage\":\"fr-FR\",\"potentialAction\":[{\"@type\":\"ReadAction\",\"target\":[\"https:\\\/\\\/www.latribunedufaso.net\\\/?p=31218\"]}]},{\"@type\":\"ImageObject\",\"inLanguage\":\"fr-FR\",\"@id\":\"https:\\\/\\\/www.latribunedufaso.net\\\/?p=31218#primaryimage\",\"url\":\"https:\\\/\\\/www.latribunedufaso.net\\\/wp-content\\\/uploads\\\/2026\\\/09\\\/IMG-20260901-WA0063.jpg\",\"contentUrl\":\"https:\\\/\\\/www.latribunedufaso.net\\\/wp-content\\\/uploads\\\/2026\\\/09\\\/IMG-20260901-WA0063.jpg\",\"width\":1280,\"height\":960,\"caption\":\"L\u2019Association des \u00e9diteurs et professionnels des m\u00e9dias en ligne (AEPML) a \u00e9t\u00e9 re\u00e7u en audience \u00e0 Dr Cyriaque Par\u00e9, fondateur de l'ISCOM\"},{\"@type\":\"BreadcrumbList\",\"@id\":\"https:\\\/\\\/www.latribunedufaso.net\\\/?p=31218#breadcrumb\",\"itemListElement\":[{\"@type\":\"ListItem\",\"position\":1,\"name\":\"Accueil\",\"item\":\"https:\\\/\\\/www.latribunedufaso.net\\\/\"},{\"@type\":\"ListItem\",\"position\":2,\"name\":\"D\u00e9veloppement des m\u00e9dias en ligne : L\u2019AEPML sollicite l\u2019accompagnement du Dr Cyriaque Par\u00e9\"}]},{\"@type\":\"WebSite\",\"@id\":\"https:\\\/\\\/www.latribunedufaso.net\\\/#website\",\"url\":\"https:\\\/\\\/www.latribunedufaso.net\\\/\",\"name\":\"La Tribune du Faso\",\"description\":\"L&#039;information du monde rural en un clic\",\"publisher\":{\"@id\":\"https:\\\/\\\/www.latribunedufaso.net\\\/#organization\"},\"potentialAction\":[{\"@type\":\"SearchAction\",\"target\":{\"@type\":\"EntryPoint\",\"urlTemplate\":\"https:\\\/\\\/www.latribunedufaso.net\\\/?s={search_term_string}\"},\"query-input\":{\"@type\":\"PropertyValueSpecification\",\"valueRequired\":true,\"valueName\":\"search_term_string\"}}],\"inLanguage\":\"fr-FR\"},{\"@type\":\"Organization\",\"@id\":\"https:\\\/\\\/www.latribunedufaso.net\\\/#organization\",\"name\":\"La Tribune du Faso\",\"url\":\"https:\\\/\\\/www.latribunedufaso.net\\\/\",\"logo\":{\"@type\":\"ImageObject\",\"inLanguage\":\"fr-FR\",\"@id\":\"https:\\\/\\\/www.latribunedufaso.net\\\/#\\\/schema\\\/logo\\\/image\\\/\",\"url\":\"https:\\\/\\\/www.latribunedufaso.net\\\/wp-content\\\/uploads\\\/2020\\\/08\\\/Logo-Tribune-du-Faso-final-scaled.jpg\",\"contentUrl\":\"https:\\\/\\\/www.latribunedufaso.net\\\/wp-content\\\/uploads\\\/2020\\\/08\\\/Logo-Tribune-du-Faso-final-scaled.jpg\",\"width\":2560,\"height\":1856,\"caption\":\"La Tribune du Faso\"},\"image\":{\"@id\":\"https:\\\/\\\/www.latribunedufaso.net\\\/#\\\/schema\\\/logo\\\/image\\\/\"},\"sameAs\":[\"https:\\\/\\\/www.facebook.com\\\/LatribuneduFaso\\\/\"]},{\"@type\":\"Person\",\"@id\":\"https:\\\/\\\/www.latribunedufaso.net\\\/#\\\/schema\\\/person\\\/e54e64c5778a7e72cf80a318b7a622b0\",\"name\":\"Issouf Tapsoba\",\"image\":{\"@type\":\"ImageObject\",\"inLanguage\":\"fr-FR\",\"@id\":\"https:\\\/\\\/secure.gravatar.com\\\/avatar\\\/5e6c05150ce3230247d167f5b94d678eb05936197436d69b7921e3a95c9107ac?s=96&d=mm&r=g\",\"url\":\"https:\\\/\\\/secure.gravatar.com\\\/avatar\\\/5e6c05150ce3230247d167f5b94d678eb05936197436d69b7921e3a95c9107ac?s=96&d=mm&r=g\",\"contentUrl\":\"https:\\\/\\\/secure.gravatar.com\\\/avatar\\\/5e6c05150ce3230247d167f5b94d678eb05936197436d69b7921e3a95c9107ac?s=96&d=mm&r=g\",\"caption\":\"Issouf Tapsoba\"},\"url\":\"https:\\\/\\\/www.latribunedufaso.net\\\/?author=5\"}]}<\/script>\n<!-- \/ Yoast SEO plugin. -->","yoast_head_json":{"title":"D\u00e9veloppement des m\u00e9dias en ligne : L\u2019AEPML sollicite l\u2019accompagnement du Dr Cyriaque Par\u00e9 - La Tribune du Faso","robots":{"index":"index","follow":"follow","max-snippet":"max-snippet:-1","max-image-preview":"max-image-preview:large","max-video-preview":"max-video-preview:-1"},"canonical":"https:\/\/www.latribunedufaso.net\/?p=31218","og_locale":"fr_FR","og_type":"article","og_title":"D\u00e9veloppement des m\u00e9dias en ligne : L\u2019AEPML sollicite l\u2019accompagnement du Dr Cyriaque Par\u00e9 - La Tribune du Faso","og_description":"L\u2019Association des \u00e9diteurs et professionnels des m\u00e9dias en ligne (AEPML) a rencontr\u00e9, ce mardi 1er septembre 2026, le Dr Cyriaque Par\u00e9, fondateur de l\u2019Institut sup\u00e9rieur de la communication et du multim\u00e9dia (ISCOM) et pr\u00e9sident d\u2019honneur de l\u2019association. Cette audience a port\u00e9 notamment sur les d\u00e9fis de la presse en ligne, la formation des journalistes et la cr\u00e9dibilit\u00e9 des m\u00e9dias face \u00e0 la mont\u00e9e de la d\u00e9sinformation.","og_url":"https:\/\/www.latribunedufaso.net\/?p=31218","og_site_name":"La Tribune du Faso","article_publisher":"https:\/\/www.facebook.com\/LatribuneduFaso\/","article_published_time":"2026-09-01T15:11:15+00:00","og_image":[{"width":1280,"height":960,"url":"https:\/\/www.latribunedufaso.net\/wp-content\/uploads\/2026\/09\/IMG-20260901-WA0063.jpg","type":"image\/jpeg"}],"author":"Issouf Tapsoba","twitter_misc":{"\u00c9crit par":"Issouf Tapsoba","Dur\u00e9e de lecture estim\u00e9e":"4 minutes"},"schema":{"@context":"https:\/\/schema.org","@graph":[{"@type":"Article","@id":"https:\/\/www.latribunedufaso.net\/?p=31218#article","isPartOf":{"@id":"https:\/\/www.latribunedufaso.net\/?p=31218"},"author":{"name":"Issouf Tapsoba","@id":"https:\/\/www.latribunedufaso.net\/#\/schema\/person\/e54e64c5778a7e72cf80a318b7a622b0"},"headline":"D\u00e9veloppement des m\u00e9dias en ligne : L\u2019AEPML sollicite l\u2019accompagnement du Dr Cyriaque Par\u00e9","datePublished":"2026-09-01T15:11:15+00:00","mainEntityOfPage":{"@id":"https:\/\/www.latribunedufaso.net\/?p=31218"},"wordCount":613,"commentCount":0,"publisher":{"@id":"https:\/\/www.latribunedufaso.net\/#organization"},"image":{"@id":"https:\/\/www.latribunedufaso.net\/?p=31218#primaryimage"},"thumbnailUrl":"https:\/\/www.latribunedufaso.net\/wp-content\/uploads\/2026\/09\/IMG-20260901-WA0063.jpg","keywords":["Association des \u00e9diteurs et professionnels des m\u00e9dias en ligne (AEPML)","Dr Cyriaque Par\u00e9","ISCOM","latribunedufaso.net"],"articleSection":["A la une","Actualit\u00e9","Soci\u00e9t\u00e9"],"inLanguage":"fr-FR","potentialAction":[{"@type":"CommentAction","name":"Comment","target":["https:\/\/www.latribunedufaso.net\/?p=31218#respond"]}]},{"@type":"WebPage","@id":"https:\/\/www.latribunedufaso.net\/?p=31218","url":"https:\/\/www.latribunedufaso.net\/?p=31218","name":"D\u00e9veloppement des m\u00e9dias en ligne : L\u2019AEPML sollicite l\u2019accompagnement du Dr Cyriaque Par\u00e9 - La Tribune du Faso","isPartOf":{"@id":"https:\/\/www.latribunedufaso.net\/#website"},"primaryImageOfPage":{"@id":"https:\/\/www.latribunedufaso.net\/?p=31218#primaryimage"},"image":{"@id":"https:\/\/www.latribunedufaso.net\/?p=31218#primaryimage"},"thumbnailUrl":"https:\/\/www.latribunedufaso.net\/wp-content\/uploads\/2026\/09\/IMG-20260901-WA0063.jpg","datePublished":"2026-09-01T15:11:15+00:00","breadcrumb":{"@id":"https:\/\/www.latribunedufaso.net\/?p=31218#breadcrumb"},"inLanguage":"fr-FR","potentialAction":[{"@type":"ReadAction","target":["https:\/\/www.latribunedufaso.net\/?p=31218"]}]},{"@type":"ImageObject","inLanguage":"fr-FR","@id":"https:\/\/www.latribunedufaso.net\/?p=31218#primaryimage","url":"https:\/\/www.latribunedufaso.net\/wp-content\/uploads\/2026\/09\/IMG-20260901-WA0063.jpg","contentUrl":"https:\/\/www.latribunedufaso.net\/wp-content\/uploads\/2026\/09\/IMG-20260901-WA0063.jpg","width":1280,"height":960,"caption":"L\u2019Association des \u00e9diteurs et professionnels des m\u00e9dias en ligne (AEPML) a \u00e9t\u00e9 re\u00e7u en audience \u00e0 Dr Cyriaque Par\u00e9, fondateur de l'ISCOM"},{"@type":"BreadcrumbList","@id":"https:\/\/www.latribunedufaso.net\/?p=31218#breadcrumb","itemListElement":[{"@type":"ListItem","position":1,"name":"Accueil","item":"https:\/\/www.latribunedufaso.net\/"},{"@type":"ListItem","position":2,"name":"D\u00e9veloppement des m\u00e9dias en ligne : L\u2019AEPML sollicite l\u2019accompagnement du Dr Cyriaque Par\u00e9"}]},{"@type":"WebSite","@id":"https:\/\/www.latribunedufaso.net\/#website","url":"https:\/\/www.latribunedufaso.net\/","name":"La Tribune du Faso","description":"L&#039;information du monde rural en un clic","publisher":{"@id":"https:\/\/www.latribunedufaso.net\/#organization"},"potentialAction":[{"@type":"SearchAction","target":{"@type":"EntryPoint","urlTemplate":"https:\/\/www.latribunedufaso.net\/?s={search_term_string}"},"query-input":{"@type":"PropertyValueSpecification","valueRequired":true,"valueName":"search_term_string"}}],"inLanguage":"fr-FR"},{"@type":"Organization","@id":"https:\/\/www.latribunedufaso.net\/#organization","name":"La Tribune du Faso","url":"https:\/\/www.latribunedufaso.net\/","logo":{"@type":"ImageObject","inLanguage":"fr-FR","@id":"https:\/\/www.latribunedufaso.net\/#\/schema\/logo\/image\/","url":"https:\/\/www.latribunedufaso.net\/wp-content\/uploads\/2020\/08\/Logo-Tribune-du-Faso-final-scaled.jpg","contentUrl":"https:\/\/www.latribunedufaso.net\/wp-content\/uploads\/2020\/08\/Logo-Tribune-du-Faso-final-scaled.jpg","width":2560,"height":1856,"caption":"La Tribune du Faso"},"image":{"@id":"https:\/\/www.latribunedufaso.net\/#\/schema\/logo\/image\/"},"sameAs":["https:\/\/www.facebook.com\/LatribuneduFaso\/"]},{"@type":"Person","@id":"https:\/\/www.latribunedufaso.net\/#\/schema\/person\/e54e64c5778a7e72cf80a318b7a622b0","name":"Issouf Tapsoba","image":{"@type":"ImageObject","inLanguage":"fr-FR","@id":"https:\/\/secure.gravatar.com\/avatar\/5e6c05150ce3230247d167f5b94d678eb05936197436d69b7921e3a95c9107ac?s=96&d=mm&r=g","url":"https:\/\/secure.gravatar.com\/avatar\/5e6c05150ce3230247d167f5b94d678eb05936197436d69b7921e3a95c9107ac?s=96&d=mm&r=g","contentUrl":"https:\/\/secure.gravatar.com\/avatar\/5e6c05150ce3230247d167f5b94d678eb05936197436d69b7921e3a95c9107ac?s=96&d=mm&r=g","caption":"Issouf Tapsoba"},"url":"https:\/\/www.latribunedufaso.net\/?author=5"}]}},"_links":{"self":[{"href":"https:\/\/www.latribunedufaso.net\/index.php?rest_route=\/wp\/v2\/posts\/31218","targetHints":{"allow":["GET"]}}],"collection":[{"href":"https:\/\/www.latribunedufaso.net\/index.php?rest_route=\/wp\/v2\/posts"}],"about":[{"href":"https:\/\/www.latribunedufaso.net\/index.php?rest_route=\/wp\/v2\/types\/post"}],"author":[{"embeddable":true,"href":"https:\/\/www.latribunedufaso.net\/index.php?rest_route=\/wp\/v2\/users\/5"}],"replies":[{"embeddable":true,"href":"https:\/\/www.latribunedufaso.net\/index.php?rest_route=%2Fwp%2Fv2%2Fcomments&post=31218"}],"version-history":[{"count":5,"href":"https:\/\/www.latribunedufaso.net\/index.php?rest_route=\/wp\/v2\/posts\/31218\/revisions"}],"predecessor-version":[{"id":31228,"href":"https:\/\/www.latribunedufaso.net\/index.php?rest_route=\/wp\/v2\/posts\/31218\/revisions\/31228"}],"wp:featuredmedia":[{"embeddable":true,"href":"https:\/\/www.latribunedufaso.net\/index.php?rest_route=\/wp\/v2\/media\/31224"}],"wp:attachment":[{"href":"https:\/\/www.latribunedufaso.net\/index.php?rest_route=%2Fwp%2Fv2%2Fmedia&parent=31218"}],"wp:term":[{"taxonomy":"category","embeddable":true,"href":"https:\/\/www.latribunedufaso.net\/index.php?rest_route=%2Fwp%2Fv2%2Fcategories&post=31218"},{"taxonomy":"post_tag","embeddable":true,"href":"https:\/\/www.latribunedufaso.net\/index.php?rest_route=%2Fwp%2Fv2%2Ftags&post=31218"}],"curies":[{"name":"wp","href":"https:\/\/api.w.org\/{rel}","templated":true}]}}