{"id":31211,"date":"2026-09-01T14:20:17","date_gmt":"2026-09-01T14:20:17","guid":{"rendered":"https:\/\/www.latribunedufaso.net\/?p=31211"},"modified":"2026-09-01T14:20:17","modified_gmt":"2026-09-01T14:20:17","slug":"humilite-dignite-et-perseverance-le-premier-ministre-celebre-lexemple-de-benewende","status":"publish","type":"post","link":"https:\/\/www.latribunedufaso.net\/?p=31211","title":{"rendered":"Humilit\u00e9, dignit\u00e9 et pers\u00e9v\u00e9rance : Le Premier ministre c\u00e9l\u00e8bre l&rsquo;exemple de B\u00e9n\u00e9wend\u00e9\u00a0"},"content":{"rendered":"<p>\u200e<strong>\u00c0 la cl\u00f4ture de la 2\u1d49 \u00e9dition de l\u2019Immersion patriotique obligatoire (IPO), le Pr\u00e9sident du Faso, le Camarade Capitaine Ibrahim TRAOR\u00c9, a invit\u00e9 la jeunesse burkinab\u00e8 \u00e0 cultiver l\u2019humilit\u00e9, \u00e0 rechercher constamment la connaissance, \u00e0 pr\u00e9server sa dignit\u00e9 et, surtout, \u00e0 refuser les raccourcis et le chemin de la facilit\u00e9. Ces valeurs trouvent une illustration concr\u00e8te dans le parcours de la jeune B\u00e9n\u00e9wend\u00e9, une \u00e9tudiante rencontr\u00e9e fortuitement par le Premier ministre, Rimtalba Jean Emmanuel Ou\u00e9draogo, derri\u00e8re son fourneau, alors qu\u2019elle vendait du ma\u00efs grill\u00e9 au bord de la route.<\/strong><!--more--><\/p>\n<p>Derri\u00e8re le fourneau se trouvait en effet une \u00e9tudiante en troisi\u00e8me ann\u00e9e, qui exer\u00e7ait cette activit\u00e9 pour disposer d\u2019une source de revenus afin de subvenir \u00e0 ses besoins.<br \/>\u200e<br \/>\u200eCette attitude a retenu l\u2019attention du Premier ministre. Non pas seulement parce qu\u2019une \u00e9tudiante vendait du ma\u00efs grill\u00e9, mais parce que son choix traduisait, dans la simplicit\u00e9 du quotidien, un \u00e9tat d\u2019esprit : travailler, apprendre, pers\u00e9v\u00e9rer et pr\u00e9server sa dignit\u00e9 sans c\u00e9der \u00e0 la facilit\u00e9.<\/p>\n<p><a href=\"https:\/\/www.latribunedufaso.net\/wp-content\/uploads\/2026\/09\/FB_IMG_1788270302576.jpg\"><img loading=\"lazy\" decoding=\"async\" class=\"aligncenter size-full wp-image-31216\" src=\"https:\/\/www.latribunedufaso.net\/wp-content\/uploads\/2026\/09\/FB_IMG_1788270302576.jpg\" alt=\"Le Premier ministre donne une moto \u00e0 B\u00e9n\u00e9wend\u00e9, une \u00e9tudiante rencontr\u00e9e fortuitement derri\u00e8re son fourneau, alors qu\u2019elle vendait du ma\u00efs grill\u00e9 au bord de la route.\" width=\"1080\" height=\"743\" srcset=\"https:\/\/www.latribunedufaso.net\/wp-content\/uploads\/2026\/09\/FB_IMG_1788270302576.jpg 1080w, https:\/\/www.latribunedufaso.net\/wp-content\/uploads\/2026\/09\/FB_IMG_1788270302576-300x206.jpg 300w, https:\/\/www.latribunedufaso.net\/wp-content\/uploads\/2026\/09\/FB_IMG_1788270302576-1024x704.jpg 1024w, https:\/\/www.latribunedufaso.net\/wp-content\/uploads\/2026\/09\/FB_IMG_1788270302576-768x528.jpg 768w\" sizes=\"auto, (max-width: 1080px) 100vw, 1080px\" \/><\/a><br \/>\u200e<br \/>\u200eCe mardi 1er septembre 2026, le Chef du Gouvernement a d\u00e9cid\u00e9 de poser un geste symbolique pour encourager la jeune B\u00e9n\u00e9wend\u00e9 : lui offrir une moto afin de faciliter ses d\u00e9placements, notamment entre son domicile et l\u2019universit\u00e9, et de lui permettre de poursuivre ses \u00e9tudes dans de meilleures conditions. Un geste dont il a lui-m\u00eame pr\u00e9cis\u00e9 le sens : il ne s\u2019agit pas de r\u00e9compenser, mais d\u2019encourager l\u2019effort et l\u2019exemplarit\u00e9.<br \/>\u200e<br \/>\u200e<em><strong>\u00ab Tu incarnes ces trois valeurs \u00bb<\/strong><\/em> ch\u00e8res au camarade pr\u00e9sident du Faso, lui a expliqu\u00e9 le Premier ministre, en \u00e9voquant l\u2019humilit\u00e9, la soif de connaissance et le refus de la facilit\u00e9. Il l\u2019a invit\u00e9e \u00e0 conserver cet \u00e9tat d\u2019esprit aussi bien \u00e0 l\u2019universit\u00e9 que dans sa famille, convaincu que cette disposition d\u2019esprit et cette culture du travail constituent un solide chemin vers la r\u00e9ussite.<br \/>\u200e<br \/>\u200e\u00c9tudiante en sciences de la vie et de la Terre (SVT), B\u00e9n\u00e9wend\u00e9 nourrit l\u2019ambition de se sp\u00e9cialiser en g\u00e9ologie. Pour elle, cette moto constitue non seulement un moyen de d\u00e9placement, mais \u00e9galement une motivation suppl\u00e9mentaire pour poursuivre ses efforts.<br \/>\u200e<br \/>\u200e\u00c0 travers cette jeune \u00e9tudiante, c\u2019est bien plus qu\u2019un parcours individuel que les autorit\u00e9s entendent mettre en lumi\u00e8re. C\u2019est une certaine id\u00e9e de la jeunesse burkinab\u00e8 qui est c\u00e9l\u00e9br\u00e9e : une jeunesse qui apprend, qui travaille, qui entreprend avec les moyens dont elle dispose, qui ne m\u00e9prise aucun travail honn\u00eate et qui refuse de faire de la facilit\u00e9 un projet de vie.<\/p>\n<p style=\"text-align: left;\"><a href=\"https:\/\/www.latribunedufaso.net\/wp-content\/uploads\/2026\/09\/FB_IMG_1788270297587.jpg\"><img loading=\"lazy\" decoding=\"async\" class=\"aligncenter size-full wp-image-31215\" src=\"https:\/\/www.latribunedufaso.net\/wp-content\/uploads\/2026\/09\/FB_IMG_1788270297587.jpg\" alt=\"Le Premier ministre donne une moto \u00e0 B\u00e9n\u00e9wend\u00e9, une \u00e9tudiante rencontr\u00e9e fortuitement derri\u00e8re son fourneau, alors qu\u2019elle vendait du ma\u00efs grill\u00e9 au bord de la route.\" width=\"950\" height=\"1080\" srcset=\"https:\/\/www.latribunedufaso.net\/wp-content\/uploads\/2026\/09\/FB_IMG_1788270297587.jpg 950w, https:\/\/www.latribunedufaso.net\/wp-content\/uploads\/2026\/09\/FB_IMG_1788270297587-264x300.jpg 264w, https:\/\/www.latribunedufaso.net\/wp-content\/uploads\/2026\/09\/FB_IMG_1788270297587-901x1024.jpg 901w, https:\/\/www.latribunedufaso.net\/wp-content\/uploads\/2026\/09\/FB_IMG_1788270297587-768x873.jpg 768w\" sizes=\"auto, (max-width: 950px) 100vw, 950px\" \/><\/a>\u200e<br \/>\u200eL\u2019exemple m\u00e9rite de faire tache d\u2019huile. Car partout au Burkina Faso, dans les universit\u00e9s, les ateliers, les champs, les march\u00e9s, les entreprises et les quartiers, de nombreux jeunes consentent quotidiennement des efforts semblables, souvent loin des regards. Ils \u00e9tudient tout en travaillant, entreprennent avec peu de moyens, soutiennent leurs familles et construisent patiemment leur avenir. Le message qui se d\u00e9gage de cette rencontre est alors limpide : l\u2019effort honn\u00eate n\u2019est jamais insignifiant et le travail digne n\u2019est jamais d\u00e9valorisant.<br \/>\u200e<br \/>\u200eEn mettant en lumi\u00e8re de tels mod\u00e8les, l\u2019enjeu est moins de c\u00e9l\u00e9brer une personne que de faire grandir une culture collective de l\u2019effort, du m\u00e9rite et de la responsabilit\u00e9. Et \u00e0 travers l\u2019encouragement adress\u00e9 \u00e0 B\u00e9n\u00e9wend\u00e9, c\u2019est aussi un message qui est envoy\u00e9 \u00e0 tous ceux qui, souvent dans l\u2019anonymat, font chaque jour le choix difficile mais f\u00e9cond du travail et de la dignit\u00e9 : vous \u00eates sur le bon chemin ; pers\u00e9v\u00e9rez !<\/p>\n<p><strong>Latribunedufaso.net<\/strong><\/p>\n<p><strong>Source : DCRP\/Primature\u00a0<\/strong><\/p>\n","protected":false},"excerpt":{"rendered":"<p>\u200e\u00c0 la cl\u00f4ture de la 2\u1d49 \u00e9dition de l\u2019Immersion patriotique obligatoire (IPO), le Pr\u00e9sident du Faso, le Camarade Capitaine Ibrahim TRAOR\u00c9, a invit\u00e9 la jeunesse burkinab\u00e8 \u00e0 cultiver l\u2019humilit\u00e9, \u00e0 rechercher constamment la connaissance, \u00e0 pr\u00e9server sa dignit\u00e9 et, surtout, \u00e0 refuser les raccourcis et le chemin de la facilit\u00e9. Ces valeurs trouvent une illustration concr\u00e8te dans le parcours de la jeune B\u00e9n\u00e9wend\u00e9, une \u00e9tudiante rencontr\u00e9e fortuitement par le Premier ministre, Rimtalba Jean Emmanuel Ou\u00e9draogo, derri\u00e8re son fourneau, alors qu\u2019elle vendait du ma\u00efs grill\u00e9 au bord de la route.<\/p>\n","protected":false},"author":5,"featured_media":31214,"comment_status":"open","ping_status":"open","sticky":false,"template":"","format":"standard","meta":{"footnotes":""},"categories":[13,1,8],"tags":[947,39,2323],"class_list":["post-31211","post","type-post","status-publish","format-standard","has-post-thumbnail","hentry","category-une","category-actu","category-societe","tag-immersion-patriotique","tag-latribunedufaso-net","tag-premier-ministre-burkina"],"yoast_head":"<!-- This site is optimized with the Yoast SEO plugin v28.3 - https:\/\/yoast.com\/product\/yoast-seo-wordpress\/ -->\n<title>Humilit\u00e9, dignit\u00e9 et pers\u00e9v\u00e9rance : Le Premier ministre c\u00e9l\u00e8bre l&#039;exemple de B\u00e9n\u00e9wend\u00e9\u00a0 - La Tribune du Faso<\/title>\n<meta name=\"robots\" content=\"index, follow, max-snippet:-1, max-image-preview:large, max-video-preview:-1\" \/>\n<link rel=\"canonical\" href=\"https:\/\/www.latribunedufaso.net\/?p=31211\" \/>\n<meta property=\"og:locale\" content=\"fr_FR\" \/>\n<meta property=\"og:type\" content=\"article\" \/>\n<meta property=\"og:title\" content=\"Humilit\u00e9, dignit\u00e9 et pers\u00e9v\u00e9rance : Le Premier ministre c\u00e9l\u00e8bre l&#039;exemple de B\u00e9n\u00e9wend\u00e9\u00a0 - La Tribune du Faso\" \/>\n<meta property=\"og:description\" content=\"\u200e\u00c0 la cl\u00f4ture de la 2\u1d49 \u00e9dition de l\u2019Immersion patriotique obligatoire (IPO), le Pr\u00e9sident du Faso, le Camarade Capitaine Ibrahim TRAOR\u00c9, a invit\u00e9 la jeunesse burkinab\u00e8 \u00e0 cultiver l\u2019humilit\u00e9, \u00e0 rechercher constamment la connaissance, \u00e0 pr\u00e9server sa dignit\u00e9 et, surtout, \u00e0 refuser les raccourcis et le chemin de la facilit\u00e9. Ces valeurs trouvent une illustration concr\u00e8te dans le parcours de la jeune B\u00e9n\u00e9wend\u00e9, une \u00e9tudiante rencontr\u00e9e fortuitement par le Premier ministre, Rimtalba Jean Emmanuel Ou\u00e9draogo, derri\u00e8re son fourneau, alors qu\u2019elle vendait du ma\u00efs grill\u00e9 au bord de la route.\" \/>\n<meta property=\"og:url\" content=\"https:\/\/www.latribunedufaso.net\/?p=31211\" \/>\n<meta property=\"og:site_name\" content=\"La Tribune du Faso\" \/>\n<meta property=\"article:publisher\" content=\"https:\/\/www.facebook.com\/LatribuneduFaso\/\" \/>\n<meta property=\"article:published_time\" content=\"2026-09-01T14:20:17+00:00\" \/>\n<meta property=\"og:image\" content=\"https:\/\/www.latribunedufaso.net\/wp-content\/uploads\/2026\/09\/FB_IMG_1788270292576.jpg\" \/>\n\t<meta property=\"og:image:width\" content=\"1080\" \/>\n\t<meta property=\"og:image:height\" content=\"985\" \/>\n\t<meta property=\"og:image:type\" content=\"image\/jpeg\" \/>\n<meta name=\"author\" content=\"Issouf Tapsoba\" \/>\n<meta name=\"twitter:label1\" content=\"\u00c9crit par\" \/>\n\t<meta name=\"twitter:data1\" content=\"Issouf Tapsoba\" \/>\n\t<meta name=\"twitter:label2\" content=\"Dur\u00e9e de lecture estim\u00e9e\" \/>\n\t<meta name=\"twitter:data2\" content=\"4 minutes\" \/>\n<script type=\"application\/ld+json\" class=\"yoast-schema-graph\">{\"@context\":\"https:\\\/\\\/schema.org\",\"@graph\":[{\"@type\":\"Article\",\"@id\":\"https:\\\/\\\/www.latribunedufaso.net\\\/?p=31211#article\",\"isPartOf\":{\"@id\":\"https:\\\/\\\/www.latribunedufaso.net\\\/?p=31211\"},\"author\":{\"name\":\"Issouf Tapsoba\",\"@id\":\"https:\\\/\\\/www.latribunedufaso.net\\\/#\\\/schema\\\/person\\\/e54e64c5778a7e72cf80a318b7a622b0\"},\"headline\":\"Humilit\u00e9, dignit\u00e9 et pers\u00e9v\u00e9rance : Le Premier ministre c\u00e9l\u00e8bre l&rsquo;exemple de B\u00e9n\u00e9wend\u00e9\u00a0\",\"datePublished\":\"2026-09-01T14:20:17+00:00\",\"mainEntityOfPage\":{\"@id\":\"https:\\\/\\\/www.latribunedufaso.net\\\/?p=31211\"},\"wordCount\":640,\"commentCount\":0,\"publisher\":{\"@id\":\"https:\\\/\\\/www.latribunedufaso.net\\\/#organization\"},\"image\":{\"@id\":\"https:\\\/\\\/www.latribunedufaso.net\\\/?p=31211#primaryimage\"},\"thumbnailUrl\":\"https:\\\/\\\/www.latribunedufaso.net\\\/wp-content\\\/uploads\\\/2026\\\/09\\\/FB_IMG_1788270292576.jpg\",\"keywords\":[\"Immersion patriotique\",\"latribunedufaso.net\",\"Premier ministre Burkina\"],\"articleSection\":[\"A la une\",\"Actualit\u00e9\",\"Soci\u00e9t\u00e9\"],\"inLanguage\":\"fr-FR\",\"potentialAction\":[{\"@type\":\"CommentAction\",\"name\":\"Comment\",\"target\":[\"https:\\\/\\\/www.latribunedufaso.net\\\/?p=31211#respond\"]}]},{\"@type\":\"WebPage\",\"@id\":\"https:\\\/\\\/www.latribunedufaso.net\\\/?p=31211\",\"url\":\"https:\\\/\\\/www.latribunedufaso.net\\\/?p=31211\",\"name\":\"Humilit\u00e9, dignit\u00e9 et pers\u00e9v\u00e9rance : Le Premier ministre c\u00e9l\u00e8bre l'exemple de B\u00e9n\u00e9wend\u00e9\u00a0 - La Tribune du Faso\",\"isPartOf\":{\"@id\":\"https:\\\/\\\/www.latribunedufaso.net\\\/#website\"},\"primaryImageOfPage\":{\"@id\":\"https:\\\/\\\/www.latribunedufaso.net\\\/?p=31211#primaryimage\"},\"image\":{\"@id\":\"https:\\\/\\\/www.latribunedufaso.net\\\/?p=31211#primaryimage\"},\"thumbnailUrl\":\"https:\\\/\\\/www.latribunedufaso.net\\\/wp-content\\\/uploads\\\/2026\\\/09\\\/FB_IMG_1788270292576.jpg\",\"datePublished\":\"2026-09-01T14:20:17+00:00\",\"breadcrumb\":{\"@id\":\"https:\\\/\\\/www.latribunedufaso.net\\\/?p=31211#breadcrumb\"},\"inLanguage\":\"fr-FR\",\"potentialAction\":[{\"@type\":\"ReadAction\",\"target\":[\"https:\\\/\\\/www.latribunedufaso.net\\\/?p=31211\"]}]},{\"@type\":\"ImageObject\",\"inLanguage\":\"fr-FR\",\"@id\":\"https:\\\/\\\/www.latribunedufaso.net\\\/?p=31211#primaryimage\",\"url\":\"https:\\\/\\\/www.latribunedufaso.net\\\/wp-content\\\/uploads\\\/2026\\\/09\\\/FB_IMG_1788270292576.jpg\",\"contentUrl\":\"https:\\\/\\\/www.latribunedufaso.net\\\/wp-content\\\/uploads\\\/2026\\\/09\\\/FB_IMG_1788270292576.jpg\",\"width\":1080,\"height\":985,\"caption\":\"Le Premier ministre donne une moto \u00e0 B\u00e9n\u00e9wend\u00e9, une \u00e9tudiante rencontr\u00e9e fortuitement derri\u00e8re son fourneau, alors qu\u2019elle vendait du ma\u00efs grill\u00e9 au bord de la route.\"},{\"@type\":\"BreadcrumbList\",\"@id\":\"https:\\\/\\\/www.latribunedufaso.net\\\/?p=31211#breadcrumb\",\"itemListElement\":[{\"@type\":\"ListItem\",\"position\":1,\"name\":\"Accueil\",\"item\":\"https:\\\/\\\/www.latribunedufaso.net\\\/\"},{\"@type\":\"ListItem\",\"position\":2,\"name\":\"Humilit\u00e9, dignit\u00e9 et pers\u00e9v\u00e9rance : Le Premier ministre c\u00e9l\u00e8bre l&rsquo;exemple de B\u00e9n\u00e9wend\u00e9\u00a0\"}]},{\"@type\":\"WebSite\",\"@id\":\"https:\\\/\\\/www.latribunedufaso.net\\\/#website\",\"url\":\"https:\\\/\\\/www.latribunedufaso.net\\\/\",\"name\":\"La Tribune du Faso\",\"description\":\"L&#039;information du monde rural en un clic\",\"publisher\":{\"@id\":\"https:\\\/\\\/www.latribunedufaso.net\\\/#organization\"},\"potentialAction\":[{\"@type\":\"SearchAction\",\"target\":{\"@type\":\"EntryPoint\",\"urlTemplate\":\"https:\\\/\\\/www.latribunedufaso.net\\\/?s={search_term_string}\"},\"query-input\":{\"@type\":\"PropertyValueSpecification\",\"valueRequired\":true,\"valueName\":\"search_term_string\"}}],\"inLanguage\":\"fr-FR\"},{\"@type\":\"Organization\",\"@id\":\"https:\\\/\\\/www.latribunedufaso.net\\\/#organization\",\"name\":\"La Tribune du Faso\",\"url\":\"https:\\\/\\\/www.latribunedufaso.net\\\/\",\"logo\":{\"@type\":\"ImageObject\",\"inLanguage\":\"fr-FR\",\"@id\":\"https:\\\/\\\/www.latribunedufaso.net\\\/#\\\/schema\\\/logo\\\/image\\\/\",\"url\":\"https:\\\/\\\/www.latribunedufaso.net\\\/wp-content\\\/uploads\\\/2020\\\/08\\\/Logo-Tribune-du-Faso-final-scaled.jpg\",\"contentUrl\":\"https:\\\/\\\/www.latribunedufaso.net\\\/wp-content\\\/uploads\\\/2020\\\/08\\\/Logo-Tribune-du-Faso-final-scaled.jpg\",\"width\":2560,\"height\":1856,\"caption\":\"La Tribune du Faso\"},\"image\":{\"@id\":\"https:\\\/\\\/www.latribunedufaso.net\\\/#\\\/schema\\\/logo\\\/image\\\/\"},\"sameAs\":[\"https:\\\/\\\/www.facebook.com\\\/LatribuneduFaso\\\/\"]},{\"@type\":\"Person\",\"@id\":\"https:\\\/\\\/www.latribunedufaso.net\\\/#\\\/schema\\\/person\\\/e54e64c5778a7e72cf80a318b7a622b0\",\"name\":\"Issouf Tapsoba\",\"image\":{\"@type\":\"ImageObject\",\"inLanguage\":\"fr-FR\",\"@id\":\"https:\\\/\\\/secure.gravatar.com\\\/avatar\\\/5e6c05150ce3230247d167f5b94d678eb05936197436d69b7921e3a95c9107ac?s=96&d=mm&r=g\",\"url\":\"https:\\\/\\\/secure.gravatar.com\\\/avatar\\\/5e6c05150ce3230247d167f5b94d678eb05936197436d69b7921e3a95c9107ac?s=96&d=mm&r=g\",\"contentUrl\":\"https:\\\/\\\/secure.gravatar.com\\\/avatar\\\/5e6c05150ce3230247d167f5b94d678eb05936197436d69b7921e3a95c9107ac?s=96&d=mm&r=g\",\"caption\":\"Issouf Tapsoba\"},\"url\":\"https:\\\/\\\/www.latribunedufaso.net\\\/?author=5\"}]}<\/script>\n<!-- \/ Yoast SEO plugin. -->","yoast_head_json":{"title":"Humilit\u00e9, dignit\u00e9 et pers\u00e9v\u00e9rance : Le Premier ministre c\u00e9l\u00e8bre l'exemple de B\u00e9n\u00e9wend\u00e9\u00a0 - La Tribune du Faso","robots":{"index":"index","follow":"follow","max-snippet":"max-snippet:-1","max-image-preview":"max-image-preview:large","max-video-preview":"max-video-preview:-1"},"canonical":"https:\/\/www.latribunedufaso.net\/?p=31211","og_locale":"fr_FR","og_type":"article","og_title":"Humilit\u00e9, dignit\u00e9 et pers\u00e9v\u00e9rance : Le Premier ministre c\u00e9l\u00e8bre l'exemple de B\u00e9n\u00e9wend\u00e9\u00a0 - La Tribune du Faso","og_description":"\u200e\u00c0 la cl\u00f4ture de la 2\u1d49 \u00e9dition de l\u2019Immersion patriotique obligatoire (IPO), le Pr\u00e9sident du Faso, le Camarade Capitaine Ibrahim TRAOR\u00c9, a invit\u00e9 la jeunesse burkinab\u00e8 \u00e0 cultiver l\u2019humilit\u00e9, \u00e0 rechercher constamment la connaissance, \u00e0 pr\u00e9server sa dignit\u00e9 et, surtout, \u00e0 refuser les raccourcis et le chemin de la facilit\u00e9. Ces valeurs trouvent une illustration concr\u00e8te dans le parcours de la jeune B\u00e9n\u00e9wend\u00e9, une \u00e9tudiante rencontr\u00e9e fortuitement par le Premier ministre, Rimtalba Jean Emmanuel Ou\u00e9draogo, derri\u00e8re son fourneau, alors qu\u2019elle vendait du ma\u00efs grill\u00e9 au bord de la route.","og_url":"https:\/\/www.latribunedufaso.net\/?p=31211","og_site_name":"La Tribune du Faso","article_publisher":"https:\/\/www.facebook.com\/LatribuneduFaso\/","article_published_time":"2026-09-01T14:20:17+00:00","og_image":[{"width":1080,"height":985,"url":"https:\/\/www.latribunedufaso.net\/wp-content\/uploads\/2026\/09\/FB_IMG_1788270292576.jpg","type":"image\/jpeg"}],"author":"Issouf Tapsoba","twitter_misc":{"\u00c9crit par":"Issouf Tapsoba","Dur\u00e9e de lecture estim\u00e9e":"4 minutes"},"schema":{"@context":"https:\/\/schema.org","@graph":[{"@type":"Article","@id":"https:\/\/www.latribunedufaso.net\/?p=31211#article","isPartOf":{"@id":"https:\/\/www.latribunedufaso.net\/?p=31211"},"author":{"name":"Issouf Tapsoba","@id":"https:\/\/www.latribunedufaso.net\/#\/schema\/person\/e54e64c5778a7e72cf80a318b7a622b0"},"headline":"Humilit\u00e9, dignit\u00e9 et pers\u00e9v\u00e9rance : Le Premier ministre c\u00e9l\u00e8bre l&rsquo;exemple de B\u00e9n\u00e9wend\u00e9\u00a0","datePublished":"2026-09-01T14:20:17+00:00","mainEntityOfPage":{"@id":"https:\/\/www.latribunedufaso.net\/?p=31211"},"wordCount":640,"commentCount":0,"publisher":{"@id":"https:\/\/www.latribunedufaso.net\/#organization"},"image":{"@id":"https:\/\/www.latribunedufaso.net\/?p=31211#primaryimage"},"thumbnailUrl":"https:\/\/www.latribunedufaso.net\/wp-content\/uploads\/2026\/09\/FB_IMG_1788270292576.jpg","keywords":["Immersion patriotique","latribunedufaso.net","Premier ministre Burkina"],"articleSection":["A la une","Actualit\u00e9","Soci\u00e9t\u00e9"],"inLanguage":"fr-FR","potentialAction":[{"@type":"CommentAction","name":"Comment","target":["https:\/\/www.latribunedufaso.net\/?p=31211#respond"]}]},{"@type":"WebPage","@id":"https:\/\/www.latribunedufaso.net\/?p=31211","url":"https:\/\/www.latribunedufaso.net\/?p=31211","name":"Humilit\u00e9, dignit\u00e9 et pers\u00e9v\u00e9rance : Le Premier ministre c\u00e9l\u00e8bre l'exemple de B\u00e9n\u00e9wend\u00e9\u00a0 - La Tribune du Faso","isPartOf":{"@id":"https:\/\/www.latribunedufaso.net\/#website"},"primaryImageOfPage":{"@id":"https:\/\/www.latribunedufaso.net\/?p=31211#primaryimage"},"image":{"@id":"https:\/\/www.latribunedufaso.net\/?p=31211#primaryimage"},"thumbnailUrl":"https:\/\/www.latribunedufaso.net\/wp-content\/uploads\/2026\/09\/FB_IMG_1788270292576.jpg","datePublished":"2026-09-01T14:20:17+00:00","breadcrumb":{"@id":"https:\/\/www.latribunedufaso.net\/?p=31211#breadcrumb"},"inLanguage":"fr-FR","potentialAction":[{"@type":"ReadAction","target":["https:\/\/www.latribunedufaso.net\/?p=31211"]}]},{"@type":"ImageObject","inLanguage":"fr-FR","@id":"https:\/\/www.latribunedufaso.net\/?p=31211#primaryimage","url":"https:\/\/www.latribunedufaso.net\/wp-content\/uploads\/2026\/09\/FB_IMG_1788270292576.jpg","contentUrl":"https:\/\/www.latribunedufaso.net\/wp-content\/uploads\/2026\/09\/FB_IMG_1788270292576.jpg","width":1080,"height":985,"caption":"Le Premier ministre donne une moto \u00e0 B\u00e9n\u00e9wend\u00e9, une \u00e9tudiante rencontr\u00e9e fortuitement derri\u00e8re son fourneau, alors qu\u2019elle vendait du ma\u00efs grill\u00e9 au bord de la route."},{"@type":"BreadcrumbList","@id":"https:\/\/www.latribunedufaso.net\/?p=31211#breadcrumb","itemListElement":[{"@type":"ListItem","position":1,"name":"Accueil","item":"https:\/\/www.latribunedufaso.net\/"},{"@type":"ListItem","position":2,"name":"Humilit\u00e9, dignit\u00e9 et pers\u00e9v\u00e9rance : Le Premier ministre c\u00e9l\u00e8bre l&rsquo;exemple de B\u00e9n\u00e9wend\u00e9\u00a0"}]},{"@type":"WebSite","@id":"https:\/\/www.latribunedufaso.net\/#website","url":"https:\/\/www.latribunedufaso.net\/","name":"La Tribune du Faso","description":"L&#039;information du monde rural en un clic","publisher":{"@id":"https:\/\/www.latribunedufaso.net\/#organization"},"potentialAction":[{"@type":"SearchAction","target":{"@type":"EntryPoint","urlTemplate":"https:\/\/www.latribunedufaso.net\/?s={search_term_string}"},"query-input":{"@type":"PropertyValueSpecification","valueRequired":true,"valueName":"search_term_string"}}],"inLanguage":"fr-FR"},{"@type":"Organization","@id":"https:\/\/www.latribunedufaso.net\/#organization","name":"La Tribune du Faso","url":"https:\/\/www.latribunedufaso.net\/","logo":{"@type":"ImageObject","inLanguage":"fr-FR","@id":"https:\/\/www.latribunedufaso.net\/#\/schema\/logo\/image\/","url":"https:\/\/www.latribunedufaso.net\/wp-content\/uploads\/2020\/08\/Logo-Tribune-du-Faso-final-scaled.jpg","contentUrl":"https:\/\/www.latribunedufaso.net\/wp-content\/uploads\/2020\/08\/Logo-Tribune-du-Faso-final-scaled.jpg","width":2560,"height":1856,"caption":"La Tribune du Faso"},"image":{"@id":"https:\/\/www.latribunedufaso.net\/#\/schema\/logo\/image\/"},"sameAs":["https:\/\/www.facebook.com\/LatribuneduFaso\/"]},{"@type":"Person","@id":"https:\/\/www.latribunedufaso.net\/#\/schema\/person\/e54e64c5778a7e72cf80a318b7a622b0","name":"Issouf Tapsoba","image":{"@type":"ImageObject","inLanguage":"fr-FR","@id":"https:\/\/secure.gravatar.com\/avatar\/5e6c05150ce3230247d167f5b94d678eb05936197436d69b7921e3a95c9107ac?s=96&d=mm&r=g","url":"https:\/\/secure.gravatar.com\/avatar\/5e6c05150ce3230247d167f5b94d678eb05936197436d69b7921e3a95c9107ac?s=96&d=mm&r=g","contentUrl":"https:\/\/secure.gravatar.com\/avatar\/5e6c05150ce3230247d167f5b94d678eb05936197436d69b7921e3a95c9107ac?s=96&d=mm&r=g","caption":"Issouf Tapsoba"},"url":"https:\/\/www.latribunedufaso.net\/?author=5"}]}},"_links":{"self":[{"href":"https:\/\/www.latribunedufaso.net\/index.php?rest_route=\/wp\/v2\/posts\/31211","targetHints":{"allow":["GET"]}}],"collection":[{"href":"https:\/\/www.latribunedufaso.net\/index.php?rest_route=\/wp\/v2\/posts"}],"about":[{"href":"https:\/\/www.latribunedufaso.net\/index.php?rest_route=\/wp\/v2\/types\/post"}],"author":[{"embeddable":true,"href":"https:\/\/www.latribunedufaso.net\/index.php?rest_route=\/wp\/v2\/users\/5"}],"replies":[{"embeddable":true,"href":"https:\/\/www.latribunedufaso.net\/index.php?rest_route=%2Fwp%2Fv2%2Fcomments&post=31211"}],"version-history":[{"count":3,"href":"https:\/\/www.latribunedufaso.net\/index.php?rest_route=\/wp\/v2\/posts\/31211\/revisions"}],"predecessor-version":[{"id":31217,"href":"https:\/\/www.latribunedufaso.net\/index.php?rest_route=\/wp\/v2\/posts\/31211\/revisions\/31217"}],"wp:featuredmedia":[{"embeddable":true,"href":"https:\/\/www.latribunedufaso.net\/index.php?rest_route=\/wp\/v2\/media\/31214"}],"wp:attachment":[{"href":"https:\/\/www.latribunedufaso.net\/index.php?rest_route=%2Fwp%2Fv2%2Fmedia&parent=31211"}],"wp:term":[{"taxonomy":"category","embeddable":true,"href":"https:\/\/www.latribunedufaso.net\/index.php?rest_route=%2Fwp%2Fv2%2Fcategories&post=31211"},{"taxonomy":"post_tag","embeddable":true,"href":"https:\/\/www.latribunedufaso.net\/index.php?rest_route=%2Fwp%2Fv2%2Ftags&post=31211"}],"curies":[{"name":"wp","href":"https:\/\/api.w.org\/{rel}","templated":true}]}}