{"id":31205,"date":"2026-08-24T16:28:22","date_gmt":"2026-08-24T16:28:22","guid":{"rendered":"https:\/\/www.latribunedufaso.net\/?p=31205"},"modified":"2026-08-31T14:30:34","modified_gmt":"2026-08-31T14:30:34","slug":"medecine-traditionnelle-du-31-aout-au-5-septembre-2026-manga-abritera-la-24%e1%b5%89-jamt-et-la-14%e1%b5%89-snmta","status":"publish","type":"post","link":"https:\/\/www.latribunedufaso.net\/?p=31205","title":{"rendered":"M\u00e9decine traditionnelle : Du 31 ao\u00fbt au 5 septembre 2026, Manga abritera la 24\u1d49 JAMT et la 14\u1d49 SNMTA"},"content":{"rendered":"<p><strong>La 24\u1d49 Journ\u00e9e africaine de la m\u00e9decine traditionnelle (JAMT) et la 14\u1d49 Semaine nationale de la m\u00e9decine traditionnelle et alternative (SNMTA) se tiendront \u00e0 Manga, dans la r\u00e9gion du Nazinon, du 31 ao\u00fbt au 5 septembre 2026. L\u2019annonce a \u00e9t\u00e9 faite ce lundi 24 ao\u00fbt \u00e0 Ouagadougou, au cours d\u2019une conf\u00e9rence de presse pr\u00e9sid\u00e9e par le Dr Esa\u00efe Kindo, chef du service de la m\u00e9decine traditionnelle au minist\u00e8re de la Sant\u00e9.<\/strong><!--more--><\/p>\n<p>Plac\u00e9e sous le th\u00e8me de la recherche et du d\u00e9veloppement en m\u00e9decine traditionnelle au service de la couverture sanitaire universelle, la 24\u1d49 JAMT sera comm\u00e9mor\u00e9e le 5 septembre. La 14\u1d49 SNMTA mettra, elle, l\u2019accent sur l\u2019introduction des m\u00e9dicaments traditionnels am\u00e9lior\u00e9s dans les directives nationales de prise en charge des maladies.<\/p>\n<p>\u00c0 travers ces deux \u00e9v\u00e9nements, le minist\u00e8re entend promouvoir et valoriser la m\u00e9decine traditionnelle tout en renfor\u00e7ant la qualit\u00e9, la s\u00e9curit\u00e9, la recherche et l\u2019encadrement des pratiques. L\u2019introduction des m\u00e9dicaments traditionnels am\u00e9lior\u00e9s dans le syst\u00e8me de sant\u00e9 devra notamment s\u2019appuyer sur des preuves scientifiques, une \u00e9valuation rigoureuse, des normes de qualit\u00e9 et une pharmacovigilance efficace.<\/p>\n<figure id=\"attachment_31209\" aria-describedby=\"caption-attachment-31209\" style=\"width: 2560px\" class=\"wp-caption aligncenter\"><a href=\"https:\/\/www.latribunedufaso.net\/wp-content\/uploads\/2026\/08\/IMG-20260831-WA0044.jpg\"><img loading=\"lazy\" decoding=\"async\" class=\"size-full wp-image-31209\" src=\"https:\/\/www.latribunedufaso.net\/wp-content\/uploads\/2026\/08\/IMG-20260831-WA0044.jpg\" alt=\"La 24\u1d49 Journ\u00e9e africaine de la m\u00e9decine traditionnelle (JAMT) et la 14\u1d49 Semaine nationale de la m\u00e9decine traditionnelle et alternative (SNMTA) se tiendront \u00e0 Manga, dans la r\u00e9gion du Nazinon, du 31 ao\u00fbt au 5 septembre 2026\" width=\"2560\" height=\"1920\" srcset=\"https:\/\/www.latribunedufaso.net\/wp-content\/uploads\/2026\/08\/IMG-20260831-WA0044.jpg 2560w, https:\/\/www.latribunedufaso.net\/wp-content\/uploads\/2026\/08\/IMG-20260831-WA0044-300x225.jpg 300w, https:\/\/www.latribunedufaso.net\/wp-content\/uploads\/2026\/08\/IMG-20260831-WA0044-1024x768.jpg 1024w, https:\/\/www.latribunedufaso.net\/wp-content\/uploads\/2026\/08\/IMG-20260831-WA0044-768x576.jpg 768w, https:\/\/www.latribunedufaso.net\/wp-content\/uploads\/2026\/08\/IMG-20260831-WA0044-1536x1152.jpg 1536w, https:\/\/www.latribunedufaso.net\/wp-content\/uploads\/2026\/08\/IMG-20260831-WA0044-2048x1536.jpg 2048w\" sizes=\"auto, (max-width: 2560px) 100vw, 2560px\" \/><\/a><figcaption id=\"caption-attachment-31209\" class=\"wp-caption-text\">Dr Esa\u00efe Kindo, chef du service de la m\u00e9decine traditionnelle au minist\u00e8re de la Sant\u00e9 &#8211; Ph. DR<\/figcaption><\/figure>\n<p>Au programme \u00e0 Manga, exposition de produits, conf\u00e9rences et ateliers, renforcement des capacit\u00e9s, formation de professionnels de sant\u00e9, plantation d\u2019arbres, cross populaire, don de sang et d\u00e9pistage des cancers du sein, sont les activit\u00e9s pr\u00e9vues.<\/p>\n<p>Le Dr Esa\u00efe Kindo a, par ailleurs, insist\u00e9 sur la n\u00e9cessit\u00e9 de valoriser la m\u00e9decine traditionnelle sans renoncer au contr\u00f4le, de renforcer la collaboration avec la m\u00e9decine conventionnelle et surtout de passer <em><strong>\u00ab de l\u2019intention \u00e0 la preuve \u00bb<\/strong> <\/em>\u00e0 travers davantage de recherche et de documentation.<\/p>\n<blockquote>\n<p>Lire aussi &gt;&gt;\u00a0<a href=\"https:\/\/www.latribunedufaso.net\/?p=21827\">Bon \u00e0 savoir : Panier de soins du R\u00e9gime d\u2019assurance maladie universelle<\/a><\/p>\n<\/blockquote>\n<p>Manga 2026 se veut ainsi un cadre de r\u00e9flexion, de partage d\u2019exp\u00e9riences et de renforcement de la place de la m\u00e9decine traditionnelle dans la qu\u00eate de souverainet\u00e9 sanitaire du Burkina Faso.<\/p>\n<p><strong>In\u00e8s TOUGMA\u00a0<\/strong><\/p>\n<p><strong>Latribunedufaso.net<\/strong><\/p>\n","protected":false},"excerpt":{"rendered":"<p>La 24\u1d49 Journ\u00e9e africaine de la m\u00e9decine traditionnelle (JAMT) et la 14\u1d49 Semaine nationale de la m\u00e9decine traditionnelle et alternative (SNMTA) se tiendront \u00e0 Manga, dans la r\u00e9gion du Nazinon, du 31 ao\u00fbt au 5 septembre 2026. L\u2019annonce a \u00e9t\u00e9 faite ce lundi 24 ao\u00fbt \u00e0 Ouagadougou, au cours d\u2019une conf\u00e9rence de presse pr\u00e9sid\u00e9e par le Dr Esa\u00efe Kindo, chef du service de la m\u00e9decine traditionnelle au minist\u00e8re de la Sant\u00e9.<\/p>\n","protected":false},"author":5,"featured_media":0,"comment_status":"open","ping_status":"open","sticky":false,"template":"","format":"standard","meta":{"footnotes":""},"categories":[13,1,7],"tags":[2320,39,2322,2321],"class_list":["post-31205","post","type-post","status-publish","format-standard","hentry","category-une","category-actu","category-sante","tag-journee-africaine-de-la-medecine-traditionnelle-jamt","tag-latribunedufaso-net","tag-medecine-traditionnelle","tag-semaine-nationale-de-la-medecine-traditionnelle-et-alternative-snmta"],"yoast_head":"<!-- This site is optimized with the Yoast SEO plugin v28.3 - https:\/\/yoast.com\/product\/yoast-seo-wordpress\/ -->\n<title>M\u00e9decine traditionnelle : Du 31 ao\u00fbt au 5 septembre 2026, Manga abritera la 24\u1d49 JAMT et la 14\u1d49 SNMTA - La Tribune du Faso<\/title>\n<meta name=\"robots\" content=\"index, follow, max-snippet:-1, max-image-preview:large, max-video-preview:-1\" \/>\n<link rel=\"canonical\" href=\"https:\/\/www.latribunedufaso.net\/?p=31205\" \/>\n<meta property=\"og:locale\" content=\"fr_FR\" \/>\n<meta property=\"og:type\" content=\"article\" \/>\n<meta property=\"og:title\" content=\"M\u00e9decine traditionnelle : Du 31 ao\u00fbt au 5 septembre 2026, Manga abritera la 24\u1d49 JAMT et la 14\u1d49 SNMTA - La Tribune du Faso\" \/>\n<meta property=\"og:description\" content=\"La 24\u1d49 Journ\u00e9e africaine de la m\u00e9decine traditionnelle (JAMT) et la 14\u1d49 Semaine nationale de la m\u00e9decine traditionnelle et alternative (SNMTA) se tiendront \u00e0 Manga, dans la r\u00e9gion du Nazinon, du 31 ao\u00fbt au 5 septembre 2026. L\u2019annonce a \u00e9t\u00e9 faite ce lundi 24 ao\u00fbt \u00e0 Ouagadougou, au cours d\u2019une conf\u00e9rence de presse pr\u00e9sid\u00e9e par le Dr Esa\u00efe Kindo, chef du service de la m\u00e9decine traditionnelle au minist\u00e8re de la Sant\u00e9.\" \/>\n<meta property=\"og:url\" content=\"https:\/\/www.latribunedufaso.net\/?p=31205\" \/>\n<meta property=\"og:site_name\" content=\"La Tribune du Faso\" \/>\n<meta property=\"article:publisher\" content=\"https:\/\/www.facebook.com\/LatribuneduFaso\/\" \/>\n<meta property=\"article:published_time\" content=\"2026-08-24T16:28:22+00:00\" \/>\n<meta property=\"article:modified_time\" content=\"2026-08-31T14:30:34+00:00\" \/>\n<meta property=\"og:image\" content=\"https:\/\/www.latribunedufaso.net\/wp-content\/uploads\/2026\/08\/IMG-20260831-WA0044.jpg\" \/>\n\t<meta property=\"og:image:width\" content=\"2560\" \/>\n\t<meta property=\"og:image:height\" content=\"1920\" \/>\n\t<meta property=\"og:image:type\" content=\"image\/jpeg\" \/>\n<meta name=\"author\" content=\"Issouf Tapsoba\" \/>\n<meta name=\"twitter:label1\" content=\"\u00c9crit par\" \/>\n\t<meta name=\"twitter:data1\" content=\"Issouf Tapsoba\" \/>\n\t<meta name=\"twitter:label2\" content=\"Dur\u00e9e de lecture estim\u00e9e\" \/>\n\t<meta name=\"twitter:data2\" content=\"2 minutes\" \/>\n<script type=\"application\/ld+json\" class=\"yoast-schema-graph\">{\"@context\":\"https:\\\/\\\/schema.org\",\"@graph\":[{\"@type\":\"Article\",\"@id\":\"https:\\\/\\\/www.latribunedufaso.net\\\/?p=31205#article\",\"isPartOf\":{\"@id\":\"https:\\\/\\\/www.latribunedufaso.net\\\/?p=31205\"},\"author\":{\"name\":\"Issouf Tapsoba\",\"@id\":\"https:\\\/\\\/www.latribunedufaso.net\\\/#\\\/schema\\\/person\\\/e54e64c5778a7e72cf80a318b7a622b0\"},\"headline\":\"M\u00e9decine traditionnelle : Du 31 ao\u00fbt au 5 septembre 2026, Manga abritera la 24\u1d49 JAMT et la 14\u1d49 SNMTA\",\"datePublished\":\"2026-08-24T16:28:22+00:00\",\"dateModified\":\"2026-08-31T14:30:34+00:00\",\"mainEntityOfPage\":{\"@id\":\"https:\\\/\\\/www.latribunedufaso.net\\\/?p=31205\"},\"wordCount\":389,\"commentCount\":0,\"publisher\":{\"@id\":\"https:\\\/\\\/www.latribunedufaso.net\\\/#organization\"},\"image\":{\"@id\":\"https:\\\/\\\/www.latribunedufaso.net\\\/?p=31205#primaryimage\"},\"thumbnailUrl\":\"https:\\\/\\\/www.latribunedufaso.net\\\/wp-content\\\/uploads\\\/2026\\\/08\\\/IMG-20260831-WA0044.jpg\",\"keywords\":[\"Journ\u00e9e africaine de la m\u00e9decine traditionnelle (JAMT)\",\"latribunedufaso.net\",\"M\u00e9decine Traditionnelle\",\"Semaine nationale de la m\u00e9decine traditionnelle et alternative (SNMTA)\"],\"articleSection\":[\"A la une\",\"Actualit\u00e9\",\"Sant\u00e9\"],\"inLanguage\":\"fr-FR\",\"potentialAction\":[{\"@type\":\"CommentAction\",\"name\":\"Comment\",\"target\":[\"https:\\\/\\\/www.latribunedufaso.net\\\/?p=31205#respond\"]}]},{\"@type\":\"WebPage\",\"@id\":\"https:\\\/\\\/www.latribunedufaso.net\\\/?p=31205\",\"url\":\"https:\\\/\\\/www.latribunedufaso.net\\\/?p=31205\",\"name\":\"M\u00e9decine traditionnelle : Du 31 ao\u00fbt au 5 septembre 2026, Manga abritera la 24\u1d49 JAMT et la 14\u1d49 SNMTA - La Tribune du Faso\",\"isPartOf\":{\"@id\":\"https:\\\/\\\/www.latribunedufaso.net\\\/#website\"},\"primaryImageOfPage\":{\"@id\":\"https:\\\/\\\/www.latribunedufaso.net\\\/?p=31205#primaryimage\"},\"image\":{\"@id\":\"https:\\\/\\\/www.latribunedufaso.net\\\/?p=31205#primaryimage\"},\"thumbnailUrl\":\"https:\\\/\\\/www.latribunedufaso.net\\\/wp-content\\\/uploads\\\/2026\\\/08\\\/IMG-20260831-WA0044.jpg\",\"datePublished\":\"2026-08-24T16:28:22+00:00\",\"dateModified\":\"2026-08-31T14:30:34+00:00\",\"breadcrumb\":{\"@id\":\"https:\\\/\\\/www.latribunedufaso.net\\\/?p=31205#breadcrumb\"},\"inLanguage\":\"fr-FR\",\"potentialAction\":[{\"@type\":\"ReadAction\",\"target\":[\"https:\\\/\\\/www.latribunedufaso.net\\\/?p=31205\"]}]},{\"@type\":\"ImageObject\",\"inLanguage\":\"fr-FR\",\"@id\":\"https:\\\/\\\/www.latribunedufaso.net\\\/?p=31205#primaryimage\",\"url\":\"https:\\\/\\\/www.latribunedufaso.net\\\/wp-content\\\/uploads\\\/2026\\\/08\\\/IMG-20260831-WA0044.jpg\",\"contentUrl\":\"https:\\\/\\\/www.latribunedufaso.net\\\/wp-content\\\/uploads\\\/2026\\\/08\\\/IMG-20260831-WA0044.jpg\"},{\"@type\":\"BreadcrumbList\",\"@id\":\"https:\\\/\\\/www.latribunedufaso.net\\\/?p=31205#breadcrumb\",\"itemListElement\":[{\"@type\":\"ListItem\",\"position\":1,\"name\":\"Accueil\",\"item\":\"https:\\\/\\\/www.latribunedufaso.net\\\/\"},{\"@type\":\"ListItem\",\"position\":2,\"name\":\"M\u00e9decine traditionnelle : Du 31 ao\u00fbt au 5 septembre 2026, Manga abritera la 24\u1d49 JAMT et la 14\u1d49 SNMTA\"}]},{\"@type\":\"WebSite\",\"@id\":\"https:\\\/\\\/www.latribunedufaso.net\\\/#website\",\"url\":\"https:\\\/\\\/www.latribunedufaso.net\\\/\",\"name\":\"La Tribune du Faso\",\"description\":\"L&#039;information du monde rural en un clic\",\"publisher\":{\"@id\":\"https:\\\/\\\/www.latribunedufaso.net\\\/#organization\"},\"potentialAction\":[{\"@type\":\"SearchAction\",\"target\":{\"@type\":\"EntryPoint\",\"urlTemplate\":\"https:\\\/\\\/www.latribunedufaso.net\\\/?s={search_term_string}\"},\"query-input\":{\"@type\":\"PropertyValueSpecification\",\"valueRequired\":true,\"valueName\":\"search_term_string\"}}],\"inLanguage\":\"fr-FR\"},{\"@type\":\"Organization\",\"@id\":\"https:\\\/\\\/www.latribunedufaso.net\\\/#organization\",\"name\":\"La Tribune du Faso\",\"url\":\"https:\\\/\\\/www.latribunedufaso.net\\\/\",\"logo\":{\"@type\":\"ImageObject\",\"inLanguage\":\"fr-FR\",\"@id\":\"https:\\\/\\\/www.latribunedufaso.net\\\/#\\\/schema\\\/logo\\\/image\\\/\",\"url\":\"https:\\\/\\\/www.latribunedufaso.net\\\/wp-content\\\/uploads\\\/2020\\\/08\\\/Logo-Tribune-du-Faso-final-scaled.jpg\",\"contentUrl\":\"https:\\\/\\\/www.latribunedufaso.net\\\/wp-content\\\/uploads\\\/2020\\\/08\\\/Logo-Tribune-du-Faso-final-scaled.jpg\",\"width\":2560,\"height\":1856,\"caption\":\"La Tribune du Faso\"},\"image\":{\"@id\":\"https:\\\/\\\/www.latribunedufaso.net\\\/#\\\/schema\\\/logo\\\/image\\\/\"},\"sameAs\":[\"https:\\\/\\\/www.facebook.com\\\/LatribuneduFaso\\\/\"]},{\"@type\":\"Person\",\"@id\":\"https:\\\/\\\/www.latribunedufaso.net\\\/#\\\/schema\\\/person\\\/e54e64c5778a7e72cf80a318b7a622b0\",\"name\":\"Issouf Tapsoba\",\"image\":{\"@type\":\"ImageObject\",\"inLanguage\":\"fr-FR\",\"@id\":\"https:\\\/\\\/secure.gravatar.com\\\/avatar\\\/5e6c05150ce3230247d167f5b94d678eb05936197436d69b7921e3a95c9107ac?s=96&d=mm&r=g\",\"url\":\"https:\\\/\\\/secure.gravatar.com\\\/avatar\\\/5e6c05150ce3230247d167f5b94d678eb05936197436d69b7921e3a95c9107ac?s=96&d=mm&r=g\",\"contentUrl\":\"https:\\\/\\\/secure.gravatar.com\\\/avatar\\\/5e6c05150ce3230247d167f5b94d678eb05936197436d69b7921e3a95c9107ac?s=96&d=mm&r=g\",\"caption\":\"Issouf Tapsoba\"},\"url\":\"https:\\\/\\\/www.latribunedufaso.net\\\/?author=5\"}]}<\/script>\n<!-- \/ Yoast SEO plugin. -->","yoast_head_json":{"title":"M\u00e9decine traditionnelle : Du 31 ao\u00fbt au 5 septembre 2026, Manga abritera la 24\u1d49 JAMT et la 14\u1d49 SNMTA - La Tribune du Faso","robots":{"index":"index","follow":"follow","max-snippet":"max-snippet:-1","max-image-preview":"max-image-preview:large","max-video-preview":"max-video-preview:-1"},"canonical":"https:\/\/www.latribunedufaso.net\/?p=31205","og_locale":"fr_FR","og_type":"article","og_title":"M\u00e9decine traditionnelle : Du 31 ao\u00fbt au 5 septembre 2026, Manga abritera la 24\u1d49 JAMT et la 14\u1d49 SNMTA - La Tribune du Faso","og_description":"La 24\u1d49 Journ\u00e9e africaine de la m\u00e9decine traditionnelle (JAMT) et la 14\u1d49 Semaine nationale de la m\u00e9decine traditionnelle et alternative (SNMTA) se tiendront \u00e0 Manga, dans la r\u00e9gion du Nazinon, du 31 ao\u00fbt au 5 septembre 2026. L\u2019annonce a \u00e9t\u00e9 faite ce lundi 24 ao\u00fbt \u00e0 Ouagadougou, au cours d\u2019une conf\u00e9rence de presse pr\u00e9sid\u00e9e par le Dr Esa\u00efe Kindo, chef du service de la m\u00e9decine traditionnelle au minist\u00e8re de la Sant\u00e9.","og_url":"https:\/\/www.latribunedufaso.net\/?p=31205","og_site_name":"La Tribune du Faso","article_publisher":"https:\/\/www.facebook.com\/LatribuneduFaso\/","article_published_time":"2026-08-24T16:28:22+00:00","article_modified_time":"2026-08-31T14:30:34+00:00","og_image":[{"width":2560,"height":1920,"url":"https:\/\/www.latribunedufaso.net\/wp-content\/uploads\/2026\/08\/IMG-20260831-WA0044.jpg","type":"image\/jpeg"}],"author":"Issouf Tapsoba","twitter_misc":{"\u00c9crit par":"Issouf Tapsoba","Dur\u00e9e de lecture estim\u00e9e":"2 minutes"},"schema":{"@context":"https:\/\/schema.org","@graph":[{"@type":"Article","@id":"https:\/\/www.latribunedufaso.net\/?p=31205#article","isPartOf":{"@id":"https:\/\/www.latribunedufaso.net\/?p=31205"},"author":{"name":"Issouf Tapsoba","@id":"https:\/\/www.latribunedufaso.net\/#\/schema\/person\/e54e64c5778a7e72cf80a318b7a622b0"},"headline":"M\u00e9decine traditionnelle : Du 31 ao\u00fbt au 5 septembre 2026, Manga abritera la 24\u1d49 JAMT et la 14\u1d49 SNMTA","datePublished":"2026-08-24T16:28:22+00:00","dateModified":"2026-08-31T14:30:34+00:00","mainEntityOfPage":{"@id":"https:\/\/www.latribunedufaso.net\/?p=31205"},"wordCount":389,"commentCount":0,"publisher":{"@id":"https:\/\/www.latribunedufaso.net\/#organization"},"image":{"@id":"https:\/\/www.latribunedufaso.net\/?p=31205#primaryimage"},"thumbnailUrl":"https:\/\/www.latribunedufaso.net\/wp-content\/uploads\/2026\/08\/IMG-20260831-WA0044.jpg","keywords":["Journ\u00e9e africaine de la m\u00e9decine traditionnelle (JAMT)","latribunedufaso.net","M\u00e9decine Traditionnelle","Semaine nationale de la m\u00e9decine traditionnelle et alternative (SNMTA)"],"articleSection":["A la une","Actualit\u00e9","Sant\u00e9"],"inLanguage":"fr-FR","potentialAction":[{"@type":"CommentAction","name":"Comment","target":["https:\/\/www.latribunedufaso.net\/?p=31205#respond"]}]},{"@type":"WebPage","@id":"https:\/\/www.latribunedufaso.net\/?p=31205","url":"https:\/\/www.latribunedufaso.net\/?p=31205","name":"M\u00e9decine traditionnelle : Du 31 ao\u00fbt au 5 septembre 2026, Manga abritera la 24\u1d49 JAMT et la 14\u1d49 SNMTA - La Tribune du Faso","isPartOf":{"@id":"https:\/\/www.latribunedufaso.net\/#website"},"primaryImageOfPage":{"@id":"https:\/\/www.latribunedufaso.net\/?p=31205#primaryimage"},"image":{"@id":"https:\/\/www.latribunedufaso.net\/?p=31205#primaryimage"},"thumbnailUrl":"https:\/\/www.latribunedufaso.net\/wp-content\/uploads\/2026\/08\/IMG-20260831-WA0044.jpg","datePublished":"2026-08-24T16:28:22+00:00","dateModified":"2026-08-31T14:30:34+00:00","breadcrumb":{"@id":"https:\/\/www.latribunedufaso.net\/?p=31205#breadcrumb"},"inLanguage":"fr-FR","potentialAction":[{"@type":"ReadAction","target":["https:\/\/www.latribunedufaso.net\/?p=31205"]}]},{"@type":"ImageObject","inLanguage":"fr-FR","@id":"https:\/\/www.latribunedufaso.net\/?p=31205#primaryimage","url":"https:\/\/www.latribunedufaso.net\/wp-content\/uploads\/2026\/08\/IMG-20260831-WA0044.jpg","contentUrl":"https:\/\/www.latribunedufaso.net\/wp-content\/uploads\/2026\/08\/IMG-20260831-WA0044.jpg"},{"@type":"BreadcrumbList","@id":"https:\/\/www.latribunedufaso.net\/?p=31205#breadcrumb","itemListElement":[{"@type":"ListItem","position":1,"name":"Accueil","item":"https:\/\/www.latribunedufaso.net\/"},{"@type":"ListItem","position":2,"name":"M\u00e9decine traditionnelle : Du 31 ao\u00fbt au 5 septembre 2026, Manga abritera la 24\u1d49 JAMT et la 14\u1d49 SNMTA"}]},{"@type":"WebSite","@id":"https:\/\/www.latribunedufaso.net\/#website","url":"https:\/\/www.latribunedufaso.net\/","name":"La Tribune du Faso","description":"L&#039;information du monde rural en un clic","publisher":{"@id":"https:\/\/www.latribunedufaso.net\/#organization"},"potentialAction":[{"@type":"SearchAction","target":{"@type":"EntryPoint","urlTemplate":"https:\/\/www.latribunedufaso.net\/?s={search_term_string}"},"query-input":{"@type":"PropertyValueSpecification","valueRequired":true,"valueName":"search_term_string"}}],"inLanguage":"fr-FR"},{"@type":"Organization","@id":"https:\/\/www.latribunedufaso.net\/#organization","name":"La Tribune du Faso","url":"https:\/\/www.latribunedufaso.net\/","logo":{"@type":"ImageObject","inLanguage":"fr-FR","@id":"https:\/\/www.latribunedufaso.net\/#\/schema\/logo\/image\/","url":"https:\/\/www.latribunedufaso.net\/wp-content\/uploads\/2020\/08\/Logo-Tribune-du-Faso-final-scaled.jpg","contentUrl":"https:\/\/www.latribunedufaso.net\/wp-content\/uploads\/2020\/08\/Logo-Tribune-du-Faso-final-scaled.jpg","width":2560,"height":1856,"caption":"La Tribune du Faso"},"image":{"@id":"https:\/\/www.latribunedufaso.net\/#\/schema\/logo\/image\/"},"sameAs":["https:\/\/www.facebook.com\/LatribuneduFaso\/"]},{"@type":"Person","@id":"https:\/\/www.latribunedufaso.net\/#\/schema\/person\/e54e64c5778a7e72cf80a318b7a622b0","name":"Issouf Tapsoba","image":{"@type":"ImageObject","inLanguage":"fr-FR","@id":"https:\/\/secure.gravatar.com\/avatar\/5e6c05150ce3230247d167f5b94d678eb05936197436d69b7921e3a95c9107ac?s=96&d=mm&r=g","url":"https:\/\/secure.gravatar.com\/avatar\/5e6c05150ce3230247d167f5b94d678eb05936197436d69b7921e3a95c9107ac?s=96&d=mm&r=g","contentUrl":"https:\/\/secure.gravatar.com\/avatar\/5e6c05150ce3230247d167f5b94d678eb05936197436d69b7921e3a95c9107ac?s=96&d=mm&r=g","caption":"Issouf Tapsoba"},"url":"https:\/\/www.latribunedufaso.net\/?author=5"}]}},"_links":{"self":[{"href":"https:\/\/www.latribunedufaso.net\/index.php?rest_route=\/wp\/v2\/posts\/31205","targetHints":{"allow":["GET"]}}],"collection":[{"href":"https:\/\/www.latribunedufaso.net\/index.php?rest_route=\/wp\/v2\/posts"}],"about":[{"href":"https:\/\/www.latribunedufaso.net\/index.php?rest_route=\/wp\/v2\/types\/post"}],"author":[{"embeddable":true,"href":"https:\/\/www.latribunedufaso.net\/index.php?rest_route=\/wp\/v2\/users\/5"}],"replies":[{"embeddable":true,"href":"https:\/\/www.latribunedufaso.net\/index.php?rest_route=%2Fwp%2Fv2%2Fcomments&post=31205"}],"version-history":[{"count":3,"href":"https:\/\/www.latribunedufaso.net\/index.php?rest_route=\/wp\/v2\/posts\/31205\/revisions"}],"predecessor-version":[{"id":31210,"href":"https:\/\/www.latribunedufaso.net\/index.php?rest_route=\/wp\/v2\/posts\/31205\/revisions\/31210"}],"wp:attachment":[{"href":"https:\/\/www.latribunedufaso.net\/index.php?rest_route=%2Fwp%2Fv2%2Fmedia&parent=31205"}],"wp:term":[{"taxonomy":"category","embeddable":true,"href":"https:\/\/www.latribunedufaso.net\/index.php?rest_route=%2Fwp%2Fv2%2Fcategories&post=31205"},{"taxonomy":"post_tag","embeddable":true,"href":"https:\/\/www.latribunedufaso.net\/index.php?rest_route=%2Fwp%2Fv2%2Ftags&post=31205"}],"curies":[{"name":"wp","href":"https:\/\/api.w.org\/{rel}","templated":true}]}}