{"id":31192,"date":"2026-08-31T12:51:38","date_gmt":"2026-08-31T12:51:38","guid":{"rendered":"https:\/\/www.latribunedufaso.net\/?p=31192"},"modified":"2026-08-31T12:51:38","modified_gmt":"2026-08-31T12:51:38","slug":"police-nationale-lancement-des-formations-de-passage-de-grade-au-titre-de-lannee-2026","status":"publish","type":"post","link":"https:\/\/www.latribunedufaso.net\/?p=31192","title":{"rendered":"Police nationale : Lancement des formations de passage de grade au titre de l\u2019ann\u00e9e 2026"},"content":{"rendered":"<p><strong>Le Directeur g\u00e9n\u00e9ral de la Police nationale, Thierry Dofizouho Tuina, a pr\u00e9sid\u00e9 ce 31 ao\u00fbt 2026 \u00e0 Pabr\u00e9, \u00e0 l\u2019Acad\u00e9mie de Police, la c\u00e9r\u00e9monie d\u2019ouverture des formations de passage de grade au titre de l\u2019ann\u00e9e 2026.<\/strong><!--more--><\/p>\n<p>Cette initiative marque une \u00e9tape importante dans le renforcement des capacit\u00e9s et la professionnalisation de la Police nationale. Elle concerne 2 364 policiers inscrits au tableau d\u2019avancement, dont 92 commissaires de police, 304 officiers de police et 1 968 sous-officiers de police.<\/p>\n<figure id=\"attachment_31196\" aria-describedby=\"caption-attachment-31196\" style=\"width: 1280px\" class=\"wp-caption aligncenter\"><a href=\"https:\/\/www.latribunedufaso.net\/wp-content\/uploads\/2026\/08\/IMG-20260831-WA0034.jpg\"><img loading=\"lazy\" decoding=\"async\" class=\"size-full wp-image-31196\" src=\"https:\/\/www.latribunedufaso.net\/wp-content\/uploads\/2026\/08\/IMG-20260831-WA0034.jpg\" alt=\"La c\u00e9r\u00e9monie d\u2019ouverture des formations de passage de grade de la police nationale au titre de l\u2019ann\u00e9e 2026, 31 ao\u00fbt 2026\" width=\"1280\" height=\"720\" srcset=\"https:\/\/www.latribunedufaso.net\/wp-content\/uploads\/2026\/08\/IMG-20260831-WA0034.jpg 1280w, https:\/\/www.latribunedufaso.net\/wp-content\/uploads\/2026\/08\/IMG-20260831-WA0034-300x169.jpg 300w, https:\/\/www.latribunedufaso.net\/wp-content\/uploads\/2026\/08\/IMG-20260831-WA0034-1024x576.jpg 1024w, https:\/\/www.latribunedufaso.net\/wp-content\/uploads\/2026\/08\/IMG-20260831-WA0034-768x432.jpg 768w\" sizes=\"auto, (max-width: 1280px) 100vw, 1280px\" \/><\/a><figcaption id=\"caption-attachment-31196\" class=\"wp-caption-text\">Le Directeur g\u00e9n\u00e9ral de la Police nationale, Thierry Dofizouho Tuina a pr\u00e9sid\u00e9 la c\u00e9r\u00e9monie &#8211; Ph. DR<\/figcaption><\/figure>\n<p>Dans son discours d\u2019ouverture, le Directeur g\u00e9n\u00e9ral a rappel\u00e9 que ces formations s\u2019inscrivent dans le cadre juridique r\u00e9gissant la carri\u00e8re des personnels de la Police nationale, notamment la loi n\u00b0027-2018\/AN du 1er juin 2018 et le d\u00e9cret n\u00b02019-0768\/PRES\/PM\/MSECU\/MINEFID relatif aux modalit\u00e9s et crit\u00e8res d\u2019\u00e9valuation et d\u2019avancement.<\/p>\n<p><em><strong>\u00ab Au-del\u00e0 de l\u2019anciennet\u00e9, le passage de grade repose d\u00e9sormais sur plusieurs crit\u00e8res, notamment le m\u00e9rite, le comportement disciplinaire, les aptitudes intellectuelles, physiques, morales et professionnelles, ainsi que la formation requise \u00bb,<\/strong> <\/em>a-t-il expliqu\u00e9.<\/p>\n<p>L\u2019objectif principal de ces formations est de pr\u00e9parer les policiers promus \u00e0 assumer efficacement leurs nouvelles responsabilit\u00e9s. Elles doivent notamment leur permettre de renforcer leurs comp\u00e9tences en commandement, encadrement, planification, gestion op\u00e9rationnelle et ma\u00eetrise du cadre juridique et d\u00e9ontologique de la Police nationale.<\/p>\n<figure id=\"attachment_31198\" aria-describedby=\"caption-attachment-31198\" style=\"width: 1280px\" class=\"wp-caption aligncenter\"><a href=\"https:\/\/www.latribunedufaso.net\/wp-content\/uploads\/2026\/08\/IMG-20260831-WA0025.jpg\"><img loading=\"lazy\" decoding=\"async\" class=\"size-full wp-image-31198\" src=\"https:\/\/www.latribunedufaso.net\/wp-content\/uploads\/2026\/08\/IMG-20260831-WA0025.jpg\" alt=\"La c\u00e9r\u00e9monie d\u2019ouverture des formations de passage de grade de la police nationale au titre de l\u2019ann\u00e9e 2026, 31 ao\u00fbt 2026\" width=\"1280\" height=\"720\" srcset=\"https:\/\/www.latribunedufaso.net\/wp-content\/uploads\/2026\/08\/IMG-20260831-WA0025.jpg 1280w, https:\/\/www.latribunedufaso.net\/wp-content\/uploads\/2026\/08\/IMG-20260831-WA0025-300x169.jpg 300w, https:\/\/www.latribunedufaso.net\/wp-content\/uploads\/2026\/08\/IMG-20260831-WA0025-1024x576.jpg 1024w, https:\/\/www.latribunedufaso.net\/wp-content\/uploads\/2026\/08\/IMG-20260831-WA0025-768x432.jpg 768w\" sizes=\"auto, (max-width: 1280px) 100vw, 1280px\" \/><\/a><figcaption id=\"caption-attachment-31198\" class=\"wp-caption-text\">Ils sont, au total, 2 364 policiers participant \u00e0 la session &#8211; Ph. DR<\/figcaption><\/figure>\n<p>Le Directeur g\u00e9n\u00e9ral a \u00e9galement appel\u00e9 les formateurs et enseignants \u00e0 faire preuve de rigueur et d\u2019engagement afin de garantir la qualit\u00e9 des enseignements, tout en exhortant les b\u00e9n\u00e9ficiaires \u00e0 tirer pleinement profit de cette formation.<\/p>\n<p>Enfin, Thierry Dofizouho Tuina a rendu hommage aux forces de d\u00e9fense et de s\u00e9curit\u00e9 tomb\u00e9es au champ d\u2019honneur, salu\u00e9 l\u2019engagement des personnels de s\u00e9curit\u00e9 et appel\u00e9 les policiers en formation \u00e0 faire du nouveau grade un v\u00e9ritable engagement au service de la s\u00e9curit\u00e9 des populations.<\/p>\n<blockquote>\n<p>Lire aussi &gt;&gt;\u00a0<a href=\"https:\/\/www.latribunedufaso.net\/?p=31184\">Lutte contre l\u2019ins\u00e9curit\u00e9 routi\u00e8re : L\u2019ONASER, la Police et la Gendarmerie unissent leurs forces sur le terrain<\/a><\/p>\n<\/blockquote>\n<p>La c\u00e9r\u00e9monie s\u2019est achev\u00e9e par la d\u00e9claration officielle d\u2019ouverture des formations de passage de grade au profit des personnels du cadre de la Police nationale.<\/p>\n<p><strong>In\u00e8s TOUGMA\u00a0<\/strong><\/p>\n<p><strong>Latribunedufaso.net<\/strong><\/p>\n<p><a href=\"https:\/\/www.latribunedufaso.net\/wp-content\/uploads\/2026\/08\/IMG-20260831-WA0038.jpg\"><img loading=\"lazy\" decoding=\"async\" class=\"aligncenter size-full wp-image-31197\" src=\"https:\/\/www.latribunedufaso.net\/wp-content\/uploads\/2026\/08\/IMG-20260831-WA0038.jpg\" alt=\"La c\u00e9r\u00e9monie d\u2019ouverture des formations de passage de grade de la police nationale au titre de l\u2019ann\u00e9e 2026, 31 ao\u00fbt 2026\" width=\"1280\" height=\"720\" srcset=\"https:\/\/www.latribunedufaso.net\/wp-content\/uploads\/2026\/08\/IMG-20260831-WA0038.jpg 1280w, https:\/\/www.latribunedufaso.net\/wp-content\/uploads\/2026\/08\/IMG-20260831-WA0038-300x169.jpg 300w, https:\/\/www.latribunedufaso.net\/wp-content\/uploads\/2026\/08\/IMG-20260831-WA0038-1024x576.jpg 1024w, https:\/\/www.latribunedufaso.net\/wp-content\/uploads\/2026\/08\/IMG-20260831-WA0038-768x432.jpg 768w\" sizes=\"auto, (max-width: 1280px) 100vw, 1280px\" \/><\/a><\/p>\n","protected":false},"excerpt":{"rendered":"<p>Le Directeur g\u00e9n\u00e9ral de la Police nationale, Thierry Dofizouho Tuina, a pr\u00e9sid\u00e9 ce 31 ao\u00fbt 2026 \u00e0 Pabr\u00e9, \u00e0 l\u2019Acad\u00e9mie de Police, la c\u00e9r\u00e9monie d\u2019ouverture des formations de passage de grade au titre de l\u2019ann\u00e9e 2026.<\/p>\n","protected":false},"author":5,"featured_media":31195,"comment_status":"open","ping_status":"open","sticky":false,"template":"","format":"standard","meta":{"footnotes":""},"categories":[13,1,8],"tags":[1376,2319,39,78],"class_list":["post-31192","post","type-post","status-publish","format-standard","has-post-thumbnail","hentry","category-une","category-actu","category-societe","tag-academie-de-police","tag-formation-passage-grade-police-burkina","tag-latribunedufaso-net","tag-police-nationale"],"yoast_head":"<!-- This site is optimized with the Yoast SEO plugin v28.3 - https:\/\/yoast.com\/product\/yoast-seo-wordpress\/ -->\n<title>Police nationale : Lancement des formations de passage de grade au titre de l\u2019ann\u00e9e 2026 - La Tribune du Faso<\/title>\n<meta name=\"robots\" content=\"index, follow, max-snippet:-1, max-image-preview:large, max-video-preview:-1\" \/>\n<link rel=\"canonical\" href=\"https:\/\/www.latribunedufaso.net\/?p=31192\" \/>\n<meta property=\"og:locale\" content=\"fr_FR\" \/>\n<meta property=\"og:type\" content=\"article\" \/>\n<meta property=\"og:title\" content=\"Police nationale : Lancement des formations de passage de grade au titre de l\u2019ann\u00e9e 2026 - La Tribune du Faso\" \/>\n<meta property=\"og:description\" content=\"Le Directeur g\u00e9n\u00e9ral de la Police nationale, Thierry Dofizouho Tuina, a pr\u00e9sid\u00e9 ce 31 ao\u00fbt 2026 \u00e0 Pabr\u00e9, \u00e0 l\u2019Acad\u00e9mie de Police, la c\u00e9r\u00e9monie d\u2019ouverture des formations de passage de grade au titre de l\u2019ann\u00e9e 2026.\" \/>\n<meta property=\"og:url\" content=\"https:\/\/www.latribunedufaso.net\/?p=31192\" \/>\n<meta property=\"og:site_name\" content=\"La Tribune du Faso\" \/>\n<meta property=\"article:publisher\" content=\"https:\/\/www.facebook.com\/LatribuneduFaso\/\" \/>\n<meta property=\"article:published_time\" content=\"2026-08-31T12:51:38+00:00\" \/>\n<meta property=\"og:image\" content=\"https:\/\/www.latribunedufaso.net\/wp-content\/uploads\/2026\/08\/IMG-20260831-WA0024.jpg\" \/>\n\t<meta property=\"og:image:width\" content=\"1280\" \/>\n\t<meta property=\"og:image:height\" content=\"720\" \/>\n\t<meta property=\"og:image:type\" content=\"image\/jpeg\" \/>\n<meta name=\"author\" content=\"Issouf Tapsoba\" \/>\n<meta name=\"twitter:label1\" content=\"\u00c9crit par\" \/>\n\t<meta name=\"twitter:data1\" content=\"Issouf Tapsoba\" \/>\n\t<meta name=\"twitter:label2\" content=\"Dur\u00e9e de lecture estim\u00e9e\" \/>\n\t<meta name=\"twitter:data2\" content=\"3 minutes\" \/>\n<script type=\"application\/ld+json\" class=\"yoast-schema-graph\">{\"@context\":\"https:\\\/\\\/schema.org\",\"@graph\":[{\"@type\":\"Article\",\"@id\":\"https:\\\/\\\/www.latribunedufaso.net\\\/?p=31192#article\",\"isPartOf\":{\"@id\":\"https:\\\/\\\/www.latribunedufaso.net\\\/?p=31192\"},\"author\":{\"name\":\"Issouf Tapsoba\",\"@id\":\"https:\\\/\\\/www.latribunedufaso.net\\\/#\\\/schema\\\/person\\\/e54e64c5778a7e72cf80a318b7a622b0\"},\"headline\":\"Police nationale : Lancement des formations de passage de grade au titre de l\u2019ann\u00e9e 2026\",\"datePublished\":\"2026-08-31T12:51:38+00:00\",\"mainEntityOfPage\":{\"@id\":\"https:\\\/\\\/www.latribunedufaso.net\\\/?p=31192\"},\"wordCount\":441,\"commentCount\":0,\"publisher\":{\"@id\":\"https:\\\/\\\/www.latribunedufaso.net\\\/#organization\"},\"image\":{\"@id\":\"https:\\\/\\\/www.latribunedufaso.net\\\/?p=31192#primaryimage\"},\"thumbnailUrl\":\"https:\\\/\\\/www.latribunedufaso.net\\\/wp-content\\\/uploads\\\/2026\\\/08\\\/IMG-20260831-WA0024.jpg\",\"keywords\":[\"Acad\u00e9mie de police\",\"Formation passage grade police Burkina\",\"latribunedufaso.net\",\"Police nationale\"],\"articleSection\":[\"A la une\",\"Actualit\u00e9\",\"Soci\u00e9t\u00e9\"],\"inLanguage\":\"fr-FR\",\"potentialAction\":[{\"@type\":\"CommentAction\",\"name\":\"Comment\",\"target\":[\"https:\\\/\\\/www.latribunedufaso.net\\\/?p=31192#respond\"]}]},{\"@type\":\"WebPage\",\"@id\":\"https:\\\/\\\/www.latribunedufaso.net\\\/?p=31192\",\"url\":\"https:\\\/\\\/www.latribunedufaso.net\\\/?p=31192\",\"name\":\"Police nationale : Lancement des formations de passage de grade au titre de l\u2019ann\u00e9e 2026 - La Tribune du Faso\",\"isPartOf\":{\"@id\":\"https:\\\/\\\/www.latribunedufaso.net\\\/#website\"},\"primaryImageOfPage\":{\"@id\":\"https:\\\/\\\/www.latribunedufaso.net\\\/?p=31192#primaryimage\"},\"image\":{\"@id\":\"https:\\\/\\\/www.latribunedufaso.net\\\/?p=31192#primaryimage\"},\"thumbnailUrl\":\"https:\\\/\\\/www.latribunedufaso.net\\\/wp-content\\\/uploads\\\/2026\\\/08\\\/IMG-20260831-WA0024.jpg\",\"datePublished\":\"2026-08-31T12:51:38+00:00\",\"breadcrumb\":{\"@id\":\"https:\\\/\\\/www.latribunedufaso.net\\\/?p=31192#breadcrumb\"},\"inLanguage\":\"fr-FR\",\"potentialAction\":[{\"@type\":\"ReadAction\",\"target\":[\"https:\\\/\\\/www.latribunedufaso.net\\\/?p=31192\"]}]},{\"@type\":\"ImageObject\",\"inLanguage\":\"fr-FR\",\"@id\":\"https:\\\/\\\/www.latribunedufaso.net\\\/?p=31192#primaryimage\",\"url\":\"https:\\\/\\\/www.latribunedufaso.net\\\/wp-content\\\/uploads\\\/2026\\\/08\\\/IMG-20260831-WA0024.jpg\",\"contentUrl\":\"https:\\\/\\\/www.latribunedufaso.net\\\/wp-content\\\/uploads\\\/2026\\\/08\\\/IMG-20260831-WA0024.jpg\",\"width\":1280,\"height\":720,\"caption\":\"La c\u00e9r\u00e9monie d\u2019ouverture des formations de passage de grade de la police nationale au titre de l\u2019ann\u00e9e 2026, 31 ao\u00fbt 2026\"},{\"@type\":\"BreadcrumbList\",\"@id\":\"https:\\\/\\\/www.latribunedufaso.net\\\/?p=31192#breadcrumb\",\"itemListElement\":[{\"@type\":\"ListItem\",\"position\":1,\"name\":\"Accueil\",\"item\":\"https:\\\/\\\/www.latribunedufaso.net\\\/\"},{\"@type\":\"ListItem\",\"position\":2,\"name\":\"Police nationale : Lancement des formations de passage de grade au titre de l\u2019ann\u00e9e 2026\"}]},{\"@type\":\"WebSite\",\"@id\":\"https:\\\/\\\/www.latribunedufaso.net\\\/#website\",\"url\":\"https:\\\/\\\/www.latribunedufaso.net\\\/\",\"name\":\"La Tribune du Faso\",\"description\":\"L&#039;information du monde rural en un clic\",\"publisher\":{\"@id\":\"https:\\\/\\\/www.latribunedufaso.net\\\/#organization\"},\"potentialAction\":[{\"@type\":\"SearchAction\",\"target\":{\"@type\":\"EntryPoint\",\"urlTemplate\":\"https:\\\/\\\/www.latribunedufaso.net\\\/?s={search_term_string}\"},\"query-input\":{\"@type\":\"PropertyValueSpecification\",\"valueRequired\":true,\"valueName\":\"search_term_string\"}}],\"inLanguage\":\"fr-FR\"},{\"@type\":\"Organization\",\"@id\":\"https:\\\/\\\/www.latribunedufaso.net\\\/#organization\",\"name\":\"La Tribune du Faso\",\"url\":\"https:\\\/\\\/www.latribunedufaso.net\\\/\",\"logo\":{\"@type\":\"ImageObject\",\"inLanguage\":\"fr-FR\",\"@id\":\"https:\\\/\\\/www.latribunedufaso.net\\\/#\\\/schema\\\/logo\\\/image\\\/\",\"url\":\"https:\\\/\\\/www.latribunedufaso.net\\\/wp-content\\\/uploads\\\/2020\\\/08\\\/Logo-Tribune-du-Faso-final-scaled.jpg\",\"contentUrl\":\"https:\\\/\\\/www.latribunedufaso.net\\\/wp-content\\\/uploads\\\/2020\\\/08\\\/Logo-Tribune-du-Faso-final-scaled.jpg\",\"width\":2560,\"height\":1856,\"caption\":\"La Tribune du Faso\"},\"image\":{\"@id\":\"https:\\\/\\\/www.latribunedufaso.net\\\/#\\\/schema\\\/logo\\\/image\\\/\"},\"sameAs\":[\"https:\\\/\\\/www.facebook.com\\\/LatribuneduFaso\\\/\"]},{\"@type\":\"Person\",\"@id\":\"https:\\\/\\\/www.latribunedufaso.net\\\/#\\\/schema\\\/person\\\/e54e64c5778a7e72cf80a318b7a622b0\",\"name\":\"Issouf Tapsoba\",\"image\":{\"@type\":\"ImageObject\",\"inLanguage\":\"fr-FR\",\"@id\":\"https:\\\/\\\/secure.gravatar.com\\\/avatar\\\/5e6c05150ce3230247d167f5b94d678eb05936197436d69b7921e3a95c9107ac?s=96&d=mm&r=g\",\"url\":\"https:\\\/\\\/secure.gravatar.com\\\/avatar\\\/5e6c05150ce3230247d167f5b94d678eb05936197436d69b7921e3a95c9107ac?s=96&d=mm&r=g\",\"contentUrl\":\"https:\\\/\\\/secure.gravatar.com\\\/avatar\\\/5e6c05150ce3230247d167f5b94d678eb05936197436d69b7921e3a95c9107ac?s=96&d=mm&r=g\",\"caption\":\"Issouf Tapsoba\"},\"url\":\"https:\\\/\\\/www.latribunedufaso.net\\\/?author=5\"}]}<\/script>\n<!-- \/ Yoast SEO plugin. -->","yoast_head_json":{"title":"Police nationale : Lancement des formations de passage de grade au titre de l\u2019ann\u00e9e 2026 - La Tribune du Faso","robots":{"index":"index","follow":"follow","max-snippet":"max-snippet:-1","max-image-preview":"max-image-preview:large","max-video-preview":"max-video-preview:-1"},"canonical":"https:\/\/www.latribunedufaso.net\/?p=31192","og_locale":"fr_FR","og_type":"article","og_title":"Police nationale : Lancement des formations de passage de grade au titre de l\u2019ann\u00e9e 2026 - La Tribune du Faso","og_description":"Le Directeur g\u00e9n\u00e9ral de la Police nationale, Thierry Dofizouho Tuina, a pr\u00e9sid\u00e9 ce 31 ao\u00fbt 2026 \u00e0 Pabr\u00e9, \u00e0 l\u2019Acad\u00e9mie de Police, la c\u00e9r\u00e9monie d\u2019ouverture des formations de passage de grade au titre de l\u2019ann\u00e9e 2026.","og_url":"https:\/\/www.latribunedufaso.net\/?p=31192","og_site_name":"La Tribune du Faso","article_publisher":"https:\/\/www.facebook.com\/LatribuneduFaso\/","article_published_time":"2026-08-31T12:51:38+00:00","og_image":[{"width":1280,"height":720,"url":"https:\/\/www.latribunedufaso.net\/wp-content\/uploads\/2026\/08\/IMG-20260831-WA0024.jpg","type":"image\/jpeg"}],"author":"Issouf Tapsoba","twitter_misc":{"\u00c9crit par":"Issouf Tapsoba","Dur\u00e9e de lecture estim\u00e9e":"3 minutes"},"schema":{"@context":"https:\/\/schema.org","@graph":[{"@type":"Article","@id":"https:\/\/www.latribunedufaso.net\/?p=31192#article","isPartOf":{"@id":"https:\/\/www.latribunedufaso.net\/?p=31192"},"author":{"name":"Issouf Tapsoba","@id":"https:\/\/www.latribunedufaso.net\/#\/schema\/person\/e54e64c5778a7e72cf80a318b7a622b0"},"headline":"Police nationale : Lancement des formations de passage de grade au titre de l\u2019ann\u00e9e 2026","datePublished":"2026-08-31T12:51:38+00:00","mainEntityOfPage":{"@id":"https:\/\/www.latribunedufaso.net\/?p=31192"},"wordCount":441,"commentCount":0,"publisher":{"@id":"https:\/\/www.latribunedufaso.net\/#organization"},"image":{"@id":"https:\/\/www.latribunedufaso.net\/?p=31192#primaryimage"},"thumbnailUrl":"https:\/\/www.latribunedufaso.net\/wp-content\/uploads\/2026\/08\/IMG-20260831-WA0024.jpg","keywords":["Acad\u00e9mie de police","Formation passage grade police Burkina","latribunedufaso.net","Police nationale"],"articleSection":["A la une","Actualit\u00e9","Soci\u00e9t\u00e9"],"inLanguage":"fr-FR","potentialAction":[{"@type":"CommentAction","name":"Comment","target":["https:\/\/www.latribunedufaso.net\/?p=31192#respond"]}]},{"@type":"WebPage","@id":"https:\/\/www.latribunedufaso.net\/?p=31192","url":"https:\/\/www.latribunedufaso.net\/?p=31192","name":"Police nationale : Lancement des formations de passage de grade au titre de l\u2019ann\u00e9e 2026 - La Tribune du Faso","isPartOf":{"@id":"https:\/\/www.latribunedufaso.net\/#website"},"primaryImageOfPage":{"@id":"https:\/\/www.latribunedufaso.net\/?p=31192#primaryimage"},"image":{"@id":"https:\/\/www.latribunedufaso.net\/?p=31192#primaryimage"},"thumbnailUrl":"https:\/\/www.latribunedufaso.net\/wp-content\/uploads\/2026\/08\/IMG-20260831-WA0024.jpg","datePublished":"2026-08-31T12:51:38+00:00","breadcrumb":{"@id":"https:\/\/www.latribunedufaso.net\/?p=31192#breadcrumb"},"inLanguage":"fr-FR","potentialAction":[{"@type":"ReadAction","target":["https:\/\/www.latribunedufaso.net\/?p=31192"]}]},{"@type":"ImageObject","inLanguage":"fr-FR","@id":"https:\/\/www.latribunedufaso.net\/?p=31192#primaryimage","url":"https:\/\/www.latribunedufaso.net\/wp-content\/uploads\/2026\/08\/IMG-20260831-WA0024.jpg","contentUrl":"https:\/\/www.latribunedufaso.net\/wp-content\/uploads\/2026\/08\/IMG-20260831-WA0024.jpg","width":1280,"height":720,"caption":"La c\u00e9r\u00e9monie d\u2019ouverture des formations de passage de grade de la police nationale au titre de l\u2019ann\u00e9e 2026, 31 ao\u00fbt 2026"},{"@type":"BreadcrumbList","@id":"https:\/\/www.latribunedufaso.net\/?p=31192#breadcrumb","itemListElement":[{"@type":"ListItem","position":1,"name":"Accueil","item":"https:\/\/www.latribunedufaso.net\/"},{"@type":"ListItem","position":2,"name":"Police nationale : Lancement des formations de passage de grade au titre de l\u2019ann\u00e9e 2026"}]},{"@type":"WebSite","@id":"https:\/\/www.latribunedufaso.net\/#website","url":"https:\/\/www.latribunedufaso.net\/","name":"La Tribune du Faso","description":"L&#039;information du monde rural en un clic","publisher":{"@id":"https:\/\/www.latribunedufaso.net\/#organization"},"potentialAction":[{"@type":"SearchAction","target":{"@type":"EntryPoint","urlTemplate":"https:\/\/www.latribunedufaso.net\/?s={search_term_string}"},"query-input":{"@type":"PropertyValueSpecification","valueRequired":true,"valueName":"search_term_string"}}],"inLanguage":"fr-FR"},{"@type":"Organization","@id":"https:\/\/www.latribunedufaso.net\/#organization","name":"La Tribune du Faso","url":"https:\/\/www.latribunedufaso.net\/","logo":{"@type":"ImageObject","inLanguage":"fr-FR","@id":"https:\/\/www.latribunedufaso.net\/#\/schema\/logo\/image\/","url":"https:\/\/www.latribunedufaso.net\/wp-content\/uploads\/2020\/08\/Logo-Tribune-du-Faso-final-scaled.jpg","contentUrl":"https:\/\/www.latribunedufaso.net\/wp-content\/uploads\/2020\/08\/Logo-Tribune-du-Faso-final-scaled.jpg","width":2560,"height":1856,"caption":"La Tribune du Faso"},"image":{"@id":"https:\/\/www.latribunedufaso.net\/#\/schema\/logo\/image\/"},"sameAs":["https:\/\/www.facebook.com\/LatribuneduFaso\/"]},{"@type":"Person","@id":"https:\/\/www.latribunedufaso.net\/#\/schema\/person\/e54e64c5778a7e72cf80a318b7a622b0","name":"Issouf Tapsoba","image":{"@type":"ImageObject","inLanguage":"fr-FR","@id":"https:\/\/secure.gravatar.com\/avatar\/5e6c05150ce3230247d167f5b94d678eb05936197436d69b7921e3a95c9107ac?s=96&d=mm&r=g","url":"https:\/\/secure.gravatar.com\/avatar\/5e6c05150ce3230247d167f5b94d678eb05936197436d69b7921e3a95c9107ac?s=96&d=mm&r=g","contentUrl":"https:\/\/secure.gravatar.com\/avatar\/5e6c05150ce3230247d167f5b94d678eb05936197436d69b7921e3a95c9107ac?s=96&d=mm&r=g","caption":"Issouf Tapsoba"},"url":"https:\/\/www.latribunedufaso.net\/?author=5"}]}},"_links":{"self":[{"href":"https:\/\/www.latribunedufaso.net\/index.php?rest_route=\/wp\/v2\/posts\/31192","targetHints":{"allow":["GET"]}}],"collection":[{"href":"https:\/\/www.latribunedufaso.net\/index.php?rest_route=\/wp\/v2\/posts"}],"about":[{"href":"https:\/\/www.latribunedufaso.net\/index.php?rest_route=\/wp\/v2\/types\/post"}],"author":[{"embeddable":true,"href":"https:\/\/www.latribunedufaso.net\/index.php?rest_route=\/wp\/v2\/users\/5"}],"replies":[{"embeddable":true,"href":"https:\/\/www.latribunedufaso.net\/index.php?rest_route=%2Fwp%2Fv2%2Fcomments&post=31192"}],"version-history":[{"count":3,"href":"https:\/\/www.latribunedufaso.net\/index.php?rest_route=\/wp\/v2\/posts\/31192\/revisions"}],"predecessor-version":[{"id":31199,"href":"https:\/\/www.latribunedufaso.net\/index.php?rest_route=\/wp\/v2\/posts\/31192\/revisions\/31199"}],"wp:featuredmedia":[{"embeddable":true,"href":"https:\/\/www.latribunedufaso.net\/index.php?rest_route=\/wp\/v2\/media\/31195"}],"wp:attachment":[{"href":"https:\/\/www.latribunedufaso.net\/index.php?rest_route=%2Fwp%2Fv2%2Fmedia&parent=31192"}],"wp:term":[{"taxonomy":"category","embeddable":true,"href":"https:\/\/www.latribunedufaso.net\/index.php?rest_route=%2Fwp%2Fv2%2Fcategories&post=31192"},{"taxonomy":"post_tag","embeddable":true,"href":"https:\/\/www.latribunedufaso.net\/index.php?rest_route=%2Fwp%2Fv2%2Ftags&post=31192"}],"curies":[{"name":"wp","href":"https:\/\/api.w.org\/{rel}","templated":true}]}}