{"id":31176,"date":"2026-08-30T09:49:54","date_gmt":"2026-08-30T09:49:54","guid":{"rendered":"https:\/\/www.latribunedufaso.net\/?p=31176"},"modified":"2026-08-31T09:51:34","modified_gmt":"2026-08-31T09:51:34","slug":"commande-publique-au-bbda-une-nouvelle-impulsion-sous-la-conduite-de-salifou-ouedraogo","status":"publish","type":"post","link":"https:\/\/www.latribunedufaso.net\/?p=31176","title":{"rendered":"Commande publique au BBDA : Une nouvelle impulsion sous la conduite de Salifou Ou\u00e9draogo\u00a0"},"content":{"rendered":"<p><strong>Le Bureau Burkinab\u00e8 du Droit d\u2019Auteur (BBDA) a proc\u00e9d\u00e9, le vendredi 28 ao\u00fbt 2026, \u00e0 la passation de charge entre la Personne Responsable de la Commande Publique (PRCP) sortante, Jos\u00e9phine Tarnagda\/Bangr\u00e9, et Salifou Ou\u00e9draogo, d\u00e9sormais appel\u00e9 \u00e0 assurer la conduite de cette fonction strat\u00e9gique.<\/strong><!--more--><\/p>\n<p>Pr\u00e9sid\u00e9e par le Directeur g\u00e9n\u00e9ral du BBDA, Zita Daniel Bonzi, la c\u00e9r\u00e9monie s\u2019est d\u00e9roul\u00e9e en pr\u00e9sence de plusieurs responsables et collaborateurs de l\u2019institution.<\/p>\n<p>Apr\u00e8s trois ann\u00e9es consacr\u00e9es \u00e0 la mise en place, \u00e0 la structuration et \u00e0 la consolidation de la fonction de Personne Responsable de la Commande Publique au sein du BBDA, la PRCP sortante a livr\u00e9 un message empreint de responsabilit\u00e9 et de sens du service public. Elle a notamment d\u00e9clar\u00e9 :<em><strong> \u00ab Une direction n\u2019appartient jamais d\u00e9finitivement \u00e0 celui ou celle qui la dirige. Elle appartient \u00e0 l\u2019institution. Nous ne faisons que passer. Mais ce que nous construisons doit rester. \u00bb<\/strong><\/em><\/p>\n<p><a href=\"https:\/\/www.latribunedufaso.net\/wp-content\/uploads\/2026\/08\/FB_IMG_1788169190777.jpg\"><img loading=\"lazy\" decoding=\"async\" class=\"aligncenter size-full wp-image-31180\" src=\"https:\/\/www.latribunedufaso.net\/wp-content\/uploads\/2026\/08\/FB_IMG_1788169190777.jpg\" alt=\"Le BBDA a proc\u00e9d\u00e9, le vendredi 28 ao\u00fbt 2026, \u00e0 la passation de charge entre la Personne Responsable de la Commande Publique (PRCP) sortante, Jos\u00e9phine Tarnagda\/Bangr\u00e9, et Salifou Ou\u00e9draogo, d\u00e9sormais appel\u00e9 \u00e0 assurer la conduite de cette fonction strat\u00e9gique\" width=\"1080\" height=\"810\" srcset=\"https:\/\/www.latribunedufaso.net\/wp-content\/uploads\/2026\/08\/FB_IMG_1788169190777.jpg 1080w, https:\/\/www.latribunedufaso.net\/wp-content\/uploads\/2026\/08\/FB_IMG_1788169190777-300x225.jpg 300w, https:\/\/www.latribunedufaso.net\/wp-content\/uploads\/2026\/08\/FB_IMG_1788169190777-1024x768.jpg 1024w, https:\/\/www.latribunedufaso.net\/wp-content\/uploads\/2026\/08\/FB_IMG_1788169190777-768x576.jpg 768w\" sizes=\"auto, (max-width: 1080px) 100vw, 1080px\" \/><\/a><\/p>\n<p>Saluant l\u2019engagement et le travail accompli par Jos\u00e9phine Tarnagda\/Bangr\u00e9, le Directeur g\u00e9n\u00e9ral a relev\u00e9 la qualit\u00e9 des fondations pos\u00e9es au cours de son mandat. Il a, \u00e0 cet effet, soulign\u00e9 que, <em><strong>\u00ab quand une femme met la fondation d&rsquo;une maison avec le c\u0153ur, celle-ci est toujours solide. \u00bb<\/strong><\/em><\/p>\n<p>Prenant le relais, Salifou Ou\u00e9draogo entend inscrire son action dans une dynamique fond\u00e9e sur la rigueur, l\u2019\u00e9coute, la collaboration et la recherche constante de l\u2019int\u00e9r\u00eat g\u00e9n\u00e9ral. <em><strong>\u00ab Je serai un PRCP normatif certes, mais ouvert \u00e0 toute contribution pouvant faciliter l\u2019accomplissement de la mission assign\u00e9e au BBDA \u00bb<\/strong><\/em>, a-t-il affirm\u00e9.<\/p>\n<p>Cette passation de charge marque ainsi une nouvelle \u00e9tape dans la gestion de la commande publique au BBDA. Elle traduit la volont\u00e9 de l\u2019institution d\u2019assurer la continuit\u00e9 du service, de consolider les acquis et de poursuivre l\u2019am\u00e9lioration des pratiques en mati\u00e8re de commande publique, dans une dynamique de performance, de transparence et de bonne gouvernance.<\/p>\n<figure id=\"attachment_31182\" aria-describedby=\"caption-attachment-31182\" style=\"width: 1080px\" class=\"wp-caption aligncenter\"><a href=\"https:\/\/www.latribunedufaso.net\/wp-content\/uploads\/2026\/08\/FB_IMG_1788169198998.jpg\"><img loading=\"lazy\" decoding=\"async\" class=\"size-full wp-image-31182\" src=\"https:\/\/www.latribunedufaso.net\/wp-content\/uploads\/2026\/08\/FB_IMG_1788169198998.jpg\" alt=\"Le BBDA a proc\u00e9d\u00e9, le vendredi 28 ao\u00fbt 2026, \u00e0 la passation de charge entre la Personne Responsable de la Commande Publique (PRCP) sortante, Jos\u00e9phine Tarnagda\/Bangr\u00e9, et Salifou Ou\u00e9draogo, d\u00e9sormais appel\u00e9 \u00e0 assurer la conduite de cette fonction strat\u00e9gique\" width=\"1080\" height=\"732\" srcset=\"https:\/\/www.latribunedufaso.net\/wp-content\/uploads\/2026\/08\/FB_IMG_1788169198998.jpg 1080w, https:\/\/www.latribunedufaso.net\/wp-content\/uploads\/2026\/08\/FB_IMG_1788169198998-300x203.jpg 300w, https:\/\/www.latribunedufaso.net\/wp-content\/uploads\/2026\/08\/FB_IMG_1788169198998-1024x694.jpg 1024w, https:\/\/www.latribunedufaso.net\/wp-content\/uploads\/2026\/08\/FB_IMG_1788169198998-768x521.jpg 768w, https:\/\/www.latribunedufaso.net\/wp-content\/uploads\/2026\/08\/FB_IMG_1788169198998-120x80.jpg 120w\" sizes=\"auto, (max-width: 1080px) 100vw, 1080px\" \/><\/a><figcaption id=\"caption-attachment-31182\" class=\"wp-caption-text\">Une vue des participants \u00e0 la c\u00e9r\u00e9monie &#8211; Ph. DR<\/figcaption><\/figure>\n<p>\u00c0 cette occasion, la Direction g\u00e9n\u00e9rale du BBDA adresse ses chaleureuses f\u00e9licitations \u00e0 Jos\u00e9phine Tarnagda\/Bangr\u00e9 pour le travail accompli au cours de ces trois ann\u00e9es. Appel\u00e9e \u00e0 exercer de nouvelles responsabilit\u00e9s au sein de la maison BBDA, elle lui souhaite plein succ\u00e8s dans ses nouvelles fonctions.<\/p>\n<blockquote>\n<p>Lire aussi &gt;&gt;\u00a0<a href=\"https:\/\/www.latribunedufaso.net\/?p=29593\">Droit d\u2019auteur : Le BBDA renforce les capacit\u00e9s des journalistes pour une meilleure compr\u00e9hension des enjeux<\/a><\/p>\n<\/blockquote>\n<p>La Direction g\u00e9n\u00e9rale souhaite \u00e9galement plein succ\u00e8s \u00e0 Salifou Ou\u00e9draogo dans l\u2019exercice de ses nouvelles responsabilit\u00e9s et l\u2019assure de l\u2019accompagnement de l\u2019ensemble des collaborateurs pour la r\u00e9ussite de sa mission.<\/p>\n<p><strong>Latribunedufaso.net<\/strong><\/p>\n<p><strong>Source : SCP \/ BBDA<\/strong><\/p>\n<p><a href=\"https:\/\/www.latribunedufaso.net\/wp-content\/uploads\/2026\/08\/FB_IMG_1788169213087.jpg\"><img loading=\"lazy\" decoding=\"async\" class=\"aligncenter size-full wp-image-31181\" src=\"https:\/\/www.latribunedufaso.net\/wp-content\/uploads\/2026\/08\/FB_IMG_1788169213087.jpg\" alt=\"Le BBDA a proc\u00e9d\u00e9, le vendredi 28 ao\u00fbt 2026, \u00e0 la passation de charge entre la Personne Responsable de la Commande Publique (PRCP) sortante, Jos\u00e9phine Tarnagda\/Bangr\u00e9, et Salifou Ou\u00e9draogo, d\u00e9sormais appel\u00e9 \u00e0 assurer la conduite de cette fonction strat\u00e9gique\" width=\"1080\" height=\"613\" srcset=\"https:\/\/www.latribunedufaso.net\/wp-content\/uploads\/2026\/08\/FB_IMG_1788169213087.jpg 1080w, https:\/\/www.latribunedufaso.net\/wp-content\/uploads\/2026\/08\/FB_IMG_1788169213087-300x170.jpg 300w, https:\/\/www.latribunedufaso.net\/wp-content\/uploads\/2026\/08\/FB_IMG_1788169213087-1024x581.jpg 1024w, https:\/\/www.latribunedufaso.net\/wp-content\/uploads\/2026\/08\/FB_IMG_1788169213087-768x436.jpg 768w\" sizes=\"auto, (max-width: 1080px) 100vw, 1080px\" \/><\/a><\/p>\n","protected":false},"excerpt":{"rendered":"<p>Le Bureau Burkinab\u00e8 du Droit d\u2019Auteur (BBDA) a proc\u00e9d\u00e9, le vendredi 28 ao\u00fbt 2026, \u00e0 la passation de charge entre la Personne Responsable de la Commande Publique (PRCP) sortante, Jos\u00e9phine Tarnagda\/Bangr\u00e9, et Salifou Ou\u00e9draogo, d\u00e9sormais appel\u00e9 \u00e0 assurer la conduite de cette fonction strat\u00e9gique.<\/p>\n","protected":false},"author":5,"featured_media":31179,"comment_status":"open","ping_status":"open","sticky":false,"template":"","format":"standard","meta":{"footnotes":""},"categories":[13,1,30],"tags":[135,2167,39],"class_list":["post-31176","post","type-post","status-publish","format-standard","has-post-thumbnail","hentry","category-une","category-actu","category-art-et-culture","tag-bbda","tag-droit-dauteur","tag-latribunedufaso-net"],"yoast_head":"<!-- This site is optimized with the Yoast SEO plugin v28.3 - https:\/\/yoast.com\/product\/yoast-seo-wordpress\/ -->\n<title>Commande publique au BBDA : Une nouvelle impulsion sous la conduite de Salifou Ou\u00e9draogo\u00a0 - La Tribune du Faso<\/title>\n<meta name=\"robots\" content=\"index, follow, max-snippet:-1, max-image-preview:large, max-video-preview:-1\" \/>\n<link rel=\"canonical\" href=\"https:\/\/www.latribunedufaso.net\/?p=31176\" \/>\n<meta property=\"og:locale\" content=\"fr_FR\" \/>\n<meta property=\"og:type\" content=\"article\" \/>\n<meta property=\"og:title\" content=\"Commande publique au BBDA : Une nouvelle impulsion sous la conduite de Salifou Ou\u00e9draogo\u00a0 - La Tribune du Faso\" \/>\n<meta property=\"og:description\" content=\"Le Bureau Burkinab\u00e8 du Droit d\u2019Auteur (BBDA) a proc\u00e9d\u00e9, le vendredi 28 ao\u00fbt 2026, \u00e0 la passation de charge entre la Personne Responsable de la Commande Publique (PRCP) sortante, Jos\u00e9phine Tarnagda\/Bangr\u00e9, et Salifou Ou\u00e9draogo, d\u00e9sormais appel\u00e9 \u00e0 assurer la conduite de cette fonction strat\u00e9gique.\" \/>\n<meta property=\"og:url\" content=\"https:\/\/www.latribunedufaso.net\/?p=31176\" \/>\n<meta property=\"og:site_name\" content=\"La Tribune du Faso\" \/>\n<meta property=\"article:publisher\" content=\"https:\/\/www.facebook.com\/LatribuneduFaso\/\" \/>\n<meta property=\"article:published_time\" content=\"2026-08-30T09:49:54+00:00\" \/>\n<meta property=\"article:modified_time\" content=\"2026-08-31T09:51:34+00:00\" \/>\n<meta property=\"og:image\" content=\"https:\/\/www.latribunedufaso.net\/wp-content\/uploads\/2026\/08\/FB_IMG_1788169184589.jpg\" \/>\n\t<meta property=\"og:image:width\" content=\"1080\" \/>\n\t<meta property=\"og:image:height\" content=\"810\" \/>\n\t<meta property=\"og:image:type\" content=\"image\/jpeg\" \/>\n<meta name=\"author\" content=\"Issouf Tapsoba\" \/>\n<meta name=\"twitter:label1\" content=\"\u00c9crit par\" \/>\n\t<meta name=\"twitter:data1\" content=\"Issouf Tapsoba\" \/>\n\t<meta name=\"twitter:label2\" content=\"Dur\u00e9e de lecture estim\u00e9e\" \/>\n\t<meta name=\"twitter:data2\" content=\"3 minutes\" \/>\n<script type=\"application\/ld+json\" class=\"yoast-schema-graph\">{\"@context\":\"https:\\\/\\\/schema.org\",\"@graph\":[{\"@type\":\"Article\",\"@id\":\"https:\\\/\\\/www.latribunedufaso.net\\\/?p=31176#article\",\"isPartOf\":{\"@id\":\"https:\\\/\\\/www.latribunedufaso.net\\\/?p=31176\"},\"author\":{\"name\":\"Issouf Tapsoba\",\"@id\":\"https:\\\/\\\/www.latribunedufaso.net\\\/#\\\/schema\\\/person\\\/e54e64c5778a7e72cf80a318b7a622b0\"},\"headline\":\"Commande publique au BBDA : Une nouvelle impulsion sous la conduite de Salifou Ou\u00e9draogo\u00a0\",\"datePublished\":\"2026-08-30T09:49:54+00:00\",\"dateModified\":\"2026-08-31T09:51:34+00:00\",\"mainEntityOfPage\":{\"@id\":\"https:\\\/\\\/www.latribunedufaso.net\\\/?p=31176\"},\"wordCount\":482,\"commentCount\":0,\"publisher\":{\"@id\":\"https:\\\/\\\/www.latribunedufaso.net\\\/#organization\"},\"image\":{\"@id\":\"https:\\\/\\\/www.latribunedufaso.net\\\/?p=31176#primaryimage\"},\"thumbnailUrl\":\"https:\\\/\\\/www.latribunedufaso.net\\\/wp-content\\\/uploads\\\/2026\\\/08\\\/FB_IMG_1788169184589.jpg\",\"keywords\":[\"BBDA\",\"Droit d'auteur\",\"latribunedufaso.net\"],\"articleSection\":[\"A la une\",\"Actualit\u00e9\",\"Art et Culture\"],\"inLanguage\":\"fr-FR\",\"potentialAction\":[{\"@type\":\"CommentAction\",\"name\":\"Comment\",\"target\":[\"https:\\\/\\\/www.latribunedufaso.net\\\/?p=31176#respond\"]}]},{\"@type\":\"WebPage\",\"@id\":\"https:\\\/\\\/www.latribunedufaso.net\\\/?p=31176\",\"url\":\"https:\\\/\\\/www.latribunedufaso.net\\\/?p=31176\",\"name\":\"Commande publique au BBDA : Une nouvelle impulsion sous la conduite de Salifou Ou\u00e9draogo\u00a0 - La Tribune du Faso\",\"isPartOf\":{\"@id\":\"https:\\\/\\\/www.latribunedufaso.net\\\/#website\"},\"primaryImageOfPage\":{\"@id\":\"https:\\\/\\\/www.latribunedufaso.net\\\/?p=31176#primaryimage\"},\"image\":{\"@id\":\"https:\\\/\\\/www.latribunedufaso.net\\\/?p=31176#primaryimage\"},\"thumbnailUrl\":\"https:\\\/\\\/www.latribunedufaso.net\\\/wp-content\\\/uploads\\\/2026\\\/08\\\/FB_IMG_1788169184589.jpg\",\"datePublished\":\"2026-08-30T09:49:54+00:00\",\"dateModified\":\"2026-08-31T09:51:34+00:00\",\"breadcrumb\":{\"@id\":\"https:\\\/\\\/www.latribunedufaso.net\\\/?p=31176#breadcrumb\"},\"inLanguage\":\"fr-FR\",\"potentialAction\":[{\"@type\":\"ReadAction\",\"target\":[\"https:\\\/\\\/www.latribunedufaso.net\\\/?p=31176\"]}]},{\"@type\":\"ImageObject\",\"inLanguage\":\"fr-FR\",\"@id\":\"https:\\\/\\\/www.latribunedufaso.net\\\/?p=31176#primaryimage\",\"url\":\"https:\\\/\\\/www.latribunedufaso.net\\\/wp-content\\\/uploads\\\/2026\\\/08\\\/FB_IMG_1788169184589.jpg\",\"contentUrl\":\"https:\\\/\\\/www.latribunedufaso.net\\\/wp-content\\\/uploads\\\/2026\\\/08\\\/FB_IMG_1788169184589.jpg\",\"width\":1080,\"height\":810,\"caption\":\"Le BBDA a proc\u00e9d\u00e9, le vendredi 28 ao\u00fbt 2026, \u00e0 la passation de charge entre la Personne Responsable de la Commande Publique (PRCP) sortante, Jos\u00e9phine Tarnagda\\\/Bangr\u00e9, et Salifou Ou\u00e9draogo, d\u00e9sormais appel\u00e9 \u00e0 assurer la conduite de cette fonction strat\u00e9gique\"},{\"@type\":\"BreadcrumbList\",\"@id\":\"https:\\\/\\\/www.latribunedufaso.net\\\/?p=31176#breadcrumb\",\"itemListElement\":[{\"@type\":\"ListItem\",\"position\":1,\"name\":\"Accueil\",\"item\":\"https:\\\/\\\/www.latribunedufaso.net\\\/\"},{\"@type\":\"ListItem\",\"position\":2,\"name\":\"Commande publique au BBDA : Une nouvelle impulsion sous la conduite de Salifou Ou\u00e9draogo\u00a0\"}]},{\"@type\":\"WebSite\",\"@id\":\"https:\\\/\\\/www.latribunedufaso.net\\\/#website\",\"url\":\"https:\\\/\\\/www.latribunedufaso.net\\\/\",\"name\":\"La Tribune du Faso\",\"description\":\"L&#039;information du monde rural en un clic\",\"publisher\":{\"@id\":\"https:\\\/\\\/www.latribunedufaso.net\\\/#organization\"},\"potentialAction\":[{\"@type\":\"SearchAction\",\"target\":{\"@type\":\"EntryPoint\",\"urlTemplate\":\"https:\\\/\\\/www.latribunedufaso.net\\\/?s={search_term_string}\"},\"query-input\":{\"@type\":\"PropertyValueSpecification\",\"valueRequired\":true,\"valueName\":\"search_term_string\"}}],\"inLanguage\":\"fr-FR\"},{\"@type\":\"Organization\",\"@id\":\"https:\\\/\\\/www.latribunedufaso.net\\\/#organization\",\"name\":\"La Tribune du Faso\",\"url\":\"https:\\\/\\\/www.latribunedufaso.net\\\/\",\"logo\":{\"@type\":\"ImageObject\",\"inLanguage\":\"fr-FR\",\"@id\":\"https:\\\/\\\/www.latribunedufaso.net\\\/#\\\/schema\\\/logo\\\/image\\\/\",\"url\":\"https:\\\/\\\/www.latribunedufaso.net\\\/wp-content\\\/uploads\\\/2020\\\/08\\\/Logo-Tribune-du-Faso-final-scaled.jpg\",\"contentUrl\":\"https:\\\/\\\/www.latribunedufaso.net\\\/wp-content\\\/uploads\\\/2020\\\/08\\\/Logo-Tribune-du-Faso-final-scaled.jpg\",\"width\":2560,\"height\":1856,\"caption\":\"La Tribune du Faso\"},\"image\":{\"@id\":\"https:\\\/\\\/www.latribunedufaso.net\\\/#\\\/schema\\\/logo\\\/image\\\/\"},\"sameAs\":[\"https:\\\/\\\/www.facebook.com\\\/LatribuneduFaso\\\/\"]},{\"@type\":\"Person\",\"@id\":\"https:\\\/\\\/www.latribunedufaso.net\\\/#\\\/schema\\\/person\\\/e54e64c5778a7e72cf80a318b7a622b0\",\"name\":\"Issouf Tapsoba\",\"image\":{\"@type\":\"ImageObject\",\"inLanguage\":\"fr-FR\",\"@id\":\"https:\\\/\\\/secure.gravatar.com\\\/avatar\\\/5e6c05150ce3230247d167f5b94d678eb05936197436d69b7921e3a95c9107ac?s=96&d=mm&r=g\",\"url\":\"https:\\\/\\\/secure.gravatar.com\\\/avatar\\\/5e6c05150ce3230247d167f5b94d678eb05936197436d69b7921e3a95c9107ac?s=96&d=mm&r=g\",\"contentUrl\":\"https:\\\/\\\/secure.gravatar.com\\\/avatar\\\/5e6c05150ce3230247d167f5b94d678eb05936197436d69b7921e3a95c9107ac?s=96&d=mm&r=g\",\"caption\":\"Issouf Tapsoba\"},\"url\":\"https:\\\/\\\/www.latribunedufaso.net\\\/?author=5\"}]}<\/script>\n<!-- \/ Yoast SEO plugin. -->","yoast_head_json":{"title":"Commande publique au BBDA : Une nouvelle impulsion sous la conduite de Salifou Ou\u00e9draogo\u00a0 - La Tribune du Faso","robots":{"index":"index","follow":"follow","max-snippet":"max-snippet:-1","max-image-preview":"max-image-preview:large","max-video-preview":"max-video-preview:-1"},"canonical":"https:\/\/www.latribunedufaso.net\/?p=31176","og_locale":"fr_FR","og_type":"article","og_title":"Commande publique au BBDA : Une nouvelle impulsion sous la conduite de Salifou Ou\u00e9draogo\u00a0 - La Tribune du Faso","og_description":"Le Bureau Burkinab\u00e8 du Droit d\u2019Auteur (BBDA) a proc\u00e9d\u00e9, le vendredi 28 ao\u00fbt 2026, \u00e0 la passation de charge entre la Personne Responsable de la Commande Publique (PRCP) sortante, Jos\u00e9phine Tarnagda\/Bangr\u00e9, et Salifou Ou\u00e9draogo, d\u00e9sormais appel\u00e9 \u00e0 assurer la conduite de cette fonction strat\u00e9gique.","og_url":"https:\/\/www.latribunedufaso.net\/?p=31176","og_site_name":"La Tribune du Faso","article_publisher":"https:\/\/www.facebook.com\/LatribuneduFaso\/","article_published_time":"2026-08-30T09:49:54+00:00","article_modified_time":"2026-08-31T09:51:34+00:00","og_image":[{"width":1080,"height":810,"url":"https:\/\/www.latribunedufaso.net\/wp-content\/uploads\/2026\/08\/FB_IMG_1788169184589.jpg","type":"image\/jpeg"}],"author":"Issouf Tapsoba","twitter_misc":{"\u00c9crit par":"Issouf Tapsoba","Dur\u00e9e de lecture estim\u00e9e":"3 minutes"},"schema":{"@context":"https:\/\/schema.org","@graph":[{"@type":"Article","@id":"https:\/\/www.latribunedufaso.net\/?p=31176#article","isPartOf":{"@id":"https:\/\/www.latribunedufaso.net\/?p=31176"},"author":{"name":"Issouf Tapsoba","@id":"https:\/\/www.latribunedufaso.net\/#\/schema\/person\/e54e64c5778a7e72cf80a318b7a622b0"},"headline":"Commande publique au BBDA : Une nouvelle impulsion sous la conduite de Salifou Ou\u00e9draogo\u00a0","datePublished":"2026-08-30T09:49:54+00:00","dateModified":"2026-08-31T09:51:34+00:00","mainEntityOfPage":{"@id":"https:\/\/www.latribunedufaso.net\/?p=31176"},"wordCount":482,"commentCount":0,"publisher":{"@id":"https:\/\/www.latribunedufaso.net\/#organization"},"image":{"@id":"https:\/\/www.latribunedufaso.net\/?p=31176#primaryimage"},"thumbnailUrl":"https:\/\/www.latribunedufaso.net\/wp-content\/uploads\/2026\/08\/FB_IMG_1788169184589.jpg","keywords":["BBDA","Droit d'auteur","latribunedufaso.net"],"articleSection":["A la une","Actualit\u00e9","Art et Culture"],"inLanguage":"fr-FR","potentialAction":[{"@type":"CommentAction","name":"Comment","target":["https:\/\/www.latribunedufaso.net\/?p=31176#respond"]}]},{"@type":"WebPage","@id":"https:\/\/www.latribunedufaso.net\/?p=31176","url":"https:\/\/www.latribunedufaso.net\/?p=31176","name":"Commande publique au BBDA : Une nouvelle impulsion sous la conduite de Salifou Ou\u00e9draogo\u00a0 - La Tribune du Faso","isPartOf":{"@id":"https:\/\/www.latribunedufaso.net\/#website"},"primaryImageOfPage":{"@id":"https:\/\/www.latribunedufaso.net\/?p=31176#primaryimage"},"image":{"@id":"https:\/\/www.latribunedufaso.net\/?p=31176#primaryimage"},"thumbnailUrl":"https:\/\/www.latribunedufaso.net\/wp-content\/uploads\/2026\/08\/FB_IMG_1788169184589.jpg","datePublished":"2026-08-30T09:49:54+00:00","dateModified":"2026-08-31T09:51:34+00:00","breadcrumb":{"@id":"https:\/\/www.latribunedufaso.net\/?p=31176#breadcrumb"},"inLanguage":"fr-FR","potentialAction":[{"@type":"ReadAction","target":["https:\/\/www.latribunedufaso.net\/?p=31176"]}]},{"@type":"ImageObject","inLanguage":"fr-FR","@id":"https:\/\/www.latribunedufaso.net\/?p=31176#primaryimage","url":"https:\/\/www.latribunedufaso.net\/wp-content\/uploads\/2026\/08\/FB_IMG_1788169184589.jpg","contentUrl":"https:\/\/www.latribunedufaso.net\/wp-content\/uploads\/2026\/08\/FB_IMG_1788169184589.jpg","width":1080,"height":810,"caption":"Le BBDA a proc\u00e9d\u00e9, le vendredi 28 ao\u00fbt 2026, \u00e0 la passation de charge entre la Personne Responsable de la Commande Publique (PRCP) sortante, Jos\u00e9phine Tarnagda\/Bangr\u00e9, et Salifou Ou\u00e9draogo, d\u00e9sormais appel\u00e9 \u00e0 assurer la conduite de cette fonction strat\u00e9gique"},{"@type":"BreadcrumbList","@id":"https:\/\/www.latribunedufaso.net\/?p=31176#breadcrumb","itemListElement":[{"@type":"ListItem","position":1,"name":"Accueil","item":"https:\/\/www.latribunedufaso.net\/"},{"@type":"ListItem","position":2,"name":"Commande publique au BBDA : Une nouvelle impulsion sous la conduite de Salifou Ou\u00e9draogo\u00a0"}]},{"@type":"WebSite","@id":"https:\/\/www.latribunedufaso.net\/#website","url":"https:\/\/www.latribunedufaso.net\/","name":"La Tribune du Faso","description":"L&#039;information du monde rural en un clic","publisher":{"@id":"https:\/\/www.latribunedufaso.net\/#organization"},"potentialAction":[{"@type":"SearchAction","target":{"@type":"EntryPoint","urlTemplate":"https:\/\/www.latribunedufaso.net\/?s={search_term_string}"},"query-input":{"@type":"PropertyValueSpecification","valueRequired":true,"valueName":"search_term_string"}}],"inLanguage":"fr-FR"},{"@type":"Organization","@id":"https:\/\/www.latribunedufaso.net\/#organization","name":"La Tribune du Faso","url":"https:\/\/www.latribunedufaso.net\/","logo":{"@type":"ImageObject","inLanguage":"fr-FR","@id":"https:\/\/www.latribunedufaso.net\/#\/schema\/logo\/image\/","url":"https:\/\/www.latribunedufaso.net\/wp-content\/uploads\/2020\/08\/Logo-Tribune-du-Faso-final-scaled.jpg","contentUrl":"https:\/\/www.latribunedufaso.net\/wp-content\/uploads\/2020\/08\/Logo-Tribune-du-Faso-final-scaled.jpg","width":2560,"height":1856,"caption":"La Tribune du Faso"},"image":{"@id":"https:\/\/www.latribunedufaso.net\/#\/schema\/logo\/image\/"},"sameAs":["https:\/\/www.facebook.com\/LatribuneduFaso\/"]},{"@type":"Person","@id":"https:\/\/www.latribunedufaso.net\/#\/schema\/person\/e54e64c5778a7e72cf80a318b7a622b0","name":"Issouf Tapsoba","image":{"@type":"ImageObject","inLanguage":"fr-FR","@id":"https:\/\/secure.gravatar.com\/avatar\/5e6c05150ce3230247d167f5b94d678eb05936197436d69b7921e3a95c9107ac?s=96&d=mm&r=g","url":"https:\/\/secure.gravatar.com\/avatar\/5e6c05150ce3230247d167f5b94d678eb05936197436d69b7921e3a95c9107ac?s=96&d=mm&r=g","contentUrl":"https:\/\/secure.gravatar.com\/avatar\/5e6c05150ce3230247d167f5b94d678eb05936197436d69b7921e3a95c9107ac?s=96&d=mm&r=g","caption":"Issouf Tapsoba"},"url":"https:\/\/www.latribunedufaso.net\/?author=5"}]}},"_links":{"self":[{"href":"https:\/\/www.latribunedufaso.net\/index.php?rest_route=\/wp\/v2\/posts\/31176","targetHints":{"allow":["GET"]}}],"collection":[{"href":"https:\/\/www.latribunedufaso.net\/index.php?rest_route=\/wp\/v2\/posts"}],"about":[{"href":"https:\/\/www.latribunedufaso.net\/index.php?rest_route=\/wp\/v2\/types\/post"}],"author":[{"embeddable":true,"href":"https:\/\/www.latribunedufaso.net\/index.php?rest_route=\/wp\/v2\/users\/5"}],"replies":[{"embeddable":true,"href":"https:\/\/www.latribunedufaso.net\/index.php?rest_route=%2Fwp%2Fv2%2Fcomments&post=31176"}],"version-history":[{"count":3,"href":"https:\/\/www.latribunedufaso.net\/index.php?rest_route=\/wp\/v2\/posts\/31176\/revisions"}],"predecessor-version":[{"id":31183,"href":"https:\/\/www.latribunedufaso.net\/index.php?rest_route=\/wp\/v2\/posts\/31176\/revisions\/31183"}],"wp:featuredmedia":[{"embeddable":true,"href":"https:\/\/www.latribunedufaso.net\/index.php?rest_route=\/wp\/v2\/media\/31179"}],"wp:attachment":[{"href":"https:\/\/www.latribunedufaso.net\/index.php?rest_route=%2Fwp%2Fv2%2Fmedia&parent=31176"}],"wp:term":[{"taxonomy":"category","embeddable":true,"href":"https:\/\/www.latribunedufaso.net\/index.php?rest_route=%2Fwp%2Fv2%2Fcategories&post=31176"},{"taxonomy":"post_tag","embeddable":true,"href":"https:\/\/www.latribunedufaso.net\/index.php?rest_route=%2Fwp%2Fv2%2Ftags&post=31176"}],"curies":[{"name":"wp","href":"https:\/\/api.w.org\/{rel}","templated":true}]}}