{"id":3112,"date":"2021-04-23T16:53:55","date_gmt":"2021-04-23T16:53:55","guid":{"rendered":"https:\/\/www.latribunedufaso.net\/?p=3112"},"modified":"2021-04-24T16:59:59","modified_gmt":"2021-04-24T16:59:59","slug":"trafic-denfants-au-burkina-25-mineurs-interceptes-et-remis-a-leur-famille","status":"publish","type":"post","link":"https:\/\/www.latribunedufaso.net\/?p=3112","title":{"rendered":"Trafic d\u2019enfants\u00a0au Burkina : 25 mineurs intercept\u00e9s et remis \u00e0 leur famille"},"content":{"rendered":"<p><strong><span style=\"font-size: 1.0625rem;\">Intercept\u00e9s le 6 avril 2021 par la Brigade r\u00e9gionale de protection de l\u2019enfant du Centre, 25 mineurs ont \u00e9t\u00e9 remis \u00e0 leur famille respective ce jeudi 22 avril 2021, au centre de Somgand\u00e9 \u00e0 Ouagadougou. Une conf\u00e9rence de presse, anim\u00e9e par la ministre en charge de la famille, Laurence Ilboudo\/ Marchal, a \u00e9t\u00e9 organis\u00e9e \u00e0 cet effet. Au cours de ladite conf\u00e9rence, la ministre a invit\u00e9 les parents \u00e0 bien prendre soin de leur prog\u00e9niture afin d\u2019\u00e9viter de telles situations.<\/span><\/strong><br \/>\n<!--more--><\/p>\n<p><a href=\"https:\/\/latribunedufaso.net\/wp-content\/uploads\/2021\/04\/IMG-20210422-WA0009.jpg\"><img loading=\"lazy\" decoding=\"async\" class=\"size-medium wp-image-3114 aligncenter\" src=\"https:\/\/latribunedufaso.net\/wp-content\/uploads\/2021\/04\/IMG-20210422-WA0009-300x135.jpg\" alt=\"\" width=\"300\" height=\"135\" srcset=\"https:\/\/www.latribunedufaso.net\/wp-content\/uploads\/2021\/04\/IMG-20210422-WA0009-300x135.jpg 300w, https:\/\/www.latribunedufaso.net\/wp-content\/uploads\/2021\/04\/IMG-20210422-WA0009-1024x461.jpg 1024w, https:\/\/www.latribunedufaso.net\/wp-content\/uploads\/2021\/04\/IMG-20210422-WA0009-768x346.jpg 768w, https:\/\/www.latribunedufaso.net\/wp-content\/uploads\/2021\/04\/IMG-20210422-WA0009.jpg 1040w\" sizes=\"auto, (max-width: 300px) 100vw, 300px\" \/><\/a> Ce sont 25 enfants talib\u00e9s provenant tous de la province du Baz\u00e9ga et ayant entre 10 et 14 ans, qui ont \u00e9t\u00e9 intercept\u00e9s par la Brigade r\u00e9gionale de protection de l\u2019enfant du Centre. Ils avaient, des dires de la ministre de la femme de la solidarit\u00e9 nationale, de la famille et de l\u2019action humanitaire Laurence Ilboudo\/ Marchal, quitt\u00e9 Kombissiri et \u00e9taient en partance pour Natiaboani \u00e0 Fada N\u2019Gourma. \u00ab\u00a0Ils \u00e9taient cach\u00e9s dans un camion qui transportait des vivres\u00a0\u00bb, a-t-elle pr\u00e9cis\u00e9.<\/p>\n<p>De mani\u00e8re g\u00e9n\u00e9rale, et s\u2019appuyant sur les chiffres de son d\u00e9partement, elle fait savoir que la mobilit\u00e9 \u00e0 risque des enfants est en croissance. \u00ab\u00a0Au cours de l\u2019ann\u00e9e 2020 dans notre pays, 1 262 enfants ont \u00e9t\u00e9 intercept\u00e9s dont 812 \u00e0 l\u2019int\u00e9rieur du pays et 450 hors du Burkina Faso. Ces 1 262 enfants \u00e9taient constitu\u00e9s de 645 filles et de 617 gar\u00e7ons. Du 1er janvier au 6 avril 2021, 101 enfants ont d\u00e9j\u00e0 \u00e9t\u00e9 intercept\u00e9s aux entr\u00e9es de la ville de Ouagadougou.\u00a0\u00bb, a-t-elle mentionn\u00e9.<\/p>\n<p>Selon le premier responsable du d\u00e9partement de la femme, de la famille, la pauvret\u00e9 et le d\u00e9sir d\u2019une vie meilleure\u00a0; les violences ou maltraitances qui conduisent \u00e0 des fugues\u00a0; les ruptures de liens familiaux qui entrainent un manque de surveillances des enfants\u00a0; le manque d\u2019acc\u00e8s \u00e0 l\u2019\u00e9ducation et la forte demande de main d\u2019\u0153uvres enfantine bon march\u00e9 surtout dans les champs de coton, les plantations de caf\u00e9-cacao et les sites artisanaux d\u2019exploitation de l\u2019or sont entre autres les causes de ce ph\u00e9nom\u00e8ne. Les traumatismes\u00a0; des difficult\u00e9s d\u2019insertion sociale ult\u00e9rieures\u00a0; du durcissement du caract\u00e8re et de l\u2019agressivit\u00e9\u00a0et l\u2019amour du gain facile sont des cons\u00e9quences \u00e0 mettre au compte de ce ph\u00e9nom\u00e8ne de mobilit\u00e9 \u00e0 risque des enfants.<\/p>\n<p>Au vu de ses multiples cons\u00e9quences, la ministre de la femme a invit\u00e9 les parents \u00e0 s\u2019impliquer davantage dans l\u2019\u00e9ducation de leurs enfants. \u00ab\u00a0Au regard des cons\u00e9quences de la mobilit\u00e9 \u00e0 risque et de la traite, je voudrais inviter chaque parent \u00e0 accorder plus d\u2019attention \u00e0 ses enfants surtout aux adolescents.\u00a0\u00bb, a-t-elle dit. Elle renseigne que le gouvernement par le biais de son d\u00e9partement entreprend des actions dont la sensibilisation des populations des localit\u00e9s de d\u00e9part des enfants sur les cons\u00e9quences de la traite et de la mobilit\u00e9 \u00e0 risque\u00a0; l\u2019interception et la prise en charge d\u2019urgence des victimes en collaboration avec le minist\u00e8re de la s\u00e9curit\u00e9\u00a0; le retour en famille des enfants et l\u2019accompagnement adapt\u00e9 selon les besoins de chaque enfants pour contrer ce ph\u00e9nom\u00e8ne tant croissant au vu des statistiques.<\/p>\n<p>Pour que les parents suivent les indications du minist\u00e8re de la femme de la solidarit\u00e9 nationale, de la famille et de l\u2019action humanitaire, ils ont paraph\u00e9 des fiches d\u2019engagement aupr\u00e8s de l\u2019autorit\u00e9 comp\u00e9tente, a fait savoir Laurence Ilboudo\/Marchal. \u00ab\u00a0Nous avons pris des pr\u00e9cautions pour que cela ne se reproduisent pas. Nous avons donn\u00e9 des fiches d\u2019engagement, nous avons les forces de l\u2019ordre \u00e0 nos c\u00f4t\u00e9s. Ces enfants sont fich\u00e9s chez nous et ils seront pris en charges par la direction provinciale de Kombissiri pour que nous puissions rester en contact avec ses enfants\u00a0\u00bb, a-t-elle rassur\u00e9.<\/p>\n<p><strong>Tiba Kassamse Ou\u00e9draogo <\/strong><br \/>\n<strong>Latribunedufaso.net<\/strong><\/p>\n","protected":false},"excerpt":{"rendered":"<p>Intercept\u00e9s le 6 avril 2021 par la Brigade r\u00e9gionale de protection de l\u2019enfant du Centre, 25 mineurs ont \u00e9t\u00e9 remis \u00e0 leur famille respective ce jeudi 22 avril 2021, au centre de Somgand\u00e9 \u00e0 Ouagadougou. Une conf\u00e9rence de presse, anim\u00e9e par la ministre en charge de la famille, Laurence Ilboudo\/ Marchal, a \u00e9t\u00e9 organis\u00e9e \u00e0 cet effet. Au cours de ladite conf\u00e9rence, la ministre a invit\u00e9 les parents \u00e0 bien prendre soin de leur prog\u00e9niture afin d\u2019\u00e9viter de telles situations.<\/p>\n","protected":false},"author":2,"featured_media":3115,"comment_status":"open","ping_status":"open","sticky":false,"template":"","format":"standard","meta":{"footnotes":""},"categories":[13,1,8],"tags":[],"class_list":["post-3112","post","type-post","status-publish","format-standard","has-post-thumbnail","hentry","category-une","category-actu","category-societe"],"yoast_head":"<!-- This site is optimized with the Yoast SEO plugin v27.5 - https:\/\/yoast.com\/product\/yoast-seo-wordpress\/ -->\n<title>Trafic d\u2019enfants\u00a0au Burkina : 25 mineurs intercept\u00e9s et remis \u00e0 leur famille - La Tribune du Faso<\/title>\n<meta name=\"robots\" content=\"index, follow, max-snippet:-1, max-image-preview:large, max-video-preview:-1\" \/>\n<link rel=\"canonical\" href=\"https:\/\/www.latribunedufaso.net\/?p=3112\" \/>\n<meta property=\"og:locale\" content=\"fr_FR\" \/>\n<meta property=\"og:type\" content=\"article\" \/>\n<meta property=\"og:title\" content=\"Trafic d\u2019enfants\u00a0au Burkina : 25 mineurs intercept\u00e9s et remis \u00e0 leur famille - La Tribune du Faso\" \/>\n<meta property=\"og:description\" content=\"Intercept\u00e9s le 6 avril 2021 par la Brigade r\u00e9gionale de protection de l\u2019enfant du Centre, 25 mineurs ont \u00e9t\u00e9 remis \u00e0 leur famille respective ce jeudi 22 avril 2021, au centre de Somgand\u00e9 \u00e0 Ouagadougou. Une conf\u00e9rence de presse, anim\u00e9e par la ministre en charge de la famille, Laurence Ilboudo\/ Marchal, a \u00e9t\u00e9 organis\u00e9e \u00e0 cet effet. Au cours de ladite conf\u00e9rence, la ministre a invit\u00e9 les parents \u00e0 bien prendre soin de leur prog\u00e9niture afin d\u2019\u00e9viter de telles situations.\" \/>\n<meta property=\"og:url\" content=\"https:\/\/www.latribunedufaso.net\/?p=3112\" \/>\n<meta property=\"og:site_name\" content=\"La Tribune du Faso\" \/>\n<meta property=\"article:publisher\" content=\"https:\/\/www.facebook.com\/LatribuneduFaso\/\" \/>\n<meta property=\"article:published_time\" content=\"2021-04-23T16:53:55+00:00\" \/>\n<meta property=\"article:modified_time\" content=\"2021-04-24T16:59:59+00:00\" \/>\n<meta property=\"og:image\" content=\"https:\/\/latribunedufaso.net\/wp-content\/uploads\/2021\/04\/IMG-20210422-WA0011.jpg\" \/>\n\t<meta property=\"og:image:width\" content=\"1040\" \/>\n\t<meta property=\"og:image:height\" content=\"468\" \/>\n\t<meta property=\"og:image:type\" content=\"image\/jpeg\" \/>\n<meta name=\"author\" content=\"Administrateur\" \/>\n<meta name=\"twitter:label1\" content=\"\u00c9crit par\" \/>\n\t<meta name=\"twitter:data1\" content=\"Administrateur\" \/>\n\t<meta name=\"twitter:label2\" content=\"Dur\u00e9e de lecture estim\u00e9e\" \/>\n\t<meta name=\"twitter:data2\" content=\"3 minutes\" \/>\n<script type=\"application\/ld+json\" class=\"yoast-schema-graph\">{\"@context\":\"https:\\\/\\\/schema.org\",\"@graph\":[{\"@type\":\"Article\",\"@id\":\"https:\\\/\\\/www.latribunedufaso.net\\\/?p=3112#article\",\"isPartOf\":{\"@id\":\"https:\\\/\\\/www.latribunedufaso.net\\\/?p=3112\"},\"author\":{\"name\":\"Administrateur\",\"@id\":\"https:\\\/\\\/www.latribunedufaso.net\\\/#\\\/schema\\\/person\\\/a380782d0605bb8aae27c40ea93b35b1\"},\"headline\":\"Trafic d\u2019enfants\u00a0au Burkina : 25 mineurs intercept\u00e9s et remis \u00e0 leur famille\",\"datePublished\":\"2021-04-23T16:53:55+00:00\",\"dateModified\":\"2021-04-24T16:59:59+00:00\",\"mainEntityOfPage\":{\"@id\":\"https:\\\/\\\/www.latribunedufaso.net\\\/?p=3112\"},\"wordCount\":653,\"commentCount\":0,\"publisher\":{\"@id\":\"https:\\\/\\\/www.latribunedufaso.net\\\/#organization\"},\"image\":{\"@id\":\"https:\\\/\\\/www.latribunedufaso.net\\\/?p=3112#primaryimage\"},\"thumbnailUrl\":\"https:\\\/\\\/www.latribunedufaso.net\\\/wp-content\\\/uploads\\\/2021\\\/04\\\/IMG-20210422-WA0011.jpg\",\"articleSection\":[\"A la une\",\"Actualit\u00e9\",\"Soci\u00e9t\u00e9\"],\"inLanguage\":\"fr-FR\",\"potentialAction\":[{\"@type\":\"CommentAction\",\"name\":\"Comment\",\"target\":[\"https:\\\/\\\/www.latribunedufaso.net\\\/?p=3112#respond\"]}]},{\"@type\":\"WebPage\",\"@id\":\"https:\\\/\\\/www.latribunedufaso.net\\\/?p=3112\",\"url\":\"https:\\\/\\\/www.latribunedufaso.net\\\/?p=3112\",\"name\":\"Trafic d\u2019enfants\u00a0au Burkina : 25 mineurs intercept\u00e9s et remis \u00e0 leur famille - La Tribune du Faso\",\"isPartOf\":{\"@id\":\"https:\\\/\\\/www.latribunedufaso.net\\\/#website\"},\"primaryImageOfPage\":{\"@id\":\"https:\\\/\\\/www.latribunedufaso.net\\\/?p=3112#primaryimage\"},\"image\":{\"@id\":\"https:\\\/\\\/www.latribunedufaso.net\\\/?p=3112#primaryimage\"},\"thumbnailUrl\":\"https:\\\/\\\/www.latribunedufaso.net\\\/wp-content\\\/uploads\\\/2021\\\/04\\\/IMG-20210422-WA0011.jpg\",\"datePublished\":\"2021-04-23T16:53:55+00:00\",\"dateModified\":\"2021-04-24T16:59:59+00:00\",\"breadcrumb\":{\"@id\":\"https:\\\/\\\/www.latribunedufaso.net\\\/?p=3112#breadcrumb\"},\"inLanguage\":\"fr-FR\",\"potentialAction\":[{\"@type\":\"ReadAction\",\"target\":[\"https:\\\/\\\/www.latribunedufaso.net\\\/?p=3112\"]}]},{\"@type\":\"ImageObject\",\"inLanguage\":\"fr-FR\",\"@id\":\"https:\\\/\\\/www.latribunedufaso.net\\\/?p=3112#primaryimage\",\"url\":\"https:\\\/\\\/www.latribunedufaso.net\\\/wp-content\\\/uploads\\\/2021\\\/04\\\/IMG-20210422-WA0011.jpg\",\"contentUrl\":\"https:\\\/\\\/www.latribunedufaso.net\\\/wp-content\\\/uploads\\\/2021\\\/04\\\/IMG-20210422-WA0011.jpg\",\"width\":1040,\"height\":468},{\"@type\":\"BreadcrumbList\",\"@id\":\"https:\\\/\\\/www.latribunedufaso.net\\\/?p=3112#breadcrumb\",\"itemListElement\":[{\"@type\":\"ListItem\",\"position\":1,\"name\":\"Accueil\",\"item\":\"https:\\\/\\\/www.latribunedufaso.net\\\/\"},{\"@type\":\"ListItem\",\"position\":2,\"name\":\"Trafic d\u2019enfants\u00a0au Burkina : 25 mineurs intercept\u00e9s et remis \u00e0 leur famille\"}]},{\"@type\":\"WebSite\",\"@id\":\"https:\\\/\\\/www.latribunedufaso.net\\\/#website\",\"url\":\"https:\\\/\\\/www.latribunedufaso.net\\\/\",\"name\":\"La Tribune du Faso\",\"description\":\"L&#039;information du monde rural en un clic\",\"publisher\":{\"@id\":\"https:\\\/\\\/www.latribunedufaso.net\\\/#organization\"},\"potentialAction\":[{\"@type\":\"SearchAction\",\"target\":{\"@type\":\"EntryPoint\",\"urlTemplate\":\"https:\\\/\\\/www.latribunedufaso.net\\\/?s={search_term_string}\"},\"query-input\":{\"@type\":\"PropertyValueSpecification\",\"valueRequired\":true,\"valueName\":\"search_term_string\"}}],\"inLanguage\":\"fr-FR\"},{\"@type\":\"Organization\",\"@id\":\"https:\\\/\\\/www.latribunedufaso.net\\\/#organization\",\"name\":\"La Tribune du Faso\",\"url\":\"https:\\\/\\\/www.latribunedufaso.net\\\/\",\"logo\":{\"@type\":\"ImageObject\",\"inLanguage\":\"fr-FR\",\"@id\":\"https:\\\/\\\/www.latribunedufaso.net\\\/#\\\/schema\\\/logo\\\/image\\\/\",\"url\":\"https:\\\/\\\/www.latribunedufaso.net\\\/wp-content\\\/uploads\\\/2020\\\/08\\\/Logo-Tribune-du-Faso-final-scaled.jpg\",\"contentUrl\":\"https:\\\/\\\/www.latribunedufaso.net\\\/wp-content\\\/uploads\\\/2020\\\/08\\\/Logo-Tribune-du-Faso-final-scaled.jpg\",\"width\":2560,\"height\":1856,\"caption\":\"La Tribune du Faso\"},\"image\":{\"@id\":\"https:\\\/\\\/www.latribunedufaso.net\\\/#\\\/schema\\\/logo\\\/image\\\/\"},\"sameAs\":[\"https:\\\/\\\/www.facebook.com\\\/LatribuneduFaso\\\/\"]},{\"@type\":\"Person\",\"@id\":\"https:\\\/\\\/www.latribunedufaso.net\\\/#\\\/schema\\\/person\\\/a380782d0605bb8aae27c40ea93b35b1\",\"name\":\"Administrateur\",\"image\":{\"@type\":\"ImageObject\",\"inLanguage\":\"fr-FR\",\"@id\":\"https:\\\/\\\/secure.gravatar.com\\\/avatar\\\/e20266f97d741f0e80ba1f60283074a9b3317fd7bfb727e0d95b51dafbf854a1?s=96&d=mm&r=g\",\"url\":\"https:\\\/\\\/secure.gravatar.com\\\/avatar\\\/e20266f97d741f0e80ba1f60283074a9b3317fd7bfb727e0d95b51dafbf854a1?s=96&d=mm&r=g\",\"contentUrl\":\"https:\\\/\\\/secure.gravatar.com\\\/avatar\\\/e20266f97d741f0e80ba1f60283074a9b3317fd7bfb727e0d95b51dafbf854a1?s=96&d=mm&r=g\",\"caption\":\"Administrateur\"},\"url\":\"https:\\\/\\\/www.latribunedufaso.net\\\/?author=2\"}]}<\/script>\n<!-- \/ Yoast SEO plugin. -->","yoast_head_json":{"title":"Trafic d\u2019enfants\u00a0au Burkina : 25 mineurs intercept\u00e9s et remis \u00e0 leur famille - La Tribune du Faso","robots":{"index":"index","follow":"follow","max-snippet":"max-snippet:-1","max-image-preview":"max-image-preview:large","max-video-preview":"max-video-preview:-1"},"canonical":"https:\/\/www.latribunedufaso.net\/?p=3112","og_locale":"fr_FR","og_type":"article","og_title":"Trafic d\u2019enfants\u00a0au Burkina : 25 mineurs intercept\u00e9s et remis \u00e0 leur famille - La Tribune du Faso","og_description":"Intercept\u00e9s le 6 avril 2021 par la Brigade r\u00e9gionale de protection de l\u2019enfant du Centre, 25 mineurs ont \u00e9t\u00e9 remis \u00e0 leur famille respective ce jeudi 22 avril 2021, au centre de Somgand\u00e9 \u00e0 Ouagadougou. Une conf\u00e9rence de presse, anim\u00e9e par la ministre en charge de la famille, Laurence Ilboudo\/ Marchal, a \u00e9t\u00e9 organis\u00e9e \u00e0 cet effet. Au cours de ladite conf\u00e9rence, la ministre a invit\u00e9 les parents \u00e0 bien prendre soin de leur prog\u00e9niture afin d\u2019\u00e9viter de telles situations.","og_url":"https:\/\/www.latribunedufaso.net\/?p=3112","og_site_name":"La Tribune du Faso","article_publisher":"https:\/\/www.facebook.com\/LatribuneduFaso\/","article_published_time":"2021-04-23T16:53:55+00:00","article_modified_time":"2021-04-24T16:59:59+00:00","og_image":[{"width":1040,"height":468,"url":"https:\/\/latribunedufaso.net\/wp-content\/uploads\/2021\/04\/IMG-20210422-WA0011.jpg","type":"image\/jpeg"}],"author":"Administrateur","twitter_misc":{"\u00c9crit par":"Administrateur","Dur\u00e9e de lecture estim\u00e9e":"3 minutes"},"schema":{"@context":"https:\/\/schema.org","@graph":[{"@type":"Article","@id":"https:\/\/www.latribunedufaso.net\/?p=3112#article","isPartOf":{"@id":"https:\/\/www.latribunedufaso.net\/?p=3112"},"author":{"name":"Administrateur","@id":"https:\/\/www.latribunedufaso.net\/#\/schema\/person\/a380782d0605bb8aae27c40ea93b35b1"},"headline":"Trafic d\u2019enfants\u00a0au Burkina : 25 mineurs intercept\u00e9s et remis \u00e0 leur famille","datePublished":"2021-04-23T16:53:55+00:00","dateModified":"2021-04-24T16:59:59+00:00","mainEntityOfPage":{"@id":"https:\/\/www.latribunedufaso.net\/?p=3112"},"wordCount":653,"commentCount":0,"publisher":{"@id":"https:\/\/www.latribunedufaso.net\/#organization"},"image":{"@id":"https:\/\/www.latribunedufaso.net\/?p=3112#primaryimage"},"thumbnailUrl":"https:\/\/www.latribunedufaso.net\/wp-content\/uploads\/2021\/04\/IMG-20210422-WA0011.jpg","articleSection":["A la une","Actualit\u00e9","Soci\u00e9t\u00e9"],"inLanguage":"fr-FR","potentialAction":[{"@type":"CommentAction","name":"Comment","target":["https:\/\/www.latribunedufaso.net\/?p=3112#respond"]}]},{"@type":"WebPage","@id":"https:\/\/www.latribunedufaso.net\/?p=3112","url":"https:\/\/www.latribunedufaso.net\/?p=3112","name":"Trafic d\u2019enfants\u00a0au Burkina : 25 mineurs intercept\u00e9s et remis \u00e0 leur famille - La Tribune du Faso","isPartOf":{"@id":"https:\/\/www.latribunedufaso.net\/#website"},"primaryImageOfPage":{"@id":"https:\/\/www.latribunedufaso.net\/?p=3112#primaryimage"},"image":{"@id":"https:\/\/www.latribunedufaso.net\/?p=3112#primaryimage"},"thumbnailUrl":"https:\/\/www.latribunedufaso.net\/wp-content\/uploads\/2021\/04\/IMG-20210422-WA0011.jpg","datePublished":"2021-04-23T16:53:55+00:00","dateModified":"2021-04-24T16:59:59+00:00","breadcrumb":{"@id":"https:\/\/www.latribunedufaso.net\/?p=3112#breadcrumb"},"inLanguage":"fr-FR","potentialAction":[{"@type":"ReadAction","target":["https:\/\/www.latribunedufaso.net\/?p=3112"]}]},{"@type":"ImageObject","inLanguage":"fr-FR","@id":"https:\/\/www.latribunedufaso.net\/?p=3112#primaryimage","url":"https:\/\/www.latribunedufaso.net\/wp-content\/uploads\/2021\/04\/IMG-20210422-WA0011.jpg","contentUrl":"https:\/\/www.latribunedufaso.net\/wp-content\/uploads\/2021\/04\/IMG-20210422-WA0011.jpg","width":1040,"height":468},{"@type":"BreadcrumbList","@id":"https:\/\/www.latribunedufaso.net\/?p=3112#breadcrumb","itemListElement":[{"@type":"ListItem","position":1,"name":"Accueil","item":"https:\/\/www.latribunedufaso.net\/"},{"@type":"ListItem","position":2,"name":"Trafic d\u2019enfants\u00a0au Burkina : 25 mineurs intercept\u00e9s et remis \u00e0 leur famille"}]},{"@type":"WebSite","@id":"https:\/\/www.latribunedufaso.net\/#website","url":"https:\/\/www.latribunedufaso.net\/","name":"La Tribune du Faso","description":"L&#039;information du monde rural en un clic","publisher":{"@id":"https:\/\/www.latribunedufaso.net\/#organization"},"potentialAction":[{"@type":"SearchAction","target":{"@type":"EntryPoint","urlTemplate":"https:\/\/www.latribunedufaso.net\/?s={search_term_string}"},"query-input":{"@type":"PropertyValueSpecification","valueRequired":true,"valueName":"search_term_string"}}],"inLanguage":"fr-FR"},{"@type":"Organization","@id":"https:\/\/www.latribunedufaso.net\/#organization","name":"La Tribune du Faso","url":"https:\/\/www.latribunedufaso.net\/","logo":{"@type":"ImageObject","inLanguage":"fr-FR","@id":"https:\/\/www.latribunedufaso.net\/#\/schema\/logo\/image\/","url":"https:\/\/www.latribunedufaso.net\/wp-content\/uploads\/2020\/08\/Logo-Tribune-du-Faso-final-scaled.jpg","contentUrl":"https:\/\/www.latribunedufaso.net\/wp-content\/uploads\/2020\/08\/Logo-Tribune-du-Faso-final-scaled.jpg","width":2560,"height":1856,"caption":"La Tribune du Faso"},"image":{"@id":"https:\/\/www.latribunedufaso.net\/#\/schema\/logo\/image\/"},"sameAs":["https:\/\/www.facebook.com\/LatribuneduFaso\/"]},{"@type":"Person","@id":"https:\/\/www.latribunedufaso.net\/#\/schema\/person\/a380782d0605bb8aae27c40ea93b35b1","name":"Administrateur","image":{"@type":"ImageObject","inLanguage":"fr-FR","@id":"https:\/\/secure.gravatar.com\/avatar\/e20266f97d741f0e80ba1f60283074a9b3317fd7bfb727e0d95b51dafbf854a1?s=96&d=mm&r=g","url":"https:\/\/secure.gravatar.com\/avatar\/e20266f97d741f0e80ba1f60283074a9b3317fd7bfb727e0d95b51dafbf854a1?s=96&d=mm&r=g","contentUrl":"https:\/\/secure.gravatar.com\/avatar\/e20266f97d741f0e80ba1f60283074a9b3317fd7bfb727e0d95b51dafbf854a1?s=96&d=mm&r=g","caption":"Administrateur"},"url":"https:\/\/www.latribunedufaso.net\/?author=2"}]}},"_links":{"self":[{"href":"https:\/\/www.latribunedufaso.net\/index.php?rest_route=\/wp\/v2\/posts\/3112","targetHints":{"allow":["GET"]}}],"collection":[{"href":"https:\/\/www.latribunedufaso.net\/index.php?rest_route=\/wp\/v2\/posts"}],"about":[{"href":"https:\/\/www.latribunedufaso.net\/index.php?rest_route=\/wp\/v2\/types\/post"}],"author":[{"embeddable":true,"href":"https:\/\/www.latribunedufaso.net\/index.php?rest_route=\/wp\/v2\/users\/2"}],"replies":[{"embeddable":true,"href":"https:\/\/www.latribunedufaso.net\/index.php?rest_route=%2Fwp%2Fv2%2Fcomments&post=3112"}],"version-history":[{"count":1,"href":"https:\/\/www.latribunedufaso.net\/index.php?rest_route=\/wp\/v2\/posts\/3112\/revisions"}],"predecessor-version":[{"id":3116,"href":"https:\/\/www.latribunedufaso.net\/index.php?rest_route=\/wp\/v2\/posts\/3112\/revisions\/3116"}],"wp:featuredmedia":[{"embeddable":true,"href":"https:\/\/www.latribunedufaso.net\/index.php?rest_route=\/wp\/v2\/media\/3115"}],"wp:attachment":[{"href":"https:\/\/www.latribunedufaso.net\/index.php?rest_route=%2Fwp%2Fv2%2Fmedia&parent=3112"}],"wp:term":[{"taxonomy":"category","embeddable":true,"href":"https:\/\/www.latribunedufaso.net\/index.php?rest_route=%2Fwp%2Fv2%2Fcategories&post=3112"},{"taxonomy":"post_tag","embeddable":true,"href":"https:\/\/www.latribunedufaso.net\/index.php?rest_route=%2Fwp%2Fv2%2Ftags&post=3112"}],"curies":[{"name":"wp","href":"https:\/\/api.w.org\/{rel}","templated":true}]}}