{"id":31100,"date":"2026-08-18T13:51:38","date_gmt":"2026-08-18T13:51:38","guid":{"rendered":"https:\/\/www.latribunedufaso.net\/?p=31100"},"modified":"2026-08-31T13:53:49","modified_gmt":"2026-08-31T13:53:49","slug":"samao-semh-aes-2026-le-burkina-faso-lance-la-dynamique-autour-des-ressources-extractives","status":"publish","type":"post","link":"https:\/\/www.latribunedufaso.net\/?p=31100","title":{"rendered":"SAMAO-SEMH-AES 2026 : Le Burkina Faso lance la dynamique autour des ressources extractives"},"content":{"rendered":"<p><strong>Le cocktail de lancement de la 8e \u00e9dition de la Semaine des activit\u00e9s mini\u00e8res d\u2019Afrique de l\u2019Ouest (SAMAO), coupl\u00e9e \u00e0 la 1re \u00e9dition de la Semaine de l\u2019\u00e9nergie, des mines et des hydrocarbures de la Conf\u00e9d\u00e9ration des \u00c9tats du Sahel (SEMH-AES), s\u2019est tenu dans l\u2019apr\u00e8s-midi de ce mardi 18 ao\u00fbt 2026 \u00e0 Ouagadougou. La c\u00e9r\u00e9monie \u00e9tait pr\u00e9sid\u00e9e par le Camarade ministre de l\u2019\u00e9nergie, des mines et des carri\u00e8res, Yacouba Zabr\u00e9 Gouba.<\/strong><!--more--><\/p>\n<p>Pr\u00e9vue du 14 au 19 septembre 2026 sur le site du SIAO \u00e0 Ouagadougou, cette \u00e9dition coupl\u00e9e se tient sous le th\u00e8me, <em><strong>\u00ab Gouvernance des ressources extractives : enjeux g\u00e9opolitiques, d\u00e9fis et opportunit\u00e9s pour les \u00c9tats africains \u00bb<\/strong><\/em>. Elle r\u00e9unira des d\u00e9cideurs, des investisseurs, des experts, des chercheurs ainsi que les diff\u00e9rents acteurs des secteurs des mines, de l\u2019\u00e9nergie et des hydrocarbures.<\/p>\n<figure id=\"attachment_31200\" aria-describedby=\"caption-attachment-31200\" style=\"width: 1080px\" class=\"wp-caption aligncenter\"><a href=\"https:\/\/www.latribunedufaso.net\/wp-content\/uploads\/2026\/08\/FB_IMG_1788181829654.jpg\"><img loading=\"lazy\" decoding=\"async\" class=\"size-full wp-image-31200\" src=\"https:\/\/www.latribunedufaso.net\/wp-content\/uploads\/2026\/08\/FB_IMG_1788181829654.jpg\" alt=\"Le cocktail de lancement de la 8e \u00e9dition de la SAMAO coupl\u00e9e \u00e0 la 1re \u00e9dition de la Semaine de l\u2019\u00e9nergie, des mines et des hydrocarbures de la Conf\u00e9d\u00e9ration des \u00c9tats du Sahel (SEMH-AES), 18 ao\u00fbt 2026\" width=\"1080\" height=\"682\" srcset=\"https:\/\/www.latribunedufaso.net\/wp-content\/uploads\/2026\/08\/FB_IMG_1788181829654.jpg 1080w, https:\/\/www.latribunedufaso.net\/wp-content\/uploads\/2026\/08\/FB_IMG_1788181829654-300x189.jpg 300w, https:\/\/www.latribunedufaso.net\/wp-content\/uploads\/2026\/08\/FB_IMG_1788181829654-1024x647.jpg 1024w, https:\/\/www.latribunedufaso.net\/wp-content\/uploads\/2026\/08\/FB_IMG_1788181829654-768x485.jpg 768w\" sizes=\"auto, (max-width: 1080px) 100vw, 1080px\" \/><\/a><figcaption id=\"caption-attachment-31200\" class=\"wp-caption-text\">Le pr\u00e9sident du comit\u00e9 d\u2019organisation, Doulaye Sanou &#8211; Ph. DR<\/figcaption><\/figure>\n<p>Pour le pr\u00e9sident du comit\u00e9 d\u2019organisation, Doulaye Sanou, Secr\u00e9taire g\u00e9n\u00e9ral du minist\u00e8re, le choix de cette th\u00e9matique r\u00e9pond aux d\u00e9fis actuels li\u00e9s \u00e0 la gouvernance des ressources naturelles, \u00e0 la ma\u00eetrise des cha\u00eenes de valeur, \u00e0 la transformation locale des ressources et au renforcement des cadres institutionnels, l\u00e9gislatifs et r\u00e9glementaires. Il a soulign\u00e9 que le couplage de la SAMAO avec la premi\u00e8re SEMH-AES traduit la volont\u00e9 des \u00c9tats de la Conf\u00e9d\u00e9ration de renforcer leur coop\u00e9ration autour de la souverainet\u00e9 \u00e9nerg\u00e9tique, de la valorisation locale des ressources et de la ma\u00eetrise des cha\u00eenes de valeur.<\/p>\n<figure id=\"attachment_31203\" aria-describedby=\"caption-attachment-31203\" style=\"width: 1080px\" class=\"wp-caption aligncenter\"><a href=\"https:\/\/www.latribunedufaso.net\/wp-content\/uploads\/2026\/08\/FB_IMG_1788181861016.jpg\"><img loading=\"lazy\" decoding=\"async\" class=\"size-full wp-image-31203\" src=\"https:\/\/www.latribunedufaso.net\/wp-content\/uploads\/2026\/08\/FB_IMG_1788181861016.jpg\" alt=\"Le cocktail de lancement de la 8e \u00e9dition de la SAMAO coupl\u00e9e \u00e0 la 1re \u00e9dition de la Semaine de l\u2019\u00e9nergie, des mines et des hydrocarbures de la Conf\u00e9d\u00e9ration des \u00c9tats du Sahel (SEMH-AES), 18 ao\u00fbt 2026\" width=\"1080\" height=\"696\" srcset=\"https:\/\/www.latribunedufaso.net\/wp-content\/uploads\/2026\/08\/FB_IMG_1788181861016.jpg 1080w, https:\/\/www.latribunedufaso.net\/wp-content\/uploads\/2026\/08\/FB_IMG_1788181861016-300x193.jpg 300w, https:\/\/www.latribunedufaso.net\/wp-content\/uploads\/2026\/08\/FB_IMG_1788181861016-1024x660.jpg 1024w, https:\/\/www.latribunedufaso.net\/wp-content\/uploads\/2026\/08\/FB_IMG_1788181861016-768x495.jpg 768w\" sizes=\"auto, (max-width: 1080px) 100vw, 1080px\" \/><\/a><figcaption id=\"caption-attachment-31203\" class=\"wp-caption-text\">\u00c0 travers cette \u00e9dition coupl\u00e9e, le Burkina Faso entend ainsi faire de Ouagadougou un cadre de dialogue, de partenariat et d\u2019affaires autour des ressources extractives &#8211; Ph. DR<\/figcaption><\/figure>\n<p>Le programme de cette \u00e9dition pr\u00e9voit plusieurs activit\u00e9s, notamment des panels de haut niveau, des conf\u00e9rences, des sessions techniques, des rencontres d\u2019affaires, des expositions et des visites de sites. La programmation officielle fait \u00e9galement ressortir une journ\u00e9e consacr\u00e9e \u00e0 l\u2019Alliance des \u00c9tats du Sahel, une conf\u00e9rence publique \u00e0 l\u2019Universit\u00e9 Joseph Ki-Zerbo, une visite du M\u00e9morial Thomas Sankara ainsi qu\u2019un cross populaire.<\/p>\n<p>Le temps fort des \u00e9changes sera notamment le panel de haut niveau consacr\u00e9 \u00e0 la <em><strong>\u00ab Gouvernance des ressources mini\u00e8res : enjeux g\u00e9opolitiques, d\u00e9fis et opportunit\u00e9s pour les \u00c9tats africains \u00bb<\/strong><\/em>. Les r\u00e9flexions porteront \u00e9galement sur la comp\u00e9tition mondiale autour des min\u00e9raux critiques et strat\u00e9giques, la s\u00e9curit\u00e9 des sites extractifs, les infrastructures \u00e9nerg\u00e9tiques et p\u00e9troli\u00e8res, le financement ainsi que les normes environnementales et sociales.<\/p>\n<p>La SAMAO 2026 annonce par ailleurs la participation de 21 pan\u00e9listes, plus de 500 participants, 150 stands et 500 aires d\u2019exposition. La R\u00e9publique populaire de Chine est annonc\u00e9e comme pays invit\u00e9 d\u2019honneur.<\/p>\n<p><a href=\"https:\/\/www.latribunedufaso.net\/wp-content\/uploads\/2026\/08\/FB_IMG_1788181839476.jpg\"><img loading=\"lazy\" decoding=\"async\" class=\"aligncenter size-full wp-image-31201\" src=\"https:\/\/www.latribunedufaso.net\/wp-content\/uploads\/2026\/08\/FB_IMG_1788181839476.jpg\" alt=\"Le cocktail de lancement de la 8e \u00e9dition de la SAMAO coupl\u00e9e \u00e0 la 1re \u00e9dition de la Semaine de l\u2019\u00e9nergie, des mines et des hydrocarbures de la Conf\u00e9d\u00e9ration des \u00c9tats du Sahel (SEMH-AES), 18 ao\u00fbt 2026\" width=\"1080\" height=\"645\" srcset=\"https:\/\/www.latribunedufaso.net\/wp-content\/uploads\/2026\/08\/FB_IMG_1788181839476.jpg 1080w, https:\/\/www.latribunedufaso.net\/wp-content\/uploads\/2026\/08\/FB_IMG_1788181839476-300x179.jpg 300w, https:\/\/www.latribunedufaso.net\/wp-content\/uploads\/2026\/08\/FB_IMG_1788181839476-1024x612.jpg 1024w, https:\/\/www.latribunedufaso.net\/wp-content\/uploads\/2026\/08\/FB_IMG_1788181839476-768x459.jpg 768w\" sizes=\"auto, (max-width: 1080px) 100vw, 1080px\" \/><\/a><\/p>\n<p>\u00c0 travers cette \u00e9dition coupl\u00e9e, le Burkina Faso entend ainsi faire de Ouagadougou un cadre de dialogue, de partenariat et d\u2019affaires autour des ressources extractives, tout en donnant une nouvelle dimension \u00e0 la coop\u00e9ration entre les pays de la Conf\u00e9d\u00e9ration des \u00c9tats du Sahel dans les domaines de l\u2019\u00e9nergie, des mines et des hydrocarbures.<\/p>\n<blockquote>\n<p>Lire aussi &gt;&gt;\u00a0<a href=\"https:\/\/www.latribunedufaso.net\/?p=23863\">SAMAO 2025 : Aurora, la soci\u00e9t\u00e9 de forage minier qui ambitionne de conqu\u00e9rir l\u2019Afrique\u00a0<\/a><\/p>\n<\/blockquote>\n<p>Le rendez-vous est donc donn\u00e9 du 14 au 19 septembre 2026 au SIAO pour la tenue effective de la 8e SAMAO et de la premi\u00e8re SEMH-AES.<\/p>\n<p><strong>In\u00e8s TOUGMA\u00a0<\/strong><\/p>\n<p><strong>Latribunedufaso.net<\/strong><\/p>\n","protected":false},"excerpt":{"rendered":"<p>Le cocktail de lancement de la 8e \u00e9dition de la Semaine des activit\u00e9s mini\u00e8res d\u2019Afrique de l\u2019Ouest (SAMAO), coupl\u00e9e \u00e0 la 1re \u00e9dition de la Semaine de l\u2019\u00e9nergie, des mines et des hydrocarbures de la Conf\u00e9d\u00e9ration des \u00c9tats du Sahel (SEMH-AES), s\u2019est tenu dans l\u2019apr\u00e8s-midi de ce mardi 18 ao\u00fbt 2026 \u00e0 Ouagadougou. La c\u00e9r\u00e9monie \u00e9tait pr\u00e9sid\u00e9e par le Camarade ministre de l\u2019\u00e9nergie, des mines et des carri\u00e8res, Yacouba Zabr\u00e9 Gouba.<\/p>\n","protected":false},"author":5,"featured_media":31200,"comment_status":"open","ping_status":"open","sticky":false,"template":"","format":"standard","meta":{"footnotes":""},"categories":[13,1,20],"tags":[39,199,2307],"class_list":["post-31100","post","type-post","status-publish","format-standard","has-post-thumbnail","hentry","category-une","category-actu","category-energie","tag-latribunedufaso-net","tag-samao","tag-semh-aes"],"yoast_head":"<!-- This site is optimized with the Yoast SEO plugin v28.3 - https:\/\/yoast.com\/product\/yoast-seo-wordpress\/ -->\n<title>SAMAO-SEMH-AES 2026 : Le Burkina Faso lance la dynamique autour des ressources extractives - La Tribune du Faso<\/title>\n<meta name=\"robots\" content=\"index, follow, max-snippet:-1, max-image-preview:large, max-video-preview:-1\" \/>\n<link rel=\"canonical\" href=\"https:\/\/www.latribunedufaso.net\/?p=31100\" \/>\n<meta property=\"og:locale\" content=\"fr_FR\" \/>\n<meta property=\"og:type\" content=\"article\" \/>\n<meta property=\"og:title\" content=\"SAMAO-SEMH-AES 2026 : Le Burkina Faso lance la dynamique autour des ressources extractives - La Tribune du Faso\" \/>\n<meta property=\"og:description\" content=\"Le cocktail de lancement de la 8e \u00e9dition de la Semaine des activit\u00e9s mini\u00e8res d\u2019Afrique de l\u2019Ouest (SAMAO), coupl\u00e9e \u00e0 la 1re \u00e9dition de la Semaine de l\u2019\u00e9nergie, des mines et des hydrocarbures de la Conf\u00e9d\u00e9ration des \u00c9tats du Sahel (SEMH-AES), s\u2019est tenu dans l\u2019apr\u00e8s-midi de ce mardi 18 ao\u00fbt 2026 \u00e0 Ouagadougou. La c\u00e9r\u00e9monie \u00e9tait pr\u00e9sid\u00e9e par le Camarade ministre de l\u2019\u00e9nergie, des mines et des carri\u00e8res, Yacouba Zabr\u00e9 Gouba.\" \/>\n<meta property=\"og:url\" content=\"https:\/\/www.latribunedufaso.net\/?p=31100\" \/>\n<meta property=\"og:site_name\" content=\"La Tribune du Faso\" \/>\n<meta property=\"article:publisher\" content=\"https:\/\/www.facebook.com\/LatribuneduFaso\/\" \/>\n<meta property=\"article:published_time\" content=\"2026-08-18T13:51:38+00:00\" \/>\n<meta property=\"article:modified_time\" content=\"2026-08-31T13:53:49+00:00\" \/>\n<meta property=\"og:image\" content=\"https:\/\/www.latribunedufaso.net\/wp-content\/uploads\/2026\/08\/FB_IMG_1788181829654.jpg\" \/>\n\t<meta property=\"og:image:width\" content=\"1080\" \/>\n\t<meta property=\"og:image:height\" content=\"682\" \/>\n\t<meta property=\"og:image:type\" content=\"image\/jpeg\" \/>\n<meta name=\"author\" content=\"Issouf Tapsoba\" \/>\n<meta name=\"twitter:label1\" content=\"\u00c9crit par\" \/>\n\t<meta name=\"twitter:data1\" content=\"Issouf Tapsoba\" \/>\n\t<meta name=\"twitter:label2\" content=\"Dur\u00e9e de lecture estim\u00e9e\" \/>\n\t<meta name=\"twitter:data2\" content=\"4 minutes\" \/>\n<script type=\"application\/ld+json\" class=\"yoast-schema-graph\">{\"@context\":\"https:\\\/\\\/schema.org\",\"@graph\":[{\"@type\":\"Article\",\"@id\":\"https:\\\/\\\/www.latribunedufaso.net\\\/?p=31100#article\",\"isPartOf\":{\"@id\":\"https:\\\/\\\/www.latribunedufaso.net\\\/?p=31100\"},\"author\":{\"name\":\"Issouf Tapsoba\",\"@id\":\"https:\\\/\\\/www.latribunedufaso.net\\\/#\\\/schema\\\/person\\\/e54e64c5778a7e72cf80a318b7a622b0\"},\"headline\":\"SAMAO-SEMH-AES 2026 : Le Burkina Faso lance la dynamique autour des ressources extractives\",\"datePublished\":\"2026-08-18T13:51:38+00:00\",\"dateModified\":\"2026-08-31T13:53:49+00:00\",\"mainEntityOfPage\":{\"@id\":\"https:\\\/\\\/www.latribunedufaso.net\\\/?p=31100\"},\"wordCount\":608,\"commentCount\":0,\"publisher\":{\"@id\":\"https:\\\/\\\/www.latribunedufaso.net\\\/#organization\"},\"image\":{\"@id\":\"https:\\\/\\\/www.latribunedufaso.net\\\/?p=31100#primaryimage\"},\"thumbnailUrl\":\"https:\\\/\\\/www.latribunedufaso.net\\\/wp-content\\\/uploads\\\/2026\\\/08\\\/FB_IMG_1788181829654.jpg\",\"keywords\":[\"latribunedufaso.net\",\"SAMAO\",\"SEMH-AES\"],\"articleSection\":[\"A la une\",\"Actualit\u00e9\",\"Energie\"],\"inLanguage\":\"fr-FR\",\"potentialAction\":[{\"@type\":\"CommentAction\",\"name\":\"Comment\",\"target\":[\"https:\\\/\\\/www.latribunedufaso.net\\\/?p=31100#respond\"]}]},{\"@type\":\"WebPage\",\"@id\":\"https:\\\/\\\/www.latribunedufaso.net\\\/?p=31100\",\"url\":\"https:\\\/\\\/www.latribunedufaso.net\\\/?p=31100\",\"name\":\"SAMAO-SEMH-AES 2026 : Le Burkina Faso lance la dynamique autour des ressources extractives - La Tribune du Faso\",\"isPartOf\":{\"@id\":\"https:\\\/\\\/www.latribunedufaso.net\\\/#website\"},\"primaryImageOfPage\":{\"@id\":\"https:\\\/\\\/www.latribunedufaso.net\\\/?p=31100#primaryimage\"},\"image\":{\"@id\":\"https:\\\/\\\/www.latribunedufaso.net\\\/?p=31100#primaryimage\"},\"thumbnailUrl\":\"https:\\\/\\\/www.latribunedufaso.net\\\/wp-content\\\/uploads\\\/2026\\\/08\\\/FB_IMG_1788181829654.jpg\",\"datePublished\":\"2026-08-18T13:51:38+00:00\",\"dateModified\":\"2026-08-31T13:53:49+00:00\",\"breadcrumb\":{\"@id\":\"https:\\\/\\\/www.latribunedufaso.net\\\/?p=31100#breadcrumb\"},\"inLanguage\":\"fr-FR\",\"potentialAction\":[{\"@type\":\"ReadAction\",\"target\":[\"https:\\\/\\\/www.latribunedufaso.net\\\/?p=31100\"]}]},{\"@type\":\"ImageObject\",\"inLanguage\":\"fr-FR\",\"@id\":\"https:\\\/\\\/www.latribunedufaso.net\\\/?p=31100#primaryimage\",\"url\":\"https:\\\/\\\/www.latribunedufaso.net\\\/wp-content\\\/uploads\\\/2026\\\/08\\\/FB_IMG_1788181829654.jpg\",\"contentUrl\":\"https:\\\/\\\/www.latribunedufaso.net\\\/wp-content\\\/uploads\\\/2026\\\/08\\\/FB_IMG_1788181829654.jpg\",\"width\":1080,\"height\":682,\"caption\":\"Le pr\u00e9sident du comit\u00e9 d\u2019organisation, Doulaye Sanou - Ph. DR\"},{\"@type\":\"BreadcrumbList\",\"@id\":\"https:\\\/\\\/www.latribunedufaso.net\\\/?p=31100#breadcrumb\",\"itemListElement\":[{\"@type\":\"ListItem\",\"position\":1,\"name\":\"Accueil\",\"item\":\"https:\\\/\\\/www.latribunedufaso.net\\\/\"},{\"@type\":\"ListItem\",\"position\":2,\"name\":\"SAMAO-SEMH-AES 2026 : Le Burkina Faso lance la dynamique autour des ressources extractives\"}]},{\"@type\":\"WebSite\",\"@id\":\"https:\\\/\\\/www.latribunedufaso.net\\\/#website\",\"url\":\"https:\\\/\\\/www.latribunedufaso.net\\\/\",\"name\":\"La Tribune du Faso\",\"description\":\"L&#039;information du monde rural en un clic\",\"publisher\":{\"@id\":\"https:\\\/\\\/www.latribunedufaso.net\\\/#organization\"},\"potentialAction\":[{\"@type\":\"SearchAction\",\"target\":{\"@type\":\"EntryPoint\",\"urlTemplate\":\"https:\\\/\\\/www.latribunedufaso.net\\\/?s={search_term_string}\"},\"query-input\":{\"@type\":\"PropertyValueSpecification\",\"valueRequired\":true,\"valueName\":\"search_term_string\"}}],\"inLanguage\":\"fr-FR\"},{\"@type\":\"Organization\",\"@id\":\"https:\\\/\\\/www.latribunedufaso.net\\\/#organization\",\"name\":\"La Tribune du Faso\",\"url\":\"https:\\\/\\\/www.latribunedufaso.net\\\/\",\"logo\":{\"@type\":\"ImageObject\",\"inLanguage\":\"fr-FR\",\"@id\":\"https:\\\/\\\/www.latribunedufaso.net\\\/#\\\/schema\\\/logo\\\/image\\\/\",\"url\":\"https:\\\/\\\/www.latribunedufaso.net\\\/wp-content\\\/uploads\\\/2020\\\/08\\\/Logo-Tribune-du-Faso-final-scaled.jpg\",\"contentUrl\":\"https:\\\/\\\/www.latribunedufaso.net\\\/wp-content\\\/uploads\\\/2020\\\/08\\\/Logo-Tribune-du-Faso-final-scaled.jpg\",\"width\":2560,\"height\":1856,\"caption\":\"La Tribune du Faso\"},\"image\":{\"@id\":\"https:\\\/\\\/www.latribunedufaso.net\\\/#\\\/schema\\\/logo\\\/image\\\/\"},\"sameAs\":[\"https:\\\/\\\/www.facebook.com\\\/LatribuneduFaso\\\/\"]},{\"@type\":\"Person\",\"@id\":\"https:\\\/\\\/www.latribunedufaso.net\\\/#\\\/schema\\\/person\\\/e54e64c5778a7e72cf80a318b7a622b0\",\"name\":\"Issouf Tapsoba\",\"image\":{\"@type\":\"ImageObject\",\"inLanguage\":\"fr-FR\",\"@id\":\"https:\\\/\\\/secure.gravatar.com\\\/avatar\\\/5e6c05150ce3230247d167f5b94d678eb05936197436d69b7921e3a95c9107ac?s=96&d=mm&r=g\",\"url\":\"https:\\\/\\\/secure.gravatar.com\\\/avatar\\\/5e6c05150ce3230247d167f5b94d678eb05936197436d69b7921e3a95c9107ac?s=96&d=mm&r=g\",\"contentUrl\":\"https:\\\/\\\/secure.gravatar.com\\\/avatar\\\/5e6c05150ce3230247d167f5b94d678eb05936197436d69b7921e3a95c9107ac?s=96&d=mm&r=g\",\"caption\":\"Issouf Tapsoba\"},\"url\":\"https:\\\/\\\/www.latribunedufaso.net\\\/?author=5\"}]}<\/script>\n<!-- \/ Yoast SEO plugin. -->","yoast_head_json":{"title":"SAMAO-SEMH-AES 2026 : Le Burkina Faso lance la dynamique autour des ressources extractives - La Tribune du Faso","robots":{"index":"index","follow":"follow","max-snippet":"max-snippet:-1","max-image-preview":"max-image-preview:large","max-video-preview":"max-video-preview:-1"},"canonical":"https:\/\/www.latribunedufaso.net\/?p=31100","og_locale":"fr_FR","og_type":"article","og_title":"SAMAO-SEMH-AES 2026 : Le Burkina Faso lance la dynamique autour des ressources extractives - La Tribune du Faso","og_description":"Le cocktail de lancement de la 8e \u00e9dition de la Semaine des activit\u00e9s mini\u00e8res d\u2019Afrique de l\u2019Ouest (SAMAO), coupl\u00e9e \u00e0 la 1re \u00e9dition de la Semaine de l\u2019\u00e9nergie, des mines et des hydrocarbures de la Conf\u00e9d\u00e9ration des \u00c9tats du Sahel (SEMH-AES), s\u2019est tenu dans l\u2019apr\u00e8s-midi de ce mardi 18 ao\u00fbt 2026 \u00e0 Ouagadougou. La c\u00e9r\u00e9monie \u00e9tait pr\u00e9sid\u00e9e par le Camarade ministre de l\u2019\u00e9nergie, des mines et des carri\u00e8res, Yacouba Zabr\u00e9 Gouba.","og_url":"https:\/\/www.latribunedufaso.net\/?p=31100","og_site_name":"La Tribune du Faso","article_publisher":"https:\/\/www.facebook.com\/LatribuneduFaso\/","article_published_time":"2026-08-18T13:51:38+00:00","article_modified_time":"2026-08-31T13:53:49+00:00","og_image":[{"width":1080,"height":682,"url":"https:\/\/www.latribunedufaso.net\/wp-content\/uploads\/2026\/08\/FB_IMG_1788181829654.jpg","type":"image\/jpeg"}],"author":"Issouf Tapsoba","twitter_misc":{"\u00c9crit par":"Issouf Tapsoba","Dur\u00e9e de lecture estim\u00e9e":"4 minutes"},"schema":{"@context":"https:\/\/schema.org","@graph":[{"@type":"Article","@id":"https:\/\/www.latribunedufaso.net\/?p=31100#article","isPartOf":{"@id":"https:\/\/www.latribunedufaso.net\/?p=31100"},"author":{"name":"Issouf Tapsoba","@id":"https:\/\/www.latribunedufaso.net\/#\/schema\/person\/e54e64c5778a7e72cf80a318b7a622b0"},"headline":"SAMAO-SEMH-AES 2026 : Le Burkina Faso lance la dynamique autour des ressources extractives","datePublished":"2026-08-18T13:51:38+00:00","dateModified":"2026-08-31T13:53:49+00:00","mainEntityOfPage":{"@id":"https:\/\/www.latribunedufaso.net\/?p=31100"},"wordCount":608,"commentCount":0,"publisher":{"@id":"https:\/\/www.latribunedufaso.net\/#organization"},"image":{"@id":"https:\/\/www.latribunedufaso.net\/?p=31100#primaryimage"},"thumbnailUrl":"https:\/\/www.latribunedufaso.net\/wp-content\/uploads\/2026\/08\/FB_IMG_1788181829654.jpg","keywords":["latribunedufaso.net","SAMAO","SEMH-AES"],"articleSection":["A la une","Actualit\u00e9","Energie"],"inLanguage":"fr-FR","potentialAction":[{"@type":"CommentAction","name":"Comment","target":["https:\/\/www.latribunedufaso.net\/?p=31100#respond"]}]},{"@type":"WebPage","@id":"https:\/\/www.latribunedufaso.net\/?p=31100","url":"https:\/\/www.latribunedufaso.net\/?p=31100","name":"SAMAO-SEMH-AES 2026 : Le Burkina Faso lance la dynamique autour des ressources extractives - La Tribune du Faso","isPartOf":{"@id":"https:\/\/www.latribunedufaso.net\/#website"},"primaryImageOfPage":{"@id":"https:\/\/www.latribunedufaso.net\/?p=31100#primaryimage"},"image":{"@id":"https:\/\/www.latribunedufaso.net\/?p=31100#primaryimage"},"thumbnailUrl":"https:\/\/www.latribunedufaso.net\/wp-content\/uploads\/2026\/08\/FB_IMG_1788181829654.jpg","datePublished":"2026-08-18T13:51:38+00:00","dateModified":"2026-08-31T13:53:49+00:00","breadcrumb":{"@id":"https:\/\/www.latribunedufaso.net\/?p=31100#breadcrumb"},"inLanguage":"fr-FR","potentialAction":[{"@type":"ReadAction","target":["https:\/\/www.latribunedufaso.net\/?p=31100"]}]},{"@type":"ImageObject","inLanguage":"fr-FR","@id":"https:\/\/www.latribunedufaso.net\/?p=31100#primaryimage","url":"https:\/\/www.latribunedufaso.net\/wp-content\/uploads\/2026\/08\/FB_IMG_1788181829654.jpg","contentUrl":"https:\/\/www.latribunedufaso.net\/wp-content\/uploads\/2026\/08\/FB_IMG_1788181829654.jpg","width":1080,"height":682,"caption":"Le pr\u00e9sident du comit\u00e9 d\u2019organisation, Doulaye Sanou - Ph. DR"},{"@type":"BreadcrumbList","@id":"https:\/\/www.latribunedufaso.net\/?p=31100#breadcrumb","itemListElement":[{"@type":"ListItem","position":1,"name":"Accueil","item":"https:\/\/www.latribunedufaso.net\/"},{"@type":"ListItem","position":2,"name":"SAMAO-SEMH-AES 2026 : Le Burkina Faso lance la dynamique autour des ressources extractives"}]},{"@type":"WebSite","@id":"https:\/\/www.latribunedufaso.net\/#website","url":"https:\/\/www.latribunedufaso.net\/","name":"La Tribune du Faso","description":"L&#039;information du monde rural en un clic","publisher":{"@id":"https:\/\/www.latribunedufaso.net\/#organization"},"potentialAction":[{"@type":"SearchAction","target":{"@type":"EntryPoint","urlTemplate":"https:\/\/www.latribunedufaso.net\/?s={search_term_string}"},"query-input":{"@type":"PropertyValueSpecification","valueRequired":true,"valueName":"search_term_string"}}],"inLanguage":"fr-FR"},{"@type":"Organization","@id":"https:\/\/www.latribunedufaso.net\/#organization","name":"La Tribune du Faso","url":"https:\/\/www.latribunedufaso.net\/","logo":{"@type":"ImageObject","inLanguage":"fr-FR","@id":"https:\/\/www.latribunedufaso.net\/#\/schema\/logo\/image\/","url":"https:\/\/www.latribunedufaso.net\/wp-content\/uploads\/2020\/08\/Logo-Tribune-du-Faso-final-scaled.jpg","contentUrl":"https:\/\/www.latribunedufaso.net\/wp-content\/uploads\/2020\/08\/Logo-Tribune-du-Faso-final-scaled.jpg","width":2560,"height":1856,"caption":"La Tribune du Faso"},"image":{"@id":"https:\/\/www.latribunedufaso.net\/#\/schema\/logo\/image\/"},"sameAs":["https:\/\/www.facebook.com\/LatribuneduFaso\/"]},{"@type":"Person","@id":"https:\/\/www.latribunedufaso.net\/#\/schema\/person\/e54e64c5778a7e72cf80a318b7a622b0","name":"Issouf Tapsoba","image":{"@type":"ImageObject","inLanguage":"fr-FR","@id":"https:\/\/secure.gravatar.com\/avatar\/5e6c05150ce3230247d167f5b94d678eb05936197436d69b7921e3a95c9107ac?s=96&d=mm&r=g","url":"https:\/\/secure.gravatar.com\/avatar\/5e6c05150ce3230247d167f5b94d678eb05936197436d69b7921e3a95c9107ac?s=96&d=mm&r=g","contentUrl":"https:\/\/secure.gravatar.com\/avatar\/5e6c05150ce3230247d167f5b94d678eb05936197436d69b7921e3a95c9107ac?s=96&d=mm&r=g","caption":"Issouf Tapsoba"},"url":"https:\/\/www.latribunedufaso.net\/?author=5"}]}},"_links":{"self":[{"href":"https:\/\/www.latribunedufaso.net\/index.php?rest_route=\/wp\/v2\/posts\/31100","targetHints":{"allow":["GET"]}}],"collection":[{"href":"https:\/\/www.latribunedufaso.net\/index.php?rest_route=\/wp\/v2\/posts"}],"about":[{"href":"https:\/\/www.latribunedufaso.net\/index.php?rest_route=\/wp\/v2\/types\/post"}],"author":[{"embeddable":true,"href":"https:\/\/www.latribunedufaso.net\/index.php?rest_route=\/wp\/v2\/users\/5"}],"replies":[{"embeddable":true,"href":"https:\/\/www.latribunedufaso.net\/index.php?rest_route=%2Fwp%2Fv2%2Fcomments&post=31100"}],"version-history":[{"count":3,"href":"https:\/\/www.latribunedufaso.net\/index.php?rest_route=\/wp\/v2\/posts\/31100\/revisions"}],"predecessor-version":[{"id":31204,"href":"https:\/\/www.latribunedufaso.net\/index.php?rest_route=\/wp\/v2\/posts\/31100\/revisions\/31204"}],"wp:featuredmedia":[{"embeddable":true,"href":"https:\/\/www.latribunedufaso.net\/index.php?rest_route=\/wp\/v2\/media\/31200"}],"wp:attachment":[{"href":"https:\/\/www.latribunedufaso.net\/index.php?rest_route=%2Fwp%2Fv2%2Fmedia&parent=31100"}],"wp:term":[{"taxonomy":"category","embeddable":true,"href":"https:\/\/www.latribunedufaso.net\/index.php?rest_route=%2Fwp%2Fv2%2Fcategories&post=31100"},{"taxonomy":"post_tag","embeddable":true,"href":"https:\/\/www.latribunedufaso.net\/index.php?rest_route=%2Fwp%2Fv2%2Ftags&post=31100"}],"curies":[{"name":"wp","href":"https:\/\/api.w.org\/{rel}","templated":true}]}}