{"id":3033,"date":"2021-04-16T07:40:58","date_gmt":"2021-04-16T07:40:58","guid":{"rendered":"https:\/\/www.latribunedufaso.net\/?p=3033"},"modified":"2021-04-16T07:44:30","modified_gmt":"2021-04-16T07:44:30","slug":"second-compact-officiellement-installe-le-cos-tient-sa-1re-session-de-travail","status":"publish","type":"post","link":"https:\/\/www.latribunedufaso.net\/?p=3033","title":{"rendered":"Second compact \u00a0: Officiellement install\u00e9, le COS tient sa 1re session de travail"},"content":{"rendered":"<p><strong><span style=\"font-size: 1.0625rem;\">Le premier ministre, Christophe Dabir\u00e9, a pr\u00e9sid\u00e9 ce jeudi 15 avril 2021, \u00e0 Ouagadougou, la c\u00e9r\u00e9monie d\u2019ouverture de la session inaugurale du Comit\u00e9 d\u2019orientation et de suivi (COS) du Millenium challenge account Burkina Faso II (MCA-Burkina Faso II) et la c\u00e9r\u00e9monie officielle d\u2019installation des membres dudit comit\u00e9. Le comit\u00e9 est compos\u00e9 de onze membres votants d\u00e9sign\u00e9s selon une logique tripartite int\u00e9grant le gouvernement, le secteur priv\u00e9 et la soci\u00e9t\u00e9 civile.<\/span><\/strong><br \/>\n<!--more--><\/p>\n<p><a href=\"https:\/\/latribunedufaso.net\/wp-content\/uploads\/2021\/04\/IMG-20210415-WA0028.jpg\"><img loading=\"lazy\" decoding=\"async\" class=\"size-medium wp-image-3036 aligncenter\" src=\"https:\/\/latribunedufaso.net\/wp-content\/uploads\/2021\/04\/IMG-20210415-WA0028-300x176.jpg\" alt=\"\" width=\"300\" height=\"176\" srcset=\"https:\/\/www.latribunedufaso.net\/wp-content\/uploads\/2021\/04\/IMG-20210415-WA0028-300x176.jpg 300w, https:\/\/www.latribunedufaso.net\/wp-content\/uploads\/2021\/04\/IMG-20210415-WA0028-1024x599.jpg 1024w, https:\/\/www.latribunedufaso.net\/wp-content\/uploads\/2021\/04\/IMG-20210415-WA0028-768x450.jpg 768w, https:\/\/www.latribunedufaso.net\/wp-content\/uploads\/2021\/04\/IMG-20210415-WA0028.jpg 1030w\" sizes=\"auto, (max-width: 300px) 100vw, 300px\" \/><\/a> Pour le Coordonnateur national de l\u2019Unit\u00e9 de coordination de la formulation du second compact du Burkina Faso (UCF-Burkina), Tambi Samuel Kabor\u00e9, cette session inaugurale du COS constitue une \u00e9tape importante et ouvre un boulevard devant conduire \u00e0 l\u2019entr\u00e9e du second compact (pr\u00e9vue en ao\u00fbt 2022). \u00ab Apr\u00e8s la s\u00e9lection du Burkina Faso pour un deuxi\u00e8me compact en d\u00e9cembre 2016, la cr\u00e9ation et le d\u00e9marrage des activit\u00e9s de l\u2019UCF-Burkina en avril 2017 et la signature du compact le 13 ao\u00fbt 2020, nous sommes de plain-pied dans la phase de pr\u00e9paration de la mise en \u0153uvre op\u00e9rationnelle du compact \u00bb, a-t-il d\u00e9clar\u00e9 avant d\u2019indiquer le 9 mars 2021 comme \u00e9tant la date de signature du d\u00e9cret portant cr\u00e9ation, attributions, organisation et fonctionnement de l\u2019entit\u00e9 MCA-Burkina Faso II ; et de citer les trois organes administratifs et g\u00e9rants de ce second compact \u00e0 savoir \u00ab le Comit\u00e9 d\u2019orientation et de suivi (COS), la Direction g\u00e9n\u00e9rale et le Comit\u00e9 national des parties prenantes \u00bb.<\/p>\n<p><a href=\"https:\/\/latribunedufaso.net\/wp-content\/uploads\/2021\/04\/IMG-20210415-WA0020.jpg\"><img loading=\"lazy\" decoding=\"async\" class=\"size-medium wp-image-3040 aligncenter\" src=\"https:\/\/latribunedufaso.net\/wp-content\/uploads\/2021\/04\/IMG-20210415-WA0020-300x206.jpg\" alt=\"\" width=\"300\" height=\"206\" srcset=\"https:\/\/www.latribunedufaso.net\/wp-content\/uploads\/2021\/04\/IMG-20210415-WA0020-300x206.jpg 300w, https:\/\/www.latribunedufaso.net\/wp-content\/uploads\/2021\/04\/IMG-20210415-WA0020-1024x702.jpg 1024w, https:\/\/www.latribunedufaso.net\/wp-content\/uploads\/2021\/04\/IMG-20210415-WA0020-768x526.jpg 768w, https:\/\/www.latribunedufaso.net\/wp-content\/uploads\/2021\/04\/IMG-20210415-WA0020.jpg 1080w\" sizes=\"auto, (max-width: 300px) 100vw, 300px\" \/><\/a><\/p>\n<p>L\u2019ambassadeur des Etats-Unis au Burkina Faso, Sandra Clark, a fait savoir que le programme, subventionn\u00e9 par le gouvernement de son pays \u00e0 travers le Millenium challenge corporation (MCC), assurera l\u2019investissement dans les infrastructures \u00e9lectriques de grande envergure \u00e0 Ouagadougou et \u00e0 Bobo-Dioulasso, ainsi que dans la r\u00e9forme institutionnelle n\u00e9cessaire dans les domaines de la gouvernance, de la r\u00e8glementation et du fonctionnement. Ce travail, dit-elle, permettra d\u2019assurer un secteur de l\u2019\u00e9lectricit\u00e9 durable et moderne pour les entreprises et les citoyens qui constituent le fer de lance de l\u2019\u00e9conomie burkinab\u00e9.<\/p>\n<p>Le premier ministre, Christophe Dabir\u00e9, qui s\u2019est f\u00e9licit\u00e9 de l\u2019installation des onze membres du Comit\u00e9 d\u2019orientation et de suivi (COS) du Millenium challenge account Burkina Faso II (MCA-Burkina Faso II), a indiqu\u00e9\u00a0: \u00ab\u00a0c\u2019est une \u00e9tape de plus franchie dans la mise en \u0153uvre de ce programme extr\u00eamement important pour le renforcement de notre politique \u00e9nerg\u00e9tique au niveau national\u00a0\u00bb. Remerciant donc les Etats-Unis pour avoir accept\u00e9 d\u2019admettre le Burkina Faso dans le processus du millenium, il a soulign\u00e9 l\u2019importance pour le gouvernement burkinab\u00e9 d\u2019accompagner les membres install\u00e9s.<\/p>\n<p><a href=\"https:\/\/latribunedufaso.net\/wp-content\/uploads\/2021\/04\/IMG-20210415-WA0019.jpg\"><img loading=\"lazy\" decoding=\"async\" class=\"size-medium wp-image-3037 aligncenter\" src=\"https:\/\/latribunedufaso.net\/wp-content\/uploads\/2021\/04\/IMG-20210415-WA0019-300x182.jpg\" alt=\"\" width=\"300\" height=\"182\" srcset=\"https:\/\/www.latribunedufaso.net\/wp-content\/uploads\/2021\/04\/IMG-20210415-WA0019-300x182.jpg 300w, https:\/\/www.latribunedufaso.net\/wp-content\/uploads\/2021\/04\/IMG-20210415-WA0019-768x466.jpg 768w, https:\/\/www.latribunedufaso.net\/wp-content\/uploads\/2021\/04\/IMG-20210415-WA0019.jpg 945w\" sizes=\"auto, (max-width: 300px) 100vw, 300px\" \/><\/a><\/p>\n<p>\u00ab\u00a0Il est important pour le gouvernement d\u2019accompagner les onze titulaires de ce comit\u00e9 d\u2019orientation pour qu\u2019ils puissent prendre les bonnes d\u00e9cisions et les exigences en la mati\u00e8re\u00a0; c\u2019est le respect de l\u2019\u00e9thique, la bonne gouvernance, la lutte contre la corruption et faire en sorte que tous les programmes qui vont \u00eatre initi\u00e9s, tous les march\u00e9s qui vont \u00eatre sign\u00e9s puissent r\u00e9pondre \u00e0 l\u2019\u00e9thique et \u00e0 la morale d\u00e9finies avec le Burkina Faso et les Etats-Unis\u00a0\u00bb, a dit le chef du gouvernement.<\/p>\n<p>Le Comit\u00e9 d\u2019orientation et de suivi (COS) du Millenium challenge account Burkina Faso II (MCA-Burkina Faso II) compte un repr\u00e9sentant de la Primature, un repr\u00e9sentant du minist\u00e8re en charge des finances, un repr\u00e9sentant du minist\u00e8re en charge de l\u2019\u00e9nergie, un repr\u00e9sentant du minist\u00e8re en charge de l\u2019environnement, un repr\u00e9sentant du minist\u00e8re en charge de la promotion du genre, un repr\u00e9sentant de l\u2019autorit\u00e9 de r\u00e9gulation du secteur de l\u2019\u00e9nergie, deux repr\u00e9sentants du secteur priv\u00e9, un repr\u00e9sentant des organisations f\u00e9minines et deux repr\u00e9sentants de la soci\u00e9t\u00e9 civile. A ces membres, il faut ajouter le repr\u00e9sentant r\u00e9sident du Millenium challenge corporation (MCC) et le Directeur g\u00e9n\u00e9ral du MCA-Burkina Faso II (dont la d\u00e9signation interviendra demain), qui si\u00e8geront au sein dudit Comit\u00e9 en qualit\u00e9 d\u2019observateurs permanents, mais avec voix consultative. Le COS sera pr\u00e9sid\u00e9 par Mamady Sanoh de la Chambre de commerce et d\u2019industrie du Burkina Faso (CCI-BF), par ailleurs repr\u00e9sentante du secteur priv\u00e9 ; la vice-pr\u00e9sidence sera assur\u00e9e par Mwin-nog-ti Luc Hien, directeur de cabinet de la Primature.<\/p>\n<p>Pour rappel, la c\u00e9r\u00e9monie officielle d\u2019installation des onze membres du COS a \u00e9t\u00e9 suivie de la tenue de la session inaugurale du COS, \u00e0 huis clos.<\/p>\n<p><strong>Tambi Serge Pac\u00f4me Zongo<\/strong><br \/>\n<strong>Latribunedufaso.net<\/strong><\/p>\n<p><strong>Encadr\u00e9<\/strong><br \/>\nLe second compact du Burkina Faso a pour but de \u00ab\u00a0r\u00e9duire la pauvret\u00e9 \u00e0 travers la croissance \u00e9conomique au Burkina Faso\u00a0\u00bb et contribuer \u00e0 renforcer la gouvernance, la viabilit\u00e9 financi\u00e8re et la performance du domaine de l\u2019\u00e9lectricit\u00e9 pour le peuple burkinab\u00e9. Son objectif, am\u00e9liorer l\u2019acc\u00e8s des entreprises et des m\u00e9nages \u00e0 une \u00e9lectricit\u00e9 suffisante, de qualit\u00e9 et moins co\u00fbteuse, ainsi qu\u2019\u00e0 une main d\u2019\u0153uvre qualifi\u00e9e permettant une pleine valorisation de l\u2019\u00e9lectricit\u00e9. Devant s\u2019\u00e9tendre sur cinq ans, le financement global est estim\u00e9 \u00e0 plus de 500 millions USD dont une subvention de 450\u00a0000\u00a0000 USD du Millenium challenge corporation (MCC) et une contribution de 50\u00a0110\u00a0795 USD du gouvernement du Burkina Faso. Plus de 8 millions de personnes devraient \u00eatre touch\u00e9es par ce programme. C\u2019est le 13 d\u00e9cembre 2016 que le Burkina Faso a \u00e9t\u00e9 s\u00e9lectionn\u00e9 par le MCC pour le d\u00e9veloppement d\u2019un second compact ax\u00e9 sur l\u2019\u00e9lectricit\u00e9. Ce second compact est articul\u00e9 autour de trois grands projets structurants. Le premier, intitul\u00e9\u00a0: \u00ab\u00a0renforcement de l\u2019efficacit\u00e9 du domaine de l\u2019\u00e9lectricit\u00e9 (PREDEL)\u00a0\u00bb, avec un montant de 62 millions USD, a pour objectif d\u2019am\u00e9liorer l\u2019efficacit\u00e9 institutionnelle, de r\u00e9duire le co\u00fbt des services d\u2019\u00e9lectricit\u00e9 et d\u2019accroitre la satisfaction de la demande. Le deuxi\u00e8me projet, \u00ab\u00a0accroissement de l\u2019offre d\u2019\u00e9lectricit\u00e9 moins co\u00fbteuse (PADOEL)\u00a0\u00bb, dont le montant est estim\u00e9 \u00e0 111 millions USD, compte r\u00e9duire les co\u00fbts de la production et accroitre la fiabilit\u00e9 de toutes les sources de production. Le troisi\u00e8me projet, \u00ab\u00a0r\u00e9seau et acc\u00e8s \u00e0 l\u2019\u00e9lectricit\u00e9 (PRAEL)\u00a0\u00bb, \u00e9valu\u00e9 \u00e0 235 millions USD, s\u2019att\u00e8lera \u00e0 l\u2019am\u00e9lioration de la port\u00e9e et la fiabilit\u00e9 du r\u00e9seau \u00e9lectrique et \u00e0 l\u2019augmentation de la consommation d\u2019\u00e9lectricit\u00e9. Le taux d\u2019\u00e9lectrification total devrait passer de 57, 1% \u00e0 74% \u00e0 Ouagadougou et de 45% \u00e0 62% \u00e0 Bobo-Dioulasso.<\/p>\n<p><strong>TSPZ<\/strong><br \/>\n<strong>Latribunedufaso.net<\/strong><\/p>\n","protected":false},"excerpt":{"rendered":"<p>Le premier ministre, Christophe Dabir\u00e9, a pr\u00e9sid\u00e9 ce jeudi 15 avril 2021, \u00e0 Ouagadougou, la c\u00e9r\u00e9monie d\u2019ouverture de la session inaugurale du Comit\u00e9 d\u2019orientation et de suivi (COS) du Millenium challenge account Burkina Faso II (MCA-Burkina Faso II) et la c\u00e9r\u00e9monie officielle d\u2019installation des membres dudit comit\u00e9. Le comit\u00e9 est compos\u00e9 de onze membres votants d\u00e9sign\u00e9s selon une logique tripartite int\u00e9grant le gouvernement, le secteur priv\u00e9 et la soci\u00e9t\u00e9 civile.<\/p>\n","protected":false},"author":2,"featured_media":3039,"comment_status":"open","ping_status":"open","sticky":false,"template":"","format":"standard","meta":{"footnotes":""},"categories":[13,1,20],"tags":[],"class_list":["post-3033","post","type-post","status-publish","format-standard","has-post-thumbnail","hentry","category-une","category-actu","category-energie"],"yoast_head":"<!-- This site is optimized with the Yoast SEO plugin v27.5 - https:\/\/yoast.com\/product\/yoast-seo-wordpress\/ -->\n<title>Second compact \u00a0: Officiellement install\u00e9, le COS tient sa 1re session de travail - La Tribune du Faso<\/title>\n<meta name=\"robots\" content=\"index, follow, max-snippet:-1, max-image-preview:large, max-video-preview:-1\" \/>\n<link rel=\"canonical\" href=\"https:\/\/www.latribunedufaso.net\/?p=3033\" \/>\n<meta property=\"og:locale\" content=\"fr_FR\" \/>\n<meta property=\"og:type\" content=\"article\" \/>\n<meta property=\"og:title\" content=\"Second compact \u00a0: Officiellement install\u00e9, le COS tient sa 1re session de travail - La Tribune du Faso\" \/>\n<meta property=\"og:description\" content=\"Le premier ministre, Christophe Dabir\u00e9, a pr\u00e9sid\u00e9 ce jeudi 15 avril 2021, \u00e0 Ouagadougou, la c\u00e9r\u00e9monie d\u2019ouverture de la session inaugurale du Comit\u00e9 d\u2019orientation et de suivi (COS) du Millenium challenge account Burkina Faso II (MCA-Burkina Faso II) et la c\u00e9r\u00e9monie officielle d\u2019installation des membres dudit comit\u00e9. Le comit\u00e9 est compos\u00e9 de onze membres votants d\u00e9sign\u00e9s selon une logique tripartite int\u00e9grant le gouvernement, le secteur priv\u00e9 et la soci\u00e9t\u00e9 civile.\" \/>\n<meta property=\"og:url\" content=\"https:\/\/www.latribunedufaso.net\/?p=3033\" \/>\n<meta property=\"og:site_name\" content=\"La Tribune du Faso\" \/>\n<meta property=\"article:publisher\" content=\"https:\/\/www.facebook.com\/LatribuneduFaso\/\" \/>\n<meta property=\"article:published_time\" content=\"2021-04-16T07:40:58+00:00\" \/>\n<meta property=\"article:modified_time\" content=\"2021-04-16T07:44:30+00:00\" \/>\n<meta property=\"og:image\" content=\"https:\/\/latribunedufaso.net\/wp-content\/uploads\/2021\/04\/IMG-20210415-WA0036.jpg\" \/>\n\t<meta property=\"og:image:width\" content=\"976\" \/>\n\t<meta property=\"og:image:height\" content=\"593\" \/>\n\t<meta property=\"og:image:type\" content=\"image\/jpeg\" \/>\n<meta name=\"author\" content=\"Administrateur\" \/>\n<meta name=\"twitter:label1\" content=\"\u00c9crit par\" \/>\n\t<meta name=\"twitter:data1\" content=\"Administrateur\" \/>\n\t<meta name=\"twitter:label2\" content=\"Dur\u00e9e de lecture estim\u00e9e\" \/>\n\t<meta name=\"twitter:data2\" content=\"5 minutes\" \/>\n<script type=\"application\/ld+json\" class=\"yoast-schema-graph\">{\"@context\":\"https:\\\/\\\/schema.org\",\"@graph\":[{\"@type\":\"Article\",\"@id\":\"https:\\\/\\\/www.latribunedufaso.net\\\/?p=3033#article\",\"isPartOf\":{\"@id\":\"https:\\\/\\\/www.latribunedufaso.net\\\/?p=3033\"},\"author\":{\"name\":\"Administrateur\",\"@id\":\"https:\\\/\\\/www.latribunedufaso.net\\\/#\\\/schema\\\/person\\\/a380782d0605bb8aae27c40ea93b35b1\"},\"headline\":\"Second compact \u00a0: Officiellement install\u00e9, le COS tient sa 1re session de travail\",\"datePublished\":\"2021-04-16T07:40:58+00:00\",\"dateModified\":\"2021-04-16T07:44:30+00:00\",\"mainEntityOfPage\":{\"@id\":\"https:\\\/\\\/www.latribunedufaso.net\\\/?p=3033\"},\"wordCount\":1083,\"commentCount\":0,\"publisher\":{\"@id\":\"https:\\\/\\\/www.latribunedufaso.net\\\/#organization\"},\"image\":{\"@id\":\"https:\\\/\\\/www.latribunedufaso.net\\\/?p=3033#primaryimage\"},\"thumbnailUrl\":\"https:\\\/\\\/www.latribunedufaso.net\\\/wp-content\\\/uploads\\\/2021\\\/04\\\/IMG-20210415-WA0036.jpg\",\"articleSection\":[\"A la une\",\"Actualit\u00e9\",\"Energie\"],\"inLanguage\":\"fr-FR\",\"potentialAction\":[{\"@type\":\"CommentAction\",\"name\":\"Comment\",\"target\":[\"https:\\\/\\\/www.latribunedufaso.net\\\/?p=3033#respond\"]}]},{\"@type\":\"WebPage\",\"@id\":\"https:\\\/\\\/www.latribunedufaso.net\\\/?p=3033\",\"url\":\"https:\\\/\\\/www.latribunedufaso.net\\\/?p=3033\",\"name\":\"Second compact \u00a0: Officiellement install\u00e9, le COS tient sa 1re session de travail - La Tribune du Faso\",\"isPartOf\":{\"@id\":\"https:\\\/\\\/www.latribunedufaso.net\\\/#website\"},\"primaryImageOfPage\":{\"@id\":\"https:\\\/\\\/www.latribunedufaso.net\\\/?p=3033#primaryimage\"},\"image\":{\"@id\":\"https:\\\/\\\/www.latribunedufaso.net\\\/?p=3033#primaryimage\"},\"thumbnailUrl\":\"https:\\\/\\\/www.latribunedufaso.net\\\/wp-content\\\/uploads\\\/2021\\\/04\\\/IMG-20210415-WA0036.jpg\",\"datePublished\":\"2021-04-16T07:40:58+00:00\",\"dateModified\":\"2021-04-16T07:44:30+00:00\",\"breadcrumb\":{\"@id\":\"https:\\\/\\\/www.latribunedufaso.net\\\/?p=3033#breadcrumb\"},\"inLanguage\":\"fr-FR\",\"potentialAction\":[{\"@type\":\"ReadAction\",\"target\":[\"https:\\\/\\\/www.latribunedufaso.net\\\/?p=3033\"]}]},{\"@type\":\"ImageObject\",\"inLanguage\":\"fr-FR\",\"@id\":\"https:\\\/\\\/www.latribunedufaso.net\\\/?p=3033#primaryimage\",\"url\":\"https:\\\/\\\/www.latribunedufaso.net\\\/wp-content\\\/uploads\\\/2021\\\/04\\\/IMG-20210415-WA0036.jpg\",\"contentUrl\":\"https:\\\/\\\/www.latribunedufaso.net\\\/wp-content\\\/uploads\\\/2021\\\/04\\\/IMG-20210415-WA0036.jpg\",\"width\":976,\"height\":593},{\"@type\":\"BreadcrumbList\",\"@id\":\"https:\\\/\\\/www.latribunedufaso.net\\\/?p=3033#breadcrumb\",\"itemListElement\":[{\"@type\":\"ListItem\",\"position\":1,\"name\":\"Accueil\",\"item\":\"https:\\\/\\\/www.latribunedufaso.net\\\/\"},{\"@type\":\"ListItem\",\"position\":2,\"name\":\"Second compact \u00a0: Officiellement install\u00e9, le COS tient sa 1re session de travail\"}]},{\"@type\":\"WebSite\",\"@id\":\"https:\\\/\\\/www.latribunedufaso.net\\\/#website\",\"url\":\"https:\\\/\\\/www.latribunedufaso.net\\\/\",\"name\":\"La Tribune du Faso\",\"description\":\"L&#039;information du monde rural en un clic\",\"publisher\":{\"@id\":\"https:\\\/\\\/www.latribunedufaso.net\\\/#organization\"},\"potentialAction\":[{\"@type\":\"SearchAction\",\"target\":{\"@type\":\"EntryPoint\",\"urlTemplate\":\"https:\\\/\\\/www.latribunedufaso.net\\\/?s={search_term_string}\"},\"query-input\":{\"@type\":\"PropertyValueSpecification\",\"valueRequired\":true,\"valueName\":\"search_term_string\"}}],\"inLanguage\":\"fr-FR\"},{\"@type\":\"Organization\",\"@id\":\"https:\\\/\\\/www.latribunedufaso.net\\\/#organization\",\"name\":\"La Tribune du Faso\",\"url\":\"https:\\\/\\\/www.latribunedufaso.net\\\/\",\"logo\":{\"@type\":\"ImageObject\",\"inLanguage\":\"fr-FR\",\"@id\":\"https:\\\/\\\/www.latribunedufaso.net\\\/#\\\/schema\\\/logo\\\/image\\\/\",\"url\":\"https:\\\/\\\/www.latribunedufaso.net\\\/wp-content\\\/uploads\\\/2020\\\/08\\\/Logo-Tribune-du-Faso-final-scaled.jpg\",\"contentUrl\":\"https:\\\/\\\/www.latribunedufaso.net\\\/wp-content\\\/uploads\\\/2020\\\/08\\\/Logo-Tribune-du-Faso-final-scaled.jpg\",\"width\":2560,\"height\":1856,\"caption\":\"La Tribune du Faso\"},\"image\":{\"@id\":\"https:\\\/\\\/www.latribunedufaso.net\\\/#\\\/schema\\\/logo\\\/image\\\/\"},\"sameAs\":[\"https:\\\/\\\/www.facebook.com\\\/LatribuneduFaso\\\/\"]},{\"@type\":\"Person\",\"@id\":\"https:\\\/\\\/www.latribunedufaso.net\\\/#\\\/schema\\\/person\\\/a380782d0605bb8aae27c40ea93b35b1\",\"name\":\"Administrateur\",\"image\":{\"@type\":\"ImageObject\",\"inLanguage\":\"fr-FR\",\"@id\":\"https:\\\/\\\/secure.gravatar.com\\\/avatar\\\/e20266f97d741f0e80ba1f60283074a9b3317fd7bfb727e0d95b51dafbf854a1?s=96&d=mm&r=g\",\"url\":\"https:\\\/\\\/secure.gravatar.com\\\/avatar\\\/e20266f97d741f0e80ba1f60283074a9b3317fd7bfb727e0d95b51dafbf854a1?s=96&d=mm&r=g\",\"contentUrl\":\"https:\\\/\\\/secure.gravatar.com\\\/avatar\\\/e20266f97d741f0e80ba1f60283074a9b3317fd7bfb727e0d95b51dafbf854a1?s=96&d=mm&r=g\",\"caption\":\"Administrateur\"},\"url\":\"https:\\\/\\\/www.latribunedufaso.net\\\/?author=2\"}]}<\/script>\n<!-- \/ Yoast SEO plugin. -->","yoast_head_json":{"title":"Second compact \u00a0: Officiellement install\u00e9, le COS tient sa 1re session de travail - La Tribune du Faso","robots":{"index":"index","follow":"follow","max-snippet":"max-snippet:-1","max-image-preview":"max-image-preview:large","max-video-preview":"max-video-preview:-1"},"canonical":"https:\/\/www.latribunedufaso.net\/?p=3033","og_locale":"fr_FR","og_type":"article","og_title":"Second compact \u00a0: Officiellement install\u00e9, le COS tient sa 1re session de travail - La Tribune du Faso","og_description":"Le premier ministre, Christophe Dabir\u00e9, a pr\u00e9sid\u00e9 ce jeudi 15 avril 2021, \u00e0 Ouagadougou, la c\u00e9r\u00e9monie d\u2019ouverture de la session inaugurale du Comit\u00e9 d\u2019orientation et de suivi (COS) du Millenium challenge account Burkina Faso II (MCA-Burkina Faso II) et la c\u00e9r\u00e9monie officielle d\u2019installation des membres dudit comit\u00e9. Le comit\u00e9 est compos\u00e9 de onze membres votants d\u00e9sign\u00e9s selon une logique tripartite int\u00e9grant le gouvernement, le secteur priv\u00e9 et la soci\u00e9t\u00e9 civile.","og_url":"https:\/\/www.latribunedufaso.net\/?p=3033","og_site_name":"La Tribune du Faso","article_publisher":"https:\/\/www.facebook.com\/LatribuneduFaso\/","article_published_time":"2021-04-16T07:40:58+00:00","article_modified_time":"2021-04-16T07:44:30+00:00","og_image":[{"width":976,"height":593,"url":"https:\/\/latribunedufaso.net\/wp-content\/uploads\/2021\/04\/IMG-20210415-WA0036.jpg","type":"image\/jpeg"}],"author":"Administrateur","twitter_misc":{"\u00c9crit par":"Administrateur","Dur\u00e9e de lecture estim\u00e9e":"5 minutes"},"schema":{"@context":"https:\/\/schema.org","@graph":[{"@type":"Article","@id":"https:\/\/www.latribunedufaso.net\/?p=3033#article","isPartOf":{"@id":"https:\/\/www.latribunedufaso.net\/?p=3033"},"author":{"name":"Administrateur","@id":"https:\/\/www.latribunedufaso.net\/#\/schema\/person\/a380782d0605bb8aae27c40ea93b35b1"},"headline":"Second compact \u00a0: Officiellement install\u00e9, le COS tient sa 1re session de travail","datePublished":"2021-04-16T07:40:58+00:00","dateModified":"2021-04-16T07:44:30+00:00","mainEntityOfPage":{"@id":"https:\/\/www.latribunedufaso.net\/?p=3033"},"wordCount":1083,"commentCount":0,"publisher":{"@id":"https:\/\/www.latribunedufaso.net\/#organization"},"image":{"@id":"https:\/\/www.latribunedufaso.net\/?p=3033#primaryimage"},"thumbnailUrl":"https:\/\/www.latribunedufaso.net\/wp-content\/uploads\/2021\/04\/IMG-20210415-WA0036.jpg","articleSection":["A la une","Actualit\u00e9","Energie"],"inLanguage":"fr-FR","potentialAction":[{"@type":"CommentAction","name":"Comment","target":["https:\/\/www.latribunedufaso.net\/?p=3033#respond"]}]},{"@type":"WebPage","@id":"https:\/\/www.latribunedufaso.net\/?p=3033","url":"https:\/\/www.latribunedufaso.net\/?p=3033","name":"Second compact \u00a0: Officiellement install\u00e9, le COS tient sa 1re session de travail - La Tribune du Faso","isPartOf":{"@id":"https:\/\/www.latribunedufaso.net\/#website"},"primaryImageOfPage":{"@id":"https:\/\/www.latribunedufaso.net\/?p=3033#primaryimage"},"image":{"@id":"https:\/\/www.latribunedufaso.net\/?p=3033#primaryimage"},"thumbnailUrl":"https:\/\/www.latribunedufaso.net\/wp-content\/uploads\/2021\/04\/IMG-20210415-WA0036.jpg","datePublished":"2021-04-16T07:40:58+00:00","dateModified":"2021-04-16T07:44:30+00:00","breadcrumb":{"@id":"https:\/\/www.latribunedufaso.net\/?p=3033#breadcrumb"},"inLanguage":"fr-FR","potentialAction":[{"@type":"ReadAction","target":["https:\/\/www.latribunedufaso.net\/?p=3033"]}]},{"@type":"ImageObject","inLanguage":"fr-FR","@id":"https:\/\/www.latribunedufaso.net\/?p=3033#primaryimage","url":"https:\/\/www.latribunedufaso.net\/wp-content\/uploads\/2021\/04\/IMG-20210415-WA0036.jpg","contentUrl":"https:\/\/www.latribunedufaso.net\/wp-content\/uploads\/2021\/04\/IMG-20210415-WA0036.jpg","width":976,"height":593},{"@type":"BreadcrumbList","@id":"https:\/\/www.latribunedufaso.net\/?p=3033#breadcrumb","itemListElement":[{"@type":"ListItem","position":1,"name":"Accueil","item":"https:\/\/www.latribunedufaso.net\/"},{"@type":"ListItem","position":2,"name":"Second compact \u00a0: Officiellement install\u00e9, le COS tient sa 1re session de travail"}]},{"@type":"WebSite","@id":"https:\/\/www.latribunedufaso.net\/#website","url":"https:\/\/www.latribunedufaso.net\/","name":"La Tribune du Faso","description":"L&#039;information du monde rural en un clic","publisher":{"@id":"https:\/\/www.latribunedufaso.net\/#organization"},"potentialAction":[{"@type":"SearchAction","target":{"@type":"EntryPoint","urlTemplate":"https:\/\/www.latribunedufaso.net\/?s={search_term_string}"},"query-input":{"@type":"PropertyValueSpecification","valueRequired":true,"valueName":"search_term_string"}}],"inLanguage":"fr-FR"},{"@type":"Organization","@id":"https:\/\/www.latribunedufaso.net\/#organization","name":"La Tribune du Faso","url":"https:\/\/www.latribunedufaso.net\/","logo":{"@type":"ImageObject","inLanguage":"fr-FR","@id":"https:\/\/www.latribunedufaso.net\/#\/schema\/logo\/image\/","url":"https:\/\/www.latribunedufaso.net\/wp-content\/uploads\/2020\/08\/Logo-Tribune-du-Faso-final-scaled.jpg","contentUrl":"https:\/\/www.latribunedufaso.net\/wp-content\/uploads\/2020\/08\/Logo-Tribune-du-Faso-final-scaled.jpg","width":2560,"height":1856,"caption":"La Tribune du Faso"},"image":{"@id":"https:\/\/www.latribunedufaso.net\/#\/schema\/logo\/image\/"},"sameAs":["https:\/\/www.facebook.com\/LatribuneduFaso\/"]},{"@type":"Person","@id":"https:\/\/www.latribunedufaso.net\/#\/schema\/person\/a380782d0605bb8aae27c40ea93b35b1","name":"Administrateur","image":{"@type":"ImageObject","inLanguage":"fr-FR","@id":"https:\/\/secure.gravatar.com\/avatar\/e20266f97d741f0e80ba1f60283074a9b3317fd7bfb727e0d95b51dafbf854a1?s=96&d=mm&r=g","url":"https:\/\/secure.gravatar.com\/avatar\/e20266f97d741f0e80ba1f60283074a9b3317fd7bfb727e0d95b51dafbf854a1?s=96&d=mm&r=g","contentUrl":"https:\/\/secure.gravatar.com\/avatar\/e20266f97d741f0e80ba1f60283074a9b3317fd7bfb727e0d95b51dafbf854a1?s=96&d=mm&r=g","caption":"Administrateur"},"url":"https:\/\/www.latribunedufaso.net\/?author=2"}]}},"_links":{"self":[{"href":"https:\/\/www.latribunedufaso.net\/index.php?rest_route=\/wp\/v2\/posts\/3033","targetHints":{"allow":["GET"]}}],"collection":[{"href":"https:\/\/www.latribunedufaso.net\/index.php?rest_route=\/wp\/v2\/posts"}],"about":[{"href":"https:\/\/www.latribunedufaso.net\/index.php?rest_route=\/wp\/v2\/types\/post"}],"author":[{"embeddable":true,"href":"https:\/\/www.latribunedufaso.net\/index.php?rest_route=\/wp\/v2\/users\/2"}],"replies":[{"embeddable":true,"href":"https:\/\/www.latribunedufaso.net\/index.php?rest_route=%2Fwp%2Fv2%2Fcomments&post=3033"}],"version-history":[{"count":1,"href":"https:\/\/www.latribunedufaso.net\/index.php?rest_route=\/wp\/v2\/posts\/3033\/revisions"}],"predecessor-version":[{"id":3041,"href":"https:\/\/www.latribunedufaso.net\/index.php?rest_route=\/wp\/v2\/posts\/3033\/revisions\/3041"}],"wp:featuredmedia":[{"embeddable":true,"href":"https:\/\/www.latribunedufaso.net\/index.php?rest_route=\/wp\/v2\/media\/3039"}],"wp:attachment":[{"href":"https:\/\/www.latribunedufaso.net\/index.php?rest_route=%2Fwp%2Fv2%2Fmedia&parent=3033"}],"wp:term":[{"taxonomy":"category","embeddable":true,"href":"https:\/\/www.latribunedufaso.net\/index.php?rest_route=%2Fwp%2Fv2%2Fcategories&post=3033"},{"taxonomy":"post_tag","embeddable":true,"href":"https:\/\/www.latribunedufaso.net\/index.php?rest_route=%2Fwp%2Fv2%2Ftags&post=3033"}],"curies":[{"name":"wp","href":"https:\/\/api.w.org\/{rel}","templated":true}]}}