{"id":3026,"date":"2021-04-14T18:30:23","date_gmt":"2021-04-14T18:30:23","guid":{"rendered":"https:\/\/www.latribunedufaso.net\/?p=3026"},"modified":"2021-04-14T18:30:23","modified_gmt":"2021-04-14T18:30:23","slug":"commune-de-ouagadougou-2-mois-sans-salaire-tu-deviens-un-criminel-porte-parole-des-manifestants","status":"publish","type":"post","link":"https:\/\/www.latribunedufaso.net\/?p=3026","title":{"rendered":"Commune de Ouagadougou : \u00ab\u00a02 mois sans salaire, tu deviens un criminel\u00a0\u00bb, porte-parole des manifestants"},"content":{"rendered":"<p><strong><span style=\"font-size: 1.0625rem;\">Les agents des services techniques de la mairie centrale de Ouagadougou, en mouvement d\u2019humeur ce mercredi 14 avril 2021, devant la mairie, ont r\u00e9clam\u00e9 deux mois d\u2019arri\u00e9r\u00e9s de salaire. Plus de 400 agents seraient concern\u00e9s par cette situation.<\/span><\/strong><br \/>\n<!--more--><\/p>\n<p><a href=\"https:\/\/latribunedufaso.net\/wp-content\/uploads\/2021\/04\/IMG-20210414-WA0004.jpg\"><img loading=\"lazy\" decoding=\"async\" class=\"size-medium wp-image-3030 aligncenter\" src=\"https:\/\/latribunedufaso.net\/wp-content\/uploads\/2021\/04\/IMG-20210414-WA0004-300x135.jpg\" alt=\"\" width=\"300\" height=\"135\" srcset=\"https:\/\/www.latribunedufaso.net\/wp-content\/uploads\/2021\/04\/IMG-20210414-WA0004-300x135.jpg 300w, https:\/\/www.latribunedufaso.net\/wp-content\/uploads\/2021\/04\/IMG-20210414-WA0004-1024x461.jpg 1024w, https:\/\/www.latribunedufaso.net\/wp-content\/uploads\/2021\/04\/IMG-20210414-WA0004-768x346.jpg 768w, https:\/\/www.latribunedufaso.net\/wp-content\/uploads\/2021\/04\/IMG-20210414-WA0004.jpg 1040w\" sizes=\"auto, (max-width: 300px) 100vw, 300px\" \/><\/a> Apr\u00e8s le r\u00e9cent mouvement d\u2019humeur du 15 mars 2021, des agents des services techniques de la mairie centrale se sont une fois de plus fait entendre devant la mairie centrale de Ouagadougou. Ils ont r\u00e9clam\u00e9 les arri\u00e9r\u00e9es de salaire des mois de f\u00e9vrier et mars 2021. \u00ab\u00a0Le maire nous a donn\u00e9 un papier qui montre qu\u2019on peut travailler, et on a travaill\u00e9 2 mois sans salaire\u00a0; 2 mois sans salaire tu deviens un criminel. Nous avons aussi des familles \u00e0 g\u00e9rer.\u00a0\u00bb, a d\u00e9clar\u00e9 Sayouba Sankara, porte-parole des manifestants. Des dires de ce dernier, neuf corps de m\u00e9tiers sont dans cette situation d\u2019irr\u00e9gularit\u00e9 salariale. \u00ab\u00a0On a ceux de l\u2019espace vert, ceux des bennes casseuses, les cantonniers, les ouvriers du centre de collecte de Toubw\u00e9ogo, les agents du centre d\u2019enfilement technique de Pallosgo, les jardiniers, les d\u00e9corateurs et les gardiens des sites de cimeti\u00e8res \u00bb, a-t-il cit\u00e9 tout en informant que les gardiens des sites de cimeti\u00e8res sont toujours en activit\u00e9 vu la sensibilit\u00e9 de leurs t\u00e2ches, mais sont concern\u00e9s par le mouvement d\u2019humeur. Pour cette autre manifestation devant la mairie centrale, les manifestants \u00e9taient beaucoup plus cat\u00e9goriques\u00a0: rencontrer le maire central ou \u00e9lire domicile devant la mairie.<\/p>\n<p>Cette audace leur profitera, car ils seront re\u00e7us \u00e0 huis clos par le maire Armand B\u00e9ouind\u00e9. Au sortir de cette rencontre, Nouph\u00e9 Bamogo, responsable national charg\u00e9 des conflits de travail \u00e0 la Conf\u00e9d\u00e9ration syndicale burkinab\u00e9 (CSB), l\u2019une des six centrales syndicales du Burkina Faso, indique que le maire promet de r\u00e9gulariser la situation salariale de ses plus de 400 agents concern\u00e9s. \u00ab \u00c0 l\u2019issue de cette rencontre \u00e0 huis clos avec le maire, nous sommes satisfaits. Le maire a promis que d\u2019ici les 48 heures \u00e0 venir les ouvriers auront leurs arri\u00e9r\u00e9s de salaire.\u00a0\u00bb, a-t-il dit. Sur d\u2019autres points, qui constituent \u00e9galement un m\u00e9contentement pour les travailleurs, \u00e0 savoir la r\u00e9gularisation administrative et professionnelle de leur situation, il laisse entendre que le maire a pris l\u2019engagement de r\u00e9soudre les pr\u00e9occupations dans les mois \u00e0 venir.<\/p>\n<p>Nouph\u00e9 Bamogo pr\u00e9cise par ailleurs que c\u2019est la premi\u00e8re fois, depuis l\u2019\u00e9lection de M. B\u00e9ouind\u00e9 \u00e0 la t\u00eate de la mairie centrale de Ouagadougou, qu\u2019il \u00e9change de mani\u00e8re \u00ab\u00a0confidentielle avec les \u00a0braves ouvriers\u00a0\u00bb. Il a en somme apport\u00e9 la pr\u00e9cision que lesdits ouvriers ne sont pas \u00e0 confondre avec la brigade verte.<\/p>\n<p>Il est finalement revenu sur le nombre des agents travaillant au compte de la mairie d\u00e9c\u00e9d\u00e9s sans b\u00e9n\u00e9ficier de la pension retraite, qui est pass\u00e9 de 19 \u00e0 20, \u00e0 la date du samedi 10 avril 2021.<\/p>\n<p><strong>Tiba Kassamse Ou\u00e9draogo<\/strong><br \/>\n<strong>Latribunedufaso.net<\/strong><\/p>\n","protected":false},"excerpt":{"rendered":"<p>Les agents des services techniques de la mairie centrale de Ouagadougou, en mouvement d\u2019humeur ce mercredi 14 avril 2021, devant la mairie, ont r\u00e9clam\u00e9 deux mois d\u2019arri\u00e9r\u00e9s de salaire. Plus de 400 agents seraient concern\u00e9s par cette situation.<\/p>\n","protected":false},"author":2,"featured_media":3029,"comment_status":"open","ping_status":"open","sticky":false,"template":"","format":"standard","meta":{"footnotes":""},"categories":[13,1,8],"tags":[],"class_list":["post-3026","post","type-post","status-publish","format-standard","has-post-thumbnail","hentry","category-une","category-actu","category-societe"],"yoast_head":"<!-- This site is optimized with the Yoast SEO plugin v27.4 - https:\/\/yoast.com\/product\/yoast-seo-wordpress\/ -->\n<title>Commune de Ouagadougou : \u00ab\u00a02 mois sans salaire, tu deviens un criminel\u00a0\u00bb, porte-parole des manifestants - La Tribune du Faso<\/title>\n<meta name=\"robots\" content=\"index, follow, max-snippet:-1, max-image-preview:large, max-video-preview:-1\" \/>\n<link rel=\"canonical\" href=\"https:\/\/www.latribunedufaso.net\/?p=3026\" \/>\n<meta property=\"og:locale\" content=\"fr_FR\" \/>\n<meta property=\"og:type\" content=\"article\" \/>\n<meta property=\"og:title\" content=\"Commune de Ouagadougou : \u00ab\u00a02 mois sans salaire, tu deviens un criminel\u00a0\u00bb, porte-parole des manifestants - La Tribune du Faso\" \/>\n<meta property=\"og:description\" content=\"Les agents des services techniques de la mairie centrale de Ouagadougou, en mouvement d\u2019humeur ce mercredi 14 avril 2021, devant la mairie, ont r\u00e9clam\u00e9 deux mois d\u2019arri\u00e9r\u00e9s de salaire. Plus de 400 agents seraient concern\u00e9s par cette situation.\" \/>\n<meta property=\"og:url\" content=\"https:\/\/www.latribunedufaso.net\/?p=3026\" \/>\n<meta property=\"og:site_name\" content=\"La Tribune du Faso\" \/>\n<meta property=\"article:publisher\" content=\"https:\/\/www.facebook.com\/LatribuneduFaso\/\" \/>\n<meta property=\"article:published_time\" content=\"2021-04-14T18:30:23+00:00\" \/>\n<meta property=\"og:image\" content=\"https:\/\/latribunedufaso.net\/wp-content\/uploads\/2021\/04\/IMG-20210414-WA0006.jpg\" \/>\n\t<meta property=\"og:image:width\" content=\"1040\" \/>\n\t<meta property=\"og:image:height\" content=\"468\" \/>\n\t<meta property=\"og:image:type\" content=\"image\/jpeg\" \/>\n<meta name=\"author\" content=\"Administrateur\" \/>\n<meta name=\"twitter:label1\" content=\"\u00c9crit par\" \/>\n\t<meta name=\"twitter:data1\" content=\"Administrateur\" \/>\n\t<meta name=\"twitter:label2\" content=\"Dur\u00e9e de lecture estim\u00e9e\" \/>\n\t<meta name=\"twitter:data2\" content=\"2 minutes\" \/>\n<script type=\"application\/ld+json\" class=\"yoast-schema-graph\">{\"@context\":\"https:\\\/\\\/schema.org\",\"@graph\":[{\"@type\":\"Article\",\"@id\":\"https:\\\/\\\/www.latribunedufaso.net\\\/?p=3026#article\",\"isPartOf\":{\"@id\":\"https:\\\/\\\/www.latribunedufaso.net\\\/?p=3026\"},\"author\":{\"name\":\"Administrateur\",\"@id\":\"https:\\\/\\\/www.latribunedufaso.net\\\/#\\\/schema\\\/person\\\/a380782d0605bb8aae27c40ea93b35b1\"},\"headline\":\"Commune de Ouagadougou : \u00ab\u00a02 mois sans salaire, tu deviens un criminel\u00a0\u00bb, porte-parole des manifestants\",\"datePublished\":\"2021-04-14T18:30:23+00:00\",\"mainEntityOfPage\":{\"@id\":\"https:\\\/\\\/www.latribunedufaso.net\\\/?p=3026\"},\"wordCount\":509,\"commentCount\":0,\"publisher\":{\"@id\":\"https:\\\/\\\/www.latribunedufaso.net\\\/#organization\"},\"image\":{\"@id\":\"https:\\\/\\\/www.latribunedufaso.net\\\/?p=3026#primaryimage\"},\"thumbnailUrl\":\"https:\\\/\\\/www.latribunedufaso.net\\\/wp-content\\\/uploads\\\/2021\\\/04\\\/IMG-20210414-WA0006.jpg\",\"articleSection\":[\"A la une\",\"Actualit\u00e9\",\"Soci\u00e9t\u00e9\"],\"inLanguage\":\"fr-FR\",\"potentialAction\":[{\"@type\":\"CommentAction\",\"name\":\"Comment\",\"target\":[\"https:\\\/\\\/www.latribunedufaso.net\\\/?p=3026#respond\"]}]},{\"@type\":\"WebPage\",\"@id\":\"https:\\\/\\\/www.latribunedufaso.net\\\/?p=3026\",\"url\":\"https:\\\/\\\/www.latribunedufaso.net\\\/?p=3026\",\"name\":\"Commune de Ouagadougou : \u00ab\u00a02 mois sans salaire, tu deviens un criminel\u00a0\u00bb, porte-parole des manifestants - La Tribune du Faso\",\"isPartOf\":{\"@id\":\"https:\\\/\\\/www.latribunedufaso.net\\\/#website\"},\"primaryImageOfPage\":{\"@id\":\"https:\\\/\\\/www.latribunedufaso.net\\\/?p=3026#primaryimage\"},\"image\":{\"@id\":\"https:\\\/\\\/www.latribunedufaso.net\\\/?p=3026#primaryimage\"},\"thumbnailUrl\":\"https:\\\/\\\/www.latribunedufaso.net\\\/wp-content\\\/uploads\\\/2021\\\/04\\\/IMG-20210414-WA0006.jpg\",\"datePublished\":\"2021-04-14T18:30:23+00:00\",\"breadcrumb\":{\"@id\":\"https:\\\/\\\/www.latribunedufaso.net\\\/?p=3026#breadcrumb\"},\"inLanguage\":\"fr-FR\",\"potentialAction\":[{\"@type\":\"ReadAction\",\"target\":[\"https:\\\/\\\/www.latribunedufaso.net\\\/?p=3026\"]}]},{\"@type\":\"ImageObject\",\"inLanguage\":\"fr-FR\",\"@id\":\"https:\\\/\\\/www.latribunedufaso.net\\\/?p=3026#primaryimage\",\"url\":\"https:\\\/\\\/www.latribunedufaso.net\\\/wp-content\\\/uploads\\\/2021\\\/04\\\/IMG-20210414-WA0006.jpg\",\"contentUrl\":\"https:\\\/\\\/www.latribunedufaso.net\\\/wp-content\\\/uploads\\\/2021\\\/04\\\/IMG-20210414-WA0006.jpg\",\"width\":1040,\"height\":468},{\"@type\":\"BreadcrumbList\",\"@id\":\"https:\\\/\\\/www.latribunedufaso.net\\\/?p=3026#breadcrumb\",\"itemListElement\":[{\"@type\":\"ListItem\",\"position\":1,\"name\":\"Accueil\",\"item\":\"https:\\\/\\\/www.latribunedufaso.net\\\/\"},{\"@type\":\"ListItem\",\"position\":2,\"name\":\"Commune de Ouagadougou : \u00ab\u00a02 mois sans salaire, tu deviens un criminel\u00a0\u00bb, porte-parole des manifestants\"}]},{\"@type\":\"WebSite\",\"@id\":\"https:\\\/\\\/www.latribunedufaso.net\\\/#website\",\"url\":\"https:\\\/\\\/www.latribunedufaso.net\\\/\",\"name\":\"La Tribune du Faso\",\"description\":\"L&#039;information du monde rural en un clic\",\"publisher\":{\"@id\":\"https:\\\/\\\/www.latribunedufaso.net\\\/#organization\"},\"potentialAction\":[{\"@type\":\"SearchAction\",\"target\":{\"@type\":\"EntryPoint\",\"urlTemplate\":\"https:\\\/\\\/www.latribunedufaso.net\\\/?s={search_term_string}\"},\"query-input\":{\"@type\":\"PropertyValueSpecification\",\"valueRequired\":true,\"valueName\":\"search_term_string\"}}],\"inLanguage\":\"fr-FR\"},{\"@type\":\"Organization\",\"@id\":\"https:\\\/\\\/www.latribunedufaso.net\\\/#organization\",\"name\":\"La Tribune du Faso\",\"url\":\"https:\\\/\\\/www.latribunedufaso.net\\\/\",\"logo\":{\"@type\":\"ImageObject\",\"inLanguage\":\"fr-FR\",\"@id\":\"https:\\\/\\\/www.latribunedufaso.net\\\/#\\\/schema\\\/logo\\\/image\\\/\",\"url\":\"https:\\\/\\\/www.latribunedufaso.net\\\/wp-content\\\/uploads\\\/2020\\\/08\\\/Logo-Tribune-du-Faso-final-scaled.jpg\",\"contentUrl\":\"https:\\\/\\\/www.latribunedufaso.net\\\/wp-content\\\/uploads\\\/2020\\\/08\\\/Logo-Tribune-du-Faso-final-scaled.jpg\",\"width\":2560,\"height\":1856,\"caption\":\"La Tribune du Faso\"},\"image\":{\"@id\":\"https:\\\/\\\/www.latribunedufaso.net\\\/#\\\/schema\\\/logo\\\/image\\\/\"},\"sameAs\":[\"https:\\\/\\\/www.facebook.com\\\/LatribuneduFaso\\\/\"]},{\"@type\":\"Person\",\"@id\":\"https:\\\/\\\/www.latribunedufaso.net\\\/#\\\/schema\\\/person\\\/a380782d0605bb8aae27c40ea93b35b1\",\"name\":\"Administrateur\",\"image\":{\"@type\":\"ImageObject\",\"inLanguage\":\"fr-FR\",\"@id\":\"https:\\\/\\\/secure.gravatar.com\\\/avatar\\\/e20266f97d741f0e80ba1f60283074a9b3317fd7bfb727e0d95b51dafbf854a1?s=96&d=mm&r=g\",\"url\":\"https:\\\/\\\/secure.gravatar.com\\\/avatar\\\/e20266f97d741f0e80ba1f60283074a9b3317fd7bfb727e0d95b51dafbf854a1?s=96&d=mm&r=g\",\"contentUrl\":\"https:\\\/\\\/secure.gravatar.com\\\/avatar\\\/e20266f97d741f0e80ba1f60283074a9b3317fd7bfb727e0d95b51dafbf854a1?s=96&d=mm&r=g\",\"caption\":\"Administrateur\"},\"url\":\"https:\\\/\\\/www.latribunedufaso.net\\\/?author=2\"}]}<\/script>\n<!-- \/ Yoast SEO plugin. -->","yoast_head_json":{"title":"Commune de Ouagadougou : \u00ab\u00a02 mois sans salaire, tu deviens un criminel\u00a0\u00bb, porte-parole des manifestants - La Tribune du Faso","robots":{"index":"index","follow":"follow","max-snippet":"max-snippet:-1","max-image-preview":"max-image-preview:large","max-video-preview":"max-video-preview:-1"},"canonical":"https:\/\/www.latribunedufaso.net\/?p=3026","og_locale":"fr_FR","og_type":"article","og_title":"Commune de Ouagadougou : \u00ab\u00a02 mois sans salaire, tu deviens un criminel\u00a0\u00bb, porte-parole des manifestants - La Tribune du Faso","og_description":"Les agents des services techniques de la mairie centrale de Ouagadougou, en mouvement d\u2019humeur ce mercredi 14 avril 2021, devant la mairie, ont r\u00e9clam\u00e9 deux mois d\u2019arri\u00e9r\u00e9s de salaire. Plus de 400 agents seraient concern\u00e9s par cette situation.","og_url":"https:\/\/www.latribunedufaso.net\/?p=3026","og_site_name":"La Tribune du Faso","article_publisher":"https:\/\/www.facebook.com\/LatribuneduFaso\/","article_published_time":"2021-04-14T18:30:23+00:00","og_image":[{"width":1040,"height":468,"url":"https:\/\/latribunedufaso.net\/wp-content\/uploads\/2021\/04\/IMG-20210414-WA0006.jpg","type":"image\/jpeg"}],"author":"Administrateur","twitter_misc":{"\u00c9crit par":"Administrateur","Dur\u00e9e de lecture estim\u00e9e":"2 minutes"},"schema":{"@context":"https:\/\/schema.org","@graph":[{"@type":"Article","@id":"https:\/\/www.latribunedufaso.net\/?p=3026#article","isPartOf":{"@id":"https:\/\/www.latribunedufaso.net\/?p=3026"},"author":{"name":"Administrateur","@id":"https:\/\/www.latribunedufaso.net\/#\/schema\/person\/a380782d0605bb8aae27c40ea93b35b1"},"headline":"Commune de Ouagadougou : \u00ab\u00a02 mois sans salaire, tu deviens un criminel\u00a0\u00bb, porte-parole des manifestants","datePublished":"2021-04-14T18:30:23+00:00","mainEntityOfPage":{"@id":"https:\/\/www.latribunedufaso.net\/?p=3026"},"wordCount":509,"commentCount":0,"publisher":{"@id":"https:\/\/www.latribunedufaso.net\/#organization"},"image":{"@id":"https:\/\/www.latribunedufaso.net\/?p=3026#primaryimage"},"thumbnailUrl":"https:\/\/www.latribunedufaso.net\/wp-content\/uploads\/2021\/04\/IMG-20210414-WA0006.jpg","articleSection":["A la une","Actualit\u00e9","Soci\u00e9t\u00e9"],"inLanguage":"fr-FR","potentialAction":[{"@type":"CommentAction","name":"Comment","target":["https:\/\/www.latribunedufaso.net\/?p=3026#respond"]}]},{"@type":"WebPage","@id":"https:\/\/www.latribunedufaso.net\/?p=3026","url":"https:\/\/www.latribunedufaso.net\/?p=3026","name":"Commune de Ouagadougou : \u00ab\u00a02 mois sans salaire, tu deviens un criminel\u00a0\u00bb, porte-parole des manifestants - La Tribune du Faso","isPartOf":{"@id":"https:\/\/www.latribunedufaso.net\/#website"},"primaryImageOfPage":{"@id":"https:\/\/www.latribunedufaso.net\/?p=3026#primaryimage"},"image":{"@id":"https:\/\/www.latribunedufaso.net\/?p=3026#primaryimage"},"thumbnailUrl":"https:\/\/www.latribunedufaso.net\/wp-content\/uploads\/2021\/04\/IMG-20210414-WA0006.jpg","datePublished":"2021-04-14T18:30:23+00:00","breadcrumb":{"@id":"https:\/\/www.latribunedufaso.net\/?p=3026#breadcrumb"},"inLanguage":"fr-FR","potentialAction":[{"@type":"ReadAction","target":["https:\/\/www.latribunedufaso.net\/?p=3026"]}]},{"@type":"ImageObject","inLanguage":"fr-FR","@id":"https:\/\/www.latribunedufaso.net\/?p=3026#primaryimage","url":"https:\/\/www.latribunedufaso.net\/wp-content\/uploads\/2021\/04\/IMG-20210414-WA0006.jpg","contentUrl":"https:\/\/www.latribunedufaso.net\/wp-content\/uploads\/2021\/04\/IMG-20210414-WA0006.jpg","width":1040,"height":468},{"@type":"BreadcrumbList","@id":"https:\/\/www.latribunedufaso.net\/?p=3026#breadcrumb","itemListElement":[{"@type":"ListItem","position":1,"name":"Accueil","item":"https:\/\/www.latribunedufaso.net\/"},{"@type":"ListItem","position":2,"name":"Commune de Ouagadougou : \u00ab\u00a02 mois sans salaire, tu deviens un criminel\u00a0\u00bb, porte-parole des manifestants"}]},{"@type":"WebSite","@id":"https:\/\/www.latribunedufaso.net\/#website","url":"https:\/\/www.latribunedufaso.net\/","name":"La Tribune du Faso","description":"L&#039;information du monde rural en un clic","publisher":{"@id":"https:\/\/www.latribunedufaso.net\/#organization"},"potentialAction":[{"@type":"SearchAction","target":{"@type":"EntryPoint","urlTemplate":"https:\/\/www.latribunedufaso.net\/?s={search_term_string}"},"query-input":{"@type":"PropertyValueSpecification","valueRequired":true,"valueName":"search_term_string"}}],"inLanguage":"fr-FR"},{"@type":"Organization","@id":"https:\/\/www.latribunedufaso.net\/#organization","name":"La Tribune du Faso","url":"https:\/\/www.latribunedufaso.net\/","logo":{"@type":"ImageObject","inLanguage":"fr-FR","@id":"https:\/\/www.latribunedufaso.net\/#\/schema\/logo\/image\/","url":"https:\/\/www.latribunedufaso.net\/wp-content\/uploads\/2020\/08\/Logo-Tribune-du-Faso-final-scaled.jpg","contentUrl":"https:\/\/www.latribunedufaso.net\/wp-content\/uploads\/2020\/08\/Logo-Tribune-du-Faso-final-scaled.jpg","width":2560,"height":1856,"caption":"La Tribune du Faso"},"image":{"@id":"https:\/\/www.latribunedufaso.net\/#\/schema\/logo\/image\/"},"sameAs":["https:\/\/www.facebook.com\/LatribuneduFaso\/"]},{"@type":"Person","@id":"https:\/\/www.latribunedufaso.net\/#\/schema\/person\/a380782d0605bb8aae27c40ea93b35b1","name":"Administrateur","image":{"@type":"ImageObject","inLanguage":"fr-FR","@id":"https:\/\/secure.gravatar.com\/avatar\/e20266f97d741f0e80ba1f60283074a9b3317fd7bfb727e0d95b51dafbf854a1?s=96&d=mm&r=g","url":"https:\/\/secure.gravatar.com\/avatar\/e20266f97d741f0e80ba1f60283074a9b3317fd7bfb727e0d95b51dafbf854a1?s=96&d=mm&r=g","contentUrl":"https:\/\/secure.gravatar.com\/avatar\/e20266f97d741f0e80ba1f60283074a9b3317fd7bfb727e0d95b51dafbf854a1?s=96&d=mm&r=g","caption":"Administrateur"},"url":"https:\/\/www.latribunedufaso.net\/?author=2"}]}},"_links":{"self":[{"href":"https:\/\/www.latribunedufaso.net\/index.php?rest_route=\/wp\/v2\/posts\/3026","targetHints":{"allow":["GET"]}}],"collection":[{"href":"https:\/\/www.latribunedufaso.net\/index.php?rest_route=\/wp\/v2\/posts"}],"about":[{"href":"https:\/\/www.latribunedufaso.net\/index.php?rest_route=\/wp\/v2\/types\/post"}],"author":[{"embeddable":true,"href":"https:\/\/www.latribunedufaso.net\/index.php?rest_route=\/wp\/v2\/users\/2"}],"replies":[{"embeddable":true,"href":"https:\/\/www.latribunedufaso.net\/index.php?rest_route=%2Fwp%2Fv2%2Fcomments&post=3026"}],"version-history":[{"count":1,"href":"https:\/\/www.latribunedufaso.net\/index.php?rest_route=\/wp\/v2\/posts\/3026\/revisions"}],"predecessor-version":[{"id":3032,"href":"https:\/\/www.latribunedufaso.net\/index.php?rest_route=\/wp\/v2\/posts\/3026\/revisions\/3032"}],"wp:featuredmedia":[{"embeddable":true,"href":"https:\/\/www.latribunedufaso.net\/index.php?rest_route=\/wp\/v2\/media\/3029"}],"wp:attachment":[{"href":"https:\/\/www.latribunedufaso.net\/index.php?rest_route=%2Fwp%2Fv2%2Fmedia&parent=3026"}],"wp:term":[{"taxonomy":"category","embeddable":true,"href":"https:\/\/www.latribunedufaso.net\/index.php?rest_route=%2Fwp%2Fv2%2Fcategories&post=3026"},{"taxonomy":"post_tag","embeddable":true,"href":"https:\/\/www.latribunedufaso.net\/index.php?rest_route=%2Fwp%2Fv2%2Ftags&post=3026"}],"curies":[{"name":"wp","href":"https:\/\/api.w.org\/{rel}","templated":true}]}}