{"id":2980,"date":"2021-04-08T18:07:21","date_gmt":"2021-04-08T18:07:21","guid":{"rendered":"https:\/\/www.latribunedufaso.net\/?p=2980"},"modified":"2021-04-09T18:34:16","modified_gmt":"2021-04-09T18:34:16","slug":"rapport-2020-damnesty-international-quand-la-covid-19-fait-accroitre-latteinte-des-droits-humains","status":"publish","type":"post","link":"https:\/\/www.latribunedufaso.net\/?p=2980","title":{"rendered":"Rapport 2020 d&rsquo;Amnesty international : Quand la Covid-19 fait accroitre l\u2019atteinte des droits humains"},"content":{"rendered":"<p><strong><span style=\"font-size: 1.0625rem;\">Le rapport mondial annuel 2020\/21 de l\u2019Organisation non gouvernementale (ONG) Amnesty international a \u00e9t\u00e9 pr\u00e9sent\u00e9 le mercredi 7 avril 2021, \u00e0 Ouagadougou, au cours d\u2019une conf\u00e9rence de presse anim\u00e9e par Yves Boukari Traor\u00e9, Directeur ex\u00e9cutif de l\u2019ONG au Burkina Faso ; Moussa Ou\u00e9draogo, Coordonnateur de l\u2019ONG, charg\u00e9 de l&rsquo;\u00e9ducation en droits humains et Fatimata Ou\u00e9draogo, Coordonnatrice jeunes et genre de l\u2019ONG. Pr\u00e9senter globalement le document, dresser l\u2019\u00e9tat des lieux des droits humains au Burkina Faso et formuler des recommandations aux Etats et gouvernements africains ont \u00e9t\u00e9 les grands points de cette conf\u00e9rence de presse.<\/span><\/strong><br \/>\n<!--more--><\/p>\n<p><a href=\"https:\/\/latribunedufaso.net\/wp-content\/uploads\/2021\/04\/IMG-20210407-WA0022.jpg\"><img loading=\"lazy\" decoding=\"async\" class=\"size-medium wp-image-2983 aligncenter\" src=\"https:\/\/latribunedufaso.net\/wp-content\/uploads\/2021\/04\/IMG-20210407-WA0022-300x135.jpg\" alt=\"\" width=\"300\" height=\"135\" srcset=\"https:\/\/www.latribunedufaso.net\/wp-content\/uploads\/2021\/04\/IMG-20210407-WA0022-300x135.jpg 300w, https:\/\/www.latribunedufaso.net\/wp-content\/uploads\/2021\/04\/IMG-20210407-WA0022-1024x461.jpg 1024w, https:\/\/www.latribunedufaso.net\/wp-content\/uploads\/2021\/04\/IMG-20210407-WA0022-768x346.jpg 768w, https:\/\/www.latribunedufaso.net\/wp-content\/uploads\/2021\/04\/IMG-20210407-WA0022.jpg 1040w\" sizes=\"auto, (max-width: 300px) 100vw, 300px\" \/><\/a>La situation des droits humains en 2020 dans le monde a \u00e9t\u00e9 abord\u00e9e par Yves Boukari Traor\u00e9, directeur ex\u00e9cutif d\u2019Amnesty international Burkina. Il a fait savoir dans sa pr\u00e9sentation que les droits humains sont de plus en plus bafou\u00e9s par la majeure partie des gouvernements. Et a voulu pour preuve, les mesures prises dans le cadre de la lutte contre la pand\u00e9mie du Coronavirus, \u00ab la r\u00e9ponse \u00e0 la pand\u00e9mie a \u00e9t\u00e9 instrumentalis\u00e9e par les dirigeants qui ont impitoyablement utilis\u00e9 la crise covid pour lancer de nouvelles attaques contre les droits humains \u00bb, a-t-il soutenu, ajoutant que \u00ab\u00a0les r\u00e9ponses \u00e0 la pand\u00e9mie apport\u00e9es par les dirigeants ont \u00e9t\u00e9 marqu\u00e9s par l\u2019opportunisme, le m\u00e9pris total des droits humains\u00a0\u00bb, a-t-il dit en sus. Outre ces manquements, il \u00e9voque des cas de violences polici\u00e8res desquelles il estime un accroissement dans ladite p\u00e9riode. En guise d\u2019illustration, M. Traor\u00e9 cite le cas de la Philippine, pays o\u00f9 le pr\u00e9sident a donn\u00e9 l\u2019ordre aux policiers de tirer \u00e0 vue sur toutes personnes voulant perturber le syst\u00e8me de mesure de quarantaine mis en place\u00a0; l\u2019intensification de la violence polici\u00e8re au Br\u00e9sil dont on d\u00e9nombre au moins 3 181 personnes tu\u00e9es sur la p\u00e9riode de janvier \u00e0 juin 2020 soit une moyenne de 17 morts par jour.<\/p>\n<p>Le Coordonnateur charg\u00e9 de l&rsquo;\u00e9ducation en droits humains de l\u2019ONG, Moussa Ou\u00e9draogo, a \u00e9voqu\u00e9 la situation des droits humains dans la zone Afrique. Il a d\u2019embl\u00e9e indiqu\u00e9 que le pr\u00e9sent rapport a pris en compte 35 pays africains dont l\u2019Afrique au sud du Sahara en majorit\u00e9. A en croire la suite de son propos, les conflits arm\u00e9s et la pand\u00e9mie ont \u00e9t\u00e9 des vecteurs clefs dans le non-respect des droits humains dans la zone Afrique. \u00ab\u00a0Dans la plupart des conflits en Afrique, les Forces de d\u00e9fense et de s\u00e9curit\u00e9 (FDS), les groupes arm\u00e9s et les milices ont commis des atrocit\u00e9s contre les populations civiles en toute impunit\u00e9. Les groupes arm\u00e9s ont d\u00e9capit\u00e9 des civiles, incendi\u00e9 des maisons, pill\u00e9 des villages et enlev\u00e9 des femmes et des filles tandis que les Forces de s\u00e9curit\u00e9 ont arr\u00eat\u00e9, tortur\u00e9 et soumis \u00e0 des disparitions forc\u00e9es ou \u00e0 des ex\u00e9cutions extrajudiciaires des membres et sympathisants pr\u00e9sum\u00e9s des groupes arm\u00e9s\u00a0\u00bb, a-t-il laiss\u00e9 entendre. Il fait \u00e9galement savoir que le rapport de la zone Afrique renseigne que la pand\u00e9mie \u00e0 coronavirus a accentu\u00e9 les discriminations et cela, a \u00e9t\u00e9 ressentie par les politiques discriminatoires d\u00e9cid\u00e9es par les dirigeants de la r\u00e9gion Afrique \u00e0 l\u2019endroit des femmes, des personnes \u00e2g\u00e9es, des personnes r\u00e9fugi\u00e9es qui \u00e9taient d\u00e9j\u00e0 des personnes marginalis\u00e9es.<\/p>\n<p>Il note de m\u00eame, durant la p\u00e9riode du couvre-feu et le confinement, d\u00e9cid\u00e9s par les \u00c9tats pour contrer la pand\u00e9mie, une augmentation du nombre de violence conjugale. \u00ab\u00a0En Afrique du Sud, 21 femmes ont \u00e9t\u00e9 tu\u00e9es par leurs partenaires intimes et au Nig\u00e9ria, 3 600 cas de viol ont \u00e9t\u00e9 enregistr\u00e9s pendant le confinement.\u00a0\u00bb, a-t-il cit\u00e9. Terminant sur une note positive et d\u2019encouragement, il a attir\u00e9 l\u2019attention sur des avanc\u00e9s en mati\u00e8re de droits humains dans des pays comme le Soudan o\u00f9 une nouvelle loi a \u00e9t\u00e9 vot\u00e9e pour lutter contre les violences faites aux femmes, o\u00f9 l\u2019on a proc\u00e9d\u00e9 \u00e0 l\u2019\u00e9rection en infraction des mutilations g\u00e9nitales f\u00e9minines\u00a0; et en Sierra Leone, o\u00f9 il y a eu la lev\u00e9e de l\u2019interdiction faite aux jeunes filles enceintes de poursuivre leur scolarit\u00e9 et de passer les examens scolaires.<\/p>\n<p>Fatimata Ou\u00e9draogo, coordonnatrice jeunes et genre de l\u2019ONG, a, pour sa part, fait cas des droits humains au Burkina Faso. Selon sa lecture du rapport, de nombreux cas de non-respect des droits humains sont enregistr\u00e9s au Burkina. Elle met \u00e0 l\u2019actif du Burkina Faso, le non-respect du droit \u00e0 l&rsquo;\u00e9ducation avec la fermeture d&rsquo;environ 3 000 \u00e9tablissements scolaires pour des raisons de s\u00e9curit\u00e9 (en s\u2019appuyant sur des donn\u00e9es de l&rsquo;UNICEF)\u00a0; des ex\u00e9cutions extrajudiciaires avec l\u2019arrestation et l\u2019ex\u00e9cution de 31 personnes le 9 avril, \u00e0 Djibo, par des membres du Groupement des forces antiterroristes (GFAT) lors d\u2019une op\u00e9ration. En plus de ces manquements, la coordonnatrice jeunes et genre \u00e9voque aussi la restriction de la libert\u00e9 d\u2019expression et de r\u00e9union\u00a0; l\u2019incendie du v\u00e9hicule du journaliste d\u2019investigation du Courrier confidentiel, Yacouba Ladji Bama et l\u2019interdiction \u2018\u2019arbitraire\u2019\u2019 du conseil municipal de Ouagadougou d\u2019un sit-in devant le Palais de justice, organis\u00e9 par le Collectif contre l\u2019impunit\u00e9 et la stigmatisation des communaut\u00e9s (CISC).<\/p>\n<p>Les conf\u00e9renciers ont par ailleurs formul\u00e9 des recommandations \u00e0 l\u2019endroit des \u00c9tats africains pour le respect des droits humains. Ils ont d\u2019une part invit\u00e9, les \u00c9tats africains \u00e0 veiller \u00e0 ce que les FDS agissent dans le respect des normes internationales relatives aux droits humains concernant le recours \u00e0 la force et \u00e0 l\u2019utilisation des armes \u00e0 feux\u00a0;\u00a0au respect des droits \u00e0 la libert\u00e9 d\u2019expression, la libert\u00e9 de r\u00e9union pacifique, \u00e0 la libert\u00e9 de toutes les personnes d\u00e9tenues arbitrairement\u00a0; \u00e0 diligenter sans d\u00e9lais des enqu\u00eates efficaces et transparentes sur les all\u00e9gations de recours excessif \u00e0 la force face \u00e0 des manifestants\u00a0; \u00e0 traduire en justice les auteurs pr\u00e9sum\u00e9s de ces actes et faire en sorte que les victimes aient acc\u00e8s \u00e0 la justice. Et d\u2019autres part, \u00e0 mettre fin aux harc\u00e8lements et aux mani\u00e8res d\u2019intimidation visant les d\u00e9fenseurs des droits humains\u00a0; \u00e0 lib\u00e9rer imm\u00e9diatement et sans conditions ceux qui sont d\u00e9tenues en raisons de leur libert\u00e9 d\u2019expression\u00a0; au respect de la libert\u00e9 de la presse\u00a0; \u00e0 veiller \u00e0 ce que les m\u00e9dias soient libres de fonctionner en toute ind\u00e9pendance et \u00e0 ce que les professionnels de ce secteur puissent mener leur activit\u00e9 sans intimidation ou de harc\u00e8lement et sans avoir \u00e0 craindre des repr\u00e9sailles.<\/p>\n<p>En rappel, le rapport mondial annuel 2020\/21 d\u2019Amnesty international fait la synth\u00e8se de la situation des droits humains dans le monde, en Afrique et au Burkina Faso. Un document de 500 pages, qui rend compte de la situation des droits humains en 2020 dans 149 pays et inclut cinq r\u00e9sum\u00e9s r\u00e9gionaux ainsi qu\u2019une analyse mondiale. Il pr\u00e9sente les principaux motifs d\u2019inqui\u00e9tude de l\u2019Organisation non gouvernementale (ONG) et appelle \u00e0 l\u2019action les gouvernants et d\u2019autres acteurs.<\/p>\n<p><strong>Tiba Kassamse Ou\u00e9draogo<\/strong><br \/>\n<strong>Latribunedufaso.net<\/strong><\/p>\n","protected":false},"excerpt":{"rendered":"<p>Le rapport mondial annuel 2020\/21 de l\u2019Organisation non gouvernementale (ONG) Amnesty international a \u00e9t\u00e9 pr\u00e9sent\u00e9 le mercredi 7 avril 2021, \u00e0 Ouagadougou, au cours d\u2019une conf\u00e9rence de presse anim\u00e9e par Yves Boukari Traor\u00e9, Directeur ex\u00e9cutif de l\u2019ONG au Burkina Faso ; Moussa Ou\u00e9draogo, Coordonnateur de l\u2019ONG, charg\u00e9 de l&rsquo;\u00e9ducation en droits humains et Fatimata Ou\u00e9draogo, Coordonnatrice jeunes et genre de l\u2019ONG. Pr\u00e9senter globalement le document, dresser l\u2019\u00e9tat des lieux des droits humains au Burkina Faso et formuler des recommandations aux Etats et gouvernements africains ont \u00e9t\u00e9 les grands points de cette conf\u00e9rence de presse.<\/p>\n","protected":false},"author":2,"featured_media":2981,"comment_status":"open","ping_status":"open","sticky":false,"template":"","format":"standard","meta":{"footnotes":""},"categories":[13,1,8],"tags":[],"class_list":["post-2980","post","type-post","status-publish","format-standard","has-post-thumbnail","hentry","category-une","category-actu","category-societe"],"yoast_head":"<!-- This site is optimized with the Yoast SEO plugin v27.4 - https:\/\/yoast.com\/product\/yoast-seo-wordpress\/ -->\n<title>Rapport 2020 d&#039;Amnesty international : Quand la Covid-19 fait accroitre l\u2019atteinte des droits humains - La Tribune du Faso<\/title>\n<meta name=\"robots\" content=\"index, follow, max-snippet:-1, max-image-preview:large, max-video-preview:-1\" \/>\n<link rel=\"canonical\" href=\"https:\/\/www.latribunedufaso.net\/?p=2980\" \/>\n<meta property=\"og:locale\" content=\"fr_FR\" \/>\n<meta property=\"og:type\" content=\"article\" \/>\n<meta property=\"og:title\" content=\"Rapport 2020 d&#039;Amnesty international : Quand la Covid-19 fait accroitre l\u2019atteinte des droits humains - La Tribune du Faso\" \/>\n<meta property=\"og:description\" content=\"Le rapport mondial annuel 2020\/21 de l\u2019Organisation non gouvernementale (ONG) Amnesty international a \u00e9t\u00e9 pr\u00e9sent\u00e9 le mercredi 7 avril 2021, \u00e0 Ouagadougou, au cours d\u2019une conf\u00e9rence de presse anim\u00e9e par Yves Boukari Traor\u00e9, Directeur ex\u00e9cutif de l\u2019ONG au Burkina Faso ; Moussa Ou\u00e9draogo, Coordonnateur de l\u2019ONG, charg\u00e9 de l&rsquo;\u00e9ducation en droits humains et Fatimata Ou\u00e9draogo, Coordonnatrice jeunes et genre de l\u2019ONG. Pr\u00e9senter globalement le document, dresser l\u2019\u00e9tat des lieux des droits humains au Burkina Faso et formuler des recommandations aux Etats et gouvernements africains ont \u00e9t\u00e9 les grands points de cette conf\u00e9rence de presse.\" \/>\n<meta property=\"og:url\" content=\"https:\/\/www.latribunedufaso.net\/?p=2980\" \/>\n<meta property=\"og:site_name\" content=\"La Tribune du Faso\" \/>\n<meta property=\"article:publisher\" content=\"https:\/\/www.facebook.com\/LatribuneduFaso\/\" \/>\n<meta property=\"article:published_time\" content=\"2021-04-08T18:07:21+00:00\" \/>\n<meta property=\"article:modified_time\" content=\"2021-04-09T18:34:16+00:00\" \/>\n<meta property=\"og:image\" content=\"https:\/\/latribunedufaso.net\/wp-content\/uploads\/2021\/04\/IMG-20210407-WA0020.jpg\" \/>\n\t<meta property=\"og:image:width\" content=\"1040\" \/>\n\t<meta property=\"og:image:height\" content=\"468\" \/>\n\t<meta property=\"og:image:type\" content=\"image\/jpeg\" \/>\n<meta name=\"author\" content=\"Administrateur\" \/>\n<meta name=\"twitter:label1\" content=\"\u00c9crit par\" \/>\n\t<meta name=\"twitter:data1\" content=\"Administrateur\" \/>\n\t<meta name=\"twitter:label2\" content=\"Dur\u00e9e de lecture estim\u00e9e\" \/>\n\t<meta name=\"twitter:data2\" content=\"6 minutes\" \/>\n<script type=\"application\/ld+json\" class=\"yoast-schema-graph\">{\"@context\":\"https:\\\/\\\/schema.org\",\"@graph\":[{\"@type\":\"Article\",\"@id\":\"https:\\\/\\\/www.latribunedufaso.net\\\/?p=2980#article\",\"isPartOf\":{\"@id\":\"https:\\\/\\\/www.latribunedufaso.net\\\/?p=2980\"},\"author\":{\"name\":\"Administrateur\",\"@id\":\"https:\\\/\\\/www.latribunedufaso.net\\\/#\\\/schema\\\/person\\\/a380782d0605bb8aae27c40ea93b35b1\"},\"headline\":\"Rapport 2020 d&rsquo;Amnesty international : Quand la Covid-19 fait accroitre l\u2019atteinte des droits humains\",\"datePublished\":\"2021-04-08T18:07:21+00:00\",\"dateModified\":\"2021-04-09T18:34:16+00:00\",\"mainEntityOfPage\":{\"@id\":\"https:\\\/\\\/www.latribunedufaso.net\\\/?p=2980\"},\"wordCount\":1209,\"commentCount\":0,\"publisher\":{\"@id\":\"https:\\\/\\\/www.latribunedufaso.net\\\/#organization\"},\"image\":{\"@id\":\"https:\\\/\\\/www.latribunedufaso.net\\\/?p=2980#primaryimage\"},\"thumbnailUrl\":\"https:\\\/\\\/www.latribunedufaso.net\\\/wp-content\\\/uploads\\\/2021\\\/04\\\/IMG-20210407-WA0020.jpg\",\"articleSection\":[\"A la une\",\"Actualit\u00e9\",\"Soci\u00e9t\u00e9\"],\"inLanguage\":\"fr-FR\",\"potentialAction\":[{\"@type\":\"CommentAction\",\"name\":\"Comment\",\"target\":[\"https:\\\/\\\/www.latribunedufaso.net\\\/?p=2980#respond\"]}]},{\"@type\":\"WebPage\",\"@id\":\"https:\\\/\\\/www.latribunedufaso.net\\\/?p=2980\",\"url\":\"https:\\\/\\\/www.latribunedufaso.net\\\/?p=2980\",\"name\":\"Rapport 2020 d'Amnesty international : Quand la Covid-19 fait accroitre l\u2019atteinte des droits humains - La Tribune du Faso\",\"isPartOf\":{\"@id\":\"https:\\\/\\\/www.latribunedufaso.net\\\/#website\"},\"primaryImageOfPage\":{\"@id\":\"https:\\\/\\\/www.latribunedufaso.net\\\/?p=2980#primaryimage\"},\"image\":{\"@id\":\"https:\\\/\\\/www.latribunedufaso.net\\\/?p=2980#primaryimage\"},\"thumbnailUrl\":\"https:\\\/\\\/www.latribunedufaso.net\\\/wp-content\\\/uploads\\\/2021\\\/04\\\/IMG-20210407-WA0020.jpg\",\"datePublished\":\"2021-04-08T18:07:21+00:00\",\"dateModified\":\"2021-04-09T18:34:16+00:00\",\"breadcrumb\":{\"@id\":\"https:\\\/\\\/www.latribunedufaso.net\\\/?p=2980#breadcrumb\"},\"inLanguage\":\"fr-FR\",\"potentialAction\":[{\"@type\":\"ReadAction\",\"target\":[\"https:\\\/\\\/www.latribunedufaso.net\\\/?p=2980\"]}]},{\"@type\":\"ImageObject\",\"inLanguage\":\"fr-FR\",\"@id\":\"https:\\\/\\\/www.latribunedufaso.net\\\/?p=2980#primaryimage\",\"url\":\"https:\\\/\\\/www.latribunedufaso.net\\\/wp-content\\\/uploads\\\/2021\\\/04\\\/IMG-20210407-WA0020.jpg\",\"contentUrl\":\"https:\\\/\\\/www.latribunedufaso.net\\\/wp-content\\\/uploads\\\/2021\\\/04\\\/IMG-20210407-WA0020.jpg\",\"width\":1040,\"height\":468},{\"@type\":\"BreadcrumbList\",\"@id\":\"https:\\\/\\\/www.latribunedufaso.net\\\/?p=2980#breadcrumb\",\"itemListElement\":[{\"@type\":\"ListItem\",\"position\":1,\"name\":\"Accueil\",\"item\":\"https:\\\/\\\/www.latribunedufaso.net\\\/\"},{\"@type\":\"ListItem\",\"position\":2,\"name\":\"Rapport 2020 d&#8217;Amnesty international : Quand la Covid-19 fait accroitre l\u2019atteinte des droits humains\"}]},{\"@type\":\"WebSite\",\"@id\":\"https:\\\/\\\/www.latribunedufaso.net\\\/#website\",\"url\":\"https:\\\/\\\/www.latribunedufaso.net\\\/\",\"name\":\"La Tribune du Faso\",\"description\":\"L&#039;information du monde rural en un clic\",\"publisher\":{\"@id\":\"https:\\\/\\\/www.latribunedufaso.net\\\/#organization\"},\"potentialAction\":[{\"@type\":\"SearchAction\",\"target\":{\"@type\":\"EntryPoint\",\"urlTemplate\":\"https:\\\/\\\/www.latribunedufaso.net\\\/?s={search_term_string}\"},\"query-input\":{\"@type\":\"PropertyValueSpecification\",\"valueRequired\":true,\"valueName\":\"search_term_string\"}}],\"inLanguage\":\"fr-FR\"},{\"@type\":\"Organization\",\"@id\":\"https:\\\/\\\/www.latribunedufaso.net\\\/#organization\",\"name\":\"La Tribune du Faso\",\"url\":\"https:\\\/\\\/www.latribunedufaso.net\\\/\",\"logo\":{\"@type\":\"ImageObject\",\"inLanguage\":\"fr-FR\",\"@id\":\"https:\\\/\\\/www.latribunedufaso.net\\\/#\\\/schema\\\/logo\\\/image\\\/\",\"url\":\"https:\\\/\\\/www.latribunedufaso.net\\\/wp-content\\\/uploads\\\/2020\\\/08\\\/Logo-Tribune-du-Faso-final-scaled.jpg\",\"contentUrl\":\"https:\\\/\\\/www.latribunedufaso.net\\\/wp-content\\\/uploads\\\/2020\\\/08\\\/Logo-Tribune-du-Faso-final-scaled.jpg\",\"width\":2560,\"height\":1856,\"caption\":\"La Tribune du Faso\"},\"image\":{\"@id\":\"https:\\\/\\\/www.latribunedufaso.net\\\/#\\\/schema\\\/logo\\\/image\\\/\"},\"sameAs\":[\"https:\\\/\\\/www.facebook.com\\\/LatribuneduFaso\\\/\"]},{\"@type\":\"Person\",\"@id\":\"https:\\\/\\\/www.latribunedufaso.net\\\/#\\\/schema\\\/person\\\/a380782d0605bb8aae27c40ea93b35b1\",\"name\":\"Administrateur\",\"image\":{\"@type\":\"ImageObject\",\"inLanguage\":\"fr-FR\",\"@id\":\"https:\\\/\\\/secure.gravatar.com\\\/avatar\\\/e20266f97d741f0e80ba1f60283074a9b3317fd7bfb727e0d95b51dafbf854a1?s=96&d=mm&r=g\",\"url\":\"https:\\\/\\\/secure.gravatar.com\\\/avatar\\\/e20266f97d741f0e80ba1f60283074a9b3317fd7bfb727e0d95b51dafbf854a1?s=96&d=mm&r=g\",\"contentUrl\":\"https:\\\/\\\/secure.gravatar.com\\\/avatar\\\/e20266f97d741f0e80ba1f60283074a9b3317fd7bfb727e0d95b51dafbf854a1?s=96&d=mm&r=g\",\"caption\":\"Administrateur\"},\"url\":\"https:\\\/\\\/www.latribunedufaso.net\\\/?author=2\"}]}<\/script>\n<!-- \/ Yoast SEO plugin. -->","yoast_head_json":{"title":"Rapport 2020 d'Amnesty international : Quand la Covid-19 fait accroitre l\u2019atteinte des droits humains - La Tribune du Faso","robots":{"index":"index","follow":"follow","max-snippet":"max-snippet:-1","max-image-preview":"max-image-preview:large","max-video-preview":"max-video-preview:-1"},"canonical":"https:\/\/www.latribunedufaso.net\/?p=2980","og_locale":"fr_FR","og_type":"article","og_title":"Rapport 2020 d'Amnesty international : Quand la Covid-19 fait accroitre l\u2019atteinte des droits humains - La Tribune du Faso","og_description":"Le rapport mondial annuel 2020\/21 de l\u2019Organisation non gouvernementale (ONG) Amnesty international a \u00e9t\u00e9 pr\u00e9sent\u00e9 le mercredi 7 avril 2021, \u00e0 Ouagadougou, au cours d\u2019une conf\u00e9rence de presse anim\u00e9e par Yves Boukari Traor\u00e9, Directeur ex\u00e9cutif de l\u2019ONG au Burkina Faso ; Moussa Ou\u00e9draogo, Coordonnateur de l\u2019ONG, charg\u00e9 de l&rsquo;\u00e9ducation en droits humains et Fatimata Ou\u00e9draogo, Coordonnatrice jeunes et genre de l\u2019ONG. Pr\u00e9senter globalement le document, dresser l\u2019\u00e9tat des lieux des droits humains au Burkina Faso et formuler des recommandations aux Etats et gouvernements africains ont \u00e9t\u00e9 les grands points de cette conf\u00e9rence de presse.","og_url":"https:\/\/www.latribunedufaso.net\/?p=2980","og_site_name":"La Tribune du Faso","article_publisher":"https:\/\/www.facebook.com\/LatribuneduFaso\/","article_published_time":"2021-04-08T18:07:21+00:00","article_modified_time":"2021-04-09T18:34:16+00:00","og_image":[{"width":1040,"height":468,"url":"https:\/\/latribunedufaso.net\/wp-content\/uploads\/2021\/04\/IMG-20210407-WA0020.jpg","type":"image\/jpeg"}],"author":"Administrateur","twitter_misc":{"\u00c9crit par":"Administrateur","Dur\u00e9e de lecture estim\u00e9e":"6 minutes"},"schema":{"@context":"https:\/\/schema.org","@graph":[{"@type":"Article","@id":"https:\/\/www.latribunedufaso.net\/?p=2980#article","isPartOf":{"@id":"https:\/\/www.latribunedufaso.net\/?p=2980"},"author":{"name":"Administrateur","@id":"https:\/\/www.latribunedufaso.net\/#\/schema\/person\/a380782d0605bb8aae27c40ea93b35b1"},"headline":"Rapport 2020 d&rsquo;Amnesty international : Quand la Covid-19 fait accroitre l\u2019atteinte des droits humains","datePublished":"2021-04-08T18:07:21+00:00","dateModified":"2021-04-09T18:34:16+00:00","mainEntityOfPage":{"@id":"https:\/\/www.latribunedufaso.net\/?p=2980"},"wordCount":1209,"commentCount":0,"publisher":{"@id":"https:\/\/www.latribunedufaso.net\/#organization"},"image":{"@id":"https:\/\/www.latribunedufaso.net\/?p=2980#primaryimage"},"thumbnailUrl":"https:\/\/www.latribunedufaso.net\/wp-content\/uploads\/2021\/04\/IMG-20210407-WA0020.jpg","articleSection":["A la une","Actualit\u00e9","Soci\u00e9t\u00e9"],"inLanguage":"fr-FR","potentialAction":[{"@type":"CommentAction","name":"Comment","target":["https:\/\/www.latribunedufaso.net\/?p=2980#respond"]}]},{"@type":"WebPage","@id":"https:\/\/www.latribunedufaso.net\/?p=2980","url":"https:\/\/www.latribunedufaso.net\/?p=2980","name":"Rapport 2020 d'Amnesty international : Quand la Covid-19 fait accroitre l\u2019atteinte des droits humains - La Tribune du Faso","isPartOf":{"@id":"https:\/\/www.latribunedufaso.net\/#website"},"primaryImageOfPage":{"@id":"https:\/\/www.latribunedufaso.net\/?p=2980#primaryimage"},"image":{"@id":"https:\/\/www.latribunedufaso.net\/?p=2980#primaryimage"},"thumbnailUrl":"https:\/\/www.latribunedufaso.net\/wp-content\/uploads\/2021\/04\/IMG-20210407-WA0020.jpg","datePublished":"2021-04-08T18:07:21+00:00","dateModified":"2021-04-09T18:34:16+00:00","breadcrumb":{"@id":"https:\/\/www.latribunedufaso.net\/?p=2980#breadcrumb"},"inLanguage":"fr-FR","potentialAction":[{"@type":"ReadAction","target":["https:\/\/www.latribunedufaso.net\/?p=2980"]}]},{"@type":"ImageObject","inLanguage":"fr-FR","@id":"https:\/\/www.latribunedufaso.net\/?p=2980#primaryimage","url":"https:\/\/www.latribunedufaso.net\/wp-content\/uploads\/2021\/04\/IMG-20210407-WA0020.jpg","contentUrl":"https:\/\/www.latribunedufaso.net\/wp-content\/uploads\/2021\/04\/IMG-20210407-WA0020.jpg","width":1040,"height":468},{"@type":"BreadcrumbList","@id":"https:\/\/www.latribunedufaso.net\/?p=2980#breadcrumb","itemListElement":[{"@type":"ListItem","position":1,"name":"Accueil","item":"https:\/\/www.latribunedufaso.net\/"},{"@type":"ListItem","position":2,"name":"Rapport 2020 d&#8217;Amnesty international : Quand la Covid-19 fait accroitre l\u2019atteinte des droits humains"}]},{"@type":"WebSite","@id":"https:\/\/www.latribunedufaso.net\/#website","url":"https:\/\/www.latribunedufaso.net\/","name":"La Tribune du Faso","description":"L&#039;information du monde rural en un clic","publisher":{"@id":"https:\/\/www.latribunedufaso.net\/#organization"},"potentialAction":[{"@type":"SearchAction","target":{"@type":"EntryPoint","urlTemplate":"https:\/\/www.latribunedufaso.net\/?s={search_term_string}"},"query-input":{"@type":"PropertyValueSpecification","valueRequired":true,"valueName":"search_term_string"}}],"inLanguage":"fr-FR"},{"@type":"Organization","@id":"https:\/\/www.latribunedufaso.net\/#organization","name":"La Tribune du Faso","url":"https:\/\/www.latribunedufaso.net\/","logo":{"@type":"ImageObject","inLanguage":"fr-FR","@id":"https:\/\/www.latribunedufaso.net\/#\/schema\/logo\/image\/","url":"https:\/\/www.latribunedufaso.net\/wp-content\/uploads\/2020\/08\/Logo-Tribune-du-Faso-final-scaled.jpg","contentUrl":"https:\/\/www.latribunedufaso.net\/wp-content\/uploads\/2020\/08\/Logo-Tribune-du-Faso-final-scaled.jpg","width":2560,"height":1856,"caption":"La Tribune du Faso"},"image":{"@id":"https:\/\/www.latribunedufaso.net\/#\/schema\/logo\/image\/"},"sameAs":["https:\/\/www.facebook.com\/LatribuneduFaso\/"]},{"@type":"Person","@id":"https:\/\/www.latribunedufaso.net\/#\/schema\/person\/a380782d0605bb8aae27c40ea93b35b1","name":"Administrateur","image":{"@type":"ImageObject","inLanguage":"fr-FR","@id":"https:\/\/secure.gravatar.com\/avatar\/e20266f97d741f0e80ba1f60283074a9b3317fd7bfb727e0d95b51dafbf854a1?s=96&d=mm&r=g","url":"https:\/\/secure.gravatar.com\/avatar\/e20266f97d741f0e80ba1f60283074a9b3317fd7bfb727e0d95b51dafbf854a1?s=96&d=mm&r=g","contentUrl":"https:\/\/secure.gravatar.com\/avatar\/e20266f97d741f0e80ba1f60283074a9b3317fd7bfb727e0d95b51dafbf854a1?s=96&d=mm&r=g","caption":"Administrateur"},"url":"https:\/\/www.latribunedufaso.net\/?author=2"}]}},"_links":{"self":[{"href":"https:\/\/www.latribunedufaso.net\/index.php?rest_route=\/wp\/v2\/posts\/2980","targetHints":{"allow":["GET"]}}],"collection":[{"href":"https:\/\/www.latribunedufaso.net\/index.php?rest_route=\/wp\/v2\/posts"}],"about":[{"href":"https:\/\/www.latribunedufaso.net\/index.php?rest_route=\/wp\/v2\/types\/post"}],"author":[{"embeddable":true,"href":"https:\/\/www.latribunedufaso.net\/index.php?rest_route=\/wp\/v2\/users\/2"}],"replies":[{"embeddable":true,"href":"https:\/\/www.latribunedufaso.net\/index.php?rest_route=%2Fwp%2Fv2%2Fcomments&post=2980"}],"version-history":[{"count":1,"href":"https:\/\/www.latribunedufaso.net\/index.php?rest_route=\/wp\/v2\/posts\/2980\/revisions"}],"predecessor-version":[{"id":2984,"href":"https:\/\/www.latribunedufaso.net\/index.php?rest_route=\/wp\/v2\/posts\/2980\/revisions\/2984"}],"wp:featuredmedia":[{"embeddable":true,"href":"https:\/\/www.latribunedufaso.net\/index.php?rest_route=\/wp\/v2\/media\/2981"}],"wp:attachment":[{"href":"https:\/\/www.latribunedufaso.net\/index.php?rest_route=%2Fwp%2Fv2%2Fmedia&parent=2980"}],"wp:term":[{"taxonomy":"category","embeddable":true,"href":"https:\/\/www.latribunedufaso.net\/index.php?rest_route=%2Fwp%2Fv2%2Fcategories&post=2980"},{"taxonomy":"post_tag","embeddable":true,"href":"https:\/\/www.latribunedufaso.net\/index.php?rest_route=%2Fwp%2Fv2%2Ftags&post=2980"}],"curies":[{"name":"wp","href":"https:\/\/api.w.org\/{rel}","templated":true}]}}