{"id":29088,"date":"2026-04-30T21:22:15","date_gmt":"2026-04-30T21:22:15","guid":{"rendered":"https:\/\/www.latribunedufaso.net\/?p=29088"},"modified":"2026-04-30T21:22:15","modified_gmt":"2026-04-30T21:22:15","slug":"chambre-des-mines-du-burkina-souleymane-boly-elu-president-a-lissue-de-lassemblee-generale","status":"publish","type":"post","link":"https:\/\/www.latribunedufaso.net\/?p=29088","title":{"rendered":"Chambre des mines du Burkina : Souleymane Boly \u00e9lu pr\u00e9sident \u00e0 l&rsquo;issue de l&rsquo;Assembl\u00e9e G\u00e9n\u00e9rale\u00a0"},"content":{"rendered":"<p><strong>R\u00e9unie le jeudi 30 avril 2026 en Assembl\u00e9e G\u00e9n\u00e9rale, conform\u00e9ment aux dispositions statutaires et r\u00e9glementaires en vigueur, la Chambre des Mines du Burkina a \u00e9lu un nouveau bureau de 28 membres compos\u00e9 de professionnels aguerris du secteur minier, engag\u00e9s pour un d\u00e9veloppement durable et responsable.<\/strong><!--more--><\/p>\n<p>Cette rencontre strat\u00e9gique a permis aux membres d\u2019\u00e9changer sur les enjeux majeurs du secteur minier national et de r\u00e9affirmer leur volont\u00e9 de renforcer durablement sa contribution au d\u00e9veloppement \u00e9conomique et social du Burkina Faso.<\/p>\n<p>\u00c0 l\u2019issue des travaux, un nouveau bureau a \u00e9t\u00e9 \u00e9lu pour conduire les actions de l\u2019Institution. Compos\u00e9 de professionnels reconnus et exp\u00e9riment\u00e9s du secteur minier, ce bureau incarne une expertise nationale solide, une connaissance approfondie des r\u00e9alit\u00e9s du terrain et un engagement affirm\u00e9 en faveur d\u2019un secteur responsable et performant.<\/p>\n<p>Ce nouveau bureau est pr\u00e9sid\u00e9 par Souleymane Boly, nouveau pr\u00e9sident donc de la Chambre des mines du Burkina. Fort d\u2019un parcours reconnu dans l\u2019industrie extractive, Souleymane Boly, par ailleurs directeur pays de Endeavour Mining, s\u2019est illustr\u00e9 par sa ma\u00eetrise des enjeux techniques, \u00e9conomiques et environnementaux li\u00e9s \u00e0 l\u2019exploitation mini\u00e8re. Son expertise, b\u00e2tie au fil des ann\u00e9es sur le terrain et au sein de structures de r\u00e9f\u00e9rence, constitue un atout majeur pour accompagner les transformations du secteur.<\/p>\n<figure id=\"attachment_29092\" aria-describedby=\"caption-attachment-29092\" style=\"width: 1600px\" class=\"wp-caption aligncenter\"><a href=\"https:\/\/www.latribunedufaso.net\/wp-content\/uploads\/2026\/04\/IMG-20260430-WA0054.jpg\"><img loading=\"lazy\" decoding=\"async\" class=\"size-full wp-image-29092\" src=\"https:\/\/www.latribunedufaso.net\/wp-content\/uploads\/2026\/04\/IMG-20260430-WA0054.jpg\" alt=\"Souleymane Boly est nomm\u00e9 nouveau pr\u00e9sident de la chambre des mines du Burkina, 30 avril 2026\" width=\"1600\" height=\"1066\" srcset=\"https:\/\/www.latribunedufaso.net\/wp-content\/uploads\/2026\/04\/IMG-20260430-WA0054.jpg 1600w, https:\/\/www.latribunedufaso.net\/wp-content\/uploads\/2026\/04\/IMG-20260430-WA0054-300x200.jpg 300w, https:\/\/www.latribunedufaso.net\/wp-content\/uploads\/2026\/04\/IMG-20260430-WA0054-1024x682.jpg 1024w, https:\/\/www.latribunedufaso.net\/wp-content\/uploads\/2026\/04\/IMG-20260430-WA0054-768x512.jpg 768w, https:\/\/www.latribunedufaso.net\/wp-content\/uploads\/2026\/04\/IMG-20260430-WA0054-1536x1023.jpg 1536w, https:\/\/www.latribunedufaso.net\/wp-content\/uploads\/2026\/04\/IMG-20260430-WA0054-840x560.jpg 840w, https:\/\/www.latribunedufaso.net\/wp-content\/uploads\/2026\/04\/IMG-20260430-WA0054-120x80.jpg 120w, https:\/\/www.latribunedufaso.net\/wp-content\/uploads\/2026\/04\/IMG-20260430-WA0054-360x240.jpg 360w, https:\/\/www.latribunedufaso.net\/wp-content\/uploads\/2026\/04\/IMG-20260430-WA0054-600x400.jpg 600w\" sizes=\"auto, (max-width: 1600px) 100vw, 1600px\" \/><\/a><figcaption id=\"caption-attachment-29092\" class=\"wp-caption-text\">Le nouveau pr\u00e9sident de la Chambre des mines du Burkina, Souleymane Boly &#8211; Ph. DR<\/figcaption><\/figure>\n<p>\u00c0 la t\u00eate de la Chambre des mines, il aura pour mission de consolider les acquis, de renforcer la comp\u00e9titivit\u00e9 du secteur et de promouvoir des pratiques responsables, transparentes et durables. Son \u00e9lection traduit la confiance des acteurs du secteur en un leadership fond\u00e9 sur la comp\u00e9tence, l\u2019engagement et la connaissance approfondie des r\u00e9alit\u00e9s du terrain.<\/p>\n<p>Cette nouvelle \u00e9quipe dirigeante aura pour mission de consolider les acquis, d\u2019accompagner les r\u00e9formes du secteur et de promouvoir des pratiques mini\u00e8res durables, cr\u00e9atrices de valeur pour l\u2019ensemble des parties prenantes.<\/p>\n<figure id=\"attachment_29094\" aria-describedby=\"caption-attachment-29094\" style=\"width: 1600px\" class=\"wp-caption aligncenter\"><a href=\"https:\/\/www.latribunedufaso.net\/wp-content\/uploads\/2026\/04\/IMG-20260430-WA0068.jpg\"><img loading=\"lazy\" decoding=\"async\" class=\"size-full wp-image-29094\" src=\"https:\/\/www.latribunedufaso.net\/wp-content\/uploads\/2026\/04\/IMG-20260430-WA0068.jpg\" alt=\"Souleymane Boly est nomm\u00e9 nouveau pr\u00e9sident de la chambre des mines du Burkina, 30 avril 2026\" width=\"1600\" height=\"1066\" srcset=\"https:\/\/www.latribunedufaso.net\/wp-content\/uploads\/2026\/04\/IMG-20260430-WA0068.jpg 1600w, https:\/\/www.latribunedufaso.net\/wp-content\/uploads\/2026\/04\/IMG-20260430-WA0068-300x200.jpg 300w, https:\/\/www.latribunedufaso.net\/wp-content\/uploads\/2026\/04\/IMG-20260430-WA0068-1024x682.jpg 1024w, https:\/\/www.latribunedufaso.net\/wp-content\/uploads\/2026\/04\/IMG-20260430-WA0068-768x512.jpg 768w, https:\/\/www.latribunedufaso.net\/wp-content\/uploads\/2026\/04\/IMG-20260430-WA0068-1536x1023.jpg 1536w, https:\/\/www.latribunedufaso.net\/wp-content\/uploads\/2026\/04\/IMG-20260430-WA0068-840x560.jpg 840w, https:\/\/www.latribunedufaso.net\/wp-content\/uploads\/2026\/04\/IMG-20260430-WA0068-120x80.jpg 120w, https:\/\/www.latribunedufaso.net\/wp-content\/uploads\/2026\/04\/IMG-20260430-WA0068-360x240.jpg 360w, https:\/\/www.latribunedufaso.net\/wp-content\/uploads\/2026\/04\/IMG-20260430-WA0068-600x400.jpg 600w\" sizes=\"auto, (max-width: 1600px) 100vw, 1600px\" \/><\/a><figcaption id=\"caption-attachment-29094\" class=\"wp-caption-text\">Photo des membres du nouveau bureau &#8211; Ph. DR<\/figcaption><\/figure>\n<p>\u00c0 travers ce renouvellement, la Chambre des Mines du Burkina r\u00e9affirme son r\u00f4le d\u2019acteur cl\u00e9 et de partenaire strat\u00e9gique de l\u2019\u00c9tat, fond\u00e9 sur l\u2019expertise de ses membres et leur engagement constant au service du d\u00e9veloppement de notre pays.<\/p>\n<blockquote>\n<p>Lire aussi &gt;&gt;\u00a0<a href=\"https:\/\/www.latribunedufaso.net\/?p=28203\">Coh\u00e9sion sociale : le minist\u00e8re des Mines renforce les liens avec ses partenaires autour d\u2019une rupture collective<\/a><\/p>\n<\/blockquote>\n<p>Avec ce nouveau cap, la Chambre des mines du Burkina r\u00e9affirme sa volont\u00e9 de contribuer activement au d\u00e9veloppement \u00e9conomique et social du pays, en s\u2019appuyant sur l\u2019expertise de ses membres. Elle a saisi l&rsquo;occasion pour saluer la mobilisation exemplaire de ses membres et leur d\u00e9termination \u00e0 \u0153uvrer collectivement pour un secteur minier plus inclusif, transparent et comp\u00e9titif.<\/p>\n<p><strong>Latribunedufaso.net<\/strong><\/p>\n<p><a href=\"https:\/\/www.latribunedufaso.net\/wp-content\/uploads\/2026\/04\/IMG-20260430-WA0067.jpg\"><img loading=\"lazy\" decoding=\"async\" class=\"aligncenter size-full wp-image-29093\" src=\"https:\/\/www.latribunedufaso.net\/wp-content\/uploads\/2026\/04\/IMG-20260430-WA0067.jpg\" alt=\"Souleymane Boly est nomm\u00e9 nouveau pr\u00e9sident de la chambre des mines du Burkina, 30 avril 2026\" width=\"1600\" height=\"1066\" srcset=\"https:\/\/www.latribunedufaso.net\/wp-content\/uploads\/2026\/04\/IMG-20260430-WA0067.jpg 1600w, https:\/\/www.latribunedufaso.net\/wp-content\/uploads\/2026\/04\/IMG-20260430-WA0067-300x200.jpg 300w, https:\/\/www.latribunedufaso.net\/wp-content\/uploads\/2026\/04\/IMG-20260430-WA0067-1024x682.jpg 1024w, https:\/\/www.latribunedufaso.net\/wp-content\/uploads\/2026\/04\/IMG-20260430-WA0067-768x512.jpg 768w, https:\/\/www.latribunedufaso.net\/wp-content\/uploads\/2026\/04\/IMG-20260430-WA0067-1536x1023.jpg 1536w, https:\/\/www.latribunedufaso.net\/wp-content\/uploads\/2026\/04\/IMG-20260430-WA0067-840x560.jpg 840w, https:\/\/www.latribunedufaso.net\/wp-content\/uploads\/2026\/04\/IMG-20260430-WA0067-120x80.jpg 120w, https:\/\/www.latribunedufaso.net\/wp-content\/uploads\/2026\/04\/IMG-20260430-WA0067-360x240.jpg 360w, https:\/\/www.latribunedufaso.net\/wp-content\/uploads\/2026\/04\/IMG-20260430-WA0067-600x400.jpg 600w\" sizes=\"auto, (max-width: 1600px) 100vw, 1600px\" \/><\/a><\/p>\n","protected":false},"excerpt":{"rendered":"<p>R\u00e9unie le jeudi 30 avril 2026 en Assembl\u00e9e G\u00e9n\u00e9rale, conform\u00e9ment aux dispositions statutaires et r\u00e9glementaires en vigueur, la Chambre des Mines du Burkina a \u00e9lu un nouveau bureau de 28 membres compos\u00e9 de professionnels aguerris du secteur minier, engag\u00e9s pour un d\u00e9veloppement durable et responsable.<\/p>\n","protected":false},"author":5,"featured_media":29092,"comment_status":"open","ping_status":"open","sticky":false,"template":"","format":"standard","meta":{"footnotes":""},"categories":[13,1,19],"tags":[887,39,52,2119],"class_list":["post-29088","post","type-post","status-publish","format-standard","has-post-thumbnail","hentry","category-une","category-actu","category-mines-et-carrieres","tag-chambre-des-mines-du-burkina","tag-latribunedufaso-net","tag-mines-et-carrieres","tag-souleymane-boly-president-chambre-des-mines"],"yoast_head":"<!-- This site is optimized with the Yoast SEO plugin v27.5 - https:\/\/yoast.com\/product\/yoast-seo-wordpress\/ -->\n<title>Chambre des mines du Burkina : Souleymane Boly \u00e9lu pr\u00e9sident \u00e0 l&#039;issue de l&#039;Assembl\u00e9e G\u00e9n\u00e9rale\u00a0 - La Tribune du Faso<\/title>\n<meta name=\"robots\" content=\"index, follow, max-snippet:-1, max-image-preview:large, max-video-preview:-1\" \/>\n<link rel=\"canonical\" href=\"https:\/\/www.latribunedufaso.net\/?p=29088\" \/>\n<meta property=\"og:locale\" content=\"fr_FR\" \/>\n<meta property=\"og:type\" content=\"article\" \/>\n<meta property=\"og:title\" content=\"Chambre des mines du Burkina : Souleymane Boly \u00e9lu pr\u00e9sident \u00e0 l&#039;issue de l&#039;Assembl\u00e9e G\u00e9n\u00e9rale\u00a0 - La Tribune du Faso\" \/>\n<meta property=\"og:description\" content=\"R\u00e9unie le jeudi 30 avril 2026 en Assembl\u00e9e G\u00e9n\u00e9rale, conform\u00e9ment aux dispositions statutaires et r\u00e9glementaires en vigueur, la Chambre des Mines du Burkina a \u00e9lu un nouveau bureau de 28 membres compos\u00e9 de professionnels aguerris du secteur minier, engag\u00e9s pour un d\u00e9veloppement durable et responsable.\" \/>\n<meta property=\"og:url\" content=\"https:\/\/www.latribunedufaso.net\/?p=29088\" \/>\n<meta property=\"og:site_name\" content=\"La Tribune du Faso\" \/>\n<meta property=\"article:publisher\" content=\"https:\/\/www.facebook.com\/LatribuneduFaso\/\" \/>\n<meta property=\"article:published_time\" content=\"2026-04-30T21:22:15+00:00\" \/>\n<meta property=\"og:image\" content=\"https:\/\/www.latribunedufaso.net\/wp-content\/uploads\/2026\/04\/IMG-20260430-WA0054.jpg\" \/>\n\t<meta property=\"og:image:width\" content=\"1600\" \/>\n\t<meta property=\"og:image:height\" content=\"1066\" \/>\n\t<meta property=\"og:image:type\" content=\"image\/jpeg\" \/>\n<meta name=\"author\" content=\"Issouf Tapsoba\" \/>\n<meta name=\"twitter:label1\" content=\"\u00c9crit par\" \/>\n\t<meta name=\"twitter:data1\" content=\"Issouf Tapsoba\" \/>\n\t<meta name=\"twitter:label2\" content=\"Dur\u00e9e de lecture estim\u00e9e\" \/>\n\t<meta name=\"twitter:data2\" content=\"3 minutes\" \/>\n<script type=\"application\/ld+json\" class=\"yoast-schema-graph\">{\"@context\":\"https:\\\/\\\/schema.org\",\"@graph\":[{\"@type\":\"Article\",\"@id\":\"https:\\\/\\\/www.latribunedufaso.net\\\/?p=29088#article\",\"isPartOf\":{\"@id\":\"https:\\\/\\\/www.latribunedufaso.net\\\/?p=29088\"},\"author\":{\"name\":\"Issouf Tapsoba\",\"@id\":\"https:\\\/\\\/www.latribunedufaso.net\\\/#\\\/schema\\\/person\\\/e54e64c5778a7e72cf80a318b7a622b0\"},\"headline\":\"Chambre des mines du Burkina : Souleymane Boly \u00e9lu pr\u00e9sident \u00e0 l&rsquo;issue de l&rsquo;Assembl\u00e9e G\u00e9n\u00e9rale\u00a0\",\"datePublished\":\"2026-04-30T21:22:15+00:00\",\"mainEntityOfPage\":{\"@id\":\"https:\\\/\\\/www.latribunedufaso.net\\\/?p=29088\"},\"wordCount\":519,\"commentCount\":0,\"publisher\":{\"@id\":\"https:\\\/\\\/www.latribunedufaso.net\\\/#organization\"},\"image\":{\"@id\":\"https:\\\/\\\/www.latribunedufaso.net\\\/?p=29088#primaryimage\"},\"thumbnailUrl\":\"https:\\\/\\\/www.latribunedufaso.net\\\/wp-content\\\/uploads\\\/2026\\\/04\\\/IMG-20260430-WA0054.jpg\",\"keywords\":[\"Chambre des mines du Burkina\",\"latribunedufaso.net\",\"mines et carri\u00e8res\",\"Souleymane Boly pr\u00e9sident chambre des mines\"],\"articleSection\":[\"A la une\",\"Actualit\u00e9\",\"Mines et Carri\u00e8res\"],\"inLanguage\":\"fr-FR\",\"potentialAction\":[{\"@type\":\"CommentAction\",\"name\":\"Comment\",\"target\":[\"https:\\\/\\\/www.latribunedufaso.net\\\/?p=29088#respond\"]}]},{\"@type\":\"WebPage\",\"@id\":\"https:\\\/\\\/www.latribunedufaso.net\\\/?p=29088\",\"url\":\"https:\\\/\\\/www.latribunedufaso.net\\\/?p=29088\",\"name\":\"Chambre des mines du Burkina : Souleymane Boly \u00e9lu pr\u00e9sident \u00e0 l'issue de l'Assembl\u00e9e G\u00e9n\u00e9rale\u00a0 - La Tribune du Faso\",\"isPartOf\":{\"@id\":\"https:\\\/\\\/www.latribunedufaso.net\\\/#website\"},\"primaryImageOfPage\":{\"@id\":\"https:\\\/\\\/www.latribunedufaso.net\\\/?p=29088#primaryimage\"},\"image\":{\"@id\":\"https:\\\/\\\/www.latribunedufaso.net\\\/?p=29088#primaryimage\"},\"thumbnailUrl\":\"https:\\\/\\\/www.latribunedufaso.net\\\/wp-content\\\/uploads\\\/2026\\\/04\\\/IMG-20260430-WA0054.jpg\",\"datePublished\":\"2026-04-30T21:22:15+00:00\",\"breadcrumb\":{\"@id\":\"https:\\\/\\\/www.latribunedufaso.net\\\/?p=29088#breadcrumb\"},\"inLanguage\":\"fr-FR\",\"potentialAction\":[{\"@type\":\"ReadAction\",\"target\":[\"https:\\\/\\\/www.latribunedufaso.net\\\/?p=29088\"]}]},{\"@type\":\"ImageObject\",\"inLanguage\":\"fr-FR\",\"@id\":\"https:\\\/\\\/www.latribunedufaso.net\\\/?p=29088#primaryimage\",\"url\":\"https:\\\/\\\/www.latribunedufaso.net\\\/wp-content\\\/uploads\\\/2026\\\/04\\\/IMG-20260430-WA0054.jpg\",\"contentUrl\":\"https:\\\/\\\/www.latribunedufaso.net\\\/wp-content\\\/uploads\\\/2026\\\/04\\\/IMG-20260430-WA0054.jpg\",\"width\":1600,\"height\":1066,\"caption\":\"Le nouveau pr\u00e9sident de la Chambre des mines du Burkina, Souleymane Boly - Ph. DR\"},{\"@type\":\"BreadcrumbList\",\"@id\":\"https:\\\/\\\/www.latribunedufaso.net\\\/?p=29088#breadcrumb\",\"itemListElement\":[{\"@type\":\"ListItem\",\"position\":1,\"name\":\"Accueil\",\"item\":\"https:\\\/\\\/www.latribunedufaso.net\\\/\"},{\"@type\":\"ListItem\",\"position\":2,\"name\":\"Chambre des mines du Burkina : Souleymane Boly \u00e9lu pr\u00e9sident \u00e0 l&rsquo;issue de l&rsquo;Assembl\u00e9e G\u00e9n\u00e9rale\u00a0\"}]},{\"@type\":\"WebSite\",\"@id\":\"https:\\\/\\\/www.latribunedufaso.net\\\/#website\",\"url\":\"https:\\\/\\\/www.latribunedufaso.net\\\/\",\"name\":\"La Tribune du Faso\",\"description\":\"L&#039;information du monde rural en un clic\",\"publisher\":{\"@id\":\"https:\\\/\\\/www.latribunedufaso.net\\\/#organization\"},\"potentialAction\":[{\"@type\":\"SearchAction\",\"target\":{\"@type\":\"EntryPoint\",\"urlTemplate\":\"https:\\\/\\\/www.latribunedufaso.net\\\/?s={search_term_string}\"},\"query-input\":{\"@type\":\"PropertyValueSpecification\",\"valueRequired\":true,\"valueName\":\"search_term_string\"}}],\"inLanguage\":\"fr-FR\"},{\"@type\":\"Organization\",\"@id\":\"https:\\\/\\\/www.latribunedufaso.net\\\/#organization\",\"name\":\"La Tribune du Faso\",\"url\":\"https:\\\/\\\/www.latribunedufaso.net\\\/\",\"logo\":{\"@type\":\"ImageObject\",\"inLanguage\":\"fr-FR\",\"@id\":\"https:\\\/\\\/www.latribunedufaso.net\\\/#\\\/schema\\\/logo\\\/image\\\/\",\"url\":\"https:\\\/\\\/www.latribunedufaso.net\\\/wp-content\\\/uploads\\\/2020\\\/08\\\/Logo-Tribune-du-Faso-final-scaled.jpg\",\"contentUrl\":\"https:\\\/\\\/www.latribunedufaso.net\\\/wp-content\\\/uploads\\\/2020\\\/08\\\/Logo-Tribune-du-Faso-final-scaled.jpg\",\"width\":2560,\"height\":1856,\"caption\":\"La Tribune du Faso\"},\"image\":{\"@id\":\"https:\\\/\\\/www.latribunedufaso.net\\\/#\\\/schema\\\/logo\\\/image\\\/\"},\"sameAs\":[\"https:\\\/\\\/www.facebook.com\\\/LatribuneduFaso\\\/\"]},{\"@type\":\"Person\",\"@id\":\"https:\\\/\\\/www.latribunedufaso.net\\\/#\\\/schema\\\/person\\\/e54e64c5778a7e72cf80a318b7a622b0\",\"name\":\"Issouf Tapsoba\",\"image\":{\"@type\":\"ImageObject\",\"inLanguage\":\"fr-FR\",\"@id\":\"https:\\\/\\\/secure.gravatar.com\\\/avatar\\\/5e6c05150ce3230247d167f5b94d678eb05936197436d69b7921e3a95c9107ac?s=96&d=mm&r=g\",\"url\":\"https:\\\/\\\/secure.gravatar.com\\\/avatar\\\/5e6c05150ce3230247d167f5b94d678eb05936197436d69b7921e3a95c9107ac?s=96&d=mm&r=g\",\"contentUrl\":\"https:\\\/\\\/secure.gravatar.com\\\/avatar\\\/5e6c05150ce3230247d167f5b94d678eb05936197436d69b7921e3a95c9107ac?s=96&d=mm&r=g\",\"caption\":\"Issouf Tapsoba\"},\"url\":\"https:\\\/\\\/www.latribunedufaso.net\\\/?author=5\"}]}<\/script>\n<!-- \/ Yoast SEO plugin. -->","yoast_head_json":{"title":"Chambre des mines du Burkina : Souleymane Boly \u00e9lu pr\u00e9sident \u00e0 l'issue de l'Assembl\u00e9e G\u00e9n\u00e9rale\u00a0 - La Tribune du Faso","robots":{"index":"index","follow":"follow","max-snippet":"max-snippet:-1","max-image-preview":"max-image-preview:large","max-video-preview":"max-video-preview:-1"},"canonical":"https:\/\/www.latribunedufaso.net\/?p=29088","og_locale":"fr_FR","og_type":"article","og_title":"Chambre des mines du Burkina : Souleymane Boly \u00e9lu pr\u00e9sident \u00e0 l'issue de l'Assembl\u00e9e G\u00e9n\u00e9rale\u00a0 - La Tribune du Faso","og_description":"R\u00e9unie le jeudi 30 avril 2026 en Assembl\u00e9e G\u00e9n\u00e9rale, conform\u00e9ment aux dispositions statutaires et r\u00e9glementaires en vigueur, la Chambre des Mines du Burkina a \u00e9lu un nouveau bureau de 28 membres compos\u00e9 de professionnels aguerris du secteur minier, engag\u00e9s pour un d\u00e9veloppement durable et responsable.","og_url":"https:\/\/www.latribunedufaso.net\/?p=29088","og_site_name":"La Tribune du Faso","article_publisher":"https:\/\/www.facebook.com\/LatribuneduFaso\/","article_published_time":"2026-04-30T21:22:15+00:00","og_image":[{"width":1600,"height":1066,"url":"https:\/\/www.latribunedufaso.net\/wp-content\/uploads\/2026\/04\/IMG-20260430-WA0054.jpg","type":"image\/jpeg"}],"author":"Issouf Tapsoba","twitter_misc":{"\u00c9crit par":"Issouf Tapsoba","Dur\u00e9e de lecture estim\u00e9e":"3 minutes"},"schema":{"@context":"https:\/\/schema.org","@graph":[{"@type":"Article","@id":"https:\/\/www.latribunedufaso.net\/?p=29088#article","isPartOf":{"@id":"https:\/\/www.latribunedufaso.net\/?p=29088"},"author":{"name":"Issouf Tapsoba","@id":"https:\/\/www.latribunedufaso.net\/#\/schema\/person\/e54e64c5778a7e72cf80a318b7a622b0"},"headline":"Chambre des mines du Burkina : Souleymane Boly \u00e9lu pr\u00e9sident \u00e0 l&rsquo;issue de l&rsquo;Assembl\u00e9e G\u00e9n\u00e9rale\u00a0","datePublished":"2026-04-30T21:22:15+00:00","mainEntityOfPage":{"@id":"https:\/\/www.latribunedufaso.net\/?p=29088"},"wordCount":519,"commentCount":0,"publisher":{"@id":"https:\/\/www.latribunedufaso.net\/#organization"},"image":{"@id":"https:\/\/www.latribunedufaso.net\/?p=29088#primaryimage"},"thumbnailUrl":"https:\/\/www.latribunedufaso.net\/wp-content\/uploads\/2026\/04\/IMG-20260430-WA0054.jpg","keywords":["Chambre des mines du Burkina","latribunedufaso.net","mines et carri\u00e8res","Souleymane Boly pr\u00e9sident chambre des mines"],"articleSection":["A la une","Actualit\u00e9","Mines et Carri\u00e8res"],"inLanguage":"fr-FR","potentialAction":[{"@type":"CommentAction","name":"Comment","target":["https:\/\/www.latribunedufaso.net\/?p=29088#respond"]}]},{"@type":"WebPage","@id":"https:\/\/www.latribunedufaso.net\/?p=29088","url":"https:\/\/www.latribunedufaso.net\/?p=29088","name":"Chambre des mines du Burkina : Souleymane Boly \u00e9lu pr\u00e9sident \u00e0 l'issue de l'Assembl\u00e9e G\u00e9n\u00e9rale\u00a0 - La Tribune du Faso","isPartOf":{"@id":"https:\/\/www.latribunedufaso.net\/#website"},"primaryImageOfPage":{"@id":"https:\/\/www.latribunedufaso.net\/?p=29088#primaryimage"},"image":{"@id":"https:\/\/www.latribunedufaso.net\/?p=29088#primaryimage"},"thumbnailUrl":"https:\/\/www.latribunedufaso.net\/wp-content\/uploads\/2026\/04\/IMG-20260430-WA0054.jpg","datePublished":"2026-04-30T21:22:15+00:00","breadcrumb":{"@id":"https:\/\/www.latribunedufaso.net\/?p=29088#breadcrumb"},"inLanguage":"fr-FR","potentialAction":[{"@type":"ReadAction","target":["https:\/\/www.latribunedufaso.net\/?p=29088"]}]},{"@type":"ImageObject","inLanguage":"fr-FR","@id":"https:\/\/www.latribunedufaso.net\/?p=29088#primaryimage","url":"https:\/\/www.latribunedufaso.net\/wp-content\/uploads\/2026\/04\/IMG-20260430-WA0054.jpg","contentUrl":"https:\/\/www.latribunedufaso.net\/wp-content\/uploads\/2026\/04\/IMG-20260430-WA0054.jpg","width":1600,"height":1066,"caption":"Le nouveau pr\u00e9sident de la Chambre des mines du Burkina, Souleymane Boly - Ph. DR"},{"@type":"BreadcrumbList","@id":"https:\/\/www.latribunedufaso.net\/?p=29088#breadcrumb","itemListElement":[{"@type":"ListItem","position":1,"name":"Accueil","item":"https:\/\/www.latribunedufaso.net\/"},{"@type":"ListItem","position":2,"name":"Chambre des mines du Burkina : Souleymane Boly \u00e9lu pr\u00e9sident \u00e0 l&rsquo;issue de l&rsquo;Assembl\u00e9e G\u00e9n\u00e9rale\u00a0"}]},{"@type":"WebSite","@id":"https:\/\/www.latribunedufaso.net\/#website","url":"https:\/\/www.latribunedufaso.net\/","name":"La Tribune du Faso","description":"L&#039;information du monde rural en un clic","publisher":{"@id":"https:\/\/www.latribunedufaso.net\/#organization"},"potentialAction":[{"@type":"SearchAction","target":{"@type":"EntryPoint","urlTemplate":"https:\/\/www.latribunedufaso.net\/?s={search_term_string}"},"query-input":{"@type":"PropertyValueSpecification","valueRequired":true,"valueName":"search_term_string"}}],"inLanguage":"fr-FR"},{"@type":"Organization","@id":"https:\/\/www.latribunedufaso.net\/#organization","name":"La Tribune du Faso","url":"https:\/\/www.latribunedufaso.net\/","logo":{"@type":"ImageObject","inLanguage":"fr-FR","@id":"https:\/\/www.latribunedufaso.net\/#\/schema\/logo\/image\/","url":"https:\/\/www.latribunedufaso.net\/wp-content\/uploads\/2020\/08\/Logo-Tribune-du-Faso-final-scaled.jpg","contentUrl":"https:\/\/www.latribunedufaso.net\/wp-content\/uploads\/2020\/08\/Logo-Tribune-du-Faso-final-scaled.jpg","width":2560,"height":1856,"caption":"La Tribune du Faso"},"image":{"@id":"https:\/\/www.latribunedufaso.net\/#\/schema\/logo\/image\/"},"sameAs":["https:\/\/www.facebook.com\/LatribuneduFaso\/"]},{"@type":"Person","@id":"https:\/\/www.latribunedufaso.net\/#\/schema\/person\/e54e64c5778a7e72cf80a318b7a622b0","name":"Issouf Tapsoba","image":{"@type":"ImageObject","inLanguage":"fr-FR","@id":"https:\/\/secure.gravatar.com\/avatar\/5e6c05150ce3230247d167f5b94d678eb05936197436d69b7921e3a95c9107ac?s=96&d=mm&r=g","url":"https:\/\/secure.gravatar.com\/avatar\/5e6c05150ce3230247d167f5b94d678eb05936197436d69b7921e3a95c9107ac?s=96&d=mm&r=g","contentUrl":"https:\/\/secure.gravatar.com\/avatar\/5e6c05150ce3230247d167f5b94d678eb05936197436d69b7921e3a95c9107ac?s=96&d=mm&r=g","caption":"Issouf Tapsoba"},"url":"https:\/\/www.latribunedufaso.net\/?author=5"}]}},"_links":{"self":[{"href":"https:\/\/www.latribunedufaso.net\/index.php?rest_route=\/wp\/v2\/posts\/29088","targetHints":{"allow":["GET"]}}],"collection":[{"href":"https:\/\/www.latribunedufaso.net\/index.php?rest_route=\/wp\/v2\/posts"}],"about":[{"href":"https:\/\/www.latribunedufaso.net\/index.php?rest_route=\/wp\/v2\/types\/post"}],"author":[{"embeddable":true,"href":"https:\/\/www.latribunedufaso.net\/index.php?rest_route=\/wp\/v2\/users\/5"}],"replies":[{"embeddable":true,"href":"https:\/\/www.latribunedufaso.net\/index.php?rest_route=%2Fwp%2Fv2%2Fcomments&post=29088"}],"version-history":[{"count":4,"href":"https:\/\/www.latribunedufaso.net\/index.php?rest_route=\/wp\/v2\/posts\/29088\/revisions"}],"predecessor-version":[{"id":29095,"href":"https:\/\/www.latribunedufaso.net\/index.php?rest_route=\/wp\/v2\/posts\/29088\/revisions\/29095"}],"wp:featuredmedia":[{"embeddable":true,"href":"https:\/\/www.latribunedufaso.net\/index.php?rest_route=\/wp\/v2\/media\/29092"}],"wp:attachment":[{"href":"https:\/\/www.latribunedufaso.net\/index.php?rest_route=%2Fwp%2Fv2%2Fmedia&parent=29088"}],"wp:term":[{"taxonomy":"category","embeddable":true,"href":"https:\/\/www.latribunedufaso.net\/index.php?rest_route=%2Fwp%2Fv2%2Fcategories&post=29088"},{"taxonomy":"post_tag","embeddable":true,"href":"https:\/\/www.latribunedufaso.net\/index.php?rest_route=%2Fwp%2Fv2%2Ftags&post=29088"}],"curies":[{"name":"wp","href":"https:\/\/api.w.org\/{rel}","templated":true}]}}