{"id":29080,"date":"2026-05-01T01:56:05","date_gmt":"2026-05-01T01:56:05","guid":{"rendered":"https:\/\/www.latribunedufaso.net\/?p=29080"},"modified":"2026-05-01T01:56:05","modified_gmt":"2026-05-01T01:56:05","slug":"snc-bobo-2026-la-communaute-ivoirienne-celebre-la-fraternite-au-village-des-communautes","status":"publish","type":"post","link":"https:\/\/www.latribunedufaso.net\/?p=29080","title":{"rendered":"SNC Bobo 2026 : La communaut\u00e9 ivoirienne c\u00e9l\u00e8bre la fraternit\u00e9 au Village des communaut\u00e9s"},"content":{"rendered":"<p><strong>La 22e \u00e9dition de la Semaine Nationale de la Culture (SNC), qui se tient du 25 avril au 02 mai 2026 \u00e0 Bobo-Dioulasso, confirme son statut de carrefour privil\u00e9gi\u00e9 des arts et traditions. V\u00e9ritable c\u0153ur battant de l&rsquo;\u00e9v\u00e9nement, le village des communaut\u00e9s, install\u00e9 sur le site du village artisanal, offre une vitrine de promotion des valeurs traditionnelles. Une \u00e9quipe de Latribunedufaso.net s\u2019y est rendue pour aller \u00e0 la rencontre de la communaut\u00e9 ivoirienne.<\/strong><!--more--><\/p>\n<p>Pour le pr\u00e9sident de la communaut\u00e9 ivoirienne \u00e0 Bobo-Dioulasso, Amadou Sanou, cette participation \u00e0 la SNC est une fiert\u00e9. Selon lui, la notion de <em><strong>\u00ab village \u00bb<\/strong><\/em> renvoie directement au terroir et constitue une invitation \u00e0 valoriser des valeurs ancestrales communes \u00e0 l&rsquo;ensemble des pays africains. \u00c0 travers son stand d\u00e9nomm\u00e9 <em><strong>\u00ab la C\u00f4te d&rsquo;Ivoire profonde \u00bb,<\/strong><\/em> les visiteurs sont invit\u00e9s \u00e0 d\u00e9couvrir <em><strong>\u00ab une culture ivoirienne riche, une culture qui, tout comme celle des autres pays fr\u00e8res, constitue un socle important \u00bb.<\/strong><\/em><\/p>\n<figure id=\"attachment_29085\" aria-describedby=\"caption-attachment-29085\" style=\"width: 2560px\" class=\"wp-caption aligncenter\"><a href=\"https:\/\/www.latribunedufaso.net\/wp-content\/uploads\/2026\/04\/IMG_20260426_174438-scaled.jpg\"><img loading=\"lazy\" decoding=\"async\" class=\"size-full wp-image-29085\" src=\"https:\/\/www.latribunedufaso.net\/wp-content\/uploads\/2026\/04\/IMG_20260426_174438-scaled.jpg\" alt=\"Zoom sur le stand de la communaut\u00e9 ivoirienne au village des communaut\u00e9s de la SNC 2026\" width=\"2560\" height=\"1928\" srcset=\"https:\/\/www.latribunedufaso.net\/wp-content\/uploads\/2026\/04\/IMG_20260426_174438-scaled.jpg 2560w, https:\/\/www.latribunedufaso.net\/wp-content\/uploads\/2026\/04\/IMG_20260426_174438-300x226.jpg 300w, https:\/\/www.latribunedufaso.net\/wp-content\/uploads\/2026\/04\/IMG_20260426_174438-1024x771.jpg 1024w, https:\/\/www.latribunedufaso.net\/wp-content\/uploads\/2026\/04\/IMG_20260426_174438-768x578.jpg 768w, https:\/\/www.latribunedufaso.net\/wp-content\/uploads\/2026\/04\/IMG_20260426_174438-1536x1157.jpg 1536w, https:\/\/www.latribunedufaso.net\/wp-content\/uploads\/2026\/04\/IMG_20260426_174438-2048x1542.jpg 2048w\" sizes=\"auto, (max-width: 2560px) 100vw, 2560px\" \/><\/a><figcaption id=\"caption-attachment-29085\" class=\"wp-caption-text\">Le pr\u00e9sident de la communaut\u00e9 ivoirienne \u00e0 Bobo-Dioulasso, Amadou Sanou<\/figcaption><\/figure>\n<p>Parmi les \u00e9l\u00e9ments mis en avant, l\u2019Awal\u00e9 occupe une place centrale. Amadou Sanou explique qu&rsquo;il s&rsquo;agit d&rsquo;un jeu traditionnel embl\u00e9matique, une porte d&rsquo;entr\u00e9e pour illustrer l&rsquo;identit\u00e9 culturelle ivoirienne. L&rsquo;exposition met \u00e9galement en lumi\u00e8re les plantes m\u00e9dicinales, symboles d&rsquo;un retour aux sources n\u00e9cessaire. <em><strong>\u00ab L&rsquo;Africain doit \u00eatre clair avec lui-m\u00eame. Nous avions abandonn\u00e9 nos valeurs sociales, mais aujourd&rsquo;hui, nous prenons conscience de l&rsquo;importance de nos racines pour nous soigner \u00bb<\/strong><\/em>, a-t-il martel\u00e9.<\/p>\n<figure id=\"attachment_29086\" aria-describedby=\"caption-attachment-29086\" style=\"width: 1080px\" class=\"wp-caption aligncenter\"><a href=\"https:\/\/www.latribunedufaso.net\/wp-content\/uploads\/2026\/04\/20260430202542.jpg\"><img loading=\"lazy\" decoding=\"async\" class=\"size-full wp-image-29086\" src=\"https:\/\/www.latribunedufaso.net\/wp-content\/uploads\/2026\/04\/20260430202542.jpg\" alt=\"Zoom sur le stand de la communaut\u00e9 ivoirienne au village des communaut\u00e9s de la SNC 2026\" width=\"1080\" height=\"607\" srcset=\"https:\/\/www.latribunedufaso.net\/wp-content\/uploads\/2026\/04\/20260430202542.jpg 1080w, https:\/\/www.latribunedufaso.net\/wp-content\/uploads\/2026\/04\/20260430202542-300x169.jpg 300w, https:\/\/www.latribunedufaso.net\/wp-content\/uploads\/2026\/04\/20260430202542-1024x576.jpg 1024w, https:\/\/www.latribunedufaso.net\/wp-content\/uploads\/2026\/04\/20260430202542-768x432.jpg 768w\" sizes=\"auto, (max-width: 1080px) 100vw, 1080px\" \/><\/a><figcaption id=\"caption-attachment-29086\" class=\"wp-caption-text\">Une vue des produits m\u00e9dicinales expos\u00e9s au stand de la communaut\u00e9 ivoirienne &#8211; Ph. A. Tiendrebeogo<\/figcaption><\/figure>\n<p>Au-del\u00e0 de l&rsquo;exposition, le stand <em><strong>\u00ab la C\u00f4te d&rsquo;Ivoire profonde \u00bb<\/strong><\/em> se veut un message de fraternit\u00e9. Pour le pr\u00e9sident de la communaut\u00e9, les fronti\u00e8res g\u00e9ographiques ne sont que des barri\u00e8res artificielles qui ne sauraient diviser les peuples. <em><strong>\u00ab On est li\u00e9s \u00e0 jamais \u00bb,<\/strong><\/em> insiste-t-il. Il \u00e9voque les liens historiques et sociaux profonds qui unissent le Burkina Faso, la C\u00f4te d&rsquo;Ivoire, le Mali et le Niger.<\/p>\n<blockquote>\n<p>Lire aussi &gt;&gt;\u00a0<a href=\"https:\/\/www.latribunedufaso.net\/?p=29064\">SNC Bobo 2026 : Le CJCN-SA lance trois prix sp\u00e9ciaux pour promouvoir la s\u00e9curit\u00e9 sanitaire des aliments<\/a><\/p>\n<\/blockquote>\n<p>Ici, au c\u0153ur de la SNC, les barri\u00e8res tombent. La communaut\u00e9 ivoirienne, tout comme ses voisins, vit en parfaite harmonie avec les Burkinab\u00e8, prouvant que la culture demeure le ciment le plus solide de l&rsquo;int\u00e9gration africaine. Une \u00e9dition 2026 qui, selon les exposants, gagne en ampleur et confirme que le retour aux sources est plus que jamais d&rsquo;actualit\u00e9.<\/p>\n<p><strong>Achille Tiendrebeogo\u00a0<\/strong><\/p>\n<p><strong>Latribunedufaso.net<\/strong><\/p>\n","protected":false},"excerpt":{"rendered":"<p>La 22e \u00e9dition de la Semaine Nationale de la Culture (SNC), qui se tient du 25 avril au 02 mai 2026 \u00e0 Bobo-Dioulasso, confirme son statut de carrefour privil\u00e9gi\u00e9 des arts et traditions. V\u00e9ritable c\u0153ur battant de l&rsquo;\u00e9v\u00e9nement, le village des communaut\u00e9s, install\u00e9 sur le site du village artisanal, offre une vitrine de promotion des valeurs traditionnelles. Une \u00e9quipe de Latribunedufaso.net s\u2019y est rendue pour aller \u00e0 la rencontre de la communaut\u00e9 ivoirienne.<\/p>\n","protected":false},"author":5,"featured_media":29084,"comment_status":"open","ping_status":"open","sticky":false,"template":"","format":"standard","meta":{"footnotes":""},"categories":[13,1,30],"tags":[2118,39,1600,2117],"class_list":["post-29080","post","type-post","status-publish","format-standard","has-post-thumbnail","hentry","category-une","category-actu","category-art-et-culture","tag-communaute-ivoirienne-a-la-snc","tag-latribunedufaso-net","tag-semaine-nationale-de-la-culture-snc","tag-village-des-communautes-snc"],"yoast_head":"<!-- This site is optimized with the Yoast SEO plugin v27.5 - https:\/\/yoast.com\/product\/yoast-seo-wordpress\/ -->\n<title>SNC Bobo 2026 : La communaut\u00e9 ivoirienne c\u00e9l\u00e8bre la fraternit\u00e9 au Village des communaut\u00e9s - La Tribune du Faso<\/title>\n<meta name=\"robots\" content=\"index, follow, max-snippet:-1, max-image-preview:large, max-video-preview:-1\" \/>\n<link rel=\"canonical\" href=\"https:\/\/www.latribunedufaso.net\/?p=29080\" \/>\n<meta property=\"og:locale\" content=\"fr_FR\" \/>\n<meta property=\"og:type\" content=\"article\" \/>\n<meta property=\"og:title\" content=\"SNC Bobo 2026 : La communaut\u00e9 ivoirienne c\u00e9l\u00e8bre la fraternit\u00e9 au Village des communaut\u00e9s - La Tribune du Faso\" \/>\n<meta property=\"og:description\" content=\"La 22e \u00e9dition de la Semaine Nationale de la Culture (SNC), qui se tient du 25 avril au 02 mai 2026 \u00e0 Bobo-Dioulasso, confirme son statut de carrefour privil\u00e9gi\u00e9 des arts et traditions. V\u00e9ritable c\u0153ur battant de l&rsquo;\u00e9v\u00e9nement, le village des communaut\u00e9s, install\u00e9 sur le site du village artisanal, offre une vitrine de promotion des valeurs traditionnelles. Une \u00e9quipe de Latribunedufaso.net s\u2019y est rendue pour aller \u00e0 la rencontre de la communaut\u00e9 ivoirienne.\" \/>\n<meta property=\"og:url\" content=\"https:\/\/www.latribunedufaso.net\/?p=29080\" \/>\n<meta property=\"og:site_name\" content=\"La Tribune du Faso\" \/>\n<meta property=\"article:publisher\" content=\"https:\/\/www.facebook.com\/LatribuneduFaso\/\" \/>\n<meta property=\"article:published_time\" content=\"2026-05-01T01:56:05+00:00\" \/>\n<meta property=\"og:image\" content=\"https:\/\/www.latribunedufaso.net\/wp-content\/uploads\/2026\/04\/IMG_20260426_174446-scaled.jpg\" \/>\n\t<meta property=\"og:image:width\" content=\"2560\" \/>\n\t<meta property=\"og:image:height\" content=\"1928\" \/>\n\t<meta property=\"og:image:type\" content=\"image\/jpeg\" \/>\n<meta name=\"author\" content=\"Issouf Tapsoba\" \/>\n<meta name=\"twitter:label1\" content=\"\u00c9crit par\" \/>\n\t<meta name=\"twitter:data1\" content=\"Issouf Tapsoba\" \/>\n\t<meta name=\"twitter:label2\" content=\"Dur\u00e9e de lecture estim\u00e9e\" \/>\n\t<meta name=\"twitter:data2\" content=\"3 minutes\" \/>\n<script type=\"application\/ld+json\" class=\"yoast-schema-graph\">{\"@context\":\"https:\\\/\\\/schema.org\",\"@graph\":[{\"@type\":\"Article\",\"@id\":\"https:\\\/\\\/www.latribunedufaso.net\\\/?p=29080#article\",\"isPartOf\":{\"@id\":\"https:\\\/\\\/www.latribunedufaso.net\\\/?p=29080\"},\"author\":{\"name\":\"Issouf Tapsoba\",\"@id\":\"https:\\\/\\\/www.latribunedufaso.net\\\/#\\\/schema\\\/person\\\/e54e64c5778a7e72cf80a318b7a622b0\"},\"headline\":\"SNC Bobo 2026 : La communaut\u00e9 ivoirienne c\u00e9l\u00e8bre la fraternit\u00e9 au Village des communaut\u00e9s\",\"datePublished\":\"2026-05-01T01:56:05+00:00\",\"mainEntityOfPage\":{\"@id\":\"https:\\\/\\\/www.latribunedufaso.net\\\/?p=29080\"},\"wordCount\":458,\"commentCount\":0,\"publisher\":{\"@id\":\"https:\\\/\\\/www.latribunedufaso.net\\\/#organization\"},\"image\":{\"@id\":\"https:\\\/\\\/www.latribunedufaso.net\\\/?p=29080#primaryimage\"},\"thumbnailUrl\":\"https:\\\/\\\/www.latribunedufaso.net\\\/wp-content\\\/uploads\\\/2026\\\/04\\\/IMG_20260426_174446-scaled.jpg\",\"keywords\":[\"Communaut\u00e9 ivoirienne \u00e0 la SNC\",\"latribunedufaso.net\",\"Semaine nationale de la culture (SNC)\",\"Village des communaut\u00e9s SNC\"],\"articleSection\":[\"A la une\",\"Actualit\u00e9\",\"Art et Culture\"],\"inLanguage\":\"fr-FR\",\"potentialAction\":[{\"@type\":\"CommentAction\",\"name\":\"Comment\",\"target\":[\"https:\\\/\\\/www.latribunedufaso.net\\\/?p=29080#respond\"]}]},{\"@type\":\"WebPage\",\"@id\":\"https:\\\/\\\/www.latribunedufaso.net\\\/?p=29080\",\"url\":\"https:\\\/\\\/www.latribunedufaso.net\\\/?p=29080\",\"name\":\"SNC Bobo 2026 : La communaut\u00e9 ivoirienne c\u00e9l\u00e8bre la fraternit\u00e9 au Village des communaut\u00e9s - La Tribune du Faso\",\"isPartOf\":{\"@id\":\"https:\\\/\\\/www.latribunedufaso.net\\\/#website\"},\"primaryImageOfPage\":{\"@id\":\"https:\\\/\\\/www.latribunedufaso.net\\\/?p=29080#primaryimage\"},\"image\":{\"@id\":\"https:\\\/\\\/www.latribunedufaso.net\\\/?p=29080#primaryimage\"},\"thumbnailUrl\":\"https:\\\/\\\/www.latribunedufaso.net\\\/wp-content\\\/uploads\\\/2026\\\/04\\\/IMG_20260426_174446-scaled.jpg\",\"datePublished\":\"2026-05-01T01:56:05+00:00\",\"breadcrumb\":{\"@id\":\"https:\\\/\\\/www.latribunedufaso.net\\\/?p=29080#breadcrumb\"},\"inLanguage\":\"fr-FR\",\"potentialAction\":[{\"@type\":\"ReadAction\",\"target\":[\"https:\\\/\\\/www.latribunedufaso.net\\\/?p=29080\"]}]},{\"@type\":\"ImageObject\",\"inLanguage\":\"fr-FR\",\"@id\":\"https:\\\/\\\/www.latribunedufaso.net\\\/?p=29080#primaryimage\",\"url\":\"https:\\\/\\\/www.latribunedufaso.net\\\/wp-content\\\/uploads\\\/2026\\\/04\\\/IMG_20260426_174446-scaled.jpg\",\"contentUrl\":\"https:\\\/\\\/www.latribunedufaso.net\\\/wp-content\\\/uploads\\\/2026\\\/04\\\/IMG_20260426_174446-scaled.jpg\",\"width\":2560,\"height\":1928,\"caption\":\"Zoom sur le stand de la communaut\u00e9 ivoirienne au village des communaut\u00e9s de la SNC 2026\"},{\"@type\":\"BreadcrumbList\",\"@id\":\"https:\\\/\\\/www.latribunedufaso.net\\\/?p=29080#breadcrumb\",\"itemListElement\":[{\"@type\":\"ListItem\",\"position\":1,\"name\":\"Accueil\",\"item\":\"https:\\\/\\\/www.latribunedufaso.net\\\/\"},{\"@type\":\"ListItem\",\"position\":2,\"name\":\"SNC Bobo 2026 : La communaut\u00e9 ivoirienne c\u00e9l\u00e8bre la fraternit\u00e9 au Village des communaut\u00e9s\"}]},{\"@type\":\"WebSite\",\"@id\":\"https:\\\/\\\/www.latribunedufaso.net\\\/#website\",\"url\":\"https:\\\/\\\/www.latribunedufaso.net\\\/\",\"name\":\"La Tribune du Faso\",\"description\":\"L&#039;information du monde rural en un clic\",\"publisher\":{\"@id\":\"https:\\\/\\\/www.latribunedufaso.net\\\/#organization\"},\"potentialAction\":[{\"@type\":\"SearchAction\",\"target\":{\"@type\":\"EntryPoint\",\"urlTemplate\":\"https:\\\/\\\/www.latribunedufaso.net\\\/?s={search_term_string}\"},\"query-input\":{\"@type\":\"PropertyValueSpecification\",\"valueRequired\":true,\"valueName\":\"search_term_string\"}}],\"inLanguage\":\"fr-FR\"},{\"@type\":\"Organization\",\"@id\":\"https:\\\/\\\/www.latribunedufaso.net\\\/#organization\",\"name\":\"La Tribune du Faso\",\"url\":\"https:\\\/\\\/www.latribunedufaso.net\\\/\",\"logo\":{\"@type\":\"ImageObject\",\"inLanguage\":\"fr-FR\",\"@id\":\"https:\\\/\\\/www.latribunedufaso.net\\\/#\\\/schema\\\/logo\\\/image\\\/\",\"url\":\"https:\\\/\\\/www.latribunedufaso.net\\\/wp-content\\\/uploads\\\/2020\\\/08\\\/Logo-Tribune-du-Faso-final-scaled.jpg\",\"contentUrl\":\"https:\\\/\\\/www.latribunedufaso.net\\\/wp-content\\\/uploads\\\/2020\\\/08\\\/Logo-Tribune-du-Faso-final-scaled.jpg\",\"width\":2560,\"height\":1856,\"caption\":\"La Tribune du Faso\"},\"image\":{\"@id\":\"https:\\\/\\\/www.latribunedufaso.net\\\/#\\\/schema\\\/logo\\\/image\\\/\"},\"sameAs\":[\"https:\\\/\\\/www.facebook.com\\\/LatribuneduFaso\\\/\"]},{\"@type\":\"Person\",\"@id\":\"https:\\\/\\\/www.latribunedufaso.net\\\/#\\\/schema\\\/person\\\/e54e64c5778a7e72cf80a318b7a622b0\",\"name\":\"Issouf Tapsoba\",\"image\":{\"@type\":\"ImageObject\",\"inLanguage\":\"fr-FR\",\"@id\":\"https:\\\/\\\/secure.gravatar.com\\\/avatar\\\/5e6c05150ce3230247d167f5b94d678eb05936197436d69b7921e3a95c9107ac?s=96&d=mm&r=g\",\"url\":\"https:\\\/\\\/secure.gravatar.com\\\/avatar\\\/5e6c05150ce3230247d167f5b94d678eb05936197436d69b7921e3a95c9107ac?s=96&d=mm&r=g\",\"contentUrl\":\"https:\\\/\\\/secure.gravatar.com\\\/avatar\\\/5e6c05150ce3230247d167f5b94d678eb05936197436d69b7921e3a95c9107ac?s=96&d=mm&r=g\",\"caption\":\"Issouf Tapsoba\"},\"url\":\"https:\\\/\\\/www.latribunedufaso.net\\\/?author=5\"}]}<\/script>\n<!-- \/ Yoast SEO plugin. -->","yoast_head_json":{"title":"SNC Bobo 2026 : La communaut\u00e9 ivoirienne c\u00e9l\u00e8bre la fraternit\u00e9 au Village des communaut\u00e9s - La Tribune du Faso","robots":{"index":"index","follow":"follow","max-snippet":"max-snippet:-1","max-image-preview":"max-image-preview:large","max-video-preview":"max-video-preview:-1"},"canonical":"https:\/\/www.latribunedufaso.net\/?p=29080","og_locale":"fr_FR","og_type":"article","og_title":"SNC Bobo 2026 : La communaut\u00e9 ivoirienne c\u00e9l\u00e8bre la fraternit\u00e9 au Village des communaut\u00e9s - La Tribune du Faso","og_description":"La 22e \u00e9dition de la Semaine Nationale de la Culture (SNC), qui se tient du 25 avril au 02 mai 2026 \u00e0 Bobo-Dioulasso, confirme son statut de carrefour privil\u00e9gi\u00e9 des arts et traditions. V\u00e9ritable c\u0153ur battant de l&rsquo;\u00e9v\u00e9nement, le village des communaut\u00e9s, install\u00e9 sur le site du village artisanal, offre une vitrine de promotion des valeurs traditionnelles. Une \u00e9quipe de Latribunedufaso.net s\u2019y est rendue pour aller \u00e0 la rencontre de la communaut\u00e9 ivoirienne.","og_url":"https:\/\/www.latribunedufaso.net\/?p=29080","og_site_name":"La Tribune du Faso","article_publisher":"https:\/\/www.facebook.com\/LatribuneduFaso\/","article_published_time":"2026-05-01T01:56:05+00:00","og_image":[{"width":2560,"height":1928,"url":"https:\/\/www.latribunedufaso.net\/wp-content\/uploads\/2026\/04\/IMG_20260426_174446-scaled.jpg","type":"image\/jpeg"}],"author":"Issouf Tapsoba","twitter_misc":{"\u00c9crit par":"Issouf Tapsoba","Dur\u00e9e de lecture estim\u00e9e":"3 minutes"},"schema":{"@context":"https:\/\/schema.org","@graph":[{"@type":"Article","@id":"https:\/\/www.latribunedufaso.net\/?p=29080#article","isPartOf":{"@id":"https:\/\/www.latribunedufaso.net\/?p=29080"},"author":{"name":"Issouf Tapsoba","@id":"https:\/\/www.latribunedufaso.net\/#\/schema\/person\/e54e64c5778a7e72cf80a318b7a622b0"},"headline":"SNC Bobo 2026 : La communaut\u00e9 ivoirienne c\u00e9l\u00e8bre la fraternit\u00e9 au Village des communaut\u00e9s","datePublished":"2026-05-01T01:56:05+00:00","mainEntityOfPage":{"@id":"https:\/\/www.latribunedufaso.net\/?p=29080"},"wordCount":458,"commentCount":0,"publisher":{"@id":"https:\/\/www.latribunedufaso.net\/#organization"},"image":{"@id":"https:\/\/www.latribunedufaso.net\/?p=29080#primaryimage"},"thumbnailUrl":"https:\/\/www.latribunedufaso.net\/wp-content\/uploads\/2026\/04\/IMG_20260426_174446-scaled.jpg","keywords":["Communaut\u00e9 ivoirienne \u00e0 la SNC","latribunedufaso.net","Semaine nationale de la culture (SNC)","Village des communaut\u00e9s SNC"],"articleSection":["A la une","Actualit\u00e9","Art et Culture"],"inLanguage":"fr-FR","potentialAction":[{"@type":"CommentAction","name":"Comment","target":["https:\/\/www.latribunedufaso.net\/?p=29080#respond"]}]},{"@type":"WebPage","@id":"https:\/\/www.latribunedufaso.net\/?p=29080","url":"https:\/\/www.latribunedufaso.net\/?p=29080","name":"SNC Bobo 2026 : La communaut\u00e9 ivoirienne c\u00e9l\u00e8bre la fraternit\u00e9 au Village des communaut\u00e9s - La Tribune du Faso","isPartOf":{"@id":"https:\/\/www.latribunedufaso.net\/#website"},"primaryImageOfPage":{"@id":"https:\/\/www.latribunedufaso.net\/?p=29080#primaryimage"},"image":{"@id":"https:\/\/www.latribunedufaso.net\/?p=29080#primaryimage"},"thumbnailUrl":"https:\/\/www.latribunedufaso.net\/wp-content\/uploads\/2026\/04\/IMG_20260426_174446-scaled.jpg","datePublished":"2026-05-01T01:56:05+00:00","breadcrumb":{"@id":"https:\/\/www.latribunedufaso.net\/?p=29080#breadcrumb"},"inLanguage":"fr-FR","potentialAction":[{"@type":"ReadAction","target":["https:\/\/www.latribunedufaso.net\/?p=29080"]}]},{"@type":"ImageObject","inLanguage":"fr-FR","@id":"https:\/\/www.latribunedufaso.net\/?p=29080#primaryimage","url":"https:\/\/www.latribunedufaso.net\/wp-content\/uploads\/2026\/04\/IMG_20260426_174446-scaled.jpg","contentUrl":"https:\/\/www.latribunedufaso.net\/wp-content\/uploads\/2026\/04\/IMG_20260426_174446-scaled.jpg","width":2560,"height":1928,"caption":"Zoom sur le stand de la communaut\u00e9 ivoirienne au village des communaut\u00e9s de la SNC 2026"},{"@type":"BreadcrumbList","@id":"https:\/\/www.latribunedufaso.net\/?p=29080#breadcrumb","itemListElement":[{"@type":"ListItem","position":1,"name":"Accueil","item":"https:\/\/www.latribunedufaso.net\/"},{"@type":"ListItem","position":2,"name":"SNC Bobo 2026 : La communaut\u00e9 ivoirienne c\u00e9l\u00e8bre la fraternit\u00e9 au Village des communaut\u00e9s"}]},{"@type":"WebSite","@id":"https:\/\/www.latribunedufaso.net\/#website","url":"https:\/\/www.latribunedufaso.net\/","name":"La Tribune du Faso","description":"L&#039;information du monde rural en un clic","publisher":{"@id":"https:\/\/www.latribunedufaso.net\/#organization"},"potentialAction":[{"@type":"SearchAction","target":{"@type":"EntryPoint","urlTemplate":"https:\/\/www.latribunedufaso.net\/?s={search_term_string}"},"query-input":{"@type":"PropertyValueSpecification","valueRequired":true,"valueName":"search_term_string"}}],"inLanguage":"fr-FR"},{"@type":"Organization","@id":"https:\/\/www.latribunedufaso.net\/#organization","name":"La Tribune du Faso","url":"https:\/\/www.latribunedufaso.net\/","logo":{"@type":"ImageObject","inLanguage":"fr-FR","@id":"https:\/\/www.latribunedufaso.net\/#\/schema\/logo\/image\/","url":"https:\/\/www.latribunedufaso.net\/wp-content\/uploads\/2020\/08\/Logo-Tribune-du-Faso-final-scaled.jpg","contentUrl":"https:\/\/www.latribunedufaso.net\/wp-content\/uploads\/2020\/08\/Logo-Tribune-du-Faso-final-scaled.jpg","width":2560,"height":1856,"caption":"La Tribune du Faso"},"image":{"@id":"https:\/\/www.latribunedufaso.net\/#\/schema\/logo\/image\/"},"sameAs":["https:\/\/www.facebook.com\/LatribuneduFaso\/"]},{"@type":"Person","@id":"https:\/\/www.latribunedufaso.net\/#\/schema\/person\/e54e64c5778a7e72cf80a318b7a622b0","name":"Issouf Tapsoba","image":{"@type":"ImageObject","inLanguage":"fr-FR","@id":"https:\/\/secure.gravatar.com\/avatar\/5e6c05150ce3230247d167f5b94d678eb05936197436d69b7921e3a95c9107ac?s=96&d=mm&r=g","url":"https:\/\/secure.gravatar.com\/avatar\/5e6c05150ce3230247d167f5b94d678eb05936197436d69b7921e3a95c9107ac?s=96&d=mm&r=g","contentUrl":"https:\/\/secure.gravatar.com\/avatar\/5e6c05150ce3230247d167f5b94d678eb05936197436d69b7921e3a95c9107ac?s=96&d=mm&r=g","caption":"Issouf Tapsoba"},"url":"https:\/\/www.latribunedufaso.net\/?author=5"}]}},"_links":{"self":[{"href":"https:\/\/www.latribunedufaso.net\/index.php?rest_route=\/wp\/v2\/posts\/29080","targetHints":{"allow":["GET"]}}],"collection":[{"href":"https:\/\/www.latribunedufaso.net\/index.php?rest_route=\/wp\/v2\/posts"}],"about":[{"href":"https:\/\/www.latribunedufaso.net\/index.php?rest_route=\/wp\/v2\/types\/post"}],"author":[{"embeddable":true,"href":"https:\/\/www.latribunedufaso.net\/index.php?rest_route=\/wp\/v2\/users\/5"}],"replies":[{"embeddable":true,"href":"https:\/\/www.latribunedufaso.net\/index.php?rest_route=%2Fwp%2Fv2%2Fcomments&post=29080"}],"version-history":[{"count":4,"href":"https:\/\/www.latribunedufaso.net\/index.php?rest_route=\/wp\/v2\/posts\/29080\/revisions"}],"predecessor-version":[{"id":29087,"href":"https:\/\/www.latribunedufaso.net\/index.php?rest_route=\/wp\/v2\/posts\/29080\/revisions\/29087"}],"wp:featuredmedia":[{"embeddable":true,"href":"https:\/\/www.latribunedufaso.net\/index.php?rest_route=\/wp\/v2\/media\/29084"}],"wp:attachment":[{"href":"https:\/\/www.latribunedufaso.net\/index.php?rest_route=%2Fwp%2Fv2%2Fmedia&parent=29080"}],"wp:term":[{"taxonomy":"category","embeddable":true,"href":"https:\/\/www.latribunedufaso.net\/index.php?rest_route=%2Fwp%2Fv2%2Fcategories&post=29080"},{"taxonomy":"post_tag","embeddable":true,"href":"https:\/\/www.latribunedufaso.net\/index.php?rest_route=%2Fwp%2Fv2%2Ftags&post=29080"}],"curies":[{"name":"wp","href":"https:\/\/api.w.org\/{rel}","templated":true}]}}