{"id":29071,"date":"2026-04-30T16:39:34","date_gmt":"2026-04-30T16:39:34","guid":{"rendered":"https:\/\/www.latribunedufaso.net\/?p=29071"},"modified":"2026-04-30T16:39:34","modified_gmt":"2026-04-30T16:39:34","slug":"2e-semaine-de-la-fraternite-de-laes-la-culture-comme-socle-de-la-souverainete-sahelienne","status":"publish","type":"post","link":"https:\/\/www.latribunedufaso.net\/?p=29071","title":{"rendered":"2e Semaine de la Fraternit\u00e9 de l\u2019AES : La culture comme socle de la souverainet\u00e9 sah\u00e9lienne"},"content":{"rendered":"<p><strong>Le ministre charg\u00e9 de la Culture, Gilbert Ou\u00e9draogo, a pr\u00e9sid\u00e9 le 30 avril 2026 sur le campus du secteur 22 de l&rsquo;Universit\u00e9 Nazi Boni, la c\u00e9r\u00e9monie d&rsquo;ouverture des tables rondes de la 2e \u00e9dition de la Semaine de la Fraternit\u00e9 de l\u2019Alliance des \u00c9tats du Sahel (AES). Tenue \u00e0 l&rsquo;occasion de la 22e \u00e9dition de la Semaine nationale de la culture (SNC), cette activit\u00e9 a permis d&rsquo;\u00e9changer sur le r\u00f4le de la culture dans la strat\u00e9gie de construction de l\u2019unit\u00e9 et de la r\u00e9silience de l\u2019espace sah\u00e9lien.<\/strong><!--more--><\/p>\n<p>Pour le ministre Gilbert Ou\u00e9draogo, cette session n\u2019\u00e9tait pas un simple exercice th\u00e9orique, mais une \u00e9tape d\u00e9cisive pour l\u2019avenir de la Conf\u00e9d\u00e9ration. Il a r\u00e9affirm\u00e9 avec force que la culture constitue un <em><strong>\u00ab levier strat\u00e9gique majeur \u00bb<\/strong> <\/em>et un instrument de souverainet\u00e9 indispensable. Dans un contexte o\u00f9 les d\u00e9fis s\u00e9curitaires sont nombreux, l&rsquo;AES choisit de s&rsquo;appuyer sur ses propres ressorts endog\u00e8nes pour b\u00e2tir une coh\u00e9sion durable.<\/p>\n<figure id=\"attachment_29076\" aria-describedby=\"caption-attachment-29076\" style=\"width: 2560px\" class=\"wp-caption aligncenter\"><a href=\"https:\/\/www.latribunedufaso.net\/wp-content\/uploads\/2026\/04\/IMG_20260430_091816-scaled.jpg\"><img loading=\"lazy\" decoding=\"async\" class=\"size-full wp-image-29076\" src=\"https:\/\/www.latribunedufaso.net\/wp-content\/uploads\/2026\/04\/IMG_20260430_091816-scaled.jpg\" alt=\"Table rondes de la 2e \u00e9dition de la Semaine de la Fraternit\u00e9 de l'AES, \u00e0 l'occasion de la SNC, 30 avril 2026\" width=\"2560\" height=\"1928\" srcset=\"https:\/\/www.latribunedufaso.net\/wp-content\/uploads\/2026\/04\/IMG_20260430_091816-scaled.jpg 2560w, https:\/\/www.latribunedufaso.net\/wp-content\/uploads\/2026\/04\/IMG_20260430_091816-300x226.jpg 300w, https:\/\/www.latribunedufaso.net\/wp-content\/uploads\/2026\/04\/IMG_20260430_091816-1024x771.jpg 1024w, https:\/\/www.latribunedufaso.net\/wp-content\/uploads\/2026\/04\/IMG_20260430_091816-768x578.jpg 768w, https:\/\/www.latribunedufaso.net\/wp-content\/uploads\/2026\/04\/IMG_20260430_091816-1536x1157.jpg 1536w, https:\/\/www.latribunedufaso.net\/wp-content\/uploads\/2026\/04\/IMG_20260430_091816-2048x1542.jpg 2048w\" sizes=\"auto, (max-width: 2560px) 100vw, 2560px\" \/><\/a><figcaption id=\"caption-attachment-29076\" class=\"wp-caption-text\">Le ministre charg\u00e9 de la Culture, Gilbert Ou\u00e9draogo a pr\u00e9sid\u00e9 la c\u00e9r\u00e9monie d&rsquo;ouverture des travaux &#8211; Ph. A. Tiendrebeogo<\/figcaption><\/figure>\n<p>Deux th\u00e9matiques majeures ont structur\u00e9 les \u00e9changes. La premi\u00e8re, intitul\u00e9e <em><strong>\u00ab Culture, souverainet\u00e9 et fraternit\u00e9 des peuples \u00bb<\/strong><\/em>, a explor\u00e9 comment l\u2019art et les traditions peuvent consolider l\u2019unit\u00e9 entre le Burkina Faso, le Mali et le Niger. La seconde a mis en lumi\u00e8re la <em><strong>\u00ab Parent\u00e9 \u00e0 plaisanterie \u00bb<\/strong><\/em>, ce m\u00e9canisme ancestral de r\u00e9gulation sociale. Le ministre a rappel\u00e9 \u00e0 cet effet les d\u00e9marches en cours pour faire inscrire cette pratique sur la liste du patrimoine immat\u00e9riel de l\u2019UNESCO. A l&rsquo;\u00e9couter, elle repr\u00e9sente un rempart naturel contre les divisions.<\/p>\n<figure id=\"attachment_29078\" aria-describedby=\"caption-attachment-29078\" style=\"width: 2560px\" class=\"wp-caption aligncenter\"><a href=\"https:\/\/www.latribunedufaso.net\/wp-content\/uploads\/2026\/04\/IMG_20260430_094011-scaled.jpg\"><img loading=\"lazy\" decoding=\"async\" class=\"size-full wp-image-29078\" src=\"https:\/\/www.latribunedufaso.net\/wp-content\/uploads\/2026\/04\/IMG_20260430_094011-scaled.jpg\" alt=\"Table rondes de la 2e \u00e9dition de la Semaine de la Fraternit\u00e9 de l'AES, \u00e0 l'occasion de la SNC, 30 avril 2026\" width=\"2560\" height=\"1928\" srcset=\"https:\/\/www.latribunedufaso.net\/wp-content\/uploads\/2026\/04\/IMG_20260430_094011-scaled.jpg 2560w, https:\/\/www.latribunedufaso.net\/wp-content\/uploads\/2026\/04\/IMG_20260430_094011-300x226.jpg 300w, https:\/\/www.latribunedufaso.net\/wp-content\/uploads\/2026\/04\/IMG_20260430_094011-1024x771.jpg 1024w, https:\/\/www.latribunedufaso.net\/wp-content\/uploads\/2026\/04\/IMG_20260430_094011-768x578.jpg 768w, https:\/\/www.latribunedufaso.net\/wp-content\/uploads\/2026\/04\/IMG_20260430_094011-1536x1157.jpg 1536w, https:\/\/www.latribunedufaso.net\/wp-content\/uploads\/2026\/04\/IMG_20260430_094011-2048x1542.jpg 2048w\" sizes=\"auto, (max-width: 2560px) 100vw, 2560px\" \/><\/a><figcaption id=\"caption-attachment-29078\" class=\"wp-caption-text\">Une vue des participants \u00e0 la c\u00e9r\u00e9monie &#8211; Ph. A. Tiendrebeogo<\/figcaption><\/figure>\n<p>Le ministre a conclu en lan\u00e7ant un appel vibrant \u00e0 la jeunesse, la d\u00e9signant comme le <em><strong>\u00ab moteur principal \u00bb<\/strong><\/em> de cette transformation. En s&rsquo;appropriant ces valeurs culturelles, elle devient l\u2019actrice majeure de l\u2019innovation et de la transmission. Ces travaux marquent, sans nul doute, un jalon essentiel dans la qu\u00eate d\u2019une souverainet\u00e9 commune et d&rsquo;une fraternit\u00e9 solide au sein de l\u2019AES.<\/p>\n<p><strong>Achille Tiendrebeogo\u00a0<\/strong><\/p>\n<p><strong>Latribunedufaso.net<\/strong><\/p>\n<p>Lire aussi &gt;&gt;\u00a0<a href=\"https:\/\/www.latribunedufaso.net\/?p=28846\">Coop\u00e9ration AES-UA :\u00a0 \u00ab Maintenant, je connais la r\u00e9alit\u00e9 objective de la r\u00e9gion du Sahel et aussi du Peuple burkinab\u00e8\u2026 \u00bb, Pr\u00e9sident en exercice de l\u2019Union Africaine<\/a><\/p>\n<p><a href=\"https:\/\/www.latribunedufaso.net\/wp-content\/uploads\/2026\/04\/IMG_20260430_092143-scaled.jpg\"><img loading=\"lazy\" decoding=\"async\" class=\"aligncenter size-full wp-image-29075\" src=\"https:\/\/www.latribunedufaso.net\/wp-content\/uploads\/2026\/04\/IMG_20260430_092143-scaled.jpg\" alt=\"Table rondes de la 2e \u00e9dition de la Semaine de la Fraternit\u00e9 de l'AES, \u00e0 l'occasion de la SNC, 30 avril 2026\" width=\"2560\" height=\"1928\" srcset=\"https:\/\/www.latribunedufaso.net\/wp-content\/uploads\/2026\/04\/IMG_20260430_092143-scaled.jpg 2560w, https:\/\/www.latribunedufaso.net\/wp-content\/uploads\/2026\/04\/IMG_20260430_092143-300x226.jpg 300w, https:\/\/www.latribunedufaso.net\/wp-content\/uploads\/2026\/04\/IMG_20260430_092143-1024x771.jpg 1024w, https:\/\/www.latribunedufaso.net\/wp-content\/uploads\/2026\/04\/IMG_20260430_092143-768x578.jpg 768w, https:\/\/www.latribunedufaso.net\/wp-content\/uploads\/2026\/04\/IMG_20260430_092143-1536x1157.jpg 1536w, https:\/\/www.latribunedufaso.net\/wp-content\/uploads\/2026\/04\/IMG_20260430_092143-2048x1542.jpg 2048w\" sizes=\"auto, (max-width: 2560px) 100vw, 2560px\" \/><\/a><\/p>\n","protected":false},"excerpt":{"rendered":"<p>Le ministre charg\u00e9 de la Culture, Gilbert Ou\u00e9draogo, a pr\u00e9sid\u00e9 le 30 avril 2026 sur le campus du secteur 22 de l&rsquo;Universit\u00e9 Nazi Boni, la c\u00e9r\u00e9monie d&rsquo;ouverture des tables rondes de la 2e \u00e9dition de la Semaine de la Fraternit\u00e9 de l\u2019Alliance des \u00c9tats du Sahel (AES). Tenue \u00e0 l&rsquo;occasion de la 22e \u00e9dition de la Semaine nationale de la culture (SNC), cette activit\u00e9 a permis d&rsquo;\u00e9changer sur le r\u00f4le de la culture dans la strat\u00e9gie de construction de l\u2019unit\u00e9 et de la r\u00e9silience de l\u2019espace sah\u00e9lien.<\/p>\n","protected":false},"author":5,"featured_media":29077,"comment_status":"open","ping_status":"open","sticky":false,"template":"","format":"standard","meta":{"footnotes":""},"categories":[13,1,30],"tags":[160,39,2116,1600],"class_list":["post-29071","post","type-post","status-publish","format-standard","has-post-thumbnail","hentry","category-une","category-actu","category-art-et-culture","tag-aes","tag-latribunedufaso-net","tag-semaine-de-la-fraternite-de-laes","tag-semaine-nationale-de-la-culture-snc"],"yoast_head":"<!-- This site is optimized with the Yoast SEO plugin v27.5 - https:\/\/yoast.com\/product\/yoast-seo-wordpress\/ -->\n<title>2e Semaine de la Fraternit\u00e9 de l\u2019AES : La culture comme socle de la souverainet\u00e9 sah\u00e9lienne - La Tribune du Faso<\/title>\n<meta name=\"robots\" content=\"index, follow, max-snippet:-1, max-image-preview:large, max-video-preview:-1\" \/>\n<link rel=\"canonical\" href=\"https:\/\/www.latribunedufaso.net\/?p=29071\" \/>\n<meta property=\"og:locale\" content=\"fr_FR\" \/>\n<meta property=\"og:type\" content=\"article\" \/>\n<meta property=\"og:title\" content=\"2e Semaine de la Fraternit\u00e9 de l\u2019AES : La culture comme socle de la souverainet\u00e9 sah\u00e9lienne - La Tribune du Faso\" \/>\n<meta property=\"og:description\" content=\"Le ministre charg\u00e9 de la Culture, Gilbert Ou\u00e9draogo, a pr\u00e9sid\u00e9 le 30 avril 2026 sur le campus du secteur 22 de l&rsquo;Universit\u00e9 Nazi Boni, la c\u00e9r\u00e9monie d&rsquo;ouverture des tables rondes de la 2e \u00e9dition de la Semaine de la Fraternit\u00e9 de l\u2019Alliance des \u00c9tats du Sahel (AES). Tenue \u00e0 l&rsquo;occasion de la 22e \u00e9dition de la Semaine nationale de la culture (SNC), cette activit\u00e9 a permis d&rsquo;\u00e9changer sur le r\u00f4le de la culture dans la strat\u00e9gie de construction de l\u2019unit\u00e9 et de la r\u00e9silience de l\u2019espace sah\u00e9lien.\" \/>\n<meta property=\"og:url\" content=\"https:\/\/www.latribunedufaso.net\/?p=29071\" \/>\n<meta property=\"og:site_name\" content=\"La Tribune du Faso\" \/>\n<meta property=\"article:publisher\" content=\"https:\/\/www.facebook.com\/LatribuneduFaso\/\" \/>\n<meta property=\"article:published_time\" content=\"2026-04-30T16:39:34+00:00\" \/>\n<meta property=\"og:image\" content=\"https:\/\/www.latribunedufaso.net\/wp-content\/uploads\/2026\/04\/IMG_20260430_090947-scaled.jpg\" \/>\n\t<meta property=\"og:image:width\" content=\"2560\" \/>\n\t<meta property=\"og:image:height\" content=\"1928\" \/>\n\t<meta property=\"og:image:type\" content=\"image\/jpeg\" \/>\n<meta name=\"author\" content=\"Issouf Tapsoba\" \/>\n<meta name=\"twitter:label1\" content=\"\u00c9crit par\" \/>\n\t<meta name=\"twitter:data1\" content=\"Issouf Tapsoba\" \/>\n\t<meta name=\"twitter:label2\" content=\"Dur\u00e9e de lecture estim\u00e9e\" \/>\n\t<meta name=\"twitter:data2\" content=\"3 minutes\" \/>\n<script type=\"application\/ld+json\" class=\"yoast-schema-graph\">{\"@context\":\"https:\\\/\\\/schema.org\",\"@graph\":[{\"@type\":\"Article\",\"@id\":\"https:\\\/\\\/www.latribunedufaso.net\\\/?p=29071#article\",\"isPartOf\":{\"@id\":\"https:\\\/\\\/www.latribunedufaso.net\\\/?p=29071\"},\"author\":{\"name\":\"Issouf Tapsoba\",\"@id\":\"https:\\\/\\\/www.latribunedufaso.net\\\/#\\\/schema\\\/person\\\/e54e64c5778a7e72cf80a318b7a622b0\"},\"headline\":\"2e Semaine de la Fraternit\u00e9 de l\u2019AES : La culture comme socle de la souverainet\u00e9 sah\u00e9lienne\",\"datePublished\":\"2026-04-30T16:39:34+00:00\",\"mainEntityOfPage\":{\"@id\":\"https:\\\/\\\/www.latribunedufaso.net\\\/?p=29071\"},\"wordCount\":445,\"commentCount\":0,\"publisher\":{\"@id\":\"https:\\\/\\\/www.latribunedufaso.net\\\/#organization\"},\"image\":{\"@id\":\"https:\\\/\\\/www.latribunedufaso.net\\\/?p=29071#primaryimage\"},\"thumbnailUrl\":\"https:\\\/\\\/www.latribunedufaso.net\\\/wp-content\\\/uploads\\\/2026\\\/04\\\/IMG_20260430_090947-scaled.jpg\",\"keywords\":[\"AES\",\"latribunedufaso.net\",\"Semaine de la Fraternit\u00e9 de l'AES\",\"Semaine nationale de la culture (SNC)\"],\"articleSection\":[\"A la une\",\"Actualit\u00e9\",\"Art et Culture\"],\"inLanguage\":\"fr-FR\",\"potentialAction\":[{\"@type\":\"CommentAction\",\"name\":\"Comment\",\"target\":[\"https:\\\/\\\/www.latribunedufaso.net\\\/?p=29071#respond\"]}]},{\"@type\":\"WebPage\",\"@id\":\"https:\\\/\\\/www.latribunedufaso.net\\\/?p=29071\",\"url\":\"https:\\\/\\\/www.latribunedufaso.net\\\/?p=29071\",\"name\":\"2e Semaine de la Fraternit\u00e9 de l\u2019AES : La culture comme socle de la souverainet\u00e9 sah\u00e9lienne - La Tribune du Faso\",\"isPartOf\":{\"@id\":\"https:\\\/\\\/www.latribunedufaso.net\\\/#website\"},\"primaryImageOfPage\":{\"@id\":\"https:\\\/\\\/www.latribunedufaso.net\\\/?p=29071#primaryimage\"},\"image\":{\"@id\":\"https:\\\/\\\/www.latribunedufaso.net\\\/?p=29071#primaryimage\"},\"thumbnailUrl\":\"https:\\\/\\\/www.latribunedufaso.net\\\/wp-content\\\/uploads\\\/2026\\\/04\\\/IMG_20260430_090947-scaled.jpg\",\"datePublished\":\"2026-04-30T16:39:34+00:00\",\"breadcrumb\":{\"@id\":\"https:\\\/\\\/www.latribunedufaso.net\\\/?p=29071#breadcrumb\"},\"inLanguage\":\"fr-FR\",\"potentialAction\":[{\"@type\":\"ReadAction\",\"target\":[\"https:\\\/\\\/www.latribunedufaso.net\\\/?p=29071\"]}]},{\"@type\":\"ImageObject\",\"inLanguage\":\"fr-FR\",\"@id\":\"https:\\\/\\\/www.latribunedufaso.net\\\/?p=29071#primaryimage\",\"url\":\"https:\\\/\\\/www.latribunedufaso.net\\\/wp-content\\\/uploads\\\/2026\\\/04\\\/IMG_20260430_090947-scaled.jpg\",\"contentUrl\":\"https:\\\/\\\/www.latribunedufaso.net\\\/wp-content\\\/uploads\\\/2026\\\/04\\\/IMG_20260430_090947-scaled.jpg\",\"width\":2560,\"height\":1928,\"caption\":\"Table rondes de la 2e \u00e9dition de la Semaine de la Fraternit\u00e9 de l'AES, \u00e0 l'occasion de la SNC, 30 avril 2026\"},{\"@type\":\"BreadcrumbList\",\"@id\":\"https:\\\/\\\/www.latribunedufaso.net\\\/?p=29071#breadcrumb\",\"itemListElement\":[{\"@type\":\"ListItem\",\"position\":1,\"name\":\"Accueil\",\"item\":\"https:\\\/\\\/www.latribunedufaso.net\\\/\"},{\"@type\":\"ListItem\",\"position\":2,\"name\":\"2e Semaine de la Fraternit\u00e9 de l\u2019AES : La culture comme socle de la souverainet\u00e9 sah\u00e9lienne\"}]},{\"@type\":\"WebSite\",\"@id\":\"https:\\\/\\\/www.latribunedufaso.net\\\/#website\",\"url\":\"https:\\\/\\\/www.latribunedufaso.net\\\/\",\"name\":\"La Tribune du Faso\",\"description\":\"L&#039;information du monde rural en un clic\",\"publisher\":{\"@id\":\"https:\\\/\\\/www.latribunedufaso.net\\\/#organization\"},\"potentialAction\":[{\"@type\":\"SearchAction\",\"target\":{\"@type\":\"EntryPoint\",\"urlTemplate\":\"https:\\\/\\\/www.latribunedufaso.net\\\/?s={search_term_string}\"},\"query-input\":{\"@type\":\"PropertyValueSpecification\",\"valueRequired\":true,\"valueName\":\"search_term_string\"}}],\"inLanguage\":\"fr-FR\"},{\"@type\":\"Organization\",\"@id\":\"https:\\\/\\\/www.latribunedufaso.net\\\/#organization\",\"name\":\"La Tribune du Faso\",\"url\":\"https:\\\/\\\/www.latribunedufaso.net\\\/\",\"logo\":{\"@type\":\"ImageObject\",\"inLanguage\":\"fr-FR\",\"@id\":\"https:\\\/\\\/www.latribunedufaso.net\\\/#\\\/schema\\\/logo\\\/image\\\/\",\"url\":\"https:\\\/\\\/www.latribunedufaso.net\\\/wp-content\\\/uploads\\\/2020\\\/08\\\/Logo-Tribune-du-Faso-final-scaled.jpg\",\"contentUrl\":\"https:\\\/\\\/www.latribunedufaso.net\\\/wp-content\\\/uploads\\\/2020\\\/08\\\/Logo-Tribune-du-Faso-final-scaled.jpg\",\"width\":2560,\"height\":1856,\"caption\":\"La Tribune du Faso\"},\"image\":{\"@id\":\"https:\\\/\\\/www.latribunedufaso.net\\\/#\\\/schema\\\/logo\\\/image\\\/\"},\"sameAs\":[\"https:\\\/\\\/www.facebook.com\\\/LatribuneduFaso\\\/\"]},{\"@type\":\"Person\",\"@id\":\"https:\\\/\\\/www.latribunedufaso.net\\\/#\\\/schema\\\/person\\\/e54e64c5778a7e72cf80a318b7a622b0\",\"name\":\"Issouf Tapsoba\",\"image\":{\"@type\":\"ImageObject\",\"inLanguage\":\"fr-FR\",\"@id\":\"https:\\\/\\\/secure.gravatar.com\\\/avatar\\\/5e6c05150ce3230247d167f5b94d678eb05936197436d69b7921e3a95c9107ac?s=96&d=mm&r=g\",\"url\":\"https:\\\/\\\/secure.gravatar.com\\\/avatar\\\/5e6c05150ce3230247d167f5b94d678eb05936197436d69b7921e3a95c9107ac?s=96&d=mm&r=g\",\"contentUrl\":\"https:\\\/\\\/secure.gravatar.com\\\/avatar\\\/5e6c05150ce3230247d167f5b94d678eb05936197436d69b7921e3a95c9107ac?s=96&d=mm&r=g\",\"caption\":\"Issouf Tapsoba\"},\"url\":\"https:\\\/\\\/www.latribunedufaso.net\\\/?author=5\"}]}<\/script>\n<!-- \/ Yoast SEO plugin. -->","yoast_head_json":{"title":"2e Semaine de la Fraternit\u00e9 de l\u2019AES : La culture comme socle de la souverainet\u00e9 sah\u00e9lienne - La Tribune du Faso","robots":{"index":"index","follow":"follow","max-snippet":"max-snippet:-1","max-image-preview":"max-image-preview:large","max-video-preview":"max-video-preview:-1"},"canonical":"https:\/\/www.latribunedufaso.net\/?p=29071","og_locale":"fr_FR","og_type":"article","og_title":"2e Semaine de la Fraternit\u00e9 de l\u2019AES : La culture comme socle de la souverainet\u00e9 sah\u00e9lienne - La Tribune du Faso","og_description":"Le ministre charg\u00e9 de la Culture, Gilbert Ou\u00e9draogo, a pr\u00e9sid\u00e9 le 30 avril 2026 sur le campus du secteur 22 de l&rsquo;Universit\u00e9 Nazi Boni, la c\u00e9r\u00e9monie d&rsquo;ouverture des tables rondes de la 2e \u00e9dition de la Semaine de la Fraternit\u00e9 de l\u2019Alliance des \u00c9tats du Sahel (AES). Tenue \u00e0 l&rsquo;occasion de la 22e \u00e9dition de la Semaine nationale de la culture (SNC), cette activit\u00e9 a permis d&rsquo;\u00e9changer sur le r\u00f4le de la culture dans la strat\u00e9gie de construction de l\u2019unit\u00e9 et de la r\u00e9silience de l\u2019espace sah\u00e9lien.","og_url":"https:\/\/www.latribunedufaso.net\/?p=29071","og_site_name":"La Tribune du Faso","article_publisher":"https:\/\/www.facebook.com\/LatribuneduFaso\/","article_published_time":"2026-04-30T16:39:34+00:00","og_image":[{"width":2560,"height":1928,"url":"https:\/\/www.latribunedufaso.net\/wp-content\/uploads\/2026\/04\/IMG_20260430_090947-scaled.jpg","type":"image\/jpeg"}],"author":"Issouf Tapsoba","twitter_misc":{"\u00c9crit par":"Issouf Tapsoba","Dur\u00e9e de lecture estim\u00e9e":"3 minutes"},"schema":{"@context":"https:\/\/schema.org","@graph":[{"@type":"Article","@id":"https:\/\/www.latribunedufaso.net\/?p=29071#article","isPartOf":{"@id":"https:\/\/www.latribunedufaso.net\/?p=29071"},"author":{"name":"Issouf Tapsoba","@id":"https:\/\/www.latribunedufaso.net\/#\/schema\/person\/e54e64c5778a7e72cf80a318b7a622b0"},"headline":"2e Semaine de la Fraternit\u00e9 de l\u2019AES : La culture comme socle de la souverainet\u00e9 sah\u00e9lienne","datePublished":"2026-04-30T16:39:34+00:00","mainEntityOfPage":{"@id":"https:\/\/www.latribunedufaso.net\/?p=29071"},"wordCount":445,"commentCount":0,"publisher":{"@id":"https:\/\/www.latribunedufaso.net\/#organization"},"image":{"@id":"https:\/\/www.latribunedufaso.net\/?p=29071#primaryimage"},"thumbnailUrl":"https:\/\/www.latribunedufaso.net\/wp-content\/uploads\/2026\/04\/IMG_20260430_090947-scaled.jpg","keywords":["AES","latribunedufaso.net","Semaine de la Fraternit\u00e9 de l'AES","Semaine nationale de la culture (SNC)"],"articleSection":["A la une","Actualit\u00e9","Art et Culture"],"inLanguage":"fr-FR","potentialAction":[{"@type":"CommentAction","name":"Comment","target":["https:\/\/www.latribunedufaso.net\/?p=29071#respond"]}]},{"@type":"WebPage","@id":"https:\/\/www.latribunedufaso.net\/?p=29071","url":"https:\/\/www.latribunedufaso.net\/?p=29071","name":"2e Semaine de la Fraternit\u00e9 de l\u2019AES : La culture comme socle de la souverainet\u00e9 sah\u00e9lienne - La Tribune du Faso","isPartOf":{"@id":"https:\/\/www.latribunedufaso.net\/#website"},"primaryImageOfPage":{"@id":"https:\/\/www.latribunedufaso.net\/?p=29071#primaryimage"},"image":{"@id":"https:\/\/www.latribunedufaso.net\/?p=29071#primaryimage"},"thumbnailUrl":"https:\/\/www.latribunedufaso.net\/wp-content\/uploads\/2026\/04\/IMG_20260430_090947-scaled.jpg","datePublished":"2026-04-30T16:39:34+00:00","breadcrumb":{"@id":"https:\/\/www.latribunedufaso.net\/?p=29071#breadcrumb"},"inLanguage":"fr-FR","potentialAction":[{"@type":"ReadAction","target":["https:\/\/www.latribunedufaso.net\/?p=29071"]}]},{"@type":"ImageObject","inLanguage":"fr-FR","@id":"https:\/\/www.latribunedufaso.net\/?p=29071#primaryimage","url":"https:\/\/www.latribunedufaso.net\/wp-content\/uploads\/2026\/04\/IMG_20260430_090947-scaled.jpg","contentUrl":"https:\/\/www.latribunedufaso.net\/wp-content\/uploads\/2026\/04\/IMG_20260430_090947-scaled.jpg","width":2560,"height":1928,"caption":"Table rondes de la 2e \u00e9dition de la Semaine de la Fraternit\u00e9 de l'AES, \u00e0 l'occasion de la SNC, 30 avril 2026"},{"@type":"BreadcrumbList","@id":"https:\/\/www.latribunedufaso.net\/?p=29071#breadcrumb","itemListElement":[{"@type":"ListItem","position":1,"name":"Accueil","item":"https:\/\/www.latribunedufaso.net\/"},{"@type":"ListItem","position":2,"name":"2e Semaine de la Fraternit\u00e9 de l\u2019AES : La culture comme socle de la souverainet\u00e9 sah\u00e9lienne"}]},{"@type":"WebSite","@id":"https:\/\/www.latribunedufaso.net\/#website","url":"https:\/\/www.latribunedufaso.net\/","name":"La Tribune du Faso","description":"L&#039;information du monde rural en un clic","publisher":{"@id":"https:\/\/www.latribunedufaso.net\/#organization"},"potentialAction":[{"@type":"SearchAction","target":{"@type":"EntryPoint","urlTemplate":"https:\/\/www.latribunedufaso.net\/?s={search_term_string}"},"query-input":{"@type":"PropertyValueSpecification","valueRequired":true,"valueName":"search_term_string"}}],"inLanguage":"fr-FR"},{"@type":"Organization","@id":"https:\/\/www.latribunedufaso.net\/#organization","name":"La Tribune du Faso","url":"https:\/\/www.latribunedufaso.net\/","logo":{"@type":"ImageObject","inLanguage":"fr-FR","@id":"https:\/\/www.latribunedufaso.net\/#\/schema\/logo\/image\/","url":"https:\/\/www.latribunedufaso.net\/wp-content\/uploads\/2020\/08\/Logo-Tribune-du-Faso-final-scaled.jpg","contentUrl":"https:\/\/www.latribunedufaso.net\/wp-content\/uploads\/2020\/08\/Logo-Tribune-du-Faso-final-scaled.jpg","width":2560,"height":1856,"caption":"La Tribune du Faso"},"image":{"@id":"https:\/\/www.latribunedufaso.net\/#\/schema\/logo\/image\/"},"sameAs":["https:\/\/www.facebook.com\/LatribuneduFaso\/"]},{"@type":"Person","@id":"https:\/\/www.latribunedufaso.net\/#\/schema\/person\/e54e64c5778a7e72cf80a318b7a622b0","name":"Issouf Tapsoba","image":{"@type":"ImageObject","inLanguage":"fr-FR","@id":"https:\/\/secure.gravatar.com\/avatar\/5e6c05150ce3230247d167f5b94d678eb05936197436d69b7921e3a95c9107ac?s=96&d=mm&r=g","url":"https:\/\/secure.gravatar.com\/avatar\/5e6c05150ce3230247d167f5b94d678eb05936197436d69b7921e3a95c9107ac?s=96&d=mm&r=g","contentUrl":"https:\/\/secure.gravatar.com\/avatar\/5e6c05150ce3230247d167f5b94d678eb05936197436d69b7921e3a95c9107ac?s=96&d=mm&r=g","caption":"Issouf Tapsoba"},"url":"https:\/\/www.latribunedufaso.net\/?author=5"}]}},"_links":{"self":[{"href":"https:\/\/www.latribunedufaso.net\/index.php?rest_route=\/wp\/v2\/posts\/29071","targetHints":{"allow":["GET"]}}],"collection":[{"href":"https:\/\/www.latribunedufaso.net\/index.php?rest_route=\/wp\/v2\/posts"}],"about":[{"href":"https:\/\/www.latribunedufaso.net\/index.php?rest_route=\/wp\/v2\/types\/post"}],"author":[{"embeddable":true,"href":"https:\/\/www.latribunedufaso.net\/index.php?rest_route=\/wp\/v2\/users\/5"}],"replies":[{"embeddable":true,"href":"https:\/\/www.latribunedufaso.net\/index.php?rest_route=%2Fwp%2Fv2%2Fcomments&post=29071"}],"version-history":[{"count":4,"href":"https:\/\/www.latribunedufaso.net\/index.php?rest_route=\/wp\/v2\/posts\/29071\/revisions"}],"predecessor-version":[{"id":29079,"href":"https:\/\/www.latribunedufaso.net\/index.php?rest_route=\/wp\/v2\/posts\/29071\/revisions\/29079"}],"wp:featuredmedia":[{"embeddable":true,"href":"https:\/\/www.latribunedufaso.net\/index.php?rest_route=\/wp\/v2\/media\/29077"}],"wp:attachment":[{"href":"https:\/\/www.latribunedufaso.net\/index.php?rest_route=%2Fwp%2Fv2%2Fmedia&parent=29071"}],"wp:term":[{"taxonomy":"category","embeddable":true,"href":"https:\/\/www.latribunedufaso.net\/index.php?rest_route=%2Fwp%2Fv2%2Fcategories&post=29071"},{"taxonomy":"post_tag","embeddable":true,"href":"https:\/\/www.latribunedufaso.net\/index.php?rest_route=%2Fwp%2Fv2%2Ftags&post=29071"}],"curies":[{"name":"wp","href":"https:\/\/api.w.org\/{rel}","templated":true}]}}