{"id":29053,"date":"2026-04-30T10:50:35","date_gmt":"2026-04-30T10:50:35","guid":{"rendered":"https:\/\/www.latribunedufaso.net\/?p=29053"},"modified":"2026-04-30T10:50:35","modified_gmt":"2026-04-30T10:50:35","slug":"la-safa-a-la-snc-2026-le-rayonnement-du-burkina-faso-au-coeur-de-la-culture","status":"publish","type":"post","link":"https:\/\/www.latribunedufaso.net\/?p=29053","title":{"rendered":"La SAFA \u00e0 la SNC 2026 : Le rayonnement du Burkina Faso au c\u0153ur de la culture"},"content":{"rendered":"<p><strong>\u00c0 l\u2019occasion de la Semaine Nationale de la Culture (SNC) qui se tient \u00e0 Bobo-Dioulasso du 25 avril au 02 mai 2026, la Soci\u00e9t\u00e9 des A\u00e9roports du Faso (SAFA) marque sa pr\u00e9sence sur la rue marchande. Une participation strat\u00e9gique pour cette jeune institution qui lie destin a\u00e9roportuaire et identit\u00e9 culturelle.<\/strong><!--more--><\/p>\n<p>Cr\u00e9\u00e9e par d\u00e9cret le 16 septembre 2025 et op\u00e9rationnelle depuis le 1er janvier 2026, la SAFA ne pouvait manquer le rendez-vous de la SNC. En installant un stand au site de la foire, la soci\u00e9t\u00e9 affirme sa mission d\u2019acteur strat\u00e9gique du transport a\u00e9rien national et de vitrine du<em><strong> \u00ab Pays des Hommes Int\u00e8gres \u00bb<\/strong><\/em>.<\/p>\n<figure id=\"attachment_29059\" aria-describedby=\"caption-attachment-29059\" style=\"width: 2560px\" class=\"wp-caption aligncenter\"><a href=\"https:\/\/www.latribunedufaso.net\/wp-content\/uploads\/2026\/04\/IMG_20260426_153004-scaled.jpg\"><img loading=\"lazy\" decoding=\"async\" class=\"size-full wp-image-29059\" src=\"https:\/\/www.latribunedufaso.net\/wp-content\/uploads\/2026\/04\/IMG_20260426_153004-scaled.jpg\" alt=\"Zoom sur le stand de la Soci\u00e9t\u00e9 des a\u00e9roports du Faso (SAFA) \u00e0 la SNC\" width=\"2560\" height=\"1928\" srcset=\"https:\/\/www.latribunedufaso.net\/wp-content\/uploads\/2026\/04\/IMG_20260426_153004-scaled.jpg 2560w, https:\/\/www.latribunedufaso.net\/wp-content\/uploads\/2026\/04\/IMG_20260426_153004-300x226.jpg 300w, https:\/\/www.latribunedufaso.net\/wp-content\/uploads\/2026\/04\/IMG_20260426_153004-1024x771.jpg 1024w, https:\/\/www.latribunedufaso.net\/wp-content\/uploads\/2026\/04\/IMG_20260426_153004-768x578.jpg 768w, https:\/\/www.latribunedufaso.net\/wp-content\/uploads\/2026\/04\/IMG_20260426_153004-1536x1157.jpg 1536w, https:\/\/www.latribunedufaso.net\/wp-content\/uploads\/2026\/04\/IMG_20260426_153004-2048x1542.jpg 2048w\" sizes=\"auto, (max-width: 2560px) 100vw, 2560px\" \/><\/a><figcaption id=\"caption-attachment-29059\" class=\"wp-caption-text\">La SAFA entend faire des plateformes a\u00e9roportuaires de v\u00e9ritables p\u00f4les de modernit\u00e9 &#8211; Ph. A. Tiendrebeogo<\/figcaption><\/figure>\n<h3>Une synergie entre transport et culture<\/h3>\n<p>Pour le Chef du service communication de la SAFA, <span style=\"font-size: 1.0625rem;\">Mamady Tiendrebeogo, la pr\u00e9sence de la soci\u00e9t\u00e9 \u00e0 cette biennale est une \u00e9vidence. <em><strong>\u00ab L\u2019a\u00e9roport est la porte d\u2019entr\u00e9e et de sortie d\u2019un pays. C&rsquo;est la premi\u00e8re et la derni\u00e8re impression d&rsquo;un visiteur \u00bb<\/strong><\/em>, explique-t-il. En tant que gestionnaire des a\u00e9roports internationaux de Ouagadougou et de Bobo-Dioulasso, ainsi que des a\u00e9rodromes domestiques (Fada N\u2019Gourma, Dori, etc.), la SAFA partage avec la SNC une mission commune : le rayonnement international du Burkina Faso.<\/span><\/p>\n<figure id=\"attachment_29060\" aria-describedby=\"caption-attachment-29060\" style=\"width: 2560px\" class=\"wp-caption aligncenter\"><a href=\"https:\/\/www.latribunedufaso.net\/wp-content\/uploads\/2026\/04\/IMG_20260426_152918-scaled.jpg\"><img loading=\"lazy\" decoding=\"async\" class=\"size-full wp-image-29060\" src=\"https:\/\/www.latribunedufaso.net\/wp-content\/uploads\/2026\/04\/IMG_20260426_152918-scaled.jpg\" alt=\"Zoom sur le stand de la Soci\u00e9t\u00e9 des a\u00e9roports du Faso (SAFA) \u00e0 la SNC\" width=\"2560\" height=\"1928\" srcset=\"https:\/\/www.latribunedufaso.net\/wp-content\/uploads\/2026\/04\/IMG_20260426_152918-scaled.jpg 2560w, https:\/\/www.latribunedufaso.net\/wp-content\/uploads\/2026\/04\/IMG_20260426_152918-300x226.jpg 300w, https:\/\/www.latribunedufaso.net\/wp-content\/uploads\/2026\/04\/IMG_20260426_152918-1024x771.jpg 1024w, https:\/\/www.latribunedufaso.net\/wp-content\/uploads\/2026\/04\/IMG_20260426_152918-768x578.jpg 768w, https:\/\/www.latribunedufaso.net\/wp-content\/uploads\/2026\/04\/IMG_20260426_152918-1536x1157.jpg 1536w, https:\/\/www.latribunedufaso.net\/wp-content\/uploads\/2026\/04\/IMG_20260426_152918-2048x1542.jpg 2048w\" sizes=\"auto, (max-width: 2560px) 100vw, 2560px\" \/><\/a><figcaption id=\"caption-attachment-29060\" class=\"wp-caption-text\">Le Chef du service communication de la SAFA, Mamady Tiendrebeogo (en blanc) pr\u00e9sentant la SAFA \u00e0 un visiteur &#8211; Ph. A. Tiendrebeogo<\/figcaption><\/figure>\n<h3>Des ambitions fortes pour le futur<\/h3>\n<p>Au-del\u00e0 de la visibilit\u00e9, la SAFA profite de cette tribune pour exposer ses projets structurants. Parmi eux, la construction du nouvel a\u00e9roport de Donsin et la modernisation de l\u2019a\u00e9rogare de Bobo-Dioulasso occupent une place centrale. La soci\u00e9t\u00e9 diversifie \u00e9galement ses activit\u00e9s \u00e0 travers <em><strong>\u00ab SAFA Services \u00bb<\/strong><\/em>, incluant le catering, la maintenance avion, le ravitaillement en carburant et une agence de voyages.<\/p>\n<blockquote>\n<p>Lire aussi &gt;&gt;\u00a0<a href=\"https:\/\/www.latribunedufaso.net\/?p=29043\">SNC Bobo 2026 : Le Conseil Burkinab\u00e8 des Chargeurs (CBC) \u00e0 la rencontre des acteurs \u00e9conomiques<\/a><\/p>\n<\/blockquote>\n<p>Guid\u00e9e par des valeurs de discipline et de professionnalisme, la SAFA entend faire de ses plateformes de v\u00e9ritables p\u00f4les de modernit\u00e9. Sa participation \u00e0 la SNC 2026 confirme son engagement \u00e0 soutenir le d\u00e9veloppement \u00e9conomique et culturel des r\u00e9gions, restant fid\u00e8le \u00e0 sa signature : <em><strong>\u00ab Au-del\u00e0 de vos attentes \u00bb.<\/strong><\/em><\/p>\n<p><strong>Achille Tiendrebeogo\u00a0<\/strong><\/p>\n<p><strong>Latribunedufaso.net<\/strong><\/p>\n","protected":false},"excerpt":{"rendered":"<p>\u00c0 l\u2019occasion de la Semaine Nationale de la Culture (SNC) qui se tient \u00e0 Bobo-Dioulasso du 25 avril au 02 mai 2026, la Soci\u00e9t\u00e9 des A\u00e9roports du Faso (SAFA) marque sa pr\u00e9sence sur la rue marchande. Une participation strat\u00e9gique pour cette jeune institution qui lie destin a\u00e9roportuaire et identit\u00e9 culturelle.<\/p>\n","protected":false},"author":5,"featured_media":29062,"comment_status":"open","ping_status":"open","sticky":false,"template":"","format":"standard","meta":{"footnotes":""},"categories":[13,1,30],"tags":[1195,39,1600,2114],"class_list":["post-29053","post","type-post","status-publish","format-standard","has-post-thumbnail","hentry","category-une","category-actu","category-art-et-culture","tag-creation-de-la-societe-des-aeroports-du-burkina-faso","tag-latribunedufaso-net","tag-semaine-nationale-de-la-culture-snc","tag-societe-des-aeroports-du-faso-safa"],"yoast_head":"<!-- This site is optimized with the Yoast SEO plugin v27.5 - https:\/\/yoast.com\/product\/yoast-seo-wordpress\/ -->\n<title>La SAFA \u00e0 la SNC 2026 : Le rayonnement du Burkina Faso au c\u0153ur de la culture - La Tribune du Faso<\/title>\n<meta name=\"robots\" content=\"index, follow, max-snippet:-1, max-image-preview:large, max-video-preview:-1\" \/>\n<link rel=\"canonical\" href=\"https:\/\/www.latribunedufaso.net\/?p=29053\" \/>\n<meta property=\"og:locale\" content=\"fr_FR\" \/>\n<meta property=\"og:type\" content=\"article\" \/>\n<meta property=\"og:title\" content=\"La SAFA \u00e0 la SNC 2026 : Le rayonnement du Burkina Faso au c\u0153ur de la culture - La Tribune du Faso\" \/>\n<meta property=\"og:description\" content=\"\u00c0 l\u2019occasion de la Semaine Nationale de la Culture (SNC) qui se tient \u00e0 Bobo-Dioulasso du 25 avril au 02 mai 2026, la Soci\u00e9t\u00e9 des A\u00e9roports du Faso (SAFA) marque sa pr\u00e9sence sur la rue marchande. Une participation strat\u00e9gique pour cette jeune institution qui lie destin a\u00e9roportuaire et identit\u00e9 culturelle.\" \/>\n<meta property=\"og:url\" content=\"https:\/\/www.latribunedufaso.net\/?p=29053\" \/>\n<meta property=\"og:site_name\" content=\"La Tribune du Faso\" \/>\n<meta property=\"article:publisher\" content=\"https:\/\/www.facebook.com\/LatribuneduFaso\/\" \/>\n<meta property=\"article:published_time\" content=\"2026-04-30T10:50:35+00:00\" \/>\n<meta property=\"og:image\" content=\"https:\/\/www.latribunedufaso.net\/wp-content\/uploads\/2026\/04\/IMG_20260426_152844-scaled.jpg\" \/>\n\t<meta property=\"og:image:width\" content=\"2560\" \/>\n\t<meta property=\"og:image:height\" content=\"1928\" \/>\n\t<meta property=\"og:image:type\" content=\"image\/jpeg\" \/>\n<meta name=\"author\" content=\"Issouf Tapsoba\" \/>\n<meta name=\"twitter:label1\" content=\"\u00c9crit par\" \/>\n\t<meta name=\"twitter:data1\" content=\"Issouf Tapsoba\" \/>\n\t<meta name=\"twitter:label2\" content=\"Dur\u00e9e de lecture estim\u00e9e\" \/>\n\t<meta name=\"twitter:data2\" content=\"3 minutes\" \/>\n<script type=\"application\/ld+json\" class=\"yoast-schema-graph\">{\"@context\":\"https:\\\/\\\/schema.org\",\"@graph\":[{\"@type\":\"Article\",\"@id\":\"https:\\\/\\\/www.latribunedufaso.net\\\/?p=29053#article\",\"isPartOf\":{\"@id\":\"https:\\\/\\\/www.latribunedufaso.net\\\/?p=29053\"},\"author\":{\"name\":\"Issouf Tapsoba\",\"@id\":\"https:\\\/\\\/www.latribunedufaso.net\\\/#\\\/schema\\\/person\\\/e54e64c5778a7e72cf80a318b7a622b0\"},\"headline\":\"La SAFA \u00e0 la SNC 2026 : Le rayonnement du Burkina Faso au c\u0153ur de la culture\",\"datePublished\":\"2026-04-30T10:50:35+00:00\",\"mainEntityOfPage\":{\"@id\":\"https:\\\/\\\/www.latribunedufaso.net\\\/?p=29053\"},\"wordCount\":416,\"commentCount\":0,\"publisher\":{\"@id\":\"https:\\\/\\\/www.latribunedufaso.net\\\/#organization\"},\"image\":{\"@id\":\"https:\\\/\\\/www.latribunedufaso.net\\\/?p=29053#primaryimage\"},\"thumbnailUrl\":\"https:\\\/\\\/www.latribunedufaso.net\\\/wp-content\\\/uploads\\\/2026\\\/04\\\/IMG_20260426_152844-scaled.jpg\",\"keywords\":[\"Cr\u00e9ation de la Soci\u00e9t\u00e9 des A\u00e9roports du Burkina Faso\",\"latribunedufaso.net\",\"Semaine nationale de la culture (SNC)\",\"Soci\u00e9t\u00e9 des a\u00e9roports du Faso (SAFA)\"],\"articleSection\":[\"A la une\",\"Actualit\u00e9\",\"Art et Culture\"],\"inLanguage\":\"fr-FR\",\"potentialAction\":[{\"@type\":\"CommentAction\",\"name\":\"Comment\",\"target\":[\"https:\\\/\\\/www.latribunedufaso.net\\\/?p=29053#respond\"]}]},{\"@type\":\"WebPage\",\"@id\":\"https:\\\/\\\/www.latribunedufaso.net\\\/?p=29053\",\"url\":\"https:\\\/\\\/www.latribunedufaso.net\\\/?p=29053\",\"name\":\"La SAFA \u00e0 la SNC 2026 : Le rayonnement du Burkina Faso au c\u0153ur de la culture - La Tribune du Faso\",\"isPartOf\":{\"@id\":\"https:\\\/\\\/www.latribunedufaso.net\\\/#website\"},\"primaryImageOfPage\":{\"@id\":\"https:\\\/\\\/www.latribunedufaso.net\\\/?p=29053#primaryimage\"},\"image\":{\"@id\":\"https:\\\/\\\/www.latribunedufaso.net\\\/?p=29053#primaryimage\"},\"thumbnailUrl\":\"https:\\\/\\\/www.latribunedufaso.net\\\/wp-content\\\/uploads\\\/2026\\\/04\\\/IMG_20260426_152844-scaled.jpg\",\"datePublished\":\"2026-04-30T10:50:35+00:00\",\"breadcrumb\":{\"@id\":\"https:\\\/\\\/www.latribunedufaso.net\\\/?p=29053#breadcrumb\"},\"inLanguage\":\"fr-FR\",\"potentialAction\":[{\"@type\":\"ReadAction\",\"target\":[\"https:\\\/\\\/www.latribunedufaso.net\\\/?p=29053\"]}]},{\"@type\":\"ImageObject\",\"inLanguage\":\"fr-FR\",\"@id\":\"https:\\\/\\\/www.latribunedufaso.net\\\/?p=29053#primaryimage\",\"url\":\"https:\\\/\\\/www.latribunedufaso.net\\\/wp-content\\\/uploads\\\/2026\\\/04\\\/IMG_20260426_152844-scaled.jpg\",\"contentUrl\":\"https:\\\/\\\/www.latribunedufaso.net\\\/wp-content\\\/uploads\\\/2026\\\/04\\\/IMG_20260426_152844-scaled.jpg\",\"width\":2560,\"height\":1928,\"caption\":\"Zoom sur le stand de la Soci\u00e9t\u00e9 des a\u00e9roports du Faso (SAFA) \u00e0 la SNC\"},{\"@type\":\"BreadcrumbList\",\"@id\":\"https:\\\/\\\/www.latribunedufaso.net\\\/?p=29053#breadcrumb\",\"itemListElement\":[{\"@type\":\"ListItem\",\"position\":1,\"name\":\"Accueil\",\"item\":\"https:\\\/\\\/www.latribunedufaso.net\\\/\"},{\"@type\":\"ListItem\",\"position\":2,\"name\":\"La SAFA \u00e0 la SNC 2026 : Le rayonnement du Burkina Faso au c\u0153ur de la culture\"}]},{\"@type\":\"WebSite\",\"@id\":\"https:\\\/\\\/www.latribunedufaso.net\\\/#website\",\"url\":\"https:\\\/\\\/www.latribunedufaso.net\\\/\",\"name\":\"La Tribune du Faso\",\"description\":\"L&#039;information du monde rural en un clic\",\"publisher\":{\"@id\":\"https:\\\/\\\/www.latribunedufaso.net\\\/#organization\"},\"potentialAction\":[{\"@type\":\"SearchAction\",\"target\":{\"@type\":\"EntryPoint\",\"urlTemplate\":\"https:\\\/\\\/www.latribunedufaso.net\\\/?s={search_term_string}\"},\"query-input\":{\"@type\":\"PropertyValueSpecification\",\"valueRequired\":true,\"valueName\":\"search_term_string\"}}],\"inLanguage\":\"fr-FR\"},{\"@type\":\"Organization\",\"@id\":\"https:\\\/\\\/www.latribunedufaso.net\\\/#organization\",\"name\":\"La Tribune du Faso\",\"url\":\"https:\\\/\\\/www.latribunedufaso.net\\\/\",\"logo\":{\"@type\":\"ImageObject\",\"inLanguage\":\"fr-FR\",\"@id\":\"https:\\\/\\\/www.latribunedufaso.net\\\/#\\\/schema\\\/logo\\\/image\\\/\",\"url\":\"https:\\\/\\\/www.latribunedufaso.net\\\/wp-content\\\/uploads\\\/2020\\\/08\\\/Logo-Tribune-du-Faso-final-scaled.jpg\",\"contentUrl\":\"https:\\\/\\\/www.latribunedufaso.net\\\/wp-content\\\/uploads\\\/2020\\\/08\\\/Logo-Tribune-du-Faso-final-scaled.jpg\",\"width\":2560,\"height\":1856,\"caption\":\"La Tribune du Faso\"},\"image\":{\"@id\":\"https:\\\/\\\/www.latribunedufaso.net\\\/#\\\/schema\\\/logo\\\/image\\\/\"},\"sameAs\":[\"https:\\\/\\\/www.facebook.com\\\/LatribuneduFaso\\\/\"]},{\"@type\":\"Person\",\"@id\":\"https:\\\/\\\/www.latribunedufaso.net\\\/#\\\/schema\\\/person\\\/e54e64c5778a7e72cf80a318b7a622b0\",\"name\":\"Issouf Tapsoba\",\"image\":{\"@type\":\"ImageObject\",\"inLanguage\":\"fr-FR\",\"@id\":\"https:\\\/\\\/secure.gravatar.com\\\/avatar\\\/5e6c05150ce3230247d167f5b94d678eb05936197436d69b7921e3a95c9107ac?s=96&d=mm&r=g\",\"url\":\"https:\\\/\\\/secure.gravatar.com\\\/avatar\\\/5e6c05150ce3230247d167f5b94d678eb05936197436d69b7921e3a95c9107ac?s=96&d=mm&r=g\",\"contentUrl\":\"https:\\\/\\\/secure.gravatar.com\\\/avatar\\\/5e6c05150ce3230247d167f5b94d678eb05936197436d69b7921e3a95c9107ac?s=96&d=mm&r=g\",\"caption\":\"Issouf Tapsoba\"},\"url\":\"https:\\\/\\\/www.latribunedufaso.net\\\/?author=5\"}]}<\/script>\n<!-- \/ Yoast SEO plugin. -->","yoast_head_json":{"title":"La SAFA \u00e0 la SNC 2026 : Le rayonnement du Burkina Faso au c\u0153ur de la culture - La Tribune du Faso","robots":{"index":"index","follow":"follow","max-snippet":"max-snippet:-1","max-image-preview":"max-image-preview:large","max-video-preview":"max-video-preview:-1"},"canonical":"https:\/\/www.latribunedufaso.net\/?p=29053","og_locale":"fr_FR","og_type":"article","og_title":"La SAFA \u00e0 la SNC 2026 : Le rayonnement du Burkina Faso au c\u0153ur de la culture - La Tribune du Faso","og_description":"\u00c0 l\u2019occasion de la Semaine Nationale de la Culture (SNC) qui se tient \u00e0 Bobo-Dioulasso du 25 avril au 02 mai 2026, la Soci\u00e9t\u00e9 des A\u00e9roports du Faso (SAFA) marque sa pr\u00e9sence sur la rue marchande. Une participation strat\u00e9gique pour cette jeune institution qui lie destin a\u00e9roportuaire et identit\u00e9 culturelle.","og_url":"https:\/\/www.latribunedufaso.net\/?p=29053","og_site_name":"La Tribune du Faso","article_publisher":"https:\/\/www.facebook.com\/LatribuneduFaso\/","article_published_time":"2026-04-30T10:50:35+00:00","og_image":[{"width":2560,"height":1928,"url":"https:\/\/www.latribunedufaso.net\/wp-content\/uploads\/2026\/04\/IMG_20260426_152844-scaled.jpg","type":"image\/jpeg"}],"author":"Issouf Tapsoba","twitter_misc":{"\u00c9crit par":"Issouf Tapsoba","Dur\u00e9e de lecture estim\u00e9e":"3 minutes"},"schema":{"@context":"https:\/\/schema.org","@graph":[{"@type":"Article","@id":"https:\/\/www.latribunedufaso.net\/?p=29053#article","isPartOf":{"@id":"https:\/\/www.latribunedufaso.net\/?p=29053"},"author":{"name":"Issouf Tapsoba","@id":"https:\/\/www.latribunedufaso.net\/#\/schema\/person\/e54e64c5778a7e72cf80a318b7a622b0"},"headline":"La SAFA \u00e0 la SNC 2026 : Le rayonnement du Burkina Faso au c\u0153ur de la culture","datePublished":"2026-04-30T10:50:35+00:00","mainEntityOfPage":{"@id":"https:\/\/www.latribunedufaso.net\/?p=29053"},"wordCount":416,"commentCount":0,"publisher":{"@id":"https:\/\/www.latribunedufaso.net\/#organization"},"image":{"@id":"https:\/\/www.latribunedufaso.net\/?p=29053#primaryimage"},"thumbnailUrl":"https:\/\/www.latribunedufaso.net\/wp-content\/uploads\/2026\/04\/IMG_20260426_152844-scaled.jpg","keywords":["Cr\u00e9ation de la Soci\u00e9t\u00e9 des A\u00e9roports du Burkina Faso","latribunedufaso.net","Semaine nationale de la culture (SNC)","Soci\u00e9t\u00e9 des a\u00e9roports du Faso (SAFA)"],"articleSection":["A la une","Actualit\u00e9","Art et Culture"],"inLanguage":"fr-FR","potentialAction":[{"@type":"CommentAction","name":"Comment","target":["https:\/\/www.latribunedufaso.net\/?p=29053#respond"]}]},{"@type":"WebPage","@id":"https:\/\/www.latribunedufaso.net\/?p=29053","url":"https:\/\/www.latribunedufaso.net\/?p=29053","name":"La SAFA \u00e0 la SNC 2026 : Le rayonnement du Burkina Faso au c\u0153ur de la culture - La Tribune du Faso","isPartOf":{"@id":"https:\/\/www.latribunedufaso.net\/#website"},"primaryImageOfPage":{"@id":"https:\/\/www.latribunedufaso.net\/?p=29053#primaryimage"},"image":{"@id":"https:\/\/www.latribunedufaso.net\/?p=29053#primaryimage"},"thumbnailUrl":"https:\/\/www.latribunedufaso.net\/wp-content\/uploads\/2026\/04\/IMG_20260426_152844-scaled.jpg","datePublished":"2026-04-30T10:50:35+00:00","breadcrumb":{"@id":"https:\/\/www.latribunedufaso.net\/?p=29053#breadcrumb"},"inLanguage":"fr-FR","potentialAction":[{"@type":"ReadAction","target":["https:\/\/www.latribunedufaso.net\/?p=29053"]}]},{"@type":"ImageObject","inLanguage":"fr-FR","@id":"https:\/\/www.latribunedufaso.net\/?p=29053#primaryimage","url":"https:\/\/www.latribunedufaso.net\/wp-content\/uploads\/2026\/04\/IMG_20260426_152844-scaled.jpg","contentUrl":"https:\/\/www.latribunedufaso.net\/wp-content\/uploads\/2026\/04\/IMG_20260426_152844-scaled.jpg","width":2560,"height":1928,"caption":"Zoom sur le stand de la Soci\u00e9t\u00e9 des a\u00e9roports du Faso (SAFA) \u00e0 la SNC"},{"@type":"BreadcrumbList","@id":"https:\/\/www.latribunedufaso.net\/?p=29053#breadcrumb","itemListElement":[{"@type":"ListItem","position":1,"name":"Accueil","item":"https:\/\/www.latribunedufaso.net\/"},{"@type":"ListItem","position":2,"name":"La SAFA \u00e0 la SNC 2026 : Le rayonnement du Burkina Faso au c\u0153ur de la culture"}]},{"@type":"WebSite","@id":"https:\/\/www.latribunedufaso.net\/#website","url":"https:\/\/www.latribunedufaso.net\/","name":"La Tribune du Faso","description":"L&#039;information du monde rural en un clic","publisher":{"@id":"https:\/\/www.latribunedufaso.net\/#organization"},"potentialAction":[{"@type":"SearchAction","target":{"@type":"EntryPoint","urlTemplate":"https:\/\/www.latribunedufaso.net\/?s={search_term_string}"},"query-input":{"@type":"PropertyValueSpecification","valueRequired":true,"valueName":"search_term_string"}}],"inLanguage":"fr-FR"},{"@type":"Organization","@id":"https:\/\/www.latribunedufaso.net\/#organization","name":"La Tribune du Faso","url":"https:\/\/www.latribunedufaso.net\/","logo":{"@type":"ImageObject","inLanguage":"fr-FR","@id":"https:\/\/www.latribunedufaso.net\/#\/schema\/logo\/image\/","url":"https:\/\/www.latribunedufaso.net\/wp-content\/uploads\/2020\/08\/Logo-Tribune-du-Faso-final-scaled.jpg","contentUrl":"https:\/\/www.latribunedufaso.net\/wp-content\/uploads\/2020\/08\/Logo-Tribune-du-Faso-final-scaled.jpg","width":2560,"height":1856,"caption":"La Tribune du Faso"},"image":{"@id":"https:\/\/www.latribunedufaso.net\/#\/schema\/logo\/image\/"},"sameAs":["https:\/\/www.facebook.com\/LatribuneduFaso\/"]},{"@type":"Person","@id":"https:\/\/www.latribunedufaso.net\/#\/schema\/person\/e54e64c5778a7e72cf80a318b7a622b0","name":"Issouf Tapsoba","image":{"@type":"ImageObject","inLanguage":"fr-FR","@id":"https:\/\/secure.gravatar.com\/avatar\/5e6c05150ce3230247d167f5b94d678eb05936197436d69b7921e3a95c9107ac?s=96&d=mm&r=g","url":"https:\/\/secure.gravatar.com\/avatar\/5e6c05150ce3230247d167f5b94d678eb05936197436d69b7921e3a95c9107ac?s=96&d=mm&r=g","contentUrl":"https:\/\/secure.gravatar.com\/avatar\/5e6c05150ce3230247d167f5b94d678eb05936197436d69b7921e3a95c9107ac?s=96&d=mm&r=g","caption":"Issouf Tapsoba"},"url":"https:\/\/www.latribunedufaso.net\/?author=5"}]}},"_links":{"self":[{"href":"https:\/\/www.latribunedufaso.net\/index.php?rest_route=\/wp\/v2\/posts\/29053","targetHints":{"allow":["GET"]}}],"collection":[{"href":"https:\/\/www.latribunedufaso.net\/index.php?rest_route=\/wp\/v2\/posts"}],"about":[{"href":"https:\/\/www.latribunedufaso.net\/index.php?rest_route=\/wp\/v2\/types\/post"}],"author":[{"embeddable":true,"href":"https:\/\/www.latribunedufaso.net\/index.php?rest_route=\/wp\/v2\/users\/5"}],"replies":[{"embeddable":true,"href":"https:\/\/www.latribunedufaso.net\/index.php?rest_route=%2Fwp%2Fv2%2Fcomments&post=29053"}],"version-history":[{"count":6,"href":"https:\/\/www.latribunedufaso.net\/index.php?rest_route=\/wp\/v2\/posts\/29053\/revisions"}],"predecessor-version":[{"id":29063,"href":"https:\/\/www.latribunedufaso.net\/index.php?rest_route=\/wp\/v2\/posts\/29053\/revisions\/29063"}],"wp:featuredmedia":[{"embeddable":true,"href":"https:\/\/www.latribunedufaso.net\/index.php?rest_route=\/wp\/v2\/media\/29062"}],"wp:attachment":[{"href":"https:\/\/www.latribunedufaso.net\/index.php?rest_route=%2Fwp%2Fv2%2Fmedia&parent=29053"}],"wp:term":[{"taxonomy":"category","embeddable":true,"href":"https:\/\/www.latribunedufaso.net\/index.php?rest_route=%2Fwp%2Fv2%2Fcategories&post=29053"},{"taxonomy":"post_tag","embeddable":true,"href":"https:\/\/www.latribunedufaso.net\/index.php?rest_route=%2Fwp%2Fv2%2Ftags&post=29053"}],"curies":[{"name":"wp","href":"https:\/\/api.w.org\/{rel}","templated":true}]}}