{"id":29043,"date":"2026-04-30T09:51:44","date_gmt":"2026-04-30T09:51:44","guid":{"rendered":"https:\/\/www.latribunedufaso.net\/?p=29043"},"modified":"2026-04-30T09:51:44","modified_gmt":"2026-04-30T09:51:44","slug":"snc-bobo-2026-le-conseil-burkinabe-des-chargeurs-cbc-a-la-rencontre-des-acteurs-economiques","status":"publish","type":"post","link":"https:\/\/www.latribunedufaso.net\/?p=29043","title":{"rendered":"SNC Bobo 2026 : Le Conseil Burkinab\u00e8 des Chargeurs (CBC) \u00e0 la rencontre des acteurs \u00e9conomiques"},"content":{"rendered":"<p><strong>Au c\u0153ur de la 22\u00e8me \u00e9dition de la Semaine Nationale de la Culture (SNC), la rue marchande vibre au rythme des \u00e9changes commerciaux et des d\u00e9couvertes institutionnelles. Parmi les acteurs cl\u00e9s pr\u00e9sents sur le site de la foire, le Conseil Burkinab\u00e8 des Chargeurs (CBC) marque sa pr\u00e9sence pour d\u00e9mystifier ses missions et accompagner les op\u00e9rateurs \u00e9conomiques.<\/strong><!--more--><\/p>\n<p>Le stand du CBC est visit\u00e9 par les festivaliers. Pour cette institution strat\u00e9gique, la SNC est bien plus qu&rsquo;une f\u00eate culturelle. C&rsquo;est une tribune de premier choix pour renforcer sa notori\u00e9t\u00e9 aupr\u00e8s d&rsquo;un public international et diversifi\u00e9. Le Directeur R\u00e9gional du Guiriko du CBC, Thierry Hien, souligne l&rsquo;importance de cette proximit\u00e9 : <em><strong>\u00ab Le CBC n\u2019\u00e9tait pas tr\u00e8s connu du grand public. Notre pr\u00e9sence ici est l\u2019occasion de mieux nous faire conna\u00eetre et de parler de nos missions. \u00bb<\/strong><\/em><\/p>\n<figure id=\"attachment_29048\" aria-describedby=\"caption-attachment-29048\" style=\"width: 1080px\" class=\"wp-caption aligncenter\"><a href=\"https:\/\/www.latribunedufaso.net\/wp-content\/uploads\/2026\/04\/20260429192547.jpg\"><img loading=\"lazy\" decoding=\"async\" class=\"size-full wp-image-29048\" src=\"https:\/\/www.latribunedufaso.net\/wp-content\/uploads\/2026\/04\/20260429192547.jpg\" alt=\"Zoom sur le stand du CBC \u00e0 la SNC Bobo 2026\" width=\"1080\" height=\"607\" srcset=\"https:\/\/www.latribunedufaso.net\/wp-content\/uploads\/2026\/04\/20260429192547.jpg 1080w, https:\/\/www.latribunedufaso.net\/wp-content\/uploads\/2026\/04\/20260429192547-300x169.jpg 300w, https:\/\/www.latribunedufaso.net\/wp-content\/uploads\/2026\/04\/20260429192547-1024x576.jpg 1024w, https:\/\/www.latribunedufaso.net\/wp-content\/uploads\/2026\/04\/20260429192547-768x432.jpg 768w\" sizes=\"auto, (max-width: 1080px) 100vw, 1080px\" \/><\/a><figcaption id=\"caption-attachment-29048\" class=\"wp-caption-text\">Le Directeur R\u00e9gional du Guiriko du CBC, Thierry Hien &#8211; Ph. A. Tiendrebeogo<\/figcaption><\/figure>\n<h3>Le CBC, un maillon essentiel de la cha\u00eene logistique<\/h3>\n<p>\u00c9tablissement public cr\u00e9\u00e9 en 1978, le CBC joue un r\u00f4le de facilitateur pour le secteur priv\u00e9. Sa mission fondamentale consiste \u00e0 veiller \u00e0 l\u2019approvisionnement r\u00e9gulier du Burkina Faso en denr\u00e9es diverses. Cela passe par un suivi rigoureux de la marchandise, depuis les ports d\u2019embarquement jusqu\u2019\u00e0 la destination finale. L&rsquo;objectif est de garantir les meilleures conditions de co\u00fbt, de c\u00e9l\u00e9rit\u00e9 et de prix pour le transport des biens, selon Thierry Hien.<\/p>\n<blockquote>\n<p>Lire aussi &gt;&gt;\u00a0<a href=\"https:\/\/www.latribunedufaso.net\/?p=26274\">Rencontres institutionnelles : La Directrice g\u00e9n\u00e9rale du CBC renforce le dialogue avec les partenaires strat\u00e9giques\u00a0<\/a><\/p>\n<\/blockquote>\n<p>L&rsquo;invitation lanc\u00e9e par le Directeur r\u00e9gional du Guiriko aux festivaliers et potentiels investisseurs est celle de l&rsquo;anticipation. Pour le CBC, il est crucial que les futurs importateurs et exportateurs s&rsquo;informent avant d&rsquo;engager des op\u00e9rations.<em><strong> \u00ab Il ne faudrait pas attendre que le fant\u00f4me rentre dans la case avant de commencer \u00e0 chercher des solutions \u00bb,<\/strong><\/em> a conseill\u00e9 Thierry Hien.<\/p>\n<p>En s&rsquo;appuyant sur des partenaires tels que la Douane, la Chambre de commerce et d&rsquo;industrie du Burkina ainsi que les transporteurs, le CBC r\u00e9affirme \u00e0 Bobo-Dioulasso sa volont\u00e9 de soutenir l&rsquo;\u00e9conomie nationale tout en c\u00e9l\u00e9brant l&rsquo;identit\u00e9 culturelle du pays.<\/p>\n<p><strong>Achille Tiendrebeogo\u00a0<\/strong><\/p>\n<p><strong>Latribunedufaso.net<\/strong><\/p>\n<p><a href=\"https:\/\/www.latribunedufaso.net\/wp-content\/uploads\/2026\/04\/20260429192527.jpg\"><img loading=\"lazy\" decoding=\"async\" class=\"aligncenter size-full wp-image-29049\" src=\"https:\/\/www.latribunedufaso.net\/wp-content\/uploads\/2026\/04\/20260429192527.jpg\" alt=\"Zoom sur le stand du CBC \u00e0 la SNC Bobo 2026\" width=\"1080\" height=\"607\" srcset=\"https:\/\/www.latribunedufaso.net\/wp-content\/uploads\/2026\/04\/20260429192527.jpg 1080w, https:\/\/www.latribunedufaso.net\/wp-content\/uploads\/2026\/04\/20260429192527-300x169.jpg 300w, https:\/\/www.latribunedufaso.net\/wp-content\/uploads\/2026\/04\/20260429192527-1024x576.jpg 1024w, https:\/\/www.latribunedufaso.net\/wp-content\/uploads\/2026\/04\/20260429192527-768x432.jpg 768w\" sizes=\"auto, (max-width: 1080px) 100vw, 1080px\" \/><\/a><a href=\"https:\/\/www.latribunedufaso.net\/wp-content\/uploads\/2026\/04\/IMG_20260426_151234-scaled.jpg\"><img loading=\"lazy\" decoding=\"async\" class=\"aligncenter size-full wp-image-29047\" src=\"https:\/\/www.latribunedufaso.net\/wp-content\/uploads\/2026\/04\/IMG_20260426_151234-scaled.jpg\" alt=\"Zoom sur le stand du CBC \u00e0 la SNC Bobo 2026\" width=\"2560\" height=\"1928\" srcset=\"https:\/\/www.latribunedufaso.net\/wp-content\/uploads\/2026\/04\/IMG_20260426_151234-scaled.jpg 2560w, https:\/\/www.latribunedufaso.net\/wp-content\/uploads\/2026\/04\/IMG_20260426_151234-300x226.jpg 300w, https:\/\/www.latribunedufaso.net\/wp-content\/uploads\/2026\/04\/IMG_20260426_151234-1024x771.jpg 1024w, https:\/\/www.latribunedufaso.net\/wp-content\/uploads\/2026\/04\/IMG_20260426_151234-768x578.jpg 768w, https:\/\/www.latribunedufaso.net\/wp-content\/uploads\/2026\/04\/IMG_20260426_151234-1536x1157.jpg 1536w, https:\/\/www.latribunedufaso.net\/wp-content\/uploads\/2026\/04\/IMG_20260426_151234-2048x1542.jpg 2048w\" sizes=\"auto, (max-width: 2560px) 100vw, 2560px\" \/><\/a><\/p>\n","protected":false},"excerpt":{"rendered":"<p>Au c\u0153ur de la 22\u00e8me \u00e9dition de la Semaine Nationale de la Culture (SNC), la rue marchande vibre au rythme des \u00e9changes commerciaux et des d\u00e9couvertes institutionnelles. Parmi les acteurs cl\u00e9s pr\u00e9sents sur le site de la foire, le Conseil Burkinab\u00e8 des Chargeurs (CBC) marque sa pr\u00e9sence pour d\u00e9mystifier ses missions et accompagner les op\u00e9rateurs \u00e9conomiques.<\/p>\n","protected":false},"author":5,"featured_media":29050,"comment_status":"open","ping_status":"open","sticky":false,"template":"","format":"standard","meta":{"footnotes":""},"categories":[13,1,10],"tags":[1091,39,1600],"class_list":["post-29043","post","type-post","status-publish","format-standard","has-post-thumbnail","hentry","category-une","category-actu","category-eco","tag-cbc","tag-latribunedufaso-net","tag-semaine-nationale-de-la-culture-snc"],"yoast_head":"<!-- This site is optimized with the Yoast SEO plugin v27.5 - https:\/\/yoast.com\/product\/yoast-seo-wordpress\/ -->\n<title>SNC Bobo 2026 : Le Conseil Burkinab\u00e8 des Chargeurs (CBC) \u00e0 la rencontre des acteurs \u00e9conomiques - La Tribune du Faso<\/title>\n<meta name=\"robots\" content=\"index, follow, max-snippet:-1, max-image-preview:large, max-video-preview:-1\" \/>\n<link rel=\"canonical\" href=\"https:\/\/www.latribunedufaso.net\/?p=29043\" \/>\n<meta property=\"og:locale\" content=\"fr_FR\" \/>\n<meta property=\"og:type\" content=\"article\" \/>\n<meta property=\"og:title\" content=\"SNC Bobo 2026 : Le Conseil Burkinab\u00e8 des Chargeurs (CBC) \u00e0 la rencontre des acteurs \u00e9conomiques - La Tribune du Faso\" \/>\n<meta property=\"og:description\" content=\"Au c\u0153ur de la 22\u00e8me \u00e9dition de la Semaine Nationale de la Culture (SNC), la rue marchande vibre au rythme des \u00e9changes commerciaux et des d\u00e9couvertes institutionnelles. Parmi les acteurs cl\u00e9s pr\u00e9sents sur le site de la foire, le Conseil Burkinab\u00e8 des Chargeurs (CBC) marque sa pr\u00e9sence pour d\u00e9mystifier ses missions et accompagner les op\u00e9rateurs \u00e9conomiques.\" \/>\n<meta property=\"og:url\" content=\"https:\/\/www.latribunedufaso.net\/?p=29043\" \/>\n<meta property=\"og:site_name\" content=\"La Tribune du Faso\" \/>\n<meta property=\"article:publisher\" content=\"https:\/\/www.facebook.com\/LatribuneduFaso\/\" \/>\n<meta property=\"article:published_time\" content=\"2026-04-30T09:51:44+00:00\" \/>\n<meta property=\"og:image\" content=\"https:\/\/www.latribunedufaso.net\/wp-content\/uploads\/2026\/04\/20260429192800.jpg\" \/>\n\t<meta property=\"og:image:width\" content=\"1080\" \/>\n\t<meta property=\"og:image:height\" content=\"607\" \/>\n\t<meta property=\"og:image:type\" content=\"image\/jpeg\" \/>\n<meta name=\"author\" content=\"Issouf Tapsoba\" \/>\n<meta name=\"twitter:label1\" content=\"\u00c9crit par\" \/>\n\t<meta name=\"twitter:data1\" content=\"Issouf Tapsoba\" \/>\n\t<meta name=\"twitter:label2\" content=\"Dur\u00e9e de lecture estim\u00e9e\" \/>\n\t<meta name=\"twitter:data2\" content=\"3 minutes\" \/>\n<script type=\"application\/ld+json\" class=\"yoast-schema-graph\">{\"@context\":\"https:\\\/\\\/schema.org\",\"@graph\":[{\"@type\":\"Article\",\"@id\":\"https:\\\/\\\/www.latribunedufaso.net\\\/?p=29043#article\",\"isPartOf\":{\"@id\":\"https:\\\/\\\/www.latribunedufaso.net\\\/?p=29043\"},\"author\":{\"name\":\"Issouf Tapsoba\",\"@id\":\"https:\\\/\\\/www.latribunedufaso.net\\\/#\\\/schema\\\/person\\\/e54e64c5778a7e72cf80a318b7a622b0\"},\"headline\":\"SNC Bobo 2026 : Le Conseil Burkinab\u00e8 des Chargeurs (CBC) \u00e0 la rencontre des acteurs \u00e9conomiques\",\"datePublished\":\"2026-04-30T09:51:44+00:00\",\"mainEntityOfPage\":{\"@id\":\"https:\\\/\\\/www.latribunedufaso.net\\\/?p=29043\"},\"wordCount\":407,\"commentCount\":0,\"publisher\":{\"@id\":\"https:\\\/\\\/www.latribunedufaso.net\\\/#organization\"},\"image\":{\"@id\":\"https:\\\/\\\/www.latribunedufaso.net\\\/?p=29043#primaryimage\"},\"thumbnailUrl\":\"https:\\\/\\\/www.latribunedufaso.net\\\/wp-content\\\/uploads\\\/2026\\\/04\\\/20260429192800.jpg\",\"keywords\":[\"CBC\",\"latribunedufaso.net\",\"Semaine nationale de la culture (SNC)\"],\"articleSection\":[\"A la une\",\"Actualit\u00e9\",\"Economie\"],\"inLanguage\":\"fr-FR\",\"potentialAction\":[{\"@type\":\"CommentAction\",\"name\":\"Comment\",\"target\":[\"https:\\\/\\\/www.latribunedufaso.net\\\/?p=29043#respond\"]}]},{\"@type\":\"WebPage\",\"@id\":\"https:\\\/\\\/www.latribunedufaso.net\\\/?p=29043\",\"url\":\"https:\\\/\\\/www.latribunedufaso.net\\\/?p=29043\",\"name\":\"SNC Bobo 2026 : Le Conseil Burkinab\u00e8 des Chargeurs (CBC) \u00e0 la rencontre des acteurs \u00e9conomiques - La Tribune du Faso\",\"isPartOf\":{\"@id\":\"https:\\\/\\\/www.latribunedufaso.net\\\/#website\"},\"primaryImageOfPage\":{\"@id\":\"https:\\\/\\\/www.latribunedufaso.net\\\/?p=29043#primaryimage\"},\"image\":{\"@id\":\"https:\\\/\\\/www.latribunedufaso.net\\\/?p=29043#primaryimage\"},\"thumbnailUrl\":\"https:\\\/\\\/www.latribunedufaso.net\\\/wp-content\\\/uploads\\\/2026\\\/04\\\/20260429192800.jpg\",\"datePublished\":\"2026-04-30T09:51:44+00:00\",\"breadcrumb\":{\"@id\":\"https:\\\/\\\/www.latribunedufaso.net\\\/?p=29043#breadcrumb\"},\"inLanguage\":\"fr-FR\",\"potentialAction\":[{\"@type\":\"ReadAction\",\"target\":[\"https:\\\/\\\/www.latribunedufaso.net\\\/?p=29043\"]}]},{\"@type\":\"ImageObject\",\"inLanguage\":\"fr-FR\",\"@id\":\"https:\\\/\\\/www.latribunedufaso.net\\\/?p=29043#primaryimage\",\"url\":\"https:\\\/\\\/www.latribunedufaso.net\\\/wp-content\\\/uploads\\\/2026\\\/04\\\/20260429192800.jpg\",\"contentUrl\":\"https:\\\/\\\/www.latribunedufaso.net\\\/wp-content\\\/uploads\\\/2026\\\/04\\\/20260429192800.jpg\",\"width\":1080,\"height\":607,\"caption\":\"Zoom sur le stand du CBC \u00e0 la SNC Bobo 2026\"},{\"@type\":\"BreadcrumbList\",\"@id\":\"https:\\\/\\\/www.latribunedufaso.net\\\/?p=29043#breadcrumb\",\"itemListElement\":[{\"@type\":\"ListItem\",\"position\":1,\"name\":\"Accueil\",\"item\":\"https:\\\/\\\/www.latribunedufaso.net\\\/\"},{\"@type\":\"ListItem\",\"position\":2,\"name\":\"SNC Bobo 2026 : Le Conseil Burkinab\u00e8 des Chargeurs (CBC) \u00e0 la rencontre des acteurs \u00e9conomiques\"}]},{\"@type\":\"WebSite\",\"@id\":\"https:\\\/\\\/www.latribunedufaso.net\\\/#website\",\"url\":\"https:\\\/\\\/www.latribunedufaso.net\\\/\",\"name\":\"La Tribune du Faso\",\"description\":\"L&#039;information du monde rural en un clic\",\"publisher\":{\"@id\":\"https:\\\/\\\/www.latribunedufaso.net\\\/#organization\"},\"potentialAction\":[{\"@type\":\"SearchAction\",\"target\":{\"@type\":\"EntryPoint\",\"urlTemplate\":\"https:\\\/\\\/www.latribunedufaso.net\\\/?s={search_term_string}\"},\"query-input\":{\"@type\":\"PropertyValueSpecification\",\"valueRequired\":true,\"valueName\":\"search_term_string\"}}],\"inLanguage\":\"fr-FR\"},{\"@type\":\"Organization\",\"@id\":\"https:\\\/\\\/www.latribunedufaso.net\\\/#organization\",\"name\":\"La Tribune du Faso\",\"url\":\"https:\\\/\\\/www.latribunedufaso.net\\\/\",\"logo\":{\"@type\":\"ImageObject\",\"inLanguage\":\"fr-FR\",\"@id\":\"https:\\\/\\\/www.latribunedufaso.net\\\/#\\\/schema\\\/logo\\\/image\\\/\",\"url\":\"https:\\\/\\\/www.latribunedufaso.net\\\/wp-content\\\/uploads\\\/2020\\\/08\\\/Logo-Tribune-du-Faso-final-scaled.jpg\",\"contentUrl\":\"https:\\\/\\\/www.latribunedufaso.net\\\/wp-content\\\/uploads\\\/2020\\\/08\\\/Logo-Tribune-du-Faso-final-scaled.jpg\",\"width\":2560,\"height\":1856,\"caption\":\"La Tribune du Faso\"},\"image\":{\"@id\":\"https:\\\/\\\/www.latribunedufaso.net\\\/#\\\/schema\\\/logo\\\/image\\\/\"},\"sameAs\":[\"https:\\\/\\\/www.facebook.com\\\/LatribuneduFaso\\\/\"]},{\"@type\":\"Person\",\"@id\":\"https:\\\/\\\/www.latribunedufaso.net\\\/#\\\/schema\\\/person\\\/e54e64c5778a7e72cf80a318b7a622b0\",\"name\":\"Issouf Tapsoba\",\"image\":{\"@type\":\"ImageObject\",\"inLanguage\":\"fr-FR\",\"@id\":\"https:\\\/\\\/secure.gravatar.com\\\/avatar\\\/5e6c05150ce3230247d167f5b94d678eb05936197436d69b7921e3a95c9107ac?s=96&d=mm&r=g\",\"url\":\"https:\\\/\\\/secure.gravatar.com\\\/avatar\\\/5e6c05150ce3230247d167f5b94d678eb05936197436d69b7921e3a95c9107ac?s=96&d=mm&r=g\",\"contentUrl\":\"https:\\\/\\\/secure.gravatar.com\\\/avatar\\\/5e6c05150ce3230247d167f5b94d678eb05936197436d69b7921e3a95c9107ac?s=96&d=mm&r=g\",\"caption\":\"Issouf Tapsoba\"},\"url\":\"https:\\\/\\\/www.latribunedufaso.net\\\/?author=5\"}]}<\/script>\n<!-- \/ Yoast SEO plugin. -->","yoast_head_json":{"title":"SNC Bobo 2026 : Le Conseil Burkinab\u00e8 des Chargeurs (CBC) \u00e0 la rencontre des acteurs \u00e9conomiques - La Tribune du Faso","robots":{"index":"index","follow":"follow","max-snippet":"max-snippet:-1","max-image-preview":"max-image-preview:large","max-video-preview":"max-video-preview:-1"},"canonical":"https:\/\/www.latribunedufaso.net\/?p=29043","og_locale":"fr_FR","og_type":"article","og_title":"SNC Bobo 2026 : Le Conseil Burkinab\u00e8 des Chargeurs (CBC) \u00e0 la rencontre des acteurs \u00e9conomiques - La Tribune du Faso","og_description":"Au c\u0153ur de la 22\u00e8me \u00e9dition de la Semaine Nationale de la Culture (SNC), la rue marchande vibre au rythme des \u00e9changes commerciaux et des d\u00e9couvertes institutionnelles. Parmi les acteurs cl\u00e9s pr\u00e9sents sur le site de la foire, le Conseil Burkinab\u00e8 des Chargeurs (CBC) marque sa pr\u00e9sence pour d\u00e9mystifier ses missions et accompagner les op\u00e9rateurs \u00e9conomiques.","og_url":"https:\/\/www.latribunedufaso.net\/?p=29043","og_site_name":"La Tribune du Faso","article_publisher":"https:\/\/www.facebook.com\/LatribuneduFaso\/","article_published_time":"2026-04-30T09:51:44+00:00","og_image":[{"width":1080,"height":607,"url":"https:\/\/www.latribunedufaso.net\/wp-content\/uploads\/2026\/04\/20260429192800.jpg","type":"image\/jpeg"}],"author":"Issouf Tapsoba","twitter_misc":{"\u00c9crit par":"Issouf Tapsoba","Dur\u00e9e de lecture estim\u00e9e":"3 minutes"},"schema":{"@context":"https:\/\/schema.org","@graph":[{"@type":"Article","@id":"https:\/\/www.latribunedufaso.net\/?p=29043#article","isPartOf":{"@id":"https:\/\/www.latribunedufaso.net\/?p=29043"},"author":{"name":"Issouf Tapsoba","@id":"https:\/\/www.latribunedufaso.net\/#\/schema\/person\/e54e64c5778a7e72cf80a318b7a622b0"},"headline":"SNC Bobo 2026 : Le Conseil Burkinab\u00e8 des Chargeurs (CBC) \u00e0 la rencontre des acteurs \u00e9conomiques","datePublished":"2026-04-30T09:51:44+00:00","mainEntityOfPage":{"@id":"https:\/\/www.latribunedufaso.net\/?p=29043"},"wordCount":407,"commentCount":0,"publisher":{"@id":"https:\/\/www.latribunedufaso.net\/#organization"},"image":{"@id":"https:\/\/www.latribunedufaso.net\/?p=29043#primaryimage"},"thumbnailUrl":"https:\/\/www.latribunedufaso.net\/wp-content\/uploads\/2026\/04\/20260429192800.jpg","keywords":["CBC","latribunedufaso.net","Semaine nationale de la culture (SNC)"],"articleSection":["A la une","Actualit\u00e9","Economie"],"inLanguage":"fr-FR","potentialAction":[{"@type":"CommentAction","name":"Comment","target":["https:\/\/www.latribunedufaso.net\/?p=29043#respond"]}]},{"@type":"WebPage","@id":"https:\/\/www.latribunedufaso.net\/?p=29043","url":"https:\/\/www.latribunedufaso.net\/?p=29043","name":"SNC Bobo 2026 : Le Conseil Burkinab\u00e8 des Chargeurs (CBC) \u00e0 la rencontre des acteurs \u00e9conomiques - La Tribune du Faso","isPartOf":{"@id":"https:\/\/www.latribunedufaso.net\/#website"},"primaryImageOfPage":{"@id":"https:\/\/www.latribunedufaso.net\/?p=29043#primaryimage"},"image":{"@id":"https:\/\/www.latribunedufaso.net\/?p=29043#primaryimage"},"thumbnailUrl":"https:\/\/www.latribunedufaso.net\/wp-content\/uploads\/2026\/04\/20260429192800.jpg","datePublished":"2026-04-30T09:51:44+00:00","breadcrumb":{"@id":"https:\/\/www.latribunedufaso.net\/?p=29043#breadcrumb"},"inLanguage":"fr-FR","potentialAction":[{"@type":"ReadAction","target":["https:\/\/www.latribunedufaso.net\/?p=29043"]}]},{"@type":"ImageObject","inLanguage":"fr-FR","@id":"https:\/\/www.latribunedufaso.net\/?p=29043#primaryimage","url":"https:\/\/www.latribunedufaso.net\/wp-content\/uploads\/2026\/04\/20260429192800.jpg","contentUrl":"https:\/\/www.latribunedufaso.net\/wp-content\/uploads\/2026\/04\/20260429192800.jpg","width":1080,"height":607,"caption":"Zoom sur le stand du CBC \u00e0 la SNC Bobo 2026"},{"@type":"BreadcrumbList","@id":"https:\/\/www.latribunedufaso.net\/?p=29043#breadcrumb","itemListElement":[{"@type":"ListItem","position":1,"name":"Accueil","item":"https:\/\/www.latribunedufaso.net\/"},{"@type":"ListItem","position":2,"name":"SNC Bobo 2026 : Le Conseil Burkinab\u00e8 des Chargeurs (CBC) \u00e0 la rencontre des acteurs \u00e9conomiques"}]},{"@type":"WebSite","@id":"https:\/\/www.latribunedufaso.net\/#website","url":"https:\/\/www.latribunedufaso.net\/","name":"La Tribune du Faso","description":"L&#039;information du monde rural en un clic","publisher":{"@id":"https:\/\/www.latribunedufaso.net\/#organization"},"potentialAction":[{"@type":"SearchAction","target":{"@type":"EntryPoint","urlTemplate":"https:\/\/www.latribunedufaso.net\/?s={search_term_string}"},"query-input":{"@type":"PropertyValueSpecification","valueRequired":true,"valueName":"search_term_string"}}],"inLanguage":"fr-FR"},{"@type":"Organization","@id":"https:\/\/www.latribunedufaso.net\/#organization","name":"La Tribune du Faso","url":"https:\/\/www.latribunedufaso.net\/","logo":{"@type":"ImageObject","inLanguage":"fr-FR","@id":"https:\/\/www.latribunedufaso.net\/#\/schema\/logo\/image\/","url":"https:\/\/www.latribunedufaso.net\/wp-content\/uploads\/2020\/08\/Logo-Tribune-du-Faso-final-scaled.jpg","contentUrl":"https:\/\/www.latribunedufaso.net\/wp-content\/uploads\/2020\/08\/Logo-Tribune-du-Faso-final-scaled.jpg","width":2560,"height":1856,"caption":"La Tribune du Faso"},"image":{"@id":"https:\/\/www.latribunedufaso.net\/#\/schema\/logo\/image\/"},"sameAs":["https:\/\/www.facebook.com\/LatribuneduFaso\/"]},{"@type":"Person","@id":"https:\/\/www.latribunedufaso.net\/#\/schema\/person\/e54e64c5778a7e72cf80a318b7a622b0","name":"Issouf Tapsoba","image":{"@type":"ImageObject","inLanguage":"fr-FR","@id":"https:\/\/secure.gravatar.com\/avatar\/5e6c05150ce3230247d167f5b94d678eb05936197436d69b7921e3a95c9107ac?s=96&d=mm&r=g","url":"https:\/\/secure.gravatar.com\/avatar\/5e6c05150ce3230247d167f5b94d678eb05936197436d69b7921e3a95c9107ac?s=96&d=mm&r=g","contentUrl":"https:\/\/secure.gravatar.com\/avatar\/5e6c05150ce3230247d167f5b94d678eb05936197436d69b7921e3a95c9107ac?s=96&d=mm&r=g","caption":"Issouf Tapsoba"},"url":"https:\/\/www.latribunedufaso.net\/?author=5"}]}},"_links":{"self":[{"href":"https:\/\/www.latribunedufaso.net\/index.php?rest_route=\/wp\/v2\/posts\/29043","targetHints":{"allow":["GET"]}}],"collection":[{"href":"https:\/\/www.latribunedufaso.net\/index.php?rest_route=\/wp\/v2\/posts"}],"about":[{"href":"https:\/\/www.latribunedufaso.net\/index.php?rest_route=\/wp\/v2\/types\/post"}],"author":[{"embeddable":true,"href":"https:\/\/www.latribunedufaso.net\/index.php?rest_route=\/wp\/v2\/users\/5"}],"replies":[{"embeddable":true,"href":"https:\/\/www.latribunedufaso.net\/index.php?rest_route=%2Fwp%2Fv2%2Fcomments&post=29043"}],"version-history":[{"count":4,"href":"https:\/\/www.latribunedufaso.net\/index.php?rest_route=\/wp\/v2\/posts\/29043\/revisions"}],"predecessor-version":[{"id":29051,"href":"https:\/\/www.latribunedufaso.net\/index.php?rest_route=\/wp\/v2\/posts\/29043\/revisions\/29051"}],"wp:featuredmedia":[{"embeddable":true,"href":"https:\/\/www.latribunedufaso.net\/index.php?rest_route=\/wp\/v2\/media\/29050"}],"wp:attachment":[{"href":"https:\/\/www.latribunedufaso.net\/index.php?rest_route=%2Fwp%2Fv2%2Fmedia&parent=29043"}],"wp:term":[{"taxonomy":"category","embeddable":true,"href":"https:\/\/www.latribunedufaso.net\/index.php?rest_route=%2Fwp%2Fv2%2Fcategories&post=29043"},{"taxonomy":"post_tag","embeddable":true,"href":"https:\/\/www.latribunedufaso.net\/index.php?rest_route=%2Fwp%2Fv2%2Ftags&post=29043"}],"curies":[{"name":"wp","href":"https:\/\/api.w.org\/{rel}","templated":true}]}}