{"id":28946,"date":"2026-04-24T16:34:28","date_gmt":"2026-04-24T16:34:28","guid":{"rendered":"https:\/\/www.latribunedufaso.net\/?p=28946"},"modified":"2026-04-24T16:34:28","modified_gmt":"2026-04-24T16:34:28","slug":"defense-nationale-le-gouvernement-institue-une-reserve-militaire-pour-renforcer-la-securite-du-territoire","status":"publish","type":"post","link":"https:\/\/www.latribunedufaso.net\/?p=28946","title":{"rendered":"D\u00e9fense nationale : Le gouvernement institue une r\u00e9serve militaire pour renforcer la s\u00e9curit\u00e9 du territoire"},"content":{"rendered":"<p><strong>Le Pr\u00e9sident du Faso, Chef de l\u2019\u00c9tat, Son Excellence le Capitaine Ibrahim Traor\u00e9, a pr\u00e9sid\u00e9 ce jeudi 24 avril 2026, l\u2019hebdomadaire Conseil des Ministres<\/strong>.<!--more--><\/p>\n<p>Le Conseil a examin\u00e9 un projet de loi portant organisation de la r\u00e9serve militaire au Burkina Faso.<\/p>\n<p>Le Burkina Faso est engag\u00e9 dans la lutte contre le terrorisme qui n\u00e9cessite une mobilisation accrue de toutes les forces de la Nation. Cette situation impose une adaptation permanente des dispositifs de d\u00e9fense et de s\u00e9curit\u00e9 au regard du contexte international, sous-r\u00e9gional et national marqu\u00e9 par des mutations profondes de l\u2019environnement s\u00e9curitaire et g\u00e9opolitique.<\/p>\n<p>Dans la continuit\u00e9 des efforts d\u00e9j\u00e0 engag\u00e9s, notamment avec l\u2019institution des Volontaires pour la d\u00e9fense de la Patrie, il appara\u00eet n\u00e9cessaire de structurer un dispositif compl\u00e9mentaire, organis\u00e9 et p\u00e9renne.\u00a0<\/p>\n<p>Ce projet de loi vise la mise en place d\u2019un cadre juridique, instituant une r\u00e9serve militaire adapt\u00e9e aux r\u00e9alit\u00e9s nationales et articul\u00e9e autour de deux composantes :<\/p>\n<ul>\n<li>une r\u00e9serve de premier ordre, constitu\u00e9e de personnels disposant d\u2019une exp\u00e9rience militaire, imm\u00e9diatement mobilisable ;<\/li>\n<li>une r\u00e9serve de second ordre, compos\u00e9e de citoyens appel\u00e9s \u00e0 \u00eatre form\u00e9s en vue de renforcer progressivement les capacit\u00e9s de d\u00e9fense.<\/li>\n<\/ul>\n<p>Le projet de loi permettra de doter notre pays d\u2019un instrument strat\u00e9gique de d\u00e9fense, en coh\u00e9rence avec les orientations de la R\u00e9volution progressiste populaire et adapt\u00e9 \u00e0 l\u2019environnement s\u00e9curitaire contemporain.<\/p>\n<p>Le Conseil a marqu\u00e9 son accord pour la transmission dudit projet de loi \u00e0 l\u2019Assembl\u00e9e l\u00e9gislative du Peuple.<\/p>\n<p><strong>Latribunedufaso.net<\/strong><\/p>\n","protected":false},"excerpt":{"rendered":"<p>Le Pr\u00e9sident du Faso, Chef de l\u2019\u00c9tat, Son Excellence le Capitaine Ibrahim Traor\u00e9, a pr\u00e9sid\u00e9 ce jeudi 24 avril 2026, l\u2019hebdomadaire Conseil des Ministres.<\/p>\n","protected":false},"author":5,"featured_media":28950,"comment_status":"open","ping_status":"open","sticky":false,"template":"","format":"standard","meta":{"footnotes":""},"categories":[13,1,8],"tags":[2109,39],"class_list":["post-28946","post","type-post","status-publish","format-standard","has-post-thumbnail","hentry","category-une","category-actu","category-societe","tag-institution-dune-reserve-militaire","tag-latribunedufaso-net"],"yoast_head":"<!-- This site is optimized with the Yoast SEO plugin v27.5 - https:\/\/yoast.com\/product\/yoast-seo-wordpress\/ -->\n<title>D\u00e9fense nationale : Le gouvernement institue une r\u00e9serve militaire pour renforcer la s\u00e9curit\u00e9 du territoire - La Tribune du Faso<\/title>\n<meta name=\"robots\" content=\"index, follow, max-snippet:-1, max-image-preview:large, max-video-preview:-1\" \/>\n<link rel=\"canonical\" href=\"https:\/\/www.latribunedufaso.net\/?p=28946\" \/>\n<meta property=\"og:locale\" content=\"fr_FR\" \/>\n<meta property=\"og:type\" content=\"article\" \/>\n<meta property=\"og:title\" content=\"D\u00e9fense nationale : Le gouvernement institue une r\u00e9serve militaire pour renforcer la s\u00e9curit\u00e9 du territoire - La Tribune du Faso\" \/>\n<meta property=\"og:description\" content=\"Le Pr\u00e9sident du Faso, Chef de l\u2019\u00c9tat, Son Excellence le Capitaine Ibrahim Traor\u00e9, a pr\u00e9sid\u00e9 ce jeudi 24 avril 2026, l\u2019hebdomadaire Conseil des Ministres.\" \/>\n<meta property=\"og:url\" content=\"https:\/\/www.latribunedufaso.net\/?p=28946\" \/>\n<meta property=\"og:site_name\" content=\"La Tribune du Faso\" \/>\n<meta property=\"article:publisher\" content=\"https:\/\/www.facebook.com\/LatribuneduFaso\/\" \/>\n<meta property=\"article:published_time\" content=\"2026-04-24T16:34:28+00:00\" \/>\n<meta property=\"og:image\" content=\"https:\/\/www.latribunedufaso.net\/wp-content\/uploads\/2026\/04\/Flintlock_2017_closing_ceremony_in_Burkina_Faso_170316-A-MQ814-095-scaled.jpg\" \/>\n\t<meta property=\"og:image:width\" content=\"2560\" \/>\n\t<meta property=\"og:image:height\" content=\"1709\" \/>\n\t<meta property=\"og:image:type\" content=\"image\/jpeg\" \/>\n<meta name=\"author\" content=\"Issouf Tapsoba\" \/>\n<meta name=\"twitter:label1\" content=\"\u00c9crit par\" \/>\n\t<meta name=\"twitter:data1\" content=\"Issouf Tapsoba\" \/>\n\t<meta name=\"twitter:label2\" content=\"Dur\u00e9e de lecture estim\u00e9e\" \/>\n\t<meta name=\"twitter:data2\" content=\"2 minutes\" \/>\n<script type=\"application\/ld+json\" class=\"yoast-schema-graph\">{\"@context\":\"https:\\\/\\\/schema.org\",\"@graph\":[{\"@type\":\"Article\",\"@id\":\"https:\\\/\\\/www.latribunedufaso.net\\\/?p=28946#article\",\"isPartOf\":{\"@id\":\"https:\\\/\\\/www.latribunedufaso.net\\\/?p=28946\"},\"author\":{\"name\":\"Issouf Tapsoba\",\"@id\":\"https:\\\/\\\/www.latribunedufaso.net\\\/#\\\/schema\\\/person\\\/e54e64c5778a7e72cf80a318b7a622b0\"},\"headline\":\"D\u00e9fense nationale : Le gouvernement institue une r\u00e9serve militaire pour renforcer la s\u00e9curit\u00e9 du territoire\",\"datePublished\":\"2026-04-24T16:34:28+00:00\",\"mainEntityOfPage\":{\"@id\":\"https:\\\/\\\/www.latribunedufaso.net\\\/?p=28946\"},\"wordCount\":294,\"commentCount\":0,\"publisher\":{\"@id\":\"https:\\\/\\\/www.latribunedufaso.net\\\/#organization\"},\"image\":{\"@id\":\"https:\\\/\\\/www.latribunedufaso.net\\\/?p=28946#primaryimage\"},\"thumbnailUrl\":\"https:\\\/\\\/www.latribunedufaso.net\\\/wp-content\\\/uploads\\\/2026\\\/04\\\/Flintlock_2017_closing_ceremony_in_Burkina_Faso_170316-A-MQ814-095-scaled.jpg\",\"keywords\":[\"Institution d'une r\u00e9serve militaire\",\"latribunedufaso.net\"],\"articleSection\":[\"A la une\",\"Actualit\u00e9\",\"Soci\u00e9t\u00e9\"],\"inLanguage\":\"fr-FR\",\"potentialAction\":[{\"@type\":\"CommentAction\",\"name\":\"Comment\",\"target\":[\"https:\\\/\\\/www.latribunedufaso.net\\\/?p=28946#respond\"]}]},{\"@type\":\"WebPage\",\"@id\":\"https:\\\/\\\/www.latribunedufaso.net\\\/?p=28946\",\"url\":\"https:\\\/\\\/www.latribunedufaso.net\\\/?p=28946\",\"name\":\"D\u00e9fense nationale : Le gouvernement institue une r\u00e9serve militaire pour renforcer la s\u00e9curit\u00e9 du territoire - La Tribune du Faso\",\"isPartOf\":{\"@id\":\"https:\\\/\\\/www.latribunedufaso.net\\\/#website\"},\"primaryImageOfPage\":{\"@id\":\"https:\\\/\\\/www.latribunedufaso.net\\\/?p=28946#primaryimage\"},\"image\":{\"@id\":\"https:\\\/\\\/www.latribunedufaso.net\\\/?p=28946#primaryimage\"},\"thumbnailUrl\":\"https:\\\/\\\/www.latribunedufaso.net\\\/wp-content\\\/uploads\\\/2026\\\/04\\\/Flintlock_2017_closing_ceremony_in_Burkina_Faso_170316-A-MQ814-095-scaled.jpg\",\"datePublished\":\"2026-04-24T16:34:28+00:00\",\"breadcrumb\":{\"@id\":\"https:\\\/\\\/www.latribunedufaso.net\\\/?p=28946#breadcrumb\"},\"inLanguage\":\"fr-FR\",\"potentialAction\":[{\"@type\":\"ReadAction\",\"target\":[\"https:\\\/\\\/www.latribunedufaso.net\\\/?p=28946\"]}]},{\"@type\":\"ImageObject\",\"inLanguage\":\"fr-FR\",\"@id\":\"https:\\\/\\\/www.latribunedufaso.net\\\/?p=28946#primaryimage\",\"url\":\"https:\\\/\\\/www.latribunedufaso.net\\\/wp-content\\\/uploads\\\/2026\\\/04\\\/Flintlock_2017_closing_ceremony_in_Burkina_Faso_170316-A-MQ814-095-scaled.jpg\",\"contentUrl\":\"https:\\\/\\\/www.latribunedufaso.net\\\/wp-content\\\/uploads\\\/2026\\\/04\\\/Flintlock_2017_closing_ceremony_in_Burkina_Faso_170316-A-MQ814-095-scaled.jpg\",\"width\":2560,\"height\":1709,\"caption\":\"Burkina Faso soldiers march in formation during the closing ceremony of Flintlock 2017 in Burkina Faso at Camp Zagre, Burkina Faso. Soldiers trained for three weeks where they learned small unit tactics, close quarter battle drills, tactical combat casualty care, various other combat tactics and combat marksmanship management skills. (U.S. Army photo by Sgt Benjamin Northcutt 3rd Special Forces Group (Airbore)\\\/released)\"},{\"@type\":\"BreadcrumbList\",\"@id\":\"https:\\\/\\\/www.latribunedufaso.net\\\/?p=28946#breadcrumb\",\"itemListElement\":[{\"@type\":\"ListItem\",\"position\":1,\"name\":\"Accueil\",\"item\":\"https:\\\/\\\/www.latribunedufaso.net\\\/\"},{\"@type\":\"ListItem\",\"position\":2,\"name\":\"D\u00e9fense nationale : Le gouvernement institue une r\u00e9serve militaire pour renforcer la s\u00e9curit\u00e9 du territoire\"}]},{\"@type\":\"WebSite\",\"@id\":\"https:\\\/\\\/www.latribunedufaso.net\\\/#website\",\"url\":\"https:\\\/\\\/www.latribunedufaso.net\\\/\",\"name\":\"La Tribune du Faso\",\"description\":\"L&#039;information du monde rural en un clic\",\"publisher\":{\"@id\":\"https:\\\/\\\/www.latribunedufaso.net\\\/#organization\"},\"potentialAction\":[{\"@type\":\"SearchAction\",\"target\":{\"@type\":\"EntryPoint\",\"urlTemplate\":\"https:\\\/\\\/www.latribunedufaso.net\\\/?s={search_term_string}\"},\"query-input\":{\"@type\":\"PropertyValueSpecification\",\"valueRequired\":true,\"valueName\":\"search_term_string\"}}],\"inLanguage\":\"fr-FR\"},{\"@type\":\"Organization\",\"@id\":\"https:\\\/\\\/www.latribunedufaso.net\\\/#organization\",\"name\":\"La Tribune du Faso\",\"url\":\"https:\\\/\\\/www.latribunedufaso.net\\\/\",\"logo\":{\"@type\":\"ImageObject\",\"inLanguage\":\"fr-FR\",\"@id\":\"https:\\\/\\\/www.latribunedufaso.net\\\/#\\\/schema\\\/logo\\\/image\\\/\",\"url\":\"https:\\\/\\\/www.latribunedufaso.net\\\/wp-content\\\/uploads\\\/2020\\\/08\\\/Logo-Tribune-du-Faso-final-scaled.jpg\",\"contentUrl\":\"https:\\\/\\\/www.latribunedufaso.net\\\/wp-content\\\/uploads\\\/2020\\\/08\\\/Logo-Tribune-du-Faso-final-scaled.jpg\",\"width\":2560,\"height\":1856,\"caption\":\"La Tribune du Faso\"},\"image\":{\"@id\":\"https:\\\/\\\/www.latribunedufaso.net\\\/#\\\/schema\\\/logo\\\/image\\\/\"},\"sameAs\":[\"https:\\\/\\\/www.facebook.com\\\/LatribuneduFaso\\\/\"]},{\"@type\":\"Person\",\"@id\":\"https:\\\/\\\/www.latribunedufaso.net\\\/#\\\/schema\\\/person\\\/e54e64c5778a7e72cf80a318b7a622b0\",\"name\":\"Issouf Tapsoba\",\"image\":{\"@type\":\"ImageObject\",\"inLanguage\":\"fr-FR\",\"@id\":\"https:\\\/\\\/secure.gravatar.com\\\/avatar\\\/5e6c05150ce3230247d167f5b94d678eb05936197436d69b7921e3a95c9107ac?s=96&d=mm&r=g\",\"url\":\"https:\\\/\\\/secure.gravatar.com\\\/avatar\\\/5e6c05150ce3230247d167f5b94d678eb05936197436d69b7921e3a95c9107ac?s=96&d=mm&r=g\",\"contentUrl\":\"https:\\\/\\\/secure.gravatar.com\\\/avatar\\\/5e6c05150ce3230247d167f5b94d678eb05936197436d69b7921e3a95c9107ac?s=96&d=mm&r=g\",\"caption\":\"Issouf Tapsoba\"},\"url\":\"https:\\\/\\\/www.latribunedufaso.net\\\/?author=5\"}]}<\/script>\n<!-- \/ Yoast SEO plugin. -->","yoast_head_json":{"title":"D\u00e9fense nationale : Le gouvernement institue une r\u00e9serve militaire pour renforcer la s\u00e9curit\u00e9 du territoire - La Tribune du Faso","robots":{"index":"index","follow":"follow","max-snippet":"max-snippet:-1","max-image-preview":"max-image-preview:large","max-video-preview":"max-video-preview:-1"},"canonical":"https:\/\/www.latribunedufaso.net\/?p=28946","og_locale":"fr_FR","og_type":"article","og_title":"D\u00e9fense nationale : Le gouvernement institue une r\u00e9serve militaire pour renforcer la s\u00e9curit\u00e9 du territoire - La Tribune du Faso","og_description":"Le Pr\u00e9sident du Faso, Chef de l\u2019\u00c9tat, Son Excellence le Capitaine Ibrahim Traor\u00e9, a pr\u00e9sid\u00e9 ce jeudi 24 avril 2026, l\u2019hebdomadaire Conseil des Ministres.","og_url":"https:\/\/www.latribunedufaso.net\/?p=28946","og_site_name":"La Tribune du Faso","article_publisher":"https:\/\/www.facebook.com\/LatribuneduFaso\/","article_published_time":"2026-04-24T16:34:28+00:00","og_image":[{"width":2560,"height":1709,"url":"https:\/\/www.latribunedufaso.net\/wp-content\/uploads\/2026\/04\/Flintlock_2017_closing_ceremony_in_Burkina_Faso_170316-A-MQ814-095-scaled.jpg","type":"image\/jpeg"}],"author":"Issouf Tapsoba","twitter_misc":{"\u00c9crit par":"Issouf Tapsoba","Dur\u00e9e de lecture estim\u00e9e":"2 minutes"},"schema":{"@context":"https:\/\/schema.org","@graph":[{"@type":"Article","@id":"https:\/\/www.latribunedufaso.net\/?p=28946#article","isPartOf":{"@id":"https:\/\/www.latribunedufaso.net\/?p=28946"},"author":{"name":"Issouf Tapsoba","@id":"https:\/\/www.latribunedufaso.net\/#\/schema\/person\/e54e64c5778a7e72cf80a318b7a622b0"},"headline":"D\u00e9fense nationale : Le gouvernement institue une r\u00e9serve militaire pour renforcer la s\u00e9curit\u00e9 du territoire","datePublished":"2026-04-24T16:34:28+00:00","mainEntityOfPage":{"@id":"https:\/\/www.latribunedufaso.net\/?p=28946"},"wordCount":294,"commentCount":0,"publisher":{"@id":"https:\/\/www.latribunedufaso.net\/#organization"},"image":{"@id":"https:\/\/www.latribunedufaso.net\/?p=28946#primaryimage"},"thumbnailUrl":"https:\/\/www.latribunedufaso.net\/wp-content\/uploads\/2026\/04\/Flintlock_2017_closing_ceremony_in_Burkina_Faso_170316-A-MQ814-095-scaled.jpg","keywords":["Institution d'une r\u00e9serve militaire","latribunedufaso.net"],"articleSection":["A la une","Actualit\u00e9","Soci\u00e9t\u00e9"],"inLanguage":"fr-FR","potentialAction":[{"@type":"CommentAction","name":"Comment","target":["https:\/\/www.latribunedufaso.net\/?p=28946#respond"]}]},{"@type":"WebPage","@id":"https:\/\/www.latribunedufaso.net\/?p=28946","url":"https:\/\/www.latribunedufaso.net\/?p=28946","name":"D\u00e9fense nationale : Le gouvernement institue une r\u00e9serve militaire pour renforcer la s\u00e9curit\u00e9 du territoire - La Tribune du Faso","isPartOf":{"@id":"https:\/\/www.latribunedufaso.net\/#website"},"primaryImageOfPage":{"@id":"https:\/\/www.latribunedufaso.net\/?p=28946#primaryimage"},"image":{"@id":"https:\/\/www.latribunedufaso.net\/?p=28946#primaryimage"},"thumbnailUrl":"https:\/\/www.latribunedufaso.net\/wp-content\/uploads\/2026\/04\/Flintlock_2017_closing_ceremony_in_Burkina_Faso_170316-A-MQ814-095-scaled.jpg","datePublished":"2026-04-24T16:34:28+00:00","breadcrumb":{"@id":"https:\/\/www.latribunedufaso.net\/?p=28946#breadcrumb"},"inLanguage":"fr-FR","potentialAction":[{"@type":"ReadAction","target":["https:\/\/www.latribunedufaso.net\/?p=28946"]}]},{"@type":"ImageObject","inLanguage":"fr-FR","@id":"https:\/\/www.latribunedufaso.net\/?p=28946#primaryimage","url":"https:\/\/www.latribunedufaso.net\/wp-content\/uploads\/2026\/04\/Flintlock_2017_closing_ceremony_in_Burkina_Faso_170316-A-MQ814-095-scaled.jpg","contentUrl":"https:\/\/www.latribunedufaso.net\/wp-content\/uploads\/2026\/04\/Flintlock_2017_closing_ceremony_in_Burkina_Faso_170316-A-MQ814-095-scaled.jpg","width":2560,"height":1709,"caption":"Burkina Faso soldiers march in formation during the closing ceremony of Flintlock 2017 in Burkina Faso at Camp Zagre, Burkina Faso. Soldiers trained for three weeks where they learned small unit tactics, close quarter battle drills, tactical combat casualty care, various other combat tactics and combat marksmanship management skills. (U.S. Army photo by Sgt Benjamin Northcutt 3rd Special Forces Group (Airbore)\/released)"},{"@type":"BreadcrumbList","@id":"https:\/\/www.latribunedufaso.net\/?p=28946#breadcrumb","itemListElement":[{"@type":"ListItem","position":1,"name":"Accueil","item":"https:\/\/www.latribunedufaso.net\/"},{"@type":"ListItem","position":2,"name":"D\u00e9fense nationale : Le gouvernement institue une r\u00e9serve militaire pour renforcer la s\u00e9curit\u00e9 du territoire"}]},{"@type":"WebSite","@id":"https:\/\/www.latribunedufaso.net\/#website","url":"https:\/\/www.latribunedufaso.net\/","name":"La Tribune du Faso","description":"L&#039;information du monde rural en un clic","publisher":{"@id":"https:\/\/www.latribunedufaso.net\/#organization"},"potentialAction":[{"@type":"SearchAction","target":{"@type":"EntryPoint","urlTemplate":"https:\/\/www.latribunedufaso.net\/?s={search_term_string}"},"query-input":{"@type":"PropertyValueSpecification","valueRequired":true,"valueName":"search_term_string"}}],"inLanguage":"fr-FR"},{"@type":"Organization","@id":"https:\/\/www.latribunedufaso.net\/#organization","name":"La Tribune du Faso","url":"https:\/\/www.latribunedufaso.net\/","logo":{"@type":"ImageObject","inLanguage":"fr-FR","@id":"https:\/\/www.latribunedufaso.net\/#\/schema\/logo\/image\/","url":"https:\/\/www.latribunedufaso.net\/wp-content\/uploads\/2020\/08\/Logo-Tribune-du-Faso-final-scaled.jpg","contentUrl":"https:\/\/www.latribunedufaso.net\/wp-content\/uploads\/2020\/08\/Logo-Tribune-du-Faso-final-scaled.jpg","width":2560,"height":1856,"caption":"La Tribune du Faso"},"image":{"@id":"https:\/\/www.latribunedufaso.net\/#\/schema\/logo\/image\/"},"sameAs":["https:\/\/www.facebook.com\/LatribuneduFaso\/"]},{"@type":"Person","@id":"https:\/\/www.latribunedufaso.net\/#\/schema\/person\/e54e64c5778a7e72cf80a318b7a622b0","name":"Issouf Tapsoba","image":{"@type":"ImageObject","inLanguage":"fr-FR","@id":"https:\/\/secure.gravatar.com\/avatar\/5e6c05150ce3230247d167f5b94d678eb05936197436d69b7921e3a95c9107ac?s=96&d=mm&r=g","url":"https:\/\/secure.gravatar.com\/avatar\/5e6c05150ce3230247d167f5b94d678eb05936197436d69b7921e3a95c9107ac?s=96&d=mm&r=g","contentUrl":"https:\/\/secure.gravatar.com\/avatar\/5e6c05150ce3230247d167f5b94d678eb05936197436d69b7921e3a95c9107ac?s=96&d=mm&r=g","caption":"Issouf Tapsoba"},"url":"https:\/\/www.latribunedufaso.net\/?author=5"}]}},"_links":{"self":[{"href":"https:\/\/www.latribunedufaso.net\/index.php?rest_route=\/wp\/v2\/posts\/28946","targetHints":{"allow":["GET"]}}],"collection":[{"href":"https:\/\/www.latribunedufaso.net\/index.php?rest_route=\/wp\/v2\/posts"}],"about":[{"href":"https:\/\/www.latribunedufaso.net\/index.php?rest_route=\/wp\/v2\/types\/post"}],"author":[{"embeddable":true,"href":"https:\/\/www.latribunedufaso.net\/index.php?rest_route=\/wp\/v2\/users\/5"}],"replies":[{"embeddable":true,"href":"https:\/\/www.latribunedufaso.net\/index.php?rest_route=%2Fwp%2Fv2%2Fcomments&post=28946"}],"version-history":[{"count":1,"href":"https:\/\/www.latribunedufaso.net\/index.php?rest_route=\/wp\/v2\/posts\/28946\/revisions"}],"predecessor-version":[{"id":28947,"href":"https:\/\/www.latribunedufaso.net\/index.php?rest_route=\/wp\/v2\/posts\/28946\/revisions\/28947"}],"wp:featuredmedia":[{"embeddable":true,"href":"https:\/\/www.latribunedufaso.net\/index.php?rest_route=\/wp\/v2\/media\/28950"}],"wp:attachment":[{"href":"https:\/\/www.latribunedufaso.net\/index.php?rest_route=%2Fwp%2Fv2%2Fmedia&parent=28946"}],"wp:term":[{"taxonomy":"category","embeddable":true,"href":"https:\/\/www.latribunedufaso.net\/index.php?rest_route=%2Fwp%2Fv2%2Fcategories&post=28946"},{"taxonomy":"post_tag","embeddable":true,"href":"https:\/\/www.latribunedufaso.net\/index.php?rest_route=%2Fwp%2Fv2%2Ftags&post=28946"}],"curies":[{"name":"wp","href":"https:\/\/api.w.org\/{rel}","templated":true}]}}