{"id":28920,"date":"2026-04-23T22:07:16","date_gmt":"2026-04-23T22:07:16","guid":{"rendered":"https:\/\/www.latribunedufaso.net\/?p=28920"},"modified":"2026-04-23T22:07:16","modified_gmt":"2026-04-23T22:07:16","slug":"snc-2026-a-bobo-dioulasso-plus-de-750-000-festivaliers-et-1-700-artistes-attendus","status":"publish","type":"post","link":"https:\/\/www.latribunedufaso.net\/?p=28920","title":{"rendered":"SNC 2026 \u00e0 Bobo-Dioulasso : Plus de 750 000 festivaliers et 1 700 artistes attendus"},"content":{"rendered":"<p><strong>\u00c0 quatre jours du lancement officiel de la 22\u1d49 \u00e9dition de la Semaine nationale de la Culture (SNC), le Comit\u00e9 national d\u2019organisation (CNO) a anim\u00e9 ce mardi 21 avril 2026, \u00e0 Bobo-Dioulasso un point de presse sur la 22e \u00e9dition de cette biennale de la culture. Face aux hommes et femmes de m\u00e9dias, B\u00e9tamou fid\u00e8le Aymar Tamini a indiqu\u00e9 que depuis l\u2019installation du comit\u00e9, le 20 f\u00e9vrier 2026, les diff\u00e9rentes commissions sont \u00e0 pied d\u2019\u0153uvre et travaillent d\u2019arrache-pied pour assurer la r\u00e9ussite de cette biennale culturelle.<\/strong><!--more--><\/p>\n<p>Selon lui, le niveau des pr\u00e9paratifs atteint \u00e0 ce jour permet d\u2019aborder l\u2019\u00e9v\u00e9nement avec s\u00e9r\u00e9nit\u00e9.<\/p>\n<p>Il a, par ailleurs, rassur\u00e9 quant aux dispositions prises pour accueillir les festivaliers, annon\u00e7ant que toutes les mesures organisationnelles, logistiques et s\u00e9curitaires sont mises en place pour recevoir 1 799 artistes, plus de 600 membres de soci\u00e9t\u00e9s de masques et plus de 750 000 festivaliers \u00e0 Bobo-Dioulasso durant toute la p\u00e9riode de la manifestation.<\/p>\n<figure id=\"attachment_28927\" aria-describedby=\"caption-attachment-28927\" style=\"width: 1981px\" class=\"wp-caption aligncenter\"><a href=\"https:\/\/www.latribunedufaso.net\/wp-content\/uploads\/2026\/04\/FB_IMG_1776981435502.jpg\"><img loading=\"lazy\" decoding=\"async\" class=\"size-full wp-image-28927\" src=\"https:\/\/www.latribunedufaso.net\/wp-content\/uploads\/2026\/04\/FB_IMG_1776981435502.jpg\" alt=\"Conf\u00e9rence de presse, point des pr\u00e9paratifs de la SNC, 22 avril 2026\" width=\"1981\" height=\"2048\" srcset=\"https:\/\/www.latribunedufaso.net\/wp-content\/uploads\/2026\/04\/FB_IMG_1776981435502.jpg 1981w, https:\/\/www.latribunedufaso.net\/wp-content\/uploads\/2026\/04\/FB_IMG_1776981435502-290x300.jpg 290w, https:\/\/www.latribunedufaso.net\/wp-content\/uploads\/2026\/04\/FB_IMG_1776981435502-991x1024.jpg 991w, https:\/\/www.latribunedufaso.net\/wp-content\/uploads\/2026\/04\/FB_IMG_1776981435502-768x794.jpg 768w, https:\/\/www.latribunedufaso.net\/wp-content\/uploads\/2026\/04\/FB_IMG_1776981435502-1486x1536.jpg 1486w\" sizes=\"auto, (max-width: 1981px) 100vw, 1981px\" \/><\/a><figcaption id=\"caption-attachment-28927\" class=\"wp-caption-text\">Le Pr\u00e9sident du comit\u00e9 national d&rsquo;organisation, Fid\u00e8le Tamini &#8211; Ph. DR<\/figcaption><\/figure>\n<p>L\u2019un des temps forts de ce point avec la presse a \u00e9t\u00e9 la pr\u00e9sentation de la plateforme billetterie en ligne, une innovation majeure de cette 22\u1d49 \u00e9dition. Cette plateforme num\u00e9rique permettra au public de proc\u00e9der \u00e0 l\u2019achat des tickets et badges d\u2019acc\u00e8s aux diff\u00e9rents sites et activit\u00e9s de la SNC pour faciliter la participation des festivaliers et la gestion des flux.<\/p>\n<figure id=\"attachment_28926\" aria-describedby=\"caption-attachment-28926\" style=\"width: 2048px\" class=\"wp-caption aligncenter\"><a href=\"https:\/\/www.latribunedufaso.net\/wp-content\/uploads\/2026\/04\/FB_IMG_1776981441944.jpg\"><img loading=\"lazy\" decoding=\"async\" class=\"size-full wp-image-28926\" src=\"https:\/\/www.latribunedufaso.net\/wp-content\/uploads\/2026\/04\/FB_IMG_1776981441944.jpg\" alt=\"Conf\u00e9rence de presse, point des pr\u00e9paratifs de la SNC, 22 avril 2026\" width=\"2048\" height=\"1365\" srcset=\"https:\/\/www.latribunedufaso.net\/wp-content\/uploads\/2026\/04\/FB_IMG_1776981441944.jpg 2048w, https:\/\/www.latribunedufaso.net\/wp-content\/uploads\/2026\/04\/FB_IMG_1776981441944-300x200.jpg 300w, https:\/\/www.latribunedufaso.net\/wp-content\/uploads\/2026\/04\/FB_IMG_1776981441944-1024x683.jpg 1024w, https:\/\/www.latribunedufaso.net\/wp-content\/uploads\/2026\/04\/FB_IMG_1776981441944-768x512.jpg 768w, https:\/\/www.latribunedufaso.net\/wp-content\/uploads\/2026\/04\/FB_IMG_1776981441944-1536x1024.jpg 1536w, https:\/\/www.latribunedufaso.net\/wp-content\/uploads\/2026\/04\/FB_IMG_1776981441944-840x560.jpg 840w, https:\/\/www.latribunedufaso.net\/wp-content\/uploads\/2026\/04\/FB_IMG_1776981441944-120x80.jpg 120w, https:\/\/www.latribunedufaso.net\/wp-content\/uploads\/2026\/04\/FB_IMG_1776981441944-360x240.jpg 360w, https:\/\/www.latribunedufaso.net\/wp-content\/uploads\/2026\/04\/FB_IMG_1776981441944-600x400.jpg 600w\" sizes=\"auto, (max-width: 2048px) 100vw, 2048px\" \/><\/a><figcaption id=\"caption-attachment-28926\" class=\"wp-caption-text\">Une vue des journalistes \u00e0 la conf\u00e9rence de presse &#8211; Ph. DR<\/figcaption><\/figure>\n<p>Le PCNO a lanc\u00e9 un appel \u00e0 la mobilisation de tous les acteurs, en particulier les professionnels des m\u00e9dias, afin d\u2019assurer une large visibilit\u00e9 \u00e0 l\u2019\u00e9v\u00e9nement.\u00a0<\/p>\n<blockquote>\n<p>Lire aussi &gt;&gt;\u00a0<a href=\"https:\/\/www.latribunedufaso.net\/?p=28899\">SNC Bobo 2026 : Pr Eug\u00e9nie Ma\u00efga mobilise les \u00e9tudiants de l\u2019UNZ pour une mission culturelle<\/a><\/p>\n<\/blockquote>\n<p>Il a \u00e9galement invit\u00e9 les populations \u00e0 r\u00e9server un accueil chaleureux aux visiteurs. <em><strong>\u00ab La SNC est une vitrine du Burkina Faso. Sa r\u00e9ussite t\u00e9moignera de la r\u00e9silience de notre peuple et de sa capacit\u00e9 \u00e0 affirmer son unit\u00e9 par la culture \u00bb,<\/strong><\/em> a-t-il conclu, assurant que le comit\u00e9 reste mobilis\u00e9 et vigilant jusqu\u2019\u00e0 l\u2019ouverture officielle de l\u2019\u00e9v\u00e9nement.<\/p>\n<p><strong>Latribunedufaso.net<\/strong><\/p>\n<p><strong>Source : DCRP\/SNC<\/strong><\/p>\n","protected":false},"excerpt":{"rendered":"<p>\u00c0 quatre jours du lancement officiel de la 22\u1d49 \u00e9dition de la Semaine nationale de la Culture (SNC), le Comit\u00e9 national d\u2019organisation (CNO) a anim\u00e9 ce mardi 21 avril 2026, \u00e0 Bobo-Dioulasso un point de presse sur la 22e \u00e9dition de cette biennale de la culture. Face aux hommes et femmes de m\u00e9dias, B\u00e9tamou fid\u00e8le Aymar Tamini a indiqu\u00e9 que depuis l\u2019installation du comit\u00e9, le 20 f\u00e9vrier 2026, les diff\u00e9rentes commissions sont \u00e0 pied d\u2019\u0153uvre et travaillent d\u2019arrache-pied pour assurer la r\u00e9ussite de cette biennale culturelle.<\/p>\n","protected":false},"author":5,"featured_media":28925,"comment_status":"open","ping_status":"open","sticky":false,"template":"","format":"standard","meta":{"footnotes":""},"categories":[13,1,30],"tags":[39,1600],"class_list":["post-28920","post","type-post","status-publish","format-standard","has-post-thumbnail","hentry","category-une","category-actu","category-art-et-culture","tag-latribunedufaso-net","tag-semaine-nationale-de-la-culture-snc"],"yoast_head":"<!-- This site is optimized with the Yoast SEO plugin v27.5 - https:\/\/yoast.com\/product\/yoast-seo-wordpress\/ -->\n<title>SNC 2026 \u00e0 Bobo-Dioulasso : Plus de 750 000 festivaliers et 1 700 artistes attendus - La Tribune du Faso<\/title>\n<meta name=\"robots\" content=\"index, follow, max-snippet:-1, max-image-preview:large, max-video-preview:-1\" \/>\n<link rel=\"canonical\" href=\"https:\/\/www.latribunedufaso.net\/?p=28920\" \/>\n<meta property=\"og:locale\" content=\"fr_FR\" \/>\n<meta property=\"og:type\" content=\"article\" \/>\n<meta property=\"og:title\" content=\"SNC 2026 \u00e0 Bobo-Dioulasso : Plus de 750 000 festivaliers et 1 700 artistes attendus - La Tribune du Faso\" \/>\n<meta property=\"og:description\" content=\"\u00c0 quatre jours du lancement officiel de la 22\u1d49 \u00e9dition de la Semaine nationale de la Culture (SNC), le Comit\u00e9 national d\u2019organisation (CNO) a anim\u00e9 ce mardi 21 avril 2026, \u00e0 Bobo-Dioulasso un point de presse sur la 22e \u00e9dition de cette biennale de la culture. Face aux hommes et femmes de m\u00e9dias, B\u00e9tamou fid\u00e8le Aymar Tamini a indiqu\u00e9 que depuis l\u2019installation du comit\u00e9, le 20 f\u00e9vrier 2026, les diff\u00e9rentes commissions sont \u00e0 pied d\u2019\u0153uvre et travaillent d\u2019arrache-pied pour assurer la r\u00e9ussite de cette biennale culturelle.\" \/>\n<meta property=\"og:url\" content=\"https:\/\/www.latribunedufaso.net\/?p=28920\" \/>\n<meta property=\"og:site_name\" content=\"La Tribune du Faso\" \/>\n<meta property=\"article:publisher\" content=\"https:\/\/www.facebook.com\/LatribuneduFaso\/\" \/>\n<meta property=\"article:published_time\" content=\"2026-04-23T22:07:16+00:00\" \/>\n<meta property=\"og:image\" content=\"https:\/\/www.latribunedufaso.net\/wp-content\/uploads\/2026\/04\/FB_IMG_1776981454465.jpg\" \/>\n\t<meta property=\"og:image:width\" content=\"1147\" \/>\n\t<meta property=\"og:image:height\" content=\"900\" \/>\n\t<meta property=\"og:image:type\" content=\"image\/jpeg\" \/>\n<meta name=\"author\" content=\"Issouf Tapsoba\" \/>\n<meta name=\"twitter:label1\" content=\"\u00c9crit par\" \/>\n\t<meta name=\"twitter:data1\" content=\"Issouf Tapsoba\" \/>\n\t<meta name=\"twitter:label2\" content=\"Dur\u00e9e de lecture estim\u00e9e\" \/>\n\t<meta name=\"twitter:data2\" content=\"3 minutes\" \/>\n<script type=\"application\/ld+json\" class=\"yoast-schema-graph\">{\"@context\":\"https:\\\/\\\/schema.org\",\"@graph\":[{\"@type\":\"Article\",\"@id\":\"https:\\\/\\\/www.latribunedufaso.net\\\/?p=28920#article\",\"isPartOf\":{\"@id\":\"https:\\\/\\\/www.latribunedufaso.net\\\/?p=28920\"},\"author\":{\"name\":\"Issouf Tapsoba\",\"@id\":\"https:\\\/\\\/www.latribunedufaso.net\\\/#\\\/schema\\\/person\\\/e54e64c5778a7e72cf80a318b7a622b0\"},\"headline\":\"SNC 2026 \u00e0 Bobo-Dioulasso : Plus de 750 000 festivaliers et 1 700 artistes attendus\",\"datePublished\":\"2026-04-23T22:07:16+00:00\",\"mainEntityOfPage\":{\"@id\":\"https:\\\/\\\/www.latribunedufaso.net\\\/?p=28920\"},\"wordCount\":392,\"commentCount\":0,\"publisher\":{\"@id\":\"https:\\\/\\\/www.latribunedufaso.net\\\/#organization\"},\"image\":{\"@id\":\"https:\\\/\\\/www.latribunedufaso.net\\\/?p=28920#primaryimage\"},\"thumbnailUrl\":\"https:\\\/\\\/www.latribunedufaso.net\\\/wp-content\\\/uploads\\\/2026\\\/04\\\/FB_IMG_1776981454465.jpg\",\"keywords\":[\"latribunedufaso.net\",\"Semaine nationale de la culture (SNC)\"],\"articleSection\":[\"A la une\",\"Actualit\u00e9\",\"Art et Culture\"],\"inLanguage\":\"fr-FR\",\"potentialAction\":[{\"@type\":\"CommentAction\",\"name\":\"Comment\",\"target\":[\"https:\\\/\\\/www.latribunedufaso.net\\\/?p=28920#respond\"]}]},{\"@type\":\"WebPage\",\"@id\":\"https:\\\/\\\/www.latribunedufaso.net\\\/?p=28920\",\"url\":\"https:\\\/\\\/www.latribunedufaso.net\\\/?p=28920\",\"name\":\"SNC 2026 \u00e0 Bobo-Dioulasso : Plus de 750 000 festivaliers et 1 700 artistes attendus - La Tribune du Faso\",\"isPartOf\":{\"@id\":\"https:\\\/\\\/www.latribunedufaso.net\\\/#website\"},\"primaryImageOfPage\":{\"@id\":\"https:\\\/\\\/www.latribunedufaso.net\\\/?p=28920#primaryimage\"},\"image\":{\"@id\":\"https:\\\/\\\/www.latribunedufaso.net\\\/?p=28920#primaryimage\"},\"thumbnailUrl\":\"https:\\\/\\\/www.latribunedufaso.net\\\/wp-content\\\/uploads\\\/2026\\\/04\\\/FB_IMG_1776981454465.jpg\",\"datePublished\":\"2026-04-23T22:07:16+00:00\",\"breadcrumb\":{\"@id\":\"https:\\\/\\\/www.latribunedufaso.net\\\/?p=28920#breadcrumb\"},\"inLanguage\":\"fr-FR\",\"potentialAction\":[{\"@type\":\"ReadAction\",\"target\":[\"https:\\\/\\\/www.latribunedufaso.net\\\/?p=28920\"]}]},{\"@type\":\"ImageObject\",\"inLanguage\":\"fr-FR\",\"@id\":\"https:\\\/\\\/www.latribunedufaso.net\\\/?p=28920#primaryimage\",\"url\":\"https:\\\/\\\/www.latribunedufaso.net\\\/wp-content\\\/uploads\\\/2026\\\/04\\\/FB_IMG_1776981454465.jpg\",\"contentUrl\":\"https:\\\/\\\/www.latribunedufaso.net\\\/wp-content\\\/uploads\\\/2026\\\/04\\\/FB_IMG_1776981454465.jpg\",\"width\":1147,\"height\":900,\"caption\":\"Conf\u00e9rence de presse, point des pr\u00e9paratifs de la SNC, 22 avril 2026\"},{\"@type\":\"BreadcrumbList\",\"@id\":\"https:\\\/\\\/www.latribunedufaso.net\\\/?p=28920#breadcrumb\",\"itemListElement\":[{\"@type\":\"ListItem\",\"position\":1,\"name\":\"Accueil\",\"item\":\"https:\\\/\\\/www.latribunedufaso.net\\\/\"},{\"@type\":\"ListItem\",\"position\":2,\"name\":\"SNC 2026 \u00e0 Bobo-Dioulasso : Plus de 750 000 festivaliers et 1 700 artistes attendus\"}]},{\"@type\":\"WebSite\",\"@id\":\"https:\\\/\\\/www.latribunedufaso.net\\\/#website\",\"url\":\"https:\\\/\\\/www.latribunedufaso.net\\\/\",\"name\":\"La Tribune du Faso\",\"description\":\"L&#039;information du monde rural en un clic\",\"publisher\":{\"@id\":\"https:\\\/\\\/www.latribunedufaso.net\\\/#organization\"},\"potentialAction\":[{\"@type\":\"SearchAction\",\"target\":{\"@type\":\"EntryPoint\",\"urlTemplate\":\"https:\\\/\\\/www.latribunedufaso.net\\\/?s={search_term_string}\"},\"query-input\":{\"@type\":\"PropertyValueSpecification\",\"valueRequired\":true,\"valueName\":\"search_term_string\"}}],\"inLanguage\":\"fr-FR\"},{\"@type\":\"Organization\",\"@id\":\"https:\\\/\\\/www.latribunedufaso.net\\\/#organization\",\"name\":\"La Tribune du Faso\",\"url\":\"https:\\\/\\\/www.latribunedufaso.net\\\/\",\"logo\":{\"@type\":\"ImageObject\",\"inLanguage\":\"fr-FR\",\"@id\":\"https:\\\/\\\/www.latribunedufaso.net\\\/#\\\/schema\\\/logo\\\/image\\\/\",\"url\":\"https:\\\/\\\/www.latribunedufaso.net\\\/wp-content\\\/uploads\\\/2020\\\/08\\\/Logo-Tribune-du-Faso-final-scaled.jpg\",\"contentUrl\":\"https:\\\/\\\/www.latribunedufaso.net\\\/wp-content\\\/uploads\\\/2020\\\/08\\\/Logo-Tribune-du-Faso-final-scaled.jpg\",\"width\":2560,\"height\":1856,\"caption\":\"La Tribune du Faso\"},\"image\":{\"@id\":\"https:\\\/\\\/www.latribunedufaso.net\\\/#\\\/schema\\\/logo\\\/image\\\/\"},\"sameAs\":[\"https:\\\/\\\/www.facebook.com\\\/LatribuneduFaso\\\/\"]},{\"@type\":\"Person\",\"@id\":\"https:\\\/\\\/www.latribunedufaso.net\\\/#\\\/schema\\\/person\\\/e54e64c5778a7e72cf80a318b7a622b0\",\"name\":\"Issouf Tapsoba\",\"image\":{\"@type\":\"ImageObject\",\"inLanguage\":\"fr-FR\",\"@id\":\"https:\\\/\\\/secure.gravatar.com\\\/avatar\\\/5e6c05150ce3230247d167f5b94d678eb05936197436d69b7921e3a95c9107ac?s=96&d=mm&r=g\",\"url\":\"https:\\\/\\\/secure.gravatar.com\\\/avatar\\\/5e6c05150ce3230247d167f5b94d678eb05936197436d69b7921e3a95c9107ac?s=96&d=mm&r=g\",\"contentUrl\":\"https:\\\/\\\/secure.gravatar.com\\\/avatar\\\/5e6c05150ce3230247d167f5b94d678eb05936197436d69b7921e3a95c9107ac?s=96&d=mm&r=g\",\"caption\":\"Issouf Tapsoba\"},\"url\":\"https:\\\/\\\/www.latribunedufaso.net\\\/?author=5\"}]}<\/script>\n<!-- \/ Yoast SEO plugin. -->","yoast_head_json":{"title":"SNC 2026 \u00e0 Bobo-Dioulasso : Plus de 750 000 festivaliers et 1 700 artistes attendus - La Tribune du Faso","robots":{"index":"index","follow":"follow","max-snippet":"max-snippet:-1","max-image-preview":"max-image-preview:large","max-video-preview":"max-video-preview:-1"},"canonical":"https:\/\/www.latribunedufaso.net\/?p=28920","og_locale":"fr_FR","og_type":"article","og_title":"SNC 2026 \u00e0 Bobo-Dioulasso : Plus de 750 000 festivaliers et 1 700 artistes attendus - La Tribune du Faso","og_description":"\u00c0 quatre jours du lancement officiel de la 22\u1d49 \u00e9dition de la Semaine nationale de la Culture (SNC), le Comit\u00e9 national d\u2019organisation (CNO) a anim\u00e9 ce mardi 21 avril 2026, \u00e0 Bobo-Dioulasso un point de presse sur la 22e \u00e9dition de cette biennale de la culture. Face aux hommes et femmes de m\u00e9dias, B\u00e9tamou fid\u00e8le Aymar Tamini a indiqu\u00e9 que depuis l\u2019installation du comit\u00e9, le 20 f\u00e9vrier 2026, les diff\u00e9rentes commissions sont \u00e0 pied d\u2019\u0153uvre et travaillent d\u2019arrache-pied pour assurer la r\u00e9ussite de cette biennale culturelle.","og_url":"https:\/\/www.latribunedufaso.net\/?p=28920","og_site_name":"La Tribune du Faso","article_publisher":"https:\/\/www.facebook.com\/LatribuneduFaso\/","article_published_time":"2026-04-23T22:07:16+00:00","og_image":[{"width":1147,"height":900,"url":"https:\/\/www.latribunedufaso.net\/wp-content\/uploads\/2026\/04\/FB_IMG_1776981454465.jpg","type":"image\/jpeg"}],"author":"Issouf Tapsoba","twitter_misc":{"\u00c9crit par":"Issouf Tapsoba","Dur\u00e9e de lecture estim\u00e9e":"3 minutes"},"schema":{"@context":"https:\/\/schema.org","@graph":[{"@type":"Article","@id":"https:\/\/www.latribunedufaso.net\/?p=28920#article","isPartOf":{"@id":"https:\/\/www.latribunedufaso.net\/?p=28920"},"author":{"name":"Issouf Tapsoba","@id":"https:\/\/www.latribunedufaso.net\/#\/schema\/person\/e54e64c5778a7e72cf80a318b7a622b0"},"headline":"SNC 2026 \u00e0 Bobo-Dioulasso : Plus de 750 000 festivaliers et 1 700 artistes attendus","datePublished":"2026-04-23T22:07:16+00:00","mainEntityOfPage":{"@id":"https:\/\/www.latribunedufaso.net\/?p=28920"},"wordCount":392,"commentCount":0,"publisher":{"@id":"https:\/\/www.latribunedufaso.net\/#organization"},"image":{"@id":"https:\/\/www.latribunedufaso.net\/?p=28920#primaryimage"},"thumbnailUrl":"https:\/\/www.latribunedufaso.net\/wp-content\/uploads\/2026\/04\/FB_IMG_1776981454465.jpg","keywords":["latribunedufaso.net","Semaine nationale de la culture (SNC)"],"articleSection":["A la une","Actualit\u00e9","Art et Culture"],"inLanguage":"fr-FR","potentialAction":[{"@type":"CommentAction","name":"Comment","target":["https:\/\/www.latribunedufaso.net\/?p=28920#respond"]}]},{"@type":"WebPage","@id":"https:\/\/www.latribunedufaso.net\/?p=28920","url":"https:\/\/www.latribunedufaso.net\/?p=28920","name":"SNC 2026 \u00e0 Bobo-Dioulasso : Plus de 750 000 festivaliers et 1 700 artistes attendus - La Tribune du Faso","isPartOf":{"@id":"https:\/\/www.latribunedufaso.net\/#website"},"primaryImageOfPage":{"@id":"https:\/\/www.latribunedufaso.net\/?p=28920#primaryimage"},"image":{"@id":"https:\/\/www.latribunedufaso.net\/?p=28920#primaryimage"},"thumbnailUrl":"https:\/\/www.latribunedufaso.net\/wp-content\/uploads\/2026\/04\/FB_IMG_1776981454465.jpg","datePublished":"2026-04-23T22:07:16+00:00","breadcrumb":{"@id":"https:\/\/www.latribunedufaso.net\/?p=28920#breadcrumb"},"inLanguage":"fr-FR","potentialAction":[{"@type":"ReadAction","target":["https:\/\/www.latribunedufaso.net\/?p=28920"]}]},{"@type":"ImageObject","inLanguage":"fr-FR","@id":"https:\/\/www.latribunedufaso.net\/?p=28920#primaryimage","url":"https:\/\/www.latribunedufaso.net\/wp-content\/uploads\/2026\/04\/FB_IMG_1776981454465.jpg","contentUrl":"https:\/\/www.latribunedufaso.net\/wp-content\/uploads\/2026\/04\/FB_IMG_1776981454465.jpg","width":1147,"height":900,"caption":"Conf\u00e9rence de presse, point des pr\u00e9paratifs de la SNC, 22 avril 2026"},{"@type":"BreadcrumbList","@id":"https:\/\/www.latribunedufaso.net\/?p=28920#breadcrumb","itemListElement":[{"@type":"ListItem","position":1,"name":"Accueil","item":"https:\/\/www.latribunedufaso.net\/"},{"@type":"ListItem","position":2,"name":"SNC 2026 \u00e0 Bobo-Dioulasso : Plus de 750 000 festivaliers et 1 700 artistes attendus"}]},{"@type":"WebSite","@id":"https:\/\/www.latribunedufaso.net\/#website","url":"https:\/\/www.latribunedufaso.net\/","name":"La Tribune du Faso","description":"L&#039;information du monde rural en un clic","publisher":{"@id":"https:\/\/www.latribunedufaso.net\/#organization"},"potentialAction":[{"@type":"SearchAction","target":{"@type":"EntryPoint","urlTemplate":"https:\/\/www.latribunedufaso.net\/?s={search_term_string}"},"query-input":{"@type":"PropertyValueSpecification","valueRequired":true,"valueName":"search_term_string"}}],"inLanguage":"fr-FR"},{"@type":"Organization","@id":"https:\/\/www.latribunedufaso.net\/#organization","name":"La Tribune du Faso","url":"https:\/\/www.latribunedufaso.net\/","logo":{"@type":"ImageObject","inLanguage":"fr-FR","@id":"https:\/\/www.latribunedufaso.net\/#\/schema\/logo\/image\/","url":"https:\/\/www.latribunedufaso.net\/wp-content\/uploads\/2020\/08\/Logo-Tribune-du-Faso-final-scaled.jpg","contentUrl":"https:\/\/www.latribunedufaso.net\/wp-content\/uploads\/2020\/08\/Logo-Tribune-du-Faso-final-scaled.jpg","width":2560,"height":1856,"caption":"La Tribune du Faso"},"image":{"@id":"https:\/\/www.latribunedufaso.net\/#\/schema\/logo\/image\/"},"sameAs":["https:\/\/www.facebook.com\/LatribuneduFaso\/"]},{"@type":"Person","@id":"https:\/\/www.latribunedufaso.net\/#\/schema\/person\/e54e64c5778a7e72cf80a318b7a622b0","name":"Issouf Tapsoba","image":{"@type":"ImageObject","inLanguage":"fr-FR","@id":"https:\/\/secure.gravatar.com\/avatar\/5e6c05150ce3230247d167f5b94d678eb05936197436d69b7921e3a95c9107ac?s=96&d=mm&r=g","url":"https:\/\/secure.gravatar.com\/avatar\/5e6c05150ce3230247d167f5b94d678eb05936197436d69b7921e3a95c9107ac?s=96&d=mm&r=g","contentUrl":"https:\/\/secure.gravatar.com\/avatar\/5e6c05150ce3230247d167f5b94d678eb05936197436d69b7921e3a95c9107ac?s=96&d=mm&r=g","caption":"Issouf Tapsoba"},"url":"https:\/\/www.latribunedufaso.net\/?author=5"}]}},"_links":{"self":[{"href":"https:\/\/www.latribunedufaso.net\/index.php?rest_route=\/wp\/v2\/posts\/28920","targetHints":{"allow":["GET"]}}],"collection":[{"href":"https:\/\/www.latribunedufaso.net\/index.php?rest_route=\/wp\/v2\/posts"}],"about":[{"href":"https:\/\/www.latribunedufaso.net\/index.php?rest_route=\/wp\/v2\/types\/post"}],"author":[{"embeddable":true,"href":"https:\/\/www.latribunedufaso.net\/index.php?rest_route=\/wp\/v2\/users\/5"}],"replies":[{"embeddable":true,"href":"https:\/\/www.latribunedufaso.net\/index.php?rest_route=%2Fwp%2Fv2%2Fcomments&post=28920"}],"version-history":[{"count":5,"href":"https:\/\/www.latribunedufaso.net\/index.php?rest_route=\/wp\/v2\/posts\/28920\/revisions"}],"predecessor-version":[{"id":28928,"href":"https:\/\/www.latribunedufaso.net\/index.php?rest_route=\/wp\/v2\/posts\/28920\/revisions\/28928"}],"wp:featuredmedia":[{"embeddable":true,"href":"https:\/\/www.latribunedufaso.net\/index.php?rest_route=\/wp\/v2\/media\/28925"}],"wp:attachment":[{"href":"https:\/\/www.latribunedufaso.net\/index.php?rest_route=%2Fwp%2Fv2%2Fmedia&parent=28920"}],"wp:term":[{"taxonomy":"category","embeddable":true,"href":"https:\/\/www.latribunedufaso.net\/index.php?rest_route=%2Fwp%2Fv2%2Fcategories&post=28920"},{"taxonomy":"post_tag","embeddable":true,"href":"https:\/\/www.latribunedufaso.net\/index.php?rest_route=%2Fwp%2Fv2%2Ftags&post=28920"}],"curies":[{"name":"wp","href":"https:\/\/api.w.org\/{rel}","templated":true}]}}