{"id":2887,"date":"2021-03-25T15:49:14","date_gmt":"2021-03-25T15:49:14","guid":{"rendered":"https:\/\/www.latribunedufaso.net\/?p=2887"},"modified":"2021-03-26T09:36:12","modified_gmt":"2021-03-26T09:36:12","slug":"entrepreneuriat-les-eleves-du-cercle-a-lecole-de-parfait-ouattara-dg-de-x10-et-de-taxijet","status":"publish","type":"post","link":"https:\/\/www.latribunedufaso.net\/?p=2887","title":{"rendered":"Entrepreneuriat\u00a0: Les \u00e9l\u00e8ves du CERCLE \u00e0 l\u2019\u00e9cole de Parfait Ouattara, DG de X10 et de TaxiJet"},"content":{"rendered":"<p><strong><span style=\"font-size: 1.0625rem;\">Parfait Ouattara, Fondateur-Directeur g\u00e9n\u00e9ral de X10, TaxiJet, est un mod\u00e8le de r\u00e9ussite dans l\u2019entrepreneuriat. Invit\u00e9 pour s\u2019entretenir avec les \u00e9l\u00e8ves du Centre d\u2019\u00e9tudes et de r\u00e9flexion pour coll\u00e9giens, lyc\u00e9ens et \u00e9tudiants (CERCLE) de Ouagadougou, ce mercredi 24 mars 2021, autour du th\u00e8me : \u00ab L\u2019entrepreneuriat au Burkina Faso : opportunit\u00e9s et d\u00e9fis \u00bb, c\u2019est tout naturellement sur son v\u00e9cu et ses exp\u00e9riences qu\u2019il s\u2019est appuy\u00e9 pour aborder ledit th\u00e8me.<\/span><\/strong><br \/>\n<!--more--><\/p>\n<p><a href=\"https:\/\/latribunedufaso.net\/wp-content\/uploads\/2021\/03\/IMG-20210325-WA0001.jpg\"><img loading=\"lazy\" decoding=\"async\" class=\"size-medium wp-image-2889 aligncenter\" src=\"https:\/\/latribunedufaso.net\/wp-content\/uploads\/2021\/03\/IMG-20210325-WA0001-300x225.jpg\" alt=\"\" width=\"300\" height=\"225\" srcset=\"https:\/\/www.latribunedufaso.net\/wp-content\/uploads\/2021\/03\/IMG-20210325-WA0001-300x225.jpg 300w, https:\/\/www.latribunedufaso.net\/wp-content\/uploads\/2021\/03\/IMG-20210325-WA0001-1024x767.jpg 1024w, https:\/\/www.latribunedufaso.net\/wp-content\/uploads\/2021\/03\/IMG-20210325-WA0001-768x575.jpg 768w, https:\/\/www.latribunedufaso.net\/wp-content\/uploads\/2021\/03\/IMG-20210325-WA0001.jpg 1080w\" sizes=\"auto, (max-width: 300px) 100vw, 300px\" \/><\/a>Transformer les d\u00e9fis en opportunit\u00e9s, et comment dans un environnement comme celui du Burkina Faso on peut, depuis le coll\u00e8ge, \u00eatre \u00e0 m\u00eame de pouvoir contribuer au d\u00e9veloppement de la nation\u00a0? C\u2019est au sens de Parfait Ouattara, ce autour de quoi a tourn\u00e9 la conf\u00e9rence dont il a \u00e9t\u00e9 le principal conf\u00e9rencier. Le message qui a \u00e9t\u00e9 livr\u00e9, dit-il, est un message d\u2019espoir. \u00ab\u00a0C\u2019\u00e9tait de dire qu\u2019il faut oser, qu\u2019il faut garder espoir, qu\u2019il faut y croire, qu\u2019il faut \u00eatre organis\u00e9, qu\u2019il faut planifier les choses\u00a0; que c\u2019est par nous africains que passera le d\u00e9veloppement de l\u2019Afrique et \u00e7a passe par la formation, la discipline, etc.\u00a0\u00bb, a-t-il indiqu\u00e9. Pour lui, les d\u00e9fis pour toute personne d\u00e9sireuse d\u2019entreprendre, peu importe le pays dans lequel elle se trouve, c\u2019est d\u2019abord surmonter la peur de l\u2019\u00e9chec. Le second d\u00e9fi, c\u2019est se concentrer ce sur quoi on d\u00e9cide d\u2019apporter notre pierre \u00e0 l\u2019\u00e9difice et de ne pas se disperser. L\u2019autre d\u00e9fi, qui peut-\u00eatre un blocage, c\u2019est de penser que l\u2019argent est un blocage. \u00ab\u00a0D\u00e8s qu\u2019on commence \u00e0 penser que pour lancer un business il faut de l\u2019argent, on finit par ne rien lancer et on est bloqu\u00e9.\u00a0\u00bb, a-t-il fait comprendre.<\/p>\n<p><a href=\"https:\/\/latribunedufaso.net\/wp-content\/uploads\/2021\/03\/IMG-20210325-WA0006.jpg\"><img loading=\"lazy\" decoding=\"async\" class=\"size-medium wp-image-2891 aligncenter\" src=\"https:\/\/latribunedufaso.net\/wp-content\/uploads\/2021\/03\/IMG-20210325-WA0006-300x225.jpg\" alt=\"\" width=\"300\" height=\"225\" srcset=\"https:\/\/www.latribunedufaso.net\/wp-content\/uploads\/2021\/03\/IMG-20210325-WA0006-300x225.jpg 300w, https:\/\/www.latribunedufaso.net\/wp-content\/uploads\/2021\/03\/IMG-20210325-WA0006-768x576.jpg 768w, https:\/\/www.latribunedufaso.net\/wp-content\/uploads\/2021\/03\/IMG-20210325-WA0006.jpg 992w\" sizes=\"auto, (max-width: 300px) 100vw, 300px\" \/><\/a><\/p>\n<p>Fondateur-Directeur g\u00e9n\u00e9ral de X10, entreprise internationale \u00e9voluant dans le transport de personnes, Parfait Ouattara, d\u00e9sireux de conqu\u00e9rir le march\u00e9 burkinab\u00e9, dit attendre beaucoup de ce dernier. \u00ab\u00a0Il y a un vrai potentiel. Il y a une vraie opportunit\u00e9 pour r\u00e9duire le ch\u00f4mage. Sur un v\u00e9hicule qui circule, c\u2019est trois personnes qui sont sorties du ch\u00f4mage. On esp\u00e8re que notre participation au d\u00e9veloppement de ce pays va rehausser son image, r\u00e9duire consid\u00e9rablement le nombre de jeunes en qu\u00eate d\u2019emploi et motiver d\u2019autres jeunes \u00e0 cr\u00e9er de l\u2019emploi.\u00a0\u00bb, a-t-il laiss\u00e9 entendre avant de r\u00e9sumer la pr\u00e9sentation de son commerce en trois mots cl\u00e9s, \u00ab\u00a0X10, c\u2019est le taxi dans le confort, la s\u00e9curit\u00e9 et abordable sur toute l\u2019\u00e9tendue du territoire.\u00a0\u00bb, a-t-il cit\u00e9. Avec un smartphone le client en deux, trois touches commande le taxi le plus proche de son lieu, ce qui est un gain en temps.<\/p>\n<p><a href=\"https:\/\/latribunedufaso.net\/wp-content\/uploads\/2021\/03\/IMG-20210325-WA0000.jpg\"><img loading=\"lazy\" decoding=\"async\" class=\"size-medium wp-image-2888 aligncenter\" src=\"https:\/\/latribunedufaso.net\/wp-content\/uploads\/2021\/03\/IMG-20210325-WA0000-300x225.jpg\" alt=\"\" width=\"300\" height=\"225\" srcset=\"https:\/\/www.latribunedufaso.net\/wp-content\/uploads\/2021\/03\/IMG-20210325-WA0000-300x225.jpg 300w, https:\/\/www.latribunedufaso.net\/wp-content\/uploads\/2021\/03\/IMG-20210325-WA0000-1024x767.jpg 1024w, https:\/\/www.latribunedufaso.net\/wp-content\/uploads\/2021\/03\/IMG-20210325-WA0000-768x575.jpg 768w, https:\/\/www.latribunedufaso.net\/wp-content\/uploads\/2021\/03\/IMG-20210325-WA0000.jpg 1080w\" sizes=\"auto, (max-width: 300px) 100vw, 300px\" \/><\/a><\/p>\n<p>P\u00e8re Fran\u00e7ois Kabor\u00e9, Pr et maitre de conf\u00e9rence agr\u00e9g\u00e9 en \u00e9conomie, situe la tenue de cette conf\u00e9rence dans le cadre des conf\u00e9rences hebdomadaires que, eux, pr\u00eates j\u00e9suites, organisent au profit de leurs \u00e9l\u00e8ves du CERCLE. \u00ab Nous, les J\u00e9suites, nous assurons une formation int\u00e9grale pour nos \u00e9l\u00e8ves. Il ne s\u2019agit pas de leur donner la pr\u00e9paration n\u00e9cessaire pour r\u00e9ussir \u00e0 leurs examens, mais surtout les aider \u00e0 affronter la vie. \u00bb, a expliqu\u00e9 le P\u00e8re-directeur du CERCLE et promoteur de Kosyam jesuit university or science. L\u2019objectif principal recherch\u00e9 \u00e0 travers cette conf\u00e9rence, confie-t-il, est d\u2019agrandir et \u00e9largir la compr\u00e9hension de nos \u00e9l\u00e8ves par rapport aux opportunit\u00e9s de la vie. \u00ab C\u2019est tr\u00e8s important que nos \u00e9l\u00e8ves comprennent que nous les formons pour qu\u2019ils puissent tout simplement aller postuler pour des emplois, mais qu\u2019ils peuvent aussi \u00eatre des cr\u00e9ateurs d\u2019emplois pour eux-m\u00eames et les autres. \u00bb, a-t-il soulign\u00e9.<\/p>\n<p>A travers X10, Parfait du haut de ses 34 ans veut reproduire le r\u00eave qu&rsquo;il a pu concr\u00e9tiser avec son fr\u00e8re il y a quelques ann\u00e9es \u00e0 Abidjan avec Taxijet. A ce jour il dispose en C\u00f4te d&rsquo;Ivoire d&rsquo; un parc de 700 taxis. Il a plus d\u2019une centaine de personnes \u00e0 son si\u00e8ge (essentiellement des informaticiens d\u00e9veloppeurs), et au moins 3 personnes (chauffeur, technicien, etc) sur chaque taxi. Aussi, il a d\u00e9velopp\u00e9 une Acad\u00e9mie pour les chauffeurs des personnalit\u00e9s et des institutions \u00e0 Abidjan. X10 d\u00e9marre en d\u00e9but avril avec une flotte de 50 taxis \u00e0 Ouagadougou, en attendant l&rsquo;extension de l&rsquo;offre dans d&rsquo;autres villes du pays et dans la sous r\u00e9gion comme Libreville, Lom\u00e9.<\/p>\n<p><strong>Tambi Serge Pac\u00f4me Zongo<\/strong><br \/>\n<strong>Latribunedufaso.net<\/strong><\/p>\n","protected":false},"excerpt":{"rendered":"<p>Parfait Ouattara, Fondateur-Directeur g\u00e9n\u00e9ral de X10, TaxiJet, est un mod\u00e8le de r\u00e9ussite dans l\u2019entrepreneuriat. Invit\u00e9 pour s\u2019entretenir avec les \u00e9l\u00e8ves du Centre d\u2019\u00e9tudes et de r\u00e9flexion pour coll\u00e9giens, lyc\u00e9ens et \u00e9tudiants (CERCLE) de Ouagadougou, ce mercredi 24 mars 2021, autour du th\u00e8me : \u00ab L\u2019entrepreneuriat au Burkina Faso : opportunit\u00e9s et d\u00e9fis \u00bb, c\u2019est tout naturellement sur son v\u00e9cu et ses exp\u00e9riences qu\u2019il s\u2019est appuy\u00e9 pour aborder ledit th\u00e8me.<\/p>\n","protected":false},"author":2,"featured_media":2890,"comment_status":"open","ping_status":"open","sticky":false,"template":"","format":"standard","meta":{"footnotes":""},"categories":[13,1,6,22],"tags":[],"class_list":["post-2887","post","type-post","status-publish","format-standard","has-post-thumbnail","hentry","category-une","category-actu","category-entrep","category-securite-routiere"],"yoast_head":"<!-- This site is optimized with the Yoast SEO plugin v27.4 - https:\/\/yoast.com\/product\/yoast-seo-wordpress\/ -->\n<title>Entrepreneuriat\u00a0: Les \u00e9l\u00e8ves du CERCLE \u00e0 l\u2019\u00e9cole de Parfait Ouattara, DG de X10 et de TaxiJet - La Tribune du Faso<\/title>\n<meta name=\"robots\" content=\"index, follow, max-snippet:-1, max-image-preview:large, max-video-preview:-1\" \/>\n<link rel=\"canonical\" href=\"https:\/\/www.latribunedufaso.net\/?p=2887\" \/>\n<meta property=\"og:locale\" content=\"fr_FR\" \/>\n<meta property=\"og:type\" content=\"article\" \/>\n<meta property=\"og:title\" content=\"Entrepreneuriat\u00a0: Les \u00e9l\u00e8ves du CERCLE \u00e0 l\u2019\u00e9cole de Parfait Ouattara, DG de X10 et de TaxiJet - La Tribune du Faso\" \/>\n<meta property=\"og:description\" content=\"Parfait Ouattara, Fondateur-Directeur g\u00e9n\u00e9ral de X10, TaxiJet, est un mod\u00e8le de r\u00e9ussite dans l\u2019entrepreneuriat. Invit\u00e9 pour s\u2019entretenir avec les \u00e9l\u00e8ves du Centre d\u2019\u00e9tudes et de r\u00e9flexion pour coll\u00e9giens, lyc\u00e9ens et \u00e9tudiants (CERCLE) de Ouagadougou, ce mercredi 24 mars 2021, autour du th\u00e8me : \u00ab L\u2019entrepreneuriat au Burkina Faso : opportunit\u00e9s et d\u00e9fis \u00bb, c\u2019est tout naturellement sur son v\u00e9cu et ses exp\u00e9riences qu\u2019il s\u2019est appuy\u00e9 pour aborder ledit th\u00e8me.\" \/>\n<meta property=\"og:url\" content=\"https:\/\/www.latribunedufaso.net\/?p=2887\" \/>\n<meta property=\"og:site_name\" content=\"La Tribune du Faso\" \/>\n<meta property=\"article:publisher\" content=\"https:\/\/www.facebook.com\/LatribuneduFaso\/\" \/>\n<meta property=\"article:published_time\" content=\"2021-03-25T15:49:14+00:00\" \/>\n<meta property=\"article:modified_time\" content=\"2021-03-26T09:36:12+00:00\" \/>\n<meta property=\"og:image\" content=\"https:\/\/latribunedufaso.net\/wp-content\/uploads\/2021\/03\/IMG-20210325-WA0007.jpg\" \/>\n\t<meta property=\"og:image:width\" content=\"992\" \/>\n\t<meta property=\"og:image:height\" content=\"744\" \/>\n\t<meta property=\"og:image:type\" content=\"image\/jpeg\" \/>\n<meta name=\"author\" content=\"Administrateur\" \/>\n<meta name=\"twitter:label1\" content=\"\u00c9crit par\" \/>\n\t<meta name=\"twitter:data1\" content=\"Administrateur\" \/>\n\t<meta name=\"twitter:label2\" content=\"Dur\u00e9e de lecture estim\u00e9e\" \/>\n\t<meta name=\"twitter:data2\" content=\"4 minutes\" \/>\n<script type=\"application\/ld+json\" class=\"yoast-schema-graph\">{\"@context\":\"https:\\\/\\\/schema.org\",\"@graph\":[{\"@type\":\"Article\",\"@id\":\"https:\\\/\\\/www.latribunedufaso.net\\\/?p=2887#article\",\"isPartOf\":{\"@id\":\"https:\\\/\\\/www.latribunedufaso.net\\\/?p=2887\"},\"author\":{\"name\":\"Administrateur\",\"@id\":\"https:\\\/\\\/www.latribunedufaso.net\\\/#\\\/schema\\\/person\\\/a380782d0605bb8aae27c40ea93b35b1\"},\"headline\":\"Entrepreneuriat\u00a0: Les \u00e9l\u00e8ves du CERCLE \u00e0 l\u2019\u00e9cole de Parfait Ouattara, DG de X10 et de TaxiJet\",\"datePublished\":\"2021-03-25T15:49:14+00:00\",\"dateModified\":\"2021-03-26T09:36:12+00:00\",\"mainEntityOfPage\":{\"@id\":\"https:\\\/\\\/www.latribunedufaso.net\\\/?p=2887\"},\"wordCount\":803,\"commentCount\":0,\"publisher\":{\"@id\":\"https:\\\/\\\/www.latribunedufaso.net\\\/#organization\"},\"image\":{\"@id\":\"https:\\\/\\\/www.latribunedufaso.net\\\/?p=2887#primaryimage\"},\"thumbnailUrl\":\"https:\\\/\\\/www.latribunedufaso.net\\\/wp-content\\\/uploads\\\/2021\\\/03\\\/IMG-20210325-WA0007.jpg\",\"articleSection\":[\"A la une\",\"Actualit\u00e9\",\"Entreprenariat\",\"S\u00e9curit\u00e9 routi\u00e8re\"],\"inLanguage\":\"fr-FR\",\"potentialAction\":[{\"@type\":\"CommentAction\",\"name\":\"Comment\",\"target\":[\"https:\\\/\\\/www.latribunedufaso.net\\\/?p=2887#respond\"]}]},{\"@type\":\"WebPage\",\"@id\":\"https:\\\/\\\/www.latribunedufaso.net\\\/?p=2887\",\"url\":\"https:\\\/\\\/www.latribunedufaso.net\\\/?p=2887\",\"name\":\"Entrepreneuriat\u00a0: Les \u00e9l\u00e8ves du CERCLE \u00e0 l\u2019\u00e9cole de Parfait Ouattara, DG de X10 et de TaxiJet - La Tribune du Faso\",\"isPartOf\":{\"@id\":\"https:\\\/\\\/www.latribunedufaso.net\\\/#website\"},\"primaryImageOfPage\":{\"@id\":\"https:\\\/\\\/www.latribunedufaso.net\\\/?p=2887#primaryimage\"},\"image\":{\"@id\":\"https:\\\/\\\/www.latribunedufaso.net\\\/?p=2887#primaryimage\"},\"thumbnailUrl\":\"https:\\\/\\\/www.latribunedufaso.net\\\/wp-content\\\/uploads\\\/2021\\\/03\\\/IMG-20210325-WA0007.jpg\",\"datePublished\":\"2021-03-25T15:49:14+00:00\",\"dateModified\":\"2021-03-26T09:36:12+00:00\",\"breadcrumb\":{\"@id\":\"https:\\\/\\\/www.latribunedufaso.net\\\/?p=2887#breadcrumb\"},\"inLanguage\":\"fr-FR\",\"potentialAction\":[{\"@type\":\"ReadAction\",\"target\":[\"https:\\\/\\\/www.latribunedufaso.net\\\/?p=2887\"]}]},{\"@type\":\"ImageObject\",\"inLanguage\":\"fr-FR\",\"@id\":\"https:\\\/\\\/www.latribunedufaso.net\\\/?p=2887#primaryimage\",\"url\":\"https:\\\/\\\/www.latribunedufaso.net\\\/wp-content\\\/uploads\\\/2021\\\/03\\\/IMG-20210325-WA0007.jpg\",\"contentUrl\":\"https:\\\/\\\/www.latribunedufaso.net\\\/wp-content\\\/uploads\\\/2021\\\/03\\\/IMG-20210325-WA0007.jpg\",\"width\":992,\"height\":744},{\"@type\":\"BreadcrumbList\",\"@id\":\"https:\\\/\\\/www.latribunedufaso.net\\\/?p=2887#breadcrumb\",\"itemListElement\":[{\"@type\":\"ListItem\",\"position\":1,\"name\":\"Accueil\",\"item\":\"https:\\\/\\\/www.latribunedufaso.net\\\/\"},{\"@type\":\"ListItem\",\"position\":2,\"name\":\"Entrepreneuriat\u00a0: Les \u00e9l\u00e8ves du CERCLE \u00e0 l\u2019\u00e9cole de Parfait Ouattara, DG de X10 et de TaxiJet\"}]},{\"@type\":\"WebSite\",\"@id\":\"https:\\\/\\\/www.latribunedufaso.net\\\/#website\",\"url\":\"https:\\\/\\\/www.latribunedufaso.net\\\/\",\"name\":\"La Tribune du Faso\",\"description\":\"L&#039;information du monde rural en un clic\",\"publisher\":{\"@id\":\"https:\\\/\\\/www.latribunedufaso.net\\\/#organization\"},\"potentialAction\":[{\"@type\":\"SearchAction\",\"target\":{\"@type\":\"EntryPoint\",\"urlTemplate\":\"https:\\\/\\\/www.latribunedufaso.net\\\/?s={search_term_string}\"},\"query-input\":{\"@type\":\"PropertyValueSpecification\",\"valueRequired\":true,\"valueName\":\"search_term_string\"}}],\"inLanguage\":\"fr-FR\"},{\"@type\":\"Organization\",\"@id\":\"https:\\\/\\\/www.latribunedufaso.net\\\/#organization\",\"name\":\"La Tribune du Faso\",\"url\":\"https:\\\/\\\/www.latribunedufaso.net\\\/\",\"logo\":{\"@type\":\"ImageObject\",\"inLanguage\":\"fr-FR\",\"@id\":\"https:\\\/\\\/www.latribunedufaso.net\\\/#\\\/schema\\\/logo\\\/image\\\/\",\"url\":\"https:\\\/\\\/www.latribunedufaso.net\\\/wp-content\\\/uploads\\\/2020\\\/08\\\/Logo-Tribune-du-Faso-final-scaled.jpg\",\"contentUrl\":\"https:\\\/\\\/www.latribunedufaso.net\\\/wp-content\\\/uploads\\\/2020\\\/08\\\/Logo-Tribune-du-Faso-final-scaled.jpg\",\"width\":2560,\"height\":1856,\"caption\":\"La Tribune du Faso\"},\"image\":{\"@id\":\"https:\\\/\\\/www.latribunedufaso.net\\\/#\\\/schema\\\/logo\\\/image\\\/\"},\"sameAs\":[\"https:\\\/\\\/www.facebook.com\\\/LatribuneduFaso\\\/\"]},{\"@type\":\"Person\",\"@id\":\"https:\\\/\\\/www.latribunedufaso.net\\\/#\\\/schema\\\/person\\\/a380782d0605bb8aae27c40ea93b35b1\",\"name\":\"Administrateur\",\"image\":{\"@type\":\"ImageObject\",\"inLanguage\":\"fr-FR\",\"@id\":\"https:\\\/\\\/secure.gravatar.com\\\/avatar\\\/e20266f97d741f0e80ba1f60283074a9b3317fd7bfb727e0d95b51dafbf854a1?s=96&d=mm&r=g\",\"url\":\"https:\\\/\\\/secure.gravatar.com\\\/avatar\\\/e20266f97d741f0e80ba1f60283074a9b3317fd7bfb727e0d95b51dafbf854a1?s=96&d=mm&r=g\",\"contentUrl\":\"https:\\\/\\\/secure.gravatar.com\\\/avatar\\\/e20266f97d741f0e80ba1f60283074a9b3317fd7bfb727e0d95b51dafbf854a1?s=96&d=mm&r=g\",\"caption\":\"Administrateur\"},\"url\":\"https:\\\/\\\/www.latribunedufaso.net\\\/?author=2\"}]}<\/script>\n<!-- \/ Yoast SEO plugin. -->","yoast_head_json":{"title":"Entrepreneuriat\u00a0: Les \u00e9l\u00e8ves du CERCLE \u00e0 l\u2019\u00e9cole de Parfait Ouattara, DG de X10 et de TaxiJet - La Tribune du Faso","robots":{"index":"index","follow":"follow","max-snippet":"max-snippet:-1","max-image-preview":"max-image-preview:large","max-video-preview":"max-video-preview:-1"},"canonical":"https:\/\/www.latribunedufaso.net\/?p=2887","og_locale":"fr_FR","og_type":"article","og_title":"Entrepreneuriat\u00a0: Les \u00e9l\u00e8ves du CERCLE \u00e0 l\u2019\u00e9cole de Parfait Ouattara, DG de X10 et de TaxiJet - La Tribune du Faso","og_description":"Parfait Ouattara, Fondateur-Directeur g\u00e9n\u00e9ral de X10, TaxiJet, est un mod\u00e8le de r\u00e9ussite dans l\u2019entrepreneuriat. Invit\u00e9 pour s\u2019entretenir avec les \u00e9l\u00e8ves du Centre d\u2019\u00e9tudes et de r\u00e9flexion pour coll\u00e9giens, lyc\u00e9ens et \u00e9tudiants (CERCLE) de Ouagadougou, ce mercredi 24 mars 2021, autour du th\u00e8me : \u00ab L\u2019entrepreneuriat au Burkina Faso : opportunit\u00e9s et d\u00e9fis \u00bb, c\u2019est tout naturellement sur son v\u00e9cu et ses exp\u00e9riences qu\u2019il s\u2019est appuy\u00e9 pour aborder ledit th\u00e8me.","og_url":"https:\/\/www.latribunedufaso.net\/?p=2887","og_site_name":"La Tribune du Faso","article_publisher":"https:\/\/www.facebook.com\/LatribuneduFaso\/","article_published_time":"2021-03-25T15:49:14+00:00","article_modified_time":"2021-03-26T09:36:12+00:00","og_image":[{"width":992,"height":744,"url":"https:\/\/latribunedufaso.net\/wp-content\/uploads\/2021\/03\/IMG-20210325-WA0007.jpg","type":"image\/jpeg"}],"author":"Administrateur","twitter_misc":{"\u00c9crit par":"Administrateur","Dur\u00e9e de lecture estim\u00e9e":"4 minutes"},"schema":{"@context":"https:\/\/schema.org","@graph":[{"@type":"Article","@id":"https:\/\/www.latribunedufaso.net\/?p=2887#article","isPartOf":{"@id":"https:\/\/www.latribunedufaso.net\/?p=2887"},"author":{"name":"Administrateur","@id":"https:\/\/www.latribunedufaso.net\/#\/schema\/person\/a380782d0605bb8aae27c40ea93b35b1"},"headline":"Entrepreneuriat\u00a0: Les \u00e9l\u00e8ves du CERCLE \u00e0 l\u2019\u00e9cole de Parfait Ouattara, DG de X10 et de TaxiJet","datePublished":"2021-03-25T15:49:14+00:00","dateModified":"2021-03-26T09:36:12+00:00","mainEntityOfPage":{"@id":"https:\/\/www.latribunedufaso.net\/?p=2887"},"wordCount":803,"commentCount":0,"publisher":{"@id":"https:\/\/www.latribunedufaso.net\/#organization"},"image":{"@id":"https:\/\/www.latribunedufaso.net\/?p=2887#primaryimage"},"thumbnailUrl":"https:\/\/www.latribunedufaso.net\/wp-content\/uploads\/2021\/03\/IMG-20210325-WA0007.jpg","articleSection":["A la une","Actualit\u00e9","Entreprenariat","S\u00e9curit\u00e9 routi\u00e8re"],"inLanguage":"fr-FR","potentialAction":[{"@type":"CommentAction","name":"Comment","target":["https:\/\/www.latribunedufaso.net\/?p=2887#respond"]}]},{"@type":"WebPage","@id":"https:\/\/www.latribunedufaso.net\/?p=2887","url":"https:\/\/www.latribunedufaso.net\/?p=2887","name":"Entrepreneuriat\u00a0: Les \u00e9l\u00e8ves du CERCLE \u00e0 l\u2019\u00e9cole de Parfait Ouattara, DG de X10 et de TaxiJet - La Tribune du Faso","isPartOf":{"@id":"https:\/\/www.latribunedufaso.net\/#website"},"primaryImageOfPage":{"@id":"https:\/\/www.latribunedufaso.net\/?p=2887#primaryimage"},"image":{"@id":"https:\/\/www.latribunedufaso.net\/?p=2887#primaryimage"},"thumbnailUrl":"https:\/\/www.latribunedufaso.net\/wp-content\/uploads\/2021\/03\/IMG-20210325-WA0007.jpg","datePublished":"2021-03-25T15:49:14+00:00","dateModified":"2021-03-26T09:36:12+00:00","breadcrumb":{"@id":"https:\/\/www.latribunedufaso.net\/?p=2887#breadcrumb"},"inLanguage":"fr-FR","potentialAction":[{"@type":"ReadAction","target":["https:\/\/www.latribunedufaso.net\/?p=2887"]}]},{"@type":"ImageObject","inLanguage":"fr-FR","@id":"https:\/\/www.latribunedufaso.net\/?p=2887#primaryimage","url":"https:\/\/www.latribunedufaso.net\/wp-content\/uploads\/2021\/03\/IMG-20210325-WA0007.jpg","contentUrl":"https:\/\/www.latribunedufaso.net\/wp-content\/uploads\/2021\/03\/IMG-20210325-WA0007.jpg","width":992,"height":744},{"@type":"BreadcrumbList","@id":"https:\/\/www.latribunedufaso.net\/?p=2887#breadcrumb","itemListElement":[{"@type":"ListItem","position":1,"name":"Accueil","item":"https:\/\/www.latribunedufaso.net\/"},{"@type":"ListItem","position":2,"name":"Entrepreneuriat\u00a0: Les \u00e9l\u00e8ves du CERCLE \u00e0 l\u2019\u00e9cole de Parfait Ouattara, DG de X10 et de TaxiJet"}]},{"@type":"WebSite","@id":"https:\/\/www.latribunedufaso.net\/#website","url":"https:\/\/www.latribunedufaso.net\/","name":"La Tribune du Faso","description":"L&#039;information du monde rural en un clic","publisher":{"@id":"https:\/\/www.latribunedufaso.net\/#organization"},"potentialAction":[{"@type":"SearchAction","target":{"@type":"EntryPoint","urlTemplate":"https:\/\/www.latribunedufaso.net\/?s={search_term_string}"},"query-input":{"@type":"PropertyValueSpecification","valueRequired":true,"valueName":"search_term_string"}}],"inLanguage":"fr-FR"},{"@type":"Organization","@id":"https:\/\/www.latribunedufaso.net\/#organization","name":"La Tribune du Faso","url":"https:\/\/www.latribunedufaso.net\/","logo":{"@type":"ImageObject","inLanguage":"fr-FR","@id":"https:\/\/www.latribunedufaso.net\/#\/schema\/logo\/image\/","url":"https:\/\/www.latribunedufaso.net\/wp-content\/uploads\/2020\/08\/Logo-Tribune-du-Faso-final-scaled.jpg","contentUrl":"https:\/\/www.latribunedufaso.net\/wp-content\/uploads\/2020\/08\/Logo-Tribune-du-Faso-final-scaled.jpg","width":2560,"height":1856,"caption":"La Tribune du Faso"},"image":{"@id":"https:\/\/www.latribunedufaso.net\/#\/schema\/logo\/image\/"},"sameAs":["https:\/\/www.facebook.com\/LatribuneduFaso\/"]},{"@type":"Person","@id":"https:\/\/www.latribunedufaso.net\/#\/schema\/person\/a380782d0605bb8aae27c40ea93b35b1","name":"Administrateur","image":{"@type":"ImageObject","inLanguage":"fr-FR","@id":"https:\/\/secure.gravatar.com\/avatar\/e20266f97d741f0e80ba1f60283074a9b3317fd7bfb727e0d95b51dafbf854a1?s=96&d=mm&r=g","url":"https:\/\/secure.gravatar.com\/avatar\/e20266f97d741f0e80ba1f60283074a9b3317fd7bfb727e0d95b51dafbf854a1?s=96&d=mm&r=g","contentUrl":"https:\/\/secure.gravatar.com\/avatar\/e20266f97d741f0e80ba1f60283074a9b3317fd7bfb727e0d95b51dafbf854a1?s=96&d=mm&r=g","caption":"Administrateur"},"url":"https:\/\/www.latribunedufaso.net\/?author=2"}]}},"_links":{"self":[{"href":"https:\/\/www.latribunedufaso.net\/index.php?rest_route=\/wp\/v2\/posts\/2887","targetHints":{"allow":["GET"]}}],"collection":[{"href":"https:\/\/www.latribunedufaso.net\/index.php?rest_route=\/wp\/v2\/posts"}],"about":[{"href":"https:\/\/www.latribunedufaso.net\/index.php?rest_route=\/wp\/v2\/types\/post"}],"author":[{"embeddable":true,"href":"https:\/\/www.latribunedufaso.net\/index.php?rest_route=\/wp\/v2\/users\/2"}],"replies":[{"embeddable":true,"href":"https:\/\/www.latribunedufaso.net\/index.php?rest_route=%2Fwp%2Fv2%2Fcomments&post=2887"}],"version-history":[{"count":4,"href":"https:\/\/www.latribunedufaso.net\/index.php?rest_route=\/wp\/v2\/posts\/2887\/revisions"}],"predecessor-version":[{"id":2906,"href":"https:\/\/www.latribunedufaso.net\/index.php?rest_route=\/wp\/v2\/posts\/2887\/revisions\/2906"}],"wp:featuredmedia":[{"embeddable":true,"href":"https:\/\/www.latribunedufaso.net\/index.php?rest_route=\/wp\/v2\/media\/2890"}],"wp:attachment":[{"href":"https:\/\/www.latribunedufaso.net\/index.php?rest_route=%2Fwp%2Fv2%2Fmedia&parent=2887"}],"wp:term":[{"taxonomy":"category","embeddable":true,"href":"https:\/\/www.latribunedufaso.net\/index.php?rest_route=%2Fwp%2Fv2%2Fcategories&post=2887"},{"taxonomy":"post_tag","embeddable":true,"href":"https:\/\/www.latribunedufaso.net\/index.php?rest_route=%2Fwp%2Fv2%2Ftags&post=2887"}],"curies":[{"name":"wp","href":"https:\/\/api.w.org\/{rel}","templated":true}]}}