{"id":28837,"date":"2026-04-20T16:00:33","date_gmt":"2026-04-20T16:00:33","guid":{"rendered":"https:\/\/www.latribunedufaso.net\/?p=28837"},"modified":"2026-04-20T16:00:33","modified_gmt":"2026-04-20T16:00:33","slug":"burkina-hadj-2026-la-reservation-des-sites-dhebergement-des-pelerins-a-la-mecque-et-a-medine-deja-bouclee-le-premier-vol-prevu-pour-le-6-mai","status":"publish","type":"post","link":"https:\/\/www.latribunedufaso.net\/?p=28837","title":{"rendered":"Burkina\/Hadj 2026: La r\u00e9servation des sites d&rsquo;h\u00e9bergement des p\u00e8lerins \u00e0 La Mecque et \u00e0 M\u00e9dine d\u00e9j\u00e0 boucl\u00e9e, le premier vol pr\u00e9vu pour le 6 mai"},"content":{"rendered":"<p><strong>Le comit\u00e9 national d&rsquo;organisation du p\u00e8lerinage \u00e0 la Mecque \u00e9tait face \u00e0 la presse, dans la matin\u00e9e de ce lundi 20 avril 2026 \u00e0 Ouagadougou. Lobjectif de cette rencontre avec les hommes de m\u00e9dias est de faire le point des pr\u00e9paratifs du hadj 2026 afin d&rsquo;informer les candidats au p\u00e8lerinage, les acteurs impliqu\u00e9s dans lorganisation ainsi que l&rsquo;opinion nationale, des actions d\u00e9j\u00e0 entreprises et celles restantes pour r\u00e9ussir cette \u00e9dition du p\u00e8lerinage \u00e0 La Mecque.<\/strong><!--more--><\/p>\n<p>Le hadj, cinqui\u00e8me pilier de l&rsquo;islam, est d\u00e9sormais organis\u00e9 par l&rsquo;\u00c9tat burkinab\u00e8 \u00e0 travers le comit\u00e9 national d&rsquo;organisation du p\u00e8lerinage \u00e0 La Mecque, pour plus de transparence et d&rsquo;\u00e9quit\u00e9 dans l&rsquo;organisation et aussi affirmer la souverainet\u00e9 du pays.<\/p>\n<p>Ainsi, afin de garantir une organisation fluide du hadj 2026, le gouvernement a mis en place une plateforme d&rsquo;inscription d\u00e9nomm\u00e9e <em><strong>\u00ab Hadj Burkina \u00bb<\/strong><\/em>. Deux sessions d&rsquo;inscription ont eu lieu sur cette plateforme et ont permis le recrutement de 7 584 p\u00e8lerins. \u00c0 cela s&rsquo;ajoute le stock des p\u00e8lerins inscrits au niveau des agences de voyage et de tourisme entre 2022 et 2025 et qui n&rsquo;ont pas pu se rendre \u00e0 la Mecque, le quota r\u00e9serv\u00e9 pour les besoins des autorit\u00e9s administratives et religieuses ainsi que le quota r\u00e9serv\u00e9 pour les encadreurs des p\u00e8lerins.<\/p>\n<figure id=\"attachment_28842\" aria-describedby=\"caption-attachment-28842\" style=\"width: 1024px\" class=\"wp-caption aligncenter\"><a href=\"https:\/\/www.latribunedufaso.net\/wp-content\/uploads\/2026\/04\/IMG-20260420-WA0062.jpg\"><img loading=\"lazy\" decoding=\"async\" class=\"size-full wp-image-28842\" src=\"https:\/\/www.latribunedufaso.net\/wp-content\/uploads\/2026\/04\/IMG-20260420-WA0062.jpg\" alt=\"Conf\u00e9rence de presse point sur l'organisation du Hadj 2026, 20 avril 2026\" width=\"1024\" height=\"768\" srcset=\"https:\/\/www.latribunedufaso.net\/wp-content\/uploads\/2026\/04\/IMG-20260420-WA0062.jpg 1024w, https:\/\/www.latribunedufaso.net\/wp-content\/uploads\/2026\/04\/IMG-20260420-WA0062-300x225.jpg 300w, https:\/\/www.latribunedufaso.net\/wp-content\/uploads\/2026\/04\/IMG-20260420-WA0062-768x576.jpg 768w\" sizes=\"auto, (max-width: 1024px) 100vw, 1024px\" \/><\/a><figcaption id=\"caption-attachment-28842\" class=\"wp-caption-text\">Les journalistes mobilis\u00e9s pour la circonstance &#8211; Ph. M. Zongo<\/figcaption><\/figure>\n<p>Au total, le quota r\u00e9serv\u00e9 par les autorit\u00e9s saoudiennes au Burkina Faso s&rsquo;\u00e9l\u00e8ve \u00e0 8 143 p\u00e8lerins. A l&rsquo;issue du processus d&rsquo;inscription et de l&rsquo;enr\u00f4lement de tous les p\u00e8lerins, le comit\u00e9 national d&rsquo;organisation assure avoir pris toutes les dispositions, conform\u00e9ment \u00e0 la r\u00e8glementation, pour la consolidation des quotas par agence de voyages et la constitution des groupes, selon les exigences du Royaume d&rsquo;Arabie Saoudite.<\/p>\n<p>Pour le pr\u00e9sident du comit\u00e9 national d&rsquo;organisation, Amadou Sidib\u00e9, en ce qui concerne les pr\u00e9paratifs, la r\u00e9servation des sites d&rsquo;h\u00e9bergement des p\u00e8lerins \u00e0 la Mecque et \u00e0 M\u00e9dine a \u00e9t\u00e9 \u00e9galement bien conduite et boucl\u00e9e \u00e0 la satisfaction de tous les acteurs.<\/p>\n<figure id=\"attachment_28841\" aria-describedby=\"caption-attachment-28841\" style=\"width: 1024px\" class=\"wp-caption aligncenter\"><a href=\"https:\/\/www.latribunedufaso.net\/wp-content\/uploads\/2026\/04\/IMG-20260420-WA0063.jpg\"><img loading=\"lazy\" decoding=\"async\" class=\"size-full wp-image-28841\" src=\"https:\/\/www.latribunedufaso.net\/wp-content\/uploads\/2026\/04\/IMG-20260420-WA0063.jpg\" alt=\"Conf\u00e9rence de presse point sur l'organisation du Hadj 2026, 20 avril 2026\" width=\"1024\" height=\"768\" srcset=\"https:\/\/www.latribunedufaso.net\/wp-content\/uploads\/2026\/04\/IMG-20260420-WA0063.jpg 1024w, https:\/\/www.latribunedufaso.net\/wp-content\/uploads\/2026\/04\/IMG-20260420-WA0063-300x225.jpg 300w, https:\/\/www.latribunedufaso.net\/wp-content\/uploads\/2026\/04\/IMG-20260420-WA0063-768x576.jpg 768w\" sizes=\"auto, (max-width: 1024px) 100vw, 1024px\" \/><\/a><figcaption id=\"caption-attachment-28841\" class=\"wp-caption-text\">Image 4: Vue des participants \u00e0 cette conf\u00e9rence de presse &#8211; Ph. M. Zongo<\/figcaption><\/figure>\n<p>Sur le plan sanitaire, le comit\u00e9 national d&rsquo;organisation dit travailler \u00e0 la consolidation des nombreux acquis enregistr\u00e9s au cours de ces derni\u00e8res \u00e9ditions. \u00ab C&rsquo;est ainsi que le minist\u00e8re de la Sant\u00e9 a fortement mobilis\u00e9 ses agents pour un accompagnement cons\u00e9quent de l&rsquo;organisation du Hadj.<\/p>\n<p>Aussi, le programme des visites m\u00e9dicales a \u00e9t\u00e9 largement partag\u00e9 avec les modalit\u00e9s pratiques d&rsquo;organisation en tenant compte des exigences de l&rsquo;Arabie Saoudite. Pour l&rsquo;\u00e9dition 2026 du Hadj, la d\u00e9tention du Certificat m\u00e9dical d&rsquo;aptitude fait partie des conditions obligatoires \u00e0 remplir pour participer au p\u00e8lerinage. <em><strong>\u00ab Le Comit\u00e9 national dorganisation, avec l&rsquo;accompagnement du minist\u00e8re de la Sant\u00e9, est en train de prendre toutes les dispositions n\u00e9cessaires pour un respect strict de cette exigence \u00bb, <\/strong><\/em>a d\u00e9clar\u00e9 Amadou Sidib\u00e9.<\/p>\n<figure id=\"attachment_28844\" aria-describedby=\"caption-attachment-28844\" style=\"width: 1024px\" class=\"wp-caption aligncenter\"><a href=\"https:\/\/www.latribunedufaso.net\/wp-content\/uploads\/2026\/04\/IMG-20260420-WA0060.jpg\"><img loading=\"lazy\" decoding=\"async\" class=\"size-full wp-image-28844\" src=\"https:\/\/www.latribunedufaso.net\/wp-content\/uploads\/2026\/04\/IMG-20260420-WA0060.jpg\" alt=\"Conf\u00e9rence de presse point sur l'organisation du Hadj 2026, 20 avril 2026\" width=\"1024\" height=\"768\" srcset=\"https:\/\/www.latribunedufaso.net\/wp-content\/uploads\/2026\/04\/IMG-20260420-WA0060.jpg 1024w, https:\/\/www.latribunedufaso.net\/wp-content\/uploads\/2026\/04\/IMG-20260420-WA0060-300x225.jpg 300w, https:\/\/www.latribunedufaso.net\/wp-content\/uploads\/2026\/04\/IMG-20260420-WA0060-768x576.jpg 768w\" sizes=\"auto, (max-width: 1024px) 100vw, 1024px\" \/><\/a><figcaption id=\"caption-attachment-28844\" class=\"wp-caption-text\">Amadou Sidib\u00e9, pr\u00e9sident du comit\u00e9 national d&rsquo;organisation du p\u00e8lerinage \u00e0 la Mecque &#8211; Ph. M. Zongo<\/figcaption><\/figure>\n<p>Selon le pr\u00e9sident du comit\u00e9 national d&rsquo;organisation, l&rsquo;autre innovation majeure concerne le paiement du prix du mouton. <em><strong>\u00ab Les autorit\u00e9s saoudiennes ont exig\u00e9 du comit\u00e9 national dorganisation du p\u00e8lerinage \u00e0 la Mecque, de pr\u00e9ciser le quota de p\u00e8lerins qui optent pour le sacrifice du mouton. Le paiement du prix du mouton pour ces p\u00e8lerins s&rsquo;est fait sur la plateforme saoudienne \u00bb,<\/strong><\/em> a pr\u00e9cis\u00e9 Amadou Sidib\u00e9.<\/p>\n<p>En ce qui concerne le transport a\u00e9rien, le gouvernement a renouvel\u00e9 sa confiance \u00e0 la compagnie nationale <em><strong>\u00ab Air Burkina \u00bb<\/strong><\/em> qui va poursuivre sa coop\u00e9ration avec <em><strong>\u00ab Ethiopan Airlines \u00bb<\/strong><\/em> pour cette \u00e9dition 2026 du Hadj. Le premier vol est pr\u00e9vu pour le 6 mai\u00a0 2026 \u00e0 Ouagadougou et le 7 mai \u00e0 Bobo-Dioulasso. Le dernier vol pour la Mecque est pr\u00e9vu pour le 18 mai \u00e0 Ouagadougou et le 14 mai \u00e0 Bobo-Dioulasso.<\/p>\n<blockquote>\n<p>Lire aussi &gt;&gt;\u00a0<a href=\"https:\/\/www.latribunedufaso.net\/?p=24097\">Hadj 2022-2024 : Le minist\u00e8re de l\u2019Administration territoriale lance un recensement des candidats n\u2019ayant pas eu de visa<\/a><\/p>\n<\/blockquote>\n<p>Pour rappel, le co\u00fbt de l&rsquo;\u00e9dition 2026 du hadj est fix\u00e9 \u00e0 3 285 000 FCFA. Ce co\u00fbt int\u00e8gre le frais de la restauration \u00e0 la Mecque et \u00e0 M\u00e9dine afin d&rsquo;assurer un bon s\u00e9jour des p\u00e8lerins burkinab\u00e8 en Arabie Saoudite.<\/p>\n<p><strong>Mamadou ZONGO<\/strong><\/p>\n<p><strong>Latribunedufaso.net<\/strong><\/p>\n","protected":false},"excerpt":{"rendered":"<p>Le comit\u00e9 national d&rsquo;organisation du p\u00e8lerinage \u00e0 la Mecque \u00e9tait face \u00e0 la presse, dans la matin\u00e9e de ce lundi 20 avril 2026 \u00e0 Ouagadougou. Lobjectif de cette rencontre avec les hommes de m\u00e9dias est de faire le point des pr\u00e9paratifs du hadj 2026 afin d&rsquo;informer les candidats au p\u00e8lerinage, les acteurs impliqu\u00e9s dans lorganisation ainsi que l&rsquo;opinion nationale, des actions d\u00e9j\u00e0 entreprises et celles restantes pour r\u00e9ussir cette \u00e9dition du p\u00e8lerinage \u00e0 La Mecque.<\/p>\n","protected":false},"author":5,"featured_media":28843,"comment_status":"open","ping_status":"open","sticky":false,"template":"","format":"standard","meta":{"footnotes":""},"categories":[13,1,8],"tags":[1343,39,1341],"class_list":["post-28837","post","type-post","status-publish","format-standard","has-post-thumbnail","hentry","category-une","category-actu","category-societe","tag-comite-national-de-suivi-du-pelerinage-a-la-mecque-cnspm","tag-latribunedufaso-net","tag-pelerinage-a-la-mecque"],"yoast_head":"<!-- This site is optimized with the Yoast SEO plugin v27.5 - https:\/\/yoast.com\/product\/yoast-seo-wordpress\/ -->\n<title>Burkina\/Hadj 2026: La r\u00e9servation des sites d&#039;h\u00e9bergement des p\u00e8lerins \u00e0 La Mecque et \u00e0 M\u00e9dine d\u00e9j\u00e0 boucl\u00e9e, le premier vol pr\u00e9vu pour le 6 mai - La Tribune du Faso<\/title>\n<meta name=\"robots\" content=\"index, follow, max-snippet:-1, max-image-preview:large, max-video-preview:-1\" \/>\n<link rel=\"canonical\" href=\"https:\/\/www.latribunedufaso.net\/?p=28837\" \/>\n<meta property=\"og:locale\" content=\"fr_FR\" \/>\n<meta property=\"og:type\" content=\"article\" \/>\n<meta property=\"og:title\" content=\"Burkina\/Hadj 2026: La r\u00e9servation des sites d&#039;h\u00e9bergement des p\u00e8lerins \u00e0 La Mecque et \u00e0 M\u00e9dine d\u00e9j\u00e0 boucl\u00e9e, le premier vol pr\u00e9vu pour le 6 mai - La Tribune du Faso\" \/>\n<meta property=\"og:description\" content=\"Le comit\u00e9 national d&rsquo;organisation du p\u00e8lerinage \u00e0 la Mecque \u00e9tait face \u00e0 la presse, dans la matin\u00e9e de ce lundi 20 avril 2026 \u00e0 Ouagadougou. Lobjectif de cette rencontre avec les hommes de m\u00e9dias est de faire le point des pr\u00e9paratifs du hadj 2026 afin d&rsquo;informer les candidats au p\u00e8lerinage, les acteurs impliqu\u00e9s dans lorganisation ainsi que l&rsquo;opinion nationale, des actions d\u00e9j\u00e0 entreprises et celles restantes pour r\u00e9ussir cette \u00e9dition du p\u00e8lerinage \u00e0 La Mecque.\" \/>\n<meta property=\"og:url\" content=\"https:\/\/www.latribunedufaso.net\/?p=28837\" \/>\n<meta property=\"og:site_name\" content=\"La Tribune du Faso\" \/>\n<meta property=\"article:publisher\" content=\"https:\/\/www.facebook.com\/LatribuneduFaso\/\" \/>\n<meta property=\"article:published_time\" content=\"2026-04-20T16:00:33+00:00\" \/>\n<meta property=\"og:image\" content=\"https:\/\/www.latribunedufaso.net\/wp-content\/uploads\/2026\/04\/IMG-20260420-WA0061.jpg\" \/>\n\t<meta property=\"og:image:width\" content=\"1024\" \/>\n\t<meta property=\"og:image:height\" content=\"768\" \/>\n\t<meta property=\"og:image:type\" content=\"image\/jpeg\" \/>\n<meta name=\"author\" content=\"Issouf Tapsoba\" \/>\n<meta name=\"twitter:label1\" content=\"\u00c9crit par\" \/>\n\t<meta name=\"twitter:data1\" content=\"Issouf Tapsoba\" \/>\n\t<meta name=\"twitter:label2\" content=\"Dur\u00e9e de lecture estim\u00e9e\" \/>\n\t<meta name=\"twitter:data2\" content=\"5 minutes\" \/>\n<script type=\"application\/ld+json\" class=\"yoast-schema-graph\">{\"@context\":\"https:\\\/\\\/schema.org\",\"@graph\":[{\"@type\":\"Article\",\"@id\":\"https:\\\/\\\/www.latribunedufaso.net\\\/?p=28837#article\",\"isPartOf\":{\"@id\":\"https:\\\/\\\/www.latribunedufaso.net\\\/?p=28837\"},\"author\":{\"name\":\"Issouf Tapsoba\",\"@id\":\"https:\\\/\\\/www.latribunedufaso.net\\\/#\\\/schema\\\/person\\\/e54e64c5778a7e72cf80a318b7a622b0\"},\"headline\":\"Burkina\\\/Hadj 2026: La r\u00e9servation des sites d&rsquo;h\u00e9bergement des p\u00e8lerins \u00e0 La Mecque et \u00e0 M\u00e9dine d\u00e9j\u00e0 boucl\u00e9e, le premier vol pr\u00e9vu pour le 6 mai\",\"datePublished\":\"2026-04-20T16:00:33+00:00\",\"mainEntityOfPage\":{\"@id\":\"https:\\\/\\\/www.latribunedufaso.net\\\/?p=28837\"},\"wordCount\":779,\"commentCount\":0,\"publisher\":{\"@id\":\"https:\\\/\\\/www.latribunedufaso.net\\\/#organization\"},\"image\":{\"@id\":\"https:\\\/\\\/www.latribunedufaso.net\\\/?p=28837#primaryimage\"},\"thumbnailUrl\":\"https:\\\/\\\/www.latribunedufaso.net\\\/wp-content\\\/uploads\\\/2026\\\/04\\\/IMG-20260420-WA0061.jpg\",\"keywords\":[\"Comit\u00e9 national de suivi du p\u00e8lerinage \u00e0 la Mecque (CNSPM)\",\"latribunedufaso.net\",\"p\u00e8lerinage \u00e0 la Mecque\"],\"articleSection\":[\"A la une\",\"Actualit\u00e9\",\"Soci\u00e9t\u00e9\"],\"inLanguage\":\"fr-FR\",\"potentialAction\":[{\"@type\":\"CommentAction\",\"name\":\"Comment\",\"target\":[\"https:\\\/\\\/www.latribunedufaso.net\\\/?p=28837#respond\"]}]},{\"@type\":\"WebPage\",\"@id\":\"https:\\\/\\\/www.latribunedufaso.net\\\/?p=28837\",\"url\":\"https:\\\/\\\/www.latribunedufaso.net\\\/?p=28837\",\"name\":\"Burkina\\\/Hadj 2026: La r\u00e9servation des sites d'h\u00e9bergement des p\u00e8lerins \u00e0 La Mecque et \u00e0 M\u00e9dine d\u00e9j\u00e0 boucl\u00e9e, le premier vol pr\u00e9vu pour le 6 mai - La Tribune du Faso\",\"isPartOf\":{\"@id\":\"https:\\\/\\\/www.latribunedufaso.net\\\/#website\"},\"primaryImageOfPage\":{\"@id\":\"https:\\\/\\\/www.latribunedufaso.net\\\/?p=28837#primaryimage\"},\"image\":{\"@id\":\"https:\\\/\\\/www.latribunedufaso.net\\\/?p=28837#primaryimage\"},\"thumbnailUrl\":\"https:\\\/\\\/www.latribunedufaso.net\\\/wp-content\\\/uploads\\\/2026\\\/04\\\/IMG-20260420-WA0061.jpg\",\"datePublished\":\"2026-04-20T16:00:33+00:00\",\"breadcrumb\":{\"@id\":\"https:\\\/\\\/www.latribunedufaso.net\\\/?p=28837#breadcrumb\"},\"inLanguage\":\"fr-FR\",\"potentialAction\":[{\"@type\":\"ReadAction\",\"target\":[\"https:\\\/\\\/www.latribunedufaso.net\\\/?p=28837\"]}]},{\"@type\":\"ImageObject\",\"inLanguage\":\"fr-FR\",\"@id\":\"https:\\\/\\\/www.latribunedufaso.net\\\/?p=28837#primaryimage\",\"url\":\"https:\\\/\\\/www.latribunedufaso.net\\\/wp-content\\\/uploads\\\/2026\\\/04\\\/IMG-20260420-WA0061.jpg\",\"contentUrl\":\"https:\\\/\\\/www.latribunedufaso.net\\\/wp-content\\\/uploads\\\/2026\\\/04\\\/IMG-20260420-WA0061.jpg\",\"width\":1024,\"height\":768,\"caption\":\"Le pr\u00e9sidium lors du point de presse - Ph. M. Zongo\"},{\"@type\":\"BreadcrumbList\",\"@id\":\"https:\\\/\\\/www.latribunedufaso.net\\\/?p=28837#breadcrumb\",\"itemListElement\":[{\"@type\":\"ListItem\",\"position\":1,\"name\":\"Accueil\",\"item\":\"https:\\\/\\\/www.latribunedufaso.net\\\/\"},{\"@type\":\"ListItem\",\"position\":2,\"name\":\"Burkina\\\/Hadj 2026: La r\u00e9servation des sites d&rsquo;h\u00e9bergement des p\u00e8lerins \u00e0 La Mecque et \u00e0 M\u00e9dine d\u00e9j\u00e0 boucl\u00e9e, le premier vol pr\u00e9vu pour le 6 mai\"}]},{\"@type\":\"WebSite\",\"@id\":\"https:\\\/\\\/www.latribunedufaso.net\\\/#website\",\"url\":\"https:\\\/\\\/www.latribunedufaso.net\\\/\",\"name\":\"La Tribune du Faso\",\"description\":\"L&#039;information du monde rural en un clic\",\"publisher\":{\"@id\":\"https:\\\/\\\/www.latribunedufaso.net\\\/#organization\"},\"potentialAction\":[{\"@type\":\"SearchAction\",\"target\":{\"@type\":\"EntryPoint\",\"urlTemplate\":\"https:\\\/\\\/www.latribunedufaso.net\\\/?s={search_term_string}\"},\"query-input\":{\"@type\":\"PropertyValueSpecification\",\"valueRequired\":true,\"valueName\":\"search_term_string\"}}],\"inLanguage\":\"fr-FR\"},{\"@type\":\"Organization\",\"@id\":\"https:\\\/\\\/www.latribunedufaso.net\\\/#organization\",\"name\":\"La Tribune du Faso\",\"url\":\"https:\\\/\\\/www.latribunedufaso.net\\\/\",\"logo\":{\"@type\":\"ImageObject\",\"inLanguage\":\"fr-FR\",\"@id\":\"https:\\\/\\\/www.latribunedufaso.net\\\/#\\\/schema\\\/logo\\\/image\\\/\",\"url\":\"https:\\\/\\\/www.latribunedufaso.net\\\/wp-content\\\/uploads\\\/2020\\\/08\\\/Logo-Tribune-du-Faso-final-scaled.jpg\",\"contentUrl\":\"https:\\\/\\\/www.latribunedufaso.net\\\/wp-content\\\/uploads\\\/2020\\\/08\\\/Logo-Tribune-du-Faso-final-scaled.jpg\",\"width\":2560,\"height\":1856,\"caption\":\"La Tribune du Faso\"},\"image\":{\"@id\":\"https:\\\/\\\/www.latribunedufaso.net\\\/#\\\/schema\\\/logo\\\/image\\\/\"},\"sameAs\":[\"https:\\\/\\\/www.facebook.com\\\/LatribuneduFaso\\\/\"]},{\"@type\":\"Person\",\"@id\":\"https:\\\/\\\/www.latribunedufaso.net\\\/#\\\/schema\\\/person\\\/e54e64c5778a7e72cf80a318b7a622b0\",\"name\":\"Issouf Tapsoba\",\"image\":{\"@type\":\"ImageObject\",\"inLanguage\":\"fr-FR\",\"@id\":\"https:\\\/\\\/secure.gravatar.com\\\/avatar\\\/5e6c05150ce3230247d167f5b94d678eb05936197436d69b7921e3a95c9107ac?s=96&d=mm&r=g\",\"url\":\"https:\\\/\\\/secure.gravatar.com\\\/avatar\\\/5e6c05150ce3230247d167f5b94d678eb05936197436d69b7921e3a95c9107ac?s=96&d=mm&r=g\",\"contentUrl\":\"https:\\\/\\\/secure.gravatar.com\\\/avatar\\\/5e6c05150ce3230247d167f5b94d678eb05936197436d69b7921e3a95c9107ac?s=96&d=mm&r=g\",\"caption\":\"Issouf Tapsoba\"},\"url\":\"https:\\\/\\\/www.latribunedufaso.net\\\/?author=5\"}]}<\/script>\n<!-- \/ Yoast SEO plugin. -->","yoast_head_json":{"title":"Burkina\/Hadj 2026: La r\u00e9servation des sites d'h\u00e9bergement des p\u00e8lerins \u00e0 La Mecque et \u00e0 M\u00e9dine d\u00e9j\u00e0 boucl\u00e9e, le premier vol pr\u00e9vu pour le 6 mai - La Tribune du Faso","robots":{"index":"index","follow":"follow","max-snippet":"max-snippet:-1","max-image-preview":"max-image-preview:large","max-video-preview":"max-video-preview:-1"},"canonical":"https:\/\/www.latribunedufaso.net\/?p=28837","og_locale":"fr_FR","og_type":"article","og_title":"Burkina\/Hadj 2026: La r\u00e9servation des sites d'h\u00e9bergement des p\u00e8lerins \u00e0 La Mecque et \u00e0 M\u00e9dine d\u00e9j\u00e0 boucl\u00e9e, le premier vol pr\u00e9vu pour le 6 mai - La Tribune du Faso","og_description":"Le comit\u00e9 national d&rsquo;organisation du p\u00e8lerinage \u00e0 la Mecque \u00e9tait face \u00e0 la presse, dans la matin\u00e9e de ce lundi 20 avril 2026 \u00e0 Ouagadougou. Lobjectif de cette rencontre avec les hommes de m\u00e9dias est de faire le point des pr\u00e9paratifs du hadj 2026 afin d&rsquo;informer les candidats au p\u00e8lerinage, les acteurs impliqu\u00e9s dans lorganisation ainsi que l&rsquo;opinion nationale, des actions d\u00e9j\u00e0 entreprises et celles restantes pour r\u00e9ussir cette \u00e9dition du p\u00e8lerinage \u00e0 La Mecque.","og_url":"https:\/\/www.latribunedufaso.net\/?p=28837","og_site_name":"La Tribune du Faso","article_publisher":"https:\/\/www.facebook.com\/LatribuneduFaso\/","article_published_time":"2026-04-20T16:00:33+00:00","og_image":[{"width":1024,"height":768,"url":"https:\/\/www.latribunedufaso.net\/wp-content\/uploads\/2026\/04\/IMG-20260420-WA0061.jpg","type":"image\/jpeg"}],"author":"Issouf Tapsoba","twitter_misc":{"\u00c9crit par":"Issouf Tapsoba","Dur\u00e9e de lecture estim\u00e9e":"5 minutes"},"schema":{"@context":"https:\/\/schema.org","@graph":[{"@type":"Article","@id":"https:\/\/www.latribunedufaso.net\/?p=28837#article","isPartOf":{"@id":"https:\/\/www.latribunedufaso.net\/?p=28837"},"author":{"name":"Issouf Tapsoba","@id":"https:\/\/www.latribunedufaso.net\/#\/schema\/person\/e54e64c5778a7e72cf80a318b7a622b0"},"headline":"Burkina\/Hadj 2026: La r\u00e9servation des sites d&rsquo;h\u00e9bergement des p\u00e8lerins \u00e0 La Mecque et \u00e0 M\u00e9dine d\u00e9j\u00e0 boucl\u00e9e, le premier vol pr\u00e9vu pour le 6 mai","datePublished":"2026-04-20T16:00:33+00:00","mainEntityOfPage":{"@id":"https:\/\/www.latribunedufaso.net\/?p=28837"},"wordCount":779,"commentCount":0,"publisher":{"@id":"https:\/\/www.latribunedufaso.net\/#organization"},"image":{"@id":"https:\/\/www.latribunedufaso.net\/?p=28837#primaryimage"},"thumbnailUrl":"https:\/\/www.latribunedufaso.net\/wp-content\/uploads\/2026\/04\/IMG-20260420-WA0061.jpg","keywords":["Comit\u00e9 national de suivi du p\u00e8lerinage \u00e0 la Mecque (CNSPM)","latribunedufaso.net","p\u00e8lerinage \u00e0 la Mecque"],"articleSection":["A la une","Actualit\u00e9","Soci\u00e9t\u00e9"],"inLanguage":"fr-FR","potentialAction":[{"@type":"CommentAction","name":"Comment","target":["https:\/\/www.latribunedufaso.net\/?p=28837#respond"]}]},{"@type":"WebPage","@id":"https:\/\/www.latribunedufaso.net\/?p=28837","url":"https:\/\/www.latribunedufaso.net\/?p=28837","name":"Burkina\/Hadj 2026: La r\u00e9servation des sites d'h\u00e9bergement des p\u00e8lerins \u00e0 La Mecque et \u00e0 M\u00e9dine d\u00e9j\u00e0 boucl\u00e9e, le premier vol pr\u00e9vu pour le 6 mai - La Tribune du Faso","isPartOf":{"@id":"https:\/\/www.latribunedufaso.net\/#website"},"primaryImageOfPage":{"@id":"https:\/\/www.latribunedufaso.net\/?p=28837#primaryimage"},"image":{"@id":"https:\/\/www.latribunedufaso.net\/?p=28837#primaryimage"},"thumbnailUrl":"https:\/\/www.latribunedufaso.net\/wp-content\/uploads\/2026\/04\/IMG-20260420-WA0061.jpg","datePublished":"2026-04-20T16:00:33+00:00","breadcrumb":{"@id":"https:\/\/www.latribunedufaso.net\/?p=28837#breadcrumb"},"inLanguage":"fr-FR","potentialAction":[{"@type":"ReadAction","target":["https:\/\/www.latribunedufaso.net\/?p=28837"]}]},{"@type":"ImageObject","inLanguage":"fr-FR","@id":"https:\/\/www.latribunedufaso.net\/?p=28837#primaryimage","url":"https:\/\/www.latribunedufaso.net\/wp-content\/uploads\/2026\/04\/IMG-20260420-WA0061.jpg","contentUrl":"https:\/\/www.latribunedufaso.net\/wp-content\/uploads\/2026\/04\/IMG-20260420-WA0061.jpg","width":1024,"height":768,"caption":"Le pr\u00e9sidium lors du point de presse - Ph. M. Zongo"},{"@type":"BreadcrumbList","@id":"https:\/\/www.latribunedufaso.net\/?p=28837#breadcrumb","itemListElement":[{"@type":"ListItem","position":1,"name":"Accueil","item":"https:\/\/www.latribunedufaso.net\/"},{"@type":"ListItem","position":2,"name":"Burkina\/Hadj 2026: La r\u00e9servation des sites d&rsquo;h\u00e9bergement des p\u00e8lerins \u00e0 La Mecque et \u00e0 M\u00e9dine d\u00e9j\u00e0 boucl\u00e9e, le premier vol pr\u00e9vu pour le 6 mai"}]},{"@type":"WebSite","@id":"https:\/\/www.latribunedufaso.net\/#website","url":"https:\/\/www.latribunedufaso.net\/","name":"La Tribune du Faso","description":"L&#039;information du monde rural en un clic","publisher":{"@id":"https:\/\/www.latribunedufaso.net\/#organization"},"potentialAction":[{"@type":"SearchAction","target":{"@type":"EntryPoint","urlTemplate":"https:\/\/www.latribunedufaso.net\/?s={search_term_string}"},"query-input":{"@type":"PropertyValueSpecification","valueRequired":true,"valueName":"search_term_string"}}],"inLanguage":"fr-FR"},{"@type":"Organization","@id":"https:\/\/www.latribunedufaso.net\/#organization","name":"La Tribune du Faso","url":"https:\/\/www.latribunedufaso.net\/","logo":{"@type":"ImageObject","inLanguage":"fr-FR","@id":"https:\/\/www.latribunedufaso.net\/#\/schema\/logo\/image\/","url":"https:\/\/www.latribunedufaso.net\/wp-content\/uploads\/2020\/08\/Logo-Tribune-du-Faso-final-scaled.jpg","contentUrl":"https:\/\/www.latribunedufaso.net\/wp-content\/uploads\/2020\/08\/Logo-Tribune-du-Faso-final-scaled.jpg","width":2560,"height":1856,"caption":"La Tribune du Faso"},"image":{"@id":"https:\/\/www.latribunedufaso.net\/#\/schema\/logo\/image\/"},"sameAs":["https:\/\/www.facebook.com\/LatribuneduFaso\/"]},{"@type":"Person","@id":"https:\/\/www.latribunedufaso.net\/#\/schema\/person\/e54e64c5778a7e72cf80a318b7a622b0","name":"Issouf Tapsoba","image":{"@type":"ImageObject","inLanguage":"fr-FR","@id":"https:\/\/secure.gravatar.com\/avatar\/5e6c05150ce3230247d167f5b94d678eb05936197436d69b7921e3a95c9107ac?s=96&d=mm&r=g","url":"https:\/\/secure.gravatar.com\/avatar\/5e6c05150ce3230247d167f5b94d678eb05936197436d69b7921e3a95c9107ac?s=96&d=mm&r=g","contentUrl":"https:\/\/secure.gravatar.com\/avatar\/5e6c05150ce3230247d167f5b94d678eb05936197436d69b7921e3a95c9107ac?s=96&d=mm&r=g","caption":"Issouf Tapsoba"},"url":"https:\/\/www.latribunedufaso.net\/?author=5"}]}},"_links":{"self":[{"href":"https:\/\/www.latribunedufaso.net\/index.php?rest_route=\/wp\/v2\/posts\/28837","targetHints":{"allow":["GET"]}}],"collection":[{"href":"https:\/\/www.latribunedufaso.net\/index.php?rest_route=\/wp\/v2\/posts"}],"about":[{"href":"https:\/\/www.latribunedufaso.net\/index.php?rest_route=\/wp\/v2\/types\/post"}],"author":[{"embeddable":true,"href":"https:\/\/www.latribunedufaso.net\/index.php?rest_route=\/wp\/v2\/users\/5"}],"replies":[{"embeddable":true,"href":"https:\/\/www.latribunedufaso.net\/index.php?rest_route=%2Fwp%2Fv2%2Fcomments&post=28837"}],"version-history":[{"count":4,"href":"https:\/\/www.latribunedufaso.net\/index.php?rest_route=\/wp\/v2\/posts\/28837\/revisions"}],"predecessor-version":[{"id":28845,"href":"https:\/\/www.latribunedufaso.net\/index.php?rest_route=\/wp\/v2\/posts\/28837\/revisions\/28845"}],"wp:featuredmedia":[{"embeddable":true,"href":"https:\/\/www.latribunedufaso.net\/index.php?rest_route=\/wp\/v2\/media\/28843"}],"wp:attachment":[{"href":"https:\/\/www.latribunedufaso.net\/index.php?rest_route=%2Fwp%2Fv2%2Fmedia&parent=28837"}],"wp:term":[{"taxonomy":"category","embeddable":true,"href":"https:\/\/www.latribunedufaso.net\/index.php?rest_route=%2Fwp%2Fv2%2Fcategories&post=28837"},{"taxonomy":"post_tag","embeddable":true,"href":"https:\/\/www.latribunedufaso.net\/index.php?rest_route=%2Fwp%2Fv2%2Ftags&post=28837"}],"curies":[{"name":"wp","href":"https:\/\/api.w.org\/{rel}","templated":true}]}}