{"id":28830,"date":"2026-04-20T12:06:23","date_gmt":"2026-04-20T12:06:23","guid":{"rendered":"https:\/\/www.latribunedufaso.net\/?p=28830"},"modified":"2026-04-20T12:06:23","modified_gmt":"2026-04-20T12:06:23","slug":"commandement-des-ecoles-et-centres-de-perfectionnement-de-la-gendarmerie-nationale-le-personnel-apporte-son-soutien-a-lagence-faso-mebo-a-bobo-dioulasso","status":"publish","type":"post","link":"https:\/\/www.latribunedufaso.net\/?p=28830","title":{"rendered":"Commandement des Ecoles et Centres de Perfectionnement de la Gendarmerie Nationale : Le personnel apporte son soutien \u00e0 l\u2019Agence Faso M\u00eabo \u00e0 Bobo-Dioulasso"},"content":{"rendered":"<p><strong>Dans la matin\u00e9e du 18 avril 2026, le Commandement des Ecoles et Centres de Perfectionnement de la Gendarmerie Nationale (CECPGN), sous la conduite de son premier responsable, le Lieutenant-colonel Emile Soudr\u00e9, a pos\u00e9 un acte de solidarit\u00e9 et d\u2019engagement citoyen remarquable \u00e0 travers une contribution significative au profit de l\u2019Agence Faso M\u00eabo de Bobo-Dioulasso. Cette initiative entre dans le cadre des Journ\u00e9es Nationales d\u2019Engagement Patriotique et de Participation Citoyenne.<\/strong><!--more--><\/p>\n<p>Cette contribution se d\u00e9cline en dons de mat\u00e9riels compos\u00e9s de vingt (20) brouettes, vingt (20) pelles, cinquante (50) manches de pelle, cinquante (50) pioches, soixante quinze (75) paires de gants et d\u2019une enveloppe financi\u00e8re d\u2019un montant de 890.000 FCFA d\u00e9di\u00e9e \u00e0 l\u2019achat de colorant et de 30 tonnes de granite.<\/p>\n<figure id=\"attachment_28834\" aria-describedby=\"caption-attachment-28834\" style=\"width: 1080px\" class=\"wp-caption aligncenter\"><a href=\"https:\/\/www.latribunedufaso.net\/wp-content\/uploads\/2026\/04\/FB_IMG_1776686392180.jpg\"><img loading=\"lazy\" decoding=\"async\" class=\"size-full wp-image-28834\" src=\"https:\/\/www.latribunedufaso.net\/wp-content\/uploads\/2026\/04\/FB_IMG_1776686392180.jpg\" alt=\"Le Commandement des Ecoles et Centres de Perfectionnement de la Gendarmerie Nationale a fait un don \u00e0 l'Agence Faso M\u00eabo Bobo, 18 avril 2026\" width=\"1080\" height=\"720\" srcset=\"https:\/\/www.latribunedufaso.net\/wp-content\/uploads\/2026\/04\/FB_IMG_1776686392180.jpg 1080w, https:\/\/www.latribunedufaso.net\/wp-content\/uploads\/2026\/04\/FB_IMG_1776686392180-300x200.jpg 300w, https:\/\/www.latribunedufaso.net\/wp-content\/uploads\/2026\/04\/FB_IMG_1776686392180-1024x683.jpg 1024w, https:\/\/www.latribunedufaso.net\/wp-content\/uploads\/2026\/04\/FB_IMG_1776686392180-768x512.jpg 768w, https:\/\/www.latribunedufaso.net\/wp-content\/uploads\/2026\/04\/FB_IMG_1776686392180-840x560.jpg 840w, https:\/\/www.latribunedufaso.net\/wp-content\/uploads\/2026\/04\/FB_IMG_1776686392180-120x80.jpg 120w, https:\/\/www.latribunedufaso.net\/wp-content\/uploads\/2026\/04\/FB_IMG_1776686392180-360x240.jpg 360w, https:\/\/www.latribunedufaso.net\/wp-content\/uploads\/2026\/04\/FB_IMG_1776686392180-600x400.jpg 600w\" sizes=\"auto, (max-width: 1080px) 100vw, 1080px\" \/><\/a><figcaption id=\"caption-attachment-28834\" class=\"wp-caption-text\">Une vue des mat\u00e9riels donn\u00e9s &#8211; Ph. DR<\/figcaption><\/figure>\n<p>Aussi, plus d\u2019un millier de cadres, de stagiaires et d\u2019\u00e9l\u00e8ves sous-officiers de Gendarmerie ont \u00e9t\u00e9 mobilis\u00e9s pour assurer la main d\u2019\u0153uvre sur cinq (05) sites de chantiers de Faso M\u00eabo.<\/p>\n<blockquote>\n<p>Lire aussi &gt;&gt;\u00a0<a href=\"https:\/\/www.latribunedufaso.net\/?p=28144\">Mogt\u00e9do : la Gendarmerie retire 1,68 tonne de poissons avari\u00e9s du march\u00e9<\/a><\/p>\n<\/blockquote>\n<p>Par ce geste, le Commandement des Ecoles et Centres de Perfectionnement de la Gendarmerie Nationale r\u00e9affirme l\u2019attachement de la Gendarmerie Nationale aux valeurs de solidarit\u00e9, de patriotisme et de participation active au d\u00e9veloppement national en s\u2019impliquant pleinement dans les initiatives visant \u00e0 am\u00e9liorer durablement les conditions de vie des populations.<\/p>\n<p><strong>Latribunedufaso.net<\/strong><\/p>\n<p><strong>Source : Gendarmerie nationale\u00a0<\/strong><\/p>\n<p><a href=\"https:\/\/www.latribunedufaso.net\/wp-content\/uploads\/2026\/04\/FB_IMG_1776686408280.jpg\"><img loading=\"lazy\" decoding=\"async\" class=\"aligncenter size-full wp-image-28835\" src=\"https:\/\/www.latribunedufaso.net\/wp-content\/uploads\/2026\/04\/FB_IMG_1776686408280.jpg\" alt=\"Le Commandement des Ecoles et Centres de Perfectionnement de la Gendarmerie Nationale a fait un don \u00e0 l'Agence Faso M\u00eabo Bobo, 18 avril 2026\" width=\"1080\" height=\"720\" srcset=\"https:\/\/www.latribunedufaso.net\/wp-content\/uploads\/2026\/04\/FB_IMG_1776686408280.jpg 1080w, https:\/\/www.latribunedufaso.net\/wp-content\/uploads\/2026\/04\/FB_IMG_1776686408280-300x200.jpg 300w, https:\/\/www.latribunedufaso.net\/wp-content\/uploads\/2026\/04\/FB_IMG_1776686408280-1024x683.jpg 1024w, https:\/\/www.latribunedufaso.net\/wp-content\/uploads\/2026\/04\/FB_IMG_1776686408280-768x512.jpg 768w, https:\/\/www.latribunedufaso.net\/wp-content\/uploads\/2026\/04\/FB_IMG_1776686408280-840x560.jpg 840w, https:\/\/www.latribunedufaso.net\/wp-content\/uploads\/2026\/04\/FB_IMG_1776686408280-120x80.jpg 120w, https:\/\/www.latribunedufaso.net\/wp-content\/uploads\/2026\/04\/FB_IMG_1776686408280-360x240.jpg 360w, https:\/\/www.latribunedufaso.net\/wp-content\/uploads\/2026\/04\/FB_IMG_1776686408280-600x400.jpg 600w\" sizes=\"auto, (max-width: 1080px) 100vw, 1080px\" \/><\/a><\/p>\n","protected":false},"excerpt":{"rendered":"<p>Dans la matin\u00e9e du 18 avril 2026, le Commandement des Ecoles et Centres de Perfectionnement de la Gendarmerie Nationale (CECPGN), sous la conduite de son premier responsable, le Lieutenant-colonel Emile Soudr\u00e9, a pos\u00e9 un acte de solidarit\u00e9 et d\u2019engagement citoyen remarquable \u00e0 travers une contribution significative au profit de l\u2019Agence Faso M\u00eabo de Bobo-Dioulasso. Cette initiative entre dans le cadre des Journ\u00e9es Nationales d\u2019Engagement Patriotique et de Participation Citoyenne.<\/p>\n","protected":false},"author":5,"featured_media":28833,"comment_status":"open","ping_status":"open","sticky":false,"template":"","format":"standard","meta":{"footnotes":""},"categories":[13,1,8],"tags":[2017,230,39],"class_list":["post-28830","post","type-post","status-publish","format-standard","has-post-thumbnail","hentry","category-une","category-actu","category-societe","tag-agence-faso-mebo","tag-gendarmerie-nationale","tag-latribunedufaso-net"],"yoast_head":"<!-- This site is optimized with the Yoast SEO plugin v27.4 - https:\/\/yoast.com\/product\/yoast-seo-wordpress\/ -->\n<title>Commandement des Ecoles et Centres de Perfectionnement de la Gendarmerie Nationale : Le personnel apporte son soutien \u00e0 l\u2019Agence Faso M\u00eabo \u00e0 Bobo-Dioulasso - La Tribune du Faso<\/title>\n<meta name=\"robots\" content=\"index, follow, max-snippet:-1, max-image-preview:large, max-video-preview:-1\" \/>\n<link rel=\"canonical\" href=\"https:\/\/www.latribunedufaso.net\/?p=28830\" \/>\n<meta property=\"og:locale\" content=\"fr_FR\" \/>\n<meta property=\"og:type\" content=\"article\" \/>\n<meta property=\"og:title\" content=\"Commandement des Ecoles et Centres de Perfectionnement de la Gendarmerie Nationale : Le personnel apporte son soutien \u00e0 l\u2019Agence Faso M\u00eabo \u00e0 Bobo-Dioulasso - La Tribune du Faso\" \/>\n<meta property=\"og:description\" content=\"Dans la matin\u00e9e du 18 avril 2026, le Commandement des Ecoles et Centres de Perfectionnement de la Gendarmerie Nationale (CECPGN), sous la conduite de son premier responsable, le Lieutenant-colonel Emile Soudr\u00e9, a pos\u00e9 un acte de solidarit\u00e9 et d\u2019engagement citoyen remarquable \u00e0 travers une contribution significative au profit de l\u2019Agence Faso M\u00eabo de Bobo-Dioulasso. Cette initiative entre dans le cadre des Journ\u00e9es Nationales d\u2019Engagement Patriotique et de Participation Citoyenne.\" \/>\n<meta property=\"og:url\" content=\"https:\/\/www.latribunedufaso.net\/?p=28830\" \/>\n<meta property=\"og:site_name\" content=\"La Tribune du Faso\" \/>\n<meta property=\"article:publisher\" content=\"https:\/\/www.facebook.com\/LatribuneduFaso\/\" \/>\n<meta property=\"article:published_time\" content=\"2026-04-20T12:06:23+00:00\" \/>\n<meta property=\"og:image\" content=\"https:\/\/www.latribunedufaso.net\/wp-content\/uploads\/2026\/04\/FB_IMG_1776686458501.jpg\" \/>\n\t<meta property=\"og:image:width\" content=\"1080\" \/>\n\t<meta property=\"og:image:height\" content=\"720\" \/>\n\t<meta property=\"og:image:type\" content=\"image\/jpeg\" \/>\n<meta name=\"author\" content=\"Issouf Tapsoba\" \/>\n<meta name=\"twitter:label1\" content=\"\u00c9crit par\" \/>\n\t<meta name=\"twitter:data1\" content=\"Issouf Tapsoba\" \/>\n\t<meta name=\"twitter:label2\" content=\"Dur\u00e9e de lecture estim\u00e9e\" \/>\n\t<meta name=\"twitter:data2\" content=\"2 minutes\" \/>\n<script type=\"application\/ld+json\" class=\"yoast-schema-graph\">{\"@context\":\"https:\\\/\\\/schema.org\",\"@graph\":[{\"@type\":\"Article\",\"@id\":\"https:\\\/\\\/www.latribunedufaso.net\\\/?p=28830#article\",\"isPartOf\":{\"@id\":\"https:\\\/\\\/www.latribunedufaso.net\\\/?p=28830\"},\"author\":{\"name\":\"Issouf Tapsoba\",\"@id\":\"https:\\\/\\\/www.latribunedufaso.net\\\/#\\\/schema\\\/person\\\/e54e64c5778a7e72cf80a318b7a622b0\"},\"headline\":\"Commandement des Ecoles et Centres de Perfectionnement de la Gendarmerie Nationale : Le personnel apporte son soutien \u00e0 l\u2019Agence Faso M\u00eabo \u00e0 Bobo-Dioulasso\",\"datePublished\":\"2026-04-20T12:06:23+00:00\",\"mainEntityOfPage\":{\"@id\":\"https:\\\/\\\/www.latribunedufaso.net\\\/?p=28830\"},\"wordCount\":272,\"commentCount\":0,\"publisher\":{\"@id\":\"https:\\\/\\\/www.latribunedufaso.net\\\/#organization\"},\"image\":{\"@id\":\"https:\\\/\\\/www.latribunedufaso.net\\\/?p=28830#primaryimage\"},\"thumbnailUrl\":\"https:\\\/\\\/www.latribunedufaso.net\\\/wp-content\\\/uploads\\\/2026\\\/04\\\/FB_IMG_1776686458501.jpg\",\"keywords\":[\"Agence Faso M\u00eabo\",\"Gendarmerie nationale\",\"latribunedufaso.net\"],\"articleSection\":[\"A la une\",\"Actualit\u00e9\",\"Soci\u00e9t\u00e9\"],\"inLanguage\":\"fr-FR\",\"potentialAction\":[{\"@type\":\"CommentAction\",\"name\":\"Comment\",\"target\":[\"https:\\\/\\\/www.latribunedufaso.net\\\/?p=28830#respond\"]}]},{\"@type\":\"WebPage\",\"@id\":\"https:\\\/\\\/www.latribunedufaso.net\\\/?p=28830\",\"url\":\"https:\\\/\\\/www.latribunedufaso.net\\\/?p=28830\",\"name\":\"Commandement des Ecoles et Centres de Perfectionnement de la Gendarmerie Nationale : Le personnel apporte son soutien \u00e0 l\u2019Agence Faso M\u00eabo \u00e0 Bobo-Dioulasso - La Tribune du Faso\",\"isPartOf\":{\"@id\":\"https:\\\/\\\/www.latribunedufaso.net\\\/#website\"},\"primaryImageOfPage\":{\"@id\":\"https:\\\/\\\/www.latribunedufaso.net\\\/?p=28830#primaryimage\"},\"image\":{\"@id\":\"https:\\\/\\\/www.latribunedufaso.net\\\/?p=28830#primaryimage\"},\"thumbnailUrl\":\"https:\\\/\\\/www.latribunedufaso.net\\\/wp-content\\\/uploads\\\/2026\\\/04\\\/FB_IMG_1776686458501.jpg\",\"datePublished\":\"2026-04-20T12:06:23+00:00\",\"breadcrumb\":{\"@id\":\"https:\\\/\\\/www.latribunedufaso.net\\\/?p=28830#breadcrumb\"},\"inLanguage\":\"fr-FR\",\"potentialAction\":[{\"@type\":\"ReadAction\",\"target\":[\"https:\\\/\\\/www.latribunedufaso.net\\\/?p=28830\"]}]},{\"@type\":\"ImageObject\",\"inLanguage\":\"fr-FR\",\"@id\":\"https:\\\/\\\/www.latribunedufaso.net\\\/?p=28830#primaryimage\",\"url\":\"https:\\\/\\\/www.latribunedufaso.net\\\/wp-content\\\/uploads\\\/2026\\\/04\\\/FB_IMG_1776686458501.jpg\",\"contentUrl\":\"https:\\\/\\\/www.latribunedufaso.net\\\/wp-content\\\/uploads\\\/2026\\\/04\\\/FB_IMG_1776686458501.jpg\",\"width\":1080,\"height\":720,\"caption\":\"Le Commandement des Ecoles et Centres de Perfectionnement de la Gendarmerie Nationale a fait un don \u00e0 l'Agence Faso M\u00eabo Bobo, 18 avril 2026\"},{\"@type\":\"BreadcrumbList\",\"@id\":\"https:\\\/\\\/www.latribunedufaso.net\\\/?p=28830#breadcrumb\",\"itemListElement\":[{\"@type\":\"ListItem\",\"position\":1,\"name\":\"Accueil\",\"item\":\"https:\\\/\\\/www.latribunedufaso.net\\\/\"},{\"@type\":\"ListItem\",\"position\":2,\"name\":\"Commandement des Ecoles et Centres de Perfectionnement de la Gendarmerie Nationale : Le personnel apporte son soutien \u00e0 l\u2019Agence Faso M\u00eabo \u00e0 Bobo-Dioulasso\"}]},{\"@type\":\"WebSite\",\"@id\":\"https:\\\/\\\/www.latribunedufaso.net\\\/#website\",\"url\":\"https:\\\/\\\/www.latribunedufaso.net\\\/\",\"name\":\"La Tribune du Faso\",\"description\":\"L&#039;information du monde rural en un clic\",\"publisher\":{\"@id\":\"https:\\\/\\\/www.latribunedufaso.net\\\/#organization\"},\"potentialAction\":[{\"@type\":\"SearchAction\",\"target\":{\"@type\":\"EntryPoint\",\"urlTemplate\":\"https:\\\/\\\/www.latribunedufaso.net\\\/?s={search_term_string}\"},\"query-input\":{\"@type\":\"PropertyValueSpecification\",\"valueRequired\":true,\"valueName\":\"search_term_string\"}}],\"inLanguage\":\"fr-FR\"},{\"@type\":\"Organization\",\"@id\":\"https:\\\/\\\/www.latribunedufaso.net\\\/#organization\",\"name\":\"La Tribune du Faso\",\"url\":\"https:\\\/\\\/www.latribunedufaso.net\\\/\",\"logo\":{\"@type\":\"ImageObject\",\"inLanguage\":\"fr-FR\",\"@id\":\"https:\\\/\\\/www.latribunedufaso.net\\\/#\\\/schema\\\/logo\\\/image\\\/\",\"url\":\"https:\\\/\\\/www.latribunedufaso.net\\\/wp-content\\\/uploads\\\/2020\\\/08\\\/Logo-Tribune-du-Faso-final-scaled.jpg\",\"contentUrl\":\"https:\\\/\\\/www.latribunedufaso.net\\\/wp-content\\\/uploads\\\/2020\\\/08\\\/Logo-Tribune-du-Faso-final-scaled.jpg\",\"width\":2560,\"height\":1856,\"caption\":\"La Tribune du Faso\"},\"image\":{\"@id\":\"https:\\\/\\\/www.latribunedufaso.net\\\/#\\\/schema\\\/logo\\\/image\\\/\"},\"sameAs\":[\"https:\\\/\\\/www.facebook.com\\\/LatribuneduFaso\\\/\"]},{\"@type\":\"Person\",\"@id\":\"https:\\\/\\\/www.latribunedufaso.net\\\/#\\\/schema\\\/person\\\/e54e64c5778a7e72cf80a318b7a622b0\",\"name\":\"Issouf Tapsoba\",\"image\":{\"@type\":\"ImageObject\",\"inLanguage\":\"fr-FR\",\"@id\":\"https:\\\/\\\/secure.gravatar.com\\\/avatar\\\/5e6c05150ce3230247d167f5b94d678eb05936197436d69b7921e3a95c9107ac?s=96&d=mm&r=g\",\"url\":\"https:\\\/\\\/secure.gravatar.com\\\/avatar\\\/5e6c05150ce3230247d167f5b94d678eb05936197436d69b7921e3a95c9107ac?s=96&d=mm&r=g\",\"contentUrl\":\"https:\\\/\\\/secure.gravatar.com\\\/avatar\\\/5e6c05150ce3230247d167f5b94d678eb05936197436d69b7921e3a95c9107ac?s=96&d=mm&r=g\",\"caption\":\"Issouf Tapsoba\"},\"url\":\"https:\\\/\\\/www.latribunedufaso.net\\\/?author=5\"}]}<\/script>\n<!-- \/ Yoast SEO plugin. -->","yoast_head_json":{"title":"Commandement des Ecoles et Centres de Perfectionnement de la Gendarmerie Nationale : Le personnel apporte son soutien \u00e0 l\u2019Agence Faso M\u00eabo \u00e0 Bobo-Dioulasso - La Tribune du Faso","robots":{"index":"index","follow":"follow","max-snippet":"max-snippet:-1","max-image-preview":"max-image-preview:large","max-video-preview":"max-video-preview:-1"},"canonical":"https:\/\/www.latribunedufaso.net\/?p=28830","og_locale":"fr_FR","og_type":"article","og_title":"Commandement des Ecoles et Centres de Perfectionnement de la Gendarmerie Nationale : Le personnel apporte son soutien \u00e0 l\u2019Agence Faso M\u00eabo \u00e0 Bobo-Dioulasso - La Tribune du Faso","og_description":"Dans la matin\u00e9e du 18 avril 2026, le Commandement des Ecoles et Centres de Perfectionnement de la Gendarmerie Nationale (CECPGN), sous la conduite de son premier responsable, le Lieutenant-colonel Emile Soudr\u00e9, a pos\u00e9 un acte de solidarit\u00e9 et d\u2019engagement citoyen remarquable \u00e0 travers une contribution significative au profit de l\u2019Agence Faso M\u00eabo de Bobo-Dioulasso. Cette initiative entre dans le cadre des Journ\u00e9es Nationales d\u2019Engagement Patriotique et de Participation Citoyenne.","og_url":"https:\/\/www.latribunedufaso.net\/?p=28830","og_site_name":"La Tribune du Faso","article_publisher":"https:\/\/www.facebook.com\/LatribuneduFaso\/","article_published_time":"2026-04-20T12:06:23+00:00","og_image":[{"width":1080,"height":720,"url":"https:\/\/www.latribunedufaso.net\/wp-content\/uploads\/2026\/04\/FB_IMG_1776686458501.jpg","type":"image\/jpeg"}],"author":"Issouf Tapsoba","twitter_misc":{"\u00c9crit par":"Issouf Tapsoba","Dur\u00e9e de lecture estim\u00e9e":"2 minutes"},"schema":{"@context":"https:\/\/schema.org","@graph":[{"@type":"Article","@id":"https:\/\/www.latribunedufaso.net\/?p=28830#article","isPartOf":{"@id":"https:\/\/www.latribunedufaso.net\/?p=28830"},"author":{"name":"Issouf Tapsoba","@id":"https:\/\/www.latribunedufaso.net\/#\/schema\/person\/e54e64c5778a7e72cf80a318b7a622b0"},"headline":"Commandement des Ecoles et Centres de Perfectionnement de la Gendarmerie Nationale : Le personnel apporte son soutien \u00e0 l\u2019Agence Faso M\u00eabo \u00e0 Bobo-Dioulasso","datePublished":"2026-04-20T12:06:23+00:00","mainEntityOfPage":{"@id":"https:\/\/www.latribunedufaso.net\/?p=28830"},"wordCount":272,"commentCount":0,"publisher":{"@id":"https:\/\/www.latribunedufaso.net\/#organization"},"image":{"@id":"https:\/\/www.latribunedufaso.net\/?p=28830#primaryimage"},"thumbnailUrl":"https:\/\/www.latribunedufaso.net\/wp-content\/uploads\/2026\/04\/FB_IMG_1776686458501.jpg","keywords":["Agence Faso M\u00eabo","Gendarmerie nationale","latribunedufaso.net"],"articleSection":["A la une","Actualit\u00e9","Soci\u00e9t\u00e9"],"inLanguage":"fr-FR","potentialAction":[{"@type":"CommentAction","name":"Comment","target":["https:\/\/www.latribunedufaso.net\/?p=28830#respond"]}]},{"@type":"WebPage","@id":"https:\/\/www.latribunedufaso.net\/?p=28830","url":"https:\/\/www.latribunedufaso.net\/?p=28830","name":"Commandement des Ecoles et Centres de Perfectionnement de la Gendarmerie Nationale : Le personnel apporte son soutien \u00e0 l\u2019Agence Faso M\u00eabo \u00e0 Bobo-Dioulasso - La Tribune du Faso","isPartOf":{"@id":"https:\/\/www.latribunedufaso.net\/#website"},"primaryImageOfPage":{"@id":"https:\/\/www.latribunedufaso.net\/?p=28830#primaryimage"},"image":{"@id":"https:\/\/www.latribunedufaso.net\/?p=28830#primaryimage"},"thumbnailUrl":"https:\/\/www.latribunedufaso.net\/wp-content\/uploads\/2026\/04\/FB_IMG_1776686458501.jpg","datePublished":"2026-04-20T12:06:23+00:00","breadcrumb":{"@id":"https:\/\/www.latribunedufaso.net\/?p=28830#breadcrumb"},"inLanguage":"fr-FR","potentialAction":[{"@type":"ReadAction","target":["https:\/\/www.latribunedufaso.net\/?p=28830"]}]},{"@type":"ImageObject","inLanguage":"fr-FR","@id":"https:\/\/www.latribunedufaso.net\/?p=28830#primaryimage","url":"https:\/\/www.latribunedufaso.net\/wp-content\/uploads\/2026\/04\/FB_IMG_1776686458501.jpg","contentUrl":"https:\/\/www.latribunedufaso.net\/wp-content\/uploads\/2026\/04\/FB_IMG_1776686458501.jpg","width":1080,"height":720,"caption":"Le Commandement des Ecoles et Centres de Perfectionnement de la Gendarmerie Nationale a fait un don \u00e0 l'Agence Faso M\u00eabo Bobo, 18 avril 2026"},{"@type":"BreadcrumbList","@id":"https:\/\/www.latribunedufaso.net\/?p=28830#breadcrumb","itemListElement":[{"@type":"ListItem","position":1,"name":"Accueil","item":"https:\/\/www.latribunedufaso.net\/"},{"@type":"ListItem","position":2,"name":"Commandement des Ecoles et Centres de Perfectionnement de la Gendarmerie Nationale : Le personnel apporte son soutien \u00e0 l\u2019Agence Faso M\u00eabo \u00e0 Bobo-Dioulasso"}]},{"@type":"WebSite","@id":"https:\/\/www.latribunedufaso.net\/#website","url":"https:\/\/www.latribunedufaso.net\/","name":"La Tribune du Faso","description":"L&#039;information du monde rural en un clic","publisher":{"@id":"https:\/\/www.latribunedufaso.net\/#organization"},"potentialAction":[{"@type":"SearchAction","target":{"@type":"EntryPoint","urlTemplate":"https:\/\/www.latribunedufaso.net\/?s={search_term_string}"},"query-input":{"@type":"PropertyValueSpecification","valueRequired":true,"valueName":"search_term_string"}}],"inLanguage":"fr-FR"},{"@type":"Organization","@id":"https:\/\/www.latribunedufaso.net\/#organization","name":"La Tribune du Faso","url":"https:\/\/www.latribunedufaso.net\/","logo":{"@type":"ImageObject","inLanguage":"fr-FR","@id":"https:\/\/www.latribunedufaso.net\/#\/schema\/logo\/image\/","url":"https:\/\/www.latribunedufaso.net\/wp-content\/uploads\/2020\/08\/Logo-Tribune-du-Faso-final-scaled.jpg","contentUrl":"https:\/\/www.latribunedufaso.net\/wp-content\/uploads\/2020\/08\/Logo-Tribune-du-Faso-final-scaled.jpg","width":2560,"height":1856,"caption":"La Tribune du Faso"},"image":{"@id":"https:\/\/www.latribunedufaso.net\/#\/schema\/logo\/image\/"},"sameAs":["https:\/\/www.facebook.com\/LatribuneduFaso\/"]},{"@type":"Person","@id":"https:\/\/www.latribunedufaso.net\/#\/schema\/person\/e54e64c5778a7e72cf80a318b7a622b0","name":"Issouf Tapsoba","image":{"@type":"ImageObject","inLanguage":"fr-FR","@id":"https:\/\/secure.gravatar.com\/avatar\/5e6c05150ce3230247d167f5b94d678eb05936197436d69b7921e3a95c9107ac?s=96&d=mm&r=g","url":"https:\/\/secure.gravatar.com\/avatar\/5e6c05150ce3230247d167f5b94d678eb05936197436d69b7921e3a95c9107ac?s=96&d=mm&r=g","contentUrl":"https:\/\/secure.gravatar.com\/avatar\/5e6c05150ce3230247d167f5b94d678eb05936197436d69b7921e3a95c9107ac?s=96&d=mm&r=g","caption":"Issouf Tapsoba"},"url":"https:\/\/www.latribunedufaso.net\/?author=5"}]}},"_links":{"self":[{"href":"https:\/\/www.latribunedufaso.net\/index.php?rest_route=\/wp\/v2\/posts\/28830","targetHints":{"allow":["GET"]}}],"collection":[{"href":"https:\/\/www.latribunedufaso.net\/index.php?rest_route=\/wp\/v2\/posts"}],"about":[{"href":"https:\/\/www.latribunedufaso.net\/index.php?rest_route=\/wp\/v2\/types\/post"}],"author":[{"embeddable":true,"href":"https:\/\/www.latribunedufaso.net\/index.php?rest_route=\/wp\/v2\/users\/5"}],"replies":[{"embeddable":true,"href":"https:\/\/www.latribunedufaso.net\/index.php?rest_route=%2Fwp%2Fv2%2Fcomments&post=28830"}],"version-history":[{"count":3,"href":"https:\/\/www.latribunedufaso.net\/index.php?rest_route=\/wp\/v2\/posts\/28830\/revisions"}],"predecessor-version":[{"id":28836,"href":"https:\/\/www.latribunedufaso.net\/index.php?rest_route=\/wp\/v2\/posts\/28830\/revisions\/28836"}],"wp:featuredmedia":[{"embeddable":true,"href":"https:\/\/www.latribunedufaso.net\/index.php?rest_route=\/wp\/v2\/media\/28833"}],"wp:attachment":[{"href":"https:\/\/www.latribunedufaso.net\/index.php?rest_route=%2Fwp%2Fv2%2Fmedia&parent=28830"}],"wp:term":[{"taxonomy":"category","embeddable":true,"href":"https:\/\/www.latribunedufaso.net\/index.php?rest_route=%2Fwp%2Fv2%2Fcategories&post=28830"},{"taxonomy":"post_tag","embeddable":true,"href":"https:\/\/www.latribunedufaso.net\/index.php?rest_route=%2Fwp%2Fv2%2Ftags&post=28830"}],"curies":[{"name":"wp","href":"https:\/\/api.w.org\/{rel}","templated":true}]}}