{"id":28608,"date":"2026-04-11T10:12:24","date_gmt":"2026-04-11T10:12:24","guid":{"rendered":"https:\/\/www.latribunedufaso.net\/?p=28608"},"modified":"2026-04-11T10:12:24","modified_gmt":"2026-04-11T10:12:24","slug":"preparatifs-snc-bobo-2026-un-bilan-satisfaisant-a-jour-j-15-de-ledition","status":"publish","type":"post","link":"https:\/\/www.latribunedufaso.net\/?p=28608","title":{"rendered":"Pr\u00e9paratifs SNC Bobo 2026 : Un bilan satisfaisant \u00e0 jour J-15 de l\u2019\u00e9dition"},"content":{"rendered":"<p><strong>Le Comit\u00e9 national d\u2019organisation (CNO) de la Semaine nationale de la culture (SNC) a tenu, le 10 avril 2026, sa septi\u00e8me rencontre \u00e0 la Maison de la culture Monseigneur Anselme Titianma Sanon \u00e0 Bobo-Dioulasso. Plac\u00e9e sous la pr\u00e9sidence du ministre de la Communication, de la Culture, des Arts et du Tourisme, Gilbert Ou\u00e9draogo, cette rencontre a permis de faire le point sur l&rsquo;\u00e9tat d&rsquo;avancement des pr\u00e9paratifs de l\u2019\u00e9v\u00e9nement.<\/strong><!--more--><\/p>\n<p>\u00c0 cette occasion, le Pr\u00e9sident de la D\u00e9l\u00e9gation sp\u00e9ciale communale de Bobo-Dioulasso, Laurent Kontogom, charg\u00e9 de la mobilisation pour la SNC, a pr\u00e9sent\u00e9 un bilan satisfaisant de la dynamique de mobilisation engag\u00e9e sur le terrain. Selon lui, le taux de mobilisation atteint 95 %, soit 48 rencontres d\u00e9j\u00e0 r\u00e9alis\u00e9es avec les diff\u00e9rentes couches sociales et les leaders communautaires.<\/p>\n<figure id=\"attachment_28611\" aria-describedby=\"caption-attachment-28611\" style=\"width: 1998px\" class=\"wp-caption aligncenter\"><a href=\"https:\/\/www.latribunedufaso.net\/wp-content\/uploads\/2026\/04\/FB_IMG_1775901794687.jpg\"><img loading=\"lazy\" decoding=\"async\" class=\"size-full wp-image-28611\" src=\"https:\/\/www.latribunedufaso.net\/wp-content\/uploads\/2026\/04\/FB_IMG_1775901794687.jpg\" alt=\"Dans le cadre des pr\u00e9paratifs de la SNC, le ministre charg\u00e9 de la Communication a rencontr\u00e9 le CNO, 10 avril 2026\" width=\"1998\" height=\"2048\" srcset=\"https:\/\/www.latribunedufaso.net\/wp-content\/uploads\/2026\/04\/FB_IMG_1775901794687.jpg 1998w, https:\/\/www.latribunedufaso.net\/wp-content\/uploads\/2026\/04\/FB_IMG_1775901794687-293x300.jpg 293w, https:\/\/www.latribunedufaso.net\/wp-content\/uploads\/2026\/04\/FB_IMG_1775901794687-999x1024.jpg 999w, https:\/\/www.latribunedufaso.net\/wp-content\/uploads\/2026\/04\/FB_IMG_1775901794687-768x787.jpg 768w, https:\/\/www.latribunedufaso.net\/wp-content\/uploads\/2026\/04\/FB_IMG_1775901794687-1499x1536.jpg 1499w\" sizes=\"auto, (max-width: 1998px) 100vw, 1998px\" \/><\/a><figcaption id=\"caption-attachment-28611\" class=\"wp-caption-text\">Le ministre Gilbert Ou\u00e9draogo a invit\u00e9 les membres du CNO \u00e0 accorder une attention particuli\u00e8re aux d\u00e9tails op\u00e9rationnels &#8211; Ph. DR<\/figcaption><\/figure>\n<p>Les 5 % restants concernent principalement des villages rattach\u00e9s ainsi que certaines communes voisines, qui feront l\u2019objet de sensibilisation et de mobilisation afin de renforcer l\u2019adh\u00e9sion des populations \u00e0 cet \u00e9v\u00e9nement culturel d\u2019envergure nationale.<\/p>\n<p>\u00c0 J-15 de la 22e \u00e9dition de la Semaine nationale de la culture, pr\u00e9vue du 25 avril au 2 mai, les premiers responsables de l\u2019\u00e9v\u00e9nement affichent un optimisme certain quant \u00e0 la r\u00e9ussite de l\u2019\u00e9dition. Le ministre Gilbert Ou\u00e9draogo, s\u2019est dit satisfait de l\u2019\u00e9volution des travaux pr\u00e9paratoires.<\/p>\n<figure id=\"attachment_28612\" aria-describedby=\"caption-attachment-28612\" style=\"width: 2048px\" class=\"wp-caption aligncenter\"><a href=\"https:\/\/www.latribunedufaso.net\/wp-content\/uploads\/2026\/04\/FB_IMG_1775901840770.jpg\"><img loading=\"lazy\" decoding=\"async\" class=\"size-full wp-image-28612\" src=\"https:\/\/www.latribunedufaso.net\/wp-content\/uploads\/2026\/04\/FB_IMG_1775901840770.jpg\" alt=\"Dans le cadre des pr\u00e9paratifs de la SNC, le ministre charg\u00e9 de la Communication a rencontr\u00e9 le CNO, 10 avril 2026\" width=\"2048\" height=\"1365\" srcset=\"https:\/\/www.latribunedufaso.net\/wp-content\/uploads\/2026\/04\/FB_IMG_1775901840770.jpg 2048w, https:\/\/www.latribunedufaso.net\/wp-content\/uploads\/2026\/04\/FB_IMG_1775901840770-300x200.jpg 300w, https:\/\/www.latribunedufaso.net\/wp-content\/uploads\/2026\/04\/FB_IMG_1775901840770-1024x683.jpg 1024w, https:\/\/www.latribunedufaso.net\/wp-content\/uploads\/2026\/04\/FB_IMG_1775901840770-768x512.jpg 768w, https:\/\/www.latribunedufaso.net\/wp-content\/uploads\/2026\/04\/FB_IMG_1775901840770-1536x1024.jpg 1536w, https:\/\/www.latribunedufaso.net\/wp-content\/uploads\/2026\/04\/FB_IMG_1775901840770-840x560.jpg 840w, https:\/\/www.latribunedufaso.net\/wp-content\/uploads\/2026\/04\/FB_IMG_1775901840770-120x80.jpg 120w, https:\/\/www.latribunedufaso.net\/wp-content\/uploads\/2026\/04\/FB_IMG_1775901840770-360x240.jpg 360w, https:\/\/www.latribunedufaso.net\/wp-content\/uploads\/2026\/04\/FB_IMG_1775901840770-600x400.jpg 600w\" sizes=\"auto, (max-width: 2048px) 100vw, 2048px\" \/><\/a><figcaption id=\"caption-attachment-28612\" class=\"wp-caption-text\">Une vue des membres du CNO lors de la rencontre &#8211; Ph. DR<\/figcaption><\/figure>\n<p>Le ministre a, par ailleurs, donn\u00e9 des consignes aux diff\u00e9rentes commissions, les invitant \u00e0 accorder une attention particuli\u00e8re aux d\u00e9tails op\u00e9rationnels, estimant que <em><strong>\u00ab ce sont souvent les d\u00e9tails qui font la diff\u00e9rence dans la r\u00e9ussite d\u2019un grand \u00e9v\u00e9nement \u00bb.<\/strong><\/em><\/p>\n<blockquote>\n<p>Lire aussi &gt;&gt;\u00a0<a href=\"https:\/\/www.latribunedufaso.net\/?p=28585\">Bobo-Dioulasso : Interdiction de circuler pour les poids lourds en centre-ville pendant la SNC<\/a><\/p>\n<\/blockquote>\n<p>Il a encourag\u00e9 l\u2019ensemble des acteurs \u00e0 maintenir la dynamique et \u00e0 redoubler de rigueur afin de garantir une organisation sans faille de cette 22e \u00e9dition de la SNC.<\/p>\n<p><strong>Latribunedufaso.net<\/strong><\/p>\n<p><strong>Source : SICD\/DCRP Commune de Bobo<\/strong><\/p>\n<p><a href=\"https:\/\/www.latribunedufaso.net\/wp-content\/uploads\/2026\/04\/FB_IMG_1775901811224.jpg\"><img loading=\"lazy\" decoding=\"async\" class=\"aligncenter size-full wp-image-28613\" src=\"https:\/\/www.latribunedufaso.net\/wp-content\/uploads\/2026\/04\/FB_IMG_1775901811224.jpg\" alt=\"Dans le cadre des pr\u00e9paratifs de la SNC, le ministre charg\u00e9 de la Communication a rencontr\u00e9 le CNO, 10 avril 2026\" width=\"2048\" height=\"1365\" srcset=\"https:\/\/www.latribunedufaso.net\/wp-content\/uploads\/2026\/04\/FB_IMG_1775901811224.jpg 2048w, https:\/\/www.latribunedufaso.net\/wp-content\/uploads\/2026\/04\/FB_IMG_1775901811224-300x200.jpg 300w, https:\/\/www.latribunedufaso.net\/wp-content\/uploads\/2026\/04\/FB_IMG_1775901811224-1024x683.jpg 1024w, https:\/\/www.latribunedufaso.net\/wp-content\/uploads\/2026\/04\/FB_IMG_1775901811224-768x512.jpg 768w, https:\/\/www.latribunedufaso.net\/wp-content\/uploads\/2026\/04\/FB_IMG_1775901811224-1536x1024.jpg 1536w, https:\/\/www.latribunedufaso.net\/wp-content\/uploads\/2026\/04\/FB_IMG_1775901811224-840x560.jpg 840w, https:\/\/www.latribunedufaso.net\/wp-content\/uploads\/2026\/04\/FB_IMG_1775901811224-120x80.jpg 120w, https:\/\/www.latribunedufaso.net\/wp-content\/uploads\/2026\/04\/FB_IMG_1775901811224-360x240.jpg 360w, https:\/\/www.latribunedufaso.net\/wp-content\/uploads\/2026\/04\/FB_IMG_1775901811224-600x400.jpg 600w\" sizes=\"auto, (max-width: 2048px) 100vw, 2048px\" \/><\/a><\/p>\n","protected":false},"excerpt":{"rendered":"<p>Le Comit\u00e9 national d\u2019organisation (CNO) de la Semaine nationale de la culture (SNC) a tenu, le 10 avril 2026, sa septi\u00e8me rencontre \u00e0 la Maison de la culture Monseigneur Anselme Titianma Sanon \u00e0 Bobo-Dioulasso. Plac\u00e9e sous la pr\u00e9sidence du ministre de la Communication, de la Culture, des Arts et du Tourisme, Gilbert Ou\u00e9draogo, cette rencontre a permis de faire le point sur l&rsquo;\u00e9tat d&rsquo;avancement des pr\u00e9paratifs de l\u2019\u00e9v\u00e9nement.<\/p>\n","protected":false},"author":5,"featured_media":28614,"comment_status":"open","ping_status":"open","sticky":false,"template":"","format":"standard","meta":{"footnotes":""},"categories":[13,1,30],"tags":[39,1600],"class_list":["post-28608","post","type-post","status-publish","format-standard","has-post-thumbnail","hentry","category-une","category-actu","category-art-et-culture","tag-latribunedufaso-net","tag-semaine-nationale-de-la-culture-snc"],"yoast_head":"<!-- This site is optimized with the Yoast SEO plugin v28.3 - https:\/\/yoast.com\/product\/yoast-seo-wordpress\/ -->\n<title>Pr\u00e9paratifs SNC Bobo 2026 : Un bilan satisfaisant \u00e0 jour J-15 de l\u2019\u00e9dition - La Tribune du Faso<\/title>\n<meta name=\"robots\" content=\"index, follow, max-snippet:-1, max-image-preview:large, max-video-preview:-1\" \/>\n<link rel=\"canonical\" href=\"https:\/\/www.latribunedufaso.net\/?p=28608\" \/>\n<meta property=\"og:locale\" content=\"fr_FR\" \/>\n<meta property=\"og:type\" content=\"article\" \/>\n<meta property=\"og:title\" content=\"Pr\u00e9paratifs SNC Bobo 2026 : Un bilan satisfaisant \u00e0 jour J-15 de l\u2019\u00e9dition - La Tribune du Faso\" \/>\n<meta property=\"og:description\" content=\"Le Comit\u00e9 national d\u2019organisation (CNO) de la Semaine nationale de la culture (SNC) a tenu, le 10 avril 2026, sa septi\u00e8me rencontre \u00e0 la Maison de la culture Monseigneur Anselme Titianma Sanon \u00e0 Bobo-Dioulasso. Plac\u00e9e sous la pr\u00e9sidence du ministre de la Communication, de la Culture, des Arts et du Tourisme, Gilbert Ou\u00e9draogo, cette rencontre a permis de faire le point sur l&rsquo;\u00e9tat d&rsquo;avancement des pr\u00e9paratifs de l\u2019\u00e9v\u00e9nement.\" \/>\n<meta property=\"og:url\" content=\"https:\/\/www.latribunedufaso.net\/?p=28608\" \/>\n<meta property=\"og:site_name\" content=\"La Tribune du Faso\" \/>\n<meta property=\"article:publisher\" content=\"https:\/\/www.facebook.com\/LatribuneduFaso\/\" \/>\n<meta property=\"article:published_time\" content=\"2026-04-11T10:12:24+00:00\" \/>\n<meta property=\"og:image\" content=\"https:\/\/www.latribunedufaso.net\/wp-content\/uploads\/2026\/04\/FB_IMG_1775901845035.jpg\" \/>\n\t<meta property=\"og:image:width\" content=\"2048\" \/>\n\t<meta property=\"og:image:height\" content=\"1365\" \/>\n\t<meta property=\"og:image:type\" content=\"image\/jpeg\" \/>\n<meta name=\"author\" content=\"Issouf Tapsoba\" \/>\n<meta name=\"twitter:label1\" content=\"\u00c9crit par\" \/>\n\t<meta name=\"twitter:data1\" content=\"Issouf Tapsoba\" \/>\n\t<meta name=\"twitter:label2\" content=\"Dur\u00e9e de lecture estim\u00e9e\" \/>\n\t<meta name=\"twitter:data2\" content=\"3 minutes\" \/>\n<script type=\"application\/ld+json\" class=\"yoast-schema-graph\">{\"@context\":\"https:\\\/\\\/schema.org\",\"@graph\":[{\"@type\":\"Article\",\"@id\":\"https:\\\/\\\/www.latribunedufaso.net\\\/?p=28608#article\",\"isPartOf\":{\"@id\":\"https:\\\/\\\/www.latribunedufaso.net\\\/?p=28608\"},\"author\":{\"name\":\"Issouf Tapsoba\",\"@id\":\"https:\\\/\\\/www.latribunedufaso.net\\\/#\\\/schema\\\/person\\\/e54e64c5778a7e72cf80a318b7a622b0\"},\"headline\":\"Pr\u00e9paratifs SNC Bobo 2026 : Un bilan satisfaisant \u00e0 jour J-15 de l\u2019\u00e9dition\",\"datePublished\":\"2026-04-11T10:12:24+00:00\",\"mainEntityOfPage\":{\"@id\":\"https:\\\/\\\/www.latribunedufaso.net\\\/?p=28608\"},\"wordCount\":389,\"commentCount\":0,\"publisher\":{\"@id\":\"https:\\\/\\\/www.latribunedufaso.net\\\/#organization\"},\"image\":{\"@id\":\"https:\\\/\\\/www.latribunedufaso.net\\\/?p=28608#primaryimage\"},\"thumbnailUrl\":\"https:\\\/\\\/www.latribunedufaso.net\\\/wp-content\\\/uploads\\\/2026\\\/04\\\/FB_IMG_1775901845035.jpg\",\"keywords\":[\"latribunedufaso.net\",\"Semaine nationale de la culture (SNC)\"],\"articleSection\":[\"A la une\",\"Actualit\u00e9\",\"Art et Culture\"],\"inLanguage\":\"fr-FR\",\"potentialAction\":[{\"@type\":\"CommentAction\",\"name\":\"Comment\",\"target\":[\"https:\\\/\\\/www.latribunedufaso.net\\\/?p=28608#respond\"]}]},{\"@type\":\"WebPage\",\"@id\":\"https:\\\/\\\/www.latribunedufaso.net\\\/?p=28608\",\"url\":\"https:\\\/\\\/www.latribunedufaso.net\\\/?p=28608\",\"name\":\"Pr\u00e9paratifs SNC Bobo 2026 : Un bilan satisfaisant \u00e0 jour J-15 de l\u2019\u00e9dition - La Tribune du Faso\",\"isPartOf\":{\"@id\":\"https:\\\/\\\/www.latribunedufaso.net\\\/#website\"},\"primaryImageOfPage\":{\"@id\":\"https:\\\/\\\/www.latribunedufaso.net\\\/?p=28608#primaryimage\"},\"image\":{\"@id\":\"https:\\\/\\\/www.latribunedufaso.net\\\/?p=28608#primaryimage\"},\"thumbnailUrl\":\"https:\\\/\\\/www.latribunedufaso.net\\\/wp-content\\\/uploads\\\/2026\\\/04\\\/FB_IMG_1775901845035.jpg\",\"datePublished\":\"2026-04-11T10:12:24+00:00\",\"breadcrumb\":{\"@id\":\"https:\\\/\\\/www.latribunedufaso.net\\\/?p=28608#breadcrumb\"},\"inLanguage\":\"fr-FR\",\"potentialAction\":[{\"@type\":\"ReadAction\",\"target\":[\"https:\\\/\\\/www.latribunedufaso.net\\\/?p=28608\"]}]},{\"@type\":\"ImageObject\",\"inLanguage\":\"fr-FR\",\"@id\":\"https:\\\/\\\/www.latribunedufaso.net\\\/?p=28608#primaryimage\",\"url\":\"https:\\\/\\\/www.latribunedufaso.net\\\/wp-content\\\/uploads\\\/2026\\\/04\\\/FB_IMG_1775901845035.jpg\",\"contentUrl\":\"https:\\\/\\\/www.latribunedufaso.net\\\/wp-content\\\/uploads\\\/2026\\\/04\\\/FB_IMG_1775901845035.jpg\",\"width\":2048,\"height\":1365,\"caption\":\"Dans le cadre des pr\u00e9paratifs de la SNC, le ministre charg\u00e9 de la Communication a rencontr\u00e9 le CNO, 10 avril 2026\"},{\"@type\":\"BreadcrumbList\",\"@id\":\"https:\\\/\\\/www.latribunedufaso.net\\\/?p=28608#breadcrumb\",\"itemListElement\":[{\"@type\":\"ListItem\",\"position\":1,\"name\":\"Accueil\",\"item\":\"https:\\\/\\\/www.latribunedufaso.net\\\/\"},{\"@type\":\"ListItem\",\"position\":2,\"name\":\"Pr\u00e9paratifs SNC Bobo 2026 : Un bilan satisfaisant \u00e0 jour J-15 de l\u2019\u00e9dition\"}]},{\"@type\":\"WebSite\",\"@id\":\"https:\\\/\\\/www.latribunedufaso.net\\\/#website\",\"url\":\"https:\\\/\\\/www.latribunedufaso.net\\\/\",\"name\":\"La Tribune du Faso\",\"description\":\"L&#039;information du monde rural en un clic\",\"publisher\":{\"@id\":\"https:\\\/\\\/www.latribunedufaso.net\\\/#organization\"},\"potentialAction\":[{\"@type\":\"SearchAction\",\"target\":{\"@type\":\"EntryPoint\",\"urlTemplate\":\"https:\\\/\\\/www.latribunedufaso.net\\\/?s={search_term_string}\"},\"query-input\":{\"@type\":\"PropertyValueSpecification\",\"valueRequired\":true,\"valueName\":\"search_term_string\"}}],\"inLanguage\":\"fr-FR\"},{\"@type\":\"Organization\",\"@id\":\"https:\\\/\\\/www.latribunedufaso.net\\\/#organization\",\"name\":\"La Tribune du Faso\",\"url\":\"https:\\\/\\\/www.latribunedufaso.net\\\/\",\"logo\":{\"@type\":\"ImageObject\",\"inLanguage\":\"fr-FR\",\"@id\":\"https:\\\/\\\/www.latribunedufaso.net\\\/#\\\/schema\\\/logo\\\/image\\\/\",\"url\":\"https:\\\/\\\/www.latribunedufaso.net\\\/wp-content\\\/uploads\\\/2020\\\/08\\\/Logo-Tribune-du-Faso-final-scaled.jpg\",\"contentUrl\":\"https:\\\/\\\/www.latribunedufaso.net\\\/wp-content\\\/uploads\\\/2020\\\/08\\\/Logo-Tribune-du-Faso-final-scaled.jpg\",\"width\":2560,\"height\":1856,\"caption\":\"La Tribune du Faso\"},\"image\":{\"@id\":\"https:\\\/\\\/www.latribunedufaso.net\\\/#\\\/schema\\\/logo\\\/image\\\/\"},\"sameAs\":[\"https:\\\/\\\/www.facebook.com\\\/LatribuneduFaso\\\/\"]},{\"@type\":\"Person\",\"@id\":\"https:\\\/\\\/www.latribunedufaso.net\\\/#\\\/schema\\\/person\\\/e54e64c5778a7e72cf80a318b7a622b0\",\"name\":\"Issouf Tapsoba\",\"image\":{\"@type\":\"ImageObject\",\"inLanguage\":\"fr-FR\",\"@id\":\"https:\\\/\\\/secure.gravatar.com\\\/avatar\\\/5e6c05150ce3230247d167f5b94d678eb05936197436d69b7921e3a95c9107ac?s=96&d=mm&r=g\",\"url\":\"https:\\\/\\\/secure.gravatar.com\\\/avatar\\\/5e6c05150ce3230247d167f5b94d678eb05936197436d69b7921e3a95c9107ac?s=96&d=mm&r=g\",\"contentUrl\":\"https:\\\/\\\/secure.gravatar.com\\\/avatar\\\/5e6c05150ce3230247d167f5b94d678eb05936197436d69b7921e3a95c9107ac?s=96&d=mm&r=g\",\"caption\":\"Issouf Tapsoba\"},\"url\":\"https:\\\/\\\/www.latribunedufaso.net\\\/?author=5\"}]}<\/script>\n<!-- \/ Yoast SEO plugin. -->","yoast_head_json":{"title":"Pr\u00e9paratifs SNC Bobo 2026 : Un bilan satisfaisant \u00e0 jour J-15 de l\u2019\u00e9dition - La Tribune du Faso","robots":{"index":"index","follow":"follow","max-snippet":"max-snippet:-1","max-image-preview":"max-image-preview:large","max-video-preview":"max-video-preview:-1"},"canonical":"https:\/\/www.latribunedufaso.net\/?p=28608","og_locale":"fr_FR","og_type":"article","og_title":"Pr\u00e9paratifs SNC Bobo 2026 : Un bilan satisfaisant \u00e0 jour J-15 de l\u2019\u00e9dition - La Tribune du Faso","og_description":"Le Comit\u00e9 national d\u2019organisation (CNO) de la Semaine nationale de la culture (SNC) a tenu, le 10 avril 2026, sa septi\u00e8me rencontre \u00e0 la Maison de la culture Monseigneur Anselme Titianma Sanon \u00e0 Bobo-Dioulasso. Plac\u00e9e sous la pr\u00e9sidence du ministre de la Communication, de la Culture, des Arts et du Tourisme, Gilbert Ou\u00e9draogo, cette rencontre a permis de faire le point sur l&rsquo;\u00e9tat d&rsquo;avancement des pr\u00e9paratifs de l\u2019\u00e9v\u00e9nement.","og_url":"https:\/\/www.latribunedufaso.net\/?p=28608","og_site_name":"La Tribune du Faso","article_publisher":"https:\/\/www.facebook.com\/LatribuneduFaso\/","article_published_time":"2026-04-11T10:12:24+00:00","og_image":[{"width":2048,"height":1365,"url":"https:\/\/www.latribunedufaso.net\/wp-content\/uploads\/2026\/04\/FB_IMG_1775901845035.jpg","type":"image\/jpeg"}],"author":"Issouf Tapsoba","twitter_misc":{"\u00c9crit par":"Issouf Tapsoba","Dur\u00e9e de lecture estim\u00e9e":"3 minutes"},"schema":{"@context":"https:\/\/schema.org","@graph":[{"@type":"Article","@id":"https:\/\/www.latribunedufaso.net\/?p=28608#article","isPartOf":{"@id":"https:\/\/www.latribunedufaso.net\/?p=28608"},"author":{"name":"Issouf Tapsoba","@id":"https:\/\/www.latribunedufaso.net\/#\/schema\/person\/e54e64c5778a7e72cf80a318b7a622b0"},"headline":"Pr\u00e9paratifs SNC Bobo 2026 : Un bilan satisfaisant \u00e0 jour J-15 de l\u2019\u00e9dition","datePublished":"2026-04-11T10:12:24+00:00","mainEntityOfPage":{"@id":"https:\/\/www.latribunedufaso.net\/?p=28608"},"wordCount":389,"commentCount":0,"publisher":{"@id":"https:\/\/www.latribunedufaso.net\/#organization"},"image":{"@id":"https:\/\/www.latribunedufaso.net\/?p=28608#primaryimage"},"thumbnailUrl":"https:\/\/www.latribunedufaso.net\/wp-content\/uploads\/2026\/04\/FB_IMG_1775901845035.jpg","keywords":["latribunedufaso.net","Semaine nationale de la culture (SNC)"],"articleSection":["A la une","Actualit\u00e9","Art et Culture"],"inLanguage":"fr-FR","potentialAction":[{"@type":"CommentAction","name":"Comment","target":["https:\/\/www.latribunedufaso.net\/?p=28608#respond"]}]},{"@type":"WebPage","@id":"https:\/\/www.latribunedufaso.net\/?p=28608","url":"https:\/\/www.latribunedufaso.net\/?p=28608","name":"Pr\u00e9paratifs SNC Bobo 2026 : Un bilan satisfaisant \u00e0 jour J-15 de l\u2019\u00e9dition - La Tribune du Faso","isPartOf":{"@id":"https:\/\/www.latribunedufaso.net\/#website"},"primaryImageOfPage":{"@id":"https:\/\/www.latribunedufaso.net\/?p=28608#primaryimage"},"image":{"@id":"https:\/\/www.latribunedufaso.net\/?p=28608#primaryimage"},"thumbnailUrl":"https:\/\/www.latribunedufaso.net\/wp-content\/uploads\/2026\/04\/FB_IMG_1775901845035.jpg","datePublished":"2026-04-11T10:12:24+00:00","breadcrumb":{"@id":"https:\/\/www.latribunedufaso.net\/?p=28608#breadcrumb"},"inLanguage":"fr-FR","potentialAction":[{"@type":"ReadAction","target":["https:\/\/www.latribunedufaso.net\/?p=28608"]}]},{"@type":"ImageObject","inLanguage":"fr-FR","@id":"https:\/\/www.latribunedufaso.net\/?p=28608#primaryimage","url":"https:\/\/www.latribunedufaso.net\/wp-content\/uploads\/2026\/04\/FB_IMG_1775901845035.jpg","contentUrl":"https:\/\/www.latribunedufaso.net\/wp-content\/uploads\/2026\/04\/FB_IMG_1775901845035.jpg","width":2048,"height":1365,"caption":"Dans le cadre des pr\u00e9paratifs de la SNC, le ministre charg\u00e9 de la Communication a rencontr\u00e9 le CNO, 10 avril 2026"},{"@type":"BreadcrumbList","@id":"https:\/\/www.latribunedufaso.net\/?p=28608#breadcrumb","itemListElement":[{"@type":"ListItem","position":1,"name":"Accueil","item":"https:\/\/www.latribunedufaso.net\/"},{"@type":"ListItem","position":2,"name":"Pr\u00e9paratifs SNC Bobo 2026 : Un bilan satisfaisant \u00e0 jour J-15 de l\u2019\u00e9dition"}]},{"@type":"WebSite","@id":"https:\/\/www.latribunedufaso.net\/#website","url":"https:\/\/www.latribunedufaso.net\/","name":"La Tribune du Faso","description":"L&#039;information du monde rural en un clic","publisher":{"@id":"https:\/\/www.latribunedufaso.net\/#organization"},"potentialAction":[{"@type":"SearchAction","target":{"@type":"EntryPoint","urlTemplate":"https:\/\/www.latribunedufaso.net\/?s={search_term_string}"},"query-input":{"@type":"PropertyValueSpecification","valueRequired":true,"valueName":"search_term_string"}}],"inLanguage":"fr-FR"},{"@type":"Organization","@id":"https:\/\/www.latribunedufaso.net\/#organization","name":"La Tribune du Faso","url":"https:\/\/www.latribunedufaso.net\/","logo":{"@type":"ImageObject","inLanguage":"fr-FR","@id":"https:\/\/www.latribunedufaso.net\/#\/schema\/logo\/image\/","url":"https:\/\/www.latribunedufaso.net\/wp-content\/uploads\/2020\/08\/Logo-Tribune-du-Faso-final-scaled.jpg","contentUrl":"https:\/\/www.latribunedufaso.net\/wp-content\/uploads\/2020\/08\/Logo-Tribune-du-Faso-final-scaled.jpg","width":2560,"height":1856,"caption":"La Tribune du Faso"},"image":{"@id":"https:\/\/www.latribunedufaso.net\/#\/schema\/logo\/image\/"},"sameAs":["https:\/\/www.facebook.com\/LatribuneduFaso\/"]},{"@type":"Person","@id":"https:\/\/www.latribunedufaso.net\/#\/schema\/person\/e54e64c5778a7e72cf80a318b7a622b0","name":"Issouf Tapsoba","image":{"@type":"ImageObject","inLanguage":"fr-FR","@id":"https:\/\/secure.gravatar.com\/avatar\/5e6c05150ce3230247d167f5b94d678eb05936197436d69b7921e3a95c9107ac?s=96&d=mm&r=g","url":"https:\/\/secure.gravatar.com\/avatar\/5e6c05150ce3230247d167f5b94d678eb05936197436d69b7921e3a95c9107ac?s=96&d=mm&r=g","contentUrl":"https:\/\/secure.gravatar.com\/avatar\/5e6c05150ce3230247d167f5b94d678eb05936197436d69b7921e3a95c9107ac?s=96&d=mm&r=g","caption":"Issouf Tapsoba"},"url":"https:\/\/www.latribunedufaso.net\/?author=5"}]}},"_links":{"self":[{"href":"https:\/\/www.latribunedufaso.net\/index.php?rest_route=\/wp\/v2\/posts\/28608","targetHints":{"allow":["GET"]}}],"collection":[{"href":"https:\/\/www.latribunedufaso.net\/index.php?rest_route=\/wp\/v2\/posts"}],"about":[{"href":"https:\/\/www.latribunedufaso.net\/index.php?rest_route=\/wp\/v2\/types\/post"}],"author":[{"embeddable":true,"href":"https:\/\/www.latribunedufaso.net\/index.php?rest_route=\/wp\/v2\/users\/5"}],"replies":[{"embeddable":true,"href":"https:\/\/www.latribunedufaso.net\/index.php?rest_route=%2Fwp%2Fv2%2Fcomments&post=28608"}],"version-history":[{"count":3,"href":"https:\/\/www.latribunedufaso.net\/index.php?rest_route=\/wp\/v2\/posts\/28608\/revisions"}],"predecessor-version":[{"id":28615,"href":"https:\/\/www.latribunedufaso.net\/index.php?rest_route=\/wp\/v2\/posts\/28608\/revisions\/28615"}],"wp:featuredmedia":[{"embeddable":true,"href":"https:\/\/www.latribunedufaso.net\/index.php?rest_route=\/wp\/v2\/media\/28614"}],"wp:attachment":[{"href":"https:\/\/www.latribunedufaso.net\/index.php?rest_route=%2Fwp%2Fv2%2Fmedia&parent=28608"}],"wp:term":[{"taxonomy":"category","embeddable":true,"href":"https:\/\/www.latribunedufaso.net\/index.php?rest_route=%2Fwp%2Fv2%2Fcategories&post=28608"},{"taxonomy":"post_tag","embeddable":true,"href":"https:\/\/www.latribunedufaso.net\/index.php?rest_route=%2Fwp%2Fv2%2Ftags&post=28608"}],"curies":[{"name":"wp","href":"https:\/\/api.w.org\/{rel}","templated":true}]}}