{"id":28265,"date":"2026-03-18T14:17:07","date_gmt":"2026-03-18T14:17:07","guid":{"rendered":"https:\/\/www.latribunedufaso.net\/?p=28265"},"modified":"2026-03-24T14:28:49","modified_gmt":"2026-03-24T14:28:49","slug":"fonafis-2026-plus-de-400-acteurs-attendus-a-ouagadougou-pour-revolutionner-le-systeme-de-sante-burkinabe","status":"publish","type":"post","link":"https:\/\/www.latribunedufaso.net\/?p=28265","title":{"rendered":"FONAFIS 2026 : Plus de 400 acteurs attendus \u00e0 Ouagadougou pour r\u00e9volutionner le syst\u00e8me de sant\u00e9 burkinab\u00e8"},"content":{"rendered":"<p><strong>Le ministre\u00a0 de la Sant\u00e9, Robert Kargougou, a pr\u00e9sid\u00e9 le 18 mars 2026 \u00e0 Ouagadougou, la conf\u00e9rence de presse marquant le lancement officiel de la premi\u00e8re \u00e9dition du Forum national sur le financement de la sant\u00e9 (FONAFIS 2026).<\/strong><!--more--><\/p>\n<p>Plac\u00e9e sous le tr\u00e8s haut patronage du pr\u00e9sident du Faso, le Capitaine Ibrahim Traor\u00e9, cette premi\u00e8re \u00e9dition aura lieu du 25 au 27 mars 2026 \u00e0 la salle de conf\u00e9rence de Ouaga 2000. Elle r\u00e9unira plus de 400 participants issus des sph\u00e8res politique, sanitaire, institutionnelle et du secteur priv\u00e9.<\/p>\n<p>Il s\u2019articulera autour du th\u00e8me, <em><strong>\u00ab b\u00e2tir un syst\u00e8me de financement de la sant\u00e9 efficient et \u00e9quitable pour une souverainet\u00e9 sanitaire et la r\u00e9alisation des objectifs du plan national de d\u00e9veloppement 2026-2030 \u00bb.<\/strong><\/em><\/p>\n<p>Selon le ministre en charge de la sant\u00e9, Robert Kargougou, le FONAFIS 2026 se veut une plateforme de d\u00e9cisions et d\u2019engagements, avec pour objectif l\u2019\u00e9laboration d\u2019une feuille de route op\u00e9rationnelle \u00e0 l\u2019horizon 2030.\u00a0<\/p>\n<figure id=\"attachment_28269\" aria-describedby=\"caption-attachment-28269\" style=\"width: 1280px\" class=\"wp-caption aligncenter\"><a href=\"https:\/\/www.latribunedufaso.net\/wp-content\/uploads\/2026\/03\/IMG-20260324-WA0041.jpg\"><img loading=\"lazy\" decoding=\"async\" class=\"size-full wp-image-28269\" src=\"https:\/\/www.latribunedufaso.net\/wp-content\/uploads\/2026\/03\/IMG-20260324-WA0041.jpg\" alt=\"Conf\u00e9rence de presse de lancement de la 1ere \u00e9dition du Forum national sur le financement de la sant\u00e9, 18 mars 2026\" width=\"1280\" height=\"960\" srcset=\"https:\/\/www.latribunedufaso.net\/wp-content\/uploads\/2026\/03\/IMG-20260324-WA0041.jpg 1280w, https:\/\/www.latribunedufaso.net\/wp-content\/uploads\/2026\/03\/IMG-20260324-WA0041-300x225.jpg 300w, https:\/\/www.latribunedufaso.net\/wp-content\/uploads\/2026\/03\/IMG-20260324-WA0041-1024x768.jpg 1024w, https:\/\/www.latribunedufaso.net\/wp-content\/uploads\/2026\/03\/IMG-20260324-WA0041-768x576.jpg 768w\" sizes=\"auto, (max-width: 1280px) 100vw, 1280px\" \/><\/a><figcaption id=\"caption-attachment-28269\" class=\"wp-caption-text\">Le ministre\u00a0de la Sant\u00e9, Robert Kargougou &#8211; Ph. I. Tougma<\/figcaption><\/figure>\n<p>Pour lui, le forum ambitionne de relever les d\u00e9fis li\u00e9s au financement du syst\u00e8me de sant\u00e9 burkinab\u00e8, consid\u00e9r\u00e9 comme un levier essentiel pour garantir des soins accessibles et \u00e9quitables.\u00a0<\/p>\n<figure id=\"attachment_28270\" aria-describedby=\"caption-attachment-28270\" style=\"width: 1280px\" class=\"wp-caption aligncenter\"><a href=\"https:\/\/www.latribunedufaso.net\/wp-content\/uploads\/2026\/03\/IMG-20260324-WA0042.jpg\"><img loading=\"lazy\" decoding=\"async\" class=\"size-full wp-image-28270\" src=\"https:\/\/www.latribunedufaso.net\/wp-content\/uploads\/2026\/03\/IMG-20260324-WA0042.jpg\" alt=\"Conf\u00e9rence de presse de lancement de la 1ere \u00e9dition du Forum national sur le financement de la sant\u00e9, 18 mars 2026\" width=\"1280\" height=\"960\" srcset=\"https:\/\/www.latribunedufaso.net\/wp-content\/uploads\/2026\/03\/IMG-20260324-WA0042.jpg 1280w, https:\/\/www.latribunedufaso.net\/wp-content\/uploads\/2026\/03\/IMG-20260324-WA0042-300x225.jpg 300w, https:\/\/www.latribunedufaso.net\/wp-content\/uploads\/2026\/03\/IMG-20260324-WA0042-1024x768.jpg 1024w, https:\/\/www.latribunedufaso.net\/wp-content\/uploads\/2026\/03\/IMG-20260324-WA0042-768x576.jpg 768w\" sizes=\"auto, (max-width: 1280px) 100vw, 1280px\" \/><\/a><figcaption id=\"caption-attachment-28270\" class=\"wp-caption-text\">Une vue des participants \u00e0 la conf\u00e9rence de presse &#8211; Ph. I. Tougma<\/figcaption><\/figure>\n<p>La conf\u00e9rence de presse a \u00e9t\u00e9 marqu\u00e9e par un clique de lancement du ministre sur le site de la FONAFIS.<\/p>\n<blockquote>\n<p>Lire aussi &gt;&gt;\u00a0<a href=\"https:\/\/www.latribunedufaso.net\/?p=28039\">Journ\u00e9e mondiale du rein 2026 : Le Ministre de la Sant\u00e9 appelle \u00e0 une mobilisation nationale pour la pr\u00e9vention<\/a><\/p>\n<\/blockquote>\n<p>Notons qu\u2019au total, 27 sessions th\u00e9matiques sont pr\u00e9vues autour de trois axes majeurs, la souverainet\u00e9 sanitaire, la mobilisation des ressources nationales et la protection des populations.<\/p>\n<p><strong>In\u00e8s TOUGMA\u00a0<\/strong><\/p>\n<p><strong>Latribunedufaso.net<\/strong><\/p>\n","protected":false},"excerpt":{"rendered":"<p>Le ministre\u00a0 de la Sant\u00e9, Robert Kargougou, a pr\u00e9sid\u00e9 le 18 mars 2026 \u00e0 Ouagadougou, la conf\u00e9rence de presse marquant le lancement officiel de la premi\u00e8re \u00e9dition du Forum national sur le financement de la sant\u00e9 (FONAFIS 2026).<\/p>\n","protected":false},"author":5,"featured_media":28268,"comment_status":"open","ping_status":"open","sticky":false,"template":"","format":"standard","meta":{"footnotes":""},"categories":[13,1,7],"tags":[1512,39],"class_list":["post-28265","post","type-post","status-publish","format-standard","has-post-thumbnail","hentry","category-une","category-actu","category-sante","tag-forum-national-sur-le-financement-de-la-sante","tag-latribunedufaso-net"],"yoast_head":"<!-- This site is optimized with the Yoast SEO plugin v27.5 - https:\/\/yoast.com\/product\/yoast-seo-wordpress\/ -->\n<title>FONAFIS 2026 : Plus de 400 acteurs attendus \u00e0 Ouagadougou pour r\u00e9volutionner le syst\u00e8me de sant\u00e9 burkinab\u00e8 - La Tribune du Faso<\/title>\n<meta name=\"robots\" content=\"index, follow, max-snippet:-1, max-image-preview:large, max-video-preview:-1\" \/>\n<link rel=\"canonical\" href=\"https:\/\/www.latribunedufaso.net\/?p=28265\" \/>\n<meta property=\"og:locale\" content=\"fr_FR\" \/>\n<meta property=\"og:type\" content=\"article\" \/>\n<meta property=\"og:title\" content=\"FONAFIS 2026 : Plus de 400 acteurs attendus \u00e0 Ouagadougou pour r\u00e9volutionner le syst\u00e8me de sant\u00e9 burkinab\u00e8 - La Tribune du Faso\" \/>\n<meta property=\"og:description\" content=\"Le ministre\u00a0 de la Sant\u00e9, Robert Kargougou, a pr\u00e9sid\u00e9 le 18 mars 2026 \u00e0 Ouagadougou, la conf\u00e9rence de presse marquant le lancement officiel de la premi\u00e8re \u00e9dition du Forum national sur le financement de la sant\u00e9 (FONAFIS 2026).\" \/>\n<meta property=\"og:url\" content=\"https:\/\/www.latribunedufaso.net\/?p=28265\" \/>\n<meta property=\"og:site_name\" content=\"La Tribune du Faso\" \/>\n<meta property=\"article:publisher\" content=\"https:\/\/www.facebook.com\/LatribuneduFaso\/\" \/>\n<meta property=\"article:published_time\" content=\"2026-03-18T14:17:07+00:00\" \/>\n<meta property=\"article:modified_time\" content=\"2026-03-24T14:28:49+00:00\" \/>\n<meta property=\"og:image\" content=\"https:\/\/www.latribunedufaso.net\/wp-content\/uploads\/2026\/03\/IMG-20260324-WA0044.jpg\" \/>\n\t<meta property=\"og:image:width\" content=\"2560\" \/>\n\t<meta property=\"og:image:height\" content=\"1920\" \/>\n\t<meta property=\"og:image:type\" content=\"image\/jpeg\" \/>\n<meta name=\"author\" content=\"Issouf Tapsoba\" \/>\n<meta name=\"twitter:label1\" content=\"\u00c9crit par\" \/>\n\t<meta name=\"twitter:data1\" content=\"Issouf Tapsoba\" \/>\n\t<meta name=\"twitter:label2\" content=\"Dur\u00e9e de lecture estim\u00e9e\" \/>\n\t<meta name=\"twitter:data2\" content=\"2 minutes\" \/>\n<script type=\"application\/ld+json\" class=\"yoast-schema-graph\">{\"@context\":\"https:\\\/\\\/schema.org\",\"@graph\":[{\"@type\":\"Article\",\"@id\":\"https:\\\/\\\/www.latribunedufaso.net\\\/?p=28265#article\",\"isPartOf\":{\"@id\":\"https:\\\/\\\/www.latribunedufaso.net\\\/?p=28265\"},\"author\":{\"name\":\"Issouf Tapsoba\",\"@id\":\"https:\\\/\\\/www.latribunedufaso.net\\\/#\\\/schema\\\/person\\\/e54e64c5778a7e72cf80a318b7a622b0\"},\"headline\":\"FONAFIS 2026 : Plus de 400 acteurs attendus \u00e0 Ouagadougou pour r\u00e9volutionner le syst\u00e8me de sant\u00e9 burkinab\u00e8\",\"datePublished\":\"2026-03-18T14:17:07+00:00\",\"dateModified\":\"2026-03-24T14:28:49+00:00\",\"mainEntityOfPage\":{\"@id\":\"https:\\\/\\\/www.latribunedufaso.net\\\/?p=28265\"},\"wordCount\":323,\"commentCount\":0,\"publisher\":{\"@id\":\"https:\\\/\\\/www.latribunedufaso.net\\\/#organization\"},\"image\":{\"@id\":\"https:\\\/\\\/www.latribunedufaso.net\\\/?p=28265#primaryimage\"},\"thumbnailUrl\":\"https:\\\/\\\/www.latribunedufaso.net\\\/wp-content\\\/uploads\\\/2026\\\/03\\\/IMG-20260324-WA0044.jpg\",\"keywords\":[\"forum national sur le financement de la sant\u00e9\",\"latribunedufaso.net\"],\"articleSection\":[\"A la une\",\"Actualit\u00e9\",\"Sant\u00e9\"],\"inLanguage\":\"fr-FR\",\"potentialAction\":[{\"@type\":\"CommentAction\",\"name\":\"Comment\",\"target\":[\"https:\\\/\\\/www.latribunedufaso.net\\\/?p=28265#respond\"]}]},{\"@type\":\"WebPage\",\"@id\":\"https:\\\/\\\/www.latribunedufaso.net\\\/?p=28265\",\"url\":\"https:\\\/\\\/www.latribunedufaso.net\\\/?p=28265\",\"name\":\"FONAFIS 2026 : Plus de 400 acteurs attendus \u00e0 Ouagadougou pour r\u00e9volutionner le syst\u00e8me de sant\u00e9 burkinab\u00e8 - La Tribune du Faso\",\"isPartOf\":{\"@id\":\"https:\\\/\\\/www.latribunedufaso.net\\\/#website\"},\"primaryImageOfPage\":{\"@id\":\"https:\\\/\\\/www.latribunedufaso.net\\\/?p=28265#primaryimage\"},\"image\":{\"@id\":\"https:\\\/\\\/www.latribunedufaso.net\\\/?p=28265#primaryimage\"},\"thumbnailUrl\":\"https:\\\/\\\/www.latribunedufaso.net\\\/wp-content\\\/uploads\\\/2026\\\/03\\\/IMG-20260324-WA0044.jpg\",\"datePublished\":\"2026-03-18T14:17:07+00:00\",\"dateModified\":\"2026-03-24T14:28:49+00:00\",\"breadcrumb\":{\"@id\":\"https:\\\/\\\/www.latribunedufaso.net\\\/?p=28265#breadcrumb\"},\"inLanguage\":\"fr-FR\",\"potentialAction\":[{\"@type\":\"ReadAction\",\"target\":[\"https:\\\/\\\/www.latribunedufaso.net\\\/?p=28265\"]}]},{\"@type\":\"ImageObject\",\"inLanguage\":\"fr-FR\",\"@id\":\"https:\\\/\\\/www.latribunedufaso.net\\\/?p=28265#primaryimage\",\"url\":\"https:\\\/\\\/www.latribunedufaso.net\\\/wp-content\\\/uploads\\\/2026\\\/03\\\/IMG-20260324-WA0044.jpg\",\"contentUrl\":\"https:\\\/\\\/www.latribunedufaso.net\\\/wp-content\\\/uploads\\\/2026\\\/03\\\/IMG-20260324-WA0044.jpg\",\"width\":2560,\"height\":1920,\"caption\":\"Conf\u00e9rence de presse de lancement de la 1ere \u00e9dition du Forum national sur le financement de la sant\u00e9, 18 mars 2026\"},{\"@type\":\"BreadcrumbList\",\"@id\":\"https:\\\/\\\/www.latribunedufaso.net\\\/?p=28265#breadcrumb\",\"itemListElement\":[{\"@type\":\"ListItem\",\"position\":1,\"name\":\"Accueil\",\"item\":\"https:\\\/\\\/www.latribunedufaso.net\\\/\"},{\"@type\":\"ListItem\",\"position\":2,\"name\":\"FONAFIS 2026 : Plus de 400 acteurs attendus \u00e0 Ouagadougou pour r\u00e9volutionner le syst\u00e8me de sant\u00e9 burkinab\u00e8\"}]},{\"@type\":\"WebSite\",\"@id\":\"https:\\\/\\\/www.latribunedufaso.net\\\/#website\",\"url\":\"https:\\\/\\\/www.latribunedufaso.net\\\/\",\"name\":\"La Tribune du Faso\",\"description\":\"L&#039;information du monde rural en un clic\",\"publisher\":{\"@id\":\"https:\\\/\\\/www.latribunedufaso.net\\\/#organization\"},\"potentialAction\":[{\"@type\":\"SearchAction\",\"target\":{\"@type\":\"EntryPoint\",\"urlTemplate\":\"https:\\\/\\\/www.latribunedufaso.net\\\/?s={search_term_string}\"},\"query-input\":{\"@type\":\"PropertyValueSpecification\",\"valueRequired\":true,\"valueName\":\"search_term_string\"}}],\"inLanguage\":\"fr-FR\"},{\"@type\":\"Organization\",\"@id\":\"https:\\\/\\\/www.latribunedufaso.net\\\/#organization\",\"name\":\"La Tribune du Faso\",\"url\":\"https:\\\/\\\/www.latribunedufaso.net\\\/\",\"logo\":{\"@type\":\"ImageObject\",\"inLanguage\":\"fr-FR\",\"@id\":\"https:\\\/\\\/www.latribunedufaso.net\\\/#\\\/schema\\\/logo\\\/image\\\/\",\"url\":\"https:\\\/\\\/www.latribunedufaso.net\\\/wp-content\\\/uploads\\\/2020\\\/08\\\/Logo-Tribune-du-Faso-final-scaled.jpg\",\"contentUrl\":\"https:\\\/\\\/www.latribunedufaso.net\\\/wp-content\\\/uploads\\\/2020\\\/08\\\/Logo-Tribune-du-Faso-final-scaled.jpg\",\"width\":2560,\"height\":1856,\"caption\":\"La Tribune du Faso\"},\"image\":{\"@id\":\"https:\\\/\\\/www.latribunedufaso.net\\\/#\\\/schema\\\/logo\\\/image\\\/\"},\"sameAs\":[\"https:\\\/\\\/www.facebook.com\\\/LatribuneduFaso\\\/\"]},{\"@type\":\"Person\",\"@id\":\"https:\\\/\\\/www.latribunedufaso.net\\\/#\\\/schema\\\/person\\\/e54e64c5778a7e72cf80a318b7a622b0\",\"name\":\"Issouf Tapsoba\",\"image\":{\"@type\":\"ImageObject\",\"inLanguage\":\"fr-FR\",\"@id\":\"https:\\\/\\\/secure.gravatar.com\\\/avatar\\\/5e6c05150ce3230247d167f5b94d678eb05936197436d69b7921e3a95c9107ac?s=96&d=mm&r=g\",\"url\":\"https:\\\/\\\/secure.gravatar.com\\\/avatar\\\/5e6c05150ce3230247d167f5b94d678eb05936197436d69b7921e3a95c9107ac?s=96&d=mm&r=g\",\"contentUrl\":\"https:\\\/\\\/secure.gravatar.com\\\/avatar\\\/5e6c05150ce3230247d167f5b94d678eb05936197436d69b7921e3a95c9107ac?s=96&d=mm&r=g\",\"caption\":\"Issouf Tapsoba\"},\"url\":\"https:\\\/\\\/www.latribunedufaso.net\\\/?author=5\"}]}<\/script>\n<!-- \/ Yoast SEO plugin. -->","yoast_head_json":{"title":"FONAFIS 2026 : Plus de 400 acteurs attendus \u00e0 Ouagadougou pour r\u00e9volutionner le syst\u00e8me de sant\u00e9 burkinab\u00e8 - La Tribune du Faso","robots":{"index":"index","follow":"follow","max-snippet":"max-snippet:-1","max-image-preview":"max-image-preview:large","max-video-preview":"max-video-preview:-1"},"canonical":"https:\/\/www.latribunedufaso.net\/?p=28265","og_locale":"fr_FR","og_type":"article","og_title":"FONAFIS 2026 : Plus de 400 acteurs attendus \u00e0 Ouagadougou pour r\u00e9volutionner le syst\u00e8me de sant\u00e9 burkinab\u00e8 - La Tribune du Faso","og_description":"Le ministre\u00a0 de la Sant\u00e9, Robert Kargougou, a pr\u00e9sid\u00e9 le 18 mars 2026 \u00e0 Ouagadougou, la conf\u00e9rence de presse marquant le lancement officiel de la premi\u00e8re \u00e9dition du Forum national sur le financement de la sant\u00e9 (FONAFIS 2026).","og_url":"https:\/\/www.latribunedufaso.net\/?p=28265","og_site_name":"La Tribune du Faso","article_publisher":"https:\/\/www.facebook.com\/LatribuneduFaso\/","article_published_time":"2026-03-18T14:17:07+00:00","article_modified_time":"2026-03-24T14:28:49+00:00","og_image":[{"width":2560,"height":1920,"url":"https:\/\/www.latribunedufaso.net\/wp-content\/uploads\/2026\/03\/IMG-20260324-WA0044.jpg","type":"image\/jpeg"}],"author":"Issouf Tapsoba","twitter_misc":{"\u00c9crit par":"Issouf Tapsoba","Dur\u00e9e de lecture estim\u00e9e":"2 minutes"},"schema":{"@context":"https:\/\/schema.org","@graph":[{"@type":"Article","@id":"https:\/\/www.latribunedufaso.net\/?p=28265#article","isPartOf":{"@id":"https:\/\/www.latribunedufaso.net\/?p=28265"},"author":{"name":"Issouf Tapsoba","@id":"https:\/\/www.latribunedufaso.net\/#\/schema\/person\/e54e64c5778a7e72cf80a318b7a622b0"},"headline":"FONAFIS 2026 : Plus de 400 acteurs attendus \u00e0 Ouagadougou pour r\u00e9volutionner le syst\u00e8me de sant\u00e9 burkinab\u00e8","datePublished":"2026-03-18T14:17:07+00:00","dateModified":"2026-03-24T14:28:49+00:00","mainEntityOfPage":{"@id":"https:\/\/www.latribunedufaso.net\/?p=28265"},"wordCount":323,"commentCount":0,"publisher":{"@id":"https:\/\/www.latribunedufaso.net\/#organization"},"image":{"@id":"https:\/\/www.latribunedufaso.net\/?p=28265#primaryimage"},"thumbnailUrl":"https:\/\/www.latribunedufaso.net\/wp-content\/uploads\/2026\/03\/IMG-20260324-WA0044.jpg","keywords":["forum national sur le financement de la sant\u00e9","latribunedufaso.net"],"articleSection":["A la une","Actualit\u00e9","Sant\u00e9"],"inLanguage":"fr-FR","potentialAction":[{"@type":"CommentAction","name":"Comment","target":["https:\/\/www.latribunedufaso.net\/?p=28265#respond"]}]},{"@type":"WebPage","@id":"https:\/\/www.latribunedufaso.net\/?p=28265","url":"https:\/\/www.latribunedufaso.net\/?p=28265","name":"FONAFIS 2026 : Plus de 400 acteurs attendus \u00e0 Ouagadougou pour r\u00e9volutionner le syst\u00e8me de sant\u00e9 burkinab\u00e8 - La Tribune du Faso","isPartOf":{"@id":"https:\/\/www.latribunedufaso.net\/#website"},"primaryImageOfPage":{"@id":"https:\/\/www.latribunedufaso.net\/?p=28265#primaryimage"},"image":{"@id":"https:\/\/www.latribunedufaso.net\/?p=28265#primaryimage"},"thumbnailUrl":"https:\/\/www.latribunedufaso.net\/wp-content\/uploads\/2026\/03\/IMG-20260324-WA0044.jpg","datePublished":"2026-03-18T14:17:07+00:00","dateModified":"2026-03-24T14:28:49+00:00","breadcrumb":{"@id":"https:\/\/www.latribunedufaso.net\/?p=28265#breadcrumb"},"inLanguage":"fr-FR","potentialAction":[{"@type":"ReadAction","target":["https:\/\/www.latribunedufaso.net\/?p=28265"]}]},{"@type":"ImageObject","inLanguage":"fr-FR","@id":"https:\/\/www.latribunedufaso.net\/?p=28265#primaryimage","url":"https:\/\/www.latribunedufaso.net\/wp-content\/uploads\/2026\/03\/IMG-20260324-WA0044.jpg","contentUrl":"https:\/\/www.latribunedufaso.net\/wp-content\/uploads\/2026\/03\/IMG-20260324-WA0044.jpg","width":2560,"height":1920,"caption":"Conf\u00e9rence de presse de lancement de la 1ere \u00e9dition du Forum national sur le financement de la sant\u00e9, 18 mars 2026"},{"@type":"BreadcrumbList","@id":"https:\/\/www.latribunedufaso.net\/?p=28265#breadcrumb","itemListElement":[{"@type":"ListItem","position":1,"name":"Accueil","item":"https:\/\/www.latribunedufaso.net\/"},{"@type":"ListItem","position":2,"name":"FONAFIS 2026 : Plus de 400 acteurs attendus \u00e0 Ouagadougou pour r\u00e9volutionner le syst\u00e8me de sant\u00e9 burkinab\u00e8"}]},{"@type":"WebSite","@id":"https:\/\/www.latribunedufaso.net\/#website","url":"https:\/\/www.latribunedufaso.net\/","name":"La Tribune du Faso","description":"L&#039;information du monde rural en un clic","publisher":{"@id":"https:\/\/www.latribunedufaso.net\/#organization"},"potentialAction":[{"@type":"SearchAction","target":{"@type":"EntryPoint","urlTemplate":"https:\/\/www.latribunedufaso.net\/?s={search_term_string}"},"query-input":{"@type":"PropertyValueSpecification","valueRequired":true,"valueName":"search_term_string"}}],"inLanguage":"fr-FR"},{"@type":"Organization","@id":"https:\/\/www.latribunedufaso.net\/#organization","name":"La Tribune du Faso","url":"https:\/\/www.latribunedufaso.net\/","logo":{"@type":"ImageObject","inLanguage":"fr-FR","@id":"https:\/\/www.latribunedufaso.net\/#\/schema\/logo\/image\/","url":"https:\/\/www.latribunedufaso.net\/wp-content\/uploads\/2020\/08\/Logo-Tribune-du-Faso-final-scaled.jpg","contentUrl":"https:\/\/www.latribunedufaso.net\/wp-content\/uploads\/2020\/08\/Logo-Tribune-du-Faso-final-scaled.jpg","width":2560,"height":1856,"caption":"La Tribune du Faso"},"image":{"@id":"https:\/\/www.latribunedufaso.net\/#\/schema\/logo\/image\/"},"sameAs":["https:\/\/www.facebook.com\/LatribuneduFaso\/"]},{"@type":"Person","@id":"https:\/\/www.latribunedufaso.net\/#\/schema\/person\/e54e64c5778a7e72cf80a318b7a622b0","name":"Issouf Tapsoba","image":{"@type":"ImageObject","inLanguage":"fr-FR","@id":"https:\/\/secure.gravatar.com\/avatar\/5e6c05150ce3230247d167f5b94d678eb05936197436d69b7921e3a95c9107ac?s=96&d=mm&r=g","url":"https:\/\/secure.gravatar.com\/avatar\/5e6c05150ce3230247d167f5b94d678eb05936197436d69b7921e3a95c9107ac?s=96&d=mm&r=g","contentUrl":"https:\/\/secure.gravatar.com\/avatar\/5e6c05150ce3230247d167f5b94d678eb05936197436d69b7921e3a95c9107ac?s=96&d=mm&r=g","caption":"Issouf Tapsoba"},"url":"https:\/\/www.latribunedufaso.net\/?author=5"}]}},"_links":{"self":[{"href":"https:\/\/www.latribunedufaso.net\/index.php?rest_route=\/wp\/v2\/posts\/28265","targetHints":{"allow":["GET"]}}],"collection":[{"href":"https:\/\/www.latribunedufaso.net\/index.php?rest_route=\/wp\/v2\/posts"}],"about":[{"href":"https:\/\/www.latribunedufaso.net\/index.php?rest_route=\/wp\/v2\/types\/post"}],"author":[{"embeddable":true,"href":"https:\/\/www.latribunedufaso.net\/index.php?rest_route=\/wp\/v2\/users\/5"}],"replies":[{"embeddable":true,"href":"https:\/\/www.latribunedufaso.net\/index.php?rest_route=%2Fwp%2Fv2%2Fcomments&post=28265"}],"version-history":[{"count":4,"href":"https:\/\/www.latribunedufaso.net\/index.php?rest_route=\/wp\/v2\/posts\/28265\/revisions"}],"predecessor-version":[{"id":28272,"href":"https:\/\/www.latribunedufaso.net\/index.php?rest_route=\/wp\/v2\/posts\/28265\/revisions\/28272"}],"wp:featuredmedia":[{"embeddable":true,"href":"https:\/\/www.latribunedufaso.net\/index.php?rest_route=\/wp\/v2\/media\/28268"}],"wp:attachment":[{"href":"https:\/\/www.latribunedufaso.net\/index.php?rest_route=%2Fwp%2Fv2%2Fmedia&parent=28265"}],"wp:term":[{"taxonomy":"category","embeddable":true,"href":"https:\/\/www.latribunedufaso.net\/index.php?rest_route=%2Fwp%2Fv2%2Fcategories&post=28265"},{"taxonomy":"post_tag","embeddable":true,"href":"https:\/\/www.latribunedufaso.net\/index.php?rest_route=%2Fwp%2Fv2%2Ftags&post=28265"}],"curies":[{"name":"wp","href":"https:\/\/api.w.org\/{rel}","templated":true}]}}