{"id":28221,"date":"2026-03-18T20:30:20","date_gmt":"2026-03-18T20:30:20","guid":{"rendered":"https:\/\/www.latribunedufaso.net\/?p=28221"},"modified":"2026-03-18T20:30:20","modified_gmt":"2026-03-18T20:30:20","slug":"cinema-les-directeurs-de-la-cinematographie-de-luemoa-et-de-la-guinee-adoptent-la-declaration-de-ouagadougou","status":"publish","type":"post","link":"https:\/\/www.latribunedufaso.net\/?p=28221","title":{"rendered":"Cin\u00e9ma : Les directeurs de la cin\u00e9matographie de l\u2019UEMOA et de la Guin\u00e9e adoptent la D\u00e9claration de Ouagadougou"},"content":{"rendered":"<p><strong>Les travaux de la rencontre des directeurs de la cin\u00e9matographie des \u00c9tats membres de l\u2019UEMOA et de la Guin\u00e9e Conakry se sont achev\u00e9s ce 18 mars 2026 sous la pr\u00e9sidence du ministre en charge des Arts, Gilbert Ou\u00e9draogo.<\/strong><!--more--><\/p>\n<p>Dans son allocution de cl\u00f4ture, le ministre a salu\u00e9 la qualit\u00e9 des contributions ainsi que l\u2019esprit de dialogue, d\u2019engagement et de responsabilit\u00e9 des participants. Selon lui, ces travaux ont permis de mieux cerner les d\u00e9fis auxquels sont confront\u00e9s les cin\u00e9mas africains, tout en d\u00e9gageant des pistes concr\u00e8tes pour leur d\u00e9veloppement.<\/p>\n<figure id=\"attachment_28225\" aria-describedby=\"caption-attachment-28225\" style=\"width: 1280px\" class=\"wp-caption aligncenter\"><a href=\"https:\/\/www.latribunedufaso.net\/wp-content\/uploads\/2026\/03\/IMG-20260318-WA0198.jpg\"><img loading=\"lazy\" decoding=\"async\" class=\"size-full wp-image-28225\" src=\"https:\/\/www.latribunedufaso.net\/wp-content\/uploads\/2026\/03\/IMG-20260318-WA0198.jpg\" alt=\"Cl\u00f4ture de la rencontre des directeurs de la cin\u00e9matographie des \u00c9tats membres de l\u2019UEMOA et de la Guin\u00e9e Conakry, 18 mars 2026\" width=\"1280\" height=\"720\" srcset=\"https:\/\/www.latribunedufaso.net\/wp-content\/uploads\/2026\/03\/IMG-20260318-WA0198.jpg 1280w, https:\/\/www.latribunedufaso.net\/wp-content\/uploads\/2026\/03\/IMG-20260318-WA0198-300x169.jpg 300w, https:\/\/www.latribunedufaso.net\/wp-content\/uploads\/2026\/03\/IMG-20260318-WA0198-1024x576.jpg 1024w, https:\/\/www.latribunedufaso.net\/wp-content\/uploads\/2026\/03\/IMG-20260318-WA0198-768x432.jpg 768w\" sizes=\"auto, (max-width: 1280px) 100vw, 1280px\" \/><\/a><figcaption id=\"caption-attachment-28225\" class=\"wp-caption-text\">Le ministre en charge des Arts, Gilbert Ou\u00e9draogo a pr\u00e9sid\u00e9 la c\u00e9r\u00e9monie de cl\u00f4ture &#8211; Ph. DR<\/figcaption><\/figure>\n<p>Cette rencontre s\u2019inscrivait dans une dynamique de structuration de la coop\u00e9ration sous-r\u00e9gionale dans le domaine du cin\u00e9ma et de l\u2019audiovisuel. Elle a d\u00e9bouch\u00e9 sur l\u2019adoption de la <em><strong>\u00ab D\u00e9claration de Ouagadougou \u00bb<\/strong> <\/em>sur la souverainet\u00e9 audiovisuelle ainsi que du plan d\u2019actions 2026-2030, consid\u00e9r\u00e9s comme une feuille de route commune pour les \u00c9tats participants.<\/p>\n<p>Plusieurs orientations majeures ont \u00e9t\u00e9 retenues \u00e0 l\u2019issue des travaux. Il s\u2019agit notamment du renforcement de la gouvernance du secteur \u00e0 travers une coop\u00e9ration r\u00e9gionale dynamique, de la promotion d\u2019une production cin\u00e9matographique comp\u00e9titive via les coproductions, ainsi que de la mise en place de m\u00e9canismes financiers sous-r\u00e9gionaux pour soutenir durablement la cr\u00e9ation.<\/p>\n<figure id=\"attachment_28226\" aria-describedby=\"caption-attachment-28226\" style=\"width: 1280px\" class=\"wp-caption aligncenter\"><a href=\"https:\/\/www.latribunedufaso.net\/wp-content\/uploads\/2026\/03\/IMG-20260318-WA0199.jpg\"><img loading=\"lazy\" decoding=\"async\" class=\"size-full wp-image-28226\" src=\"https:\/\/www.latribunedufaso.net\/wp-content\/uploads\/2026\/03\/IMG-20260318-WA0199.jpg\" alt=\"Cl\u00f4ture de la rencontre des directeurs de la cin\u00e9matographie des \u00c9tats membres de l\u2019UEMOA et de la Guin\u00e9e Conakry, 18 mars 2026\" width=\"1280\" height=\"960\" srcset=\"https:\/\/www.latribunedufaso.net\/wp-content\/uploads\/2026\/03\/IMG-20260318-WA0199.jpg 1280w, https:\/\/www.latribunedufaso.net\/wp-content\/uploads\/2026\/03\/IMG-20260318-WA0199-300x225.jpg 300w, https:\/\/www.latribunedufaso.net\/wp-content\/uploads\/2026\/03\/IMG-20260318-WA0199-1024x768.jpg 1024w, https:\/\/www.latribunedufaso.net\/wp-content\/uploads\/2026\/03\/IMG-20260318-WA0199-768x576.jpg 768w\" sizes=\"auto, (max-width: 1280px) 100vw, 1280px\" \/><\/a><figcaption id=\"caption-attachment-28226\" class=\"wp-caption-text\">Photo de famille des participants &#8211; Ph. DR<\/figcaption><\/figure>\n<p>Les participants ont \u00e9galement insist\u00e9 sur la n\u00e9cessit\u00e9 d\u2019instaurer un cadre r\u00e9glementaire commun pour encadrer les plateformes num\u00e9riques et pr\u00e9server la souverainet\u00e9 audiovisuelle, ainsi que sur la cr\u00e9ation d\u2019un march\u00e9 r\u00e9gional int\u00e9gr\u00e9 favorisant la diffusion et la circulation des \u0153uvres.<\/p>\n<blockquote>\n<p>Lire aussi &gt;&gt;\u00a0<a href=\"https:\/\/www.latribunedufaso.net\/?p=28172\">Cin\u00e9ma et Audiovisuel : Vers une \u00ab D\u00e9claration de Ouagadougou \u00bb pour booster la coop\u00e9ration sous-r\u00e9gionale<\/a><\/p>\n<\/blockquote>\n<p>Enfin, les directeurs de la cin\u00e9matographie ont d\u00e9cid\u00e9 de mettre en place un cadre permanent de concertation afin d\u2019assurer le suivi et la coordination des actions engag\u00e9es.<\/p>\n<p><strong>In\u00e8s TOUGMA\u00a0<\/strong><\/p>\n<p><strong>Latribunedufaso.net<\/strong><\/p>\n","protected":false},"excerpt":{"rendered":"<p>Les travaux de la rencontre des directeurs de la cin\u00e9matographie des \u00c9tats membres de l\u2019UEMOA et de la Guin\u00e9e Conakry se sont achev\u00e9s ce 18 mars 2026 sous la pr\u00e9sidence du ministre en charge des Arts, Gilbert Ou\u00e9draogo.<\/p>\n","protected":false},"author":5,"featured_media":28227,"comment_status":"open","ping_status":"open","sticky":false,"template":"","format":"standard","meta":{"footnotes":""},"categories":[13,1,30],"tags":[1542,2067,39],"class_list":["post-28221","post","type-post","status-publish","format-standard","has-post-thumbnail","hentry","category-une","category-actu","category-art-et-culture","tag-agence-burkinabe-de-la-cinematographie-et-de-laudiovisuel-abca","tag-declaration-de-ouagadougou-cinema","tag-latribunedufaso-net"],"yoast_head":"<!-- This site is optimized with the Yoast SEO plugin v27.5 - https:\/\/yoast.com\/product\/yoast-seo-wordpress\/ -->\n<title>Cin\u00e9ma : Les directeurs de la cin\u00e9matographie de l\u2019UEMOA et de la Guin\u00e9e adoptent la D\u00e9claration de Ouagadougou - La Tribune du Faso<\/title>\n<meta name=\"robots\" content=\"index, follow, max-snippet:-1, max-image-preview:large, max-video-preview:-1\" \/>\n<link rel=\"canonical\" href=\"https:\/\/www.latribunedufaso.net\/?p=28221\" \/>\n<meta property=\"og:locale\" content=\"fr_FR\" \/>\n<meta property=\"og:type\" content=\"article\" \/>\n<meta property=\"og:title\" content=\"Cin\u00e9ma : Les directeurs de la cin\u00e9matographie de l\u2019UEMOA et de la Guin\u00e9e adoptent la D\u00e9claration de Ouagadougou - La Tribune du Faso\" \/>\n<meta property=\"og:description\" content=\"Les travaux de la rencontre des directeurs de la cin\u00e9matographie des \u00c9tats membres de l\u2019UEMOA et de la Guin\u00e9e Conakry se sont achev\u00e9s ce 18 mars 2026 sous la pr\u00e9sidence du ministre en charge des Arts, Gilbert Ou\u00e9draogo.\" \/>\n<meta property=\"og:url\" content=\"https:\/\/www.latribunedufaso.net\/?p=28221\" \/>\n<meta property=\"og:site_name\" content=\"La Tribune du Faso\" \/>\n<meta property=\"article:publisher\" content=\"https:\/\/www.facebook.com\/LatribuneduFaso\/\" \/>\n<meta property=\"article:published_time\" content=\"2026-03-18T20:30:20+00:00\" \/>\n<meta property=\"og:image\" content=\"https:\/\/www.latribunedufaso.net\/wp-content\/uploads\/2026\/03\/IMG-20260318-WA0200.jpg\" \/>\n\t<meta property=\"og:image:width\" content=\"1280\" \/>\n\t<meta property=\"og:image:height\" content=\"853\" \/>\n\t<meta property=\"og:image:type\" content=\"image\/jpeg\" \/>\n<meta name=\"author\" content=\"Issouf Tapsoba\" \/>\n<meta name=\"twitter:label1\" content=\"\u00c9crit par\" \/>\n\t<meta name=\"twitter:data1\" content=\"Issouf Tapsoba\" \/>\n\t<meta name=\"twitter:label2\" content=\"Dur\u00e9e de lecture estim\u00e9e\" \/>\n\t<meta name=\"twitter:data2\" content=\"3 minutes\" \/>\n<script type=\"application\/ld+json\" class=\"yoast-schema-graph\">{\"@context\":\"https:\\\/\\\/schema.org\",\"@graph\":[{\"@type\":\"Article\",\"@id\":\"https:\\\/\\\/www.latribunedufaso.net\\\/?p=28221#article\",\"isPartOf\":{\"@id\":\"https:\\\/\\\/www.latribunedufaso.net\\\/?p=28221\"},\"author\":{\"name\":\"Issouf Tapsoba\",\"@id\":\"https:\\\/\\\/www.latribunedufaso.net\\\/#\\\/schema\\\/person\\\/e54e64c5778a7e72cf80a318b7a622b0\"},\"headline\":\"Cin\u00e9ma : Les directeurs de la cin\u00e9matographie de l\u2019UEMOA et de la Guin\u00e9e adoptent la D\u00e9claration de Ouagadougou\",\"datePublished\":\"2026-03-18T20:30:20+00:00\",\"mainEntityOfPage\":{\"@id\":\"https:\\\/\\\/www.latribunedufaso.net\\\/?p=28221\"},\"wordCount\":395,\"commentCount\":0,\"publisher\":{\"@id\":\"https:\\\/\\\/www.latribunedufaso.net\\\/#organization\"},\"image\":{\"@id\":\"https:\\\/\\\/www.latribunedufaso.net\\\/?p=28221#primaryimage\"},\"thumbnailUrl\":\"https:\\\/\\\/www.latribunedufaso.net\\\/wp-content\\\/uploads\\\/2026\\\/03\\\/IMG-20260318-WA0200.jpg\",\"keywords\":[\"Agence burkinab\u00e8 de la cin\u00e9matographie et de l\u2019audiovisuel (ABCA)\",\"D\u00e9claration de Ouagadougou cin\u00e9ma\",\"latribunedufaso.net\"],\"articleSection\":[\"A la une\",\"Actualit\u00e9\",\"Art et Culture\"],\"inLanguage\":\"fr-FR\",\"potentialAction\":[{\"@type\":\"CommentAction\",\"name\":\"Comment\",\"target\":[\"https:\\\/\\\/www.latribunedufaso.net\\\/?p=28221#respond\"]}]},{\"@type\":\"WebPage\",\"@id\":\"https:\\\/\\\/www.latribunedufaso.net\\\/?p=28221\",\"url\":\"https:\\\/\\\/www.latribunedufaso.net\\\/?p=28221\",\"name\":\"Cin\u00e9ma : Les directeurs de la cin\u00e9matographie de l\u2019UEMOA et de la Guin\u00e9e adoptent la D\u00e9claration de Ouagadougou - La Tribune du Faso\",\"isPartOf\":{\"@id\":\"https:\\\/\\\/www.latribunedufaso.net\\\/#website\"},\"primaryImageOfPage\":{\"@id\":\"https:\\\/\\\/www.latribunedufaso.net\\\/?p=28221#primaryimage\"},\"image\":{\"@id\":\"https:\\\/\\\/www.latribunedufaso.net\\\/?p=28221#primaryimage\"},\"thumbnailUrl\":\"https:\\\/\\\/www.latribunedufaso.net\\\/wp-content\\\/uploads\\\/2026\\\/03\\\/IMG-20260318-WA0200.jpg\",\"datePublished\":\"2026-03-18T20:30:20+00:00\",\"breadcrumb\":{\"@id\":\"https:\\\/\\\/www.latribunedufaso.net\\\/?p=28221#breadcrumb\"},\"inLanguage\":\"fr-FR\",\"potentialAction\":[{\"@type\":\"ReadAction\",\"target\":[\"https:\\\/\\\/www.latribunedufaso.net\\\/?p=28221\"]}]},{\"@type\":\"ImageObject\",\"inLanguage\":\"fr-FR\",\"@id\":\"https:\\\/\\\/www.latribunedufaso.net\\\/?p=28221#primaryimage\",\"url\":\"https:\\\/\\\/www.latribunedufaso.net\\\/wp-content\\\/uploads\\\/2026\\\/03\\\/IMG-20260318-WA0200.jpg\",\"contentUrl\":\"https:\\\/\\\/www.latribunedufaso.net\\\/wp-content\\\/uploads\\\/2026\\\/03\\\/IMG-20260318-WA0200.jpg\",\"width\":1280,\"height\":853,\"caption\":\"Cl\u00f4ture de la rencontre des directeurs de la cin\u00e9matographie des \u00c9tats membres de l\u2019UEMOA et de la Guin\u00e9e Conakry, 18 mars 2026\"},{\"@type\":\"BreadcrumbList\",\"@id\":\"https:\\\/\\\/www.latribunedufaso.net\\\/?p=28221#breadcrumb\",\"itemListElement\":[{\"@type\":\"ListItem\",\"position\":1,\"name\":\"Accueil\",\"item\":\"https:\\\/\\\/www.latribunedufaso.net\\\/\"},{\"@type\":\"ListItem\",\"position\":2,\"name\":\"Cin\u00e9ma : Les directeurs de la cin\u00e9matographie de l\u2019UEMOA et de la Guin\u00e9e adoptent la D\u00e9claration de Ouagadougou\"}]},{\"@type\":\"WebSite\",\"@id\":\"https:\\\/\\\/www.latribunedufaso.net\\\/#website\",\"url\":\"https:\\\/\\\/www.latribunedufaso.net\\\/\",\"name\":\"La Tribune du Faso\",\"description\":\"L&#039;information du monde rural en un clic\",\"publisher\":{\"@id\":\"https:\\\/\\\/www.latribunedufaso.net\\\/#organization\"},\"potentialAction\":[{\"@type\":\"SearchAction\",\"target\":{\"@type\":\"EntryPoint\",\"urlTemplate\":\"https:\\\/\\\/www.latribunedufaso.net\\\/?s={search_term_string}\"},\"query-input\":{\"@type\":\"PropertyValueSpecification\",\"valueRequired\":true,\"valueName\":\"search_term_string\"}}],\"inLanguage\":\"fr-FR\"},{\"@type\":\"Organization\",\"@id\":\"https:\\\/\\\/www.latribunedufaso.net\\\/#organization\",\"name\":\"La Tribune du Faso\",\"url\":\"https:\\\/\\\/www.latribunedufaso.net\\\/\",\"logo\":{\"@type\":\"ImageObject\",\"inLanguage\":\"fr-FR\",\"@id\":\"https:\\\/\\\/www.latribunedufaso.net\\\/#\\\/schema\\\/logo\\\/image\\\/\",\"url\":\"https:\\\/\\\/www.latribunedufaso.net\\\/wp-content\\\/uploads\\\/2020\\\/08\\\/Logo-Tribune-du-Faso-final-scaled.jpg\",\"contentUrl\":\"https:\\\/\\\/www.latribunedufaso.net\\\/wp-content\\\/uploads\\\/2020\\\/08\\\/Logo-Tribune-du-Faso-final-scaled.jpg\",\"width\":2560,\"height\":1856,\"caption\":\"La Tribune du Faso\"},\"image\":{\"@id\":\"https:\\\/\\\/www.latribunedufaso.net\\\/#\\\/schema\\\/logo\\\/image\\\/\"},\"sameAs\":[\"https:\\\/\\\/www.facebook.com\\\/LatribuneduFaso\\\/\"]},{\"@type\":\"Person\",\"@id\":\"https:\\\/\\\/www.latribunedufaso.net\\\/#\\\/schema\\\/person\\\/e54e64c5778a7e72cf80a318b7a622b0\",\"name\":\"Issouf Tapsoba\",\"image\":{\"@type\":\"ImageObject\",\"inLanguage\":\"fr-FR\",\"@id\":\"https:\\\/\\\/secure.gravatar.com\\\/avatar\\\/5e6c05150ce3230247d167f5b94d678eb05936197436d69b7921e3a95c9107ac?s=96&d=mm&r=g\",\"url\":\"https:\\\/\\\/secure.gravatar.com\\\/avatar\\\/5e6c05150ce3230247d167f5b94d678eb05936197436d69b7921e3a95c9107ac?s=96&d=mm&r=g\",\"contentUrl\":\"https:\\\/\\\/secure.gravatar.com\\\/avatar\\\/5e6c05150ce3230247d167f5b94d678eb05936197436d69b7921e3a95c9107ac?s=96&d=mm&r=g\",\"caption\":\"Issouf Tapsoba\"},\"url\":\"https:\\\/\\\/www.latribunedufaso.net\\\/?author=5\"}]}<\/script>\n<!-- \/ Yoast SEO plugin. -->","yoast_head_json":{"title":"Cin\u00e9ma : Les directeurs de la cin\u00e9matographie de l\u2019UEMOA et de la Guin\u00e9e adoptent la D\u00e9claration de Ouagadougou - La Tribune du Faso","robots":{"index":"index","follow":"follow","max-snippet":"max-snippet:-1","max-image-preview":"max-image-preview:large","max-video-preview":"max-video-preview:-1"},"canonical":"https:\/\/www.latribunedufaso.net\/?p=28221","og_locale":"fr_FR","og_type":"article","og_title":"Cin\u00e9ma : Les directeurs de la cin\u00e9matographie de l\u2019UEMOA et de la Guin\u00e9e adoptent la D\u00e9claration de Ouagadougou - La Tribune du Faso","og_description":"Les travaux de la rencontre des directeurs de la cin\u00e9matographie des \u00c9tats membres de l\u2019UEMOA et de la Guin\u00e9e Conakry se sont achev\u00e9s ce 18 mars 2026 sous la pr\u00e9sidence du ministre en charge des Arts, Gilbert Ou\u00e9draogo.","og_url":"https:\/\/www.latribunedufaso.net\/?p=28221","og_site_name":"La Tribune du Faso","article_publisher":"https:\/\/www.facebook.com\/LatribuneduFaso\/","article_published_time":"2026-03-18T20:30:20+00:00","og_image":[{"width":1280,"height":853,"url":"https:\/\/www.latribunedufaso.net\/wp-content\/uploads\/2026\/03\/IMG-20260318-WA0200.jpg","type":"image\/jpeg"}],"author":"Issouf Tapsoba","twitter_misc":{"\u00c9crit par":"Issouf Tapsoba","Dur\u00e9e de lecture estim\u00e9e":"3 minutes"},"schema":{"@context":"https:\/\/schema.org","@graph":[{"@type":"Article","@id":"https:\/\/www.latribunedufaso.net\/?p=28221#article","isPartOf":{"@id":"https:\/\/www.latribunedufaso.net\/?p=28221"},"author":{"name":"Issouf Tapsoba","@id":"https:\/\/www.latribunedufaso.net\/#\/schema\/person\/e54e64c5778a7e72cf80a318b7a622b0"},"headline":"Cin\u00e9ma : Les directeurs de la cin\u00e9matographie de l\u2019UEMOA et de la Guin\u00e9e adoptent la D\u00e9claration de Ouagadougou","datePublished":"2026-03-18T20:30:20+00:00","mainEntityOfPage":{"@id":"https:\/\/www.latribunedufaso.net\/?p=28221"},"wordCount":395,"commentCount":0,"publisher":{"@id":"https:\/\/www.latribunedufaso.net\/#organization"},"image":{"@id":"https:\/\/www.latribunedufaso.net\/?p=28221#primaryimage"},"thumbnailUrl":"https:\/\/www.latribunedufaso.net\/wp-content\/uploads\/2026\/03\/IMG-20260318-WA0200.jpg","keywords":["Agence burkinab\u00e8 de la cin\u00e9matographie et de l\u2019audiovisuel (ABCA)","D\u00e9claration de Ouagadougou cin\u00e9ma","latribunedufaso.net"],"articleSection":["A la une","Actualit\u00e9","Art et Culture"],"inLanguage":"fr-FR","potentialAction":[{"@type":"CommentAction","name":"Comment","target":["https:\/\/www.latribunedufaso.net\/?p=28221#respond"]}]},{"@type":"WebPage","@id":"https:\/\/www.latribunedufaso.net\/?p=28221","url":"https:\/\/www.latribunedufaso.net\/?p=28221","name":"Cin\u00e9ma : Les directeurs de la cin\u00e9matographie de l\u2019UEMOA et de la Guin\u00e9e adoptent la D\u00e9claration de Ouagadougou - La Tribune du Faso","isPartOf":{"@id":"https:\/\/www.latribunedufaso.net\/#website"},"primaryImageOfPage":{"@id":"https:\/\/www.latribunedufaso.net\/?p=28221#primaryimage"},"image":{"@id":"https:\/\/www.latribunedufaso.net\/?p=28221#primaryimage"},"thumbnailUrl":"https:\/\/www.latribunedufaso.net\/wp-content\/uploads\/2026\/03\/IMG-20260318-WA0200.jpg","datePublished":"2026-03-18T20:30:20+00:00","breadcrumb":{"@id":"https:\/\/www.latribunedufaso.net\/?p=28221#breadcrumb"},"inLanguage":"fr-FR","potentialAction":[{"@type":"ReadAction","target":["https:\/\/www.latribunedufaso.net\/?p=28221"]}]},{"@type":"ImageObject","inLanguage":"fr-FR","@id":"https:\/\/www.latribunedufaso.net\/?p=28221#primaryimage","url":"https:\/\/www.latribunedufaso.net\/wp-content\/uploads\/2026\/03\/IMG-20260318-WA0200.jpg","contentUrl":"https:\/\/www.latribunedufaso.net\/wp-content\/uploads\/2026\/03\/IMG-20260318-WA0200.jpg","width":1280,"height":853,"caption":"Cl\u00f4ture de la rencontre des directeurs de la cin\u00e9matographie des \u00c9tats membres de l\u2019UEMOA et de la Guin\u00e9e Conakry, 18 mars 2026"},{"@type":"BreadcrumbList","@id":"https:\/\/www.latribunedufaso.net\/?p=28221#breadcrumb","itemListElement":[{"@type":"ListItem","position":1,"name":"Accueil","item":"https:\/\/www.latribunedufaso.net\/"},{"@type":"ListItem","position":2,"name":"Cin\u00e9ma : Les directeurs de la cin\u00e9matographie de l\u2019UEMOA et de la Guin\u00e9e adoptent la D\u00e9claration de Ouagadougou"}]},{"@type":"WebSite","@id":"https:\/\/www.latribunedufaso.net\/#website","url":"https:\/\/www.latribunedufaso.net\/","name":"La Tribune du Faso","description":"L&#039;information du monde rural en un clic","publisher":{"@id":"https:\/\/www.latribunedufaso.net\/#organization"},"potentialAction":[{"@type":"SearchAction","target":{"@type":"EntryPoint","urlTemplate":"https:\/\/www.latribunedufaso.net\/?s={search_term_string}"},"query-input":{"@type":"PropertyValueSpecification","valueRequired":true,"valueName":"search_term_string"}}],"inLanguage":"fr-FR"},{"@type":"Organization","@id":"https:\/\/www.latribunedufaso.net\/#organization","name":"La Tribune du Faso","url":"https:\/\/www.latribunedufaso.net\/","logo":{"@type":"ImageObject","inLanguage":"fr-FR","@id":"https:\/\/www.latribunedufaso.net\/#\/schema\/logo\/image\/","url":"https:\/\/www.latribunedufaso.net\/wp-content\/uploads\/2020\/08\/Logo-Tribune-du-Faso-final-scaled.jpg","contentUrl":"https:\/\/www.latribunedufaso.net\/wp-content\/uploads\/2020\/08\/Logo-Tribune-du-Faso-final-scaled.jpg","width":2560,"height":1856,"caption":"La Tribune du Faso"},"image":{"@id":"https:\/\/www.latribunedufaso.net\/#\/schema\/logo\/image\/"},"sameAs":["https:\/\/www.facebook.com\/LatribuneduFaso\/"]},{"@type":"Person","@id":"https:\/\/www.latribunedufaso.net\/#\/schema\/person\/e54e64c5778a7e72cf80a318b7a622b0","name":"Issouf Tapsoba","image":{"@type":"ImageObject","inLanguage":"fr-FR","@id":"https:\/\/secure.gravatar.com\/avatar\/5e6c05150ce3230247d167f5b94d678eb05936197436d69b7921e3a95c9107ac?s=96&d=mm&r=g","url":"https:\/\/secure.gravatar.com\/avatar\/5e6c05150ce3230247d167f5b94d678eb05936197436d69b7921e3a95c9107ac?s=96&d=mm&r=g","contentUrl":"https:\/\/secure.gravatar.com\/avatar\/5e6c05150ce3230247d167f5b94d678eb05936197436d69b7921e3a95c9107ac?s=96&d=mm&r=g","caption":"Issouf Tapsoba"},"url":"https:\/\/www.latribunedufaso.net\/?author=5"}]}},"_links":{"self":[{"href":"https:\/\/www.latribunedufaso.net\/index.php?rest_route=\/wp\/v2\/posts\/28221","targetHints":{"allow":["GET"]}}],"collection":[{"href":"https:\/\/www.latribunedufaso.net\/index.php?rest_route=\/wp\/v2\/posts"}],"about":[{"href":"https:\/\/www.latribunedufaso.net\/index.php?rest_route=\/wp\/v2\/types\/post"}],"author":[{"embeddable":true,"href":"https:\/\/www.latribunedufaso.net\/index.php?rest_route=\/wp\/v2\/users\/5"}],"replies":[{"embeddable":true,"href":"https:\/\/www.latribunedufaso.net\/index.php?rest_route=%2Fwp%2Fv2%2Fcomments&post=28221"}],"version-history":[{"count":4,"href":"https:\/\/www.latribunedufaso.net\/index.php?rest_route=\/wp\/v2\/posts\/28221\/revisions"}],"predecessor-version":[{"id":28228,"href":"https:\/\/www.latribunedufaso.net\/index.php?rest_route=\/wp\/v2\/posts\/28221\/revisions\/28228"}],"wp:featuredmedia":[{"embeddable":true,"href":"https:\/\/www.latribunedufaso.net\/index.php?rest_route=\/wp\/v2\/media\/28227"}],"wp:attachment":[{"href":"https:\/\/www.latribunedufaso.net\/index.php?rest_route=%2Fwp%2Fv2%2Fmedia&parent=28221"}],"wp:term":[{"taxonomy":"category","embeddable":true,"href":"https:\/\/www.latribunedufaso.net\/index.php?rest_route=%2Fwp%2Fv2%2Fcategories&post=28221"},{"taxonomy":"post_tag","embeddable":true,"href":"https:\/\/www.latribunedufaso.net\/index.php?rest_route=%2Fwp%2Fv2%2Ftags&post=28221"}],"curies":[{"name":"wp","href":"https:\/\/api.w.org\/{rel}","templated":true}]}}