{"id":28189,"date":"2026-03-17T16:02:37","date_gmt":"2026-03-17T16:02:37","guid":{"rendered":"https:\/\/www.latribunedufaso.net\/?p=28189"},"modified":"2026-03-17T16:04:01","modified_gmt":"2026-03-17T16:04:01","slug":"lutte-contre-la-malnutrition-au-burkina-save-the-children-international-renforce-la-mobilite-du-resonut","status":"publish","type":"post","link":"https:\/\/www.latribunedufaso.net\/?p=28189","title":{"rendered":"Lutte contre la malnutrition au Burkina : Save the Children International renforce la mobilit\u00e9 du RESONUT"},"content":{"rendered":"<p><strong>L\u2019ONG Save the Children International a proc\u00e9d\u00e9, le 17 mars 2026 \u00e0 Ouagadougou, \u00e0 la remise officielle d\u2019un v\u00e9hicule de type 4&#215;4 au R\u00e9seau de la soci\u00e9t\u00e9 civile pour la nutrition (RESONUT).<\/strong><!--more--><\/p>\n<p>Ce don s\u2019inscrit dans le cadre du renforcement des capacit\u00e9s op\u00e9rationnelles des acteurs de la soci\u00e9t\u00e9 civile engag\u00e9s dans la lutte contre la malnutrition au Burkina Faso. \u00c0 travers cette dotation logistique, Save the Children International entend am\u00e9liorer la mobilit\u00e9 des \u00e9quipes du RESONUT, notamment pour les activit\u00e9s de terrain dans les zones \u00e0 fort d\u00e9fi nutritionnel.<\/p>\n<p>Selon les responsables de l\u2019ONG, ce v\u00e9hicule tout-terrain facilitera le suivi des interventions communautaires, le d\u00e9ploiement rapide des \u00e9quipes ainsi que la coordination des actions de sensibilisation et de plaidoyer en faveur de la nutrition.<\/p>\n<figure id=\"attachment_28192\" aria-describedby=\"caption-attachment-28192\" style=\"width: 1600px\" class=\"wp-caption aligncenter\"><a href=\"https:\/\/www.latribunedufaso.net\/wp-content\/uploads\/2026\/03\/IMG-20260317-WA0040.jpg\"><img loading=\"lazy\" decoding=\"async\" class=\"size-full wp-image-28192\" src=\"https:\/\/www.latribunedufaso.net\/wp-content\/uploads\/2026\/03\/IMG-20260317-WA0040.jpg\" alt=\"L\u2019ONG Save the Children International fait don d'un v\u00e9hicule au RESONUT, 17 mars 2026\" width=\"1600\" height=\"807\" srcset=\"https:\/\/www.latribunedufaso.net\/wp-content\/uploads\/2026\/03\/IMG-20260317-WA0040.jpg 1600w, https:\/\/www.latribunedufaso.net\/wp-content\/uploads\/2026\/03\/IMG-20260317-WA0040-300x151.jpg 300w, https:\/\/www.latribunedufaso.net\/wp-content\/uploads\/2026\/03\/IMG-20260317-WA0040-1024x516.jpg 1024w, https:\/\/www.latribunedufaso.net\/wp-content\/uploads\/2026\/03\/IMG-20260317-WA0040-768x387.jpg 768w, https:\/\/www.latribunedufaso.net\/wp-content\/uploads\/2026\/03\/IMG-20260317-WA0040-1536x775.jpg 1536w\" sizes=\"auto, (max-width: 1600px) 100vw, 1600px\" \/><\/a><figcaption id=\"caption-attachment-28192\" class=\"wp-caption-text\">Ce v\u00e9hicule permettra d&rsquo;am\u00e9liorer la mobilit\u00e9 des \u00e9quipes du RESONUT, notamment pour les activit\u00e9s de terrain dans les zones \u00e0 fort d\u00e9fi nutritionnel &#8211; Ph. DR<\/figcaption><\/figure>\n<p><em><strong>\u00ab L\u2019am\u00e9lioration de la nutrition demeure une priorit\u00e9, particuli\u00e8rement pour les enfants et les femmes vuln\u00e9rables, dans un contexte marqu\u00e9 par des d\u00e9fis humanitaires persistants. Nous esp\u00e9rons avoir d\u2019autres opportunit\u00e9s qui nous permettront de renforcer les acquis. C\u2019est un geste symbolique qui t\u00e9moigne de notre int\u00e9r\u00eat pour les activit\u00e9s du RESONUT \u00bb,<\/strong><\/em> a d\u00e9clar\u00e9 Fabrice Par\u00e9, Directeur du d\u00e9veloppement des programmes \u00e0 Save the Children International.<\/p>\n<p>Valentine Bakyono, Pr\u00e9sidente du Conseil d\u2019Administration (PCA) du RESONUT, a salu\u00e9 ce geste qu\u2019elle consid\u00e8re comme un appui majeur, alors que l\u2019acc\u00e8s \u00e0 certaines localit\u00e9s reste difficile. Elle a r\u00e9affirm\u00e9 l\u2019engagement du r\u00e9seau \u00e0 intensifier les actions de pr\u00e9vention et de prise en charge de la malnutrition, en collaboration avec les autorit\u00e9s et les partenaires techniques et financiers.<\/p>\n<blockquote>\n<p>Lire aussi &gt;&gt;\u00a0<a href=\"https:\/\/www.latribunedufaso.net\/?p=21274\">RESONUT : Le protocole simplifi\u00e9 comme cl\u00e9 d\u2019acc\u00e8s aux soins nutritionnel dans les zones \u00e0 fort d\u00e9fi s\u00e9curitaire<\/a><\/p>\n<\/blockquote>\n<p>Ce partenariat entre Save the Children International et le RESONUT illustre l&rsquo;importance de la synergie d\u2019actions entre organisations internationales et soci\u00e9t\u00e9 civile pour renforcer la r\u00e9silience des communaut\u00e9s et contribuer \u00e0 l\u2019atteinte des objectifs de d\u00e9veloppement en mati\u00e8re de sant\u00e9 et de nutrition au Burkina Faso.<\/p>\n<p><strong>Latribunedufaso.net<\/strong><\/p>\n","protected":false},"excerpt":{"rendered":"<p>L\u2019ONG Save the Children International a proc\u00e9d\u00e9, le 17 mars 2026 \u00e0 Ouagadougou, \u00e0 la remise officielle d\u2019un v\u00e9hicule de type 4&#215;4 au R\u00e9seau de la soci\u00e9t\u00e9 civile pour la nutrition (RESONUT).<\/p>\n","protected":false},"author":5,"featured_media":28193,"comment_status":"open","ping_status":"open","sticky":false,"template":"","format":"standard","meta":{"footnotes":""},"categories":[13,1,7],"tags":[1185,1026,1027,2063],"class_list":["post-28189","post","type-post","status-publish","format-standard","has-post-thumbnail","hentry","category-une","category-actu","category-sante","tag-lutte-contre-la-malnutrition","tag-nutrition","tag-resonut","tag-save-the-children-international"],"yoast_head":"<!-- This site is optimized with the Yoast SEO plugin v27.5 - https:\/\/yoast.com\/product\/yoast-seo-wordpress\/ -->\n<title>Lutte contre la malnutrition au Burkina : Save the Children International renforce la mobilit\u00e9 du RESONUT - La Tribune du Faso<\/title>\n<meta name=\"robots\" content=\"index, follow, max-snippet:-1, max-image-preview:large, max-video-preview:-1\" \/>\n<link rel=\"canonical\" href=\"https:\/\/www.latribunedufaso.net\/?p=28189\" \/>\n<meta property=\"og:locale\" content=\"fr_FR\" \/>\n<meta property=\"og:type\" content=\"article\" \/>\n<meta property=\"og:title\" content=\"Lutte contre la malnutrition au Burkina : Save the Children International renforce la mobilit\u00e9 du RESONUT - La Tribune du Faso\" \/>\n<meta property=\"og:description\" content=\"L\u2019ONG Save the Children International a proc\u00e9d\u00e9, le 17 mars 2026 \u00e0 Ouagadougou, \u00e0 la remise officielle d\u2019un v\u00e9hicule de type 4&#215;4 au R\u00e9seau de la soci\u00e9t\u00e9 civile pour la nutrition (RESONUT).\" \/>\n<meta property=\"og:url\" content=\"https:\/\/www.latribunedufaso.net\/?p=28189\" \/>\n<meta property=\"og:site_name\" content=\"La Tribune du Faso\" \/>\n<meta property=\"article:publisher\" content=\"https:\/\/www.facebook.com\/LatribuneduFaso\/\" \/>\n<meta property=\"article:published_time\" content=\"2026-03-17T16:02:37+00:00\" \/>\n<meta property=\"article:modified_time\" content=\"2026-03-17T16:04:01+00:00\" \/>\n<meta property=\"og:image\" content=\"https:\/\/www.latribunedufaso.net\/wp-content\/uploads\/2026\/03\/IMG-20260317-WA0039.jpg\" \/>\n\t<meta property=\"og:image:width\" content=\"1600\" \/>\n\t<meta property=\"og:image:height\" content=\"902\" \/>\n\t<meta property=\"og:image:type\" content=\"image\/jpeg\" \/>\n<meta name=\"author\" content=\"Issouf Tapsoba\" \/>\n<meta name=\"twitter:label1\" content=\"\u00c9crit par\" \/>\n\t<meta name=\"twitter:data1\" content=\"Issouf Tapsoba\" \/>\n\t<meta name=\"twitter:label2\" content=\"Dur\u00e9e de lecture estim\u00e9e\" \/>\n\t<meta name=\"twitter:data2\" content=\"3 minutes\" \/>\n<script type=\"application\/ld+json\" class=\"yoast-schema-graph\">{\"@context\":\"https:\\\/\\\/schema.org\",\"@graph\":[{\"@type\":\"Article\",\"@id\":\"https:\\\/\\\/www.latribunedufaso.net\\\/?p=28189#article\",\"isPartOf\":{\"@id\":\"https:\\\/\\\/www.latribunedufaso.net\\\/?p=28189\"},\"author\":{\"name\":\"Issouf Tapsoba\",\"@id\":\"https:\\\/\\\/www.latribunedufaso.net\\\/#\\\/schema\\\/person\\\/e54e64c5778a7e72cf80a318b7a622b0\"},\"headline\":\"Lutte contre la malnutrition au Burkina : Save the Children International renforce la mobilit\u00e9 du RESONUT\",\"datePublished\":\"2026-03-17T16:02:37+00:00\",\"dateModified\":\"2026-03-17T16:04:01+00:00\",\"mainEntityOfPage\":{\"@id\":\"https:\\\/\\\/www.latribunedufaso.net\\\/?p=28189\"},\"wordCount\":412,\"commentCount\":0,\"publisher\":{\"@id\":\"https:\\\/\\\/www.latribunedufaso.net\\\/#organization\"},\"image\":{\"@id\":\"https:\\\/\\\/www.latribunedufaso.net\\\/?p=28189#primaryimage\"},\"thumbnailUrl\":\"https:\\\/\\\/www.latribunedufaso.net\\\/wp-content\\\/uploads\\\/2026\\\/03\\\/IMG-20260317-WA0039.jpg\",\"keywords\":[\"lutte contre la malnutrition\",\"nutrition\",\"RESONUT\",\"Save the Children International\"],\"articleSection\":[\"A la une\",\"Actualit\u00e9\",\"Sant\u00e9\"],\"inLanguage\":\"fr-FR\",\"potentialAction\":[{\"@type\":\"CommentAction\",\"name\":\"Comment\",\"target\":[\"https:\\\/\\\/www.latribunedufaso.net\\\/?p=28189#respond\"]}]},{\"@type\":\"WebPage\",\"@id\":\"https:\\\/\\\/www.latribunedufaso.net\\\/?p=28189\",\"url\":\"https:\\\/\\\/www.latribunedufaso.net\\\/?p=28189\",\"name\":\"Lutte contre la malnutrition au Burkina : Save the Children International renforce la mobilit\u00e9 du RESONUT - La Tribune du Faso\",\"isPartOf\":{\"@id\":\"https:\\\/\\\/www.latribunedufaso.net\\\/#website\"},\"primaryImageOfPage\":{\"@id\":\"https:\\\/\\\/www.latribunedufaso.net\\\/?p=28189#primaryimage\"},\"image\":{\"@id\":\"https:\\\/\\\/www.latribunedufaso.net\\\/?p=28189#primaryimage\"},\"thumbnailUrl\":\"https:\\\/\\\/www.latribunedufaso.net\\\/wp-content\\\/uploads\\\/2026\\\/03\\\/IMG-20260317-WA0039.jpg\",\"datePublished\":\"2026-03-17T16:02:37+00:00\",\"dateModified\":\"2026-03-17T16:04:01+00:00\",\"breadcrumb\":{\"@id\":\"https:\\\/\\\/www.latribunedufaso.net\\\/?p=28189#breadcrumb\"},\"inLanguage\":\"fr-FR\",\"potentialAction\":[{\"@type\":\"ReadAction\",\"target\":[\"https:\\\/\\\/www.latribunedufaso.net\\\/?p=28189\"]}]},{\"@type\":\"ImageObject\",\"inLanguage\":\"fr-FR\",\"@id\":\"https:\\\/\\\/www.latribunedufaso.net\\\/?p=28189#primaryimage\",\"url\":\"https:\\\/\\\/www.latribunedufaso.net\\\/wp-content\\\/uploads\\\/2026\\\/03\\\/IMG-20260317-WA0039.jpg\",\"contentUrl\":\"https:\\\/\\\/www.latribunedufaso.net\\\/wp-content\\\/uploads\\\/2026\\\/03\\\/IMG-20260317-WA0039.jpg\",\"width\":1600,\"height\":902,\"caption\":\"L\u2019ONG Save the Children International fait don d'un v\u00e9hicule au RESONUT, 17 mars 2026\"},{\"@type\":\"BreadcrumbList\",\"@id\":\"https:\\\/\\\/www.latribunedufaso.net\\\/?p=28189#breadcrumb\",\"itemListElement\":[{\"@type\":\"ListItem\",\"position\":1,\"name\":\"Accueil\",\"item\":\"https:\\\/\\\/www.latribunedufaso.net\\\/\"},{\"@type\":\"ListItem\",\"position\":2,\"name\":\"Lutte contre la malnutrition au Burkina : Save the Children International renforce la mobilit\u00e9 du RESONUT\"}]},{\"@type\":\"WebSite\",\"@id\":\"https:\\\/\\\/www.latribunedufaso.net\\\/#website\",\"url\":\"https:\\\/\\\/www.latribunedufaso.net\\\/\",\"name\":\"La Tribune du Faso\",\"description\":\"L&#039;information du monde rural en un clic\",\"publisher\":{\"@id\":\"https:\\\/\\\/www.latribunedufaso.net\\\/#organization\"},\"potentialAction\":[{\"@type\":\"SearchAction\",\"target\":{\"@type\":\"EntryPoint\",\"urlTemplate\":\"https:\\\/\\\/www.latribunedufaso.net\\\/?s={search_term_string}\"},\"query-input\":{\"@type\":\"PropertyValueSpecification\",\"valueRequired\":true,\"valueName\":\"search_term_string\"}}],\"inLanguage\":\"fr-FR\"},{\"@type\":\"Organization\",\"@id\":\"https:\\\/\\\/www.latribunedufaso.net\\\/#organization\",\"name\":\"La Tribune du Faso\",\"url\":\"https:\\\/\\\/www.latribunedufaso.net\\\/\",\"logo\":{\"@type\":\"ImageObject\",\"inLanguage\":\"fr-FR\",\"@id\":\"https:\\\/\\\/www.latribunedufaso.net\\\/#\\\/schema\\\/logo\\\/image\\\/\",\"url\":\"https:\\\/\\\/www.latribunedufaso.net\\\/wp-content\\\/uploads\\\/2020\\\/08\\\/Logo-Tribune-du-Faso-final-scaled.jpg\",\"contentUrl\":\"https:\\\/\\\/www.latribunedufaso.net\\\/wp-content\\\/uploads\\\/2020\\\/08\\\/Logo-Tribune-du-Faso-final-scaled.jpg\",\"width\":2560,\"height\":1856,\"caption\":\"La Tribune du Faso\"},\"image\":{\"@id\":\"https:\\\/\\\/www.latribunedufaso.net\\\/#\\\/schema\\\/logo\\\/image\\\/\"},\"sameAs\":[\"https:\\\/\\\/www.facebook.com\\\/LatribuneduFaso\\\/\"]},{\"@type\":\"Person\",\"@id\":\"https:\\\/\\\/www.latribunedufaso.net\\\/#\\\/schema\\\/person\\\/e54e64c5778a7e72cf80a318b7a622b0\",\"name\":\"Issouf Tapsoba\",\"image\":{\"@type\":\"ImageObject\",\"inLanguage\":\"fr-FR\",\"@id\":\"https:\\\/\\\/secure.gravatar.com\\\/avatar\\\/5e6c05150ce3230247d167f5b94d678eb05936197436d69b7921e3a95c9107ac?s=96&d=mm&r=g\",\"url\":\"https:\\\/\\\/secure.gravatar.com\\\/avatar\\\/5e6c05150ce3230247d167f5b94d678eb05936197436d69b7921e3a95c9107ac?s=96&d=mm&r=g\",\"contentUrl\":\"https:\\\/\\\/secure.gravatar.com\\\/avatar\\\/5e6c05150ce3230247d167f5b94d678eb05936197436d69b7921e3a95c9107ac?s=96&d=mm&r=g\",\"caption\":\"Issouf Tapsoba\"},\"url\":\"https:\\\/\\\/www.latribunedufaso.net\\\/?author=5\"}]}<\/script>\n<!-- \/ Yoast SEO plugin. -->","yoast_head_json":{"title":"Lutte contre la malnutrition au Burkina : Save the Children International renforce la mobilit\u00e9 du RESONUT - La Tribune du Faso","robots":{"index":"index","follow":"follow","max-snippet":"max-snippet:-1","max-image-preview":"max-image-preview:large","max-video-preview":"max-video-preview:-1"},"canonical":"https:\/\/www.latribunedufaso.net\/?p=28189","og_locale":"fr_FR","og_type":"article","og_title":"Lutte contre la malnutrition au Burkina : Save the Children International renforce la mobilit\u00e9 du RESONUT - La Tribune du Faso","og_description":"L\u2019ONG Save the Children International a proc\u00e9d\u00e9, le 17 mars 2026 \u00e0 Ouagadougou, \u00e0 la remise officielle d\u2019un v\u00e9hicule de type 4&#215;4 au R\u00e9seau de la soci\u00e9t\u00e9 civile pour la nutrition (RESONUT).","og_url":"https:\/\/www.latribunedufaso.net\/?p=28189","og_site_name":"La Tribune du Faso","article_publisher":"https:\/\/www.facebook.com\/LatribuneduFaso\/","article_published_time":"2026-03-17T16:02:37+00:00","article_modified_time":"2026-03-17T16:04:01+00:00","og_image":[{"width":1600,"height":902,"url":"https:\/\/www.latribunedufaso.net\/wp-content\/uploads\/2026\/03\/IMG-20260317-WA0039.jpg","type":"image\/jpeg"}],"author":"Issouf Tapsoba","twitter_misc":{"\u00c9crit par":"Issouf Tapsoba","Dur\u00e9e de lecture estim\u00e9e":"3 minutes"},"schema":{"@context":"https:\/\/schema.org","@graph":[{"@type":"Article","@id":"https:\/\/www.latribunedufaso.net\/?p=28189#article","isPartOf":{"@id":"https:\/\/www.latribunedufaso.net\/?p=28189"},"author":{"name":"Issouf Tapsoba","@id":"https:\/\/www.latribunedufaso.net\/#\/schema\/person\/e54e64c5778a7e72cf80a318b7a622b0"},"headline":"Lutte contre la malnutrition au Burkina : Save the Children International renforce la mobilit\u00e9 du RESONUT","datePublished":"2026-03-17T16:02:37+00:00","dateModified":"2026-03-17T16:04:01+00:00","mainEntityOfPage":{"@id":"https:\/\/www.latribunedufaso.net\/?p=28189"},"wordCount":412,"commentCount":0,"publisher":{"@id":"https:\/\/www.latribunedufaso.net\/#organization"},"image":{"@id":"https:\/\/www.latribunedufaso.net\/?p=28189#primaryimage"},"thumbnailUrl":"https:\/\/www.latribunedufaso.net\/wp-content\/uploads\/2026\/03\/IMG-20260317-WA0039.jpg","keywords":["lutte contre la malnutrition","nutrition","RESONUT","Save the Children International"],"articleSection":["A la une","Actualit\u00e9","Sant\u00e9"],"inLanguage":"fr-FR","potentialAction":[{"@type":"CommentAction","name":"Comment","target":["https:\/\/www.latribunedufaso.net\/?p=28189#respond"]}]},{"@type":"WebPage","@id":"https:\/\/www.latribunedufaso.net\/?p=28189","url":"https:\/\/www.latribunedufaso.net\/?p=28189","name":"Lutte contre la malnutrition au Burkina : Save the Children International renforce la mobilit\u00e9 du RESONUT - La Tribune du Faso","isPartOf":{"@id":"https:\/\/www.latribunedufaso.net\/#website"},"primaryImageOfPage":{"@id":"https:\/\/www.latribunedufaso.net\/?p=28189#primaryimage"},"image":{"@id":"https:\/\/www.latribunedufaso.net\/?p=28189#primaryimage"},"thumbnailUrl":"https:\/\/www.latribunedufaso.net\/wp-content\/uploads\/2026\/03\/IMG-20260317-WA0039.jpg","datePublished":"2026-03-17T16:02:37+00:00","dateModified":"2026-03-17T16:04:01+00:00","breadcrumb":{"@id":"https:\/\/www.latribunedufaso.net\/?p=28189#breadcrumb"},"inLanguage":"fr-FR","potentialAction":[{"@type":"ReadAction","target":["https:\/\/www.latribunedufaso.net\/?p=28189"]}]},{"@type":"ImageObject","inLanguage":"fr-FR","@id":"https:\/\/www.latribunedufaso.net\/?p=28189#primaryimage","url":"https:\/\/www.latribunedufaso.net\/wp-content\/uploads\/2026\/03\/IMG-20260317-WA0039.jpg","contentUrl":"https:\/\/www.latribunedufaso.net\/wp-content\/uploads\/2026\/03\/IMG-20260317-WA0039.jpg","width":1600,"height":902,"caption":"L\u2019ONG Save the Children International fait don d'un v\u00e9hicule au RESONUT, 17 mars 2026"},{"@type":"BreadcrumbList","@id":"https:\/\/www.latribunedufaso.net\/?p=28189#breadcrumb","itemListElement":[{"@type":"ListItem","position":1,"name":"Accueil","item":"https:\/\/www.latribunedufaso.net\/"},{"@type":"ListItem","position":2,"name":"Lutte contre la malnutrition au Burkina : Save the Children International renforce la mobilit\u00e9 du RESONUT"}]},{"@type":"WebSite","@id":"https:\/\/www.latribunedufaso.net\/#website","url":"https:\/\/www.latribunedufaso.net\/","name":"La Tribune du Faso","description":"L&#039;information du monde rural en un clic","publisher":{"@id":"https:\/\/www.latribunedufaso.net\/#organization"},"potentialAction":[{"@type":"SearchAction","target":{"@type":"EntryPoint","urlTemplate":"https:\/\/www.latribunedufaso.net\/?s={search_term_string}"},"query-input":{"@type":"PropertyValueSpecification","valueRequired":true,"valueName":"search_term_string"}}],"inLanguage":"fr-FR"},{"@type":"Organization","@id":"https:\/\/www.latribunedufaso.net\/#organization","name":"La Tribune du Faso","url":"https:\/\/www.latribunedufaso.net\/","logo":{"@type":"ImageObject","inLanguage":"fr-FR","@id":"https:\/\/www.latribunedufaso.net\/#\/schema\/logo\/image\/","url":"https:\/\/www.latribunedufaso.net\/wp-content\/uploads\/2020\/08\/Logo-Tribune-du-Faso-final-scaled.jpg","contentUrl":"https:\/\/www.latribunedufaso.net\/wp-content\/uploads\/2020\/08\/Logo-Tribune-du-Faso-final-scaled.jpg","width":2560,"height":1856,"caption":"La Tribune du Faso"},"image":{"@id":"https:\/\/www.latribunedufaso.net\/#\/schema\/logo\/image\/"},"sameAs":["https:\/\/www.facebook.com\/LatribuneduFaso\/"]},{"@type":"Person","@id":"https:\/\/www.latribunedufaso.net\/#\/schema\/person\/e54e64c5778a7e72cf80a318b7a622b0","name":"Issouf Tapsoba","image":{"@type":"ImageObject","inLanguage":"fr-FR","@id":"https:\/\/secure.gravatar.com\/avatar\/5e6c05150ce3230247d167f5b94d678eb05936197436d69b7921e3a95c9107ac?s=96&d=mm&r=g","url":"https:\/\/secure.gravatar.com\/avatar\/5e6c05150ce3230247d167f5b94d678eb05936197436d69b7921e3a95c9107ac?s=96&d=mm&r=g","contentUrl":"https:\/\/secure.gravatar.com\/avatar\/5e6c05150ce3230247d167f5b94d678eb05936197436d69b7921e3a95c9107ac?s=96&d=mm&r=g","caption":"Issouf Tapsoba"},"url":"https:\/\/www.latribunedufaso.net\/?author=5"}]}},"_links":{"self":[{"href":"https:\/\/www.latribunedufaso.net\/index.php?rest_route=\/wp\/v2\/posts\/28189","targetHints":{"allow":["GET"]}}],"collection":[{"href":"https:\/\/www.latribunedufaso.net\/index.php?rest_route=\/wp\/v2\/posts"}],"about":[{"href":"https:\/\/www.latribunedufaso.net\/index.php?rest_route=\/wp\/v2\/types\/post"}],"author":[{"embeddable":true,"href":"https:\/\/www.latribunedufaso.net\/index.php?rest_route=\/wp\/v2\/users\/5"}],"replies":[{"embeddable":true,"href":"https:\/\/www.latribunedufaso.net\/index.php?rest_route=%2Fwp%2Fv2%2Fcomments&post=28189"}],"version-history":[{"count":3,"href":"https:\/\/www.latribunedufaso.net\/index.php?rest_route=\/wp\/v2\/posts\/28189\/revisions"}],"predecessor-version":[{"id":28194,"href":"https:\/\/www.latribunedufaso.net\/index.php?rest_route=\/wp\/v2\/posts\/28189\/revisions\/28194"}],"wp:featuredmedia":[{"embeddable":true,"href":"https:\/\/www.latribunedufaso.net\/index.php?rest_route=\/wp\/v2\/media\/28193"}],"wp:attachment":[{"href":"https:\/\/www.latribunedufaso.net\/index.php?rest_route=%2Fwp%2Fv2%2Fmedia&parent=28189"}],"wp:term":[{"taxonomy":"category","embeddable":true,"href":"https:\/\/www.latribunedufaso.net\/index.php?rest_route=%2Fwp%2Fv2%2Fcategories&post=28189"},{"taxonomy":"post_tag","embeddable":true,"href":"https:\/\/www.latribunedufaso.net\/index.php?rest_route=%2Fwp%2Fv2%2Ftags&post=28189"}],"curies":[{"name":"wp","href":"https:\/\/api.w.org\/{rel}","templated":true}]}}