{"id":28133,"date":"2026-03-16T11:56:21","date_gmt":"2026-03-16T11:56:21","guid":{"rendered":"https:\/\/www.latribunedufaso.net\/?p=28133"},"modified":"2026-03-16T11:56:21","modified_gmt":"2026-03-16T11:56:21","slug":"grand-prix-iamgold-essakane-mahamadi-ilboudo-et-awa-bamogo-vainqueurs-de-la-3%e1%b5%89-edition","status":"publish","type":"post","link":"https:\/\/www.latribunedufaso.net\/?p=28133","title":{"rendered":"Grand Prix IAMGOLD Essakane : Mahamadi Ilboudo et Awa Bamogo vainqueurs de la 3\u1d49 \u00e9dition"},"content":{"rendered":"<p><strong>La 3\u1d49 \u00e9dition du Grand Prix cycliste IAMGOLD Essakane SA, baptis\u00e9e <em>\u00ab La P\u00e9dale de la R\u00e9silience \u00bb<\/em>, s\u2019est d\u00e9roul\u00e9e le dimanche 15 mars 2026 sur le Boulevard Isidore No\u00ebl Thomas Sankara \u00e0 Ouagadougou. Elle est plac\u00e9e sous la pr\u00e9sidence du Ministre de l\u2019Energie des Mines et des Carri\u00e8res, Yacouba Zabr\u00e9 Gouba et le patronage de celle en charge des Sports, Annick Lydie Diouma Pikbougoum\/Zingu\u00e9 Ouattara qui ont salu\u00e9 l\u2019initiative et la mobilisation autour de cet \u00e9v\u00e9nement sportif.<\/strong><!--more--><\/p>\n<p>La comp\u00e9tition a d\u2019abord d\u00e9but\u00e9 par une course f\u00e9minine, disput\u00e9e sur 30,6 km. Les cyclistes ont boucl\u00e9 la distance en 57 minutes et 32 secondes, avec une vitesse moyenne de 21,91 km\/h. \u00c0 l\u2019issue de cette \u00e9preuve, Awa Bamogo s\u2019est adjug\u00e9 la premi\u00e8re place. Elle devance Ad\u00e8le Guissou et Wassilatou Convolbo, qui compl\u00e8tent le trio gagnant chez les dames. La premi\u00e8re est repartie avec un troph\u00e9e et une enveloppe de 500 000 francs CFA.<\/p>\n<figure id=\"attachment_28137\" aria-describedby=\"caption-attachment-28137\" style=\"width: 2048px\" class=\"wp-caption aligncenter\"><a href=\"https:\/\/www.latribunedufaso.net\/wp-content\/uploads\/2026\/03\/FB_IMG_1773661355895.jpg\"><img loading=\"lazy\" decoding=\"async\" class=\"size-full wp-image-28137\" src=\"https:\/\/www.latribunedufaso.net\/wp-content\/uploads\/2026\/03\/FB_IMG_1773661355895.jpg\" alt=\"Grand prix IAMGOLD Essakane SA 2026, 15 mars 2026 \u00e0 Ouagadougou\" width=\"2048\" height=\"1380\" srcset=\"https:\/\/www.latribunedufaso.net\/wp-content\/uploads\/2026\/03\/FB_IMG_1773661355895.jpg 2048w, https:\/\/www.latribunedufaso.net\/wp-content\/uploads\/2026\/03\/FB_IMG_1773661355895-300x202.jpg 300w, https:\/\/www.latribunedufaso.net\/wp-content\/uploads\/2026\/03\/FB_IMG_1773661355895-1024x690.jpg 1024w, https:\/\/www.latribunedufaso.net\/wp-content\/uploads\/2026\/03\/FB_IMG_1773661355895-768x518.jpg 768w, https:\/\/www.latribunedufaso.net\/wp-content\/uploads\/2026\/03\/FB_IMG_1773661355895-1536x1035.jpg 1536w, https:\/\/www.latribunedufaso.net\/wp-content\/uploads\/2026\/03\/FB_IMG_1773661355895-120x80.jpg 120w\" sizes=\"auto, (max-width: 2048px) 100vw, 2048px\" \/><\/a><figcaption id=\"caption-attachment-28137\" class=\"wp-caption-text\">Du c\u00f4t\u00e9 des femmes, Awa Bamogo remporte la comp\u00e9tition &#8211; Ph. DR<\/figcaption><\/figure>\n<p>Chez les hommes, c\u2019est le club de l\u2019AS Bessel, qui s\u2019est impos\u00e9. En effet, le premier \u00e0 franchir la ligne d\u2019arriv\u00e9e est Mahamadi Ilboudo, apr\u00e8s 3 heures, 11 minutes et 56 secondes de course, avec une vitesse moyenne de 39,857 km\/h. Il est suivi, dans l\u2019ordre, par ses co\u00e9quipiers Mouka\u00efla Rawend\u00e9 et Mouni Vincent. Gr\u00e2ce \u00e0 sa performance, le vainqueur est reparti avec un troph\u00e9e et une enveloppe de 1 000 000 francs CFA.<\/p>\n<figure id=\"attachment_28138\" aria-describedby=\"caption-attachment-28138\" style=\"width: 2048px\" class=\"wp-caption aligncenter\"><a href=\"https:\/\/www.latribunedufaso.net\/wp-content\/uploads\/2026\/03\/FB_IMG_1773661381155.jpg\"><img loading=\"lazy\" decoding=\"async\" class=\"size-full wp-image-28138\" src=\"https:\/\/www.latribunedufaso.net\/wp-content\/uploads\/2026\/03\/FB_IMG_1773661381155.jpg\" alt=\"Grand prix IAMGOLD Essakane SA 2026, 15 mars 2026 \u00e0 Ouagadougou\" width=\"2048\" height=\"1169\" srcset=\"https:\/\/www.latribunedufaso.net\/wp-content\/uploads\/2026\/03\/FB_IMG_1773661381155.jpg 2048w, https:\/\/www.latribunedufaso.net\/wp-content\/uploads\/2026\/03\/FB_IMG_1773661381155-300x171.jpg 300w, https:\/\/www.latribunedufaso.net\/wp-content\/uploads\/2026\/03\/FB_IMG_1773661381155-1024x585.jpg 1024w, https:\/\/www.latribunedufaso.net\/wp-content\/uploads\/2026\/03\/FB_IMG_1773661381155-768x438.jpg 768w, https:\/\/www.latribunedufaso.net\/wp-content\/uploads\/2026\/03\/FB_IMG_1773661381155-1536x877.jpg 1536w\" sizes=\"auto, (max-width: 2048px) 100vw, 2048px\" \/><\/a><figcaption id=\"caption-attachment-28138\" class=\"wp-caption-text\">Mahamadi Ilboudo est le vainqueur chez les hommes &#8211; Ph. DR<\/figcaption><\/figure>\n<p>La ministre des Sports, Annick Pikbougoum\/Zingu\u00e9 Ouattara, a salu\u00e9 la qualit\u00e9 de l\u2019organisation ainsi que la participation des \u00e9quipes nationales.<\/p>\n<p><em><strong>\u00ab Ce matin, nous avons assist\u00e9 \u00e0 une tr\u00e8s belle course qui a regroup\u00e9 toutes les grandes \u00e9quipes du Burkina pour cette 3\u1d49 \u00e9dition qu\u2019Essakane a bien voulu mettre en jeu \u00bb<\/strong><\/em>, a-t-elle d\u00e9clar\u00e9. Elle a en plus appr\u00e9ci\u00e9 le fait que ce soit la course f\u00e9minine qui ait ouvert cette comp\u00e9tition tout en annon\u00e7ant la pr\u00e9paration de la premi\u00e8re \u00e9dition du Tour du Faso Yenenga au Burkina en avril prochain.<\/p>\n<figure id=\"attachment_28140\" aria-describedby=\"caption-attachment-28140\" style=\"width: 2048px\" class=\"wp-caption aligncenter\"><a href=\"https:\/\/www.latribunedufaso.net\/wp-content\/uploads\/2026\/03\/FB_IMG_1773661742581.jpg\"><img loading=\"lazy\" decoding=\"async\" class=\"size-full wp-image-28140\" src=\"https:\/\/www.latribunedufaso.net\/wp-content\/uploads\/2026\/03\/FB_IMG_1773661742581.jpg\" alt=\"Grand prix IAMGOLD Essakane SA 2026, 15 mars 2026 \u00e0 Ouagadougou\" width=\"2048\" height=\"1073\" srcset=\"https:\/\/www.latribunedufaso.net\/wp-content\/uploads\/2026\/03\/FB_IMG_1773661742581.jpg 2048w, https:\/\/www.latribunedufaso.net\/wp-content\/uploads\/2026\/03\/FB_IMG_1773661742581-300x157.jpg 300w, https:\/\/www.latribunedufaso.net\/wp-content\/uploads\/2026\/03\/FB_IMG_1773661742581-1024x537.jpg 1024w, https:\/\/www.latribunedufaso.net\/wp-content\/uploads\/2026\/03\/FB_IMG_1773661742581-768x402.jpg 768w, https:\/\/www.latribunedufaso.net\/wp-content\/uploads\/2026\/03\/FB_IMG_1773661742581-1536x805.jpg 1536w\" sizes=\"auto, (max-width: 2048px) 100vw, 2048px\" \/><\/a><figcaption id=\"caption-attachment-28140\" class=\"wp-caption-text\">Une vue des officiels \u00e0 la c\u00e9r\u00e9monie &#8211; Ph. DR<\/figcaption><\/figure>\n<p>De son c\u00f4t\u00e9, le directeur g\u00e9n\u00e9ral de IAMGOLD Essakane SA, Tidiane Barry, estime que la mobilisation populaire autour de cette comp\u00e9tition constitue un encouragement \u00e0 poursuivre l\u2019initiative. <em><strong>\u00ab Essakane soutient plusieurs disciplines, notamment le cyclisme et le basketball, et contribue \u00e9galement \u00e0 la cr\u00e9ation et \u00e0 la r\u00e9fection de terrains omnisports \u00bb<\/strong><\/em>, a-t-il indiqu\u00e9.<\/p>\n<blockquote>\n<p>Lire aussi &gt;&gt;\u00a0<a href=\"https:\/\/www.latribunedufaso.net\/?p=25508\">Partenariat minier\/Formation : IAMGOLD Essakane offre une fa\u00e7ade de 150 millions FCFA \u00e0 l\u2019ENAM<\/a><\/p>\n<\/blockquote>\n<p>Avec la tenue de cette 3e \u00e9dition, <em><strong>\u00ab La P\u00e9dale de la R\u00e9silience \u00bb<\/strong><\/em> confirme sa place parmi les rendez-vous majeurs du cyclisme national et illustre, par la m\u00eame occasion, l\u2019engagement croissant des acteurs publics et priv\u00e9s pour le d\u00e9veloppement du sport au Burkina Faso.<\/p>\n<p><strong>Latribunedufaso.net<\/strong><\/p>\n<p><strong>Source : MEMC\u00a0<\/strong><\/p>\n<p><a href=\"https:\/\/www.latribunedufaso.net\/wp-content\/uploads\/2026\/03\/FB_IMG_1773661326120.jpg\"><img loading=\"lazy\" decoding=\"async\" class=\"aligncenter size-full wp-image-28139\" src=\"https:\/\/www.latribunedufaso.net\/wp-content\/uploads\/2026\/03\/FB_IMG_1773661326120.jpg\" alt=\"Grand prix IAMGOLD Essakane SA 2026, 15 mars 2026 \u00e0 Ouagadougou\" width=\"2048\" height=\"1365\" srcset=\"https:\/\/www.latribunedufaso.net\/wp-content\/uploads\/2026\/03\/FB_IMG_1773661326120.jpg 2048w, https:\/\/www.latribunedufaso.net\/wp-content\/uploads\/2026\/03\/FB_IMG_1773661326120-300x200.jpg 300w, https:\/\/www.latribunedufaso.net\/wp-content\/uploads\/2026\/03\/FB_IMG_1773661326120-1024x683.jpg 1024w, https:\/\/www.latribunedufaso.net\/wp-content\/uploads\/2026\/03\/FB_IMG_1773661326120-768x512.jpg 768w, https:\/\/www.latribunedufaso.net\/wp-content\/uploads\/2026\/03\/FB_IMG_1773661326120-1536x1024.jpg 1536w, https:\/\/www.latribunedufaso.net\/wp-content\/uploads\/2026\/03\/FB_IMG_1773661326120-840x560.jpg 840w, https:\/\/www.latribunedufaso.net\/wp-content\/uploads\/2026\/03\/FB_IMG_1773661326120-120x80.jpg 120w, https:\/\/www.latribunedufaso.net\/wp-content\/uploads\/2026\/03\/FB_IMG_1773661326120-360x240.jpg 360w, https:\/\/www.latribunedufaso.net\/wp-content\/uploads\/2026\/03\/FB_IMG_1773661326120-600x400.jpg 600w\" sizes=\"auto, (max-width: 2048px) 100vw, 2048px\" \/><\/a><\/p>\n","protected":false},"excerpt":{"rendered":"<p>La 3\u1d49 \u00e9dition du Grand Prix cycliste IAMGOLD Essakane SA, baptis\u00e9e \u00ab La P\u00e9dale de la R\u00e9silience \u00bb, s\u2019est d\u00e9roul\u00e9e le dimanche 15 mars 2026 sur le Boulevard Isidore No\u00ebl Thomas Sankara \u00e0 Ouagadougou. Elle est plac\u00e9e sous la pr\u00e9sidence du Ministre de l\u2019Energie des Mines et des Carri\u00e8res, Yacouba Zabr\u00e9 Gouba et le patronage de celle en charge des Sports, Annick Lydie Diouma Pikbougoum\/Zingu\u00e9 Ouattara qui ont salu\u00e9 l\u2019initiative et la mobilisation autour de cet \u00e9v\u00e9nement sportif.<\/p>\n","protected":false},"author":5,"featured_media":28136,"comment_status":"open","ping_status":"open","sticky":false,"template":"","format":"standard","meta":{"footnotes":""},"categories":[13,1,19,17],"tags":[778,2060,39],"class_list":["post-28133","post","type-post","status-publish","format-standard","has-post-thumbnail","hentry","category-une","category-actu","category-mines-et-carrieres","category-sport","tag-grand-prix-cycliste-iamgold-essakane-sa","tag-la-pedale-de-la-resilience","tag-latribunedufaso-net"],"yoast_head":"<!-- This site is optimized with the Yoast SEO plugin v27.5 - https:\/\/yoast.com\/product\/yoast-seo-wordpress\/ -->\n<title>Grand Prix IAMGOLD Essakane : Mahamadi Ilboudo et Awa Bamogo vainqueurs de la 3\u1d49 \u00e9dition - La Tribune du Faso<\/title>\n<meta name=\"robots\" content=\"index, follow, max-snippet:-1, max-image-preview:large, max-video-preview:-1\" \/>\n<link rel=\"canonical\" href=\"https:\/\/www.latribunedufaso.net\/?p=28133\" \/>\n<meta property=\"og:locale\" content=\"fr_FR\" \/>\n<meta property=\"og:type\" content=\"article\" \/>\n<meta property=\"og:title\" content=\"Grand Prix IAMGOLD Essakane : Mahamadi Ilboudo et Awa Bamogo vainqueurs de la 3\u1d49 \u00e9dition - La Tribune du Faso\" \/>\n<meta property=\"og:description\" content=\"La 3\u1d49 \u00e9dition du Grand Prix cycliste IAMGOLD Essakane SA, baptis\u00e9e \u00ab La P\u00e9dale de la R\u00e9silience \u00bb, s\u2019est d\u00e9roul\u00e9e le dimanche 15 mars 2026 sur le Boulevard Isidore No\u00ebl Thomas Sankara \u00e0 Ouagadougou. Elle est plac\u00e9e sous la pr\u00e9sidence du Ministre de l\u2019Energie des Mines et des Carri\u00e8res, Yacouba Zabr\u00e9 Gouba et le patronage de celle en charge des Sports, Annick Lydie Diouma Pikbougoum\/Zingu\u00e9 Ouattara qui ont salu\u00e9 l\u2019initiative et la mobilisation autour de cet \u00e9v\u00e9nement sportif.\" \/>\n<meta property=\"og:url\" content=\"https:\/\/www.latribunedufaso.net\/?p=28133\" \/>\n<meta property=\"og:site_name\" content=\"La Tribune du Faso\" \/>\n<meta property=\"article:publisher\" content=\"https:\/\/www.facebook.com\/LatribuneduFaso\/\" \/>\n<meta property=\"article:published_time\" content=\"2026-03-16T11:56:21+00:00\" \/>\n<meta property=\"og:image\" content=\"https:\/\/www.latribunedufaso.net\/wp-content\/uploads\/2026\/03\/FB_IMG_1773661509758.jpg\" \/>\n\t<meta property=\"og:image:width\" content=\"2048\" \/>\n\t<meta property=\"og:image:height\" content=\"1318\" \/>\n\t<meta property=\"og:image:type\" content=\"image\/jpeg\" \/>\n<meta name=\"author\" content=\"Issouf Tapsoba\" \/>\n<meta name=\"twitter:label1\" content=\"\u00c9crit par\" \/>\n\t<meta name=\"twitter:data1\" content=\"Issouf Tapsoba\" \/>\n\t<meta name=\"twitter:label2\" content=\"Dur\u00e9e de lecture estim\u00e9e\" \/>\n\t<meta name=\"twitter:data2\" content=\"4 minutes\" \/>\n<script type=\"application\/ld+json\" class=\"yoast-schema-graph\">{\"@context\":\"https:\\\/\\\/schema.org\",\"@graph\":[{\"@type\":\"Article\",\"@id\":\"https:\\\/\\\/www.latribunedufaso.net\\\/?p=28133#article\",\"isPartOf\":{\"@id\":\"https:\\\/\\\/www.latribunedufaso.net\\\/?p=28133\"},\"author\":{\"name\":\"Issouf Tapsoba\",\"@id\":\"https:\\\/\\\/www.latribunedufaso.net\\\/#\\\/schema\\\/person\\\/e54e64c5778a7e72cf80a318b7a622b0\"},\"headline\":\"Grand Prix IAMGOLD Essakane : Mahamadi Ilboudo et Awa Bamogo vainqueurs de la 3\u1d49 \u00e9dition\",\"datePublished\":\"2026-03-16T11:56:21+00:00\",\"mainEntityOfPage\":{\"@id\":\"https:\\\/\\\/www.latribunedufaso.net\\\/?p=28133\"},\"wordCount\":538,\"commentCount\":0,\"publisher\":{\"@id\":\"https:\\\/\\\/www.latribunedufaso.net\\\/#organization\"},\"image\":{\"@id\":\"https:\\\/\\\/www.latribunedufaso.net\\\/?p=28133#primaryimage\"},\"thumbnailUrl\":\"https:\\\/\\\/www.latribunedufaso.net\\\/wp-content\\\/uploads\\\/2026\\\/03\\\/FB_IMG_1773661509758.jpg\",\"keywords\":[\"Grand prix cycliste IAMGOLD Essakane SA\",\"La P\u00e9dale De La R\u00e9silience\",\"latribunedufaso.net\"],\"articleSection\":[\"A la une\",\"Actualit\u00e9\",\"Mines et Carri\u00e8res\",\"Sport\"],\"inLanguage\":\"fr-FR\",\"potentialAction\":[{\"@type\":\"CommentAction\",\"name\":\"Comment\",\"target\":[\"https:\\\/\\\/www.latribunedufaso.net\\\/?p=28133#respond\"]}]},{\"@type\":\"WebPage\",\"@id\":\"https:\\\/\\\/www.latribunedufaso.net\\\/?p=28133\",\"url\":\"https:\\\/\\\/www.latribunedufaso.net\\\/?p=28133\",\"name\":\"Grand Prix IAMGOLD Essakane : Mahamadi Ilboudo et Awa Bamogo vainqueurs de la 3\u1d49 \u00e9dition - La Tribune du Faso\",\"isPartOf\":{\"@id\":\"https:\\\/\\\/www.latribunedufaso.net\\\/#website\"},\"primaryImageOfPage\":{\"@id\":\"https:\\\/\\\/www.latribunedufaso.net\\\/?p=28133#primaryimage\"},\"image\":{\"@id\":\"https:\\\/\\\/www.latribunedufaso.net\\\/?p=28133#primaryimage\"},\"thumbnailUrl\":\"https:\\\/\\\/www.latribunedufaso.net\\\/wp-content\\\/uploads\\\/2026\\\/03\\\/FB_IMG_1773661509758.jpg\",\"datePublished\":\"2026-03-16T11:56:21+00:00\",\"breadcrumb\":{\"@id\":\"https:\\\/\\\/www.latribunedufaso.net\\\/?p=28133#breadcrumb\"},\"inLanguage\":\"fr-FR\",\"potentialAction\":[{\"@type\":\"ReadAction\",\"target\":[\"https:\\\/\\\/www.latribunedufaso.net\\\/?p=28133\"]}]},{\"@type\":\"ImageObject\",\"inLanguage\":\"fr-FR\",\"@id\":\"https:\\\/\\\/www.latribunedufaso.net\\\/?p=28133#primaryimage\",\"url\":\"https:\\\/\\\/www.latribunedufaso.net\\\/wp-content\\\/uploads\\\/2026\\\/03\\\/FB_IMG_1773661509758.jpg\",\"contentUrl\":\"https:\\\/\\\/www.latribunedufaso.net\\\/wp-content\\\/uploads\\\/2026\\\/03\\\/FB_IMG_1773661509758.jpg\",\"width\":2048,\"height\":1318,\"caption\":\"Grand prix IAMGOLD Essakane SA 2026, 15 mars 2026 \u00e0 Ouagadougou\"},{\"@type\":\"BreadcrumbList\",\"@id\":\"https:\\\/\\\/www.latribunedufaso.net\\\/?p=28133#breadcrumb\",\"itemListElement\":[{\"@type\":\"ListItem\",\"position\":1,\"name\":\"Accueil\",\"item\":\"https:\\\/\\\/www.latribunedufaso.net\\\/\"},{\"@type\":\"ListItem\",\"position\":2,\"name\":\"Grand Prix IAMGOLD Essakane : Mahamadi Ilboudo et Awa Bamogo vainqueurs de la 3\u1d49 \u00e9dition\"}]},{\"@type\":\"WebSite\",\"@id\":\"https:\\\/\\\/www.latribunedufaso.net\\\/#website\",\"url\":\"https:\\\/\\\/www.latribunedufaso.net\\\/\",\"name\":\"La Tribune du Faso\",\"description\":\"L&#039;information du monde rural en un clic\",\"publisher\":{\"@id\":\"https:\\\/\\\/www.latribunedufaso.net\\\/#organization\"},\"potentialAction\":[{\"@type\":\"SearchAction\",\"target\":{\"@type\":\"EntryPoint\",\"urlTemplate\":\"https:\\\/\\\/www.latribunedufaso.net\\\/?s={search_term_string}\"},\"query-input\":{\"@type\":\"PropertyValueSpecification\",\"valueRequired\":true,\"valueName\":\"search_term_string\"}}],\"inLanguage\":\"fr-FR\"},{\"@type\":\"Organization\",\"@id\":\"https:\\\/\\\/www.latribunedufaso.net\\\/#organization\",\"name\":\"La Tribune du Faso\",\"url\":\"https:\\\/\\\/www.latribunedufaso.net\\\/\",\"logo\":{\"@type\":\"ImageObject\",\"inLanguage\":\"fr-FR\",\"@id\":\"https:\\\/\\\/www.latribunedufaso.net\\\/#\\\/schema\\\/logo\\\/image\\\/\",\"url\":\"https:\\\/\\\/www.latribunedufaso.net\\\/wp-content\\\/uploads\\\/2020\\\/08\\\/Logo-Tribune-du-Faso-final-scaled.jpg\",\"contentUrl\":\"https:\\\/\\\/www.latribunedufaso.net\\\/wp-content\\\/uploads\\\/2020\\\/08\\\/Logo-Tribune-du-Faso-final-scaled.jpg\",\"width\":2560,\"height\":1856,\"caption\":\"La Tribune du Faso\"},\"image\":{\"@id\":\"https:\\\/\\\/www.latribunedufaso.net\\\/#\\\/schema\\\/logo\\\/image\\\/\"},\"sameAs\":[\"https:\\\/\\\/www.facebook.com\\\/LatribuneduFaso\\\/\"]},{\"@type\":\"Person\",\"@id\":\"https:\\\/\\\/www.latribunedufaso.net\\\/#\\\/schema\\\/person\\\/e54e64c5778a7e72cf80a318b7a622b0\",\"name\":\"Issouf Tapsoba\",\"image\":{\"@type\":\"ImageObject\",\"inLanguage\":\"fr-FR\",\"@id\":\"https:\\\/\\\/secure.gravatar.com\\\/avatar\\\/5e6c05150ce3230247d167f5b94d678eb05936197436d69b7921e3a95c9107ac?s=96&d=mm&r=g\",\"url\":\"https:\\\/\\\/secure.gravatar.com\\\/avatar\\\/5e6c05150ce3230247d167f5b94d678eb05936197436d69b7921e3a95c9107ac?s=96&d=mm&r=g\",\"contentUrl\":\"https:\\\/\\\/secure.gravatar.com\\\/avatar\\\/5e6c05150ce3230247d167f5b94d678eb05936197436d69b7921e3a95c9107ac?s=96&d=mm&r=g\",\"caption\":\"Issouf Tapsoba\"},\"url\":\"https:\\\/\\\/www.latribunedufaso.net\\\/?author=5\"}]}<\/script>\n<!-- \/ Yoast SEO plugin. -->","yoast_head_json":{"title":"Grand Prix IAMGOLD Essakane : Mahamadi Ilboudo et Awa Bamogo vainqueurs de la 3\u1d49 \u00e9dition - La Tribune du Faso","robots":{"index":"index","follow":"follow","max-snippet":"max-snippet:-1","max-image-preview":"max-image-preview:large","max-video-preview":"max-video-preview:-1"},"canonical":"https:\/\/www.latribunedufaso.net\/?p=28133","og_locale":"fr_FR","og_type":"article","og_title":"Grand Prix IAMGOLD Essakane : Mahamadi Ilboudo et Awa Bamogo vainqueurs de la 3\u1d49 \u00e9dition - La Tribune du Faso","og_description":"La 3\u1d49 \u00e9dition du Grand Prix cycliste IAMGOLD Essakane SA, baptis\u00e9e \u00ab La P\u00e9dale de la R\u00e9silience \u00bb, s\u2019est d\u00e9roul\u00e9e le dimanche 15 mars 2026 sur le Boulevard Isidore No\u00ebl Thomas Sankara \u00e0 Ouagadougou. Elle est plac\u00e9e sous la pr\u00e9sidence du Ministre de l\u2019Energie des Mines et des Carri\u00e8res, Yacouba Zabr\u00e9 Gouba et le patronage de celle en charge des Sports, Annick Lydie Diouma Pikbougoum\/Zingu\u00e9 Ouattara qui ont salu\u00e9 l\u2019initiative et la mobilisation autour de cet \u00e9v\u00e9nement sportif.","og_url":"https:\/\/www.latribunedufaso.net\/?p=28133","og_site_name":"La Tribune du Faso","article_publisher":"https:\/\/www.facebook.com\/LatribuneduFaso\/","article_published_time":"2026-03-16T11:56:21+00:00","og_image":[{"width":2048,"height":1318,"url":"https:\/\/www.latribunedufaso.net\/wp-content\/uploads\/2026\/03\/FB_IMG_1773661509758.jpg","type":"image\/jpeg"}],"author":"Issouf Tapsoba","twitter_misc":{"\u00c9crit par":"Issouf Tapsoba","Dur\u00e9e de lecture estim\u00e9e":"4 minutes"},"schema":{"@context":"https:\/\/schema.org","@graph":[{"@type":"Article","@id":"https:\/\/www.latribunedufaso.net\/?p=28133#article","isPartOf":{"@id":"https:\/\/www.latribunedufaso.net\/?p=28133"},"author":{"name":"Issouf Tapsoba","@id":"https:\/\/www.latribunedufaso.net\/#\/schema\/person\/e54e64c5778a7e72cf80a318b7a622b0"},"headline":"Grand Prix IAMGOLD Essakane : Mahamadi Ilboudo et Awa Bamogo vainqueurs de la 3\u1d49 \u00e9dition","datePublished":"2026-03-16T11:56:21+00:00","mainEntityOfPage":{"@id":"https:\/\/www.latribunedufaso.net\/?p=28133"},"wordCount":538,"commentCount":0,"publisher":{"@id":"https:\/\/www.latribunedufaso.net\/#organization"},"image":{"@id":"https:\/\/www.latribunedufaso.net\/?p=28133#primaryimage"},"thumbnailUrl":"https:\/\/www.latribunedufaso.net\/wp-content\/uploads\/2026\/03\/FB_IMG_1773661509758.jpg","keywords":["Grand prix cycliste IAMGOLD Essakane SA","La P\u00e9dale De La R\u00e9silience","latribunedufaso.net"],"articleSection":["A la une","Actualit\u00e9","Mines et Carri\u00e8res","Sport"],"inLanguage":"fr-FR","potentialAction":[{"@type":"CommentAction","name":"Comment","target":["https:\/\/www.latribunedufaso.net\/?p=28133#respond"]}]},{"@type":"WebPage","@id":"https:\/\/www.latribunedufaso.net\/?p=28133","url":"https:\/\/www.latribunedufaso.net\/?p=28133","name":"Grand Prix IAMGOLD Essakane : Mahamadi Ilboudo et Awa Bamogo vainqueurs de la 3\u1d49 \u00e9dition - La Tribune du Faso","isPartOf":{"@id":"https:\/\/www.latribunedufaso.net\/#website"},"primaryImageOfPage":{"@id":"https:\/\/www.latribunedufaso.net\/?p=28133#primaryimage"},"image":{"@id":"https:\/\/www.latribunedufaso.net\/?p=28133#primaryimage"},"thumbnailUrl":"https:\/\/www.latribunedufaso.net\/wp-content\/uploads\/2026\/03\/FB_IMG_1773661509758.jpg","datePublished":"2026-03-16T11:56:21+00:00","breadcrumb":{"@id":"https:\/\/www.latribunedufaso.net\/?p=28133#breadcrumb"},"inLanguage":"fr-FR","potentialAction":[{"@type":"ReadAction","target":["https:\/\/www.latribunedufaso.net\/?p=28133"]}]},{"@type":"ImageObject","inLanguage":"fr-FR","@id":"https:\/\/www.latribunedufaso.net\/?p=28133#primaryimage","url":"https:\/\/www.latribunedufaso.net\/wp-content\/uploads\/2026\/03\/FB_IMG_1773661509758.jpg","contentUrl":"https:\/\/www.latribunedufaso.net\/wp-content\/uploads\/2026\/03\/FB_IMG_1773661509758.jpg","width":2048,"height":1318,"caption":"Grand prix IAMGOLD Essakane SA 2026, 15 mars 2026 \u00e0 Ouagadougou"},{"@type":"BreadcrumbList","@id":"https:\/\/www.latribunedufaso.net\/?p=28133#breadcrumb","itemListElement":[{"@type":"ListItem","position":1,"name":"Accueil","item":"https:\/\/www.latribunedufaso.net\/"},{"@type":"ListItem","position":2,"name":"Grand Prix IAMGOLD Essakane : Mahamadi Ilboudo et Awa Bamogo vainqueurs de la 3\u1d49 \u00e9dition"}]},{"@type":"WebSite","@id":"https:\/\/www.latribunedufaso.net\/#website","url":"https:\/\/www.latribunedufaso.net\/","name":"La Tribune du Faso","description":"L&#039;information du monde rural en un clic","publisher":{"@id":"https:\/\/www.latribunedufaso.net\/#organization"},"potentialAction":[{"@type":"SearchAction","target":{"@type":"EntryPoint","urlTemplate":"https:\/\/www.latribunedufaso.net\/?s={search_term_string}"},"query-input":{"@type":"PropertyValueSpecification","valueRequired":true,"valueName":"search_term_string"}}],"inLanguage":"fr-FR"},{"@type":"Organization","@id":"https:\/\/www.latribunedufaso.net\/#organization","name":"La Tribune du Faso","url":"https:\/\/www.latribunedufaso.net\/","logo":{"@type":"ImageObject","inLanguage":"fr-FR","@id":"https:\/\/www.latribunedufaso.net\/#\/schema\/logo\/image\/","url":"https:\/\/www.latribunedufaso.net\/wp-content\/uploads\/2020\/08\/Logo-Tribune-du-Faso-final-scaled.jpg","contentUrl":"https:\/\/www.latribunedufaso.net\/wp-content\/uploads\/2020\/08\/Logo-Tribune-du-Faso-final-scaled.jpg","width":2560,"height":1856,"caption":"La Tribune du Faso"},"image":{"@id":"https:\/\/www.latribunedufaso.net\/#\/schema\/logo\/image\/"},"sameAs":["https:\/\/www.facebook.com\/LatribuneduFaso\/"]},{"@type":"Person","@id":"https:\/\/www.latribunedufaso.net\/#\/schema\/person\/e54e64c5778a7e72cf80a318b7a622b0","name":"Issouf Tapsoba","image":{"@type":"ImageObject","inLanguage":"fr-FR","@id":"https:\/\/secure.gravatar.com\/avatar\/5e6c05150ce3230247d167f5b94d678eb05936197436d69b7921e3a95c9107ac?s=96&d=mm&r=g","url":"https:\/\/secure.gravatar.com\/avatar\/5e6c05150ce3230247d167f5b94d678eb05936197436d69b7921e3a95c9107ac?s=96&d=mm&r=g","contentUrl":"https:\/\/secure.gravatar.com\/avatar\/5e6c05150ce3230247d167f5b94d678eb05936197436d69b7921e3a95c9107ac?s=96&d=mm&r=g","caption":"Issouf Tapsoba"},"url":"https:\/\/www.latribunedufaso.net\/?author=5"}]}},"_links":{"self":[{"href":"https:\/\/www.latribunedufaso.net\/index.php?rest_route=\/wp\/v2\/posts\/28133","targetHints":{"allow":["GET"]}}],"collection":[{"href":"https:\/\/www.latribunedufaso.net\/index.php?rest_route=\/wp\/v2\/posts"}],"about":[{"href":"https:\/\/www.latribunedufaso.net\/index.php?rest_route=\/wp\/v2\/types\/post"}],"author":[{"embeddable":true,"href":"https:\/\/www.latribunedufaso.net\/index.php?rest_route=\/wp\/v2\/users\/5"}],"replies":[{"embeddable":true,"href":"https:\/\/www.latribunedufaso.net\/index.php?rest_route=%2Fwp%2Fv2%2Fcomments&post=28133"}],"version-history":[{"count":3,"href":"https:\/\/www.latribunedufaso.net\/index.php?rest_route=\/wp\/v2\/posts\/28133\/revisions"}],"predecessor-version":[{"id":28142,"href":"https:\/\/www.latribunedufaso.net\/index.php?rest_route=\/wp\/v2\/posts\/28133\/revisions\/28142"}],"wp:featuredmedia":[{"embeddable":true,"href":"https:\/\/www.latribunedufaso.net\/index.php?rest_route=\/wp\/v2\/media\/28136"}],"wp:attachment":[{"href":"https:\/\/www.latribunedufaso.net\/index.php?rest_route=%2Fwp%2Fv2%2Fmedia&parent=28133"}],"wp:term":[{"taxonomy":"category","embeddable":true,"href":"https:\/\/www.latribunedufaso.net\/index.php?rest_route=%2Fwp%2Fv2%2Fcategories&post=28133"},{"taxonomy":"post_tag","embeddable":true,"href":"https:\/\/www.latribunedufaso.net\/index.php?rest_route=%2Fwp%2Fv2%2Ftags&post=28133"}],"curies":[{"name":"wp","href":"https:\/\/api.w.org\/{rel}","templated":true}]}}