{"id":28095,"date":"2026-03-14T11:24:42","date_gmt":"2026-03-14T11:24:42","guid":{"rendered":"https:\/\/www.latribunedufaso.net\/?p=28095"},"modified":"2026-03-14T11:24:42","modified_gmt":"2026-03-14T11:24:42","slug":"tgi-ouaga-2-wendpanga-yannick-bougma-condamne-a-25-ans-de-prison-ferme","status":"publish","type":"post","link":"https:\/\/www.latribunedufaso.net\/?p=28095","title":{"rendered":"TGI Ouaga 2 : Wendpanga Yannick Bougma condamn\u00e9 \u00e0 25 ans de prison ferme"},"content":{"rendered":"<p><strong>Au proc\u00e8s du meurtre de l\u2019ex-ministre Yolande Viviane Compaor\u00e9, l&rsquo;accus\u00e9 Wendpanga Yannick Bougma a reconnu les faits. Lors de l&rsquo;audience, l&rsquo;expertise psychiatrique a \u00e9voqu\u00e9 un <em>\u00ab d\u00e9lire chronique de pers\u00e9cution \u00bb,<\/em> possiblement li\u00e9 \u00e0 une schizophr\u00e9nie, selon l&rsquo;expert entendu \u00e0 la barre.<\/strong><!--more--><\/p>\n<p>Au terme des d\u00e9bats, la partie civile, repr\u00e9sentant les ayants droit de la victime, s\u2019est constitu\u00e9e en r\u00e9clamant un franc symbolique au titre de la r\u00e9paration.<\/p>\n<p>Le minist\u00e8re public a requis la r\u00e9clusion criminelle \u00e0 perp\u00e9tuit\u00e9. La d\u00e9fense, quant \u00e0 elle, a plaid\u00e9 l\u2019irresponsabilit\u00e9 p\u00e9nale de l\u2019accus\u00e9 en raison de son \u00e9tat mental.<\/p>\n<p>\u00c0 l&rsquo;issue du d\u00e9lib\u00e9r\u00e9, le tribunal, statuant publiquement, contradictoirement, en mati\u00e8re criminelle et en premier ressort :<\/p>\n<p>D\u00e9clare Wendpanga Yannick Bougma coupable des faits d&rsquo;assassinat et de vol aggrav\u00e9 qui lui sont reproch\u00e9s.<\/p>\n<p>En r\u00e9pression :<\/p>\n<p>Le condamne \u00e0 une peine d&#8217;emprisonnement ferme de 25 ans ;<\/p>\n<p>Ordonne son traitement et son suivi psychiatrique, \u00e0 la diligence du Directeur de la Maison d\u2019Arr\u00eat et de Correction de Ouagadougou (MACO) ;<\/p>\n<p>D\u00e9clare recevable la constitution de partie civile des ayants droit de feue Yolande Viviane Compaor\u00e9 et la dit bien fond\u00e9e ;<\/p>\n<p>Condamne Wendpanga Yannick Bougma \u00e0 leur payer la somme d\u2019un (1) franc symbolique en r\u00e9paration du pr\u00e9judice subi ;<\/p>\n<p>Ordonne la restitution aux ayants droit du scell\u00e9 comprenant trois t\u00e9l\u00e9phones portables, une tablette, deux chargeurs et un sac \u00e0 main ;<\/p>\n<p>Ordonne la confiscation, aux fins de destruction, du scell\u00e9 comprenant une chemise, une cl\u00e9 USB et un casque audio ;<\/p>\n<p>Condamne Wendpanga Yannick Bougma aux entiers d\u00e9pens.<\/p>\n<p>Le tribunal a inform\u00e9 le condamn\u00e9 qu&rsquo;il dispose d&rsquo;un d\u00e9lai de dix (10) jours pour interjeter appel s&rsquo;il n&rsquo;est pas satisfait de la d\u00e9cision rendue.<\/p>\n<p><strong>Latribunedufaso.net<\/strong><\/p>\n<p><strong>Source : DCRP-MJ<\/strong><\/p>\n","protected":false},"excerpt":{"rendered":"<p>Au proc\u00e8s du meurtre de l\u2019ex-ministre Yolande Viviane Compaor\u00e9, l&rsquo;accus\u00e9 Wendpanga Yannick Bougma a reconnu les faits. Lors de l&rsquo;audience, l&rsquo;expertise psychiatrique a \u00e9voqu\u00e9 un \u00ab d\u00e9lire chronique de pers\u00e9cution \u00bb, possiblement li\u00e9 \u00e0 une schizophr\u00e9nie, selon l&rsquo;expert entendu \u00e0 la barre.<\/p>\n","protected":false},"author":5,"featured_media":28097,"comment_status":"open","ping_status":"open","sticky":false,"template":"","format":"standard","meta":{"footnotes":""},"categories":[13,1,8],"tags":[39,2055,2056],"class_list":["post-28095","post","type-post","status-publish","format-standard","has-post-thumbnail","hentry","category-une","category-actu","category-societe","tag-latribunedufaso-net","tag-meurtre-de-lex-ministre-yolande-viviane-compaore","tag-wendpanga-yannick-bougma"],"yoast_head":"<!-- This site is optimized with the Yoast SEO plugin v27.5 - https:\/\/yoast.com\/product\/yoast-seo-wordpress\/ -->\n<title>TGI Ouaga 2 : Wendpanga Yannick Bougma condamn\u00e9 \u00e0 25 ans de prison ferme - La Tribune du Faso<\/title>\n<meta name=\"robots\" content=\"index, follow, max-snippet:-1, max-image-preview:large, max-video-preview:-1\" \/>\n<link rel=\"canonical\" href=\"https:\/\/www.latribunedufaso.net\/?p=28095\" \/>\n<meta property=\"og:locale\" content=\"fr_FR\" \/>\n<meta property=\"og:type\" content=\"article\" \/>\n<meta property=\"og:title\" content=\"TGI Ouaga 2 : Wendpanga Yannick Bougma condamn\u00e9 \u00e0 25 ans de prison ferme - La Tribune du Faso\" \/>\n<meta property=\"og:description\" content=\"Au proc\u00e8s du meurtre de l\u2019ex-ministre Yolande Viviane Compaor\u00e9, l&rsquo;accus\u00e9 Wendpanga Yannick Bougma a reconnu les faits. Lors de l&rsquo;audience, l&rsquo;expertise psychiatrique a \u00e9voqu\u00e9 un \u00ab d\u00e9lire chronique de pers\u00e9cution \u00bb, possiblement li\u00e9 \u00e0 une schizophr\u00e9nie, selon l&rsquo;expert entendu \u00e0 la barre.\" \/>\n<meta property=\"og:url\" content=\"https:\/\/www.latribunedufaso.net\/?p=28095\" \/>\n<meta property=\"og:site_name\" content=\"La Tribune du Faso\" \/>\n<meta property=\"article:publisher\" content=\"https:\/\/www.facebook.com\/LatribuneduFaso\/\" \/>\n<meta property=\"article:published_time\" content=\"2026-03-14T11:24:42+00:00\" \/>\n<meta property=\"og:image\" content=\"https:\/\/www.latribunedufaso.net\/wp-content\/uploads\/2026\/03\/FB_IMG_1773486835962.jpg\" \/>\n\t<meta property=\"og:image:width\" content=\"1280\" \/>\n\t<meta property=\"og:image:height\" content=\"825\" \/>\n\t<meta property=\"og:image:type\" content=\"image\/jpeg\" \/>\n<meta name=\"author\" content=\"Issouf Tapsoba\" \/>\n<meta name=\"twitter:label1\" content=\"\u00c9crit par\" \/>\n\t<meta name=\"twitter:data1\" content=\"Issouf Tapsoba\" \/>\n\t<meta name=\"twitter:label2\" content=\"Dur\u00e9e de lecture estim\u00e9e\" \/>\n\t<meta name=\"twitter:data2\" content=\"2 minutes\" \/>\n<script type=\"application\/ld+json\" class=\"yoast-schema-graph\">{\"@context\":\"https:\\\/\\\/schema.org\",\"@graph\":[{\"@type\":\"Article\",\"@id\":\"https:\\\/\\\/www.latribunedufaso.net\\\/?p=28095#article\",\"isPartOf\":{\"@id\":\"https:\\\/\\\/www.latribunedufaso.net\\\/?p=28095\"},\"author\":{\"name\":\"Issouf Tapsoba\",\"@id\":\"https:\\\/\\\/www.latribunedufaso.net\\\/#\\\/schema\\\/person\\\/e54e64c5778a7e72cf80a318b7a622b0\"},\"headline\":\"TGI Ouaga 2 : Wendpanga Yannick Bougma condamn\u00e9 \u00e0 25 ans de prison ferme\",\"datePublished\":\"2026-03-14T11:24:42+00:00\",\"mainEntityOfPage\":{\"@id\":\"https:\\\/\\\/www.latribunedufaso.net\\\/?p=28095\"},\"wordCount\":318,\"commentCount\":0,\"publisher\":{\"@id\":\"https:\\\/\\\/www.latribunedufaso.net\\\/#organization\"},\"image\":{\"@id\":\"https:\\\/\\\/www.latribunedufaso.net\\\/?p=28095#primaryimage\"},\"thumbnailUrl\":\"https:\\\/\\\/www.latribunedufaso.net\\\/wp-content\\\/uploads\\\/2026\\\/03\\\/FB_IMG_1773486835962.jpg\",\"keywords\":[\"latribunedufaso.net\",\"Meurtre de l\u2019ex-ministre Yolande Viviane Compaor\u00e9\",\"Wendpanga Yannick Bougma\"],\"articleSection\":[\"A la une\",\"Actualit\u00e9\",\"Soci\u00e9t\u00e9\"],\"inLanguage\":\"fr-FR\",\"potentialAction\":[{\"@type\":\"CommentAction\",\"name\":\"Comment\",\"target\":[\"https:\\\/\\\/www.latribunedufaso.net\\\/?p=28095#respond\"]}]},{\"@type\":\"WebPage\",\"@id\":\"https:\\\/\\\/www.latribunedufaso.net\\\/?p=28095\",\"url\":\"https:\\\/\\\/www.latribunedufaso.net\\\/?p=28095\",\"name\":\"TGI Ouaga 2 : Wendpanga Yannick Bougma condamn\u00e9 \u00e0 25 ans de prison ferme - La Tribune du Faso\",\"isPartOf\":{\"@id\":\"https:\\\/\\\/www.latribunedufaso.net\\\/#website\"},\"primaryImageOfPage\":{\"@id\":\"https:\\\/\\\/www.latribunedufaso.net\\\/?p=28095#primaryimage\"},\"image\":{\"@id\":\"https:\\\/\\\/www.latribunedufaso.net\\\/?p=28095#primaryimage\"},\"thumbnailUrl\":\"https:\\\/\\\/www.latribunedufaso.net\\\/wp-content\\\/uploads\\\/2026\\\/03\\\/FB_IMG_1773486835962.jpg\",\"datePublished\":\"2026-03-14T11:24:42+00:00\",\"breadcrumb\":{\"@id\":\"https:\\\/\\\/www.latribunedufaso.net\\\/?p=28095#breadcrumb\"},\"inLanguage\":\"fr-FR\",\"potentialAction\":[{\"@type\":\"ReadAction\",\"target\":[\"https:\\\/\\\/www.latribunedufaso.net\\\/?p=28095\"]}]},{\"@type\":\"ImageObject\",\"inLanguage\":\"fr-FR\",\"@id\":\"https:\\\/\\\/www.latribunedufaso.net\\\/?p=28095#primaryimage\",\"url\":\"https:\\\/\\\/www.latribunedufaso.net\\\/wp-content\\\/uploads\\\/2026\\\/03\\\/FB_IMG_1773486835962.jpg\",\"contentUrl\":\"https:\\\/\\\/www.latribunedufaso.net\\\/wp-content\\\/uploads\\\/2026\\\/03\\\/FB_IMG_1773486835962.jpg\",\"width\":1280,\"height\":825,\"caption\":\"Wendpanga Yannick Bougma condamn\u00e9 pour le meurtre de l\u2019ex-ministre Yolande Viviane Compaor\u00e9\"},{\"@type\":\"BreadcrumbList\",\"@id\":\"https:\\\/\\\/www.latribunedufaso.net\\\/?p=28095#breadcrumb\",\"itemListElement\":[{\"@type\":\"ListItem\",\"position\":1,\"name\":\"Accueil\",\"item\":\"https:\\\/\\\/www.latribunedufaso.net\\\/\"},{\"@type\":\"ListItem\",\"position\":2,\"name\":\"TGI Ouaga 2 : Wendpanga Yannick Bougma condamn\u00e9 \u00e0 25 ans de prison ferme\"}]},{\"@type\":\"WebSite\",\"@id\":\"https:\\\/\\\/www.latribunedufaso.net\\\/#website\",\"url\":\"https:\\\/\\\/www.latribunedufaso.net\\\/\",\"name\":\"La Tribune du Faso\",\"description\":\"L&#039;information du monde rural en un clic\",\"publisher\":{\"@id\":\"https:\\\/\\\/www.latribunedufaso.net\\\/#organization\"},\"potentialAction\":[{\"@type\":\"SearchAction\",\"target\":{\"@type\":\"EntryPoint\",\"urlTemplate\":\"https:\\\/\\\/www.latribunedufaso.net\\\/?s={search_term_string}\"},\"query-input\":{\"@type\":\"PropertyValueSpecification\",\"valueRequired\":true,\"valueName\":\"search_term_string\"}}],\"inLanguage\":\"fr-FR\"},{\"@type\":\"Organization\",\"@id\":\"https:\\\/\\\/www.latribunedufaso.net\\\/#organization\",\"name\":\"La Tribune du Faso\",\"url\":\"https:\\\/\\\/www.latribunedufaso.net\\\/\",\"logo\":{\"@type\":\"ImageObject\",\"inLanguage\":\"fr-FR\",\"@id\":\"https:\\\/\\\/www.latribunedufaso.net\\\/#\\\/schema\\\/logo\\\/image\\\/\",\"url\":\"https:\\\/\\\/www.latribunedufaso.net\\\/wp-content\\\/uploads\\\/2020\\\/08\\\/Logo-Tribune-du-Faso-final-scaled.jpg\",\"contentUrl\":\"https:\\\/\\\/www.latribunedufaso.net\\\/wp-content\\\/uploads\\\/2020\\\/08\\\/Logo-Tribune-du-Faso-final-scaled.jpg\",\"width\":2560,\"height\":1856,\"caption\":\"La Tribune du Faso\"},\"image\":{\"@id\":\"https:\\\/\\\/www.latribunedufaso.net\\\/#\\\/schema\\\/logo\\\/image\\\/\"},\"sameAs\":[\"https:\\\/\\\/www.facebook.com\\\/LatribuneduFaso\\\/\"]},{\"@type\":\"Person\",\"@id\":\"https:\\\/\\\/www.latribunedufaso.net\\\/#\\\/schema\\\/person\\\/e54e64c5778a7e72cf80a318b7a622b0\",\"name\":\"Issouf Tapsoba\",\"image\":{\"@type\":\"ImageObject\",\"inLanguage\":\"fr-FR\",\"@id\":\"https:\\\/\\\/secure.gravatar.com\\\/avatar\\\/5e6c05150ce3230247d167f5b94d678eb05936197436d69b7921e3a95c9107ac?s=96&d=mm&r=g\",\"url\":\"https:\\\/\\\/secure.gravatar.com\\\/avatar\\\/5e6c05150ce3230247d167f5b94d678eb05936197436d69b7921e3a95c9107ac?s=96&d=mm&r=g\",\"contentUrl\":\"https:\\\/\\\/secure.gravatar.com\\\/avatar\\\/5e6c05150ce3230247d167f5b94d678eb05936197436d69b7921e3a95c9107ac?s=96&d=mm&r=g\",\"caption\":\"Issouf Tapsoba\"},\"url\":\"https:\\\/\\\/www.latribunedufaso.net\\\/?author=5\"}]}<\/script>\n<!-- \/ Yoast SEO plugin. -->","yoast_head_json":{"title":"TGI Ouaga 2 : Wendpanga Yannick Bougma condamn\u00e9 \u00e0 25 ans de prison ferme - La Tribune du Faso","robots":{"index":"index","follow":"follow","max-snippet":"max-snippet:-1","max-image-preview":"max-image-preview:large","max-video-preview":"max-video-preview:-1"},"canonical":"https:\/\/www.latribunedufaso.net\/?p=28095","og_locale":"fr_FR","og_type":"article","og_title":"TGI Ouaga 2 : Wendpanga Yannick Bougma condamn\u00e9 \u00e0 25 ans de prison ferme - La Tribune du Faso","og_description":"Au proc\u00e8s du meurtre de l\u2019ex-ministre Yolande Viviane Compaor\u00e9, l&rsquo;accus\u00e9 Wendpanga Yannick Bougma a reconnu les faits. Lors de l&rsquo;audience, l&rsquo;expertise psychiatrique a \u00e9voqu\u00e9 un \u00ab d\u00e9lire chronique de pers\u00e9cution \u00bb, possiblement li\u00e9 \u00e0 une schizophr\u00e9nie, selon l&rsquo;expert entendu \u00e0 la barre.","og_url":"https:\/\/www.latribunedufaso.net\/?p=28095","og_site_name":"La Tribune du Faso","article_publisher":"https:\/\/www.facebook.com\/LatribuneduFaso\/","article_published_time":"2026-03-14T11:24:42+00:00","og_image":[{"width":1280,"height":825,"url":"https:\/\/www.latribunedufaso.net\/wp-content\/uploads\/2026\/03\/FB_IMG_1773486835962.jpg","type":"image\/jpeg"}],"author":"Issouf Tapsoba","twitter_misc":{"\u00c9crit par":"Issouf Tapsoba","Dur\u00e9e de lecture estim\u00e9e":"2 minutes"},"schema":{"@context":"https:\/\/schema.org","@graph":[{"@type":"Article","@id":"https:\/\/www.latribunedufaso.net\/?p=28095#article","isPartOf":{"@id":"https:\/\/www.latribunedufaso.net\/?p=28095"},"author":{"name":"Issouf Tapsoba","@id":"https:\/\/www.latribunedufaso.net\/#\/schema\/person\/e54e64c5778a7e72cf80a318b7a622b0"},"headline":"TGI Ouaga 2 : Wendpanga Yannick Bougma condamn\u00e9 \u00e0 25 ans de prison ferme","datePublished":"2026-03-14T11:24:42+00:00","mainEntityOfPage":{"@id":"https:\/\/www.latribunedufaso.net\/?p=28095"},"wordCount":318,"commentCount":0,"publisher":{"@id":"https:\/\/www.latribunedufaso.net\/#organization"},"image":{"@id":"https:\/\/www.latribunedufaso.net\/?p=28095#primaryimage"},"thumbnailUrl":"https:\/\/www.latribunedufaso.net\/wp-content\/uploads\/2026\/03\/FB_IMG_1773486835962.jpg","keywords":["latribunedufaso.net","Meurtre de l\u2019ex-ministre Yolande Viviane Compaor\u00e9","Wendpanga Yannick Bougma"],"articleSection":["A la une","Actualit\u00e9","Soci\u00e9t\u00e9"],"inLanguage":"fr-FR","potentialAction":[{"@type":"CommentAction","name":"Comment","target":["https:\/\/www.latribunedufaso.net\/?p=28095#respond"]}]},{"@type":"WebPage","@id":"https:\/\/www.latribunedufaso.net\/?p=28095","url":"https:\/\/www.latribunedufaso.net\/?p=28095","name":"TGI Ouaga 2 : Wendpanga Yannick Bougma condamn\u00e9 \u00e0 25 ans de prison ferme - La Tribune du Faso","isPartOf":{"@id":"https:\/\/www.latribunedufaso.net\/#website"},"primaryImageOfPage":{"@id":"https:\/\/www.latribunedufaso.net\/?p=28095#primaryimage"},"image":{"@id":"https:\/\/www.latribunedufaso.net\/?p=28095#primaryimage"},"thumbnailUrl":"https:\/\/www.latribunedufaso.net\/wp-content\/uploads\/2026\/03\/FB_IMG_1773486835962.jpg","datePublished":"2026-03-14T11:24:42+00:00","breadcrumb":{"@id":"https:\/\/www.latribunedufaso.net\/?p=28095#breadcrumb"},"inLanguage":"fr-FR","potentialAction":[{"@type":"ReadAction","target":["https:\/\/www.latribunedufaso.net\/?p=28095"]}]},{"@type":"ImageObject","inLanguage":"fr-FR","@id":"https:\/\/www.latribunedufaso.net\/?p=28095#primaryimage","url":"https:\/\/www.latribunedufaso.net\/wp-content\/uploads\/2026\/03\/FB_IMG_1773486835962.jpg","contentUrl":"https:\/\/www.latribunedufaso.net\/wp-content\/uploads\/2026\/03\/FB_IMG_1773486835962.jpg","width":1280,"height":825,"caption":"Wendpanga Yannick Bougma condamn\u00e9 pour le meurtre de l\u2019ex-ministre Yolande Viviane Compaor\u00e9"},{"@type":"BreadcrumbList","@id":"https:\/\/www.latribunedufaso.net\/?p=28095#breadcrumb","itemListElement":[{"@type":"ListItem","position":1,"name":"Accueil","item":"https:\/\/www.latribunedufaso.net\/"},{"@type":"ListItem","position":2,"name":"TGI Ouaga 2 : Wendpanga Yannick Bougma condamn\u00e9 \u00e0 25 ans de prison ferme"}]},{"@type":"WebSite","@id":"https:\/\/www.latribunedufaso.net\/#website","url":"https:\/\/www.latribunedufaso.net\/","name":"La Tribune du Faso","description":"L&#039;information du monde rural en un clic","publisher":{"@id":"https:\/\/www.latribunedufaso.net\/#organization"},"potentialAction":[{"@type":"SearchAction","target":{"@type":"EntryPoint","urlTemplate":"https:\/\/www.latribunedufaso.net\/?s={search_term_string}"},"query-input":{"@type":"PropertyValueSpecification","valueRequired":true,"valueName":"search_term_string"}}],"inLanguage":"fr-FR"},{"@type":"Organization","@id":"https:\/\/www.latribunedufaso.net\/#organization","name":"La Tribune du Faso","url":"https:\/\/www.latribunedufaso.net\/","logo":{"@type":"ImageObject","inLanguage":"fr-FR","@id":"https:\/\/www.latribunedufaso.net\/#\/schema\/logo\/image\/","url":"https:\/\/www.latribunedufaso.net\/wp-content\/uploads\/2020\/08\/Logo-Tribune-du-Faso-final-scaled.jpg","contentUrl":"https:\/\/www.latribunedufaso.net\/wp-content\/uploads\/2020\/08\/Logo-Tribune-du-Faso-final-scaled.jpg","width":2560,"height":1856,"caption":"La Tribune du Faso"},"image":{"@id":"https:\/\/www.latribunedufaso.net\/#\/schema\/logo\/image\/"},"sameAs":["https:\/\/www.facebook.com\/LatribuneduFaso\/"]},{"@type":"Person","@id":"https:\/\/www.latribunedufaso.net\/#\/schema\/person\/e54e64c5778a7e72cf80a318b7a622b0","name":"Issouf Tapsoba","image":{"@type":"ImageObject","inLanguage":"fr-FR","@id":"https:\/\/secure.gravatar.com\/avatar\/5e6c05150ce3230247d167f5b94d678eb05936197436d69b7921e3a95c9107ac?s=96&d=mm&r=g","url":"https:\/\/secure.gravatar.com\/avatar\/5e6c05150ce3230247d167f5b94d678eb05936197436d69b7921e3a95c9107ac?s=96&d=mm&r=g","contentUrl":"https:\/\/secure.gravatar.com\/avatar\/5e6c05150ce3230247d167f5b94d678eb05936197436d69b7921e3a95c9107ac?s=96&d=mm&r=g","caption":"Issouf Tapsoba"},"url":"https:\/\/www.latribunedufaso.net\/?author=5"}]}},"_links":{"self":[{"href":"https:\/\/www.latribunedufaso.net\/index.php?rest_route=\/wp\/v2\/posts\/28095","targetHints":{"allow":["GET"]}}],"collection":[{"href":"https:\/\/www.latribunedufaso.net\/index.php?rest_route=\/wp\/v2\/posts"}],"about":[{"href":"https:\/\/www.latribunedufaso.net\/index.php?rest_route=\/wp\/v2\/types\/post"}],"author":[{"embeddable":true,"href":"https:\/\/www.latribunedufaso.net\/index.php?rest_route=\/wp\/v2\/users\/5"}],"replies":[{"embeddable":true,"href":"https:\/\/www.latribunedufaso.net\/index.php?rest_route=%2Fwp%2Fv2%2Fcomments&post=28095"}],"version-history":[{"count":2,"href":"https:\/\/www.latribunedufaso.net\/index.php?rest_route=\/wp\/v2\/posts\/28095\/revisions"}],"predecessor-version":[{"id":28098,"href":"https:\/\/www.latribunedufaso.net\/index.php?rest_route=\/wp\/v2\/posts\/28095\/revisions\/28098"}],"wp:featuredmedia":[{"embeddable":true,"href":"https:\/\/www.latribunedufaso.net\/index.php?rest_route=\/wp\/v2\/media\/28097"}],"wp:attachment":[{"href":"https:\/\/www.latribunedufaso.net\/index.php?rest_route=%2Fwp%2Fv2%2Fmedia&parent=28095"}],"wp:term":[{"taxonomy":"category","embeddable":true,"href":"https:\/\/www.latribunedufaso.net\/index.php?rest_route=%2Fwp%2Fv2%2Fcategories&post=28095"},{"taxonomy":"post_tag","embeddable":true,"href":"https:\/\/www.latribunedufaso.net\/index.php?rest_route=%2Fwp%2Fv2%2Ftags&post=28095"}],"curies":[{"name":"wp","href":"https:\/\/api.w.org\/{rel}","templated":true}]}}