{"id":28039,"date":"2026-03-12T23:55:44","date_gmt":"2026-03-12T23:55:44","guid":{"rendered":"https:\/\/www.latribunedufaso.net\/?p=28039"},"modified":"2026-03-12T23:59:23","modified_gmt":"2026-03-12T23:59:23","slug":"journee-mondiale-du-rein-2026-le-ministre-de-la-sante-appelle-a-une-mobilisation-nationale-pour-la-prevention","status":"publish","type":"post","link":"https:\/\/www.latribunedufaso.net\/?p=28039","title":{"rendered":"Journ\u00e9e mondiale du rein 2026 : Le Ministre de la Sant\u00e9 appelle \u00e0 une mobilisation nationale pour la pr\u00e9vention"},"content":{"rendered":"<p><strong>Face \u00e0 la progression du diab\u00e8te et de l&rsquo;hypertension, principales causes des maladies r\u00e9nales au Burkina Faso, le Gouvernement r\u00e9affirme son engagement pour une sant\u00e9 r\u00e9nale accessible \u00e0 tous. Dans son message comm\u00e9moratif de la Journ\u00e9e mondiale du rein, le Ministre de la Sant\u00e9 souligne les efforts de d\u00e9concentration des soins avec l&rsquo;ouverture prochaine de cinq nouveaux centres d&rsquo;h\u00e9modialyse. Il insiste surtout sur la pr\u00e9vention \u2014 lutte contre l&rsquo;autom\u00e9dication, contr\u00f4le de la tension et hygi\u00e8ne de vie \u2014 comme seule arme durable pour freiner ce fl\u00e9au qui touche d\u00e9j\u00e0 2,5 millions de Burkinab\u00e8.<\/strong><!--more--><\/p>\n<p>L&rsquo;int\u00e9gralit\u00e9 du message du ministre\u2935\ufe0f<\/p>\n<p><strong>JOURN\u00c9E MONDIALE DU REIN\u00a0<\/strong><\/p>\n<p>Message d&rsquo;appel du Ministre de la Sant\u00e9<\/p>\n<p>Th\u00e8me : <em><strong>\u00ab La sant\u00e9 r\u00e9nale pour tous : prendre soin des personnes, prot\u00e9ger la plan\u00e8te \u00bb.<\/strong><\/em><\/p>\n<p>La Journ\u00e9e mondiale du rein est c\u00e9l\u00e9br\u00e9e chaque ann\u00e9e le deuxi\u00e8me jeudi du mois de mars. \u00c0 l\u2019instar des autres nations, le Burkina Faso s\u2019associe \u00e0 cette importante comm\u00e9moration, qui constitue une occasion privil\u00e9gi\u00e9e de sensibiliser la population \u00e0 l\u2019importance de la sant\u00e9 r\u00e9nale, notamment \u00e0 travers la pr\u00e9vention et le contr\u00f4le des facteurs de risque. Cette journ\u00e9e offre \u00e9galement l\u2019opportunit\u00e9 de faire la synth\u00e8se des principales r\u00e9alisations de mon d\u00e9partement en mati\u00e8re de sant\u00e9 r\u00e9nale et de partager les d\u00e9fis et les perspectives qui s\u2019offrent \u00e0 nous.<\/p>\n<p>Cette ann\u00e9e, la Journ\u00e9e mondiale du rein est plac\u00e9e sous le th\u00e8me : <em><strong>\u00ab La sant\u00e9 r\u00e9nale pour tous : prendre soin des personnes, prot\u00e9ger la plan\u00e8te \u00bb<\/strong><\/em>.<\/p>\n<p>Ce th\u00e8me souligne, d\u2019une part, l\u2019importance de garantir \u00e0 chaque citoyen, sans distinction, un acc\u00e8s \u00e9quitable \u00e0 la pr\u00e9vention, au d\u00e9pistage pr\u00e9coce et \u00e0 des soins de qualit\u00e9 contre les maladies r\u00e9nales. D\u2019autre part, il met en lumi\u00e8re le lien \u00e9troit entre la sant\u00e9 humaine et celle de notre environnement. En effet, un environnement sain et des conditions de vie ad\u00e9quates contribuent \u00e0 pr\u00e9venir de nombreuses maladies, y compris les maladies r\u00e9nales. Prot\u00e9ger notre plan\u00e8te, c\u2019est aussi prot\u00e9ger la sant\u00e9 des g\u00e9n\u00e9rations pr\u00e9sentes et futures.<\/p>\n<p>Lors de la 78e Assembl\u00e9e mondiale de la Sant\u00e9, tenue en 2025, l&rsquo;Organisation mondiale de la Sant\u00e9 (OMS) a adopt\u00e9 une r\u00e9solution historique visant \u00e0 r\u00e9duire la charge des maladies non transmissibles, en promouvant la sant\u00e9 r\u00e9nale et en renfor\u00e7ant la pr\u00e9vention ainsi que le contr\u00f4le des maladies r\u00e9nales. C&rsquo;\u00e9tait la premi\u00e8re fois que la sant\u00e9 r\u00e9nale figure parmi les priorit\u00e9s de l&rsquo;agenda mondial de la sant\u00e9.<\/p>\n<p>En effet, l&rsquo;insuffisance r\u00e9nale chronique est un probl\u00e8me de sant\u00e9 publique au niveau mondial. Selon l\u2019OMS, un adulte sur dix souffre d\u2019une affection r\u00e9nale, ce qui \u00e9quivaut \u00e0 pr\u00e8s de 850 millions de personnes dans le monde. Parmi elles, environ 674 millions de personnes vivent avec une maladie r\u00e9nale chronique, soit 9% de la population mondiale. Les maladies r\u00e9nales occupaient la 17e cause de d\u00e9c\u00e8s en 1990, la 10e en 2019, et si rien n\u2019est fait, elles pourraient devenir la 5e cause de d\u00e9c\u00e8s dans le monde en 2050.<\/p>\n<p>En Afrique, leur ampleur r\u00e9elle reste mal connue, faute de registres nationaux. Toutefois, la pr\u00e9valence des maladies r\u00e9nales en Afrique subsaharienne est estim\u00e9e entre 11 \u00e0 13%. Selon les projections, les maladies r\u00e9nales pourraient devenir la cinqui\u00e8me cause de mortalit\u00e9 en Afrique d\u2019ici 2040, touchant majoritairement des personnes relativement jeunes, contrairement aux pays d\u00e9velopp\u00e9s o\u00f9 elles affectent surtout les personnes \u00e2g\u00e9es.<\/p>\n<p>Au Burkina Faso, en 2023, on estimait \u00e0 2,5 millions le nombre de personnes atteintes de maladie r\u00e9nale chronique, dont la plupart ignorent encore leur \u00e9tat. Dans de nombreux cas, le diagnostic intervient \u00e0 un stade avanc\u00e9, lorsque la dialyse devient n\u00e9cessaire. En milieu hospitalier, plus du tiers des patients sont en phase terminale, avec l\u2019h\u00e9modialyse comme seule alternative th\u00e9rapeutique disponible. En 2024, l\u2019insuffisance r\u00e9nale chronique a \u00e9t\u00e9 responsable de 1301 d\u00e9c\u00e8s, repr\u00e9sentant la 8e cause de mortalit\u00e9 dans notre pays.\u00a0<\/p>\n<h3>Les causes majeures et les tendances pr\u00e9occupantes<\/h3>\n<p>Les principales causes de l\u2019insuffisance r\u00e9nale chronique sont le diab\u00e8te et l\u2019hypertension art\u00e9rielle. On estime qu&rsquo;environ 30 \u00e0 40% des personnes atteintes de diab\u00e8te d\u00e9veloppent une maladie r\u00e9nale chronique. L\u2019hypertension constitue quant \u00e0 elle la 2e cause d\u2019insuffisance r\u00e9nale chronique dans le monde apr\u00e8s le diab\u00e8te. Ces deux maladies provoquent des l\u00e9sions des petites art\u00e8res et des glom\u00e9rules r\u00e9naux, entra\u00eenant une alt\u00e9ration progressive de la fonction r\u00e9nale. Au Burkina Faso, les enqu\u00eates nationales sur les facteurs de risque des maladies non transmissibles (STEPS) montrent une progression pr\u00e9occupante de ces pathologies. Entre 2013 et 2021, la pr\u00e9valence de l\u2019hypertension art\u00e9rielle est pass\u00e9e de 17,6 \u00e0 18,2%, tandis que celle du diab\u00e8te est pass\u00e9e de 4,9 \u00e0 7,6%. Un diagnostic pr\u00e9coce et un contr\u00f4le rigoureux de ces maladies sont essentiels pour ralentir l\u2019\u00e9volution vers les maladies r\u00e9nales chroniques.<\/p>\n<h3>Les actions engag\u00e9es par le gouvernement\u00a0<\/h3>\n<p>Face \u00e0 cette situation, le Gouvernement a engag\u00e9 plusieurs initiatives structurantes.<\/p>\n<p>Le Minist\u00e8re de la Sant\u00e9 a notamment \u00e9labor\u00e9 un Plan strat\u00e9gique int\u00e9gr\u00e9 de la lutte contre les maladies non transmissibles 2024-2028, ax\u00e9 sur la pr\u00e9vention, la sensibilisation, le d\u00e9pistage pr\u00e9coce et la prise en charge adapt\u00e9e. En outre, notre pays dispose de sept centres d\u2019h\u00e9modialyse fonctionnels dans les h\u00f4pitaux publics, notamment au :\u00a0<\/p>\n<p>\ud83d\udc49\ud83c\udfff CHU Yalgado Ou\u00e9draogo,\u00a0<\/p>\n<p>\ud83d\udc49\ud83c\udfff CHU de Bogodogo,\u00a0<\/p>\n<p>\ud83d\udc49\ud83c\udfff CHU de Tengandogo,\u00a0<\/p>\n<p>\ud83d\udc49\ud83c\udfff CHU Sanou Sourou,\u00a0<\/p>\n<p>\ud83d\udc49\ud83c\udfff CHRU de Ouahigouya,\u00a0<\/p>\n<p>\ud83d\udc49\ud83c\udfff CHR de Tenkodogo,\u00a0<\/p>\n<p>\ud83d\udc49\ud83c\udfff CHR de Gaoua).<\/p>\n<p>Cinq nouveaux centres d\u2019h\u00e9modialyse sont \u00e9galement pr\u00e9vus pour 2026 dans les h\u00f4pitaux suivants :\u00a0<\/p>\n<p>\ud83d\udccdCHU de Pala,\u00a0<\/p>\n<p>\ud83d\udccdCHRU de Fada N\u2019Gourma,\u00a0<\/p>\n<p>\ud83d\udccdCHR de D\u00e9dougou,\u00a0<\/p>\n<p>\ud83d\udccd CHR de Dori,\u00a0<\/p>\n<p>\ud83d\udccd CHR de Banfora.<\/p>\n<p>Afin d\u2019am\u00e9liorer l\u2019accessibilit\u00e9 financi\u00e8re aux soins, le Gouvernement a \u00e9galement d\u00e9cid\u00e9, le <a href=\"https:\/\/www.latribunedufaso.net\/?p=12194\">13 mars 2024, de r\u00e9duire significativement le co\u00fbt de la dialyse dans les h\u00f4pitaux publics<\/a>. Ainsi, le co\u00fbt d\u2019une s\u00e9ance de dialyse est pass\u00e9e de 15 000 FCFA \u00e0 2 500 FCFA et la caution de 500 000 FCFA auparavant exig\u00e9e pour acc\u00e9der \u00e0 la dialyse a \u00e9t\u00e9 supprim\u00e9e.\u00a0<\/p>\n<h3>La transplantation r\u00e9nale : une avanc\u00e9e historique<\/h3>\n<p>Le Burkina Faso a franchi une \u00e9tape majeure dans le domaine de la m\u00e9decine avec la r\u00e9alisation de <a href=\"https:\/\/www.latribunedufaso.net\/?p=22348\">sa premi\u00e8re transplantation r\u00e9nale le 29 juillet 2025 au CHU de Tengandogo<\/a>. En f\u00e9vrier 2026, une deuxi\u00e8me s\u00e9rie de transplantations r\u00e9nales a \u00e9t\u00e9 r\u00e9alis\u00e9e avec succ\u00e8s chez deux nouveaux patients. Ces interventions ont \u00e9t\u00e9 r\u00e9alis\u00e9es par une \u00e9quipe de m\u00e9decins Burkinab\u00e8, en collaboration avec des sp\u00e9cialistes turcs. Ces interventions t\u00e9moignent de la progression du programme national de transplantation et du renforcement des capacit\u00e9s des \u00e9quipes m\u00e9dicales nationales.\u00a0<\/p>\n<h3>Les perspectives de mon d\u00e9partement\u00a0<\/h3>\n<p>Pour renforcer la lutte contre les maladies r\u00e9nales, les priorit\u00e9s du Minist\u00e8re de la Sant\u00e9 portent notamment sur :\u00a0<\/p>\n<p>\ud83d\udc49\ud83c\udfffLa pr\u00e9vention de la maladie r\u00e9nale chronique et de l\u2019insuffisance r\u00e9nale ;\u00a0<\/p>\n<p>\ud83d\udc49\ud83c\udfffL\u2019am\u00e9lioration de l\u2019acc\u00e8s aux services de dialyse par l\u2019ouverture de nouveaux centres d\u2019h\u00e9modialyse ;\u00a0<\/p>\n<p>\ud83d\udc49\ud83c\udfffLe maintien de l\u2019acc\u00e8s financier aux soins et services de dialyse ;\u00a0<\/p>\n<p>\ud83d\udc49\ud83c\udfffLa poursuite et le d\u00e9veloppement du programme de transplantation r\u00e9nale comme alternative durable \u00e0 la dialyse.<\/p>\n<p>Cependant, au regard de l\u2019ampleur de la maladie r\u00e9nale et des cons\u00e9quences sociod\u00e9mographiques dans notre pays, j\u2019en appelle \u00e0 la pr\u00e9vention, qui reste la meilleure arme contre la maladie r\u00e9nale chronique et l\u2019insuffisance r\u00e9nale. J\u2019invite donc l\u2019ensemble de la population, en particulier les adultes, \u00e0 contr\u00f4ler r\u00e9guli\u00e8rement leur tension art\u00e9rielle et leur glyc\u00e9mie, au moins une fois par an. La pr\u00e9vention de la maladie r\u00e9nale chronique et de l\u2019insuffisance r\u00e9nale passe aussi par :\u00a0<\/p>\n<h3>La lutte contre l&rsquo;autom\u00e9dication et les m\u00e9dicaments de la rue<\/h3>\n<p>L\u2019adoption d\u2019un mode de vie sain pratique r\u00e9guli\u00e8re d\u2019une activit\u00e9 physique, alimentation \u00e9quilibr\u00e9e, mod\u00e9ration de la consommation de sel, de sucre, de graisses et d\u2019alcool, arr\u00eat du tabac.\u00a0<\/p>\n<p>Chers compatriotes, en cette Journ\u00e9e mondiale du rein, j\u2019en appelle \u00e0 laner collec responsabilit\u00e9 individuelle collective Prot\u00e9geons nos reins en adoptant des comportements de pr\u00e9vention. Ensemble, mobilisons-nous pour freiner la progression des maladies r\u00e9nales dans notre pays.<\/p>\n<p><strong>Le Ministre de la Sant\u00e9\u00a0<\/strong><\/p>\n<p><strong>Dr Robert Lucien Jean-Claude Kargougou\u00a0<\/strong><\/p>\n<p><strong>Officier de l&rsquo;Ordre de l&rsquo;\u00c9talon<\/strong><\/p>\n<p><strong>Latribunedufaso.net<\/strong><\/p>\n","protected":false},"excerpt":{"rendered":"<p>Face \u00e0 la progression du diab\u00e8te et de l&rsquo;hypertension, principales causes des maladies r\u00e9nales au Burkina Faso, le Gouvernement r\u00e9affirme son engagement pour une sant\u00e9 r\u00e9nale accessible \u00e0 tous. Dans son message comm\u00e9moratif de la Journ\u00e9e mondiale du rein, le Ministre de la Sant\u00e9 souligne les efforts de d\u00e9concentration des soins avec l&rsquo;ouverture prochaine de cinq nouveaux centres d&rsquo;h\u00e9modialyse. Il insiste surtout sur la pr\u00e9vention \u2014 lutte contre l&rsquo;autom\u00e9dication, contr\u00f4le de la tension et hygi\u00e8ne de vie \u2014 comme seule arme durable pour freiner ce fl\u00e9au qui touche d\u00e9j\u00e0 2,5 millions de Burkinab\u00e8.<\/p>\n","protected":false},"author":5,"featured_media":27620,"comment_status":"open","ping_status":"open","sticky":false,"template":"","format":"standard","meta":{"footnotes":""},"categories":[13,1,7],"tags":[39,1419],"class_list":["post-28039","post","type-post","status-publish","format-standard","has-post-thumbnail","hentry","category-une","category-actu","category-sante","tag-latribunedufaso-net","tag-premiere-transplantation-renale-burkina"],"yoast_head":"<!-- This site is optimized with the Yoast SEO plugin v27.5 - https:\/\/yoast.com\/product\/yoast-seo-wordpress\/ -->\n<title>Journ\u00e9e mondiale du rein 2026 : Le Ministre de la Sant\u00e9 appelle \u00e0 une mobilisation nationale pour la pr\u00e9vention - La Tribune du Faso<\/title>\n<meta name=\"robots\" content=\"index, follow, max-snippet:-1, max-image-preview:large, max-video-preview:-1\" \/>\n<link rel=\"canonical\" href=\"https:\/\/www.latribunedufaso.net\/?p=28039\" \/>\n<meta property=\"og:locale\" content=\"fr_FR\" \/>\n<meta property=\"og:type\" content=\"article\" \/>\n<meta property=\"og:title\" content=\"Journ\u00e9e mondiale du rein 2026 : Le Ministre de la Sant\u00e9 appelle \u00e0 une mobilisation nationale pour la pr\u00e9vention - La Tribune du Faso\" \/>\n<meta property=\"og:description\" content=\"Face \u00e0 la progression du diab\u00e8te et de l&rsquo;hypertension, principales causes des maladies r\u00e9nales au Burkina Faso, le Gouvernement r\u00e9affirme son engagement pour une sant\u00e9 r\u00e9nale accessible \u00e0 tous. Dans son message comm\u00e9moratif de la Journ\u00e9e mondiale du rein, le Ministre de la Sant\u00e9 souligne les efforts de d\u00e9concentration des soins avec l&rsquo;ouverture prochaine de cinq nouveaux centres d&rsquo;h\u00e9modialyse. Il insiste surtout sur la pr\u00e9vention \u2014 lutte contre l&rsquo;autom\u00e9dication, contr\u00f4le de la tension et hygi\u00e8ne de vie \u2014 comme seule arme durable pour freiner ce fl\u00e9au qui touche d\u00e9j\u00e0 2,5 millions de Burkinab\u00e8.\" \/>\n<meta property=\"og:url\" content=\"https:\/\/www.latribunedufaso.net\/?p=28039\" \/>\n<meta property=\"og:site_name\" content=\"La Tribune du Faso\" \/>\n<meta property=\"article:publisher\" content=\"https:\/\/www.facebook.com\/LatribuneduFaso\/\" \/>\n<meta property=\"article:published_time\" content=\"2026-03-12T23:55:44+00:00\" \/>\n<meta property=\"article:modified_time\" content=\"2026-03-12T23:59:23+00:00\" \/>\n<meta property=\"og:image\" content=\"https:\/\/www.latribunedufaso.net\/wp-content\/uploads\/2026\/02\/IMG-20260219-WA0086.jpg\" \/>\n\t<meta property=\"og:image:width\" content=\"1280\" \/>\n\t<meta property=\"og:image:height\" content=\"959\" \/>\n\t<meta property=\"og:image:type\" content=\"image\/jpeg\" \/>\n<meta name=\"author\" content=\"Issouf Tapsoba\" \/>\n<meta name=\"twitter:label1\" content=\"\u00c9crit par\" \/>\n\t<meta name=\"twitter:data1\" content=\"Issouf Tapsoba\" \/>\n\t<meta name=\"twitter:label2\" content=\"Dur\u00e9e de lecture estim\u00e9e\" \/>\n\t<meta name=\"twitter:data2\" content=\"7 minutes\" \/>\n<script type=\"application\/ld+json\" class=\"yoast-schema-graph\">{\"@context\":\"https:\\\/\\\/schema.org\",\"@graph\":[{\"@type\":\"Article\",\"@id\":\"https:\\\/\\\/www.latribunedufaso.net\\\/?p=28039#article\",\"isPartOf\":{\"@id\":\"https:\\\/\\\/www.latribunedufaso.net\\\/?p=28039\"},\"author\":{\"name\":\"Issouf Tapsoba\",\"@id\":\"https:\\\/\\\/www.latribunedufaso.net\\\/#\\\/schema\\\/person\\\/e54e64c5778a7e72cf80a318b7a622b0\"},\"headline\":\"Journ\u00e9e mondiale du rein 2026 : Le Ministre de la Sant\u00e9 appelle \u00e0 une mobilisation nationale pour la pr\u00e9vention\",\"datePublished\":\"2026-03-12T23:55:44+00:00\",\"dateModified\":\"2026-03-12T23:59:23+00:00\",\"mainEntityOfPage\":{\"@id\":\"https:\\\/\\\/www.latribunedufaso.net\\\/?p=28039\"},\"wordCount\":1494,\"commentCount\":0,\"publisher\":{\"@id\":\"https:\\\/\\\/www.latribunedufaso.net\\\/#organization\"},\"image\":{\"@id\":\"https:\\\/\\\/www.latribunedufaso.net\\\/?p=28039#primaryimage\"},\"thumbnailUrl\":\"https:\\\/\\\/www.latribunedufaso.net\\\/wp-content\\\/uploads\\\/2026\\\/02\\\/IMG-20260219-WA0086.jpg\",\"keywords\":[\"latribunedufaso.net\",\"Premi\u00e8re transplantation r\u00e9nale Burkina\"],\"articleSection\":[\"A la une\",\"Actualit\u00e9\",\"Sant\u00e9\"],\"inLanguage\":\"fr-FR\",\"potentialAction\":[{\"@type\":\"CommentAction\",\"name\":\"Comment\",\"target\":[\"https:\\\/\\\/www.latribunedufaso.net\\\/?p=28039#respond\"]}]},{\"@type\":\"WebPage\",\"@id\":\"https:\\\/\\\/www.latribunedufaso.net\\\/?p=28039\",\"url\":\"https:\\\/\\\/www.latribunedufaso.net\\\/?p=28039\",\"name\":\"Journ\u00e9e mondiale du rein 2026 : Le Ministre de la Sant\u00e9 appelle \u00e0 une mobilisation nationale pour la pr\u00e9vention - La Tribune du Faso\",\"isPartOf\":{\"@id\":\"https:\\\/\\\/www.latribunedufaso.net\\\/#website\"},\"primaryImageOfPage\":{\"@id\":\"https:\\\/\\\/www.latribunedufaso.net\\\/?p=28039#primaryimage\"},\"image\":{\"@id\":\"https:\\\/\\\/www.latribunedufaso.net\\\/?p=28039#primaryimage\"},\"thumbnailUrl\":\"https:\\\/\\\/www.latribunedufaso.net\\\/wp-content\\\/uploads\\\/2026\\\/02\\\/IMG-20260219-WA0086.jpg\",\"datePublished\":\"2026-03-12T23:55:44+00:00\",\"dateModified\":\"2026-03-12T23:59:23+00:00\",\"breadcrumb\":{\"@id\":\"https:\\\/\\\/www.latribunedufaso.net\\\/?p=28039#breadcrumb\"},\"inLanguage\":\"fr-FR\",\"potentialAction\":[{\"@type\":\"ReadAction\",\"target\":[\"https:\\\/\\\/www.latribunedufaso.net\\\/?p=28039\"]}]},{\"@type\":\"ImageObject\",\"inLanguage\":\"fr-FR\",\"@id\":\"https:\\\/\\\/www.latribunedufaso.net\\\/?p=28039#primaryimage\",\"url\":\"https:\\\/\\\/www.latribunedufaso.net\\\/wp-content\\\/uploads\\\/2026\\\/02\\\/IMG-20260219-WA0086.jpg\",\"contentUrl\":\"https:\\\/\\\/www.latribunedufaso.net\\\/wp-content\\\/uploads\\\/2026\\\/02\\\/IMG-20260219-WA0086.jpg\",\"width\":1280,\"height\":959,\"caption\":\"Le Ministre de la Sant\u00e9, Dr Robert Lucien Jean-Claude KARGOUGOU a fait une communication orale sur une baisse historique des cas et d\u00e9c\u00e8s li\u00e9s au paludisme en 2025 - Ph. DR\"},{\"@type\":\"BreadcrumbList\",\"@id\":\"https:\\\/\\\/www.latribunedufaso.net\\\/?p=28039#breadcrumb\",\"itemListElement\":[{\"@type\":\"ListItem\",\"position\":1,\"name\":\"Accueil\",\"item\":\"https:\\\/\\\/www.latribunedufaso.net\\\/\"},{\"@type\":\"ListItem\",\"position\":2,\"name\":\"Journ\u00e9e mondiale du rein 2026 : Le Ministre de la Sant\u00e9 appelle \u00e0 une mobilisation nationale pour la pr\u00e9vention\"}]},{\"@type\":\"WebSite\",\"@id\":\"https:\\\/\\\/www.latribunedufaso.net\\\/#website\",\"url\":\"https:\\\/\\\/www.latribunedufaso.net\\\/\",\"name\":\"La Tribune du Faso\",\"description\":\"L&#039;information du monde rural en un clic\",\"publisher\":{\"@id\":\"https:\\\/\\\/www.latribunedufaso.net\\\/#organization\"},\"potentialAction\":[{\"@type\":\"SearchAction\",\"target\":{\"@type\":\"EntryPoint\",\"urlTemplate\":\"https:\\\/\\\/www.latribunedufaso.net\\\/?s={search_term_string}\"},\"query-input\":{\"@type\":\"PropertyValueSpecification\",\"valueRequired\":true,\"valueName\":\"search_term_string\"}}],\"inLanguage\":\"fr-FR\"},{\"@type\":\"Organization\",\"@id\":\"https:\\\/\\\/www.latribunedufaso.net\\\/#organization\",\"name\":\"La Tribune du Faso\",\"url\":\"https:\\\/\\\/www.latribunedufaso.net\\\/\",\"logo\":{\"@type\":\"ImageObject\",\"inLanguage\":\"fr-FR\",\"@id\":\"https:\\\/\\\/www.latribunedufaso.net\\\/#\\\/schema\\\/logo\\\/image\\\/\",\"url\":\"https:\\\/\\\/www.latribunedufaso.net\\\/wp-content\\\/uploads\\\/2020\\\/08\\\/Logo-Tribune-du-Faso-final-scaled.jpg\",\"contentUrl\":\"https:\\\/\\\/www.latribunedufaso.net\\\/wp-content\\\/uploads\\\/2020\\\/08\\\/Logo-Tribune-du-Faso-final-scaled.jpg\",\"width\":2560,\"height\":1856,\"caption\":\"La Tribune du Faso\"},\"image\":{\"@id\":\"https:\\\/\\\/www.latribunedufaso.net\\\/#\\\/schema\\\/logo\\\/image\\\/\"},\"sameAs\":[\"https:\\\/\\\/www.facebook.com\\\/LatribuneduFaso\\\/\"]},{\"@type\":\"Person\",\"@id\":\"https:\\\/\\\/www.latribunedufaso.net\\\/#\\\/schema\\\/person\\\/e54e64c5778a7e72cf80a318b7a622b0\",\"name\":\"Issouf Tapsoba\",\"image\":{\"@type\":\"ImageObject\",\"inLanguage\":\"fr-FR\",\"@id\":\"https:\\\/\\\/secure.gravatar.com\\\/avatar\\\/5e6c05150ce3230247d167f5b94d678eb05936197436d69b7921e3a95c9107ac?s=96&d=mm&r=g\",\"url\":\"https:\\\/\\\/secure.gravatar.com\\\/avatar\\\/5e6c05150ce3230247d167f5b94d678eb05936197436d69b7921e3a95c9107ac?s=96&d=mm&r=g\",\"contentUrl\":\"https:\\\/\\\/secure.gravatar.com\\\/avatar\\\/5e6c05150ce3230247d167f5b94d678eb05936197436d69b7921e3a95c9107ac?s=96&d=mm&r=g\",\"caption\":\"Issouf Tapsoba\"},\"url\":\"https:\\\/\\\/www.latribunedufaso.net\\\/?author=5\"}]}<\/script>\n<!-- \/ Yoast SEO plugin. -->","yoast_head_json":{"title":"Journ\u00e9e mondiale du rein 2026 : Le Ministre de la Sant\u00e9 appelle \u00e0 une mobilisation nationale pour la pr\u00e9vention - La Tribune du Faso","robots":{"index":"index","follow":"follow","max-snippet":"max-snippet:-1","max-image-preview":"max-image-preview:large","max-video-preview":"max-video-preview:-1"},"canonical":"https:\/\/www.latribunedufaso.net\/?p=28039","og_locale":"fr_FR","og_type":"article","og_title":"Journ\u00e9e mondiale du rein 2026 : Le Ministre de la Sant\u00e9 appelle \u00e0 une mobilisation nationale pour la pr\u00e9vention - La Tribune du Faso","og_description":"Face \u00e0 la progression du diab\u00e8te et de l&rsquo;hypertension, principales causes des maladies r\u00e9nales au Burkina Faso, le Gouvernement r\u00e9affirme son engagement pour une sant\u00e9 r\u00e9nale accessible \u00e0 tous. Dans son message comm\u00e9moratif de la Journ\u00e9e mondiale du rein, le Ministre de la Sant\u00e9 souligne les efforts de d\u00e9concentration des soins avec l&rsquo;ouverture prochaine de cinq nouveaux centres d&rsquo;h\u00e9modialyse. Il insiste surtout sur la pr\u00e9vention \u2014 lutte contre l&rsquo;autom\u00e9dication, contr\u00f4le de la tension et hygi\u00e8ne de vie \u2014 comme seule arme durable pour freiner ce fl\u00e9au qui touche d\u00e9j\u00e0 2,5 millions de Burkinab\u00e8.","og_url":"https:\/\/www.latribunedufaso.net\/?p=28039","og_site_name":"La Tribune du Faso","article_publisher":"https:\/\/www.facebook.com\/LatribuneduFaso\/","article_published_time":"2026-03-12T23:55:44+00:00","article_modified_time":"2026-03-12T23:59:23+00:00","og_image":[{"width":1280,"height":959,"url":"https:\/\/www.latribunedufaso.net\/wp-content\/uploads\/2026\/02\/IMG-20260219-WA0086.jpg","type":"image\/jpeg"}],"author":"Issouf Tapsoba","twitter_misc":{"\u00c9crit par":"Issouf Tapsoba","Dur\u00e9e de lecture estim\u00e9e":"7 minutes"},"schema":{"@context":"https:\/\/schema.org","@graph":[{"@type":"Article","@id":"https:\/\/www.latribunedufaso.net\/?p=28039#article","isPartOf":{"@id":"https:\/\/www.latribunedufaso.net\/?p=28039"},"author":{"name":"Issouf Tapsoba","@id":"https:\/\/www.latribunedufaso.net\/#\/schema\/person\/e54e64c5778a7e72cf80a318b7a622b0"},"headline":"Journ\u00e9e mondiale du rein 2026 : Le Ministre de la Sant\u00e9 appelle \u00e0 une mobilisation nationale pour la pr\u00e9vention","datePublished":"2026-03-12T23:55:44+00:00","dateModified":"2026-03-12T23:59:23+00:00","mainEntityOfPage":{"@id":"https:\/\/www.latribunedufaso.net\/?p=28039"},"wordCount":1494,"commentCount":0,"publisher":{"@id":"https:\/\/www.latribunedufaso.net\/#organization"},"image":{"@id":"https:\/\/www.latribunedufaso.net\/?p=28039#primaryimage"},"thumbnailUrl":"https:\/\/www.latribunedufaso.net\/wp-content\/uploads\/2026\/02\/IMG-20260219-WA0086.jpg","keywords":["latribunedufaso.net","Premi\u00e8re transplantation r\u00e9nale Burkina"],"articleSection":["A la une","Actualit\u00e9","Sant\u00e9"],"inLanguage":"fr-FR","potentialAction":[{"@type":"CommentAction","name":"Comment","target":["https:\/\/www.latribunedufaso.net\/?p=28039#respond"]}]},{"@type":"WebPage","@id":"https:\/\/www.latribunedufaso.net\/?p=28039","url":"https:\/\/www.latribunedufaso.net\/?p=28039","name":"Journ\u00e9e mondiale du rein 2026 : Le Ministre de la Sant\u00e9 appelle \u00e0 une mobilisation nationale pour la pr\u00e9vention - La Tribune du Faso","isPartOf":{"@id":"https:\/\/www.latribunedufaso.net\/#website"},"primaryImageOfPage":{"@id":"https:\/\/www.latribunedufaso.net\/?p=28039#primaryimage"},"image":{"@id":"https:\/\/www.latribunedufaso.net\/?p=28039#primaryimage"},"thumbnailUrl":"https:\/\/www.latribunedufaso.net\/wp-content\/uploads\/2026\/02\/IMG-20260219-WA0086.jpg","datePublished":"2026-03-12T23:55:44+00:00","dateModified":"2026-03-12T23:59:23+00:00","breadcrumb":{"@id":"https:\/\/www.latribunedufaso.net\/?p=28039#breadcrumb"},"inLanguage":"fr-FR","potentialAction":[{"@type":"ReadAction","target":["https:\/\/www.latribunedufaso.net\/?p=28039"]}]},{"@type":"ImageObject","inLanguage":"fr-FR","@id":"https:\/\/www.latribunedufaso.net\/?p=28039#primaryimage","url":"https:\/\/www.latribunedufaso.net\/wp-content\/uploads\/2026\/02\/IMG-20260219-WA0086.jpg","contentUrl":"https:\/\/www.latribunedufaso.net\/wp-content\/uploads\/2026\/02\/IMG-20260219-WA0086.jpg","width":1280,"height":959,"caption":"Le Ministre de la Sant\u00e9, Dr Robert Lucien Jean-Claude KARGOUGOU a fait une communication orale sur une baisse historique des cas et d\u00e9c\u00e8s li\u00e9s au paludisme en 2025 - Ph. DR"},{"@type":"BreadcrumbList","@id":"https:\/\/www.latribunedufaso.net\/?p=28039#breadcrumb","itemListElement":[{"@type":"ListItem","position":1,"name":"Accueil","item":"https:\/\/www.latribunedufaso.net\/"},{"@type":"ListItem","position":2,"name":"Journ\u00e9e mondiale du rein 2026 : Le Ministre de la Sant\u00e9 appelle \u00e0 une mobilisation nationale pour la pr\u00e9vention"}]},{"@type":"WebSite","@id":"https:\/\/www.latribunedufaso.net\/#website","url":"https:\/\/www.latribunedufaso.net\/","name":"La Tribune du Faso","description":"L&#039;information du monde rural en un clic","publisher":{"@id":"https:\/\/www.latribunedufaso.net\/#organization"},"potentialAction":[{"@type":"SearchAction","target":{"@type":"EntryPoint","urlTemplate":"https:\/\/www.latribunedufaso.net\/?s={search_term_string}"},"query-input":{"@type":"PropertyValueSpecification","valueRequired":true,"valueName":"search_term_string"}}],"inLanguage":"fr-FR"},{"@type":"Organization","@id":"https:\/\/www.latribunedufaso.net\/#organization","name":"La Tribune du Faso","url":"https:\/\/www.latribunedufaso.net\/","logo":{"@type":"ImageObject","inLanguage":"fr-FR","@id":"https:\/\/www.latribunedufaso.net\/#\/schema\/logo\/image\/","url":"https:\/\/www.latribunedufaso.net\/wp-content\/uploads\/2020\/08\/Logo-Tribune-du-Faso-final-scaled.jpg","contentUrl":"https:\/\/www.latribunedufaso.net\/wp-content\/uploads\/2020\/08\/Logo-Tribune-du-Faso-final-scaled.jpg","width":2560,"height":1856,"caption":"La Tribune du Faso"},"image":{"@id":"https:\/\/www.latribunedufaso.net\/#\/schema\/logo\/image\/"},"sameAs":["https:\/\/www.facebook.com\/LatribuneduFaso\/"]},{"@type":"Person","@id":"https:\/\/www.latribunedufaso.net\/#\/schema\/person\/e54e64c5778a7e72cf80a318b7a622b0","name":"Issouf Tapsoba","image":{"@type":"ImageObject","inLanguage":"fr-FR","@id":"https:\/\/secure.gravatar.com\/avatar\/5e6c05150ce3230247d167f5b94d678eb05936197436d69b7921e3a95c9107ac?s=96&d=mm&r=g","url":"https:\/\/secure.gravatar.com\/avatar\/5e6c05150ce3230247d167f5b94d678eb05936197436d69b7921e3a95c9107ac?s=96&d=mm&r=g","contentUrl":"https:\/\/secure.gravatar.com\/avatar\/5e6c05150ce3230247d167f5b94d678eb05936197436d69b7921e3a95c9107ac?s=96&d=mm&r=g","caption":"Issouf Tapsoba"},"url":"https:\/\/www.latribunedufaso.net\/?author=5"}]}},"_links":{"self":[{"href":"https:\/\/www.latribunedufaso.net\/index.php?rest_route=\/wp\/v2\/posts\/28039","targetHints":{"allow":["GET"]}}],"collection":[{"href":"https:\/\/www.latribunedufaso.net\/index.php?rest_route=\/wp\/v2\/posts"}],"about":[{"href":"https:\/\/www.latribunedufaso.net\/index.php?rest_route=\/wp\/v2\/types\/post"}],"author":[{"embeddable":true,"href":"https:\/\/www.latribunedufaso.net\/index.php?rest_route=\/wp\/v2\/users\/5"}],"replies":[{"embeddable":true,"href":"https:\/\/www.latribunedufaso.net\/index.php?rest_route=%2Fwp%2Fv2%2Fcomments&post=28039"}],"version-history":[{"count":6,"href":"https:\/\/www.latribunedufaso.net\/index.php?rest_route=\/wp\/v2\/posts\/28039\/revisions"}],"predecessor-version":[{"id":28046,"href":"https:\/\/www.latribunedufaso.net\/index.php?rest_route=\/wp\/v2\/posts\/28039\/revisions\/28046"}],"wp:featuredmedia":[{"embeddable":true,"href":"https:\/\/www.latribunedufaso.net\/index.php?rest_route=\/wp\/v2\/media\/27620"}],"wp:attachment":[{"href":"https:\/\/www.latribunedufaso.net\/index.php?rest_route=%2Fwp%2Fv2%2Fmedia&parent=28039"}],"wp:term":[{"taxonomy":"category","embeddable":true,"href":"https:\/\/www.latribunedufaso.net\/index.php?rest_route=%2Fwp%2Fv2%2Fcategories&post=28039"},{"taxonomy":"post_tag","embeddable":true,"href":"https:\/\/www.latribunedufaso.net\/index.php?rest_route=%2Fwp%2Fv2%2Ftags&post=28039"}],"curies":[{"name":"wp","href":"https:\/\/api.w.org\/{rel}","templated":true}]}}