{"id":27983,"date":"2026-03-10T08:31:58","date_gmt":"2026-03-10T08:31:58","guid":{"rendered":"https:\/\/www.latribunedufaso.net\/?p=27983"},"modified":"2026-03-10T08:31:58","modified_gmt":"2026-03-10T08:31:58","slug":"journee-internationale-de-la-femme-la-4e-legion-de-gendarmerie-marraine-huit-nouveau-nes-au-chr-de-dori","status":"publish","type":"post","link":"https:\/\/www.latribunedufaso.net\/?p=27983","title":{"rendered":"Journ\u00e9e internationale de la femme : La 4e L\u00e9gion de Gendarmerie marraine huit nouveau-n\u00e9s au CHR de Dori"},"content":{"rendered":"<p><strong>Dans le cadre de la c\u00e9l\u00e9bration de la Journ\u00e9e internationale des droits de la femme, \u00e9dition 2026, le personnel f\u00e9minin de la 4e L\u00e9gion de Gendarmerie de Dori a pos\u00e9 un acte de haute port\u00e9e sociale. La d\u00e9l\u00e9gation a proc\u00e9d\u00e9, ce dimanche 8 mars 2026, \u00e0 une remise de dons au Centre hospitalier r\u00e9gional (CHR) de la localit\u00e9.<\/strong><!--more--><\/p>\n<p>Cette action citoyenne a permis de soutenir huit (08) nouveau-n\u00e9s, venus au monde le jour m\u00eame de cette c\u00e9l\u00e9bration. Chaque kit destin\u00e9 aux nourrissons \u00e9tait compos\u00e9 d\u2019une paire de chaussures, d\u2019un sachet de lessive Omo, de dix (10) boules de savon <em><strong>\u00ab SN Citec \u00bb<\/strong><\/em>, d\u2019un paquet de lingettes et d\u2019un paquet de couches.<\/p>\n<figure id=\"attachment_27989\" aria-describedby=\"caption-attachment-27989\" style=\"width: 1000px\" class=\"wp-caption aligncenter\"><a href=\"https:\/\/www.latribunedufaso.net\/wp-content\/uploads\/2026\/03\/FB_IMG_1773130435713.jpg\"><img loading=\"lazy\" decoding=\"async\" class=\"size-full wp-image-27989\" src=\"https:\/\/www.latribunedufaso.net\/wp-content\/uploads\/2026\/03\/FB_IMG_1773130435713.jpg\" alt=\"Dans le cadre de la c\u00e9l\u00e9bration du 8 mars 2026, le personnel f\u00e9minin de la 4e L\u00e9gion de Gendarmerie de Dori a fait une remise de dons au CHR de Dori, 8 mars 2026\" width=\"1000\" height=\"563\" srcset=\"https:\/\/www.latribunedufaso.net\/wp-content\/uploads\/2026\/03\/FB_IMG_1773130435713.jpg 1000w, https:\/\/www.latribunedufaso.net\/wp-content\/uploads\/2026\/03\/FB_IMG_1773130435713-300x169.jpg 300w, https:\/\/www.latribunedufaso.net\/wp-content\/uploads\/2026\/03\/FB_IMG_1773130435713-768x432.jpg 768w\" sizes=\"auto, (max-width: 1000px) 100vw, 1000px\" \/><\/a><figcaption id=\"caption-attachment-27989\" class=\"wp-caption-text\">Cette action citoyenne a permis de soutenir huit (08) nouveau-n\u00e9s, venus au monde le jour m\u00eame de cette c\u00e9l\u00e9bration &#8211; Ph. DR<\/figcaption><\/figure>\n<p>Par ailleurs, l\u2019\u00e9lan de g\u00e9n\u00e9rosit\u00e9 des gendarmes s\u2019est \u00e9galement \u00e9tendu aux patients du service de chirurgie. Ainsi, deux (02) cartons de savon <em><strong>\u00ab SN Citec \u00bb<\/strong><\/em> et un (01) carton de lessive Omo ont \u00e9t\u00e9 remis aux malades venant de traverser l\u2019\u00e9preuve d\u2019une intervention chirurgicale.<\/p>\n<blockquote>\n<p>Lire aussi &gt;&gt;\u00a0<a href=\"https:\/\/www.latribunedufaso.net\/?p=27927\">Comm\u00e9moration 8 mars 2026 : Les femmes de Tiakan\u00e9 ont d\u00e9sormais la cl\u00e9 de leur autonomisation\u00a0<\/a><\/p>\n<\/blockquote>\n<p>La c\u00e9r\u00e9monie de remise, d\u00e9but\u00e9e \u00e0 14h00, s\u2019est d\u00e9roul\u00e9e dans un climat de convivialit\u00e9 et de recueillement. Elle a pris fin \u00e0 14h35, sans incident, marquant la volont\u00e9 des forces de d\u00e9fense et de s\u00e9curit\u00e9 de tisser des liens de solidarit\u00e9 avec les populations civiles, en particulier en cette journ\u00e9e d\u00e9di\u00e9e \u00e0 la femme.<\/p>\n<p><strong>Latribunedufaso.net<\/strong><\/p>\n<p><strong>Source : Gendarmerie nationale\u00a0<\/strong><\/p>\n<p><a href=\"https:\/\/www.latribunedufaso.net\/wp-content\/uploads\/2026\/03\/FB_IMG_1773130464700.jpg\"><img loading=\"lazy\" decoding=\"async\" class=\"aligncenter size-full wp-image-27990\" src=\"https:\/\/www.latribunedufaso.net\/wp-content\/uploads\/2026\/03\/FB_IMG_1773130464700.jpg\" alt=\"Dans le cadre de la c\u00e9l\u00e9bration du 8 mars 2026, le personnel f\u00e9minin de la 4e L\u00e9gion de Gendarmerie de Dori a fait une remise de dons au CHR de Dori, 8 mars 2026\" width=\"1000\" height=\"563\" srcset=\"https:\/\/www.latribunedufaso.net\/wp-content\/uploads\/2026\/03\/FB_IMG_1773130464700.jpg 1000w, https:\/\/www.latribunedufaso.net\/wp-content\/uploads\/2026\/03\/FB_IMG_1773130464700-300x169.jpg 300w, https:\/\/www.latribunedufaso.net\/wp-content\/uploads\/2026\/03\/FB_IMG_1773130464700-768x432.jpg 768w\" sizes=\"auto, (max-width: 1000px) 100vw, 1000px\" \/><\/a><a href=\"https:\/\/www.latribunedufaso.net\/wp-content\/uploads\/2026\/03\/FB_IMG_1773130473641.jpg\"><img loading=\"lazy\" decoding=\"async\" class=\"aligncenter size-full wp-image-27987\" src=\"https:\/\/www.latribunedufaso.net\/wp-content\/uploads\/2026\/03\/FB_IMG_1773130473641.jpg\" alt=\"Dans le cadre de la c\u00e9l\u00e9bration du 8 mars 2026, le personnel f\u00e9minin de la 4e L\u00e9gion de Gendarmerie de Dori a fait une remise de dons au CHR de Dori, 8 mars 2026\" width=\"1000\" height=\"750\" srcset=\"https:\/\/www.latribunedufaso.net\/wp-content\/uploads\/2026\/03\/FB_IMG_1773130473641.jpg 1000w, https:\/\/www.latribunedufaso.net\/wp-content\/uploads\/2026\/03\/FB_IMG_1773130473641-300x225.jpg 300w, https:\/\/www.latribunedufaso.net\/wp-content\/uploads\/2026\/03\/FB_IMG_1773130473641-768x576.jpg 768w\" sizes=\"auto, (max-width: 1000px) 100vw, 1000px\" \/><\/a><\/p>\n","protected":false},"excerpt":{"rendered":"<p>Dans le cadre de la c\u00e9l\u00e9bration de la Journ\u00e9e internationale des droits de la femme, \u00e9dition 2026, le personnel f\u00e9minin de la 4e L\u00e9gion de Gendarmerie de Dori a pos\u00e9 un acte de haute port\u00e9e sociale. La d\u00e9l\u00e9gation a proc\u00e9d\u00e9, ce dimanche 8 mars 2026, \u00e0 une remise de dons au Centre hospitalier r\u00e9gional (CHR) de la localit\u00e9.<\/p>\n","protected":false},"author":5,"featured_media":27988,"comment_status":"open","ping_status":"open","sticky":false,"template":"","format":"standard","meta":{"footnotes":""},"categories":[13,1,8],"tags":[775,623,230,39],"class_list":["post-27983","post","type-post","status-publish","format-standard","has-post-thumbnail","hentry","category-une","category-actu","category-societe","tag-commemoration-8-mars","tag-dori","tag-gendarmerie-nationale","tag-latribunedufaso-net"],"yoast_head":"<!-- This site is optimized with the Yoast SEO plugin v27.5 - https:\/\/yoast.com\/product\/yoast-seo-wordpress\/ -->\n<title>Journ\u00e9e internationale de la femme : La 4e L\u00e9gion de Gendarmerie marraine huit nouveau-n\u00e9s au CHR de Dori - La Tribune du Faso<\/title>\n<meta name=\"robots\" content=\"index, follow, max-snippet:-1, max-image-preview:large, max-video-preview:-1\" \/>\n<link rel=\"canonical\" href=\"https:\/\/www.latribunedufaso.net\/?p=27983\" \/>\n<meta property=\"og:locale\" content=\"fr_FR\" \/>\n<meta property=\"og:type\" content=\"article\" \/>\n<meta property=\"og:title\" content=\"Journ\u00e9e internationale de la femme : La 4e L\u00e9gion de Gendarmerie marraine huit nouveau-n\u00e9s au CHR de Dori - La Tribune du Faso\" \/>\n<meta property=\"og:description\" content=\"Dans le cadre de la c\u00e9l\u00e9bration de la Journ\u00e9e internationale des droits de la femme, \u00e9dition 2026, le personnel f\u00e9minin de la 4e L\u00e9gion de Gendarmerie de Dori a pos\u00e9 un acte de haute port\u00e9e sociale. La d\u00e9l\u00e9gation a proc\u00e9d\u00e9, ce dimanche 8 mars 2026, \u00e0 une remise de dons au Centre hospitalier r\u00e9gional (CHR) de la localit\u00e9.\" \/>\n<meta property=\"og:url\" content=\"https:\/\/www.latribunedufaso.net\/?p=27983\" \/>\n<meta property=\"og:site_name\" content=\"La Tribune du Faso\" \/>\n<meta property=\"article:publisher\" content=\"https:\/\/www.facebook.com\/LatribuneduFaso\/\" \/>\n<meta property=\"article:published_time\" content=\"2026-03-10T08:31:58+00:00\" \/>\n<meta property=\"og:image\" content=\"https:\/\/www.latribunedufaso.net\/wp-content\/uploads\/2026\/03\/FB_IMG_1773130504013.jpg\" \/>\n\t<meta property=\"og:image:width\" content=\"1000\" \/>\n\t<meta property=\"og:image:height\" content=\"563\" \/>\n\t<meta property=\"og:image:type\" content=\"image\/jpeg\" \/>\n<meta name=\"author\" content=\"Issouf Tapsoba\" \/>\n<meta name=\"twitter:label1\" content=\"\u00c9crit par\" \/>\n\t<meta name=\"twitter:data1\" content=\"Issouf Tapsoba\" \/>\n\t<meta name=\"twitter:label2\" content=\"Dur\u00e9e de lecture estim\u00e9e\" \/>\n\t<meta name=\"twitter:data2\" content=\"3 minutes\" \/>\n<script type=\"application\/ld+json\" class=\"yoast-schema-graph\">{\"@context\":\"https:\\\/\\\/schema.org\",\"@graph\":[{\"@type\":\"Article\",\"@id\":\"https:\\\/\\\/www.latribunedufaso.net\\\/?p=27983#article\",\"isPartOf\":{\"@id\":\"https:\\\/\\\/www.latribunedufaso.net\\\/?p=27983\"},\"author\":{\"name\":\"Issouf Tapsoba\",\"@id\":\"https:\\\/\\\/www.latribunedufaso.net\\\/#\\\/schema\\\/person\\\/e54e64c5778a7e72cf80a318b7a622b0\"},\"headline\":\"Journ\u00e9e internationale de la femme : La 4e L\u00e9gion de Gendarmerie marraine huit nouveau-n\u00e9s au CHR de Dori\",\"datePublished\":\"2026-03-10T08:31:58+00:00\",\"mainEntityOfPage\":{\"@id\":\"https:\\\/\\\/www.latribunedufaso.net\\\/?p=27983\"},\"wordCount\":308,\"commentCount\":0,\"publisher\":{\"@id\":\"https:\\\/\\\/www.latribunedufaso.net\\\/#organization\"},\"image\":{\"@id\":\"https:\\\/\\\/www.latribunedufaso.net\\\/?p=27983#primaryimage\"},\"thumbnailUrl\":\"https:\\\/\\\/www.latribunedufaso.net\\\/wp-content\\\/uploads\\\/2026\\\/03\\\/FB_IMG_1773130504013.jpg\",\"keywords\":[\"Comm\u00e9moration 8 mars\",\"Dori\",\"Gendarmerie nationale\",\"latribunedufaso.net\"],\"articleSection\":[\"A la une\",\"Actualit\u00e9\",\"Soci\u00e9t\u00e9\"],\"inLanguage\":\"fr-FR\",\"potentialAction\":[{\"@type\":\"CommentAction\",\"name\":\"Comment\",\"target\":[\"https:\\\/\\\/www.latribunedufaso.net\\\/?p=27983#respond\"]}]},{\"@type\":\"WebPage\",\"@id\":\"https:\\\/\\\/www.latribunedufaso.net\\\/?p=27983\",\"url\":\"https:\\\/\\\/www.latribunedufaso.net\\\/?p=27983\",\"name\":\"Journ\u00e9e internationale de la femme : La 4e L\u00e9gion de Gendarmerie marraine huit nouveau-n\u00e9s au CHR de Dori - La Tribune du Faso\",\"isPartOf\":{\"@id\":\"https:\\\/\\\/www.latribunedufaso.net\\\/#website\"},\"primaryImageOfPage\":{\"@id\":\"https:\\\/\\\/www.latribunedufaso.net\\\/?p=27983#primaryimage\"},\"image\":{\"@id\":\"https:\\\/\\\/www.latribunedufaso.net\\\/?p=27983#primaryimage\"},\"thumbnailUrl\":\"https:\\\/\\\/www.latribunedufaso.net\\\/wp-content\\\/uploads\\\/2026\\\/03\\\/FB_IMG_1773130504013.jpg\",\"datePublished\":\"2026-03-10T08:31:58+00:00\",\"breadcrumb\":{\"@id\":\"https:\\\/\\\/www.latribunedufaso.net\\\/?p=27983#breadcrumb\"},\"inLanguage\":\"fr-FR\",\"potentialAction\":[{\"@type\":\"ReadAction\",\"target\":[\"https:\\\/\\\/www.latribunedufaso.net\\\/?p=27983\"]}]},{\"@type\":\"ImageObject\",\"inLanguage\":\"fr-FR\",\"@id\":\"https:\\\/\\\/www.latribunedufaso.net\\\/?p=27983#primaryimage\",\"url\":\"https:\\\/\\\/www.latribunedufaso.net\\\/wp-content\\\/uploads\\\/2026\\\/03\\\/FB_IMG_1773130504013.jpg\",\"contentUrl\":\"https:\\\/\\\/www.latribunedufaso.net\\\/wp-content\\\/uploads\\\/2026\\\/03\\\/FB_IMG_1773130504013.jpg\",\"width\":1000,\"height\":563,\"caption\":\"Dans le cadre de la c\u00e9l\u00e9bration du 8 mars 2026, le personnel f\u00e9minin de la 4e L\u00e9gion de Gendarmerie de Dori a fait une remise de dons au CHR de Dori, 8 mars 2026\"},{\"@type\":\"BreadcrumbList\",\"@id\":\"https:\\\/\\\/www.latribunedufaso.net\\\/?p=27983#breadcrumb\",\"itemListElement\":[{\"@type\":\"ListItem\",\"position\":1,\"name\":\"Accueil\",\"item\":\"https:\\\/\\\/www.latribunedufaso.net\\\/\"},{\"@type\":\"ListItem\",\"position\":2,\"name\":\"Journ\u00e9e internationale de la femme : La 4e L\u00e9gion de Gendarmerie marraine huit nouveau-n\u00e9s au CHR de Dori\"}]},{\"@type\":\"WebSite\",\"@id\":\"https:\\\/\\\/www.latribunedufaso.net\\\/#website\",\"url\":\"https:\\\/\\\/www.latribunedufaso.net\\\/\",\"name\":\"La Tribune du Faso\",\"description\":\"L&#039;information du monde rural en un clic\",\"publisher\":{\"@id\":\"https:\\\/\\\/www.latribunedufaso.net\\\/#organization\"},\"potentialAction\":[{\"@type\":\"SearchAction\",\"target\":{\"@type\":\"EntryPoint\",\"urlTemplate\":\"https:\\\/\\\/www.latribunedufaso.net\\\/?s={search_term_string}\"},\"query-input\":{\"@type\":\"PropertyValueSpecification\",\"valueRequired\":true,\"valueName\":\"search_term_string\"}}],\"inLanguage\":\"fr-FR\"},{\"@type\":\"Organization\",\"@id\":\"https:\\\/\\\/www.latribunedufaso.net\\\/#organization\",\"name\":\"La Tribune du Faso\",\"url\":\"https:\\\/\\\/www.latribunedufaso.net\\\/\",\"logo\":{\"@type\":\"ImageObject\",\"inLanguage\":\"fr-FR\",\"@id\":\"https:\\\/\\\/www.latribunedufaso.net\\\/#\\\/schema\\\/logo\\\/image\\\/\",\"url\":\"https:\\\/\\\/www.latribunedufaso.net\\\/wp-content\\\/uploads\\\/2020\\\/08\\\/Logo-Tribune-du-Faso-final-scaled.jpg\",\"contentUrl\":\"https:\\\/\\\/www.latribunedufaso.net\\\/wp-content\\\/uploads\\\/2020\\\/08\\\/Logo-Tribune-du-Faso-final-scaled.jpg\",\"width\":2560,\"height\":1856,\"caption\":\"La Tribune du Faso\"},\"image\":{\"@id\":\"https:\\\/\\\/www.latribunedufaso.net\\\/#\\\/schema\\\/logo\\\/image\\\/\"},\"sameAs\":[\"https:\\\/\\\/www.facebook.com\\\/LatribuneduFaso\\\/\"]},{\"@type\":\"Person\",\"@id\":\"https:\\\/\\\/www.latribunedufaso.net\\\/#\\\/schema\\\/person\\\/e54e64c5778a7e72cf80a318b7a622b0\",\"name\":\"Issouf Tapsoba\",\"image\":{\"@type\":\"ImageObject\",\"inLanguage\":\"fr-FR\",\"@id\":\"https:\\\/\\\/secure.gravatar.com\\\/avatar\\\/5e6c05150ce3230247d167f5b94d678eb05936197436d69b7921e3a95c9107ac?s=96&d=mm&r=g\",\"url\":\"https:\\\/\\\/secure.gravatar.com\\\/avatar\\\/5e6c05150ce3230247d167f5b94d678eb05936197436d69b7921e3a95c9107ac?s=96&d=mm&r=g\",\"contentUrl\":\"https:\\\/\\\/secure.gravatar.com\\\/avatar\\\/5e6c05150ce3230247d167f5b94d678eb05936197436d69b7921e3a95c9107ac?s=96&d=mm&r=g\",\"caption\":\"Issouf Tapsoba\"},\"url\":\"https:\\\/\\\/www.latribunedufaso.net\\\/?author=5\"}]}<\/script>\n<!-- \/ Yoast SEO plugin. -->","yoast_head_json":{"title":"Journ\u00e9e internationale de la femme : La 4e L\u00e9gion de Gendarmerie marraine huit nouveau-n\u00e9s au CHR de Dori - La Tribune du Faso","robots":{"index":"index","follow":"follow","max-snippet":"max-snippet:-1","max-image-preview":"max-image-preview:large","max-video-preview":"max-video-preview:-1"},"canonical":"https:\/\/www.latribunedufaso.net\/?p=27983","og_locale":"fr_FR","og_type":"article","og_title":"Journ\u00e9e internationale de la femme : La 4e L\u00e9gion de Gendarmerie marraine huit nouveau-n\u00e9s au CHR de Dori - La Tribune du Faso","og_description":"Dans le cadre de la c\u00e9l\u00e9bration de la Journ\u00e9e internationale des droits de la femme, \u00e9dition 2026, le personnel f\u00e9minin de la 4e L\u00e9gion de Gendarmerie de Dori a pos\u00e9 un acte de haute port\u00e9e sociale. La d\u00e9l\u00e9gation a proc\u00e9d\u00e9, ce dimanche 8 mars 2026, \u00e0 une remise de dons au Centre hospitalier r\u00e9gional (CHR) de la localit\u00e9.","og_url":"https:\/\/www.latribunedufaso.net\/?p=27983","og_site_name":"La Tribune du Faso","article_publisher":"https:\/\/www.facebook.com\/LatribuneduFaso\/","article_published_time":"2026-03-10T08:31:58+00:00","og_image":[{"width":1000,"height":563,"url":"https:\/\/www.latribunedufaso.net\/wp-content\/uploads\/2026\/03\/FB_IMG_1773130504013.jpg","type":"image\/jpeg"}],"author":"Issouf Tapsoba","twitter_misc":{"\u00c9crit par":"Issouf Tapsoba","Dur\u00e9e de lecture estim\u00e9e":"3 minutes"},"schema":{"@context":"https:\/\/schema.org","@graph":[{"@type":"Article","@id":"https:\/\/www.latribunedufaso.net\/?p=27983#article","isPartOf":{"@id":"https:\/\/www.latribunedufaso.net\/?p=27983"},"author":{"name":"Issouf Tapsoba","@id":"https:\/\/www.latribunedufaso.net\/#\/schema\/person\/e54e64c5778a7e72cf80a318b7a622b0"},"headline":"Journ\u00e9e internationale de la femme : La 4e L\u00e9gion de Gendarmerie marraine huit nouveau-n\u00e9s au CHR de Dori","datePublished":"2026-03-10T08:31:58+00:00","mainEntityOfPage":{"@id":"https:\/\/www.latribunedufaso.net\/?p=27983"},"wordCount":308,"commentCount":0,"publisher":{"@id":"https:\/\/www.latribunedufaso.net\/#organization"},"image":{"@id":"https:\/\/www.latribunedufaso.net\/?p=27983#primaryimage"},"thumbnailUrl":"https:\/\/www.latribunedufaso.net\/wp-content\/uploads\/2026\/03\/FB_IMG_1773130504013.jpg","keywords":["Comm\u00e9moration 8 mars","Dori","Gendarmerie nationale","latribunedufaso.net"],"articleSection":["A la une","Actualit\u00e9","Soci\u00e9t\u00e9"],"inLanguage":"fr-FR","potentialAction":[{"@type":"CommentAction","name":"Comment","target":["https:\/\/www.latribunedufaso.net\/?p=27983#respond"]}]},{"@type":"WebPage","@id":"https:\/\/www.latribunedufaso.net\/?p=27983","url":"https:\/\/www.latribunedufaso.net\/?p=27983","name":"Journ\u00e9e internationale de la femme : La 4e L\u00e9gion de Gendarmerie marraine huit nouveau-n\u00e9s au CHR de Dori - La Tribune du Faso","isPartOf":{"@id":"https:\/\/www.latribunedufaso.net\/#website"},"primaryImageOfPage":{"@id":"https:\/\/www.latribunedufaso.net\/?p=27983#primaryimage"},"image":{"@id":"https:\/\/www.latribunedufaso.net\/?p=27983#primaryimage"},"thumbnailUrl":"https:\/\/www.latribunedufaso.net\/wp-content\/uploads\/2026\/03\/FB_IMG_1773130504013.jpg","datePublished":"2026-03-10T08:31:58+00:00","breadcrumb":{"@id":"https:\/\/www.latribunedufaso.net\/?p=27983#breadcrumb"},"inLanguage":"fr-FR","potentialAction":[{"@type":"ReadAction","target":["https:\/\/www.latribunedufaso.net\/?p=27983"]}]},{"@type":"ImageObject","inLanguage":"fr-FR","@id":"https:\/\/www.latribunedufaso.net\/?p=27983#primaryimage","url":"https:\/\/www.latribunedufaso.net\/wp-content\/uploads\/2026\/03\/FB_IMG_1773130504013.jpg","contentUrl":"https:\/\/www.latribunedufaso.net\/wp-content\/uploads\/2026\/03\/FB_IMG_1773130504013.jpg","width":1000,"height":563,"caption":"Dans le cadre de la c\u00e9l\u00e9bration du 8 mars 2026, le personnel f\u00e9minin de la 4e L\u00e9gion de Gendarmerie de Dori a fait une remise de dons au CHR de Dori, 8 mars 2026"},{"@type":"BreadcrumbList","@id":"https:\/\/www.latribunedufaso.net\/?p=27983#breadcrumb","itemListElement":[{"@type":"ListItem","position":1,"name":"Accueil","item":"https:\/\/www.latribunedufaso.net\/"},{"@type":"ListItem","position":2,"name":"Journ\u00e9e internationale de la femme : La 4e L\u00e9gion de Gendarmerie marraine huit nouveau-n\u00e9s au CHR de Dori"}]},{"@type":"WebSite","@id":"https:\/\/www.latribunedufaso.net\/#website","url":"https:\/\/www.latribunedufaso.net\/","name":"La Tribune du Faso","description":"L&#039;information du monde rural en un clic","publisher":{"@id":"https:\/\/www.latribunedufaso.net\/#organization"},"potentialAction":[{"@type":"SearchAction","target":{"@type":"EntryPoint","urlTemplate":"https:\/\/www.latribunedufaso.net\/?s={search_term_string}"},"query-input":{"@type":"PropertyValueSpecification","valueRequired":true,"valueName":"search_term_string"}}],"inLanguage":"fr-FR"},{"@type":"Organization","@id":"https:\/\/www.latribunedufaso.net\/#organization","name":"La Tribune du Faso","url":"https:\/\/www.latribunedufaso.net\/","logo":{"@type":"ImageObject","inLanguage":"fr-FR","@id":"https:\/\/www.latribunedufaso.net\/#\/schema\/logo\/image\/","url":"https:\/\/www.latribunedufaso.net\/wp-content\/uploads\/2020\/08\/Logo-Tribune-du-Faso-final-scaled.jpg","contentUrl":"https:\/\/www.latribunedufaso.net\/wp-content\/uploads\/2020\/08\/Logo-Tribune-du-Faso-final-scaled.jpg","width":2560,"height":1856,"caption":"La Tribune du Faso"},"image":{"@id":"https:\/\/www.latribunedufaso.net\/#\/schema\/logo\/image\/"},"sameAs":["https:\/\/www.facebook.com\/LatribuneduFaso\/"]},{"@type":"Person","@id":"https:\/\/www.latribunedufaso.net\/#\/schema\/person\/e54e64c5778a7e72cf80a318b7a622b0","name":"Issouf Tapsoba","image":{"@type":"ImageObject","inLanguage":"fr-FR","@id":"https:\/\/secure.gravatar.com\/avatar\/5e6c05150ce3230247d167f5b94d678eb05936197436d69b7921e3a95c9107ac?s=96&d=mm&r=g","url":"https:\/\/secure.gravatar.com\/avatar\/5e6c05150ce3230247d167f5b94d678eb05936197436d69b7921e3a95c9107ac?s=96&d=mm&r=g","contentUrl":"https:\/\/secure.gravatar.com\/avatar\/5e6c05150ce3230247d167f5b94d678eb05936197436d69b7921e3a95c9107ac?s=96&d=mm&r=g","caption":"Issouf Tapsoba"},"url":"https:\/\/www.latribunedufaso.net\/?author=5"}]}},"_links":{"self":[{"href":"https:\/\/www.latribunedufaso.net\/index.php?rest_route=\/wp\/v2\/posts\/27983","targetHints":{"allow":["GET"]}}],"collection":[{"href":"https:\/\/www.latribunedufaso.net\/index.php?rest_route=\/wp\/v2\/posts"}],"about":[{"href":"https:\/\/www.latribunedufaso.net\/index.php?rest_route=\/wp\/v2\/types\/post"}],"author":[{"embeddable":true,"href":"https:\/\/www.latribunedufaso.net\/index.php?rest_route=\/wp\/v2\/users\/5"}],"replies":[{"embeddable":true,"href":"https:\/\/www.latribunedufaso.net\/index.php?rest_route=%2Fwp%2Fv2%2Fcomments&post=27983"}],"version-history":[{"count":4,"href":"https:\/\/www.latribunedufaso.net\/index.php?rest_route=\/wp\/v2\/posts\/27983\/revisions"}],"predecessor-version":[{"id":27991,"href":"https:\/\/www.latribunedufaso.net\/index.php?rest_route=\/wp\/v2\/posts\/27983\/revisions\/27991"}],"wp:featuredmedia":[{"embeddable":true,"href":"https:\/\/www.latribunedufaso.net\/index.php?rest_route=\/wp\/v2\/media\/27988"}],"wp:attachment":[{"href":"https:\/\/www.latribunedufaso.net\/index.php?rest_route=%2Fwp%2Fv2%2Fmedia&parent=27983"}],"wp:term":[{"taxonomy":"category","embeddable":true,"href":"https:\/\/www.latribunedufaso.net\/index.php?rest_route=%2Fwp%2Fv2%2Fcategories&post=27983"},{"taxonomy":"post_tag","embeddable":true,"href":"https:\/\/www.latribunedufaso.net\/index.php?rest_route=%2Fwp%2Fv2%2Ftags&post=27983"}],"curies":[{"name":"wp","href":"https:\/\/api.w.org\/{rel}","templated":true}]}}