{"id":27973,"date":"2026-03-09T16:02:30","date_gmt":"2026-03-09T16:02:30","guid":{"rendered":"https:\/\/www.latribunedufaso.net\/?p=27973"},"modified":"2026-03-09T16:02:30","modified_gmt":"2026-03-09T16:02:30","slug":"cooperation-bilaterale-les-premiers-responsables-du-ministere-des-affaires-etrangeres-prennent-part-a-la-fete-nationale-de-la-republique-du-ghana","status":"publish","type":"post","link":"https:\/\/www.latribunedufaso.net\/?p=27973","title":{"rendered":"Coop\u00e9ration bilat\u00e9rale : Les premiers responsables du minist\u00e8re des Affaires \u00e9trang\u00e8res prennent part \u00e0 la f\u00eate nationale de la R\u00e9publique du Ghana\u00a0"},"content":{"rendered":"<p><strong>Le ministre des Affaires \u00e9trang\u00e8res, Karamoko Jean Marie Traor\u00e9 et le ministre d\u00e9l\u00e9gu\u00e9, B\u00eabgnasgan Stella Eldine Kabr\u00e9\/Kabor\u00e9, ont pris part, le vendredi 6 mars dernier, aux c\u00f4t\u00e9s de la communaut\u00e9 ghan\u00e9enne r\u00e9sidant au Burkina Faso, \u00e0 la c\u00e9l\u00e9bration du 69e anniversaire de l\u2019ind\u00e9pendance de la R\u00e9publique du Ghana.<\/strong><!--more--><\/p>\n<p>Plac\u00e9 sous le th\u00e8me <em><strong>\u00ab Construire la prosp\u00e9rit\u00e9, restaurer l\u2019histoire \u00bb<\/strong><\/em>, le 69e anniversaire de l\u2019ind\u00e9pendance du Ghana a \u00e9t\u00e9 le lieu de se rem\u00e9morer l\u2019histoire et le parcours de ce pays, l\u2019un des premiers \u00e0 acc\u00e9der \u00e0 l\u2019ind\u00e9pendance le 6 mars 1957, afin de mieux se projeter sur le chemin de la construction, selon l\u2019Ambassadeur Kenneth Akibate.<\/p>\n<p>Pour lui, <em><strong>\u00ab le Burkina Faso et le Ghana partage plus qu\u2019une fronti\u00e8re commune, mais une histoire marqu\u00e9e par une culture, une langue et des \u00e9changes commerciaux sur plusieurs g\u00e9n\u00e9rations \u00bb.<\/strong><\/em><\/p>\n<figure id=\"attachment_27976\" aria-describedby=\"caption-attachment-27976\" style=\"width: 1726px\" class=\"wp-caption aligncenter\"><a href=\"https:\/\/www.latribunedufaso.net\/wp-content\/uploads\/2026\/03\/FB_IMG_1773071491203.jpg\"><img loading=\"lazy\" decoding=\"async\" class=\"size-full wp-image-27976\" src=\"https:\/\/www.latribunedufaso.net\/wp-content\/uploads\/2026\/03\/FB_IMG_1773071491203.jpg\" alt=\"Le Burkina Faso, repr\u00e9sent\u00e9 par le ministre des Affaires \u00e9trang\u00e8res prennent part \u00e0 la comm\u00e9moration de la f\u00eate de l'ind\u00e9pendance du Ghana, 6 mars 2026\" width=\"1726\" height=\"2048\" srcset=\"https:\/\/www.latribunedufaso.net\/wp-content\/uploads\/2026\/03\/FB_IMG_1773071491203.jpg 1726w, https:\/\/www.latribunedufaso.net\/wp-content\/uploads\/2026\/03\/FB_IMG_1773071491203-253x300.jpg 253w, https:\/\/www.latribunedufaso.net\/wp-content\/uploads\/2026\/03\/FB_IMG_1773071491203-863x1024.jpg 863w, https:\/\/www.latribunedufaso.net\/wp-content\/uploads\/2026\/03\/FB_IMG_1773071491203-768x911.jpg 768w, https:\/\/www.latribunedufaso.net\/wp-content\/uploads\/2026\/03\/FB_IMG_1773071491203-1295x1536.jpg 1295w\" sizes=\"auto, (max-width: 1726px) 100vw, 1726px\" \/><\/a><figcaption id=\"caption-attachment-27976\" class=\"wp-caption-text\">L&rsquo;ambassadeur du Ghana , Kenneth Akibate &#8211; Ph. DR<\/figcaption><\/figure>\n<p>La c\u00e9r\u00e9monie a donc \u00e9t\u00e9 un moment de fraternit\u00e9 pour consolider les relations de coop\u00e9ration et d\u2019amiti\u00e9 entre les deux pays.<\/p>\n<p>Pour le Chef de la diplomatie burkinab\u00e8, le Burkina Faso et le Ghana partage six d\u00e9cennies de relations de voisinage exemplaires, b\u00e2ties sur le respect mutuel, la solidarit\u00e9 et tourn\u00e9es vers de r\u00e9sultats concrets, au b\u00e9n\u00e9fice des deux peuples.<\/p>\n<p>Karamko Jean Marie Traor\u00e9, a par ailleurs salu\u00e9 la tenue r\u00e9cemment de la 13e commission mixte de coop\u00e9ration, marqu\u00e9e par la signature de sept instruments juridiques et r\u00e9hauss\u00e9e par la pr\u00e9sence du ministre ghan\u00e9en charg\u00e9 des Affaires \u00e9trang\u00e8res.<\/p>\n<figure id=\"attachment_27977\" aria-describedby=\"caption-attachment-27977\" style=\"width: 2048px\" class=\"wp-caption aligncenter\"><a href=\"https:\/\/www.latribunedufaso.net\/wp-content\/uploads\/2026\/03\/FB_IMG_1773071485734.jpg\"><img loading=\"lazy\" decoding=\"async\" class=\"size-full wp-image-27977\" src=\"https:\/\/www.latribunedufaso.net\/wp-content\/uploads\/2026\/03\/FB_IMG_1773071485734.jpg\" alt=\"Le Burkina Faso, repr\u00e9sent\u00e9 par le ministre des Affaires \u00e9trang\u00e8res prennent part \u00e0 la comm\u00e9moration de la f\u00eate de l'ind\u00e9pendance du Ghana, 6 mars 2026\" width=\"2048\" height=\"1309\" srcset=\"https:\/\/www.latribunedufaso.net\/wp-content\/uploads\/2026\/03\/FB_IMG_1773071485734.jpg 2048w, https:\/\/www.latribunedufaso.net\/wp-content\/uploads\/2026\/03\/FB_IMG_1773071485734-300x192.jpg 300w, https:\/\/www.latribunedufaso.net\/wp-content\/uploads\/2026\/03\/FB_IMG_1773071485734-1024x655.jpg 1024w, https:\/\/www.latribunedufaso.net\/wp-content\/uploads\/2026\/03\/FB_IMG_1773071485734-768x491.jpg 768w, https:\/\/www.latribunedufaso.net\/wp-content\/uploads\/2026\/03\/FB_IMG_1773071485734-1536x982.jpg 1536w\" sizes=\"auto, (max-width: 2048px) 100vw, 2048px\" \/><\/a><figcaption id=\"caption-attachment-27977\" class=\"wp-caption-text\">Le ministre charg\u00e9 des Affaires \u00e9trang\u00e8res, Karamoko Jean Marie Traor\u00e9 &#8211; Ph. DR<\/figcaption><\/figure>\n<p>Exprimant les f\u00e9licitations du peuple burkinab\u00e8 au peuple fr\u00e8re du Ghana, le ministre des Affaires \u00e9trang\u00e8res a salu\u00e9 un peuple ghan\u00e9en<em><strong> \u00ab courageux, disciplin\u00e9, profond\u00e9ment attach\u00e9 \u00e0 ses valeurs, qui a su transformer les d\u00e9fis en opportunit\u00e9 et la vision en moteur de d\u00e9veloppement \u00bb.<\/strong><\/em><\/p>\n<p>Cette c\u00e9l\u00e9bration rappelle, selon lui, <em><strong>\u00ab le chemin remarquable parcouru par le Ghana depuis son accession \u00e0 la souverainet\u00e9 jusqu\u2019\u00e0 son affirmation comme un acteur majeur de notre sous-r\u00e9gion et une r\u00e9f\u00e9rence en Afrique \u00bb.\u00a0<\/strong><\/em><\/p>\n<figure id=\"attachment_27979\" aria-describedby=\"caption-attachment-27979\" style=\"width: 2048px\" class=\"wp-caption aligncenter\"><a href=\"https:\/\/www.latribunedufaso.net\/wp-content\/uploads\/2026\/03\/FB_IMG_1773071497055.jpg\"><img loading=\"lazy\" decoding=\"async\" class=\"size-full wp-image-27979\" src=\"https:\/\/www.latribunedufaso.net\/wp-content\/uploads\/2026\/03\/FB_IMG_1773071497055.jpg\" alt=\"Le Burkina Faso, repr\u00e9sent\u00e9 par le ministre des Affaires \u00e9trang\u00e8res prennent part \u00e0 la comm\u00e9moration de la f\u00eate de l'ind\u00e9pendance du Ghana, 6 mars 2026\" width=\"2048\" height=\"1454\" srcset=\"https:\/\/www.latribunedufaso.net\/wp-content\/uploads\/2026\/03\/FB_IMG_1773071497055.jpg 2048w, https:\/\/www.latribunedufaso.net\/wp-content\/uploads\/2026\/03\/FB_IMG_1773071497055-300x213.jpg 300w, https:\/\/www.latribunedufaso.net\/wp-content\/uploads\/2026\/03\/FB_IMG_1773071497055-1024x727.jpg 1024w, https:\/\/www.latribunedufaso.net\/wp-content\/uploads\/2026\/03\/FB_IMG_1773071497055-768x545.jpg 768w, https:\/\/www.latribunedufaso.net\/wp-content\/uploads\/2026\/03\/FB_IMG_1773071497055-1536x1091.jpg 1536w, https:\/\/www.latribunedufaso.net\/wp-content\/uploads\/2026\/03\/FB_IMG_1773071497055-90x65.jpg 90w\" sizes=\"auto, (max-width: 2048px) 100vw, 2048px\" \/><\/a><figcaption id=\"caption-attachment-27979\" class=\"wp-caption-text\">Une vue de la communaut\u00e9 ghan\u00e9enne et burkinab\u00e8 \u00e0 la c\u00e9r\u00e9monie &#8211; Ph. DR<\/figcaption><\/figure>\n<p>Au cours de la c\u00e9r\u00e9monie, l\u2019Ambassadeur Kenneth Akibate a t\u00e9moign\u00e9 la solidarit\u00e9 des autorit\u00e9s ghan\u00e9ennes aux autorit\u00e9s burkinab\u00e8 engag\u00e9es dans la lutte contre le terrorisme, tout en reconnaissant l\u2019interd\u00e9pendance de la s\u00e9curit\u00e9 entre les pays voisins.<\/p>\n<blockquote>\n<p>Lire aussi &gt;&gt;\u00a0<a href=\"https:\/\/www.latribunedufaso.net\/?p=26704\">Ghana-Burkina Faso : Vers un acc\u00e8s facilit\u00e9 aux universit\u00e9s ghan\u00e9ennes pour les bacheliers burkinab\u00e8s<\/a><\/p>\n<\/blockquote>\n<p>La c\u00e9l\u00e9bration du 69e anniversaire de l\u2019ind\u00e9pendance du Ghana par l&rsquo;ambassade de ce pays \u00e0 Ouagadougou, a aussi \u00e9t\u00e9 marqu\u00e9e par un don de cinq tonnes de ciment \u00e0 l\u2019Agence Faso M\u00eabo et la pose de pav\u00e9s sur le boulevard Thomas SANKARA.<\/p>\n<p><strong>Latribunedufaso.net<\/strong><\/p>\n<p><strong>Source : DCRP\/MAE<\/strong><\/p>\n","protected":false},"excerpt":{"rendered":"<p>Le ministre des Affaires \u00e9trang\u00e8res, Karamoko Jean Marie Traor\u00e9 et le ministre d\u00e9l\u00e9gu\u00e9, B\u00eabgnasgan Stella Eldine Kabr\u00e9\/Kabor\u00e9, ont pris part, le vendredi 6 mars dernier, aux c\u00f4t\u00e9s de la communaut\u00e9 ghan\u00e9enne r\u00e9sidant au Burkina Faso, \u00e0 la c\u00e9l\u00e9bration du 69e anniversaire de l\u2019ind\u00e9pendance de la R\u00e9publique du Ghana.<\/p>\n","protected":false},"author":5,"featured_media":27978,"comment_status":"open","ping_status":"open","sticky":false,"template":"","format":"standard","meta":{"footnotes":""},"categories":[13,1,8],"tags":[1598,39],"class_list":["post-27973","post","type-post","status-publish","format-standard","has-post-thumbnail","hentry","category-une","category-actu","category-societe","tag-cooperation-buekina-ghana","tag-latribunedufaso-net"],"yoast_head":"<!-- This site is optimized with the Yoast SEO plugin v27.4 - https:\/\/yoast.com\/product\/yoast-seo-wordpress\/ -->\n<title>Coop\u00e9ration bilat\u00e9rale : Les premiers responsables du minist\u00e8re des Affaires \u00e9trang\u00e8res prennent part \u00e0 la f\u00eate nationale de la R\u00e9publique du Ghana\u00a0 - La Tribune du Faso<\/title>\n<meta name=\"robots\" content=\"index, follow, max-snippet:-1, max-image-preview:large, max-video-preview:-1\" \/>\n<link rel=\"canonical\" href=\"https:\/\/www.latribunedufaso.net\/?p=27973\" \/>\n<meta property=\"og:locale\" content=\"fr_FR\" \/>\n<meta property=\"og:type\" content=\"article\" \/>\n<meta property=\"og:title\" content=\"Coop\u00e9ration bilat\u00e9rale : Les premiers responsables du minist\u00e8re des Affaires \u00e9trang\u00e8res prennent part \u00e0 la f\u00eate nationale de la R\u00e9publique du Ghana\u00a0 - La Tribune du Faso\" \/>\n<meta property=\"og:description\" content=\"Le ministre des Affaires \u00e9trang\u00e8res, Karamoko Jean Marie Traor\u00e9 et le ministre d\u00e9l\u00e9gu\u00e9, B\u00eabgnasgan Stella Eldine Kabr\u00e9\/Kabor\u00e9, ont pris part, le vendredi 6 mars dernier, aux c\u00f4t\u00e9s de la communaut\u00e9 ghan\u00e9enne r\u00e9sidant au Burkina Faso, \u00e0 la c\u00e9l\u00e9bration du 69e anniversaire de l\u2019ind\u00e9pendance de la R\u00e9publique du Ghana.\" \/>\n<meta property=\"og:url\" content=\"https:\/\/www.latribunedufaso.net\/?p=27973\" \/>\n<meta property=\"og:site_name\" content=\"La Tribune du Faso\" \/>\n<meta property=\"article:publisher\" content=\"https:\/\/www.facebook.com\/LatribuneduFaso\/\" \/>\n<meta property=\"article:published_time\" content=\"2026-03-09T16:02:30+00:00\" \/>\n<meta property=\"og:image\" content=\"https:\/\/www.latribunedufaso.net\/wp-content\/uploads\/2026\/03\/FB_IMG_1773071481979.jpg\" \/>\n\t<meta property=\"og:image:width\" content=\"2048\" \/>\n\t<meta property=\"og:image:height\" content=\"1300\" \/>\n\t<meta property=\"og:image:type\" content=\"image\/jpeg\" \/>\n<meta name=\"author\" content=\"Issouf Tapsoba\" \/>\n<meta name=\"twitter:label1\" content=\"\u00c9crit par\" \/>\n\t<meta name=\"twitter:data1\" content=\"Issouf Tapsoba\" \/>\n\t<meta name=\"twitter:label2\" content=\"Dur\u00e9e de lecture estim\u00e9e\" \/>\n\t<meta name=\"twitter:data2\" content=\"4 minutes\" \/>\n<script type=\"application\/ld+json\" class=\"yoast-schema-graph\">{\"@context\":\"https:\\\/\\\/schema.org\",\"@graph\":[{\"@type\":\"Article\",\"@id\":\"https:\\\/\\\/www.latribunedufaso.net\\\/?p=27973#article\",\"isPartOf\":{\"@id\":\"https:\\\/\\\/www.latribunedufaso.net\\\/?p=27973\"},\"author\":{\"name\":\"Issouf Tapsoba\",\"@id\":\"https:\\\/\\\/www.latribunedufaso.net\\\/#\\\/schema\\\/person\\\/e54e64c5778a7e72cf80a318b7a622b0\"},\"headline\":\"Coop\u00e9ration bilat\u00e9rale : Les premiers responsables du minist\u00e8re des Affaires \u00e9trang\u00e8res prennent part \u00e0 la f\u00eate nationale de la R\u00e9publique du Ghana\u00a0\",\"datePublished\":\"2026-03-09T16:02:30+00:00\",\"mainEntityOfPage\":{\"@id\":\"https:\\\/\\\/www.latribunedufaso.net\\\/?p=27973\"},\"wordCount\":568,\"commentCount\":0,\"publisher\":{\"@id\":\"https:\\\/\\\/www.latribunedufaso.net\\\/#organization\"},\"image\":{\"@id\":\"https:\\\/\\\/www.latribunedufaso.net\\\/?p=27973#primaryimage\"},\"thumbnailUrl\":\"https:\\\/\\\/www.latribunedufaso.net\\\/wp-content\\\/uploads\\\/2026\\\/03\\\/FB_IMG_1773071481979.jpg\",\"keywords\":[\"Coop\u00e9ration Buekina-Ghana\",\"latribunedufaso.net\"],\"articleSection\":[\"A la une\",\"Actualit\u00e9\",\"Soci\u00e9t\u00e9\"],\"inLanguage\":\"fr-FR\",\"potentialAction\":[{\"@type\":\"CommentAction\",\"name\":\"Comment\",\"target\":[\"https:\\\/\\\/www.latribunedufaso.net\\\/?p=27973#respond\"]}]},{\"@type\":\"WebPage\",\"@id\":\"https:\\\/\\\/www.latribunedufaso.net\\\/?p=27973\",\"url\":\"https:\\\/\\\/www.latribunedufaso.net\\\/?p=27973\",\"name\":\"Coop\u00e9ration bilat\u00e9rale : Les premiers responsables du minist\u00e8re des Affaires \u00e9trang\u00e8res prennent part \u00e0 la f\u00eate nationale de la R\u00e9publique du Ghana\u00a0 - La Tribune du Faso\",\"isPartOf\":{\"@id\":\"https:\\\/\\\/www.latribunedufaso.net\\\/#website\"},\"primaryImageOfPage\":{\"@id\":\"https:\\\/\\\/www.latribunedufaso.net\\\/?p=27973#primaryimage\"},\"image\":{\"@id\":\"https:\\\/\\\/www.latribunedufaso.net\\\/?p=27973#primaryimage\"},\"thumbnailUrl\":\"https:\\\/\\\/www.latribunedufaso.net\\\/wp-content\\\/uploads\\\/2026\\\/03\\\/FB_IMG_1773071481979.jpg\",\"datePublished\":\"2026-03-09T16:02:30+00:00\",\"breadcrumb\":{\"@id\":\"https:\\\/\\\/www.latribunedufaso.net\\\/?p=27973#breadcrumb\"},\"inLanguage\":\"fr-FR\",\"potentialAction\":[{\"@type\":\"ReadAction\",\"target\":[\"https:\\\/\\\/www.latribunedufaso.net\\\/?p=27973\"]}]},{\"@type\":\"ImageObject\",\"inLanguage\":\"fr-FR\",\"@id\":\"https:\\\/\\\/www.latribunedufaso.net\\\/?p=27973#primaryimage\",\"url\":\"https:\\\/\\\/www.latribunedufaso.net\\\/wp-content\\\/uploads\\\/2026\\\/03\\\/FB_IMG_1773071481979.jpg\",\"contentUrl\":\"https:\\\/\\\/www.latribunedufaso.net\\\/wp-content\\\/uploads\\\/2026\\\/03\\\/FB_IMG_1773071481979.jpg\",\"width\":2048,\"height\":1300,\"caption\":\"Le Burkina Faso, repr\u00e9sent\u00e9 par le ministre des Affaires \u00e9trang\u00e8res prennent part \u00e0 la comm\u00e9moration de la f\u00eate de l'ind\u00e9pendance du Ghana, 6 mars 2026\"},{\"@type\":\"BreadcrumbList\",\"@id\":\"https:\\\/\\\/www.latribunedufaso.net\\\/?p=27973#breadcrumb\",\"itemListElement\":[{\"@type\":\"ListItem\",\"position\":1,\"name\":\"Accueil\",\"item\":\"https:\\\/\\\/www.latribunedufaso.net\\\/\"},{\"@type\":\"ListItem\",\"position\":2,\"name\":\"Coop\u00e9ration bilat\u00e9rale : Les premiers responsables du minist\u00e8re des Affaires \u00e9trang\u00e8res prennent part \u00e0 la f\u00eate nationale de la R\u00e9publique du Ghana\u00a0\"}]},{\"@type\":\"WebSite\",\"@id\":\"https:\\\/\\\/www.latribunedufaso.net\\\/#website\",\"url\":\"https:\\\/\\\/www.latribunedufaso.net\\\/\",\"name\":\"La Tribune du Faso\",\"description\":\"L&#039;information du monde rural en un clic\",\"publisher\":{\"@id\":\"https:\\\/\\\/www.latribunedufaso.net\\\/#organization\"},\"potentialAction\":[{\"@type\":\"SearchAction\",\"target\":{\"@type\":\"EntryPoint\",\"urlTemplate\":\"https:\\\/\\\/www.latribunedufaso.net\\\/?s={search_term_string}\"},\"query-input\":{\"@type\":\"PropertyValueSpecification\",\"valueRequired\":true,\"valueName\":\"search_term_string\"}}],\"inLanguage\":\"fr-FR\"},{\"@type\":\"Organization\",\"@id\":\"https:\\\/\\\/www.latribunedufaso.net\\\/#organization\",\"name\":\"La Tribune du Faso\",\"url\":\"https:\\\/\\\/www.latribunedufaso.net\\\/\",\"logo\":{\"@type\":\"ImageObject\",\"inLanguage\":\"fr-FR\",\"@id\":\"https:\\\/\\\/www.latribunedufaso.net\\\/#\\\/schema\\\/logo\\\/image\\\/\",\"url\":\"https:\\\/\\\/www.latribunedufaso.net\\\/wp-content\\\/uploads\\\/2020\\\/08\\\/Logo-Tribune-du-Faso-final-scaled.jpg\",\"contentUrl\":\"https:\\\/\\\/www.latribunedufaso.net\\\/wp-content\\\/uploads\\\/2020\\\/08\\\/Logo-Tribune-du-Faso-final-scaled.jpg\",\"width\":2560,\"height\":1856,\"caption\":\"La Tribune du Faso\"},\"image\":{\"@id\":\"https:\\\/\\\/www.latribunedufaso.net\\\/#\\\/schema\\\/logo\\\/image\\\/\"},\"sameAs\":[\"https:\\\/\\\/www.facebook.com\\\/LatribuneduFaso\\\/\"]},{\"@type\":\"Person\",\"@id\":\"https:\\\/\\\/www.latribunedufaso.net\\\/#\\\/schema\\\/person\\\/e54e64c5778a7e72cf80a318b7a622b0\",\"name\":\"Issouf Tapsoba\",\"image\":{\"@type\":\"ImageObject\",\"inLanguage\":\"fr-FR\",\"@id\":\"https:\\\/\\\/secure.gravatar.com\\\/avatar\\\/5e6c05150ce3230247d167f5b94d678eb05936197436d69b7921e3a95c9107ac?s=96&d=mm&r=g\",\"url\":\"https:\\\/\\\/secure.gravatar.com\\\/avatar\\\/5e6c05150ce3230247d167f5b94d678eb05936197436d69b7921e3a95c9107ac?s=96&d=mm&r=g\",\"contentUrl\":\"https:\\\/\\\/secure.gravatar.com\\\/avatar\\\/5e6c05150ce3230247d167f5b94d678eb05936197436d69b7921e3a95c9107ac?s=96&d=mm&r=g\",\"caption\":\"Issouf Tapsoba\"},\"url\":\"https:\\\/\\\/www.latribunedufaso.net\\\/?author=5\"}]}<\/script>\n<!-- \/ Yoast SEO plugin. -->","yoast_head_json":{"title":"Coop\u00e9ration bilat\u00e9rale : Les premiers responsables du minist\u00e8re des Affaires \u00e9trang\u00e8res prennent part \u00e0 la f\u00eate nationale de la R\u00e9publique du Ghana\u00a0 - La Tribune du Faso","robots":{"index":"index","follow":"follow","max-snippet":"max-snippet:-1","max-image-preview":"max-image-preview:large","max-video-preview":"max-video-preview:-1"},"canonical":"https:\/\/www.latribunedufaso.net\/?p=27973","og_locale":"fr_FR","og_type":"article","og_title":"Coop\u00e9ration bilat\u00e9rale : Les premiers responsables du minist\u00e8re des Affaires \u00e9trang\u00e8res prennent part \u00e0 la f\u00eate nationale de la R\u00e9publique du Ghana\u00a0 - La Tribune du Faso","og_description":"Le ministre des Affaires \u00e9trang\u00e8res, Karamoko Jean Marie Traor\u00e9 et le ministre d\u00e9l\u00e9gu\u00e9, B\u00eabgnasgan Stella Eldine Kabr\u00e9\/Kabor\u00e9, ont pris part, le vendredi 6 mars dernier, aux c\u00f4t\u00e9s de la communaut\u00e9 ghan\u00e9enne r\u00e9sidant au Burkina Faso, \u00e0 la c\u00e9l\u00e9bration du 69e anniversaire de l\u2019ind\u00e9pendance de la R\u00e9publique du Ghana.","og_url":"https:\/\/www.latribunedufaso.net\/?p=27973","og_site_name":"La Tribune du Faso","article_publisher":"https:\/\/www.facebook.com\/LatribuneduFaso\/","article_published_time":"2026-03-09T16:02:30+00:00","og_image":[{"width":2048,"height":1300,"url":"https:\/\/www.latribunedufaso.net\/wp-content\/uploads\/2026\/03\/FB_IMG_1773071481979.jpg","type":"image\/jpeg"}],"author":"Issouf Tapsoba","twitter_misc":{"\u00c9crit par":"Issouf Tapsoba","Dur\u00e9e de lecture estim\u00e9e":"4 minutes"},"schema":{"@context":"https:\/\/schema.org","@graph":[{"@type":"Article","@id":"https:\/\/www.latribunedufaso.net\/?p=27973#article","isPartOf":{"@id":"https:\/\/www.latribunedufaso.net\/?p=27973"},"author":{"name":"Issouf Tapsoba","@id":"https:\/\/www.latribunedufaso.net\/#\/schema\/person\/e54e64c5778a7e72cf80a318b7a622b0"},"headline":"Coop\u00e9ration bilat\u00e9rale : Les premiers responsables du minist\u00e8re des Affaires \u00e9trang\u00e8res prennent part \u00e0 la f\u00eate nationale de la R\u00e9publique du Ghana\u00a0","datePublished":"2026-03-09T16:02:30+00:00","mainEntityOfPage":{"@id":"https:\/\/www.latribunedufaso.net\/?p=27973"},"wordCount":568,"commentCount":0,"publisher":{"@id":"https:\/\/www.latribunedufaso.net\/#organization"},"image":{"@id":"https:\/\/www.latribunedufaso.net\/?p=27973#primaryimage"},"thumbnailUrl":"https:\/\/www.latribunedufaso.net\/wp-content\/uploads\/2026\/03\/FB_IMG_1773071481979.jpg","keywords":["Coop\u00e9ration Buekina-Ghana","latribunedufaso.net"],"articleSection":["A la une","Actualit\u00e9","Soci\u00e9t\u00e9"],"inLanguage":"fr-FR","potentialAction":[{"@type":"CommentAction","name":"Comment","target":["https:\/\/www.latribunedufaso.net\/?p=27973#respond"]}]},{"@type":"WebPage","@id":"https:\/\/www.latribunedufaso.net\/?p=27973","url":"https:\/\/www.latribunedufaso.net\/?p=27973","name":"Coop\u00e9ration bilat\u00e9rale : Les premiers responsables du minist\u00e8re des Affaires \u00e9trang\u00e8res prennent part \u00e0 la f\u00eate nationale de la R\u00e9publique du Ghana\u00a0 - La Tribune du Faso","isPartOf":{"@id":"https:\/\/www.latribunedufaso.net\/#website"},"primaryImageOfPage":{"@id":"https:\/\/www.latribunedufaso.net\/?p=27973#primaryimage"},"image":{"@id":"https:\/\/www.latribunedufaso.net\/?p=27973#primaryimage"},"thumbnailUrl":"https:\/\/www.latribunedufaso.net\/wp-content\/uploads\/2026\/03\/FB_IMG_1773071481979.jpg","datePublished":"2026-03-09T16:02:30+00:00","breadcrumb":{"@id":"https:\/\/www.latribunedufaso.net\/?p=27973#breadcrumb"},"inLanguage":"fr-FR","potentialAction":[{"@type":"ReadAction","target":["https:\/\/www.latribunedufaso.net\/?p=27973"]}]},{"@type":"ImageObject","inLanguage":"fr-FR","@id":"https:\/\/www.latribunedufaso.net\/?p=27973#primaryimage","url":"https:\/\/www.latribunedufaso.net\/wp-content\/uploads\/2026\/03\/FB_IMG_1773071481979.jpg","contentUrl":"https:\/\/www.latribunedufaso.net\/wp-content\/uploads\/2026\/03\/FB_IMG_1773071481979.jpg","width":2048,"height":1300,"caption":"Le Burkina Faso, repr\u00e9sent\u00e9 par le ministre des Affaires \u00e9trang\u00e8res prennent part \u00e0 la comm\u00e9moration de la f\u00eate de l'ind\u00e9pendance du Ghana, 6 mars 2026"},{"@type":"BreadcrumbList","@id":"https:\/\/www.latribunedufaso.net\/?p=27973#breadcrumb","itemListElement":[{"@type":"ListItem","position":1,"name":"Accueil","item":"https:\/\/www.latribunedufaso.net\/"},{"@type":"ListItem","position":2,"name":"Coop\u00e9ration bilat\u00e9rale : Les premiers responsables du minist\u00e8re des Affaires \u00e9trang\u00e8res prennent part \u00e0 la f\u00eate nationale de la R\u00e9publique du Ghana\u00a0"}]},{"@type":"WebSite","@id":"https:\/\/www.latribunedufaso.net\/#website","url":"https:\/\/www.latribunedufaso.net\/","name":"La Tribune du Faso","description":"L&#039;information du monde rural en un clic","publisher":{"@id":"https:\/\/www.latribunedufaso.net\/#organization"},"potentialAction":[{"@type":"SearchAction","target":{"@type":"EntryPoint","urlTemplate":"https:\/\/www.latribunedufaso.net\/?s={search_term_string}"},"query-input":{"@type":"PropertyValueSpecification","valueRequired":true,"valueName":"search_term_string"}}],"inLanguage":"fr-FR"},{"@type":"Organization","@id":"https:\/\/www.latribunedufaso.net\/#organization","name":"La Tribune du Faso","url":"https:\/\/www.latribunedufaso.net\/","logo":{"@type":"ImageObject","inLanguage":"fr-FR","@id":"https:\/\/www.latribunedufaso.net\/#\/schema\/logo\/image\/","url":"https:\/\/www.latribunedufaso.net\/wp-content\/uploads\/2020\/08\/Logo-Tribune-du-Faso-final-scaled.jpg","contentUrl":"https:\/\/www.latribunedufaso.net\/wp-content\/uploads\/2020\/08\/Logo-Tribune-du-Faso-final-scaled.jpg","width":2560,"height":1856,"caption":"La Tribune du Faso"},"image":{"@id":"https:\/\/www.latribunedufaso.net\/#\/schema\/logo\/image\/"},"sameAs":["https:\/\/www.facebook.com\/LatribuneduFaso\/"]},{"@type":"Person","@id":"https:\/\/www.latribunedufaso.net\/#\/schema\/person\/e54e64c5778a7e72cf80a318b7a622b0","name":"Issouf Tapsoba","image":{"@type":"ImageObject","inLanguage":"fr-FR","@id":"https:\/\/secure.gravatar.com\/avatar\/5e6c05150ce3230247d167f5b94d678eb05936197436d69b7921e3a95c9107ac?s=96&d=mm&r=g","url":"https:\/\/secure.gravatar.com\/avatar\/5e6c05150ce3230247d167f5b94d678eb05936197436d69b7921e3a95c9107ac?s=96&d=mm&r=g","contentUrl":"https:\/\/secure.gravatar.com\/avatar\/5e6c05150ce3230247d167f5b94d678eb05936197436d69b7921e3a95c9107ac?s=96&d=mm&r=g","caption":"Issouf Tapsoba"},"url":"https:\/\/www.latribunedufaso.net\/?author=5"}]}},"_links":{"self":[{"href":"https:\/\/www.latribunedufaso.net\/index.php?rest_route=\/wp\/v2\/posts\/27973","targetHints":{"allow":["GET"]}}],"collection":[{"href":"https:\/\/www.latribunedufaso.net\/index.php?rest_route=\/wp\/v2\/posts"}],"about":[{"href":"https:\/\/www.latribunedufaso.net\/index.php?rest_route=\/wp\/v2\/types\/post"}],"author":[{"embeddable":true,"href":"https:\/\/www.latribunedufaso.net\/index.php?rest_route=\/wp\/v2\/users\/5"}],"replies":[{"embeddable":true,"href":"https:\/\/www.latribunedufaso.net\/index.php?rest_route=%2Fwp%2Fv2%2Fcomments&post=27973"}],"version-history":[{"count":3,"href":"https:\/\/www.latribunedufaso.net\/index.php?rest_route=\/wp\/v2\/posts\/27973\/revisions"}],"predecessor-version":[{"id":27981,"href":"https:\/\/www.latribunedufaso.net\/index.php?rest_route=\/wp\/v2\/posts\/27973\/revisions\/27981"}],"wp:featuredmedia":[{"embeddable":true,"href":"https:\/\/www.latribunedufaso.net\/index.php?rest_route=\/wp\/v2\/media\/27978"}],"wp:attachment":[{"href":"https:\/\/www.latribunedufaso.net\/index.php?rest_route=%2Fwp%2Fv2%2Fmedia&parent=27973"}],"wp:term":[{"taxonomy":"category","embeddable":true,"href":"https:\/\/www.latribunedufaso.net\/index.php?rest_route=%2Fwp%2Fv2%2Fcategories&post=27973"},{"taxonomy":"post_tag","embeddable":true,"href":"https:\/\/www.latribunedufaso.net\/index.php?rest_route=%2Fwp%2Fv2%2Ftags&post=27973"}],"curies":[{"name":"wp","href":"https:\/\/api.w.org\/{rel}","templated":true}]}}