{"id":27927,"date":"2026-03-06T15:04:14","date_gmt":"2026-03-06T15:04:14","guid":{"rendered":"https:\/\/www.latribunedufaso.net\/?p=27927"},"modified":"2026-03-06T15:04:14","modified_gmt":"2026-03-06T15:04:14","slug":"commemoration-8-mars-2026-les-femmes-de-tiakane-ont-desormais-la-cle-de-leur-autonomisation","status":"publish","type":"post","link":"https:\/\/www.latribunedufaso.net\/?p=27927","title":{"rendered":"Comm\u00e9moration 8 mars 2026 : Les femmes de Tiakan\u00e9 ont d\u00e9sormais la cl\u00e9 de leur autonomisation\u00a0"},"content":{"rendered":"<p><strong>Au nom du Pr\u00e9sident du Faso, Chef de l&rsquo;\u00c9tat, Son Excellence le Capitaine Ibrahim TRAOR\u00c9, une mission conduite par les Ministres Conseillers Sp\u00e9ciaux du Pr\u00e9sident du Faso M. Omar TRAOR\u00c9 et M. Tidjane Mohamed KINDA, a inaugur\u00e9 ce mercredi 4 mars, le p\u00e9rim\u00e8tre mara\u00eecher du 8-Mars des femmes de Tiakan\u00e9, dans la province du Nahouri.<\/strong><!--more--><\/p>\n<p>En pr\u00e9lude \u00e0 la Journ\u00e9e internationale des droits des femmes, le Pr\u00e9sident du Faso, Son Excellence le Capitaine Ibrahim TRAOR\u00c9, \u00e0 travers ses Ministres Conseillers sp\u00e9ciaux, M. Tidjane Mohamed KINDA et M. Omar TRAOR\u00c9, a remis officiellement un p\u00e9rim\u00e8tre mara\u00eecher moderne de 2,6 hectares aux femmes de Tiakan\u00e9 dans la r\u00e9gion du Nazinon. C\u2019est un p\u00e9rim\u00e8tre mara\u00eecher dot\u00e9 de 14 bassins de r\u00e9tention d&rsquo;eau, d\u2019un polytank de 10m\u00b3 desservi par 2 forages autonomes pour une r\u00e9serve de 52m\u00b3 d&rsquo;eau en permanence. La corv\u00e9e d\u2019eau prend donc fin pour les femmes de Tiakan\u00e9 dans leurs activit\u00e9s de mara\u00eech\u00e9culture.\u00a0<\/p>\n<figure id=\"attachment_27930\" aria-describedby=\"caption-attachment-27930\" style=\"width: 2441px\" class=\"wp-caption aligncenter\"><a href=\"https:\/\/www.latribunedufaso.net\/wp-content\/uploads\/2026\/03\/IMG-20260306-WA0033.jpg\"><img loading=\"lazy\" decoding=\"async\" class=\"size-full wp-image-27930\" src=\"https:\/\/www.latribunedufaso.net\/wp-content\/uploads\/2026\/03\/IMG-20260306-WA0033.jpg\" alt=\"A l'occasion du 8 mars, le Pr\u00e9sident du Faso a dot\u00e9 les femmes de Tiakan\u00e9 d'un p\u00e9rim\u00e8tre irrigu\u00e9, 4 mars 2026\" width=\"2441\" height=\"2560\" srcset=\"https:\/\/www.latribunedufaso.net\/wp-content\/uploads\/2026\/03\/IMG-20260306-WA0033.jpg 2441w, https:\/\/www.latribunedufaso.net\/wp-content\/uploads\/2026\/03\/IMG-20260306-WA0033-286x300.jpg 286w, https:\/\/www.latribunedufaso.net\/wp-content\/uploads\/2026\/03\/IMG-20260306-WA0033-976x1024.jpg 976w, https:\/\/www.latribunedufaso.net\/wp-content\/uploads\/2026\/03\/IMG-20260306-WA0033-768x805.jpg 768w, https:\/\/www.latribunedufaso.net\/wp-content\/uploads\/2026\/03\/IMG-20260306-WA0033-1465x1536.jpg 1465w, https:\/\/www.latribunedufaso.net\/wp-content\/uploads\/2026\/03\/IMG-20260306-WA0033-1953x2048.jpg 1953w\" sizes=\"auto, (max-width: 2441px) 100vw, 2441px\" \/><\/a><figcaption id=\"caption-attachment-27930\" class=\"wp-caption-text\">Le Ministre Conseiller sp\u00e9cial du Pr\u00e9sident du Faso, M. Tidjane Mohamed KINDA, tout en invitant les femmes \u00e0 une exploitation optimale du site, a rappel\u00e9 l\u2019engagement du Chef de l\u2019\u00c9tat, le Capitaine Ibrahim TRAOR\u00c9 \u00e0 promouvoir l&rsquo;ind\u00e9pendance et l&rsquo;\u00e9mancipation des femmes &#8211; Ph. DR<\/figcaption><\/figure>\n<p>Le Ministre Conseiller sp\u00e9cial du Pr\u00e9sident du Faso, M. Tidjane Mohamed KINDA a indiqu\u00e9 que la r\u00e9alisation de ce p\u00e9rim\u00e8tre s&rsquo;inscrit dans la vision du Chef de l&rsquo;\u00c9tat, le Capitaine Ibrahim TRAOR\u00c9 de promouvoir l&rsquo;ind\u00e9pendance et l&rsquo;\u00e9mancipation des femmes par le travail et la production.<\/p>\n<figure id=\"attachment_27931\" aria-describedby=\"caption-attachment-27931\" style=\"width: 2560px\" class=\"wp-caption aligncenter\"><a href=\"https:\/\/www.latribunedufaso.net\/wp-content\/uploads\/2026\/03\/IMG-20260306-WA0034.jpg\"><img loading=\"lazy\" decoding=\"async\" class=\"size-full wp-image-27931\" src=\"https:\/\/www.latribunedufaso.net\/wp-content\/uploads\/2026\/03\/IMG-20260306-WA0034.jpg\" alt=\"A l'occasion du 8 mars, le Pr\u00e9sident du Faso a dot\u00e9 les femmes de Tiakan\u00e9 d'un p\u00e9rim\u00e8tre irrigu\u00e9, 4 mars 2026\" width=\"2560\" height=\"1949\" srcset=\"https:\/\/www.latribunedufaso.net\/wp-content\/uploads\/2026\/03\/IMG-20260306-WA0034.jpg 2560w, https:\/\/www.latribunedufaso.net\/wp-content\/uploads\/2026\/03\/IMG-20260306-WA0034-300x228.jpg 300w, https:\/\/www.latribunedufaso.net\/wp-content\/uploads\/2026\/03\/IMG-20260306-WA0034-1024x780.jpg 1024w, https:\/\/www.latribunedufaso.net\/wp-content\/uploads\/2026\/03\/IMG-20260306-WA0034-768x585.jpg 768w, https:\/\/www.latribunedufaso.net\/wp-content\/uploads\/2026\/03\/IMG-20260306-WA0034-1536x1169.jpg 1536w, https:\/\/www.latribunedufaso.net\/wp-content\/uploads\/2026\/03\/IMG-20260306-WA0034-2048x1559.jpg 2048w\" sizes=\"auto, (max-width: 2560px) 100vw, 2560px\" \/><\/a><figcaption id=\"caption-attachment-27931\" class=\"wp-caption-text\">La repr\u00e9sentante des b\u00e9n\u00e9ficiaires, Mme Adissa WETTA a remerci\u00e9 le Pr\u00e9sident du Faso et a invit\u00e9 ses s\u0153urs \u00e0 une adh\u00e9sion totale aux id\u00e9aux de la R\u00e9volution Progressiste Populaire &#8211; Ph. DR<\/figcaption><\/figure>\n<p>La repr\u00e9sentante des b\u00e9n\u00e9ficiaires, Mme Adissa WETTA, a salu\u00e9 cette initiative de c\u00e9l\u00e9brer le 8-Mars autrement. Au regard de l&rsquo;engagement du Chef de l&rsquo;\u00c9tat aux c\u00f4t\u00e9s des femmes, Mme WETTA demande \u00e0 ses s\u0153urs une adh\u00e9sion totale aux id\u00e9aux pr\u00f4n\u00e9s par la R\u00e9volution Progressiste Populaire.<\/p>\n<p>\u200e<strong>Latribunedufaso.net<\/strong><\/p>\n<p><strong>Source : Direction de la communication de la Pr\u00e9sidence du Faso<\/strong><\/p>\n<blockquote>\n<p>Lire aussi &gt;&gt;\u00a0<a href=\"https:\/\/www.latribunedufaso.net\/?p=27885\">Mois de la femme 2026 : Un p\u00e9rim\u00e8tre de 2 hectares am\u00e9nag\u00e9 pour l\u2019autonomisation des femmes de Dori<\/a><\/p>\n<\/blockquote>\n<p><a href=\"https:\/\/www.latribunedufaso.net\/wp-content\/uploads\/2026\/03\/IMG-20260306-WA0037.jpg\"><img loading=\"lazy\" decoding=\"async\" class=\"aligncenter size-full wp-image-27933\" src=\"https:\/\/www.latribunedufaso.net\/wp-content\/uploads\/2026\/03\/IMG-20260306-WA0037.jpg\" alt=\"A l'occasion du 8 mars, le Pr\u00e9sident du Faso a dot\u00e9 les femmes de Tiakan\u00e9 d'un p\u00e9rim\u00e8tre irrigu\u00e9, 4 mars 2026\" width=\"2560\" height=\"1494\" srcset=\"https:\/\/www.latribunedufaso.net\/wp-content\/uploads\/2026\/03\/IMG-20260306-WA0037.jpg 2560w, https:\/\/www.latribunedufaso.net\/wp-content\/uploads\/2026\/03\/IMG-20260306-WA0037-300x175.jpg 300w, https:\/\/www.latribunedufaso.net\/wp-content\/uploads\/2026\/03\/IMG-20260306-WA0037-1024x598.jpg 1024w, https:\/\/www.latribunedufaso.net\/wp-content\/uploads\/2026\/03\/IMG-20260306-WA0037-768x448.jpg 768w, https:\/\/www.latribunedufaso.net\/wp-content\/uploads\/2026\/03\/IMG-20260306-WA0037-1536x896.jpg 1536w, https:\/\/www.latribunedufaso.net\/wp-content\/uploads\/2026\/03\/IMG-20260306-WA0037-2048x1195.jpg 2048w\" sizes=\"auto, (max-width: 2560px) 100vw, 2560px\" \/><\/a><\/p>\n","protected":false},"excerpt":{"rendered":"<p>Au nom du Pr\u00e9sident du Faso, Chef de l&rsquo;\u00c9tat, Son Excellence le Capitaine Ibrahim TRAOR\u00c9, une mission conduite par les Ministres Conseillers Sp\u00e9ciaux du Pr\u00e9sident du Faso M. Omar TRAOR\u00c9 et M. Tidjane Mohamed KINDA, a inaugur\u00e9 ce mercredi 4 mars, le p\u00e9rim\u00e8tre mara\u00eecher du 8-Mars des femmes de Tiakan\u00e9, dans la province du Nahouri.<\/p>\n","protected":false},"author":5,"featured_media":27932,"comment_status":"open","ping_status":"open","sticky":false,"template":"","format":"standard","meta":{"footnotes":""},"categories":[13,1,8],"tags":[775,39,2047],"class_list":["post-27927","post","type-post","status-publish","format-standard","has-post-thumbnail","hentry","category-une","category-actu","category-societe","tag-commemoration-8-mars","tag-latribunedufaso-net","tag-perimetre-maraicher-du-8-mars-de-tiakane"],"yoast_head":"<!-- This site is optimized with the Yoast SEO plugin v27.4 - https:\/\/yoast.com\/product\/yoast-seo-wordpress\/ -->\n<title>Comm\u00e9moration 8 mars 2026 : Les femmes de Tiakan\u00e9 ont d\u00e9sormais la cl\u00e9 de leur autonomisation\u00a0 - La Tribune du Faso<\/title>\n<meta name=\"robots\" content=\"index, follow, max-snippet:-1, max-image-preview:large, max-video-preview:-1\" \/>\n<link rel=\"canonical\" href=\"https:\/\/www.latribunedufaso.net\/?p=27927\" \/>\n<meta property=\"og:locale\" content=\"fr_FR\" \/>\n<meta property=\"og:type\" content=\"article\" \/>\n<meta property=\"og:title\" content=\"Comm\u00e9moration 8 mars 2026 : Les femmes de Tiakan\u00e9 ont d\u00e9sormais la cl\u00e9 de leur autonomisation\u00a0 - La Tribune du Faso\" \/>\n<meta property=\"og:description\" content=\"Au nom du Pr\u00e9sident du Faso, Chef de l&rsquo;\u00c9tat, Son Excellence le Capitaine Ibrahim TRAOR\u00c9, une mission conduite par les Ministres Conseillers Sp\u00e9ciaux du Pr\u00e9sident du Faso M. Omar TRAOR\u00c9 et M. Tidjane Mohamed KINDA, a inaugur\u00e9 ce mercredi 4 mars, le p\u00e9rim\u00e8tre mara\u00eecher du 8-Mars des femmes de Tiakan\u00e9, dans la province du Nahouri.\" \/>\n<meta property=\"og:url\" content=\"https:\/\/www.latribunedufaso.net\/?p=27927\" \/>\n<meta property=\"og:site_name\" content=\"La Tribune du Faso\" \/>\n<meta property=\"article:publisher\" content=\"https:\/\/www.facebook.com\/LatribuneduFaso\/\" \/>\n<meta property=\"article:published_time\" content=\"2026-03-06T15:04:14+00:00\" \/>\n<meta property=\"og:image\" content=\"https:\/\/www.latribunedufaso.net\/wp-content\/uploads\/2026\/03\/IMG-20260306-WA0038.jpg\" \/>\n\t<meta property=\"og:image:width\" content=\"2560\" \/>\n\t<meta property=\"og:image:height\" content=\"1706\" \/>\n\t<meta property=\"og:image:type\" content=\"image\/jpeg\" \/>\n<meta name=\"author\" content=\"Issouf Tapsoba\" \/>\n<meta name=\"twitter:label1\" content=\"\u00c9crit par\" \/>\n\t<meta name=\"twitter:data1\" content=\"Issouf Tapsoba\" \/>\n\t<meta name=\"twitter:label2\" content=\"Dur\u00e9e de lecture estim\u00e9e\" \/>\n\t<meta name=\"twitter:data2\" content=\"3 minutes\" \/>\n<script type=\"application\/ld+json\" class=\"yoast-schema-graph\">{\"@context\":\"https:\\\/\\\/schema.org\",\"@graph\":[{\"@type\":\"Article\",\"@id\":\"https:\\\/\\\/www.latribunedufaso.net\\\/?p=27927#article\",\"isPartOf\":{\"@id\":\"https:\\\/\\\/www.latribunedufaso.net\\\/?p=27927\"},\"author\":{\"name\":\"Issouf Tapsoba\",\"@id\":\"https:\\\/\\\/www.latribunedufaso.net\\\/#\\\/schema\\\/person\\\/e54e64c5778a7e72cf80a318b7a622b0\"},\"headline\":\"Comm\u00e9moration 8 mars 2026 : Les femmes de Tiakan\u00e9 ont d\u00e9sormais la cl\u00e9 de leur autonomisation\u00a0\",\"datePublished\":\"2026-03-06T15:04:14+00:00\",\"mainEntityOfPage\":{\"@id\":\"https:\\\/\\\/www.latribunedufaso.net\\\/?p=27927\"},\"wordCount\":442,\"commentCount\":0,\"publisher\":{\"@id\":\"https:\\\/\\\/www.latribunedufaso.net\\\/#organization\"},\"image\":{\"@id\":\"https:\\\/\\\/www.latribunedufaso.net\\\/?p=27927#primaryimage\"},\"thumbnailUrl\":\"https:\\\/\\\/www.latribunedufaso.net\\\/wp-content\\\/uploads\\\/2026\\\/03\\\/IMG-20260306-WA0038.jpg\",\"keywords\":[\"Comm\u00e9moration 8 mars\",\"latribunedufaso.net\",\"p\u00e9rim\u00e8tre mara\u00eecher du 8-Mars de Tiakan\u00e9\"],\"articleSection\":[\"A la une\",\"Actualit\u00e9\",\"Soci\u00e9t\u00e9\"],\"inLanguage\":\"fr-FR\",\"potentialAction\":[{\"@type\":\"CommentAction\",\"name\":\"Comment\",\"target\":[\"https:\\\/\\\/www.latribunedufaso.net\\\/?p=27927#respond\"]}]},{\"@type\":\"WebPage\",\"@id\":\"https:\\\/\\\/www.latribunedufaso.net\\\/?p=27927\",\"url\":\"https:\\\/\\\/www.latribunedufaso.net\\\/?p=27927\",\"name\":\"Comm\u00e9moration 8 mars 2026 : Les femmes de Tiakan\u00e9 ont d\u00e9sormais la cl\u00e9 de leur autonomisation\u00a0 - La Tribune du Faso\",\"isPartOf\":{\"@id\":\"https:\\\/\\\/www.latribunedufaso.net\\\/#website\"},\"primaryImageOfPage\":{\"@id\":\"https:\\\/\\\/www.latribunedufaso.net\\\/?p=27927#primaryimage\"},\"image\":{\"@id\":\"https:\\\/\\\/www.latribunedufaso.net\\\/?p=27927#primaryimage\"},\"thumbnailUrl\":\"https:\\\/\\\/www.latribunedufaso.net\\\/wp-content\\\/uploads\\\/2026\\\/03\\\/IMG-20260306-WA0038.jpg\",\"datePublished\":\"2026-03-06T15:04:14+00:00\",\"breadcrumb\":{\"@id\":\"https:\\\/\\\/www.latribunedufaso.net\\\/?p=27927#breadcrumb\"},\"inLanguage\":\"fr-FR\",\"potentialAction\":[{\"@type\":\"ReadAction\",\"target\":[\"https:\\\/\\\/www.latribunedufaso.net\\\/?p=27927\"]}]},{\"@type\":\"ImageObject\",\"inLanguage\":\"fr-FR\",\"@id\":\"https:\\\/\\\/www.latribunedufaso.net\\\/?p=27927#primaryimage\",\"url\":\"https:\\\/\\\/www.latribunedufaso.net\\\/wp-content\\\/uploads\\\/2026\\\/03\\\/IMG-20260306-WA0038.jpg\",\"contentUrl\":\"https:\\\/\\\/www.latribunedufaso.net\\\/wp-content\\\/uploads\\\/2026\\\/03\\\/IMG-20260306-WA0038.jpg\",\"width\":2560,\"height\":1706,\"caption\":\"A l'occasion du 8 mars, le Pr\u00e9sident du Faso a dot\u00e9 les femmes de Tiakan\u00e9 d'un p\u00e9rim\u00e8tre irrigu\u00e9, 4 mars 2026\"},{\"@type\":\"BreadcrumbList\",\"@id\":\"https:\\\/\\\/www.latribunedufaso.net\\\/?p=27927#breadcrumb\",\"itemListElement\":[{\"@type\":\"ListItem\",\"position\":1,\"name\":\"Accueil\",\"item\":\"https:\\\/\\\/www.latribunedufaso.net\\\/\"},{\"@type\":\"ListItem\",\"position\":2,\"name\":\"Comm\u00e9moration 8 mars 2026 : Les femmes de Tiakan\u00e9 ont d\u00e9sormais la cl\u00e9 de leur autonomisation\u00a0\"}]},{\"@type\":\"WebSite\",\"@id\":\"https:\\\/\\\/www.latribunedufaso.net\\\/#website\",\"url\":\"https:\\\/\\\/www.latribunedufaso.net\\\/\",\"name\":\"La Tribune du Faso\",\"description\":\"L&#039;information du monde rural en un clic\",\"publisher\":{\"@id\":\"https:\\\/\\\/www.latribunedufaso.net\\\/#organization\"},\"potentialAction\":[{\"@type\":\"SearchAction\",\"target\":{\"@type\":\"EntryPoint\",\"urlTemplate\":\"https:\\\/\\\/www.latribunedufaso.net\\\/?s={search_term_string}\"},\"query-input\":{\"@type\":\"PropertyValueSpecification\",\"valueRequired\":true,\"valueName\":\"search_term_string\"}}],\"inLanguage\":\"fr-FR\"},{\"@type\":\"Organization\",\"@id\":\"https:\\\/\\\/www.latribunedufaso.net\\\/#organization\",\"name\":\"La Tribune du Faso\",\"url\":\"https:\\\/\\\/www.latribunedufaso.net\\\/\",\"logo\":{\"@type\":\"ImageObject\",\"inLanguage\":\"fr-FR\",\"@id\":\"https:\\\/\\\/www.latribunedufaso.net\\\/#\\\/schema\\\/logo\\\/image\\\/\",\"url\":\"https:\\\/\\\/www.latribunedufaso.net\\\/wp-content\\\/uploads\\\/2020\\\/08\\\/Logo-Tribune-du-Faso-final-scaled.jpg\",\"contentUrl\":\"https:\\\/\\\/www.latribunedufaso.net\\\/wp-content\\\/uploads\\\/2020\\\/08\\\/Logo-Tribune-du-Faso-final-scaled.jpg\",\"width\":2560,\"height\":1856,\"caption\":\"La Tribune du Faso\"},\"image\":{\"@id\":\"https:\\\/\\\/www.latribunedufaso.net\\\/#\\\/schema\\\/logo\\\/image\\\/\"},\"sameAs\":[\"https:\\\/\\\/www.facebook.com\\\/LatribuneduFaso\\\/\"]},{\"@type\":\"Person\",\"@id\":\"https:\\\/\\\/www.latribunedufaso.net\\\/#\\\/schema\\\/person\\\/e54e64c5778a7e72cf80a318b7a622b0\",\"name\":\"Issouf Tapsoba\",\"image\":{\"@type\":\"ImageObject\",\"inLanguage\":\"fr-FR\",\"@id\":\"https:\\\/\\\/secure.gravatar.com\\\/avatar\\\/5e6c05150ce3230247d167f5b94d678eb05936197436d69b7921e3a95c9107ac?s=96&d=mm&r=g\",\"url\":\"https:\\\/\\\/secure.gravatar.com\\\/avatar\\\/5e6c05150ce3230247d167f5b94d678eb05936197436d69b7921e3a95c9107ac?s=96&d=mm&r=g\",\"contentUrl\":\"https:\\\/\\\/secure.gravatar.com\\\/avatar\\\/5e6c05150ce3230247d167f5b94d678eb05936197436d69b7921e3a95c9107ac?s=96&d=mm&r=g\",\"caption\":\"Issouf Tapsoba\"},\"url\":\"https:\\\/\\\/www.latribunedufaso.net\\\/?author=5\"}]}<\/script>\n<!-- \/ Yoast SEO plugin. -->","yoast_head_json":{"title":"Comm\u00e9moration 8 mars 2026 : Les femmes de Tiakan\u00e9 ont d\u00e9sormais la cl\u00e9 de leur autonomisation\u00a0 - La Tribune du Faso","robots":{"index":"index","follow":"follow","max-snippet":"max-snippet:-1","max-image-preview":"max-image-preview:large","max-video-preview":"max-video-preview:-1"},"canonical":"https:\/\/www.latribunedufaso.net\/?p=27927","og_locale":"fr_FR","og_type":"article","og_title":"Comm\u00e9moration 8 mars 2026 : Les femmes de Tiakan\u00e9 ont d\u00e9sormais la cl\u00e9 de leur autonomisation\u00a0 - La Tribune du Faso","og_description":"Au nom du Pr\u00e9sident du Faso, Chef de l&rsquo;\u00c9tat, Son Excellence le Capitaine Ibrahim TRAOR\u00c9, une mission conduite par les Ministres Conseillers Sp\u00e9ciaux du Pr\u00e9sident du Faso M. Omar TRAOR\u00c9 et M. Tidjane Mohamed KINDA, a inaugur\u00e9 ce mercredi 4 mars, le p\u00e9rim\u00e8tre mara\u00eecher du 8-Mars des femmes de Tiakan\u00e9, dans la province du Nahouri.","og_url":"https:\/\/www.latribunedufaso.net\/?p=27927","og_site_name":"La Tribune du Faso","article_publisher":"https:\/\/www.facebook.com\/LatribuneduFaso\/","article_published_time":"2026-03-06T15:04:14+00:00","og_image":[{"width":2560,"height":1706,"url":"https:\/\/www.latribunedufaso.net\/wp-content\/uploads\/2026\/03\/IMG-20260306-WA0038.jpg","type":"image\/jpeg"}],"author":"Issouf Tapsoba","twitter_misc":{"\u00c9crit par":"Issouf Tapsoba","Dur\u00e9e de lecture estim\u00e9e":"3 minutes"},"schema":{"@context":"https:\/\/schema.org","@graph":[{"@type":"Article","@id":"https:\/\/www.latribunedufaso.net\/?p=27927#article","isPartOf":{"@id":"https:\/\/www.latribunedufaso.net\/?p=27927"},"author":{"name":"Issouf Tapsoba","@id":"https:\/\/www.latribunedufaso.net\/#\/schema\/person\/e54e64c5778a7e72cf80a318b7a622b0"},"headline":"Comm\u00e9moration 8 mars 2026 : Les femmes de Tiakan\u00e9 ont d\u00e9sormais la cl\u00e9 de leur autonomisation\u00a0","datePublished":"2026-03-06T15:04:14+00:00","mainEntityOfPage":{"@id":"https:\/\/www.latribunedufaso.net\/?p=27927"},"wordCount":442,"commentCount":0,"publisher":{"@id":"https:\/\/www.latribunedufaso.net\/#organization"},"image":{"@id":"https:\/\/www.latribunedufaso.net\/?p=27927#primaryimage"},"thumbnailUrl":"https:\/\/www.latribunedufaso.net\/wp-content\/uploads\/2026\/03\/IMG-20260306-WA0038.jpg","keywords":["Comm\u00e9moration 8 mars","latribunedufaso.net","p\u00e9rim\u00e8tre mara\u00eecher du 8-Mars de Tiakan\u00e9"],"articleSection":["A la une","Actualit\u00e9","Soci\u00e9t\u00e9"],"inLanguage":"fr-FR","potentialAction":[{"@type":"CommentAction","name":"Comment","target":["https:\/\/www.latribunedufaso.net\/?p=27927#respond"]}]},{"@type":"WebPage","@id":"https:\/\/www.latribunedufaso.net\/?p=27927","url":"https:\/\/www.latribunedufaso.net\/?p=27927","name":"Comm\u00e9moration 8 mars 2026 : Les femmes de Tiakan\u00e9 ont d\u00e9sormais la cl\u00e9 de leur autonomisation\u00a0 - La Tribune du Faso","isPartOf":{"@id":"https:\/\/www.latribunedufaso.net\/#website"},"primaryImageOfPage":{"@id":"https:\/\/www.latribunedufaso.net\/?p=27927#primaryimage"},"image":{"@id":"https:\/\/www.latribunedufaso.net\/?p=27927#primaryimage"},"thumbnailUrl":"https:\/\/www.latribunedufaso.net\/wp-content\/uploads\/2026\/03\/IMG-20260306-WA0038.jpg","datePublished":"2026-03-06T15:04:14+00:00","breadcrumb":{"@id":"https:\/\/www.latribunedufaso.net\/?p=27927#breadcrumb"},"inLanguage":"fr-FR","potentialAction":[{"@type":"ReadAction","target":["https:\/\/www.latribunedufaso.net\/?p=27927"]}]},{"@type":"ImageObject","inLanguage":"fr-FR","@id":"https:\/\/www.latribunedufaso.net\/?p=27927#primaryimage","url":"https:\/\/www.latribunedufaso.net\/wp-content\/uploads\/2026\/03\/IMG-20260306-WA0038.jpg","contentUrl":"https:\/\/www.latribunedufaso.net\/wp-content\/uploads\/2026\/03\/IMG-20260306-WA0038.jpg","width":2560,"height":1706,"caption":"A l'occasion du 8 mars, le Pr\u00e9sident du Faso a dot\u00e9 les femmes de Tiakan\u00e9 d'un p\u00e9rim\u00e8tre irrigu\u00e9, 4 mars 2026"},{"@type":"BreadcrumbList","@id":"https:\/\/www.latribunedufaso.net\/?p=27927#breadcrumb","itemListElement":[{"@type":"ListItem","position":1,"name":"Accueil","item":"https:\/\/www.latribunedufaso.net\/"},{"@type":"ListItem","position":2,"name":"Comm\u00e9moration 8 mars 2026 : Les femmes de Tiakan\u00e9 ont d\u00e9sormais la cl\u00e9 de leur autonomisation\u00a0"}]},{"@type":"WebSite","@id":"https:\/\/www.latribunedufaso.net\/#website","url":"https:\/\/www.latribunedufaso.net\/","name":"La Tribune du Faso","description":"L&#039;information du monde rural en un clic","publisher":{"@id":"https:\/\/www.latribunedufaso.net\/#organization"},"potentialAction":[{"@type":"SearchAction","target":{"@type":"EntryPoint","urlTemplate":"https:\/\/www.latribunedufaso.net\/?s={search_term_string}"},"query-input":{"@type":"PropertyValueSpecification","valueRequired":true,"valueName":"search_term_string"}}],"inLanguage":"fr-FR"},{"@type":"Organization","@id":"https:\/\/www.latribunedufaso.net\/#organization","name":"La Tribune du Faso","url":"https:\/\/www.latribunedufaso.net\/","logo":{"@type":"ImageObject","inLanguage":"fr-FR","@id":"https:\/\/www.latribunedufaso.net\/#\/schema\/logo\/image\/","url":"https:\/\/www.latribunedufaso.net\/wp-content\/uploads\/2020\/08\/Logo-Tribune-du-Faso-final-scaled.jpg","contentUrl":"https:\/\/www.latribunedufaso.net\/wp-content\/uploads\/2020\/08\/Logo-Tribune-du-Faso-final-scaled.jpg","width":2560,"height":1856,"caption":"La Tribune du Faso"},"image":{"@id":"https:\/\/www.latribunedufaso.net\/#\/schema\/logo\/image\/"},"sameAs":["https:\/\/www.facebook.com\/LatribuneduFaso\/"]},{"@type":"Person","@id":"https:\/\/www.latribunedufaso.net\/#\/schema\/person\/e54e64c5778a7e72cf80a318b7a622b0","name":"Issouf Tapsoba","image":{"@type":"ImageObject","inLanguage":"fr-FR","@id":"https:\/\/secure.gravatar.com\/avatar\/5e6c05150ce3230247d167f5b94d678eb05936197436d69b7921e3a95c9107ac?s=96&d=mm&r=g","url":"https:\/\/secure.gravatar.com\/avatar\/5e6c05150ce3230247d167f5b94d678eb05936197436d69b7921e3a95c9107ac?s=96&d=mm&r=g","contentUrl":"https:\/\/secure.gravatar.com\/avatar\/5e6c05150ce3230247d167f5b94d678eb05936197436d69b7921e3a95c9107ac?s=96&d=mm&r=g","caption":"Issouf Tapsoba"},"url":"https:\/\/www.latribunedufaso.net\/?author=5"}]}},"_links":{"self":[{"href":"https:\/\/www.latribunedufaso.net\/index.php?rest_route=\/wp\/v2\/posts\/27927","targetHints":{"allow":["GET"]}}],"collection":[{"href":"https:\/\/www.latribunedufaso.net\/index.php?rest_route=\/wp\/v2\/posts"}],"about":[{"href":"https:\/\/www.latribunedufaso.net\/index.php?rest_route=\/wp\/v2\/types\/post"}],"author":[{"embeddable":true,"href":"https:\/\/www.latribunedufaso.net\/index.php?rest_route=\/wp\/v2\/users\/5"}],"replies":[{"embeddable":true,"href":"https:\/\/www.latribunedufaso.net\/index.php?rest_route=%2Fwp%2Fv2%2Fcomments&post=27927"}],"version-history":[{"count":3,"href":"https:\/\/www.latribunedufaso.net\/index.php?rest_route=\/wp\/v2\/posts\/27927\/revisions"}],"predecessor-version":[{"id":27935,"href":"https:\/\/www.latribunedufaso.net\/index.php?rest_route=\/wp\/v2\/posts\/27927\/revisions\/27935"}],"wp:featuredmedia":[{"embeddable":true,"href":"https:\/\/www.latribunedufaso.net\/index.php?rest_route=\/wp\/v2\/media\/27932"}],"wp:attachment":[{"href":"https:\/\/www.latribunedufaso.net\/index.php?rest_route=%2Fwp%2Fv2%2Fmedia&parent=27927"}],"wp:term":[{"taxonomy":"category","embeddable":true,"href":"https:\/\/www.latribunedufaso.net\/index.php?rest_route=%2Fwp%2Fv2%2Fcategories&post=27927"},{"taxonomy":"post_tag","embeddable":true,"href":"https:\/\/www.latribunedufaso.net\/index.php?rest_route=%2Fwp%2Fv2%2Ftags&post=27927"}],"curies":[{"name":"wp","href":"https:\/\/api.w.org\/{rel}","templated":true}]}}