{"id":27919,"date":"2026-03-06T14:28:23","date_gmt":"2026-03-06T14:28:23","guid":{"rendered":"https:\/\/www.latribunedufaso.net\/?p=27919"},"modified":"2026-03-06T14:28:23","modified_gmt":"2026-03-06T14:28:23","slug":"le-comorien-amir-abdou-aux-commandes-des-etalons-du-burkina-faso-pari-davenir-ou-mission-sous-pression","status":"publish","type":"post","link":"https:\/\/www.latribunedufaso.net\/?p=27919","title":{"rendered":"Le Comorien Amir Abdou aux commandes des \u00c9talons du Burkina Faso : Pari d\u2019avenir ou mission sous pression ?"},"content":{"rendered":"<p><strong>La F\u00e9d\u00e9ration Burkinab\u00e8 de Football a officiellement pr\u00e9sent\u00e9, le jeudi 5 mars 2026 \u00e0 Ouagadougou, son nouveau s\u00e9lectionneur national. Le technicien comorien Amir Abdou prend les r\u00eanes des Etalons du Burkina Faso pour un contrat de deux ans. Entre ambition de r\u00e9sultats, reconstruction de l\u2019\u00e9quipe et attente populaire, l\u2019ancien s\u00e9lectionneur des Comores et de la Mauritanie arrive avec un chantier immense : redonner une dynamique et replacer les \u00c9talons parmi les grandes nations du football africain.<\/strong><!--more--><\/p>\n<p>Une prise de fonction sous le signe de l\u2019ambition. En effet, arriv\u00e9 \u00e0 Ouagadougou le lundi 2 mars 2026 pour parapher son contrat, le nouveau s\u00e9lectionneur des \u00c9talons, Amir Abdou, a \u00e9t\u00e9 officiellement pr\u00e9sent\u00e9 \u00e0 la presse le jeudi 5 mars lors d\u2019une conf\u00e9rence organis\u00e9e au si\u00e8ge de la F\u00e9d\u00e9ration Burkinab\u00e8 de Football. Aux c\u00f4t\u00e9s du pr\u00e9sident de l\u2019instance, le colonel-major \u00e0 la retraite Oumarou Sawadogo, le technicien comorien n\u2019a pas cach\u00e9 sa fiert\u00e9 de prendre la t\u00eate des Etalons du Burkina Faso. <em><strong>\u00ab C\u2019est un honneur et une grande responsabilit\u00e9 d\u2019entra\u00eener cette \u00e9quipe. Nous allons travailler ensemble pour hisser le Burkina Faso dans le top 10 africain du classement de la FIFA \u00bb,<\/strong><\/em> a-t-il d\u00e9clar\u00e9 devant les journalistes.<\/p>\n<p>Le nouveau s\u00e9lectionneur a \u00e9galement tenu \u00e0 saluer le travail de son pr\u00e9d\u00e9cesseur, Brama Traor\u00e9, tout en annon\u00e7ant qu\u2019il avait d\u00e9j\u00e0 effectu\u00e9 un premier diagnostic de l\u2019\u00e9quipe \u00e0 partir des quatre derniers matches disput\u00e9s par les \u00c9talons.<\/p>\n<h3>Un diagnostic lucide : forces, faiblesses et urgence d\u2019agir<\/h3>\n<p>Dans son analyse initiale, Amir Abdou reconna\u00eet que l\u2019\u00e9quipe dispose d\u2019un potentiel important mais qu\u2019elle doit retrouver de la coh\u00e9rence et une dynamique collective.<\/p>\n<p>Parmi ses axes de travail annonc\u00e9s :<\/p>\n<ul>\n<li>Int\u00e9grer davantage de binationaux, pour renforcer la profondeur de l\u2019effectif.<\/li>\n<li>Rajeunir progressivement la s\u00e9lection, afin de pr\u00e9parer l\u2019avenir.<\/li>\n<li>Retrouver une coh\u00e9rence dans le jeu et dans le groupe.<\/li>\n<li>Construire une v\u00e9ritable culture collective autour de l\u2019\u00e9quipe nationale.<\/li>\n<\/ul>\n<p>Pour le technicien comorien, l\u2019\u00e9quipe nationale doit \u00eatre <em><strong>\u00ab une famille \u00bb<\/strong> <\/em>o\u00f9 chaque joueur conna\u00eet son r\u00f4le et o\u00f9 le s\u00e9lectionneur agit comme un guide. Conscient de la pression populaire qui accompagne toujours les \u00c9talons, Abdou se dit pr\u00eat \u00e0 l\u2019assumer. <em><strong>\u00ab La pression est normale. Le peuple burkinab\u00e8 est exigeant parce qu\u2019il aime son \u00e9quipe. Cette exigence est l\u00e9gitime \u00bb<\/strong><\/em>, a-t-il affirm\u00e9.<\/p>\n<h3>Des objectifs \u00e9lev\u00e9s fix\u00e9s par la f\u00e9d\u00e9ration<\/h3>\n<p>Le pr\u00e9sident de la F\u00e9d\u00e9ration Burkinab\u00e8 de Football, Oumarou Sawadogo, a pr\u00e9cis\u00e9 les contours du contrat, \u00e0 travers des objectifs et un programme ambitieux dans un contexte o\u00f9 la concurrence africaine devient de plus en plus relev\u00e9e.<\/p>\n<figure id=\"attachment_27925\" aria-describedby=\"caption-attachment-27925\" style=\"width: 2048px\" class=\"wp-caption aligncenter\"><a href=\"https:\/\/www.latribunedufaso.net\/wp-content\/uploads\/2026\/03\/IMG-20260306-WA0023.jpg\"><img loading=\"lazy\" decoding=\"async\" class=\"size-full wp-image-27925\" src=\"https:\/\/www.latribunedufaso.net\/wp-content\/uploads\/2026\/03\/IMG-20260306-WA0023.jpg\" alt=\"Le nouveau s\u00e9lectionneur des \u00c9talons Amir Abdou officiellement install\u00e9, 5 mars 2026\" width=\"2048\" height=\"1512\" srcset=\"https:\/\/www.latribunedufaso.net\/wp-content\/uploads\/2026\/03\/IMG-20260306-WA0023.jpg 2048w, https:\/\/www.latribunedufaso.net\/wp-content\/uploads\/2026\/03\/IMG-20260306-WA0023-300x221.jpg 300w, https:\/\/www.latribunedufaso.net\/wp-content\/uploads\/2026\/03\/IMG-20260306-WA0023-1024x756.jpg 1024w, https:\/\/www.latribunedufaso.net\/wp-content\/uploads\/2026\/03\/IMG-20260306-WA0023-768x567.jpg 768w, https:\/\/www.latribunedufaso.net\/wp-content\/uploads\/2026\/03\/IMG-20260306-WA0023-1536x1134.jpg 1536w, https:\/\/www.latribunedufaso.net\/wp-content\/uploads\/2026\/03\/IMG-20260306-WA0023-90x65.jpg 90w\" sizes=\"auto, (max-width: 2048px) 100vw, 2048px\" \/><\/a><figcaption id=\"caption-attachment-27925\" class=\"wp-caption-text\">Pour Amir Abdou, c\u2019est un honneur et une grande responsabilit\u00e9 d\u2019entra\u00eener les \u00c9talons du Burkina Faso &#8211; Ph. DR<\/figcaption><\/figure>\n<p>Le nouveau s\u00e9lectionneur dispose d\u2019un contrat de deux ans avec des objectifs clairs, selon le premier responsable de la FBF :<\/p>\n<ul>\n<li>Qualifier les \u00c9talons pour la Coupe d\u2019Afrique des Nations 2027<\/li>\n<li>R\u00e9aliser un excellent parcours lors de cette comp\u00e9tition<\/li>\n<li>Qualifier le Burkina Faso pour la Coupe du Monde de la FIFA 2030<\/li>\n<\/ul>\n<h3>Amir Abdou est-il l\u2019homme de la situation ?<\/h3>\n<p>La question se pose naturellement. Le technicien comorien s\u2019est fait conna\u00eetre sur la sc\u00e8ne africaine pour avoir men\u00e9 les Comores \u00e0 une historique qualification \u00e0 la CAN 2021, avec une \u00e9quipe r\u00e9put\u00e9e disciplin\u00e9e tactiquement et tr\u00e8s solidaire. Pour cela, son profil correspond \u00e0 plusieurs attentes du football burkinab\u00e8 :<\/p>\n<ul>\n<li>Un entra\u00eeneur capable de b\u00e2tir un collectif solide<\/li>\n<li>Un technicien habitu\u00e9 \u00e0 travailler avec des moyens limit\u00e9s<\/li>\n<li>Un manager proche des joueurs<\/li>\n<\/ul>\n<p>Autant d\u2019atouts qui pourraient convenir \u00e0 une \u00e9quipe des \u00c9talons souvent riche en talents mais parfois en manque de coh\u00e9rence collective. Si son projet aboutit, Amir Abdou pourrait apporter plusieurs \u00e9volutions importantes :<\/p>\n<ol>\n<li><strong>Une organisation tactique plus rigoureuse : <\/strong>Ses \u00e9quipes sont g\u00e9n\u00e9ralement connues pour leur discipline d\u00e9fensive et leur pressing organis\u00e9, ce qui pourrait stabiliser une s\u00e9lection parfois irr\u00e9guli\u00e8re.<\/li>\n<li><strong>Une meilleure gestion du groupe : <\/strong>Le s\u00e9lectionneur insiste beaucoup sur la dimension humaine, ce qui peut renforcer l\u2019\u00e9tat d\u2019esprit dans le vestiaire.<\/li>\n<li><strong>L\u2019\u00e9largissement du vivier : <\/strong>La recherche et l\u2019int\u00e9gration de joueurs binationaux pourraient augmenter la comp\u00e9titivit\u00e9 de l\u2019\u00e9quipe.<\/li>\n<li><strong>Une projection vers l\u2019avenir : <\/strong>Le rajeunissement annonc\u00e9 de l\u2019effectif vise \u00e0 pr\u00e9parer la prochaine g\u00e9n\u00e9ration des \u00c9talons.<\/li>\n<\/ol>\n<h3>Que doit-on attendre de lui par rapport \u00e0 ses pr\u00e9d\u00e9cesseurs ?<\/h3>\n<p>Le Burkina Faso a connu plusieurs profils d\u2019entra\u00eeneurs ces derni\u00e8res ann\u00e9es, chacun avec son approche.<\/p>\n<p>Paul Put avait mis\u00e9 sur la rigueur tactique.<\/p>\n<p>Kamou Malo avait privil\u00e9gi\u00e9 la solidarit\u00e9 et l\u2019esprit de groupe.<\/p>\n<p>Brama Traor\u00e9 avait tent\u00e9 d\u2019insuffler un renouvellement progressif.<\/p>\n<p>Amir Abdou arrive donc dans une phase charni\u00e8re, entre continuit\u00e9 et reconstruction.<\/p>\n<p>Pour faire progresser durablement les \u00c9talons, plusieurs d\u00e9fis majeurs se pr\u00e9sentent \u00e0 lui :<\/p>\n<ol>\n<li><strong>Stabiliser le projet de jeu : <\/strong>L\u2019\u00e9quipe doit retrouver une identit\u00e9 tactique claire.<\/li>\n<li><strong>Renforcer la d\u00e9fense :<\/strong> Les derni\u00e8res rencontres ont montr\u00e9 une fragilit\u00e9 d\u00e9fensive \u00e0 corriger.<\/li>\n<li><strong>Valoriser les talents offensifs :<\/strong> Le Burkina dispose de joueurs offensifs capables de faire la diff\u00e9rence mais l\u2019animation offensive reste perfectible.<\/li>\n<li><strong>Structurer la transition g\u00e9n\u00e9rationnelle :<\/strong> L\u2019int\u00e9gration des jeunes doit se faire sans fragiliser la comp\u00e9titivit\u00e9 imm\u00e9diate.<\/li>\n<li><strong>Restaurer la confiance populaire : <\/strong>Les \u00c9talons restent l\u2019une des grandes passions nationales, et les r\u00e9sultats seront la cl\u00e9 pour rallumer l\u2019enthousiasme.<\/li>\n<\/ol>\n<p>Une mission entre espoir et exigence pourrait-on tenter de dire. L\u2019arriv\u00e9e de Amir Abdou ouvre une nouvelle page pour l\u2019\u00e9quipe nationale du Burkina Faso. Mais dans un pays o\u00f9 le football est une affaire de c\u0153ur et de fiert\u00e9 nationale, le temps d\u2019adaptation sera forc\u00e9ment court.<\/p>\n<p>Entre reconstruction de l\u2019\u00e9quipe, qu\u00eate de r\u00e9sultats et attente d\u2019un peuple passionn\u00e9, le nouveau s\u00e9lectionneur des \u00c9talons entre dans une mission aussi exaltante que p\u00e9rilleuse. Reste d\u00e9sormais \u00e0 savoir si le technicien comorien r\u00e9ussira \u00e0 transformer l\u2019espoir en r\u00e9sultats et \u00e0 \u00e9crire une nouvelle page glorieuse du football burkinab\u00e8.<\/p>\n<p><strong>Le Brave\u00a0<\/strong><\/p>\n<p><strong>Latribunedufaso.net<\/strong><\/p>\n","protected":false},"excerpt":{"rendered":"<p>La F\u00e9d\u00e9ration Burkinab\u00e8 de Football a officiellement pr\u00e9sent\u00e9, le jeudi 5 mars 2026 \u00e0 Ouagadougou, son nouveau s\u00e9lectionneur national. Le technicien comorien Amir Abdou prend les r\u00eanes des Etalons du Burkina Faso pour un contrat de deux ans. Entre ambition de r\u00e9sultats, reconstruction de l\u2019\u00e9quipe et attente populaire, l\u2019ancien s\u00e9lectionneur des Comores et de la Mauritanie arrive avec un chantier immense : redonner une dynamique et replacer les \u00c9talons parmi les grandes nations du football africain.<\/p>\n","protected":false},"author":5,"featured_media":27924,"comment_status":"open","ping_status":"open","sticky":false,"template":"","format":"standard","meta":{"footnotes":""},"categories":[13,1,17],"tags":[157,39,2046],"class_list":["post-27919","post","type-post","status-publish","format-standard","has-post-thumbnail","hentry","category-une","category-actu","category-sport","tag-fbf","tag-latribunedufaso-net","tag-nouveau-entraineur-des-etalons-amir-abdou"],"yoast_head":"<!-- This site is optimized with the Yoast SEO plugin v27.4 - https:\/\/yoast.com\/product\/yoast-seo-wordpress\/ -->\n<title>Le Comorien Amir Abdou aux commandes des \u00c9talons du Burkina Faso : Pari d\u2019avenir ou mission sous pression ? - La Tribune du Faso<\/title>\n<meta name=\"robots\" content=\"index, follow, max-snippet:-1, max-image-preview:large, max-video-preview:-1\" \/>\n<link rel=\"canonical\" href=\"https:\/\/www.latribunedufaso.net\/?p=27919\" \/>\n<meta property=\"og:locale\" content=\"fr_FR\" \/>\n<meta property=\"og:type\" content=\"article\" \/>\n<meta property=\"og:title\" content=\"Le Comorien Amir Abdou aux commandes des \u00c9talons du Burkina Faso : Pari d\u2019avenir ou mission sous pression ? - La Tribune du Faso\" \/>\n<meta property=\"og:description\" content=\"La F\u00e9d\u00e9ration Burkinab\u00e8 de Football a officiellement pr\u00e9sent\u00e9, le jeudi 5 mars 2026 \u00e0 Ouagadougou, son nouveau s\u00e9lectionneur national. Le technicien comorien Amir Abdou prend les r\u00eanes des Etalons du Burkina Faso pour un contrat de deux ans. Entre ambition de r\u00e9sultats, reconstruction de l\u2019\u00e9quipe et attente populaire, l\u2019ancien s\u00e9lectionneur des Comores et de la Mauritanie arrive avec un chantier immense : redonner une dynamique et replacer les \u00c9talons parmi les grandes nations du football africain.\" \/>\n<meta property=\"og:url\" content=\"https:\/\/www.latribunedufaso.net\/?p=27919\" \/>\n<meta property=\"og:site_name\" content=\"La Tribune du Faso\" \/>\n<meta property=\"article:publisher\" content=\"https:\/\/www.facebook.com\/LatribuneduFaso\/\" \/>\n<meta property=\"article:published_time\" content=\"2026-03-06T14:28:23+00:00\" \/>\n<meta property=\"og:image\" content=\"https:\/\/www.latribunedufaso.net\/wp-content\/uploads\/2026\/03\/IMG-20260306-WA0022.jpg\" \/>\n\t<meta property=\"og:image:width\" content=\"2048\" \/>\n\t<meta property=\"og:image:height\" content=\"1364\" \/>\n\t<meta property=\"og:image:type\" content=\"image\/jpeg\" \/>\n<meta name=\"author\" content=\"Issouf Tapsoba\" \/>\n<meta name=\"twitter:label1\" content=\"\u00c9crit par\" \/>\n\t<meta name=\"twitter:data1\" content=\"Issouf Tapsoba\" \/>\n\t<meta name=\"twitter:label2\" content=\"Dur\u00e9e de lecture estim\u00e9e\" \/>\n\t<meta name=\"twitter:data2\" content=\"6 minutes\" \/>\n<script type=\"application\/ld+json\" class=\"yoast-schema-graph\">{\"@context\":\"https:\\\/\\\/schema.org\",\"@graph\":[{\"@type\":\"Article\",\"@id\":\"https:\\\/\\\/www.latribunedufaso.net\\\/?p=27919#article\",\"isPartOf\":{\"@id\":\"https:\\\/\\\/www.latribunedufaso.net\\\/?p=27919\"},\"author\":{\"name\":\"Issouf Tapsoba\",\"@id\":\"https:\\\/\\\/www.latribunedufaso.net\\\/#\\\/schema\\\/person\\\/e54e64c5778a7e72cf80a318b7a622b0\"},\"headline\":\"Le Comorien Amir Abdou aux commandes des \u00c9talons du Burkina Faso : Pari d\u2019avenir ou mission sous pression ?\",\"datePublished\":\"2026-03-06T14:28:23+00:00\",\"mainEntityOfPage\":{\"@id\":\"https:\\\/\\\/www.latribunedufaso.net\\\/?p=27919\"},\"wordCount\":1071,\"commentCount\":0,\"publisher\":{\"@id\":\"https:\\\/\\\/www.latribunedufaso.net\\\/#organization\"},\"image\":{\"@id\":\"https:\\\/\\\/www.latribunedufaso.net\\\/?p=27919#primaryimage\"},\"thumbnailUrl\":\"https:\\\/\\\/www.latribunedufaso.net\\\/wp-content\\\/uploads\\\/2026\\\/03\\\/IMG-20260306-WA0022.jpg\",\"keywords\":[\"FBF\",\"latribunedufaso.net\",\"Nouveau entraineur des \u00c9talons Amir Abdou\"],\"articleSection\":[\"A la une\",\"Actualit\u00e9\",\"Sport\"],\"inLanguage\":\"fr-FR\",\"potentialAction\":[{\"@type\":\"CommentAction\",\"name\":\"Comment\",\"target\":[\"https:\\\/\\\/www.latribunedufaso.net\\\/?p=27919#respond\"]}]},{\"@type\":\"WebPage\",\"@id\":\"https:\\\/\\\/www.latribunedufaso.net\\\/?p=27919\",\"url\":\"https:\\\/\\\/www.latribunedufaso.net\\\/?p=27919\",\"name\":\"Le Comorien Amir Abdou aux commandes des \u00c9talons du Burkina Faso : Pari d\u2019avenir ou mission sous pression ? - La Tribune du Faso\",\"isPartOf\":{\"@id\":\"https:\\\/\\\/www.latribunedufaso.net\\\/#website\"},\"primaryImageOfPage\":{\"@id\":\"https:\\\/\\\/www.latribunedufaso.net\\\/?p=27919#primaryimage\"},\"image\":{\"@id\":\"https:\\\/\\\/www.latribunedufaso.net\\\/?p=27919#primaryimage\"},\"thumbnailUrl\":\"https:\\\/\\\/www.latribunedufaso.net\\\/wp-content\\\/uploads\\\/2026\\\/03\\\/IMG-20260306-WA0022.jpg\",\"datePublished\":\"2026-03-06T14:28:23+00:00\",\"breadcrumb\":{\"@id\":\"https:\\\/\\\/www.latribunedufaso.net\\\/?p=27919#breadcrumb\"},\"inLanguage\":\"fr-FR\",\"potentialAction\":[{\"@type\":\"ReadAction\",\"target\":[\"https:\\\/\\\/www.latribunedufaso.net\\\/?p=27919\"]}]},{\"@type\":\"ImageObject\",\"inLanguage\":\"fr-FR\",\"@id\":\"https:\\\/\\\/www.latribunedufaso.net\\\/?p=27919#primaryimage\",\"url\":\"https:\\\/\\\/www.latribunedufaso.net\\\/wp-content\\\/uploads\\\/2026\\\/03\\\/IMG-20260306-WA0022.jpg\",\"contentUrl\":\"https:\\\/\\\/www.latribunedufaso.net\\\/wp-content\\\/uploads\\\/2026\\\/03\\\/IMG-20260306-WA0022.jpg\",\"width\":2048,\"height\":1364,\"caption\":\"Le nouveau s\u00e9lectionneur des \u00c9talons Amir Abdou officiellement install\u00e9, 5 mars 2026\"},{\"@type\":\"BreadcrumbList\",\"@id\":\"https:\\\/\\\/www.latribunedufaso.net\\\/?p=27919#breadcrumb\",\"itemListElement\":[{\"@type\":\"ListItem\",\"position\":1,\"name\":\"Accueil\",\"item\":\"https:\\\/\\\/www.latribunedufaso.net\\\/\"},{\"@type\":\"ListItem\",\"position\":2,\"name\":\"Le Comorien Amir Abdou aux commandes des \u00c9talons du Burkina Faso : Pari d\u2019avenir ou mission sous pression ?\"}]},{\"@type\":\"WebSite\",\"@id\":\"https:\\\/\\\/www.latribunedufaso.net\\\/#website\",\"url\":\"https:\\\/\\\/www.latribunedufaso.net\\\/\",\"name\":\"La Tribune du Faso\",\"description\":\"L&#039;information du monde rural en un clic\",\"publisher\":{\"@id\":\"https:\\\/\\\/www.latribunedufaso.net\\\/#organization\"},\"potentialAction\":[{\"@type\":\"SearchAction\",\"target\":{\"@type\":\"EntryPoint\",\"urlTemplate\":\"https:\\\/\\\/www.latribunedufaso.net\\\/?s={search_term_string}\"},\"query-input\":{\"@type\":\"PropertyValueSpecification\",\"valueRequired\":true,\"valueName\":\"search_term_string\"}}],\"inLanguage\":\"fr-FR\"},{\"@type\":\"Organization\",\"@id\":\"https:\\\/\\\/www.latribunedufaso.net\\\/#organization\",\"name\":\"La Tribune du Faso\",\"url\":\"https:\\\/\\\/www.latribunedufaso.net\\\/\",\"logo\":{\"@type\":\"ImageObject\",\"inLanguage\":\"fr-FR\",\"@id\":\"https:\\\/\\\/www.latribunedufaso.net\\\/#\\\/schema\\\/logo\\\/image\\\/\",\"url\":\"https:\\\/\\\/www.latribunedufaso.net\\\/wp-content\\\/uploads\\\/2020\\\/08\\\/Logo-Tribune-du-Faso-final-scaled.jpg\",\"contentUrl\":\"https:\\\/\\\/www.latribunedufaso.net\\\/wp-content\\\/uploads\\\/2020\\\/08\\\/Logo-Tribune-du-Faso-final-scaled.jpg\",\"width\":2560,\"height\":1856,\"caption\":\"La Tribune du Faso\"},\"image\":{\"@id\":\"https:\\\/\\\/www.latribunedufaso.net\\\/#\\\/schema\\\/logo\\\/image\\\/\"},\"sameAs\":[\"https:\\\/\\\/www.facebook.com\\\/LatribuneduFaso\\\/\"]},{\"@type\":\"Person\",\"@id\":\"https:\\\/\\\/www.latribunedufaso.net\\\/#\\\/schema\\\/person\\\/e54e64c5778a7e72cf80a318b7a622b0\",\"name\":\"Issouf Tapsoba\",\"image\":{\"@type\":\"ImageObject\",\"inLanguage\":\"fr-FR\",\"@id\":\"https:\\\/\\\/secure.gravatar.com\\\/avatar\\\/5e6c05150ce3230247d167f5b94d678eb05936197436d69b7921e3a95c9107ac?s=96&d=mm&r=g\",\"url\":\"https:\\\/\\\/secure.gravatar.com\\\/avatar\\\/5e6c05150ce3230247d167f5b94d678eb05936197436d69b7921e3a95c9107ac?s=96&d=mm&r=g\",\"contentUrl\":\"https:\\\/\\\/secure.gravatar.com\\\/avatar\\\/5e6c05150ce3230247d167f5b94d678eb05936197436d69b7921e3a95c9107ac?s=96&d=mm&r=g\",\"caption\":\"Issouf Tapsoba\"},\"url\":\"https:\\\/\\\/www.latribunedufaso.net\\\/?author=5\"}]}<\/script>\n<!-- \/ Yoast SEO plugin. -->","yoast_head_json":{"title":"Le Comorien Amir Abdou aux commandes des \u00c9talons du Burkina Faso : Pari d\u2019avenir ou mission sous pression ? - La Tribune du Faso","robots":{"index":"index","follow":"follow","max-snippet":"max-snippet:-1","max-image-preview":"max-image-preview:large","max-video-preview":"max-video-preview:-1"},"canonical":"https:\/\/www.latribunedufaso.net\/?p=27919","og_locale":"fr_FR","og_type":"article","og_title":"Le Comorien Amir Abdou aux commandes des \u00c9talons du Burkina Faso : Pari d\u2019avenir ou mission sous pression ? - La Tribune du Faso","og_description":"La F\u00e9d\u00e9ration Burkinab\u00e8 de Football a officiellement pr\u00e9sent\u00e9, le jeudi 5 mars 2026 \u00e0 Ouagadougou, son nouveau s\u00e9lectionneur national. Le technicien comorien Amir Abdou prend les r\u00eanes des Etalons du Burkina Faso pour un contrat de deux ans. Entre ambition de r\u00e9sultats, reconstruction de l\u2019\u00e9quipe et attente populaire, l\u2019ancien s\u00e9lectionneur des Comores et de la Mauritanie arrive avec un chantier immense : redonner une dynamique et replacer les \u00c9talons parmi les grandes nations du football africain.","og_url":"https:\/\/www.latribunedufaso.net\/?p=27919","og_site_name":"La Tribune du Faso","article_publisher":"https:\/\/www.facebook.com\/LatribuneduFaso\/","article_published_time":"2026-03-06T14:28:23+00:00","og_image":[{"width":2048,"height":1364,"url":"https:\/\/www.latribunedufaso.net\/wp-content\/uploads\/2026\/03\/IMG-20260306-WA0022.jpg","type":"image\/jpeg"}],"author":"Issouf Tapsoba","twitter_misc":{"\u00c9crit par":"Issouf Tapsoba","Dur\u00e9e de lecture estim\u00e9e":"6 minutes"},"schema":{"@context":"https:\/\/schema.org","@graph":[{"@type":"Article","@id":"https:\/\/www.latribunedufaso.net\/?p=27919#article","isPartOf":{"@id":"https:\/\/www.latribunedufaso.net\/?p=27919"},"author":{"name":"Issouf Tapsoba","@id":"https:\/\/www.latribunedufaso.net\/#\/schema\/person\/e54e64c5778a7e72cf80a318b7a622b0"},"headline":"Le Comorien Amir Abdou aux commandes des \u00c9talons du Burkina Faso : Pari d\u2019avenir ou mission sous pression ?","datePublished":"2026-03-06T14:28:23+00:00","mainEntityOfPage":{"@id":"https:\/\/www.latribunedufaso.net\/?p=27919"},"wordCount":1071,"commentCount":0,"publisher":{"@id":"https:\/\/www.latribunedufaso.net\/#organization"},"image":{"@id":"https:\/\/www.latribunedufaso.net\/?p=27919#primaryimage"},"thumbnailUrl":"https:\/\/www.latribunedufaso.net\/wp-content\/uploads\/2026\/03\/IMG-20260306-WA0022.jpg","keywords":["FBF","latribunedufaso.net","Nouveau entraineur des \u00c9talons Amir Abdou"],"articleSection":["A la une","Actualit\u00e9","Sport"],"inLanguage":"fr-FR","potentialAction":[{"@type":"CommentAction","name":"Comment","target":["https:\/\/www.latribunedufaso.net\/?p=27919#respond"]}]},{"@type":"WebPage","@id":"https:\/\/www.latribunedufaso.net\/?p=27919","url":"https:\/\/www.latribunedufaso.net\/?p=27919","name":"Le Comorien Amir Abdou aux commandes des \u00c9talons du Burkina Faso : Pari d\u2019avenir ou mission sous pression ? - La Tribune du Faso","isPartOf":{"@id":"https:\/\/www.latribunedufaso.net\/#website"},"primaryImageOfPage":{"@id":"https:\/\/www.latribunedufaso.net\/?p=27919#primaryimage"},"image":{"@id":"https:\/\/www.latribunedufaso.net\/?p=27919#primaryimage"},"thumbnailUrl":"https:\/\/www.latribunedufaso.net\/wp-content\/uploads\/2026\/03\/IMG-20260306-WA0022.jpg","datePublished":"2026-03-06T14:28:23+00:00","breadcrumb":{"@id":"https:\/\/www.latribunedufaso.net\/?p=27919#breadcrumb"},"inLanguage":"fr-FR","potentialAction":[{"@type":"ReadAction","target":["https:\/\/www.latribunedufaso.net\/?p=27919"]}]},{"@type":"ImageObject","inLanguage":"fr-FR","@id":"https:\/\/www.latribunedufaso.net\/?p=27919#primaryimage","url":"https:\/\/www.latribunedufaso.net\/wp-content\/uploads\/2026\/03\/IMG-20260306-WA0022.jpg","contentUrl":"https:\/\/www.latribunedufaso.net\/wp-content\/uploads\/2026\/03\/IMG-20260306-WA0022.jpg","width":2048,"height":1364,"caption":"Le nouveau s\u00e9lectionneur des \u00c9talons Amir Abdou officiellement install\u00e9, 5 mars 2026"},{"@type":"BreadcrumbList","@id":"https:\/\/www.latribunedufaso.net\/?p=27919#breadcrumb","itemListElement":[{"@type":"ListItem","position":1,"name":"Accueil","item":"https:\/\/www.latribunedufaso.net\/"},{"@type":"ListItem","position":2,"name":"Le Comorien Amir Abdou aux commandes des \u00c9talons du Burkina Faso : Pari d\u2019avenir ou mission sous pression ?"}]},{"@type":"WebSite","@id":"https:\/\/www.latribunedufaso.net\/#website","url":"https:\/\/www.latribunedufaso.net\/","name":"La Tribune du Faso","description":"L&#039;information du monde rural en un clic","publisher":{"@id":"https:\/\/www.latribunedufaso.net\/#organization"},"potentialAction":[{"@type":"SearchAction","target":{"@type":"EntryPoint","urlTemplate":"https:\/\/www.latribunedufaso.net\/?s={search_term_string}"},"query-input":{"@type":"PropertyValueSpecification","valueRequired":true,"valueName":"search_term_string"}}],"inLanguage":"fr-FR"},{"@type":"Organization","@id":"https:\/\/www.latribunedufaso.net\/#organization","name":"La Tribune du Faso","url":"https:\/\/www.latribunedufaso.net\/","logo":{"@type":"ImageObject","inLanguage":"fr-FR","@id":"https:\/\/www.latribunedufaso.net\/#\/schema\/logo\/image\/","url":"https:\/\/www.latribunedufaso.net\/wp-content\/uploads\/2020\/08\/Logo-Tribune-du-Faso-final-scaled.jpg","contentUrl":"https:\/\/www.latribunedufaso.net\/wp-content\/uploads\/2020\/08\/Logo-Tribune-du-Faso-final-scaled.jpg","width":2560,"height":1856,"caption":"La Tribune du Faso"},"image":{"@id":"https:\/\/www.latribunedufaso.net\/#\/schema\/logo\/image\/"},"sameAs":["https:\/\/www.facebook.com\/LatribuneduFaso\/"]},{"@type":"Person","@id":"https:\/\/www.latribunedufaso.net\/#\/schema\/person\/e54e64c5778a7e72cf80a318b7a622b0","name":"Issouf Tapsoba","image":{"@type":"ImageObject","inLanguage":"fr-FR","@id":"https:\/\/secure.gravatar.com\/avatar\/5e6c05150ce3230247d167f5b94d678eb05936197436d69b7921e3a95c9107ac?s=96&d=mm&r=g","url":"https:\/\/secure.gravatar.com\/avatar\/5e6c05150ce3230247d167f5b94d678eb05936197436d69b7921e3a95c9107ac?s=96&d=mm&r=g","contentUrl":"https:\/\/secure.gravatar.com\/avatar\/5e6c05150ce3230247d167f5b94d678eb05936197436d69b7921e3a95c9107ac?s=96&d=mm&r=g","caption":"Issouf Tapsoba"},"url":"https:\/\/www.latribunedufaso.net\/?author=5"}]}},"_links":{"self":[{"href":"https:\/\/www.latribunedufaso.net\/index.php?rest_route=\/wp\/v2\/posts\/27919","targetHints":{"allow":["GET"]}}],"collection":[{"href":"https:\/\/www.latribunedufaso.net\/index.php?rest_route=\/wp\/v2\/posts"}],"about":[{"href":"https:\/\/www.latribunedufaso.net\/index.php?rest_route=\/wp\/v2\/types\/post"}],"author":[{"embeddable":true,"href":"https:\/\/www.latribunedufaso.net\/index.php?rest_route=\/wp\/v2\/users\/5"}],"replies":[{"embeddable":true,"href":"https:\/\/www.latribunedufaso.net\/index.php?rest_route=%2Fwp%2Fv2%2Fcomments&post=27919"}],"version-history":[{"count":4,"href":"https:\/\/www.latribunedufaso.net\/index.php?rest_route=\/wp\/v2\/posts\/27919\/revisions"}],"predecessor-version":[{"id":27926,"href":"https:\/\/www.latribunedufaso.net\/index.php?rest_route=\/wp\/v2\/posts\/27919\/revisions\/27926"}],"wp:featuredmedia":[{"embeddable":true,"href":"https:\/\/www.latribunedufaso.net\/index.php?rest_route=\/wp\/v2\/media\/27924"}],"wp:attachment":[{"href":"https:\/\/www.latribunedufaso.net\/index.php?rest_route=%2Fwp%2Fv2%2Fmedia&parent=27919"}],"wp:term":[{"taxonomy":"category","embeddable":true,"href":"https:\/\/www.latribunedufaso.net\/index.php?rest_route=%2Fwp%2Fv2%2Fcategories&post=27919"},{"taxonomy":"post_tag","embeddable":true,"href":"https:\/\/www.latribunedufaso.net\/index.php?rest_route=%2Fwp%2Fv2%2Ftags&post=27919"}],"curies":[{"name":"wp","href":"https:\/\/api.w.org\/{rel}","templated":true}]}}