{"id":27833,"date":"2026-03-02T15:07:52","date_gmt":"2026-03-02T15:07:52","guid":{"rendered":"https:\/\/www.latribunedufaso.net\/?p=27833"},"modified":"2026-03-02T15:07:52","modified_gmt":"2026-03-02T15:07:52","slug":"administration-publique-un-plan-de-riposte-national-lance-pour-corriger-421-dysfonctionnements-critiques","status":"publish","type":"post","link":"https:\/\/www.latribunedufaso.net\/?p=27833","title":{"rendered":"Administration publique : Un plan de riposte national lanc\u00e9 pour corriger 421 dysfonctionnements critiques"},"content":{"rendered":"<p><strong>Le Premier ministre, Rimtalba Jean Emmanuel Ou\u00e9draogo, a re\u00e7u en audience, ce lundi 02 mars 2026, le Ministre Conseiller sp\u00e9cial du Pr\u00e9sident du Faso charg\u00e9 des questions de bonne gouvernance et de lutte contre la corruption, Ragnang-Newind\u00e9 Isidore Tiemtor\u00e9, par ailleurs Pr\u00e9sident du Conseil d\u2019orientation de la Commission de r\u00e9gulation des dysfonctionnements. Cette rencontre s\u2019inscrit dans le cadre du suivi des r\u00e9formes engag\u00e9es pour renforcer la gouvernance publique et am\u00e9liorer durablement la performance de l\u2019administration.<\/strong><!--more--><\/p>\n<p>\u00c0 cette occasion, le Ministre Conseiller sp\u00e9cial et sa d\u00e9l\u00e9gation ont remis au Chef du Gouvernement trois documents majeurs : le rapport d\u2019activit\u00e9s 2025 de la Commission de r\u00e9gulation des dysfonctionnements, le rapport sur le fonctionnement des conseils de discipline et la cartographie des dysfonctionnements de l\u2019administration publique couvrant la p\u00e9riode 2015-2024. Les deux premiers rapports, \u00e0 caract\u00e8re confidentiel, ont \u00e9t\u00e9 transmis \u00e0 l\u2019appr\u00e9ciation du Premier ministre.<\/p>\n<p>La cartographie des dysfonctionnements, quant \u00e0 elle, constitue un document strat\u00e9gique issu d\u2019un vaste travail de diagnostic conduit par la Commission rattach\u00e9e au Cabinet du Pr\u00e9sident du Faso. Sur 1 281 dysfonctionnements recens\u00e9s \u00e0 l\u2019\u00e9chelle nationale, 421 ont \u00e9t\u00e9 identifi\u00e9s comme critiques \u00e0 l\u2019issue d\u2019une analyse approfondie.<\/p>\n<figure id=\"attachment_27838\" aria-describedby=\"caption-attachment-27838\" style=\"width: 1440px\" class=\"wp-caption aligncenter\"><a href=\"https:\/\/www.latribunedufaso.net\/wp-content\/uploads\/2026\/03\/FB_IMG_1772463416266.jpg\"><img loading=\"lazy\" decoding=\"async\" class=\"size-full wp-image-27838\" src=\"https:\/\/www.latribunedufaso.net\/wp-content\/uploads\/2026\/03\/FB_IMG_1772463416266.jpg\" alt=\"Le Conseiller sp\u00e9cial du Pr\u00e9sident du Faso charg\u00e9 des questions de bonne gouvernance et de lutte contre la corruption remet la cartographie des dysfonctionnement de l'administration au Premier ministre, 2 mars 2026\" width=\"1440\" height=\"1130\" srcset=\"https:\/\/www.latribunedufaso.net\/wp-content\/uploads\/2026\/03\/FB_IMG_1772463416266.jpg 1440w, https:\/\/www.latribunedufaso.net\/wp-content\/uploads\/2026\/03\/FB_IMG_1772463416266-300x235.jpg 300w, https:\/\/www.latribunedufaso.net\/wp-content\/uploads\/2026\/03\/FB_IMG_1772463416266-1024x804.jpg 1024w, https:\/\/www.latribunedufaso.net\/wp-content\/uploads\/2026\/03\/FB_IMG_1772463416266-768x603.jpg 768w\" sizes=\"auto, (max-width: 1440px) 100vw, 1440px\" \/><\/a><figcaption id=\"caption-attachment-27838\" class=\"wp-caption-text\">Selon le Ministre Conseiller sp\u00e9cial du Pr\u00e9sident du Faso charg\u00e9 des questions de bonne gouvernance et de lutte contre la corruption, Ragnang-Newind\u00e9 Isidore Tiemtor\u00e9, le Premier ministre a salu\u00e9 la port\u00e9e structurante de cette initiative &#8211; Ph. DR<\/figcaption><\/figure>\n<p>Ces insuffisances ont \u00e9t\u00e9 regroup\u00e9es en cinq grandes cat\u00e9gories : l\u2019application des textes juridiques, l\u2019action ou l\u2019inaction des agents, l\u2019action ou l\u2019inaction des sup\u00e9rieurs hi\u00e9rarchiques, les insuffisances logistiques et mat\u00e9rielles ainsi que les faiblesses du contr\u00f4le interne.<\/p>\n<p>Selon Ragnang-Newind\u00e9 Isidore Tiemtor\u00e9, le Premier ministre a salu\u00e9 la port\u00e9e structurante de cette initiative, in\u00e9dite dans l\u2019administration publique burkinab\u00e8. Le document servira d\u00e9sormais de cadre national de r\u00e9f\u00e9rence et sera diffus\u00e9 dans l\u2019ensemble des administrations afin que chaque institution \u00e9labore un plan de riposte adapt\u00e9 pour corriger les dysfonctionnements identifi\u00e9s.<\/p>\n<blockquote>\n<p style=\"text-align: left;\">Lire aussi &gt;&gt;\u00a0<a href=\"https:\/\/www.latribunedufaso.net\/?p=26365\">6 253 dossiers trait\u00e9s et 90% de r\u00e9alisation : La Primature affiche ses ambitions pour l&amp;rsquo;ann\u00e9e 2026<\/a><\/p>\n<\/blockquote>\n<p>\u00c0 travers cette d\u00e9marche m\u00e9thodique et prospective, le Gouvernement entend consolider la discipline administrative, renforcer la culture de la redevabilit\u00e9 et accro\u00eetre l\u2019efficacit\u00e9 de l\u2019action publique, conform\u00e9ment \u00e0 la vision du Chef de l\u2019\u00c9tat. L\u2019ambition affich\u00e9e est de b\u00e2tir une administration plus rigoureuse, plus performante et pleinement orient\u00e9e vers le service des populations.<\/p>\n<p><strong>Latribunedufaso.net<\/strong><\/p>\n<p><strong>Source : DCRP\/Primature<\/strong><\/p>\n<p><a href=\"https:\/\/www.latribunedufaso.net\/wp-content\/uploads\/2026\/03\/FB_IMG_1772463419778.jpg\"><img loading=\"lazy\" decoding=\"async\" class=\"aligncenter size-full wp-image-27839\" src=\"https:\/\/www.latribunedufaso.net\/wp-content\/uploads\/2026\/03\/FB_IMG_1772463419778.jpg\" alt=\"Le Conseiller sp\u00e9cial du Pr\u00e9sident du Faso charg\u00e9 des questions de bonne gouvernance et de lutte contre la corruption remet la cartographie des dysfonctionnement de l'administration au Premier ministre, 2 mars 2026\" width=\"1080\" height=\"733\" srcset=\"https:\/\/www.latribunedufaso.net\/wp-content\/uploads\/2026\/03\/FB_IMG_1772463419778.jpg 1080w, https:\/\/www.latribunedufaso.net\/wp-content\/uploads\/2026\/03\/FB_IMG_1772463419778-300x204.jpg 300w, https:\/\/www.latribunedufaso.net\/wp-content\/uploads\/2026\/03\/FB_IMG_1772463419778-1024x695.jpg 1024w, https:\/\/www.latribunedufaso.net\/wp-content\/uploads\/2026\/03\/FB_IMG_1772463419778-768x521.jpg 768w, https:\/\/www.latribunedufaso.net\/wp-content\/uploads\/2026\/03\/FB_IMG_1772463419778-120x80.jpg 120w\" sizes=\"auto, (max-width: 1080px) 100vw, 1080px\" \/><\/a><a href=\"https:\/\/www.latribunedufaso.net\/wp-content\/uploads\/2026\/03\/FB_IMG_1772463409721.jpg\"><img loading=\"lazy\" decoding=\"async\" class=\"aligncenter size-full wp-image-27837\" src=\"https:\/\/www.latribunedufaso.net\/wp-content\/uploads\/2026\/03\/FB_IMG_1772463409721.jpg\" alt=\"Le Conseiller sp\u00e9cial du Pr\u00e9sident du Faso charg\u00e9 des questions de bonne gouvernance et de lutte contre la corruption remet la cartographie des dysfonctionnement de l'administration au Premier ministre, 2 mars 2026\" width=\"941\" height=\"580\" srcset=\"https:\/\/www.latribunedufaso.net\/wp-content\/uploads\/2026\/03\/FB_IMG_1772463409721.jpg 941w, https:\/\/www.latribunedufaso.net\/wp-content\/uploads\/2026\/03\/FB_IMG_1772463409721-300x185.jpg 300w, https:\/\/www.latribunedufaso.net\/wp-content\/uploads\/2026\/03\/FB_IMG_1772463409721-768x473.jpg 768w\" sizes=\"auto, (max-width: 941px) 100vw, 941px\" \/><\/a><\/p>\n","protected":false},"excerpt":{"rendered":"<p>Le Premier ministre, Rimtalba Jean Emmanuel Ou\u00e9draogo, a re\u00e7u en audience, ce lundi 02 mars 2026, le Ministre Conseiller sp\u00e9cial du Pr\u00e9sident du Faso charg\u00e9 des questions de bonne gouvernance et de lutte contre la corruption, Ragnang-Newind\u00e9 Isidore Tiemtor\u00e9, par ailleurs Pr\u00e9sident du Conseil d\u2019orientation de la Commission de r\u00e9gulation des dysfonctionnements. Cette rencontre s\u2019inscrit dans le cadre du suivi des r\u00e9formes engag\u00e9es pour renforcer la gouvernance publique et am\u00e9liorer durablement la performance de l\u2019administration.<\/p>\n","protected":false},"author":5,"featured_media":27836,"comment_status":"open","ping_status":"open","sticky":false,"template":"","format":"standard","meta":{"footnotes":""},"categories":[13,1,8],"tags":[2037,543,2036],"class_list":["post-27833","post","type-post","status-publish","format-standard","has-post-thumbnail","hentry","category-une","category-actu","category-societe","tag-cartographie-des-dysfonctionnements-de-ladministration-publique","tag-lutte-contre-la-corruption","tag-promotion-de-la-bonne-gouvernance"],"yoast_head":"<!-- This site is optimized with the Yoast SEO plugin v27.4 - https:\/\/yoast.com\/product\/yoast-seo-wordpress\/ -->\n<title>Administration publique : Un plan de riposte national lanc\u00e9 pour corriger 421 dysfonctionnements critiques - La Tribune du Faso<\/title>\n<meta name=\"robots\" content=\"index, follow, max-snippet:-1, max-image-preview:large, max-video-preview:-1\" \/>\n<link rel=\"canonical\" href=\"https:\/\/www.latribunedufaso.net\/?p=27833\" \/>\n<meta property=\"og:locale\" content=\"fr_FR\" \/>\n<meta property=\"og:type\" content=\"article\" \/>\n<meta property=\"og:title\" content=\"Administration publique : Un plan de riposte national lanc\u00e9 pour corriger 421 dysfonctionnements critiques - La Tribune du Faso\" \/>\n<meta property=\"og:description\" content=\"Le Premier ministre, Rimtalba Jean Emmanuel Ou\u00e9draogo, a re\u00e7u en audience, ce lundi 02 mars 2026, le Ministre Conseiller sp\u00e9cial du Pr\u00e9sident du Faso charg\u00e9 des questions de bonne gouvernance et de lutte contre la corruption, Ragnang-Newind\u00e9 Isidore Tiemtor\u00e9, par ailleurs Pr\u00e9sident du Conseil d\u2019orientation de la Commission de r\u00e9gulation des dysfonctionnements. Cette rencontre s\u2019inscrit dans le cadre du suivi des r\u00e9formes engag\u00e9es pour renforcer la gouvernance publique et am\u00e9liorer durablement la performance de l\u2019administration.\" \/>\n<meta property=\"og:url\" content=\"https:\/\/www.latribunedufaso.net\/?p=27833\" \/>\n<meta property=\"og:site_name\" content=\"La Tribune du Faso\" \/>\n<meta property=\"article:publisher\" content=\"https:\/\/www.facebook.com\/LatribuneduFaso\/\" \/>\n<meta property=\"article:published_time\" content=\"2026-03-02T15:07:52+00:00\" \/>\n<meta property=\"og:image\" content=\"https:\/\/www.latribunedufaso.net\/wp-content\/uploads\/2026\/03\/FB_IMG_1772463403572.jpg\" \/>\n\t<meta property=\"og:image:width\" content=\"1080\" \/>\n\t<meta property=\"og:image:height\" content=\"790\" \/>\n\t<meta property=\"og:image:type\" content=\"image\/jpeg\" \/>\n<meta name=\"author\" content=\"Issouf Tapsoba\" \/>\n<meta name=\"twitter:label1\" content=\"\u00c9crit par\" \/>\n\t<meta name=\"twitter:data1\" content=\"Issouf Tapsoba\" \/>\n\t<meta name=\"twitter:label2\" content=\"Dur\u00e9e de lecture estim\u00e9e\" \/>\n\t<meta name=\"twitter:data2\" content=\"3 minutes\" \/>\n<script type=\"application\/ld+json\" class=\"yoast-schema-graph\">{\"@context\":\"https:\\\/\\\/schema.org\",\"@graph\":[{\"@type\":\"Article\",\"@id\":\"https:\\\/\\\/www.latribunedufaso.net\\\/?p=27833#article\",\"isPartOf\":{\"@id\":\"https:\\\/\\\/www.latribunedufaso.net\\\/?p=27833\"},\"author\":{\"name\":\"Issouf Tapsoba\",\"@id\":\"https:\\\/\\\/www.latribunedufaso.net\\\/#\\\/schema\\\/person\\\/e54e64c5778a7e72cf80a318b7a622b0\"},\"headline\":\"Administration publique : Un plan de riposte national lanc\u00e9 pour corriger 421 dysfonctionnements critiques\",\"datePublished\":\"2026-03-02T15:07:52+00:00\",\"mainEntityOfPage\":{\"@id\":\"https:\\\/\\\/www.latribunedufaso.net\\\/?p=27833\"},\"wordCount\":463,\"commentCount\":0,\"publisher\":{\"@id\":\"https:\\\/\\\/www.latribunedufaso.net\\\/#organization\"},\"image\":{\"@id\":\"https:\\\/\\\/www.latribunedufaso.net\\\/?p=27833#primaryimage\"},\"thumbnailUrl\":\"https:\\\/\\\/www.latribunedufaso.net\\\/wp-content\\\/uploads\\\/2026\\\/03\\\/FB_IMG_1772463403572.jpg\",\"keywords\":[\"cartographie des dysfonctionnements de l\u2019administration publique\",\"lutte contre la corruption\",\"Promotion de la bonne gouvernance\"],\"articleSection\":[\"A la une\",\"Actualit\u00e9\",\"Soci\u00e9t\u00e9\"],\"inLanguage\":\"fr-FR\",\"potentialAction\":[{\"@type\":\"CommentAction\",\"name\":\"Comment\",\"target\":[\"https:\\\/\\\/www.latribunedufaso.net\\\/?p=27833#respond\"]}]},{\"@type\":\"WebPage\",\"@id\":\"https:\\\/\\\/www.latribunedufaso.net\\\/?p=27833\",\"url\":\"https:\\\/\\\/www.latribunedufaso.net\\\/?p=27833\",\"name\":\"Administration publique : Un plan de riposte national lanc\u00e9 pour corriger 421 dysfonctionnements critiques - La Tribune du Faso\",\"isPartOf\":{\"@id\":\"https:\\\/\\\/www.latribunedufaso.net\\\/#website\"},\"primaryImageOfPage\":{\"@id\":\"https:\\\/\\\/www.latribunedufaso.net\\\/?p=27833#primaryimage\"},\"image\":{\"@id\":\"https:\\\/\\\/www.latribunedufaso.net\\\/?p=27833#primaryimage\"},\"thumbnailUrl\":\"https:\\\/\\\/www.latribunedufaso.net\\\/wp-content\\\/uploads\\\/2026\\\/03\\\/FB_IMG_1772463403572.jpg\",\"datePublished\":\"2026-03-02T15:07:52+00:00\",\"breadcrumb\":{\"@id\":\"https:\\\/\\\/www.latribunedufaso.net\\\/?p=27833#breadcrumb\"},\"inLanguage\":\"fr-FR\",\"potentialAction\":[{\"@type\":\"ReadAction\",\"target\":[\"https:\\\/\\\/www.latribunedufaso.net\\\/?p=27833\"]}]},{\"@type\":\"ImageObject\",\"inLanguage\":\"fr-FR\",\"@id\":\"https:\\\/\\\/www.latribunedufaso.net\\\/?p=27833#primaryimage\",\"url\":\"https:\\\/\\\/www.latribunedufaso.net\\\/wp-content\\\/uploads\\\/2026\\\/03\\\/FB_IMG_1772463403572.jpg\",\"contentUrl\":\"https:\\\/\\\/www.latribunedufaso.net\\\/wp-content\\\/uploads\\\/2026\\\/03\\\/FB_IMG_1772463403572.jpg\",\"width\":1080,\"height\":790,\"caption\":\"Le Conseiller sp\u00e9cial du Pr\u00e9sident du Faso charg\u00e9 des questions de bonne gouvernance et de lutte contre la corruption remet la cartographie des dysfonctionnement de l'administration au Premier ministre, 2 mars 2026\"},{\"@type\":\"BreadcrumbList\",\"@id\":\"https:\\\/\\\/www.latribunedufaso.net\\\/?p=27833#breadcrumb\",\"itemListElement\":[{\"@type\":\"ListItem\",\"position\":1,\"name\":\"Accueil\",\"item\":\"https:\\\/\\\/www.latribunedufaso.net\\\/\"},{\"@type\":\"ListItem\",\"position\":2,\"name\":\"Administration publique : Un plan de riposte national lanc\u00e9 pour corriger 421 dysfonctionnements critiques\"}]},{\"@type\":\"WebSite\",\"@id\":\"https:\\\/\\\/www.latribunedufaso.net\\\/#website\",\"url\":\"https:\\\/\\\/www.latribunedufaso.net\\\/\",\"name\":\"La Tribune du Faso\",\"description\":\"L&#039;information du monde rural en un clic\",\"publisher\":{\"@id\":\"https:\\\/\\\/www.latribunedufaso.net\\\/#organization\"},\"potentialAction\":[{\"@type\":\"SearchAction\",\"target\":{\"@type\":\"EntryPoint\",\"urlTemplate\":\"https:\\\/\\\/www.latribunedufaso.net\\\/?s={search_term_string}\"},\"query-input\":{\"@type\":\"PropertyValueSpecification\",\"valueRequired\":true,\"valueName\":\"search_term_string\"}}],\"inLanguage\":\"fr-FR\"},{\"@type\":\"Organization\",\"@id\":\"https:\\\/\\\/www.latribunedufaso.net\\\/#organization\",\"name\":\"La Tribune du Faso\",\"url\":\"https:\\\/\\\/www.latribunedufaso.net\\\/\",\"logo\":{\"@type\":\"ImageObject\",\"inLanguage\":\"fr-FR\",\"@id\":\"https:\\\/\\\/www.latribunedufaso.net\\\/#\\\/schema\\\/logo\\\/image\\\/\",\"url\":\"https:\\\/\\\/www.latribunedufaso.net\\\/wp-content\\\/uploads\\\/2020\\\/08\\\/Logo-Tribune-du-Faso-final-scaled.jpg\",\"contentUrl\":\"https:\\\/\\\/www.latribunedufaso.net\\\/wp-content\\\/uploads\\\/2020\\\/08\\\/Logo-Tribune-du-Faso-final-scaled.jpg\",\"width\":2560,\"height\":1856,\"caption\":\"La Tribune du Faso\"},\"image\":{\"@id\":\"https:\\\/\\\/www.latribunedufaso.net\\\/#\\\/schema\\\/logo\\\/image\\\/\"},\"sameAs\":[\"https:\\\/\\\/www.facebook.com\\\/LatribuneduFaso\\\/\"]},{\"@type\":\"Person\",\"@id\":\"https:\\\/\\\/www.latribunedufaso.net\\\/#\\\/schema\\\/person\\\/e54e64c5778a7e72cf80a318b7a622b0\",\"name\":\"Issouf Tapsoba\",\"image\":{\"@type\":\"ImageObject\",\"inLanguage\":\"fr-FR\",\"@id\":\"https:\\\/\\\/secure.gravatar.com\\\/avatar\\\/5e6c05150ce3230247d167f5b94d678eb05936197436d69b7921e3a95c9107ac?s=96&d=mm&r=g\",\"url\":\"https:\\\/\\\/secure.gravatar.com\\\/avatar\\\/5e6c05150ce3230247d167f5b94d678eb05936197436d69b7921e3a95c9107ac?s=96&d=mm&r=g\",\"contentUrl\":\"https:\\\/\\\/secure.gravatar.com\\\/avatar\\\/5e6c05150ce3230247d167f5b94d678eb05936197436d69b7921e3a95c9107ac?s=96&d=mm&r=g\",\"caption\":\"Issouf Tapsoba\"},\"url\":\"https:\\\/\\\/www.latribunedufaso.net\\\/?author=5\"}]}<\/script>\n<!-- \/ Yoast SEO plugin. -->","yoast_head_json":{"title":"Administration publique : Un plan de riposte national lanc\u00e9 pour corriger 421 dysfonctionnements critiques - La Tribune du Faso","robots":{"index":"index","follow":"follow","max-snippet":"max-snippet:-1","max-image-preview":"max-image-preview:large","max-video-preview":"max-video-preview:-1"},"canonical":"https:\/\/www.latribunedufaso.net\/?p=27833","og_locale":"fr_FR","og_type":"article","og_title":"Administration publique : Un plan de riposte national lanc\u00e9 pour corriger 421 dysfonctionnements critiques - La Tribune du Faso","og_description":"Le Premier ministre, Rimtalba Jean Emmanuel Ou\u00e9draogo, a re\u00e7u en audience, ce lundi 02 mars 2026, le Ministre Conseiller sp\u00e9cial du Pr\u00e9sident du Faso charg\u00e9 des questions de bonne gouvernance et de lutte contre la corruption, Ragnang-Newind\u00e9 Isidore Tiemtor\u00e9, par ailleurs Pr\u00e9sident du Conseil d\u2019orientation de la Commission de r\u00e9gulation des dysfonctionnements. Cette rencontre s\u2019inscrit dans le cadre du suivi des r\u00e9formes engag\u00e9es pour renforcer la gouvernance publique et am\u00e9liorer durablement la performance de l\u2019administration.","og_url":"https:\/\/www.latribunedufaso.net\/?p=27833","og_site_name":"La Tribune du Faso","article_publisher":"https:\/\/www.facebook.com\/LatribuneduFaso\/","article_published_time":"2026-03-02T15:07:52+00:00","og_image":[{"width":1080,"height":790,"url":"https:\/\/www.latribunedufaso.net\/wp-content\/uploads\/2026\/03\/FB_IMG_1772463403572.jpg","type":"image\/jpeg"}],"author":"Issouf Tapsoba","twitter_misc":{"\u00c9crit par":"Issouf Tapsoba","Dur\u00e9e de lecture estim\u00e9e":"3 minutes"},"schema":{"@context":"https:\/\/schema.org","@graph":[{"@type":"Article","@id":"https:\/\/www.latribunedufaso.net\/?p=27833#article","isPartOf":{"@id":"https:\/\/www.latribunedufaso.net\/?p=27833"},"author":{"name":"Issouf Tapsoba","@id":"https:\/\/www.latribunedufaso.net\/#\/schema\/person\/e54e64c5778a7e72cf80a318b7a622b0"},"headline":"Administration publique : Un plan de riposte national lanc\u00e9 pour corriger 421 dysfonctionnements critiques","datePublished":"2026-03-02T15:07:52+00:00","mainEntityOfPage":{"@id":"https:\/\/www.latribunedufaso.net\/?p=27833"},"wordCount":463,"commentCount":0,"publisher":{"@id":"https:\/\/www.latribunedufaso.net\/#organization"},"image":{"@id":"https:\/\/www.latribunedufaso.net\/?p=27833#primaryimage"},"thumbnailUrl":"https:\/\/www.latribunedufaso.net\/wp-content\/uploads\/2026\/03\/FB_IMG_1772463403572.jpg","keywords":["cartographie des dysfonctionnements de l\u2019administration publique","lutte contre la corruption","Promotion de la bonne gouvernance"],"articleSection":["A la une","Actualit\u00e9","Soci\u00e9t\u00e9"],"inLanguage":"fr-FR","potentialAction":[{"@type":"CommentAction","name":"Comment","target":["https:\/\/www.latribunedufaso.net\/?p=27833#respond"]}]},{"@type":"WebPage","@id":"https:\/\/www.latribunedufaso.net\/?p=27833","url":"https:\/\/www.latribunedufaso.net\/?p=27833","name":"Administration publique : Un plan de riposte national lanc\u00e9 pour corriger 421 dysfonctionnements critiques - La Tribune du Faso","isPartOf":{"@id":"https:\/\/www.latribunedufaso.net\/#website"},"primaryImageOfPage":{"@id":"https:\/\/www.latribunedufaso.net\/?p=27833#primaryimage"},"image":{"@id":"https:\/\/www.latribunedufaso.net\/?p=27833#primaryimage"},"thumbnailUrl":"https:\/\/www.latribunedufaso.net\/wp-content\/uploads\/2026\/03\/FB_IMG_1772463403572.jpg","datePublished":"2026-03-02T15:07:52+00:00","breadcrumb":{"@id":"https:\/\/www.latribunedufaso.net\/?p=27833#breadcrumb"},"inLanguage":"fr-FR","potentialAction":[{"@type":"ReadAction","target":["https:\/\/www.latribunedufaso.net\/?p=27833"]}]},{"@type":"ImageObject","inLanguage":"fr-FR","@id":"https:\/\/www.latribunedufaso.net\/?p=27833#primaryimage","url":"https:\/\/www.latribunedufaso.net\/wp-content\/uploads\/2026\/03\/FB_IMG_1772463403572.jpg","contentUrl":"https:\/\/www.latribunedufaso.net\/wp-content\/uploads\/2026\/03\/FB_IMG_1772463403572.jpg","width":1080,"height":790,"caption":"Le Conseiller sp\u00e9cial du Pr\u00e9sident du Faso charg\u00e9 des questions de bonne gouvernance et de lutte contre la corruption remet la cartographie des dysfonctionnement de l'administration au Premier ministre, 2 mars 2026"},{"@type":"BreadcrumbList","@id":"https:\/\/www.latribunedufaso.net\/?p=27833#breadcrumb","itemListElement":[{"@type":"ListItem","position":1,"name":"Accueil","item":"https:\/\/www.latribunedufaso.net\/"},{"@type":"ListItem","position":2,"name":"Administration publique : Un plan de riposte national lanc\u00e9 pour corriger 421 dysfonctionnements critiques"}]},{"@type":"WebSite","@id":"https:\/\/www.latribunedufaso.net\/#website","url":"https:\/\/www.latribunedufaso.net\/","name":"La Tribune du Faso","description":"L&#039;information du monde rural en un clic","publisher":{"@id":"https:\/\/www.latribunedufaso.net\/#organization"},"potentialAction":[{"@type":"SearchAction","target":{"@type":"EntryPoint","urlTemplate":"https:\/\/www.latribunedufaso.net\/?s={search_term_string}"},"query-input":{"@type":"PropertyValueSpecification","valueRequired":true,"valueName":"search_term_string"}}],"inLanguage":"fr-FR"},{"@type":"Organization","@id":"https:\/\/www.latribunedufaso.net\/#organization","name":"La Tribune du Faso","url":"https:\/\/www.latribunedufaso.net\/","logo":{"@type":"ImageObject","inLanguage":"fr-FR","@id":"https:\/\/www.latribunedufaso.net\/#\/schema\/logo\/image\/","url":"https:\/\/www.latribunedufaso.net\/wp-content\/uploads\/2020\/08\/Logo-Tribune-du-Faso-final-scaled.jpg","contentUrl":"https:\/\/www.latribunedufaso.net\/wp-content\/uploads\/2020\/08\/Logo-Tribune-du-Faso-final-scaled.jpg","width":2560,"height":1856,"caption":"La Tribune du Faso"},"image":{"@id":"https:\/\/www.latribunedufaso.net\/#\/schema\/logo\/image\/"},"sameAs":["https:\/\/www.facebook.com\/LatribuneduFaso\/"]},{"@type":"Person","@id":"https:\/\/www.latribunedufaso.net\/#\/schema\/person\/e54e64c5778a7e72cf80a318b7a622b0","name":"Issouf Tapsoba","image":{"@type":"ImageObject","inLanguage":"fr-FR","@id":"https:\/\/secure.gravatar.com\/avatar\/5e6c05150ce3230247d167f5b94d678eb05936197436d69b7921e3a95c9107ac?s=96&d=mm&r=g","url":"https:\/\/secure.gravatar.com\/avatar\/5e6c05150ce3230247d167f5b94d678eb05936197436d69b7921e3a95c9107ac?s=96&d=mm&r=g","contentUrl":"https:\/\/secure.gravatar.com\/avatar\/5e6c05150ce3230247d167f5b94d678eb05936197436d69b7921e3a95c9107ac?s=96&d=mm&r=g","caption":"Issouf Tapsoba"},"url":"https:\/\/www.latribunedufaso.net\/?author=5"}]}},"_links":{"self":[{"href":"https:\/\/www.latribunedufaso.net\/index.php?rest_route=\/wp\/v2\/posts\/27833","targetHints":{"allow":["GET"]}}],"collection":[{"href":"https:\/\/www.latribunedufaso.net\/index.php?rest_route=\/wp\/v2\/posts"}],"about":[{"href":"https:\/\/www.latribunedufaso.net\/index.php?rest_route=\/wp\/v2\/types\/post"}],"author":[{"embeddable":true,"href":"https:\/\/www.latribunedufaso.net\/index.php?rest_route=\/wp\/v2\/users\/5"}],"replies":[{"embeddable":true,"href":"https:\/\/www.latribunedufaso.net\/index.php?rest_route=%2Fwp%2Fv2%2Fcomments&post=27833"}],"version-history":[{"count":3,"href":"https:\/\/www.latribunedufaso.net\/index.php?rest_route=\/wp\/v2\/posts\/27833\/revisions"}],"predecessor-version":[{"id":27840,"href":"https:\/\/www.latribunedufaso.net\/index.php?rest_route=\/wp\/v2\/posts\/27833\/revisions\/27840"}],"wp:featuredmedia":[{"embeddable":true,"href":"https:\/\/www.latribunedufaso.net\/index.php?rest_route=\/wp\/v2\/media\/27836"}],"wp:attachment":[{"href":"https:\/\/www.latribunedufaso.net\/index.php?rest_route=%2Fwp%2Fv2%2Fmedia&parent=27833"}],"wp:term":[{"taxonomy":"category","embeddable":true,"href":"https:\/\/www.latribunedufaso.net\/index.php?rest_route=%2Fwp%2Fv2%2Fcategories&post=27833"},{"taxonomy":"post_tag","embeddable":true,"href":"https:\/\/www.latribunedufaso.net\/index.php?rest_route=%2Fwp%2Fv2%2Ftags&post=27833"}],"curies":[{"name":"wp","href":"https:\/\/api.w.org\/{rel}","templated":true}]}}