{"id":27778,"date":"2026-03-01T11:31:17","date_gmt":"2026-03-01T11:31:17","guid":{"rendered":"https:\/\/www.latribunedufaso.net\/?p=27778"},"modified":"2026-03-01T11:31:17","modified_gmt":"2026-03-01T11:31:17","slug":"crise-au-moyen-orient-liran-confirme-la-mort-de-layatollah-ali-khamenei-apres-des-frappes-americano-israeliennes","status":"publish","type":"post","link":"https:\/\/www.latribunedufaso.net\/?p=27778","title":{"rendered":"Crise au Moyen-Orient : L\u2019Iran confirme la mort de l\u2019Ayatollah Ali Khamenei apr\u00e8s des frappes am\u00e9ricano-isra\u00e9liennes"},"content":{"rendered":"<p><strong>Les tensions g\u00e9opolitiques au Moyen-Orient ont franchi un seuil critique. Apr\u00e8s l&rsquo;annonce faite par le pr\u00e9sident am\u00e9ricain Donald Trump le 28 f\u00e9vrier 2026, la t\u00e9l\u00e9vision d\u2019\u00c9tat iranienne a officiellement confirm\u00e9, ce 1er mars, le d\u00e9c\u00e8s du Guide supr\u00eame, l\u2019Ayatollah Ali Khamenei. Un deuil national de 40 jours a \u00e9t\u00e9 d\u00e9cr\u00e9t\u00e9 dans tout le pays.<\/strong><!--more--><\/p>\n<p>Ali Khamenei a \u00e9t\u00e9 tu\u00e9 lors de frappes a\u00e9riennes massives et coordonn\u00e9es men\u00e9es par les \u00c9tats-Unis et Isra\u00ebl dans la nuit du 28 f\u00e9vrier 2026. Sa r\u00e9sidence \u00e0 T\u00e9h\u00e9ran, ainsi que plusieurs sites strat\u00e9giques \u00e0 Ispahan et Tabriz, ont \u00e9t\u00e9 les cibles privil\u00e9gi\u00e9es de cette offensive. Le pr\u00e9sident Donald Trump a revendiqu\u00e9 l&rsquo;op\u00e9ration, la pr\u00e9sentant comme une action contre le programme nucl\u00e9aire iranien et les menaces r\u00e9gionales.<\/p>\n<h3>Escalade militaire et menace sur l&rsquo;\u00e9conomie mondiale<\/h3>\n<p>La r\u00e9action de T\u00e9h\u00e9ran ne s&rsquo;est pas fait attendre. L\u2019Iran a lanc\u00e9 des salves de missiles balistiques vers Isra\u00ebl et les bases am\u00e9ricaines stationn\u00e9es dans le Golfe. Les Gardiens de la r\u00e9volution, apr\u00e8s avoir rompu le silence sur le sort du Guide, ont promis, selon l\u2019AFP, <em><strong>\u00ab la plus f\u00e9roce offensive de l\u2019histoire \u00bb<\/strong><\/em> contre l\u2019\u00c9tat h\u00e9breu et les \u00c9tats-Unis.<\/p>\n<p>Signe de l&rsquo;aggravation du conflit, l&rsquo;Iran a annonc\u00e9 la fermeture imm\u00e9diate du d\u00e9troit d\u2019Ormuz. Cette d\u00e9cision menace de paralyser le commerce \u00e9nerg\u00e9tique mondial. Corridor strat\u00e9gique, le d\u00e9troit a vu transiter environ 17 millions de barils de p\u00e9trole brut et de condensats par jour en 2025, selon les donn\u00e9es de Financial Afrik. Une telle interruption pourrait provoquer une flamb\u00e9e historique du cours du baril de p\u00e9trole.<\/p>\n<h3>Le cri d&rsquo;alarme de la communaut\u00e9 internationale<\/h3>\n<p>R\u00e9uni en urgence ce 28 f\u00e9vrier, le Conseil de s\u00e9curit\u00e9 de l&rsquo;ONU a entendu le plaidoyer du Secr\u00e9taire g\u00e9n\u00e9ral, Ant\u00f3nio Guterres. Ce dernier a appel\u00e9 \u00e0 une cessation imm\u00e9diate des hostilit\u00e9s : <em><strong>\u00ab Le recours \u00e0 la force par les \u00c9tats-Unis et Isra\u00ebl contre l\u2019Iran, et les repr\u00e9sailles qui s\u2019ensuivent dans toute la r\u00e9gion, compromettent gravement la paix et la s\u00e9curit\u00e9 internationales \u00bb,<\/strong><\/em> a-t-il averti.<\/p>\n<blockquote>\n<p>Lire aussi &gt;&gt;\u00a0<a href=\"https:\/\/www.latribunedufaso.net\/?p=13003\">Coop\u00e9ration bilat\u00e9rale : Le Premier ministre en visite de travail et d\u2019amiti\u00e9 en Iran<\/a><\/p>\n<\/blockquote>\n<p>Alors que le monde retient son souffle, l&rsquo;incertitude demeure quant \u00e0 la succession du Guide et \u00e0 l&rsquo;ampleur de la riposte iranienne promise.<\/p>\n<p><strong>Latribunedufaso.net<\/strong><\/p>\n","protected":false},"excerpt":{"rendered":"<p>Les tensions g\u00e9opolitiques au Moyen-Orient ont franchi un seuil critique. Apr\u00e8s l&rsquo;annonce faite par le pr\u00e9sident am\u00e9ricain Donald Trump le 28 f\u00e9vrier 2026, la t\u00e9l\u00e9vision d\u2019\u00c9tat iranienne a officiellement confirm\u00e9, ce 1er mars, le d\u00e9c\u00e8s du Guide supr\u00eame, l\u2019Ayatollah Ali Khamenei. Un deuil national de 40 jours a \u00e9t\u00e9 d\u00e9cr\u00e9t\u00e9 dans tout le pays.<\/p>\n","protected":false},"author":5,"featured_media":27785,"comment_status":"open","ping_status":"open","sticky":false,"template":"","format":"standard","meta":{"footnotes":""},"categories":[13,1,9],"tags":[2029,39,2030],"class_list":["post-27778","post","type-post","status-publish","format-standard","has-post-thumbnail","hentry","category-une","category-actu","category-inter","tag-crise-au-moyen-orient","tag-latribunedufaso-net","tag-mort-de-layatollah-ali-khamenei"],"yoast_head":"<!-- This site is optimized with the Yoast SEO plugin v27.4 - https:\/\/yoast.com\/product\/yoast-seo-wordpress\/ -->\n<title>Crise au Moyen-Orient : L\u2019Iran confirme la mort de l\u2019Ayatollah Ali Khamenei apr\u00e8s des frappes am\u00e9ricano-isra\u00e9liennes - La Tribune du Faso<\/title>\n<meta name=\"robots\" content=\"index, follow, max-snippet:-1, max-image-preview:large, max-video-preview:-1\" \/>\n<link rel=\"canonical\" href=\"https:\/\/www.latribunedufaso.net\/?p=27778\" \/>\n<meta property=\"og:locale\" content=\"fr_FR\" \/>\n<meta property=\"og:type\" content=\"article\" \/>\n<meta property=\"og:title\" content=\"Crise au Moyen-Orient : L\u2019Iran confirme la mort de l\u2019Ayatollah Ali Khamenei apr\u00e8s des frappes am\u00e9ricano-isra\u00e9liennes - La Tribune du Faso\" \/>\n<meta property=\"og:description\" content=\"Les tensions g\u00e9opolitiques au Moyen-Orient ont franchi un seuil critique. Apr\u00e8s l&rsquo;annonce faite par le pr\u00e9sident am\u00e9ricain Donald Trump le 28 f\u00e9vrier 2026, la t\u00e9l\u00e9vision d\u2019\u00c9tat iranienne a officiellement confirm\u00e9, ce 1er mars, le d\u00e9c\u00e8s du Guide supr\u00eame, l\u2019Ayatollah Ali Khamenei. Un deuil national de 40 jours a \u00e9t\u00e9 d\u00e9cr\u00e9t\u00e9 dans tout le pays.\" \/>\n<meta property=\"og:url\" content=\"https:\/\/www.latribunedufaso.net\/?p=27778\" \/>\n<meta property=\"og:site_name\" content=\"La Tribune du Faso\" \/>\n<meta property=\"article:publisher\" content=\"https:\/\/www.facebook.com\/LatribuneduFaso\/\" \/>\n<meta property=\"article:published_time\" content=\"2026-03-01T11:31:17+00:00\" \/>\n<meta property=\"og:image\" content=\"https:\/\/www.latribunedufaso.net\/wp-content\/uploads\/2026\/03\/FB_IMG_1772356002905.jpg\" \/>\n\t<meta property=\"og:image:width\" content=\"1266\" \/>\n\t<meta property=\"og:image:height\" content=\"950\" \/>\n\t<meta property=\"og:image:type\" content=\"image\/jpeg\" \/>\n<meta name=\"author\" content=\"Issouf Tapsoba\" \/>\n<meta name=\"twitter:label1\" content=\"\u00c9crit par\" \/>\n\t<meta name=\"twitter:data1\" content=\"Issouf Tapsoba\" \/>\n\t<meta name=\"twitter:label2\" content=\"Dur\u00e9e de lecture estim\u00e9e\" \/>\n\t<meta name=\"twitter:data2\" content=\"2 minutes\" \/>\n<script type=\"application\/ld+json\" class=\"yoast-schema-graph\">{\"@context\":\"https:\\\/\\\/schema.org\",\"@graph\":[{\"@type\":\"Article\",\"@id\":\"https:\\\/\\\/www.latribunedufaso.net\\\/?p=27778#article\",\"isPartOf\":{\"@id\":\"https:\\\/\\\/www.latribunedufaso.net\\\/?p=27778\"},\"author\":{\"name\":\"Issouf Tapsoba\",\"@id\":\"https:\\\/\\\/www.latribunedufaso.net\\\/#\\\/schema\\\/person\\\/e54e64c5778a7e72cf80a318b7a622b0\"},\"headline\":\"Crise au Moyen-Orient : L\u2019Iran confirme la mort de l\u2019Ayatollah Ali Khamenei apr\u00e8s des frappes am\u00e9ricano-isra\u00e9liennes\",\"datePublished\":\"2026-03-01T11:31:17+00:00\",\"mainEntityOfPage\":{\"@id\":\"https:\\\/\\\/www.latribunedufaso.net\\\/?p=27778\"},\"wordCount\":451,\"commentCount\":0,\"publisher\":{\"@id\":\"https:\\\/\\\/www.latribunedufaso.net\\\/#organization\"},\"image\":{\"@id\":\"https:\\\/\\\/www.latribunedufaso.net\\\/?p=27778#primaryimage\"},\"thumbnailUrl\":\"https:\\\/\\\/www.latribunedufaso.net\\\/wp-content\\\/uploads\\\/2026\\\/03\\\/FB_IMG_1772356002905.jpg\",\"keywords\":[\"Crise au Moyen-Orient\",\"latribunedufaso.net\",\"Mort de l\u2019Ayatollah Ali Khamenei\"],\"articleSection\":[\"A la une\",\"Actualit\u00e9\",\"International\"],\"inLanguage\":\"fr-FR\",\"potentialAction\":[{\"@type\":\"CommentAction\",\"name\":\"Comment\",\"target\":[\"https:\\\/\\\/www.latribunedufaso.net\\\/?p=27778#respond\"]}]},{\"@type\":\"WebPage\",\"@id\":\"https:\\\/\\\/www.latribunedufaso.net\\\/?p=27778\",\"url\":\"https:\\\/\\\/www.latribunedufaso.net\\\/?p=27778\",\"name\":\"Crise au Moyen-Orient : L\u2019Iran confirme la mort de l\u2019Ayatollah Ali Khamenei apr\u00e8s des frappes am\u00e9ricano-isra\u00e9liennes - La Tribune du Faso\",\"isPartOf\":{\"@id\":\"https:\\\/\\\/www.latribunedufaso.net\\\/#website\"},\"primaryImageOfPage\":{\"@id\":\"https:\\\/\\\/www.latribunedufaso.net\\\/?p=27778#primaryimage\"},\"image\":{\"@id\":\"https:\\\/\\\/www.latribunedufaso.net\\\/?p=27778#primaryimage\"},\"thumbnailUrl\":\"https:\\\/\\\/www.latribunedufaso.net\\\/wp-content\\\/uploads\\\/2026\\\/03\\\/FB_IMG_1772356002905.jpg\",\"datePublished\":\"2026-03-01T11:31:17+00:00\",\"breadcrumb\":{\"@id\":\"https:\\\/\\\/www.latribunedufaso.net\\\/?p=27778#breadcrumb\"},\"inLanguage\":\"fr-FR\",\"potentialAction\":[{\"@type\":\"ReadAction\",\"target\":[\"https:\\\/\\\/www.latribunedufaso.net\\\/?p=27778\"]}]},{\"@type\":\"ImageObject\",\"inLanguage\":\"fr-FR\",\"@id\":\"https:\\\/\\\/www.latribunedufaso.net\\\/?p=27778#primaryimage\",\"url\":\"https:\\\/\\\/www.latribunedufaso.net\\\/wp-content\\\/uploads\\\/2026\\\/03\\\/FB_IMG_1772356002905.jpg\",\"contentUrl\":\"https:\\\/\\\/www.latribunedufaso.net\\\/wp-content\\\/uploads\\\/2026\\\/03\\\/FB_IMG_1772356002905.jpg\",\"width\":1266,\"height\":950,\"caption\":\"Mort du guide iranien l\u2019Ayatollah Ali Khamenei apr\u00e8s des frappes am\u00e9ricano-isra\u00e9liennes, 28 f\u00e9vrier 2026\"},{\"@type\":\"BreadcrumbList\",\"@id\":\"https:\\\/\\\/www.latribunedufaso.net\\\/?p=27778#breadcrumb\",\"itemListElement\":[{\"@type\":\"ListItem\",\"position\":1,\"name\":\"Accueil\",\"item\":\"https:\\\/\\\/www.latribunedufaso.net\\\/\"},{\"@type\":\"ListItem\",\"position\":2,\"name\":\"Crise au Moyen-Orient : L\u2019Iran confirme la mort de l\u2019Ayatollah Ali Khamenei apr\u00e8s des frappes am\u00e9ricano-isra\u00e9liennes\"}]},{\"@type\":\"WebSite\",\"@id\":\"https:\\\/\\\/www.latribunedufaso.net\\\/#website\",\"url\":\"https:\\\/\\\/www.latribunedufaso.net\\\/\",\"name\":\"La Tribune du Faso\",\"description\":\"L&#039;information du monde rural en un clic\",\"publisher\":{\"@id\":\"https:\\\/\\\/www.latribunedufaso.net\\\/#organization\"},\"potentialAction\":[{\"@type\":\"SearchAction\",\"target\":{\"@type\":\"EntryPoint\",\"urlTemplate\":\"https:\\\/\\\/www.latribunedufaso.net\\\/?s={search_term_string}\"},\"query-input\":{\"@type\":\"PropertyValueSpecification\",\"valueRequired\":true,\"valueName\":\"search_term_string\"}}],\"inLanguage\":\"fr-FR\"},{\"@type\":\"Organization\",\"@id\":\"https:\\\/\\\/www.latribunedufaso.net\\\/#organization\",\"name\":\"La Tribune du Faso\",\"url\":\"https:\\\/\\\/www.latribunedufaso.net\\\/\",\"logo\":{\"@type\":\"ImageObject\",\"inLanguage\":\"fr-FR\",\"@id\":\"https:\\\/\\\/www.latribunedufaso.net\\\/#\\\/schema\\\/logo\\\/image\\\/\",\"url\":\"https:\\\/\\\/www.latribunedufaso.net\\\/wp-content\\\/uploads\\\/2020\\\/08\\\/Logo-Tribune-du-Faso-final-scaled.jpg\",\"contentUrl\":\"https:\\\/\\\/www.latribunedufaso.net\\\/wp-content\\\/uploads\\\/2020\\\/08\\\/Logo-Tribune-du-Faso-final-scaled.jpg\",\"width\":2560,\"height\":1856,\"caption\":\"La Tribune du Faso\"},\"image\":{\"@id\":\"https:\\\/\\\/www.latribunedufaso.net\\\/#\\\/schema\\\/logo\\\/image\\\/\"},\"sameAs\":[\"https:\\\/\\\/www.facebook.com\\\/LatribuneduFaso\\\/\"]},{\"@type\":\"Person\",\"@id\":\"https:\\\/\\\/www.latribunedufaso.net\\\/#\\\/schema\\\/person\\\/e54e64c5778a7e72cf80a318b7a622b0\",\"name\":\"Issouf Tapsoba\",\"image\":{\"@type\":\"ImageObject\",\"inLanguage\":\"fr-FR\",\"@id\":\"https:\\\/\\\/secure.gravatar.com\\\/avatar\\\/5e6c05150ce3230247d167f5b94d678eb05936197436d69b7921e3a95c9107ac?s=96&d=mm&r=g\",\"url\":\"https:\\\/\\\/secure.gravatar.com\\\/avatar\\\/5e6c05150ce3230247d167f5b94d678eb05936197436d69b7921e3a95c9107ac?s=96&d=mm&r=g\",\"contentUrl\":\"https:\\\/\\\/secure.gravatar.com\\\/avatar\\\/5e6c05150ce3230247d167f5b94d678eb05936197436d69b7921e3a95c9107ac?s=96&d=mm&r=g\",\"caption\":\"Issouf Tapsoba\"},\"url\":\"https:\\\/\\\/www.latribunedufaso.net\\\/?author=5\"}]}<\/script>\n<!-- \/ Yoast SEO plugin. -->","yoast_head_json":{"title":"Crise au Moyen-Orient : L\u2019Iran confirme la mort de l\u2019Ayatollah Ali Khamenei apr\u00e8s des frappes am\u00e9ricano-isra\u00e9liennes - La Tribune du Faso","robots":{"index":"index","follow":"follow","max-snippet":"max-snippet:-1","max-image-preview":"max-image-preview:large","max-video-preview":"max-video-preview:-1"},"canonical":"https:\/\/www.latribunedufaso.net\/?p=27778","og_locale":"fr_FR","og_type":"article","og_title":"Crise au Moyen-Orient : L\u2019Iran confirme la mort de l\u2019Ayatollah Ali Khamenei apr\u00e8s des frappes am\u00e9ricano-isra\u00e9liennes - La Tribune du Faso","og_description":"Les tensions g\u00e9opolitiques au Moyen-Orient ont franchi un seuil critique. Apr\u00e8s l&rsquo;annonce faite par le pr\u00e9sident am\u00e9ricain Donald Trump le 28 f\u00e9vrier 2026, la t\u00e9l\u00e9vision d\u2019\u00c9tat iranienne a officiellement confirm\u00e9, ce 1er mars, le d\u00e9c\u00e8s du Guide supr\u00eame, l\u2019Ayatollah Ali Khamenei. Un deuil national de 40 jours a \u00e9t\u00e9 d\u00e9cr\u00e9t\u00e9 dans tout le pays.","og_url":"https:\/\/www.latribunedufaso.net\/?p=27778","og_site_name":"La Tribune du Faso","article_publisher":"https:\/\/www.facebook.com\/LatribuneduFaso\/","article_published_time":"2026-03-01T11:31:17+00:00","og_image":[{"width":1266,"height":950,"url":"https:\/\/www.latribunedufaso.net\/wp-content\/uploads\/2026\/03\/FB_IMG_1772356002905.jpg","type":"image\/jpeg"}],"author":"Issouf Tapsoba","twitter_misc":{"\u00c9crit par":"Issouf Tapsoba","Dur\u00e9e de lecture estim\u00e9e":"2 minutes"},"schema":{"@context":"https:\/\/schema.org","@graph":[{"@type":"Article","@id":"https:\/\/www.latribunedufaso.net\/?p=27778#article","isPartOf":{"@id":"https:\/\/www.latribunedufaso.net\/?p=27778"},"author":{"name":"Issouf Tapsoba","@id":"https:\/\/www.latribunedufaso.net\/#\/schema\/person\/e54e64c5778a7e72cf80a318b7a622b0"},"headline":"Crise au Moyen-Orient : L\u2019Iran confirme la mort de l\u2019Ayatollah Ali Khamenei apr\u00e8s des frappes am\u00e9ricano-isra\u00e9liennes","datePublished":"2026-03-01T11:31:17+00:00","mainEntityOfPage":{"@id":"https:\/\/www.latribunedufaso.net\/?p=27778"},"wordCount":451,"commentCount":0,"publisher":{"@id":"https:\/\/www.latribunedufaso.net\/#organization"},"image":{"@id":"https:\/\/www.latribunedufaso.net\/?p=27778#primaryimage"},"thumbnailUrl":"https:\/\/www.latribunedufaso.net\/wp-content\/uploads\/2026\/03\/FB_IMG_1772356002905.jpg","keywords":["Crise au Moyen-Orient","latribunedufaso.net","Mort de l\u2019Ayatollah Ali Khamenei"],"articleSection":["A la une","Actualit\u00e9","International"],"inLanguage":"fr-FR","potentialAction":[{"@type":"CommentAction","name":"Comment","target":["https:\/\/www.latribunedufaso.net\/?p=27778#respond"]}]},{"@type":"WebPage","@id":"https:\/\/www.latribunedufaso.net\/?p=27778","url":"https:\/\/www.latribunedufaso.net\/?p=27778","name":"Crise au Moyen-Orient : L\u2019Iran confirme la mort de l\u2019Ayatollah Ali Khamenei apr\u00e8s des frappes am\u00e9ricano-isra\u00e9liennes - La Tribune du Faso","isPartOf":{"@id":"https:\/\/www.latribunedufaso.net\/#website"},"primaryImageOfPage":{"@id":"https:\/\/www.latribunedufaso.net\/?p=27778#primaryimage"},"image":{"@id":"https:\/\/www.latribunedufaso.net\/?p=27778#primaryimage"},"thumbnailUrl":"https:\/\/www.latribunedufaso.net\/wp-content\/uploads\/2026\/03\/FB_IMG_1772356002905.jpg","datePublished":"2026-03-01T11:31:17+00:00","breadcrumb":{"@id":"https:\/\/www.latribunedufaso.net\/?p=27778#breadcrumb"},"inLanguage":"fr-FR","potentialAction":[{"@type":"ReadAction","target":["https:\/\/www.latribunedufaso.net\/?p=27778"]}]},{"@type":"ImageObject","inLanguage":"fr-FR","@id":"https:\/\/www.latribunedufaso.net\/?p=27778#primaryimage","url":"https:\/\/www.latribunedufaso.net\/wp-content\/uploads\/2026\/03\/FB_IMG_1772356002905.jpg","contentUrl":"https:\/\/www.latribunedufaso.net\/wp-content\/uploads\/2026\/03\/FB_IMG_1772356002905.jpg","width":1266,"height":950,"caption":"Mort du guide iranien l\u2019Ayatollah Ali Khamenei apr\u00e8s des frappes am\u00e9ricano-isra\u00e9liennes, 28 f\u00e9vrier 2026"},{"@type":"BreadcrumbList","@id":"https:\/\/www.latribunedufaso.net\/?p=27778#breadcrumb","itemListElement":[{"@type":"ListItem","position":1,"name":"Accueil","item":"https:\/\/www.latribunedufaso.net\/"},{"@type":"ListItem","position":2,"name":"Crise au Moyen-Orient : L\u2019Iran confirme la mort de l\u2019Ayatollah Ali Khamenei apr\u00e8s des frappes am\u00e9ricano-isra\u00e9liennes"}]},{"@type":"WebSite","@id":"https:\/\/www.latribunedufaso.net\/#website","url":"https:\/\/www.latribunedufaso.net\/","name":"La Tribune du Faso","description":"L&#039;information du monde rural en un clic","publisher":{"@id":"https:\/\/www.latribunedufaso.net\/#organization"},"potentialAction":[{"@type":"SearchAction","target":{"@type":"EntryPoint","urlTemplate":"https:\/\/www.latribunedufaso.net\/?s={search_term_string}"},"query-input":{"@type":"PropertyValueSpecification","valueRequired":true,"valueName":"search_term_string"}}],"inLanguage":"fr-FR"},{"@type":"Organization","@id":"https:\/\/www.latribunedufaso.net\/#organization","name":"La Tribune du Faso","url":"https:\/\/www.latribunedufaso.net\/","logo":{"@type":"ImageObject","inLanguage":"fr-FR","@id":"https:\/\/www.latribunedufaso.net\/#\/schema\/logo\/image\/","url":"https:\/\/www.latribunedufaso.net\/wp-content\/uploads\/2020\/08\/Logo-Tribune-du-Faso-final-scaled.jpg","contentUrl":"https:\/\/www.latribunedufaso.net\/wp-content\/uploads\/2020\/08\/Logo-Tribune-du-Faso-final-scaled.jpg","width":2560,"height":1856,"caption":"La Tribune du Faso"},"image":{"@id":"https:\/\/www.latribunedufaso.net\/#\/schema\/logo\/image\/"},"sameAs":["https:\/\/www.facebook.com\/LatribuneduFaso\/"]},{"@type":"Person","@id":"https:\/\/www.latribunedufaso.net\/#\/schema\/person\/e54e64c5778a7e72cf80a318b7a622b0","name":"Issouf Tapsoba","image":{"@type":"ImageObject","inLanguage":"fr-FR","@id":"https:\/\/secure.gravatar.com\/avatar\/5e6c05150ce3230247d167f5b94d678eb05936197436d69b7921e3a95c9107ac?s=96&d=mm&r=g","url":"https:\/\/secure.gravatar.com\/avatar\/5e6c05150ce3230247d167f5b94d678eb05936197436d69b7921e3a95c9107ac?s=96&d=mm&r=g","contentUrl":"https:\/\/secure.gravatar.com\/avatar\/5e6c05150ce3230247d167f5b94d678eb05936197436d69b7921e3a95c9107ac?s=96&d=mm&r=g","caption":"Issouf Tapsoba"},"url":"https:\/\/www.latribunedufaso.net\/?author=5"}]}},"_links":{"self":[{"href":"https:\/\/www.latribunedufaso.net\/index.php?rest_route=\/wp\/v2\/posts\/27778","targetHints":{"allow":["GET"]}}],"collection":[{"href":"https:\/\/www.latribunedufaso.net\/index.php?rest_route=\/wp\/v2\/posts"}],"about":[{"href":"https:\/\/www.latribunedufaso.net\/index.php?rest_route=\/wp\/v2\/types\/post"}],"author":[{"embeddable":true,"href":"https:\/\/www.latribunedufaso.net\/index.php?rest_route=\/wp\/v2\/users\/5"}],"replies":[{"embeddable":true,"href":"https:\/\/www.latribunedufaso.net\/index.php?rest_route=%2Fwp%2Fv2%2Fcomments&post=27778"}],"version-history":[{"count":4,"href":"https:\/\/www.latribunedufaso.net\/index.php?rest_route=\/wp\/v2\/posts\/27778\/revisions"}],"predecessor-version":[{"id":27782,"href":"https:\/\/www.latribunedufaso.net\/index.php?rest_route=\/wp\/v2\/posts\/27778\/revisions\/27782"}],"wp:featuredmedia":[{"embeddable":true,"href":"https:\/\/www.latribunedufaso.net\/index.php?rest_route=\/wp\/v2\/media\/27785"}],"wp:attachment":[{"href":"https:\/\/www.latribunedufaso.net\/index.php?rest_route=%2Fwp%2Fv2%2Fmedia&parent=27778"}],"wp:term":[{"taxonomy":"category","embeddable":true,"href":"https:\/\/www.latribunedufaso.net\/index.php?rest_route=%2Fwp%2Fv2%2Fcategories&post=27778"},{"taxonomy":"post_tag","embeddable":true,"href":"https:\/\/www.latribunedufaso.net\/index.php?rest_route=%2Fwp%2Fv2%2Ftags&post=27778"}],"curies":[{"name":"wp","href":"https:\/\/api.w.org\/{rel}","templated":true}]}}