{"id":27746,"date":"2026-02-26T16:06:07","date_gmt":"2026-02-26T16:06:07","guid":{"rendered":"https:\/\/www.latribunedufaso.net\/?p=27746"},"modified":"2026-02-26T16:07:49","modified_gmt":"2026-02-26T16:07:49","slug":"conseil-des-ministres-quelles-sont-les-sanctions-de-laffaire-camera-korag","status":"publish","type":"post","link":"https:\/\/www.latribunedufaso.net\/?p=27746","title":{"rendered":"Conseil des ministres : Quelles sont les sanctions de l\u2019affaire \u00ab cam\u00e9ra KORAG \u00bb ?"},"content":{"rendered":"<p><strong>Le Pr\u00e9sident du Faso, Chef de l\u2019\u00c9tat, Son Excellence le Capitaine Ibrahim TRAOR\u00c9, a pr\u00e9sid\u00e9, le 26 f\u00e9vrier 2026 \u00e0 Ouagadougou, l\u2019hebdomadaire Conseil des ministres. Selon le Ministre Porte-parole du Gouvernement M. Pingdwend\u00e9 Gilbert OU\u00c9DRAOGO, le Conseil a examin\u00e9 et adopt\u00e9 plusieurs dossiers et pris d&rsquo;importantes d\u00e9cisions pour l&rsquo;am\u00e9lioration des conditions de vie du Peuple burkinab\u00e8 conform\u00e9ment \u00e0 la R\u00e9volution Progressiste Populaire.<\/strong><!--more--><\/p>\n<p>\u200ePour le compte du minist\u00e8re de la S\u00e9curit\u00e9, le Conseil a adopt\u00e9 un rapport relatif \u00e0 un projet d&rsquo;ordonnance portant institution d&rsquo;un avancement \u00e0 titre exceptionnel au profit des Forces de s\u00e9curit\u00e9 int\u00e9rieure. Le Ministre de la S\u00e9curit\u00e9, le Commissaire divisionnaire de police Mahamadou SANA indique que dans le cadre de leurs missions, les Forces de s\u00e9curit\u00e9 int\u00e9rieure ont fait montre d\u2019abn\u00e9gation, d\u2019engagement, de d\u00e9termination et de courage exceptionnel, parfois au prix du sacrifice supr\u00eame pour que le Burkina reste debout.<\/p>\n<figure id=\"attachment_27751\" aria-describedby=\"caption-attachment-27751\" style=\"width: 1141px\" class=\"wp-caption aligncenter\"><a href=\"https:\/\/www.latribunedufaso.net\/wp-content\/uploads\/2026\/02\/IMG-20260226-WA0029.jpg\"><img loading=\"lazy\" decoding=\"async\" class=\"size-full wp-image-27751\" src=\"https:\/\/www.latribunedufaso.net\/wp-content\/uploads\/2026\/02\/IMG-20260226-WA0029.jpg\" alt=\"Conseil des ministres du 26 f\u00e9vrier 2026\" width=\"1141\" height=\"1600\" srcset=\"https:\/\/www.latribunedufaso.net\/wp-content\/uploads\/2026\/02\/IMG-20260226-WA0029.jpg 1141w, https:\/\/www.latribunedufaso.net\/wp-content\/uploads\/2026\/02\/IMG-20260226-WA0029-214x300.jpg 214w, https:\/\/www.latribunedufaso.net\/wp-content\/uploads\/2026\/02\/IMG-20260226-WA0029-730x1024.jpg 730w, https:\/\/www.latribunedufaso.net\/wp-content\/uploads\/2026\/02\/IMG-20260226-WA0029-768x1077.jpg 768w, https:\/\/www.latribunedufaso.net\/wp-content\/uploads\/2026\/02\/IMG-20260226-WA0029-1095x1536.jpg 1095w\" sizes=\"auto, (max-width: 1141px) 100vw, 1141px\" \/><\/a><figcaption id=\"caption-attachment-27751\" class=\"wp-caption-text\">Selon le Ministre de la S\u00e9curit\u00e9, le Commissaire divisionnaire de Police Mahamadou SANA, pour renforcer la motivation, la discipline et l&rsquo;efficacit\u00e9 op\u00e9rationnelle des Forces de S\u00e9curit\u00e9 int\u00e9rieure, le Conseil a adopt\u00e9 l&rsquo;avancement \u00e0 titre exceptionnel au profit des Forces de s\u00e9curit\u00e9 int\u00e9rieure &#8211; Ph. DR<\/figcaption><\/figure>\n<p>\u200e<em><strong>\u00ab Dans un souci de renforcer la motivation, la discipline et l&rsquo;efficacit\u00e9 op\u00e9rationnelle, il \u00e9tait n\u00e9cessaire de prendre des mesures exceptionnelles et d\u00e9rogatoires en mati\u00e8re de gestion de carri\u00e8re de ces forces combattantes. Ces mesures concernent essentiellement l&rsquo;avancement \u00e0 titre exceptionnel, soit de grade en grade, soit avec acc\u00e8s \u00e0 un corps imm\u00e9diatement sup\u00e9rieur, en reconnaissance des faits d\u2019\u00e9clat ou des services exceptionnels rendus \u00e0 la Nation en temps de paix ou en temps de crise ou en temps de conflit arm\u00e9 ou m\u00eame lors d&rsquo;une mission sp\u00e9ciale \u00bb,<\/strong><\/em> indique le Ministre SANA.<\/p>\n<p>\u200eLe Ministre de la S\u00e9curit\u00e9 explique que sont consid\u00e9r\u00e9s comme faits d\u2019\u00e9clat, le fait de repousser une attaque terroriste ou tendre une embuscade ou assi\u00e9ger une base terroriste, neutraliser le maximum d&rsquo;ennemis et de r\u00e9cup\u00e9rer le maximum de mat\u00e9riel.<\/p>\n<h3>\u200eSuite de l\u2019affaire \u00ab cam\u00e9ra KORAG \u00bb : les sanctions sont tomb\u00e9es<\/h3>\n<p>Pour le compte du Minist\u00e8re des Serviteurs du Peuple, le Conseil a entendu une communication orale relative aux agents publics coupables d&rsquo;actes de corruption r\u00e9v\u00e9l\u00e9s par le KORAG. La communication orale rend compte des proc\u00e9dures disciplinaires engag\u00e9es contre trois des sept agents concern\u00e9s.<\/p>\n<figure id=\"attachment_27750\" aria-describedby=\"caption-attachment-27750\" style=\"width: 1202px\" class=\"wp-caption aligncenter\"><a href=\"https:\/\/www.latribunedufaso.net\/wp-content\/uploads\/2026\/02\/IMG-20260226-WA0030.jpg\"><img loading=\"lazy\" decoding=\"async\" class=\"size-full wp-image-27750\" src=\"https:\/\/www.latribunedufaso.net\/wp-content\/uploads\/2026\/02\/IMG-20260226-WA0030.jpg\" alt=\"Conseil des ministres du 26 f\u00e9vrier 2026\" width=\"1202\" height=\"1600\" srcset=\"https:\/\/www.latribunedufaso.net\/wp-content\/uploads\/2026\/02\/IMG-20260226-WA0030.jpg 1202w, https:\/\/www.latribunedufaso.net\/wp-content\/uploads\/2026\/02\/IMG-20260226-WA0030-225x300.jpg 225w, https:\/\/www.latribunedufaso.net\/wp-content\/uploads\/2026\/02\/IMG-20260226-WA0030-769x1024.jpg 769w, https:\/\/www.latribunedufaso.net\/wp-content\/uploads\/2026\/02\/IMG-20260226-WA0030-768x1022.jpg 768w, https:\/\/www.latribunedufaso.net\/wp-content\/uploads\/2026\/02\/IMG-20260226-WA0030-1154x1536.jpg 1154w\" sizes=\"auto, (max-width: 1202px) 100vw, 1202px\" \/><\/a><figcaption id=\"caption-attachment-27750\" class=\"wp-caption-text\">Le Ministre des Serviteurs du Peuple, M. Mathias TRAOR\u00c9 a soulign\u00e9 que le Conseil a pris des sanctions pour faire suite \u00e0 l&rsquo;affaire des faits de corruption d&rsquo;agents publics, r\u00e9v\u00e9l\u00e9e par le KORAG &#8211; Ph. DR<\/figcaption><\/figure>\n<p>\u200eSelon le Ministre des Serviteurs du Peuple, M. Mathias TRAOR\u00c9, le Conseil a d\u00e9cid\u00e9 de r\u00e9trograder M. SAKAND\u00c9 Seni, matricule 240 559, adjudant de police, au grade de Sergent-chef de police, de r\u00e9voquer M. BOA Jacques, matricule 278 480 M, m\u00e9decin sp\u00e9cialiste en stomatologie et chirurgie maxillo-faciale. Quant \u00e0 M. OU\u00c9DRAOGO Abdoul Rachid, matricule 1104-2021-0068, agent de police, il est relax\u00e9 au b\u00e9n\u00e9fice du doute.<\/p>\n<p>\u200e<strong>Latribunedufaso.net<\/strong><\/p>\n<p><strong>\u200eSource : Direction de la communication de la Pr\u00e9sidence du Faso<\/strong><\/p>\n<p>Lire aussi &gt;&gt;\u00a0<a href=\"https:\/\/www.latribunedufaso.net\/?p=27614\">Conseil des ministres : Baisse historique des cas et d\u00e9c\u00e8s (48%) li\u00e9s au paludisme en 2025<\/a><\/p>\n","protected":false},"excerpt":{"rendered":"<p>Le Pr\u00e9sident du Faso, Chef de l\u2019\u00c9tat, Son Excellence le Capitaine Ibrahim TRAOR\u00c9, a pr\u00e9sid\u00e9, le 26 f\u00e9vrier 2026 \u00e0 Ouagadougou, l\u2019hebdomadaire Conseil des ministres. Selon le Ministre Porte-parole du Gouvernement M. Pingdwend\u00e9 Gilbert OU\u00c9DRAOGO, le Conseil a examin\u00e9 et adopt\u00e9 plusieurs dossiers et pris d&rsquo;importantes d\u00e9cisions pour l&rsquo;am\u00e9lioration des conditions de vie du Peuple burkinab\u00e8 conform\u00e9ment \u00e0 la R\u00e9volution Progressiste Populaire.<\/p>\n","protected":false},"author":5,"featured_media":27749,"comment_status":"open","ping_status":"open","sticky":false,"template":"","format":"standard","meta":{"footnotes":""},"categories":[13,1,21,8],"tags":[79,2024,39],"class_list":["post-27746","post","type-post","status-publish","format-standard","has-post-thumbnail","hentry","category-une","category-actu","category-conseil-des-ministres","category-societe","tag-conseil-des-ministres","tag-korag","tag-latribunedufaso-net"],"yoast_head":"<!-- This site is optimized with the Yoast SEO plugin v27.4 - https:\/\/yoast.com\/product\/yoast-seo-wordpress\/ -->\n<title>Conseil des ministres : Quelles sont les sanctions de l\u2019affaire \u00ab cam\u00e9ra KORAG \u00bb ? - La Tribune du Faso<\/title>\n<meta name=\"robots\" content=\"index, follow, max-snippet:-1, max-image-preview:large, max-video-preview:-1\" \/>\n<link rel=\"canonical\" href=\"https:\/\/www.latribunedufaso.net\/?p=27746\" \/>\n<meta property=\"og:locale\" content=\"fr_FR\" \/>\n<meta property=\"og:type\" content=\"article\" \/>\n<meta property=\"og:title\" content=\"Conseil des ministres : Quelles sont les sanctions de l\u2019affaire \u00ab cam\u00e9ra KORAG \u00bb ? - La Tribune du Faso\" \/>\n<meta property=\"og:description\" content=\"Le Pr\u00e9sident du Faso, Chef de l\u2019\u00c9tat, Son Excellence le Capitaine Ibrahim TRAOR\u00c9, a pr\u00e9sid\u00e9, le 26 f\u00e9vrier 2026 \u00e0 Ouagadougou, l\u2019hebdomadaire Conseil des ministres. Selon le Ministre Porte-parole du Gouvernement M. Pingdwend\u00e9 Gilbert OU\u00c9DRAOGO, le Conseil a examin\u00e9 et adopt\u00e9 plusieurs dossiers et pris d&rsquo;importantes d\u00e9cisions pour l&rsquo;am\u00e9lioration des conditions de vie du Peuple burkinab\u00e8 conform\u00e9ment \u00e0 la R\u00e9volution Progressiste Populaire.\" \/>\n<meta property=\"og:url\" content=\"https:\/\/www.latribunedufaso.net\/?p=27746\" \/>\n<meta property=\"og:site_name\" content=\"La Tribune du Faso\" \/>\n<meta property=\"article:publisher\" content=\"https:\/\/www.facebook.com\/LatribuneduFaso\/\" \/>\n<meta property=\"article:published_time\" content=\"2026-02-26T16:06:07+00:00\" \/>\n<meta property=\"article:modified_time\" content=\"2026-02-26T16:07:49+00:00\" \/>\n<meta property=\"og:image\" content=\"https:\/\/www.latribunedufaso.net\/wp-content\/uploads\/2026\/02\/IMG-20260226-WA0031-scaled.jpg\" \/>\n\t<meta property=\"og:image:width\" content=\"2560\" \/>\n\t<meta property=\"og:image:height\" content=\"1866\" \/>\n\t<meta property=\"og:image:type\" content=\"image\/jpeg\" \/>\n<meta name=\"author\" content=\"Issouf Tapsoba\" \/>\n<meta name=\"twitter:label1\" content=\"\u00c9crit par\" \/>\n\t<meta name=\"twitter:data1\" content=\"Issouf Tapsoba\" \/>\n\t<meta name=\"twitter:label2\" content=\"Dur\u00e9e de lecture estim\u00e9e\" \/>\n\t<meta name=\"twitter:data2\" content=\"4 minutes\" \/>\n<script type=\"application\/ld+json\" class=\"yoast-schema-graph\">{\"@context\":\"https:\\\/\\\/schema.org\",\"@graph\":[{\"@type\":\"Article\",\"@id\":\"https:\\\/\\\/www.latribunedufaso.net\\\/?p=27746#article\",\"isPartOf\":{\"@id\":\"https:\\\/\\\/www.latribunedufaso.net\\\/?p=27746\"},\"author\":{\"name\":\"Issouf Tapsoba\",\"@id\":\"https:\\\/\\\/www.latribunedufaso.net\\\/#\\\/schema\\\/person\\\/e54e64c5778a7e72cf80a318b7a622b0\"},\"headline\":\"Conseil des ministres : Quelles sont les sanctions de l\u2019affaire \u00ab cam\u00e9ra KORAG \u00bb ?\",\"datePublished\":\"2026-02-26T16:06:07+00:00\",\"dateModified\":\"2026-02-26T16:07:49+00:00\",\"mainEntityOfPage\":{\"@id\":\"https:\\\/\\\/www.latribunedufaso.net\\\/?p=27746\"},\"wordCount\":597,\"commentCount\":0,\"publisher\":{\"@id\":\"https:\\\/\\\/www.latribunedufaso.net\\\/#organization\"},\"image\":{\"@id\":\"https:\\\/\\\/www.latribunedufaso.net\\\/?p=27746#primaryimage\"},\"thumbnailUrl\":\"https:\\\/\\\/www.latribunedufaso.net\\\/wp-content\\\/uploads\\\/2026\\\/02\\\/IMG-20260226-WA0031-scaled.jpg\",\"keywords\":[\"conseil des ministres\",\"KORAG\",\"latribunedufaso.net\"],\"articleSection\":[\"A la une\",\"Actualit\u00e9\",\"Conseil des ministres\",\"Soci\u00e9t\u00e9\"],\"inLanguage\":\"fr-FR\",\"potentialAction\":[{\"@type\":\"CommentAction\",\"name\":\"Comment\",\"target\":[\"https:\\\/\\\/www.latribunedufaso.net\\\/?p=27746#respond\"]}]},{\"@type\":\"WebPage\",\"@id\":\"https:\\\/\\\/www.latribunedufaso.net\\\/?p=27746\",\"url\":\"https:\\\/\\\/www.latribunedufaso.net\\\/?p=27746\",\"name\":\"Conseil des ministres : Quelles sont les sanctions de l\u2019affaire \u00ab cam\u00e9ra KORAG \u00bb ? - La Tribune du Faso\",\"isPartOf\":{\"@id\":\"https:\\\/\\\/www.latribunedufaso.net\\\/#website\"},\"primaryImageOfPage\":{\"@id\":\"https:\\\/\\\/www.latribunedufaso.net\\\/?p=27746#primaryimage\"},\"image\":{\"@id\":\"https:\\\/\\\/www.latribunedufaso.net\\\/?p=27746#primaryimage\"},\"thumbnailUrl\":\"https:\\\/\\\/www.latribunedufaso.net\\\/wp-content\\\/uploads\\\/2026\\\/02\\\/IMG-20260226-WA0031-scaled.jpg\",\"datePublished\":\"2026-02-26T16:06:07+00:00\",\"dateModified\":\"2026-02-26T16:07:49+00:00\",\"breadcrumb\":{\"@id\":\"https:\\\/\\\/www.latribunedufaso.net\\\/?p=27746#breadcrumb\"},\"inLanguage\":\"fr-FR\",\"potentialAction\":[{\"@type\":\"ReadAction\",\"target\":[\"https:\\\/\\\/www.latribunedufaso.net\\\/?p=27746\"]}]},{\"@type\":\"ImageObject\",\"inLanguage\":\"fr-FR\",\"@id\":\"https:\\\/\\\/www.latribunedufaso.net\\\/?p=27746#primaryimage\",\"url\":\"https:\\\/\\\/www.latribunedufaso.net\\\/wp-content\\\/uploads\\\/2026\\\/02\\\/IMG-20260226-WA0031-scaled.jpg\",\"contentUrl\":\"https:\\\/\\\/www.latribunedufaso.net\\\/wp-content\\\/uploads\\\/2026\\\/02\\\/IMG-20260226-WA0031-scaled.jpg\",\"width\":2560,\"height\":1866,\"caption\":\"Conseil des ministres du 26 f\u00e9vrier 2026\"},{\"@type\":\"BreadcrumbList\",\"@id\":\"https:\\\/\\\/www.latribunedufaso.net\\\/?p=27746#breadcrumb\",\"itemListElement\":[{\"@type\":\"ListItem\",\"position\":1,\"name\":\"Accueil\",\"item\":\"https:\\\/\\\/www.latribunedufaso.net\\\/\"},{\"@type\":\"ListItem\",\"position\":2,\"name\":\"Conseil des ministres : Quelles sont les sanctions de l\u2019affaire \u00ab cam\u00e9ra KORAG \u00bb ?\"}]},{\"@type\":\"WebSite\",\"@id\":\"https:\\\/\\\/www.latribunedufaso.net\\\/#website\",\"url\":\"https:\\\/\\\/www.latribunedufaso.net\\\/\",\"name\":\"La Tribune du Faso\",\"description\":\"L&#039;information du monde rural en un clic\",\"publisher\":{\"@id\":\"https:\\\/\\\/www.latribunedufaso.net\\\/#organization\"},\"potentialAction\":[{\"@type\":\"SearchAction\",\"target\":{\"@type\":\"EntryPoint\",\"urlTemplate\":\"https:\\\/\\\/www.latribunedufaso.net\\\/?s={search_term_string}\"},\"query-input\":{\"@type\":\"PropertyValueSpecification\",\"valueRequired\":true,\"valueName\":\"search_term_string\"}}],\"inLanguage\":\"fr-FR\"},{\"@type\":\"Organization\",\"@id\":\"https:\\\/\\\/www.latribunedufaso.net\\\/#organization\",\"name\":\"La Tribune du Faso\",\"url\":\"https:\\\/\\\/www.latribunedufaso.net\\\/\",\"logo\":{\"@type\":\"ImageObject\",\"inLanguage\":\"fr-FR\",\"@id\":\"https:\\\/\\\/www.latribunedufaso.net\\\/#\\\/schema\\\/logo\\\/image\\\/\",\"url\":\"https:\\\/\\\/www.latribunedufaso.net\\\/wp-content\\\/uploads\\\/2020\\\/08\\\/Logo-Tribune-du-Faso-final-scaled.jpg\",\"contentUrl\":\"https:\\\/\\\/www.latribunedufaso.net\\\/wp-content\\\/uploads\\\/2020\\\/08\\\/Logo-Tribune-du-Faso-final-scaled.jpg\",\"width\":2560,\"height\":1856,\"caption\":\"La Tribune du Faso\"},\"image\":{\"@id\":\"https:\\\/\\\/www.latribunedufaso.net\\\/#\\\/schema\\\/logo\\\/image\\\/\"},\"sameAs\":[\"https:\\\/\\\/www.facebook.com\\\/LatribuneduFaso\\\/\"]},{\"@type\":\"Person\",\"@id\":\"https:\\\/\\\/www.latribunedufaso.net\\\/#\\\/schema\\\/person\\\/e54e64c5778a7e72cf80a318b7a622b0\",\"name\":\"Issouf Tapsoba\",\"image\":{\"@type\":\"ImageObject\",\"inLanguage\":\"fr-FR\",\"@id\":\"https:\\\/\\\/secure.gravatar.com\\\/avatar\\\/5e6c05150ce3230247d167f5b94d678eb05936197436d69b7921e3a95c9107ac?s=96&d=mm&r=g\",\"url\":\"https:\\\/\\\/secure.gravatar.com\\\/avatar\\\/5e6c05150ce3230247d167f5b94d678eb05936197436d69b7921e3a95c9107ac?s=96&d=mm&r=g\",\"contentUrl\":\"https:\\\/\\\/secure.gravatar.com\\\/avatar\\\/5e6c05150ce3230247d167f5b94d678eb05936197436d69b7921e3a95c9107ac?s=96&d=mm&r=g\",\"caption\":\"Issouf Tapsoba\"},\"url\":\"https:\\\/\\\/www.latribunedufaso.net\\\/?author=5\"}]}<\/script>\n<!-- \/ Yoast SEO plugin. -->","yoast_head_json":{"title":"Conseil des ministres : Quelles sont les sanctions de l\u2019affaire \u00ab cam\u00e9ra KORAG \u00bb ? - La Tribune du Faso","robots":{"index":"index","follow":"follow","max-snippet":"max-snippet:-1","max-image-preview":"max-image-preview:large","max-video-preview":"max-video-preview:-1"},"canonical":"https:\/\/www.latribunedufaso.net\/?p=27746","og_locale":"fr_FR","og_type":"article","og_title":"Conseil des ministres : Quelles sont les sanctions de l\u2019affaire \u00ab cam\u00e9ra KORAG \u00bb ? - La Tribune du Faso","og_description":"Le Pr\u00e9sident du Faso, Chef de l\u2019\u00c9tat, Son Excellence le Capitaine Ibrahim TRAOR\u00c9, a pr\u00e9sid\u00e9, le 26 f\u00e9vrier 2026 \u00e0 Ouagadougou, l\u2019hebdomadaire Conseil des ministres. Selon le Ministre Porte-parole du Gouvernement M. Pingdwend\u00e9 Gilbert OU\u00c9DRAOGO, le Conseil a examin\u00e9 et adopt\u00e9 plusieurs dossiers et pris d&rsquo;importantes d\u00e9cisions pour l&rsquo;am\u00e9lioration des conditions de vie du Peuple burkinab\u00e8 conform\u00e9ment \u00e0 la R\u00e9volution Progressiste Populaire.","og_url":"https:\/\/www.latribunedufaso.net\/?p=27746","og_site_name":"La Tribune du Faso","article_publisher":"https:\/\/www.facebook.com\/LatribuneduFaso\/","article_published_time":"2026-02-26T16:06:07+00:00","article_modified_time":"2026-02-26T16:07:49+00:00","og_image":[{"width":2560,"height":1866,"url":"https:\/\/www.latribunedufaso.net\/wp-content\/uploads\/2026\/02\/IMG-20260226-WA0031-scaled.jpg","type":"image\/jpeg"}],"author":"Issouf Tapsoba","twitter_misc":{"\u00c9crit par":"Issouf Tapsoba","Dur\u00e9e de lecture estim\u00e9e":"4 minutes"},"schema":{"@context":"https:\/\/schema.org","@graph":[{"@type":"Article","@id":"https:\/\/www.latribunedufaso.net\/?p=27746#article","isPartOf":{"@id":"https:\/\/www.latribunedufaso.net\/?p=27746"},"author":{"name":"Issouf Tapsoba","@id":"https:\/\/www.latribunedufaso.net\/#\/schema\/person\/e54e64c5778a7e72cf80a318b7a622b0"},"headline":"Conseil des ministres : Quelles sont les sanctions de l\u2019affaire \u00ab cam\u00e9ra KORAG \u00bb ?","datePublished":"2026-02-26T16:06:07+00:00","dateModified":"2026-02-26T16:07:49+00:00","mainEntityOfPage":{"@id":"https:\/\/www.latribunedufaso.net\/?p=27746"},"wordCount":597,"commentCount":0,"publisher":{"@id":"https:\/\/www.latribunedufaso.net\/#organization"},"image":{"@id":"https:\/\/www.latribunedufaso.net\/?p=27746#primaryimage"},"thumbnailUrl":"https:\/\/www.latribunedufaso.net\/wp-content\/uploads\/2026\/02\/IMG-20260226-WA0031-scaled.jpg","keywords":["conseil des ministres","KORAG","latribunedufaso.net"],"articleSection":["A la une","Actualit\u00e9","Conseil des ministres","Soci\u00e9t\u00e9"],"inLanguage":"fr-FR","potentialAction":[{"@type":"CommentAction","name":"Comment","target":["https:\/\/www.latribunedufaso.net\/?p=27746#respond"]}]},{"@type":"WebPage","@id":"https:\/\/www.latribunedufaso.net\/?p=27746","url":"https:\/\/www.latribunedufaso.net\/?p=27746","name":"Conseil des ministres : Quelles sont les sanctions de l\u2019affaire \u00ab cam\u00e9ra KORAG \u00bb ? - La Tribune du Faso","isPartOf":{"@id":"https:\/\/www.latribunedufaso.net\/#website"},"primaryImageOfPage":{"@id":"https:\/\/www.latribunedufaso.net\/?p=27746#primaryimage"},"image":{"@id":"https:\/\/www.latribunedufaso.net\/?p=27746#primaryimage"},"thumbnailUrl":"https:\/\/www.latribunedufaso.net\/wp-content\/uploads\/2026\/02\/IMG-20260226-WA0031-scaled.jpg","datePublished":"2026-02-26T16:06:07+00:00","dateModified":"2026-02-26T16:07:49+00:00","breadcrumb":{"@id":"https:\/\/www.latribunedufaso.net\/?p=27746#breadcrumb"},"inLanguage":"fr-FR","potentialAction":[{"@type":"ReadAction","target":["https:\/\/www.latribunedufaso.net\/?p=27746"]}]},{"@type":"ImageObject","inLanguage":"fr-FR","@id":"https:\/\/www.latribunedufaso.net\/?p=27746#primaryimage","url":"https:\/\/www.latribunedufaso.net\/wp-content\/uploads\/2026\/02\/IMG-20260226-WA0031-scaled.jpg","contentUrl":"https:\/\/www.latribunedufaso.net\/wp-content\/uploads\/2026\/02\/IMG-20260226-WA0031-scaled.jpg","width":2560,"height":1866,"caption":"Conseil des ministres du 26 f\u00e9vrier 2026"},{"@type":"BreadcrumbList","@id":"https:\/\/www.latribunedufaso.net\/?p=27746#breadcrumb","itemListElement":[{"@type":"ListItem","position":1,"name":"Accueil","item":"https:\/\/www.latribunedufaso.net\/"},{"@type":"ListItem","position":2,"name":"Conseil des ministres : Quelles sont les sanctions de l\u2019affaire \u00ab cam\u00e9ra KORAG \u00bb ?"}]},{"@type":"WebSite","@id":"https:\/\/www.latribunedufaso.net\/#website","url":"https:\/\/www.latribunedufaso.net\/","name":"La Tribune du Faso","description":"L&#039;information du monde rural en un clic","publisher":{"@id":"https:\/\/www.latribunedufaso.net\/#organization"},"potentialAction":[{"@type":"SearchAction","target":{"@type":"EntryPoint","urlTemplate":"https:\/\/www.latribunedufaso.net\/?s={search_term_string}"},"query-input":{"@type":"PropertyValueSpecification","valueRequired":true,"valueName":"search_term_string"}}],"inLanguage":"fr-FR"},{"@type":"Organization","@id":"https:\/\/www.latribunedufaso.net\/#organization","name":"La Tribune du Faso","url":"https:\/\/www.latribunedufaso.net\/","logo":{"@type":"ImageObject","inLanguage":"fr-FR","@id":"https:\/\/www.latribunedufaso.net\/#\/schema\/logo\/image\/","url":"https:\/\/www.latribunedufaso.net\/wp-content\/uploads\/2020\/08\/Logo-Tribune-du-Faso-final-scaled.jpg","contentUrl":"https:\/\/www.latribunedufaso.net\/wp-content\/uploads\/2020\/08\/Logo-Tribune-du-Faso-final-scaled.jpg","width":2560,"height":1856,"caption":"La Tribune du Faso"},"image":{"@id":"https:\/\/www.latribunedufaso.net\/#\/schema\/logo\/image\/"},"sameAs":["https:\/\/www.facebook.com\/LatribuneduFaso\/"]},{"@type":"Person","@id":"https:\/\/www.latribunedufaso.net\/#\/schema\/person\/e54e64c5778a7e72cf80a318b7a622b0","name":"Issouf Tapsoba","image":{"@type":"ImageObject","inLanguage":"fr-FR","@id":"https:\/\/secure.gravatar.com\/avatar\/5e6c05150ce3230247d167f5b94d678eb05936197436d69b7921e3a95c9107ac?s=96&d=mm&r=g","url":"https:\/\/secure.gravatar.com\/avatar\/5e6c05150ce3230247d167f5b94d678eb05936197436d69b7921e3a95c9107ac?s=96&d=mm&r=g","contentUrl":"https:\/\/secure.gravatar.com\/avatar\/5e6c05150ce3230247d167f5b94d678eb05936197436d69b7921e3a95c9107ac?s=96&d=mm&r=g","caption":"Issouf Tapsoba"},"url":"https:\/\/www.latribunedufaso.net\/?author=5"}]}},"_links":{"self":[{"href":"https:\/\/www.latribunedufaso.net\/index.php?rest_route=\/wp\/v2\/posts\/27746","targetHints":{"allow":["GET"]}}],"collection":[{"href":"https:\/\/www.latribunedufaso.net\/index.php?rest_route=\/wp\/v2\/posts"}],"about":[{"href":"https:\/\/www.latribunedufaso.net\/index.php?rest_route=\/wp\/v2\/types\/post"}],"author":[{"embeddable":true,"href":"https:\/\/www.latribunedufaso.net\/index.php?rest_route=\/wp\/v2\/users\/5"}],"replies":[{"embeddable":true,"href":"https:\/\/www.latribunedufaso.net\/index.php?rest_route=%2Fwp%2Fv2%2Fcomments&post=27746"}],"version-history":[{"count":4,"href":"https:\/\/www.latribunedufaso.net\/index.php?rest_route=\/wp\/v2\/posts\/27746\/revisions"}],"predecessor-version":[{"id":27753,"href":"https:\/\/www.latribunedufaso.net\/index.php?rest_route=\/wp\/v2\/posts\/27746\/revisions\/27753"}],"wp:featuredmedia":[{"embeddable":true,"href":"https:\/\/www.latribunedufaso.net\/index.php?rest_route=\/wp\/v2\/media\/27749"}],"wp:attachment":[{"href":"https:\/\/www.latribunedufaso.net\/index.php?rest_route=%2Fwp%2Fv2%2Fmedia&parent=27746"}],"wp:term":[{"taxonomy":"category","embeddable":true,"href":"https:\/\/www.latribunedufaso.net\/index.php?rest_route=%2Fwp%2Fv2%2Fcategories&post=27746"},{"taxonomy":"post_tag","embeddable":true,"href":"https:\/\/www.latribunedufaso.net\/index.php?rest_route=%2Fwp%2Fv2%2Ftags&post=27746"}],"curies":[{"name":"wp","href":"https:\/\/api.w.org\/{rel}","templated":true}]}}