{"id":27689,"date":"2026-02-24T18:51:32","date_gmt":"2026-02-24T18:51:32","guid":{"rendered":"https:\/\/www.latribunedufaso.net\/?p=27689"},"modified":"2026-02-25T09:07:07","modified_gmt":"2026-02-25T09:07:07","slug":"burkina-faso-la-strategie-de-la-riposte-au-vih-sida-et-les-ist-2026-2030-en-cours-de-validation","status":"publish","type":"post","link":"https:\/\/www.latribunedufaso.net\/?p=27689","title":{"rendered":"Burkina Faso : La strat\u00e9gie de la riposte au VIH\/Sida et les IST (2026-2030) en cours de validation\u00a0"},"content":{"rendered":"<p><strong>Apr\u00e8s l\u2019ex\u00e9cution de son pr\u00e9c\u00e9dent plan strat\u00e9gique de la riposte au VIH\/Sida et aux IST, le Burkina Faso est en phase de validation du plan quinquennal 2026-2030. La validation de cette strat\u00e9gie nationale de la riposte au VIH\/Sida et les IST a fait l\u2019objet d\u2019un atelier le mardi 24 f\u00e9vrier 2026 entre le Secr\u00e9tariat Permanent du CNLS-IST et ses partenaires techniques et financiers. Le Secr\u00e9taire Permanent du CNLS-IST, Dr Seydou Ouattara, note que ce nouveau plan quinquennal s\u2019articule, entre autres, autour de la r\u00e9duction drastique des nouvelles infections et de la mortalit\u00e9 li\u00e9e au VIH et aux comorbidit\u00e9s.<\/strong><!--more--><\/p>\n<p>Des mots de Secr\u00e9taire Permanent du CNLS-IST, Dr Seydou Ouattara la nouvelle strat\u00e9gie nationale de la riposte au VIH\/Sida et les IST (2026-2030) porte une vision ambitieuse. <em><strong>\u00ab Le PSN 2026-2030 porte une vision ambitieuse : b\u00e2tir un Burkina Faso o\u00f9 le VIH, le Sida et les IST n\u2019ont plus d\u2019impact sur la sant\u00e9 des populations gr\u00e2ce \u00e0 un acc\u00e8s universel \u00e0 la pr\u00e9vention, au traitement et \u00e0 l\u2019accompagnement pour tous sans discrimination \u00bb<\/strong><\/em>, dit-il. Il note par ailleurs qu\u2019elle prend en compte les d\u00e9fis auxquels \u00e9tait confront\u00e9e la pr\u00e9c\u00e9dente strat\u00e9gie notamment l\u2019acc\u00e8s au service VIH et la durabilit\u00e9 du financement de la riposte.<\/p>\n<figure id=\"attachment_27695\" aria-describedby=\"caption-attachment-27695\" style=\"width: 2560px\" class=\"wp-caption aligncenter\"><a href=\"https:\/\/www.latribunedufaso.net\/wp-content\/uploads\/2026\/02\/IMG-20260225-WA0031.jpg\"><img loading=\"lazy\" decoding=\"async\" class=\"size-full wp-image-27695\" src=\"https:\/\/www.latribunedufaso.net\/wp-content\/uploads\/2026\/02\/IMG-20260225-WA0031.jpg\" alt=\"Atelier de validation du plan quinquennal 2026-2030 de la strat\u00e9gie nationale de la riposte au VIH\/Sida et les IST, 24 f\u00e9vrier 2026\" width=\"2560\" height=\"1440\" srcset=\"https:\/\/www.latribunedufaso.net\/wp-content\/uploads\/2026\/02\/IMG-20260225-WA0031.jpg 2560w, https:\/\/www.latribunedufaso.net\/wp-content\/uploads\/2026\/02\/IMG-20260225-WA0031-300x169.jpg 300w, https:\/\/www.latribunedufaso.net\/wp-content\/uploads\/2026\/02\/IMG-20260225-WA0031-1024x576.jpg 1024w, https:\/\/www.latribunedufaso.net\/wp-content\/uploads\/2026\/02\/IMG-20260225-WA0031-768x432.jpg 768w, https:\/\/www.latribunedufaso.net\/wp-content\/uploads\/2026\/02\/IMG-20260225-WA0031-1536x864.jpg 1536w, https:\/\/www.latribunedufaso.net\/wp-content\/uploads\/2026\/02\/IMG-20260225-WA0031-2048x1152.jpg 2048w\" sizes=\"auto, (max-width: 2560px) 100vw, 2560px\" \/><\/a><figcaption id=\"caption-attachment-27695\" class=\"wp-caption-text\">Le Secr\u00e9taire Permanent du CNLS-IST, Dr Seydou Ouattara &#8211; Ph. DR<\/figcaption><\/figure>\n<p>Dr Seydou Ouattara informe par la m\u00eame occasion que le plan strat\u00e9gique 2026 \u2013 2030 <em><strong>\u00ab s\u2019articule autour de la r\u00e9duction drastique des nouvelles infections et de la mortalit\u00e9 li\u00e9e au VIH et aux comorbidit\u00e9s ; de l\u2019am\u00e9lioration de la qualit\u00e9 de vie des personnes vivant avec le VIH et des populations \u00e0 risque et le renforcement de la gouvernance en vue d\u2019assurer la p\u00e9rennit\u00e9 de la r\u00e9ponse au VIH \u00bb<\/strong><\/em>. En termes de priorit\u00e9s, il note qu\u2019elles restent les m\u00eames <em><strong>\u00ab les priorit\u00e9s n&rsquo;ont pas trop chang\u00e9 par rapport au pr\u00e9c\u00e9dent plan. Nous allons toujours mettre l&rsquo;accent sur la pr\u00e9vention au niveau des populations \u00e0 risque ; des couches vuln\u00e9rables et faciliter un acc\u00e8s aux diff\u00e9rents services juridiques pour les personnes vivant avec le VIH et pour les populations \u00e0 risque \u00bb<\/strong><\/em>, a-t-il confi\u00e9.\u00a0<\/p>\n<figure id=\"attachment_27698\" aria-describedby=\"caption-attachment-27698\" style=\"width: 2560px\" class=\"wp-caption aligncenter\"><a href=\"https:\/\/www.latribunedufaso.net\/wp-content\/uploads\/2026\/02\/IMG-20260225-WA0021.jpg\"><img loading=\"lazy\" decoding=\"async\" class=\"size-full wp-image-27698\" src=\"https:\/\/www.latribunedufaso.net\/wp-content\/uploads\/2026\/02\/IMG-20260225-WA0021.jpg\" alt=\"Atelier de validation du plan quinquennal 2026-2030 de la strat\u00e9gie nationale de la riposte au VIH\/Sida et les IST, 24 f\u00e9vrier 2026\" width=\"2560\" height=\"1927\" srcset=\"https:\/\/www.latribunedufaso.net\/wp-content\/uploads\/2026\/02\/IMG-20260225-WA0021.jpg 2560w, https:\/\/www.latribunedufaso.net\/wp-content\/uploads\/2026\/02\/IMG-20260225-WA0021-300x226.jpg 300w, https:\/\/www.latribunedufaso.net\/wp-content\/uploads\/2026\/02\/IMG-20260225-WA0021-1024x771.jpg 1024w, https:\/\/www.latribunedufaso.net\/wp-content\/uploads\/2026\/02\/IMG-20260225-WA0021-768x578.jpg 768w, https:\/\/www.latribunedufaso.net\/wp-content\/uploads\/2026\/02\/IMG-20260225-WA0021-1536x1156.jpg 1536w, https:\/\/www.latribunedufaso.net\/wp-content\/uploads\/2026\/02\/IMG-20260225-WA0021-2048x1542.jpg 2048w\" sizes=\"auto, (max-width: 2560px) 100vw, 2560px\" \/><\/a><figcaption id=\"caption-attachment-27698\" class=\"wp-caption-text\">Une vue des participants \u00e0 la rencontre &#8211; Ph.<\/figcaption><\/figure>\n<p style=\"text-align: left;\">Pour sa part, au nom des partenaires techniques et financiers, Dr Joy Backory, Directeur pays de l&rsquo;ONUSIDA, a rassur\u00e9 le Burkina Faso de la disponibilit\u00e9 des partenaires techniques et financiers \u00e0 l\u2019accompagner dans l\u2019atteinte des objectifs de ce plan quinquennal. Il renseigne que ce plan quinquennal se distingue par trois aspects, dont l&rsquo;ancrage sur les populations vuln\u00e9rables, son engagement vers les communaut\u00e9s et son approche diff\u00e9renci\u00e9e.<\/p>\n<figure id=\"attachment_27694\" aria-describedby=\"caption-attachment-27694\" style=\"width: 2560px\" class=\"wp-caption aligncenter\"><a href=\"https:\/\/www.latribunedufaso.net\/wp-content\/uploads\/2026\/02\/IMG-20260225-WA0033.jpg\"><img loading=\"lazy\" decoding=\"async\" class=\"size-full wp-image-27694\" src=\"https:\/\/www.latribunedufaso.net\/wp-content\/uploads\/2026\/02\/IMG-20260225-WA0033.jpg\" alt=\"Atelier de validation du plan quinquennal 2026-2030 de la strat\u00e9gie nationale de la riposte au VIH\/Sida et les IST, 24 f\u00e9vrier 2026\" width=\"2560\" height=\"1927\" srcset=\"https:\/\/www.latribunedufaso.net\/wp-content\/uploads\/2026\/02\/IMG-20260225-WA0033.jpg 2560w, https:\/\/www.latribunedufaso.net\/wp-content\/uploads\/2026\/02\/IMG-20260225-WA0033-300x226.jpg 300w, https:\/\/www.latribunedufaso.net\/wp-content\/uploads\/2026\/02\/IMG-20260225-WA0033-1024x771.jpg 1024w, https:\/\/www.latribunedufaso.net\/wp-content\/uploads\/2026\/02\/IMG-20260225-WA0033-768x578.jpg 768w, https:\/\/www.latribunedufaso.net\/wp-content\/uploads\/2026\/02\/IMG-20260225-WA0033-1536x1156.jpg 1536w, https:\/\/www.latribunedufaso.net\/wp-content\/uploads\/2026\/02\/IMG-20260225-WA0033-2048x1542.jpg 2048w\" sizes=\"auto, (max-width: 2560px) 100vw, 2560px\" \/><\/a><figcaption id=\"caption-attachment-27694\" class=\"wp-caption-text\">Le Directeur pays de l&rsquo;ONUSIDA, Dr Joy Backory &#8211; Ph. DR<\/figcaption><\/figure>\n<p style=\"text-align: left;\"><em><strong>\u00ab Cette strat\u00e9gie se distingue par trois choses. D\u2019abord sur son ancrage sur les populations vuln\u00e9rables et les zones difficiles d&rsquo;acc\u00e8s ensuite sur son orientation vers les approches diff\u00e9renci\u00e9es et centr\u00e9e sur les personnes et enfin, son engagement fort envers les communaut\u00e9s qui sont les actrices essentielles de l&rsquo;impact \u00bb,<\/strong><\/em> a laiss\u00e9 entendre Dr Joy Backory.<\/p>\n<blockquote>\n<p>Lire aussi &gt;&gt;\u00a0<a href=\"https:\/\/www.latribunedufaso.net\/?p=25410\">JMS 2025 : Le SP\/CNLS-IST manifeste sa solidarit\u00e9 envers les personnes vivant avec le VIH<\/a><\/p>\n<\/blockquote>\n<p style=\"text-align: left;\">Il a aussi fait savoir que cette strat\u00e9gie est \u00e9galement en phase avec la strat\u00e9gie mondiale de lutte contre le SIDA 2026-2031, promue par le programme commun ONU SIDA, qui met l&rsquo;accent sur 5 choses contenues dans la strat\u00e9gie nationale du Burkina Faso.<\/p>\n<p><strong>Latribunedufaso.net<\/strong>\u00a0<\/p>\n<p><a href=\"https:\/\/www.latribunedufaso.net\/wp-content\/uploads\/2026\/02\/IMG-20260225-WA0029.jpg\"><img loading=\"lazy\" decoding=\"async\" class=\"aligncenter size-full wp-image-27696\" src=\"https:\/\/www.latribunedufaso.net\/wp-content\/uploads\/2026\/02\/IMG-20260225-WA0029.jpg\" alt=\"Atelier de validation du plan quinquennal 2026-2030 de la strat\u00e9gie nationale de la riposte au VIH\/Sida et les IST, 24 f\u00e9vrier 2026\" width=\"2560\" height=\"1568\" srcset=\"https:\/\/www.latribunedufaso.net\/wp-content\/uploads\/2026\/02\/IMG-20260225-WA0029.jpg 2560w, https:\/\/www.latribunedufaso.net\/wp-content\/uploads\/2026\/02\/IMG-20260225-WA0029-300x184.jpg 300w, https:\/\/www.latribunedufaso.net\/wp-content\/uploads\/2026\/02\/IMG-20260225-WA0029-1024x627.jpg 1024w, https:\/\/www.latribunedufaso.net\/wp-content\/uploads\/2026\/02\/IMG-20260225-WA0029-768x470.jpg 768w, https:\/\/www.latribunedufaso.net\/wp-content\/uploads\/2026\/02\/IMG-20260225-WA0029-1536x941.jpg 1536w, https:\/\/www.latribunedufaso.net\/wp-content\/uploads\/2026\/02\/IMG-20260225-WA0029-2048x1254.jpg 2048w\" sizes=\"auto, (max-width: 2560px) 100vw, 2560px\" \/><\/a><\/p>\n","protected":false},"excerpt":{"rendered":"<p>Apr\u00e8s l\u2019ex\u00e9cution de son pr\u00e9c\u00e9dent plan strat\u00e9gique de la riposte au VIH\/Sida et aux IST, le Burkina Faso est en phase de validation du plan quinquennal 2026-2030. La validation de cette strat\u00e9gie nationale de la riposte au VIH\/Sida et les IST a fait l\u2019objet d\u2019un atelier le mardi 24 f\u00e9vrier 2026 entre le Secr\u00e9tariat Permanent du CNLS-IST et ses partenaires techniques et financiers. Le Secr\u00e9taire Permanent du CNLS-IST, Dr Seydou Ouattara, note que ce nouveau plan quinquennal s\u2019articule, entre autres, autour de la r\u00e9duction drastique des nouvelles infections et de la mortalit\u00e9 li\u00e9e au VIH et aux comorbidit\u00e9s.<\/p>\n","protected":false},"author":5,"featured_media":27697,"comment_status":"open","ping_status":"open","sticky":false,"template":"","format":"standard","meta":{"footnotes":""},"categories":[13,1,7],"tags":[39,188],"class_list":["post-27689","post","type-post","status-publish","format-standard","has-post-thumbnail","hentry","category-une","category-actu","category-sante","tag-latribunedufaso-net","tag-lutte-contre-le-vih-sida"],"yoast_head":"<!-- This site is optimized with the Yoast SEO plugin v28.3 - https:\/\/yoast.com\/product\/yoast-seo-wordpress\/ -->\n<title>Burkina Faso : La strat\u00e9gie de la riposte au VIH\/Sida et les IST (2026-2030) en cours de validation\u00a0 - La Tribune du Faso<\/title>\n<meta name=\"robots\" content=\"index, follow, max-snippet:-1, max-image-preview:large, max-video-preview:-1\" \/>\n<link rel=\"canonical\" href=\"https:\/\/www.latribunedufaso.net\/?p=27689\" \/>\n<meta property=\"og:locale\" content=\"fr_FR\" \/>\n<meta property=\"og:type\" content=\"article\" \/>\n<meta property=\"og:title\" content=\"Burkina Faso : La strat\u00e9gie de la riposte au VIH\/Sida et les IST (2026-2030) en cours de validation\u00a0 - La Tribune du Faso\" \/>\n<meta property=\"og:description\" content=\"Apr\u00e8s l\u2019ex\u00e9cution de son pr\u00e9c\u00e9dent plan strat\u00e9gique de la riposte au VIH\/Sida et aux IST, le Burkina Faso est en phase de validation du plan quinquennal 2026-2030. La validation de cette strat\u00e9gie nationale de la riposte au VIH\/Sida et les IST a fait l\u2019objet d\u2019un atelier le mardi 24 f\u00e9vrier 2026 entre le Secr\u00e9tariat Permanent du CNLS-IST et ses partenaires techniques et financiers. Le Secr\u00e9taire Permanent du CNLS-IST, Dr Seydou Ouattara, note que ce nouveau plan quinquennal s\u2019articule, entre autres, autour de la r\u00e9duction drastique des nouvelles infections et de la mortalit\u00e9 li\u00e9e au VIH et aux comorbidit\u00e9s.\" \/>\n<meta property=\"og:url\" content=\"https:\/\/www.latribunedufaso.net\/?p=27689\" \/>\n<meta property=\"og:site_name\" content=\"La Tribune du Faso\" \/>\n<meta property=\"article:publisher\" content=\"https:\/\/www.facebook.com\/LatribuneduFaso\/\" \/>\n<meta property=\"article:published_time\" content=\"2026-02-24T18:51:32+00:00\" \/>\n<meta property=\"article:modified_time\" content=\"2026-02-25T09:07:07+00:00\" \/>\n<meta property=\"og:image\" content=\"https:\/\/www.latribunedufaso.net\/wp-content\/uploads\/2026\/02\/IMG-20260225-WA0023.jpg\" \/>\n\t<meta property=\"og:image:width\" content=\"2560\" \/>\n\t<meta property=\"og:image:height\" content=\"1927\" \/>\n\t<meta property=\"og:image:type\" content=\"image\/jpeg\" \/>\n<meta name=\"author\" content=\"Issouf Tapsoba\" \/>\n<meta name=\"twitter:label1\" content=\"\u00c9crit par\" \/>\n\t<meta name=\"twitter:data1\" content=\"Issouf Tapsoba\" \/>\n\t<meta name=\"twitter:label2\" content=\"Dur\u00e9e de lecture estim\u00e9e\" \/>\n\t<meta name=\"twitter:data2\" content=\"4 minutes\" \/>\n<script type=\"application\/ld+json\" class=\"yoast-schema-graph\">{\"@context\":\"https:\\\/\\\/schema.org\",\"@graph\":[{\"@type\":\"Article\",\"@id\":\"https:\\\/\\\/www.latribunedufaso.net\\\/?p=27689#article\",\"isPartOf\":{\"@id\":\"https:\\\/\\\/www.latribunedufaso.net\\\/?p=27689\"},\"author\":{\"name\":\"Issouf Tapsoba\",\"@id\":\"https:\\\/\\\/www.latribunedufaso.net\\\/#\\\/schema\\\/person\\\/e54e64c5778a7e72cf80a318b7a622b0\"},\"headline\":\"Burkina Faso : La strat\u00e9gie de la riposte au VIH\\\/Sida et les IST (2026-2030) en cours de validation\u00a0\",\"datePublished\":\"2026-02-24T18:51:32+00:00\",\"dateModified\":\"2026-02-25T09:07:07+00:00\",\"mainEntityOfPage\":{\"@id\":\"https:\\\/\\\/www.latribunedufaso.net\\\/?p=27689\"},\"wordCount\":651,\"commentCount\":0,\"publisher\":{\"@id\":\"https:\\\/\\\/www.latribunedufaso.net\\\/#organization\"},\"image\":{\"@id\":\"https:\\\/\\\/www.latribunedufaso.net\\\/?p=27689#primaryimage\"},\"thumbnailUrl\":\"https:\\\/\\\/www.latribunedufaso.net\\\/wp-content\\\/uploads\\\/2026\\\/02\\\/IMG-20260225-WA0023.jpg\",\"keywords\":[\"latribunedufaso.net\",\"lutte contre le VIH\\\/SIDA\"],\"articleSection\":[\"A la une\",\"Actualit\u00e9\",\"Sant\u00e9\"],\"inLanguage\":\"fr-FR\",\"potentialAction\":[{\"@type\":\"CommentAction\",\"name\":\"Comment\",\"target\":[\"https:\\\/\\\/www.latribunedufaso.net\\\/?p=27689#respond\"]}]},{\"@type\":\"WebPage\",\"@id\":\"https:\\\/\\\/www.latribunedufaso.net\\\/?p=27689\",\"url\":\"https:\\\/\\\/www.latribunedufaso.net\\\/?p=27689\",\"name\":\"Burkina Faso : La strat\u00e9gie de la riposte au VIH\\\/Sida et les IST (2026-2030) en cours de validation\u00a0 - La Tribune du Faso\",\"isPartOf\":{\"@id\":\"https:\\\/\\\/www.latribunedufaso.net\\\/#website\"},\"primaryImageOfPage\":{\"@id\":\"https:\\\/\\\/www.latribunedufaso.net\\\/?p=27689#primaryimage\"},\"image\":{\"@id\":\"https:\\\/\\\/www.latribunedufaso.net\\\/?p=27689#primaryimage\"},\"thumbnailUrl\":\"https:\\\/\\\/www.latribunedufaso.net\\\/wp-content\\\/uploads\\\/2026\\\/02\\\/IMG-20260225-WA0023.jpg\",\"datePublished\":\"2026-02-24T18:51:32+00:00\",\"dateModified\":\"2026-02-25T09:07:07+00:00\",\"breadcrumb\":{\"@id\":\"https:\\\/\\\/www.latribunedufaso.net\\\/?p=27689#breadcrumb\"},\"inLanguage\":\"fr-FR\",\"potentialAction\":[{\"@type\":\"ReadAction\",\"target\":[\"https:\\\/\\\/www.latribunedufaso.net\\\/?p=27689\"]}]},{\"@type\":\"ImageObject\",\"inLanguage\":\"fr-FR\",\"@id\":\"https:\\\/\\\/www.latribunedufaso.net\\\/?p=27689#primaryimage\",\"url\":\"https:\\\/\\\/www.latribunedufaso.net\\\/wp-content\\\/uploads\\\/2026\\\/02\\\/IMG-20260225-WA0023.jpg\",\"contentUrl\":\"https:\\\/\\\/www.latribunedufaso.net\\\/wp-content\\\/uploads\\\/2026\\\/02\\\/IMG-20260225-WA0023.jpg\",\"width\":2560,\"height\":1927,\"caption\":\"Atelier de validation du plan quinquennal 2026-2030 de la strat\u00e9gie nationale de la riposte au VIH\\\/Sida et les IST, 24 f\u00e9vrier 2026\"},{\"@type\":\"BreadcrumbList\",\"@id\":\"https:\\\/\\\/www.latribunedufaso.net\\\/?p=27689#breadcrumb\",\"itemListElement\":[{\"@type\":\"ListItem\",\"position\":1,\"name\":\"Accueil\",\"item\":\"https:\\\/\\\/www.latribunedufaso.net\\\/\"},{\"@type\":\"ListItem\",\"position\":2,\"name\":\"Burkina Faso : La strat\u00e9gie de la riposte au VIH\\\/Sida et les IST (2026-2030) en cours de validation\u00a0\"}]},{\"@type\":\"WebSite\",\"@id\":\"https:\\\/\\\/www.latribunedufaso.net\\\/#website\",\"url\":\"https:\\\/\\\/www.latribunedufaso.net\\\/\",\"name\":\"La Tribune du Faso\",\"description\":\"L&#039;information du monde rural en un clic\",\"publisher\":{\"@id\":\"https:\\\/\\\/www.latribunedufaso.net\\\/#organization\"},\"potentialAction\":[{\"@type\":\"SearchAction\",\"target\":{\"@type\":\"EntryPoint\",\"urlTemplate\":\"https:\\\/\\\/www.latribunedufaso.net\\\/?s={search_term_string}\"},\"query-input\":{\"@type\":\"PropertyValueSpecification\",\"valueRequired\":true,\"valueName\":\"search_term_string\"}}],\"inLanguage\":\"fr-FR\"},{\"@type\":\"Organization\",\"@id\":\"https:\\\/\\\/www.latribunedufaso.net\\\/#organization\",\"name\":\"La Tribune du Faso\",\"url\":\"https:\\\/\\\/www.latribunedufaso.net\\\/\",\"logo\":{\"@type\":\"ImageObject\",\"inLanguage\":\"fr-FR\",\"@id\":\"https:\\\/\\\/www.latribunedufaso.net\\\/#\\\/schema\\\/logo\\\/image\\\/\",\"url\":\"https:\\\/\\\/www.latribunedufaso.net\\\/wp-content\\\/uploads\\\/2020\\\/08\\\/Logo-Tribune-du-Faso-final-scaled.jpg\",\"contentUrl\":\"https:\\\/\\\/www.latribunedufaso.net\\\/wp-content\\\/uploads\\\/2020\\\/08\\\/Logo-Tribune-du-Faso-final-scaled.jpg\",\"width\":2560,\"height\":1856,\"caption\":\"La Tribune du Faso\"},\"image\":{\"@id\":\"https:\\\/\\\/www.latribunedufaso.net\\\/#\\\/schema\\\/logo\\\/image\\\/\"},\"sameAs\":[\"https:\\\/\\\/www.facebook.com\\\/LatribuneduFaso\\\/\"]},{\"@type\":\"Person\",\"@id\":\"https:\\\/\\\/www.latribunedufaso.net\\\/#\\\/schema\\\/person\\\/e54e64c5778a7e72cf80a318b7a622b0\",\"name\":\"Issouf Tapsoba\",\"image\":{\"@type\":\"ImageObject\",\"inLanguage\":\"fr-FR\",\"@id\":\"https:\\\/\\\/secure.gravatar.com\\\/avatar\\\/5e6c05150ce3230247d167f5b94d678eb05936197436d69b7921e3a95c9107ac?s=96&d=mm&r=g\",\"url\":\"https:\\\/\\\/secure.gravatar.com\\\/avatar\\\/5e6c05150ce3230247d167f5b94d678eb05936197436d69b7921e3a95c9107ac?s=96&d=mm&r=g\",\"contentUrl\":\"https:\\\/\\\/secure.gravatar.com\\\/avatar\\\/5e6c05150ce3230247d167f5b94d678eb05936197436d69b7921e3a95c9107ac?s=96&d=mm&r=g\",\"caption\":\"Issouf Tapsoba\"},\"url\":\"https:\\\/\\\/www.latribunedufaso.net\\\/?author=5\"}]}<\/script>\n<!-- \/ Yoast SEO plugin. -->","yoast_head_json":{"title":"Burkina Faso : La strat\u00e9gie de la riposte au VIH\/Sida et les IST (2026-2030) en cours de validation\u00a0 - La Tribune du Faso","robots":{"index":"index","follow":"follow","max-snippet":"max-snippet:-1","max-image-preview":"max-image-preview:large","max-video-preview":"max-video-preview:-1"},"canonical":"https:\/\/www.latribunedufaso.net\/?p=27689","og_locale":"fr_FR","og_type":"article","og_title":"Burkina Faso : La strat\u00e9gie de la riposte au VIH\/Sida et les IST (2026-2030) en cours de validation\u00a0 - La Tribune du Faso","og_description":"Apr\u00e8s l\u2019ex\u00e9cution de son pr\u00e9c\u00e9dent plan strat\u00e9gique de la riposte au VIH\/Sida et aux IST, le Burkina Faso est en phase de validation du plan quinquennal 2026-2030. La validation de cette strat\u00e9gie nationale de la riposte au VIH\/Sida et les IST a fait l\u2019objet d\u2019un atelier le mardi 24 f\u00e9vrier 2026 entre le Secr\u00e9tariat Permanent du CNLS-IST et ses partenaires techniques et financiers. Le Secr\u00e9taire Permanent du CNLS-IST, Dr Seydou Ouattara, note que ce nouveau plan quinquennal s\u2019articule, entre autres, autour de la r\u00e9duction drastique des nouvelles infections et de la mortalit\u00e9 li\u00e9e au VIH et aux comorbidit\u00e9s.","og_url":"https:\/\/www.latribunedufaso.net\/?p=27689","og_site_name":"La Tribune du Faso","article_publisher":"https:\/\/www.facebook.com\/LatribuneduFaso\/","article_published_time":"2026-02-24T18:51:32+00:00","article_modified_time":"2026-02-25T09:07:07+00:00","og_image":[{"width":2560,"height":1927,"url":"https:\/\/www.latribunedufaso.net\/wp-content\/uploads\/2026\/02\/IMG-20260225-WA0023.jpg","type":"image\/jpeg"}],"author":"Issouf Tapsoba","twitter_misc":{"\u00c9crit par":"Issouf Tapsoba","Dur\u00e9e de lecture estim\u00e9e":"4 minutes"},"schema":{"@context":"https:\/\/schema.org","@graph":[{"@type":"Article","@id":"https:\/\/www.latribunedufaso.net\/?p=27689#article","isPartOf":{"@id":"https:\/\/www.latribunedufaso.net\/?p=27689"},"author":{"name":"Issouf Tapsoba","@id":"https:\/\/www.latribunedufaso.net\/#\/schema\/person\/e54e64c5778a7e72cf80a318b7a622b0"},"headline":"Burkina Faso : La strat\u00e9gie de la riposte au VIH\/Sida et les IST (2026-2030) en cours de validation\u00a0","datePublished":"2026-02-24T18:51:32+00:00","dateModified":"2026-02-25T09:07:07+00:00","mainEntityOfPage":{"@id":"https:\/\/www.latribunedufaso.net\/?p=27689"},"wordCount":651,"commentCount":0,"publisher":{"@id":"https:\/\/www.latribunedufaso.net\/#organization"},"image":{"@id":"https:\/\/www.latribunedufaso.net\/?p=27689#primaryimage"},"thumbnailUrl":"https:\/\/www.latribunedufaso.net\/wp-content\/uploads\/2026\/02\/IMG-20260225-WA0023.jpg","keywords":["latribunedufaso.net","lutte contre le VIH\/SIDA"],"articleSection":["A la une","Actualit\u00e9","Sant\u00e9"],"inLanguage":"fr-FR","potentialAction":[{"@type":"CommentAction","name":"Comment","target":["https:\/\/www.latribunedufaso.net\/?p=27689#respond"]}]},{"@type":"WebPage","@id":"https:\/\/www.latribunedufaso.net\/?p=27689","url":"https:\/\/www.latribunedufaso.net\/?p=27689","name":"Burkina Faso : La strat\u00e9gie de la riposte au VIH\/Sida et les IST (2026-2030) en cours de validation\u00a0 - La Tribune du Faso","isPartOf":{"@id":"https:\/\/www.latribunedufaso.net\/#website"},"primaryImageOfPage":{"@id":"https:\/\/www.latribunedufaso.net\/?p=27689#primaryimage"},"image":{"@id":"https:\/\/www.latribunedufaso.net\/?p=27689#primaryimage"},"thumbnailUrl":"https:\/\/www.latribunedufaso.net\/wp-content\/uploads\/2026\/02\/IMG-20260225-WA0023.jpg","datePublished":"2026-02-24T18:51:32+00:00","dateModified":"2026-02-25T09:07:07+00:00","breadcrumb":{"@id":"https:\/\/www.latribunedufaso.net\/?p=27689#breadcrumb"},"inLanguage":"fr-FR","potentialAction":[{"@type":"ReadAction","target":["https:\/\/www.latribunedufaso.net\/?p=27689"]}]},{"@type":"ImageObject","inLanguage":"fr-FR","@id":"https:\/\/www.latribunedufaso.net\/?p=27689#primaryimage","url":"https:\/\/www.latribunedufaso.net\/wp-content\/uploads\/2026\/02\/IMG-20260225-WA0023.jpg","contentUrl":"https:\/\/www.latribunedufaso.net\/wp-content\/uploads\/2026\/02\/IMG-20260225-WA0023.jpg","width":2560,"height":1927,"caption":"Atelier de validation du plan quinquennal 2026-2030 de la strat\u00e9gie nationale de la riposte au VIH\/Sida et les IST, 24 f\u00e9vrier 2026"},{"@type":"BreadcrumbList","@id":"https:\/\/www.latribunedufaso.net\/?p=27689#breadcrumb","itemListElement":[{"@type":"ListItem","position":1,"name":"Accueil","item":"https:\/\/www.latribunedufaso.net\/"},{"@type":"ListItem","position":2,"name":"Burkina Faso : La strat\u00e9gie de la riposte au VIH\/Sida et les IST (2026-2030) en cours de validation\u00a0"}]},{"@type":"WebSite","@id":"https:\/\/www.latribunedufaso.net\/#website","url":"https:\/\/www.latribunedufaso.net\/","name":"La Tribune du Faso","description":"L&#039;information du monde rural en un clic","publisher":{"@id":"https:\/\/www.latribunedufaso.net\/#organization"},"potentialAction":[{"@type":"SearchAction","target":{"@type":"EntryPoint","urlTemplate":"https:\/\/www.latribunedufaso.net\/?s={search_term_string}"},"query-input":{"@type":"PropertyValueSpecification","valueRequired":true,"valueName":"search_term_string"}}],"inLanguage":"fr-FR"},{"@type":"Organization","@id":"https:\/\/www.latribunedufaso.net\/#organization","name":"La Tribune du Faso","url":"https:\/\/www.latribunedufaso.net\/","logo":{"@type":"ImageObject","inLanguage":"fr-FR","@id":"https:\/\/www.latribunedufaso.net\/#\/schema\/logo\/image\/","url":"https:\/\/www.latribunedufaso.net\/wp-content\/uploads\/2020\/08\/Logo-Tribune-du-Faso-final-scaled.jpg","contentUrl":"https:\/\/www.latribunedufaso.net\/wp-content\/uploads\/2020\/08\/Logo-Tribune-du-Faso-final-scaled.jpg","width":2560,"height":1856,"caption":"La Tribune du Faso"},"image":{"@id":"https:\/\/www.latribunedufaso.net\/#\/schema\/logo\/image\/"},"sameAs":["https:\/\/www.facebook.com\/LatribuneduFaso\/"]},{"@type":"Person","@id":"https:\/\/www.latribunedufaso.net\/#\/schema\/person\/e54e64c5778a7e72cf80a318b7a622b0","name":"Issouf Tapsoba","image":{"@type":"ImageObject","inLanguage":"fr-FR","@id":"https:\/\/secure.gravatar.com\/avatar\/5e6c05150ce3230247d167f5b94d678eb05936197436d69b7921e3a95c9107ac?s=96&d=mm&r=g","url":"https:\/\/secure.gravatar.com\/avatar\/5e6c05150ce3230247d167f5b94d678eb05936197436d69b7921e3a95c9107ac?s=96&d=mm&r=g","contentUrl":"https:\/\/secure.gravatar.com\/avatar\/5e6c05150ce3230247d167f5b94d678eb05936197436d69b7921e3a95c9107ac?s=96&d=mm&r=g","caption":"Issouf Tapsoba"},"url":"https:\/\/www.latribunedufaso.net\/?author=5"}]}},"_links":{"self":[{"href":"https:\/\/www.latribunedufaso.net\/index.php?rest_route=\/wp\/v2\/posts\/27689","targetHints":{"allow":["GET"]}}],"collection":[{"href":"https:\/\/www.latribunedufaso.net\/index.php?rest_route=\/wp\/v2\/posts"}],"about":[{"href":"https:\/\/www.latribunedufaso.net\/index.php?rest_route=\/wp\/v2\/types\/post"}],"author":[{"embeddable":true,"href":"https:\/\/www.latribunedufaso.net\/index.php?rest_route=\/wp\/v2\/users\/5"}],"replies":[{"embeddable":true,"href":"https:\/\/www.latribunedufaso.net\/index.php?rest_route=%2Fwp%2Fv2%2Fcomments&post=27689"}],"version-history":[{"count":5,"href":"https:\/\/www.latribunedufaso.net\/index.php?rest_route=\/wp\/v2\/posts\/27689\/revisions"}],"predecessor-version":[{"id":27699,"href":"https:\/\/www.latribunedufaso.net\/index.php?rest_route=\/wp\/v2\/posts\/27689\/revisions\/27699"}],"wp:featuredmedia":[{"embeddable":true,"href":"https:\/\/www.latribunedufaso.net\/index.php?rest_route=\/wp\/v2\/media\/27697"}],"wp:attachment":[{"href":"https:\/\/www.latribunedufaso.net\/index.php?rest_route=%2Fwp%2Fv2%2Fmedia&parent=27689"}],"wp:term":[{"taxonomy":"category","embeddable":true,"href":"https:\/\/www.latribunedufaso.net\/index.php?rest_route=%2Fwp%2Fv2%2Fcategories&post=27689"},{"taxonomy":"post_tag","embeddable":true,"href":"https:\/\/www.latribunedufaso.net\/index.php?rest_route=%2Fwp%2Fv2%2Ftags&post=27689"}],"curies":[{"name":"wp","href":"https:\/\/api.w.org\/{rel}","templated":true}]}}