{"id":27659,"date":"2026-02-23T17:48:00","date_gmt":"2026-02-23T17:48:00","guid":{"rendered":"https:\/\/www.latribunedufaso.net\/?p=27659"},"modified":"2026-02-23T17:48:00","modified_gmt":"2026-02-23T17:48:00","slug":"racisme-dans-le-football-lhypocrisie-des-tribunes-dorees","status":"publish","type":"post","link":"https:\/\/www.latribunedufaso.net\/?p=27659","title":{"rendered":"Racisme dans le football : L\u2019hypocrisie des tribunes dor\u00e9es"},"content":{"rendered":"<p><strong>Le football aime se raconter des histoires. Il parle d\u2019unit\u00e9, de respect, de diversit\u00e9. Il projette des slogans g\u00e9ants avant les matchs, fait poser les joueurs derri\u00e8re des banderoles, diffuse des clips moralisateurs. Et puis le coup d\u2019envoi est donn\u00e9\u2026 et tout recommence. Mardi 17 f\u00e9vrier 2026, lors du choc de Ligue des Champions entre le SL Benfica et le Real Madrid, l\u2019ailier br\u00e9silien Vin\u00edcius J\u00fanior a d\u00e9nonc\u00e9 des propos racistes.<\/strong><!--more--><\/p>\n<p>Une accusation grave. Une de plus. Une de trop. L\u2019UEFA a annonc\u00e9 une enqu\u00eate. Comme toujours.<\/p>\n<p>Et comme souvent, le football institutionnel va temporiser, diluer, analyser, contextualiser\u2026 jusqu\u2019\u00e0 ce que l\u2019indignation s\u2019\u00e9teigne.<\/p>\n<p>Le syst\u00e8me conna\u00eet parfaitement la recette :<\/p>\n<p>on promet la fermet\u00e9, on parle de tol\u00e9rance z\u00e9ro, puis on applique la sanction minimale compatible avec la tranquillit\u00e9 des sponsors.<\/p>\n<p>Le racisme n\u2019est pas un accident, c\u2019est un syst\u00e8me tol\u00e9r\u00e9. Qu\u2019on arr\u00eate de parler d\u2019<em><strong>\u00ab incidents \u00bb<\/strong><\/em>.<\/p>\n<p>Le racisme dans le football n\u2019est ni rare ni impr\u00e9visible. Il est r\u00e9current, document\u00e9, assum\u00e9 dans certaines tribunes, et m\u00eame parfois banalis\u00e9 sur le terrain.<\/p>\n<p>On conna\u00eet les cris de singe. On conna\u00eet les insultes raciales. On conna\u00eet les stades o\u00f9 les joueurs noirs savent qu\u2019ils seront pris pour cibles. Et pourtant, rien ne change vraiment. Pourquoi ?<\/p>\n<p>Parce que le football moderne n\u2019est plus gouvern\u00e9 par la morale, mais par l\u2019\u00e9conomie. Suspendre s\u00e9v\u00e8rement un club puissant ? Mauvaise publicit\u00e9.<\/p>\n<p>Exclure un joueur important ? Risque juridique. Fermer un stade ? Perte financi\u00e8re. Alors on parle beaucoup\u2026 et on agit peu.<\/p>\n<h3>Les campagnes anti-racismes : un d\u00e9cor de th\u00e9\u00e2tre<\/h3>\n<p>Depuis vingt ans, le football accumule les slogans :<\/p>\n<ul>\n<li>campagnes \u201cNo to Racism\u201d<\/li>\n<li>brassards solidaires<\/li>\n<li>prises de parole institutionnelles<\/li>\n<li>vid\u00e9os p\u00e9dagogiques avant les matchs<\/li>\n<li>Tout est parfaitement huil\u00e9.<\/li>\n<\/ul>\n<p>Le probl\u00e8me, c\u2019est que ces campagnes ressemblent d\u00e9sormais \u00e0 un d\u00e9cor de th\u00e9\u00e2tre : elles servent \u00e0 montrer que le football agit, pas \u00e0 changer r\u00e9ellement les choses.<\/p>\n<p>Si les slogans suffisaient, le racisme aurait disparu depuis longtemps. Les joueurs parlent, les institutions murmurent<\/p>\n<p>Ce sont les joueurs qui montent au front. Encore eux. Vin\u00edcius J\u00fanior d\u00e9nonce. Kylian Mbapp\u00e9 soutient.<\/p>\n<p>D\u2019autres avant eux comme l\u2019italien Mario Balloteli ont cri\u00e9 leur col\u00e8re, racont\u00e9 leur fatigue, exprim\u00e9 leur humiliation. Mais \u00e0 chaque fois, la m\u00eame m\u00e9canique s\u2019enclenche :<\/p>\n<p>les joueurs sont somm\u00e9s de rester calmes, de ne pas politiser le sport, de <em><strong>\u00ab se concentrer sur le jeu \u00bb<\/strong><\/em>. Autrement dit : souffrez en silence pour ne pas d\u00e9ranger le business.<\/p>\n<h3>La vraie question : le football veut-il vraiment \u00e9radiquer le racisme ?<\/h3>\n<p>Car lutter r\u00e9ellement contre le racisme exigerait des d\u00e9cisions radicales :<\/p>\n<ul>\n<li>exclusions sportives lourdes,<\/li>\n<li>matchs perdus sur tapis vert,<\/li>\n<li>stades ferm\u00e9s syst\u00e9matiquement,<\/li>\n<li>responsabilit\u00e9s directes des clubs.<\/li>\n<\/ul>\n<p>Mais le football pr\u00e9f\u00e8re l\u2019\u00e9quilibre confortable :<\/p>\n<p>condamner sans punir, d\u00e9noncer sans d\u00e9ranger, communiquer sans transformer. C\u2019est une forme de l\u00e2chet\u00e9 institutionnelle. Une l\u00e2chet\u00e9 qui prot\u00e8ge le spectacle mais abandonne les joueurs.<\/p>\n<h3>Le jour o\u00f9 une vraie sanction tombera\u2026<\/h3>\n<p>Le racisme reculera le jour o\u00f9 une grande \u00e9quipe sera \u00e9limin\u00e9e pour faute raciste. Le jour o\u00f9 une star sera suspendue une saison enti\u00e8re. Le jour o\u00f9 un stade plein sera vid\u00e9 pour des chants discriminatoires.<\/p>\n<p>Ce jour-l\u00e0, le message sera compris en une semaine. D\u2019ici l\u00e0, le football continuera d\u2019afficher ses slogans, de publier ses communiqu\u00e9s, et d\u2019esp\u00e9rer que la prochaine pol\u00e9mique fera oublier la pr\u00e9c\u00e9dente.<\/p>\n<blockquote>\n<p>Lire aussi &gt;&gt;\u00a0<a href=\"https:\/\/www.latribunedufaso.net\/?p=27591\">Programme SUUDU ANDAL SPORT : Le sport burkinab\u00e8 en qu\u00eate de maturit\u00e9 ?<\/a><\/p>\n<\/blockquote>\n<p>Le football pr\u00e9tend \u00eatre le sport le plus populaire du monde. Il serait temps qu\u2019il ait aussi le courage d\u2019\u00eatre le plus juste.\u00a0 \u00a0 \u00a0 \u00a0 \u00a0 \u00a0<\/p>\n<p><strong>Le Brave\u00a0<\/strong><\/p>\n<p><strong>Latribunedufaso.net<\/strong><\/p>\n","protected":false},"excerpt":{"rendered":"<p>Le football aime se raconter des histoires. Il parle d\u2019unit\u00e9, de respect, de diversit\u00e9. Il projette des slogans g\u00e9ants avant les matchs, fait poser les joueurs derri\u00e8re des banderoles, diffuse des clips moralisateurs. Et puis le coup d\u2019envoi est donn\u00e9\u2026 et tout recommence. Mardi 17 f\u00e9vrier 2026, lors du choc de Ligue des Champions entre le SL Benfica et le Real Madrid, l\u2019ailier br\u00e9silien Vin\u00edcius J\u00fanior a d\u00e9nonc\u00e9 des propos racistes.<\/p>\n","protected":false},"author":5,"featured_media":27662,"comment_status":"open","ping_status":"open","sticky":false,"template":"","format":"standard","meta":{"footnotes":""},"categories":[13,1,17],"tags":[39,2011,2012],"class_list":["post-27659","post","type-post","status-publish","format-standard","has-post-thumbnail","hentry","category-une","category-actu","category-sport","tag-latribunedufaso-net","tag-racisme-dans-le-sport","tag-vinicius-victime-de-racisme"],"yoast_head":"<!-- This site is optimized with the Yoast SEO plugin v27.4 - https:\/\/yoast.com\/product\/yoast-seo-wordpress\/ -->\n<title>Racisme dans le football : L\u2019hypocrisie des tribunes dor\u00e9es - La Tribune du Faso<\/title>\n<meta name=\"robots\" content=\"index, follow, max-snippet:-1, max-image-preview:large, max-video-preview:-1\" \/>\n<link rel=\"canonical\" href=\"https:\/\/www.latribunedufaso.net\/?p=27659\" \/>\n<meta property=\"og:locale\" content=\"fr_FR\" \/>\n<meta property=\"og:type\" content=\"article\" \/>\n<meta property=\"og:title\" content=\"Racisme dans le football : L\u2019hypocrisie des tribunes dor\u00e9es - La Tribune du Faso\" \/>\n<meta property=\"og:description\" content=\"Le football aime se raconter des histoires. Il parle d\u2019unit\u00e9, de respect, de diversit\u00e9. Il projette des slogans g\u00e9ants avant les matchs, fait poser les joueurs derri\u00e8re des banderoles, diffuse des clips moralisateurs. Et puis le coup d\u2019envoi est donn\u00e9\u2026 et tout recommence. Mardi 17 f\u00e9vrier 2026, lors du choc de Ligue des Champions entre le SL Benfica et le Real Madrid, l\u2019ailier br\u00e9silien Vin\u00edcius J\u00fanior a d\u00e9nonc\u00e9 des propos racistes.\" \/>\n<meta property=\"og:url\" content=\"https:\/\/www.latribunedufaso.net\/?p=27659\" \/>\n<meta property=\"og:site_name\" content=\"La Tribune du Faso\" \/>\n<meta property=\"article:publisher\" content=\"https:\/\/www.facebook.com\/LatribuneduFaso\/\" \/>\n<meta property=\"article:published_time\" content=\"2026-02-23T17:48:00+00:00\" \/>\n<meta property=\"og:image\" content=\"https:\/\/www.latribunedufaso.net\/wp-content\/uploads\/2026\/02\/large_landscape_152846.jpg\" \/>\n\t<meta property=\"og:image:width\" content=\"1200\" \/>\n\t<meta property=\"og:image:height\" content=\"675\" \/>\n\t<meta property=\"og:image:type\" content=\"image\/jpeg\" \/>\n<meta name=\"author\" content=\"Issouf Tapsoba\" \/>\n<meta name=\"twitter:label1\" content=\"\u00c9crit par\" \/>\n\t<meta name=\"twitter:data1\" content=\"Issouf Tapsoba\" \/>\n\t<meta name=\"twitter:label2\" content=\"Dur\u00e9e de lecture estim\u00e9e\" \/>\n\t<meta name=\"twitter:data2\" content=\"4 minutes\" \/>\n<script type=\"application\/ld+json\" class=\"yoast-schema-graph\">{\"@context\":\"https:\\\/\\\/schema.org\",\"@graph\":[{\"@type\":\"Article\",\"@id\":\"https:\\\/\\\/www.latribunedufaso.net\\\/?p=27659#article\",\"isPartOf\":{\"@id\":\"https:\\\/\\\/www.latribunedufaso.net\\\/?p=27659\"},\"author\":{\"name\":\"Issouf Tapsoba\",\"@id\":\"https:\\\/\\\/www.latribunedufaso.net\\\/#\\\/schema\\\/person\\\/e54e64c5778a7e72cf80a318b7a622b0\"},\"headline\":\"Racisme dans le football : L\u2019hypocrisie des tribunes dor\u00e9es\",\"datePublished\":\"2026-02-23T17:48:00+00:00\",\"mainEntityOfPage\":{\"@id\":\"https:\\\/\\\/www.latribunedufaso.net\\\/?p=27659\"},\"wordCount\":663,\"commentCount\":0,\"publisher\":{\"@id\":\"https:\\\/\\\/www.latribunedufaso.net\\\/#organization\"},\"image\":{\"@id\":\"https:\\\/\\\/www.latribunedufaso.net\\\/?p=27659#primaryimage\"},\"thumbnailUrl\":\"https:\\\/\\\/www.latribunedufaso.net\\\/wp-content\\\/uploads\\\/2026\\\/02\\\/large_landscape_152846.jpg\",\"keywords\":[\"latribunedufaso.net\",\"Racisme dans le sport\",\"Vin\u00edcius victime de racisme\"],\"articleSection\":[\"A la une\",\"Actualit\u00e9\",\"Sport\"],\"inLanguage\":\"fr-FR\",\"potentialAction\":[{\"@type\":\"CommentAction\",\"name\":\"Comment\",\"target\":[\"https:\\\/\\\/www.latribunedufaso.net\\\/?p=27659#respond\"]}]},{\"@type\":\"WebPage\",\"@id\":\"https:\\\/\\\/www.latribunedufaso.net\\\/?p=27659\",\"url\":\"https:\\\/\\\/www.latribunedufaso.net\\\/?p=27659\",\"name\":\"Racisme dans le football : L\u2019hypocrisie des tribunes dor\u00e9es - La Tribune du Faso\",\"isPartOf\":{\"@id\":\"https:\\\/\\\/www.latribunedufaso.net\\\/#website\"},\"primaryImageOfPage\":{\"@id\":\"https:\\\/\\\/www.latribunedufaso.net\\\/?p=27659#primaryimage\"},\"image\":{\"@id\":\"https:\\\/\\\/www.latribunedufaso.net\\\/?p=27659#primaryimage\"},\"thumbnailUrl\":\"https:\\\/\\\/www.latribunedufaso.net\\\/wp-content\\\/uploads\\\/2026\\\/02\\\/large_landscape_152846.jpg\",\"datePublished\":\"2026-02-23T17:48:00+00:00\",\"breadcrumb\":{\"@id\":\"https:\\\/\\\/www.latribunedufaso.net\\\/?p=27659#breadcrumb\"},\"inLanguage\":\"fr-FR\",\"potentialAction\":[{\"@type\":\"ReadAction\",\"target\":[\"https:\\\/\\\/www.latribunedufaso.net\\\/?p=27659\"]}]},{\"@type\":\"ImageObject\",\"inLanguage\":\"fr-FR\",\"@id\":\"https:\\\/\\\/www.latribunedufaso.net\\\/?p=27659#primaryimage\",\"url\":\"https:\\\/\\\/www.latribunedufaso.net\\\/wp-content\\\/uploads\\\/2026\\\/02\\\/large_landscape_152846.jpg\",\"contentUrl\":\"https:\\\/\\\/www.latribunedufaso.net\\\/wp-content\\\/uploads\\\/2026\\\/02\\\/large_landscape_152846.jpg\",\"width\":1200,\"height\":675,\"caption\":\"Image illustrative lutte contre le racisme dans le football\"},{\"@type\":\"BreadcrumbList\",\"@id\":\"https:\\\/\\\/www.latribunedufaso.net\\\/?p=27659#breadcrumb\",\"itemListElement\":[{\"@type\":\"ListItem\",\"position\":1,\"name\":\"Accueil\",\"item\":\"https:\\\/\\\/www.latribunedufaso.net\\\/\"},{\"@type\":\"ListItem\",\"position\":2,\"name\":\"Racisme dans le football : L\u2019hypocrisie des tribunes dor\u00e9es\"}]},{\"@type\":\"WebSite\",\"@id\":\"https:\\\/\\\/www.latribunedufaso.net\\\/#website\",\"url\":\"https:\\\/\\\/www.latribunedufaso.net\\\/\",\"name\":\"La Tribune du Faso\",\"description\":\"L&#039;information du monde rural en un clic\",\"publisher\":{\"@id\":\"https:\\\/\\\/www.latribunedufaso.net\\\/#organization\"},\"potentialAction\":[{\"@type\":\"SearchAction\",\"target\":{\"@type\":\"EntryPoint\",\"urlTemplate\":\"https:\\\/\\\/www.latribunedufaso.net\\\/?s={search_term_string}\"},\"query-input\":{\"@type\":\"PropertyValueSpecification\",\"valueRequired\":true,\"valueName\":\"search_term_string\"}}],\"inLanguage\":\"fr-FR\"},{\"@type\":\"Organization\",\"@id\":\"https:\\\/\\\/www.latribunedufaso.net\\\/#organization\",\"name\":\"La Tribune du Faso\",\"url\":\"https:\\\/\\\/www.latribunedufaso.net\\\/\",\"logo\":{\"@type\":\"ImageObject\",\"inLanguage\":\"fr-FR\",\"@id\":\"https:\\\/\\\/www.latribunedufaso.net\\\/#\\\/schema\\\/logo\\\/image\\\/\",\"url\":\"https:\\\/\\\/www.latribunedufaso.net\\\/wp-content\\\/uploads\\\/2020\\\/08\\\/Logo-Tribune-du-Faso-final-scaled.jpg\",\"contentUrl\":\"https:\\\/\\\/www.latribunedufaso.net\\\/wp-content\\\/uploads\\\/2020\\\/08\\\/Logo-Tribune-du-Faso-final-scaled.jpg\",\"width\":2560,\"height\":1856,\"caption\":\"La Tribune du Faso\"},\"image\":{\"@id\":\"https:\\\/\\\/www.latribunedufaso.net\\\/#\\\/schema\\\/logo\\\/image\\\/\"},\"sameAs\":[\"https:\\\/\\\/www.facebook.com\\\/LatribuneduFaso\\\/\"]},{\"@type\":\"Person\",\"@id\":\"https:\\\/\\\/www.latribunedufaso.net\\\/#\\\/schema\\\/person\\\/e54e64c5778a7e72cf80a318b7a622b0\",\"name\":\"Issouf Tapsoba\",\"image\":{\"@type\":\"ImageObject\",\"inLanguage\":\"fr-FR\",\"@id\":\"https:\\\/\\\/secure.gravatar.com\\\/avatar\\\/5e6c05150ce3230247d167f5b94d678eb05936197436d69b7921e3a95c9107ac?s=96&d=mm&r=g\",\"url\":\"https:\\\/\\\/secure.gravatar.com\\\/avatar\\\/5e6c05150ce3230247d167f5b94d678eb05936197436d69b7921e3a95c9107ac?s=96&d=mm&r=g\",\"contentUrl\":\"https:\\\/\\\/secure.gravatar.com\\\/avatar\\\/5e6c05150ce3230247d167f5b94d678eb05936197436d69b7921e3a95c9107ac?s=96&d=mm&r=g\",\"caption\":\"Issouf Tapsoba\"},\"url\":\"https:\\\/\\\/www.latribunedufaso.net\\\/?author=5\"}]}<\/script>\n<!-- \/ Yoast SEO plugin. -->","yoast_head_json":{"title":"Racisme dans le football : L\u2019hypocrisie des tribunes dor\u00e9es - La Tribune du Faso","robots":{"index":"index","follow":"follow","max-snippet":"max-snippet:-1","max-image-preview":"max-image-preview:large","max-video-preview":"max-video-preview:-1"},"canonical":"https:\/\/www.latribunedufaso.net\/?p=27659","og_locale":"fr_FR","og_type":"article","og_title":"Racisme dans le football : L\u2019hypocrisie des tribunes dor\u00e9es - La Tribune du Faso","og_description":"Le football aime se raconter des histoires. Il parle d\u2019unit\u00e9, de respect, de diversit\u00e9. Il projette des slogans g\u00e9ants avant les matchs, fait poser les joueurs derri\u00e8re des banderoles, diffuse des clips moralisateurs. Et puis le coup d\u2019envoi est donn\u00e9\u2026 et tout recommence. Mardi 17 f\u00e9vrier 2026, lors du choc de Ligue des Champions entre le SL Benfica et le Real Madrid, l\u2019ailier br\u00e9silien Vin\u00edcius J\u00fanior a d\u00e9nonc\u00e9 des propos racistes.","og_url":"https:\/\/www.latribunedufaso.net\/?p=27659","og_site_name":"La Tribune du Faso","article_publisher":"https:\/\/www.facebook.com\/LatribuneduFaso\/","article_published_time":"2026-02-23T17:48:00+00:00","og_image":[{"width":1200,"height":675,"url":"https:\/\/www.latribunedufaso.net\/wp-content\/uploads\/2026\/02\/large_landscape_152846.jpg","type":"image\/jpeg"}],"author":"Issouf Tapsoba","twitter_misc":{"\u00c9crit par":"Issouf Tapsoba","Dur\u00e9e de lecture estim\u00e9e":"4 minutes"},"schema":{"@context":"https:\/\/schema.org","@graph":[{"@type":"Article","@id":"https:\/\/www.latribunedufaso.net\/?p=27659#article","isPartOf":{"@id":"https:\/\/www.latribunedufaso.net\/?p=27659"},"author":{"name":"Issouf Tapsoba","@id":"https:\/\/www.latribunedufaso.net\/#\/schema\/person\/e54e64c5778a7e72cf80a318b7a622b0"},"headline":"Racisme dans le football : L\u2019hypocrisie des tribunes dor\u00e9es","datePublished":"2026-02-23T17:48:00+00:00","mainEntityOfPage":{"@id":"https:\/\/www.latribunedufaso.net\/?p=27659"},"wordCount":663,"commentCount":0,"publisher":{"@id":"https:\/\/www.latribunedufaso.net\/#organization"},"image":{"@id":"https:\/\/www.latribunedufaso.net\/?p=27659#primaryimage"},"thumbnailUrl":"https:\/\/www.latribunedufaso.net\/wp-content\/uploads\/2026\/02\/large_landscape_152846.jpg","keywords":["latribunedufaso.net","Racisme dans le sport","Vin\u00edcius victime de racisme"],"articleSection":["A la une","Actualit\u00e9","Sport"],"inLanguage":"fr-FR","potentialAction":[{"@type":"CommentAction","name":"Comment","target":["https:\/\/www.latribunedufaso.net\/?p=27659#respond"]}]},{"@type":"WebPage","@id":"https:\/\/www.latribunedufaso.net\/?p=27659","url":"https:\/\/www.latribunedufaso.net\/?p=27659","name":"Racisme dans le football : L\u2019hypocrisie des tribunes dor\u00e9es - La Tribune du Faso","isPartOf":{"@id":"https:\/\/www.latribunedufaso.net\/#website"},"primaryImageOfPage":{"@id":"https:\/\/www.latribunedufaso.net\/?p=27659#primaryimage"},"image":{"@id":"https:\/\/www.latribunedufaso.net\/?p=27659#primaryimage"},"thumbnailUrl":"https:\/\/www.latribunedufaso.net\/wp-content\/uploads\/2026\/02\/large_landscape_152846.jpg","datePublished":"2026-02-23T17:48:00+00:00","breadcrumb":{"@id":"https:\/\/www.latribunedufaso.net\/?p=27659#breadcrumb"},"inLanguage":"fr-FR","potentialAction":[{"@type":"ReadAction","target":["https:\/\/www.latribunedufaso.net\/?p=27659"]}]},{"@type":"ImageObject","inLanguage":"fr-FR","@id":"https:\/\/www.latribunedufaso.net\/?p=27659#primaryimage","url":"https:\/\/www.latribunedufaso.net\/wp-content\/uploads\/2026\/02\/large_landscape_152846.jpg","contentUrl":"https:\/\/www.latribunedufaso.net\/wp-content\/uploads\/2026\/02\/large_landscape_152846.jpg","width":1200,"height":675,"caption":"Image illustrative lutte contre le racisme dans le football"},{"@type":"BreadcrumbList","@id":"https:\/\/www.latribunedufaso.net\/?p=27659#breadcrumb","itemListElement":[{"@type":"ListItem","position":1,"name":"Accueil","item":"https:\/\/www.latribunedufaso.net\/"},{"@type":"ListItem","position":2,"name":"Racisme dans le football : L\u2019hypocrisie des tribunes dor\u00e9es"}]},{"@type":"WebSite","@id":"https:\/\/www.latribunedufaso.net\/#website","url":"https:\/\/www.latribunedufaso.net\/","name":"La Tribune du Faso","description":"L&#039;information du monde rural en un clic","publisher":{"@id":"https:\/\/www.latribunedufaso.net\/#organization"},"potentialAction":[{"@type":"SearchAction","target":{"@type":"EntryPoint","urlTemplate":"https:\/\/www.latribunedufaso.net\/?s={search_term_string}"},"query-input":{"@type":"PropertyValueSpecification","valueRequired":true,"valueName":"search_term_string"}}],"inLanguage":"fr-FR"},{"@type":"Organization","@id":"https:\/\/www.latribunedufaso.net\/#organization","name":"La Tribune du Faso","url":"https:\/\/www.latribunedufaso.net\/","logo":{"@type":"ImageObject","inLanguage":"fr-FR","@id":"https:\/\/www.latribunedufaso.net\/#\/schema\/logo\/image\/","url":"https:\/\/www.latribunedufaso.net\/wp-content\/uploads\/2020\/08\/Logo-Tribune-du-Faso-final-scaled.jpg","contentUrl":"https:\/\/www.latribunedufaso.net\/wp-content\/uploads\/2020\/08\/Logo-Tribune-du-Faso-final-scaled.jpg","width":2560,"height":1856,"caption":"La Tribune du Faso"},"image":{"@id":"https:\/\/www.latribunedufaso.net\/#\/schema\/logo\/image\/"},"sameAs":["https:\/\/www.facebook.com\/LatribuneduFaso\/"]},{"@type":"Person","@id":"https:\/\/www.latribunedufaso.net\/#\/schema\/person\/e54e64c5778a7e72cf80a318b7a622b0","name":"Issouf Tapsoba","image":{"@type":"ImageObject","inLanguage":"fr-FR","@id":"https:\/\/secure.gravatar.com\/avatar\/5e6c05150ce3230247d167f5b94d678eb05936197436d69b7921e3a95c9107ac?s=96&d=mm&r=g","url":"https:\/\/secure.gravatar.com\/avatar\/5e6c05150ce3230247d167f5b94d678eb05936197436d69b7921e3a95c9107ac?s=96&d=mm&r=g","contentUrl":"https:\/\/secure.gravatar.com\/avatar\/5e6c05150ce3230247d167f5b94d678eb05936197436d69b7921e3a95c9107ac?s=96&d=mm&r=g","caption":"Issouf Tapsoba"},"url":"https:\/\/www.latribunedufaso.net\/?author=5"}]}},"_links":{"self":[{"href":"https:\/\/www.latribunedufaso.net\/index.php?rest_route=\/wp\/v2\/posts\/27659","targetHints":{"allow":["GET"]}}],"collection":[{"href":"https:\/\/www.latribunedufaso.net\/index.php?rest_route=\/wp\/v2\/posts"}],"about":[{"href":"https:\/\/www.latribunedufaso.net\/index.php?rest_route=\/wp\/v2\/types\/post"}],"author":[{"embeddable":true,"href":"https:\/\/www.latribunedufaso.net\/index.php?rest_route=\/wp\/v2\/users\/5"}],"replies":[{"embeddable":true,"href":"https:\/\/www.latribunedufaso.net\/index.php?rest_route=%2Fwp%2Fv2%2Fcomments&post=27659"}],"version-history":[{"count":2,"href":"https:\/\/www.latribunedufaso.net\/index.php?rest_route=\/wp\/v2\/posts\/27659\/revisions"}],"predecessor-version":[{"id":27661,"href":"https:\/\/www.latribunedufaso.net\/index.php?rest_route=\/wp\/v2\/posts\/27659\/revisions\/27661"}],"wp:featuredmedia":[{"embeddable":true,"href":"https:\/\/www.latribunedufaso.net\/index.php?rest_route=\/wp\/v2\/media\/27662"}],"wp:attachment":[{"href":"https:\/\/www.latribunedufaso.net\/index.php?rest_route=%2Fwp%2Fv2%2Fmedia&parent=27659"}],"wp:term":[{"taxonomy":"category","embeddable":true,"href":"https:\/\/www.latribunedufaso.net\/index.php?rest_route=%2Fwp%2Fv2%2Fcategories&post=27659"},{"taxonomy":"post_tag","embeddable":true,"href":"https:\/\/www.latribunedufaso.net\/index.php?rest_route=%2Fwp%2Fv2%2Ftags&post=27659"}],"curies":[{"name":"wp","href":"https:\/\/api.w.org\/{rel}","templated":true}]}}