{"id":2752,"date":"2021-03-09T16:00:04","date_gmt":"2021-03-09T16:00:04","guid":{"rendered":"https:\/\/www.latribunedufaso.net\/?p=2752"},"modified":"2021-03-09T16:00:04","modified_gmt":"2021-03-09T16:00:04","slug":"football-que-comprendre-de-la-normalisation-et-levee-de-suspension-du-stade-du-4-aout","status":"publish","type":"post","link":"https:\/\/www.latribunedufaso.net\/?p=2752","title":{"rendered":"Football : Que comprendre de la normalisation et lev\u00e9e de suspension du stade du 4 Ao\u00fbt"},"content":{"rendered":"<p><strong><span style=\"font-size: 1.0625rem;\">Au cours d\u2019une conf\u00e9rence de presse anim\u00e9e ce mardi 9 mars 2021, \u00e0 Ouagadougou, le ministre des sports et des loisirs, Dominique Nana, a communiqu\u00e9 sur la normalisation du Stade du 4 Ao\u00fbt. Il a \u00e9galement saisi l\u2019occasion pour \u00e9voquer les exigences qui avaient valu sa suspension ainsi qu&rsquo;\u00e0 la lev\u00e9e temporaire de cette sanction par la Conf\u00e9d\u00e9ration africaine de football (CAF).<\/span><\/strong><br \/>\n<!--more--><\/p>\n<p><a href=\"https:\/\/latribunedufaso.net\/wp-content\/uploads\/2021\/03\/IMG-20210309-WA0012.jpg\"><img loading=\"lazy\" decoding=\"async\" class=\"size-medium wp-image-2753 aligncenter\" src=\"https:\/\/latribunedufaso.net\/wp-content\/uploads\/2021\/03\/IMG-20210309-WA0012-300x135.jpg\" alt=\"\" width=\"300\" height=\"135\" srcset=\"https:\/\/www.latribunedufaso.net\/wp-content\/uploads\/2021\/03\/IMG-20210309-WA0012-300x135.jpg 300w, https:\/\/www.latribunedufaso.net\/wp-content\/uploads\/2021\/03\/IMG-20210309-WA0012-1024x461.jpg 1024w, https:\/\/www.latribunedufaso.net\/wp-content\/uploads\/2021\/03\/IMG-20210309-WA0012-768x346.jpg 768w, https:\/\/www.latribunedufaso.net\/wp-content\/uploads\/2021\/03\/IMG-20210309-WA0012.jpg 1040w\" sizes=\"auto, (max-width: 300px) 100vw, 300px\" \/><\/a>A entendre le ministre des sports et des loisirs, Dominique Nana, le gouvernement a entrepris des actions entrant dans le cadre de la normalisation du stade du 4 Ao\u00fbt. \u00ab Depuis les premi\u00e8res correspondances de la Conf\u00e9d\u00e9ration africaine de football (CAF), des actions ont \u00e9t\u00e9 entreprises par le gouvernement en vue de la r\u00e9habilitation du stade du 4 Ao\u00fbt. En effet, le d\u00e9partement des sports et des loisirs a sollicit\u00e9 en mai 2020, l\u2019autorisation du minist\u00e8re en charge des finances pour recourir \u00e0 la proc\u00e9dure d\u2019entente directe relative aux \u00e9tudes techniques et architecturales pour la r\u00e9habilitation et la mise aux normes du stade du 4 Ao\u00fbt. \u00bb, a-t-il laiss\u00e9 entendre. Pour ce qui est du d\u00e9but des travaux, il indique qu\u2019une requ\u00eate a \u00e9t\u00e9 soumise au minist\u00e8re des finances pour combler le besoin de financement ; les travaux d\u00e9buteront d\u00e8s que les fonds seront disponibilis\u00e9s, \u00ab Je puis d\u2019ores et d\u00e9j\u00e0 vous dire que les diff\u00e9rents services techniques s\u2019activent pour permettre le d\u00e9marrage des travaux une fois que les d\u00e9caissements seront effectifs. \u00bb, a fait savoir Dominique Nana tout en pr\u00e9cisant qu\u2019il n\u2019est pas prisonnier du temps. \u00ab Je suis prisonnier de l\u2019exigence de la qualit\u00e9. Nous n\u2019allons pas nous mettre la pression pour vous livrer une infrastructure qui ne soit pas de bonne qualit\u00e9. Nous allons nous donner les moyens de mani\u00e8re \u00e0 r\u00e9pondre aux exigences de la Conf\u00e9d\u00e9ration africaine de football (CAF) et de la F\u00e9d\u00e9ration internationale de football association (FIFA) \u00bb, a fait savoir M. Nana.<\/p>\n<p>Sur ce qui est des exigences qui ont valu la suspension du stade du 4 Ao\u00fbt par la Conf\u00e9d\u00e9ration africaine de football (CAF), il informe qu\u2019il s\u2019agit entre autres, de la qualit\u00e9 du terrain (pour les matchs qui se disputent en soir\u00e9e, l\u2019\u00e9clairage du terrain doit \u00eatre uniforme avec un \u00e9clairement horizontale minimum de 1200 lux) ; de la propret\u00e9 des vestiaires ; des zones r\u00e9serv\u00e9es aux spectateurs ; des installations sanitaires pour les spectateurs ; des installations m\u00e9dia ; des travaux de r\u00e9novation g\u00e9n\u00e9rale du stade; de l\u2019exigence d\u2019installer trois tableaux d\u2019affichages ; de l\u2019identification des t\u00e9l\u00e9spectateurs \u00e0 partir de leurs chaises ; de l\u2019exigence d\u2019installer 6 m\u00e2ts ; de la qualit\u00e9 de la pelouse. \u00bb, a-t-il cit\u00e9. S\u2019agissant de la lev\u00e9e temporaire de la suspension du stade par la CAF, il explique\u00a0: \u00ab\u00a0C\u2019est dans la nuit d\u2019hier (lundi 8 mars 2021) que l\u2019information sur la lev\u00e9e de la suspension du Stade du 4 Ao\u00fbt comme une train\u00e9e de poudre s\u2019est propag\u00e9e sur les r\u00e9seaux sociaux.\u00a0\u00bb, a-t-il dit avant de noter que cette lev\u00e9e temporaire de la suspension du stade du 4 Ao\u00fbt, qui va jusqu\u2019en juin 2021, r\u00e9jouit plus d\u2019un et a mettre \u00e0 l&rsquo;actif de la F\u00e9d\u00e9ration burkinab\u00e8 de football (FBF). Il insist\u00e9 sur le fait que ce dernier rebondissement n\u2019impactera aucunement le processus de normalisation d\u00e9j\u00e0 enclench\u00e9.<\/p>\n<p><strong>Tiba Kassamse Ou\u00e9draogo (Stagiaire)<\/strong><br \/>\n<strong>Latribunedufaso.net<\/strong><\/p>\n<p>&nbsp;<\/p>\n","protected":false},"excerpt":{"rendered":"<p>Au cours d\u2019une conf\u00e9rence de presse anim\u00e9e ce mardi 9 mars 2021, \u00e0 Ouagadougou, le ministre des sports et des loisirs, Dominique Nana, a communiqu\u00e9 sur la normalisation du Stade du 4 Ao\u00fbt. Il a \u00e9galement saisi l\u2019occasion pour \u00e9voquer les exigences qui avaient valu sa suspension ainsi qu&rsquo;\u00e0 la lev\u00e9e temporaire de cette sanction par la Conf\u00e9d\u00e9ration africaine de football (CAF).<\/p>\n","protected":false},"author":2,"featured_media":2754,"comment_status":"open","ping_status":"open","sticky":false,"template":"","format":"standard","meta":{"footnotes":""},"categories":[13,1,17],"tags":[],"class_list":["post-2752","post","type-post","status-publish","format-standard","has-post-thumbnail","hentry","category-une","category-actu","category-sport"],"yoast_head":"<!-- This site is optimized with the Yoast SEO plugin v27.4 - https:\/\/yoast.com\/product\/yoast-seo-wordpress\/ -->\n<title>Football : Que comprendre de la normalisation et lev\u00e9e de suspension du stade du 4 Ao\u00fbt - La Tribune du Faso<\/title>\n<meta name=\"robots\" content=\"index, follow, max-snippet:-1, max-image-preview:large, max-video-preview:-1\" \/>\n<link rel=\"canonical\" href=\"https:\/\/www.latribunedufaso.net\/?p=2752\" \/>\n<meta property=\"og:locale\" content=\"fr_FR\" \/>\n<meta property=\"og:type\" content=\"article\" \/>\n<meta property=\"og:title\" content=\"Football : Que comprendre de la normalisation et lev\u00e9e de suspension du stade du 4 Ao\u00fbt - La Tribune du Faso\" \/>\n<meta property=\"og:description\" content=\"Au cours d\u2019une conf\u00e9rence de presse anim\u00e9e ce mardi 9 mars 2021, \u00e0 Ouagadougou, le ministre des sports et des loisirs, Dominique Nana, a communiqu\u00e9 sur la normalisation du Stade du 4 Ao\u00fbt. Il a \u00e9galement saisi l\u2019occasion pour \u00e9voquer les exigences qui avaient valu sa suspension ainsi qu&rsquo;\u00e0 la lev\u00e9e temporaire de cette sanction par la Conf\u00e9d\u00e9ration africaine de football (CAF).\" \/>\n<meta property=\"og:url\" content=\"https:\/\/www.latribunedufaso.net\/?p=2752\" \/>\n<meta property=\"og:site_name\" content=\"La Tribune du Faso\" \/>\n<meta property=\"article:publisher\" content=\"https:\/\/www.facebook.com\/LatribuneduFaso\/\" \/>\n<meta property=\"article:published_time\" content=\"2021-03-09T16:00:04+00:00\" \/>\n<meta property=\"og:image\" content=\"https:\/\/latribunedufaso.net\/wp-content\/uploads\/2021\/03\/1-3-scaled.jpg\" \/>\n\t<meta property=\"og:image:width\" content=\"2560\" \/>\n\t<meta property=\"og:image:height\" content=\"1441\" \/>\n\t<meta property=\"og:image:type\" content=\"image\/jpeg\" \/>\n<meta name=\"author\" content=\"Administrateur\" \/>\n<meta name=\"twitter:label1\" content=\"\u00c9crit par\" \/>\n\t<meta name=\"twitter:data1\" content=\"Administrateur\" \/>\n\t<meta name=\"twitter:label2\" content=\"Dur\u00e9e de lecture estim\u00e9e\" \/>\n\t<meta name=\"twitter:data2\" content=\"3 minutes\" \/>\n<script type=\"application\/ld+json\" class=\"yoast-schema-graph\">{\"@context\":\"https:\\\/\\\/schema.org\",\"@graph\":[{\"@type\":\"Article\",\"@id\":\"https:\\\/\\\/www.latribunedufaso.net\\\/?p=2752#article\",\"isPartOf\":{\"@id\":\"https:\\\/\\\/www.latribunedufaso.net\\\/?p=2752\"},\"author\":{\"name\":\"Administrateur\",\"@id\":\"https:\\\/\\\/www.latribunedufaso.net\\\/#\\\/schema\\\/person\\\/a380782d0605bb8aae27c40ea93b35b1\"},\"headline\":\"Football : Que comprendre de la normalisation et lev\u00e9e de suspension du stade du 4 Ao\u00fbt\",\"datePublished\":\"2021-03-09T16:00:04+00:00\",\"mainEntityOfPage\":{\"@id\":\"https:\\\/\\\/www.latribunedufaso.net\\\/?p=2752\"},\"wordCount\":608,\"commentCount\":0,\"publisher\":{\"@id\":\"https:\\\/\\\/www.latribunedufaso.net\\\/#organization\"},\"image\":{\"@id\":\"https:\\\/\\\/www.latribunedufaso.net\\\/?p=2752#primaryimage\"},\"thumbnailUrl\":\"https:\\\/\\\/www.latribunedufaso.net\\\/wp-content\\\/uploads\\\/2021\\\/03\\\/1-3-scaled.jpg\",\"articleSection\":[\"A la une\",\"Actualit\u00e9\",\"Sport\"],\"inLanguage\":\"fr-FR\",\"potentialAction\":[{\"@type\":\"CommentAction\",\"name\":\"Comment\",\"target\":[\"https:\\\/\\\/www.latribunedufaso.net\\\/?p=2752#respond\"]}]},{\"@type\":\"WebPage\",\"@id\":\"https:\\\/\\\/www.latribunedufaso.net\\\/?p=2752\",\"url\":\"https:\\\/\\\/www.latribunedufaso.net\\\/?p=2752\",\"name\":\"Football : Que comprendre de la normalisation et lev\u00e9e de suspension du stade du 4 Ao\u00fbt - La Tribune du Faso\",\"isPartOf\":{\"@id\":\"https:\\\/\\\/www.latribunedufaso.net\\\/#website\"},\"primaryImageOfPage\":{\"@id\":\"https:\\\/\\\/www.latribunedufaso.net\\\/?p=2752#primaryimage\"},\"image\":{\"@id\":\"https:\\\/\\\/www.latribunedufaso.net\\\/?p=2752#primaryimage\"},\"thumbnailUrl\":\"https:\\\/\\\/www.latribunedufaso.net\\\/wp-content\\\/uploads\\\/2021\\\/03\\\/1-3-scaled.jpg\",\"datePublished\":\"2021-03-09T16:00:04+00:00\",\"breadcrumb\":{\"@id\":\"https:\\\/\\\/www.latribunedufaso.net\\\/?p=2752#breadcrumb\"},\"inLanguage\":\"fr-FR\",\"potentialAction\":[{\"@type\":\"ReadAction\",\"target\":[\"https:\\\/\\\/www.latribunedufaso.net\\\/?p=2752\"]}]},{\"@type\":\"ImageObject\",\"inLanguage\":\"fr-FR\",\"@id\":\"https:\\\/\\\/www.latribunedufaso.net\\\/?p=2752#primaryimage\",\"url\":\"https:\\\/\\\/www.latribunedufaso.net\\\/wp-content\\\/uploads\\\/2021\\\/03\\\/1-3-scaled.jpg\",\"contentUrl\":\"https:\\\/\\\/www.latribunedufaso.net\\\/wp-content\\\/uploads\\\/2021\\\/03\\\/1-3-scaled.jpg\",\"width\":2560,\"height\":1441},{\"@type\":\"BreadcrumbList\",\"@id\":\"https:\\\/\\\/www.latribunedufaso.net\\\/?p=2752#breadcrumb\",\"itemListElement\":[{\"@type\":\"ListItem\",\"position\":1,\"name\":\"Accueil\",\"item\":\"https:\\\/\\\/www.latribunedufaso.net\\\/\"},{\"@type\":\"ListItem\",\"position\":2,\"name\":\"Football : Que comprendre de la normalisation et lev\u00e9e de suspension du stade du 4 Ao\u00fbt\"}]},{\"@type\":\"WebSite\",\"@id\":\"https:\\\/\\\/www.latribunedufaso.net\\\/#website\",\"url\":\"https:\\\/\\\/www.latribunedufaso.net\\\/\",\"name\":\"La Tribune du Faso\",\"description\":\"L&#039;information du monde rural en un clic\",\"publisher\":{\"@id\":\"https:\\\/\\\/www.latribunedufaso.net\\\/#organization\"},\"potentialAction\":[{\"@type\":\"SearchAction\",\"target\":{\"@type\":\"EntryPoint\",\"urlTemplate\":\"https:\\\/\\\/www.latribunedufaso.net\\\/?s={search_term_string}\"},\"query-input\":{\"@type\":\"PropertyValueSpecification\",\"valueRequired\":true,\"valueName\":\"search_term_string\"}}],\"inLanguage\":\"fr-FR\"},{\"@type\":\"Organization\",\"@id\":\"https:\\\/\\\/www.latribunedufaso.net\\\/#organization\",\"name\":\"La Tribune du Faso\",\"url\":\"https:\\\/\\\/www.latribunedufaso.net\\\/\",\"logo\":{\"@type\":\"ImageObject\",\"inLanguage\":\"fr-FR\",\"@id\":\"https:\\\/\\\/www.latribunedufaso.net\\\/#\\\/schema\\\/logo\\\/image\\\/\",\"url\":\"https:\\\/\\\/www.latribunedufaso.net\\\/wp-content\\\/uploads\\\/2020\\\/08\\\/Logo-Tribune-du-Faso-final-scaled.jpg\",\"contentUrl\":\"https:\\\/\\\/www.latribunedufaso.net\\\/wp-content\\\/uploads\\\/2020\\\/08\\\/Logo-Tribune-du-Faso-final-scaled.jpg\",\"width\":2560,\"height\":1856,\"caption\":\"La Tribune du Faso\"},\"image\":{\"@id\":\"https:\\\/\\\/www.latribunedufaso.net\\\/#\\\/schema\\\/logo\\\/image\\\/\"},\"sameAs\":[\"https:\\\/\\\/www.facebook.com\\\/LatribuneduFaso\\\/\"]},{\"@type\":\"Person\",\"@id\":\"https:\\\/\\\/www.latribunedufaso.net\\\/#\\\/schema\\\/person\\\/a380782d0605bb8aae27c40ea93b35b1\",\"name\":\"Administrateur\",\"image\":{\"@type\":\"ImageObject\",\"inLanguage\":\"fr-FR\",\"@id\":\"https:\\\/\\\/secure.gravatar.com\\\/avatar\\\/e20266f97d741f0e80ba1f60283074a9b3317fd7bfb727e0d95b51dafbf854a1?s=96&d=mm&r=g\",\"url\":\"https:\\\/\\\/secure.gravatar.com\\\/avatar\\\/e20266f97d741f0e80ba1f60283074a9b3317fd7bfb727e0d95b51dafbf854a1?s=96&d=mm&r=g\",\"contentUrl\":\"https:\\\/\\\/secure.gravatar.com\\\/avatar\\\/e20266f97d741f0e80ba1f60283074a9b3317fd7bfb727e0d95b51dafbf854a1?s=96&d=mm&r=g\",\"caption\":\"Administrateur\"},\"url\":\"https:\\\/\\\/www.latribunedufaso.net\\\/?author=2\"}]}<\/script>\n<!-- \/ Yoast SEO plugin. -->","yoast_head_json":{"title":"Football : Que comprendre de la normalisation et lev\u00e9e de suspension du stade du 4 Ao\u00fbt - La Tribune du Faso","robots":{"index":"index","follow":"follow","max-snippet":"max-snippet:-1","max-image-preview":"max-image-preview:large","max-video-preview":"max-video-preview:-1"},"canonical":"https:\/\/www.latribunedufaso.net\/?p=2752","og_locale":"fr_FR","og_type":"article","og_title":"Football : Que comprendre de la normalisation et lev\u00e9e de suspension du stade du 4 Ao\u00fbt - La Tribune du Faso","og_description":"Au cours d\u2019une conf\u00e9rence de presse anim\u00e9e ce mardi 9 mars 2021, \u00e0 Ouagadougou, le ministre des sports et des loisirs, Dominique Nana, a communiqu\u00e9 sur la normalisation du Stade du 4 Ao\u00fbt. Il a \u00e9galement saisi l\u2019occasion pour \u00e9voquer les exigences qui avaient valu sa suspension ainsi qu&rsquo;\u00e0 la lev\u00e9e temporaire de cette sanction par la Conf\u00e9d\u00e9ration africaine de football (CAF).","og_url":"https:\/\/www.latribunedufaso.net\/?p=2752","og_site_name":"La Tribune du Faso","article_publisher":"https:\/\/www.facebook.com\/LatribuneduFaso\/","article_published_time":"2021-03-09T16:00:04+00:00","og_image":[{"width":2560,"height":1441,"url":"https:\/\/latribunedufaso.net\/wp-content\/uploads\/2021\/03\/1-3-scaled.jpg","type":"image\/jpeg"}],"author":"Administrateur","twitter_misc":{"\u00c9crit par":"Administrateur","Dur\u00e9e de lecture estim\u00e9e":"3 minutes"},"schema":{"@context":"https:\/\/schema.org","@graph":[{"@type":"Article","@id":"https:\/\/www.latribunedufaso.net\/?p=2752#article","isPartOf":{"@id":"https:\/\/www.latribunedufaso.net\/?p=2752"},"author":{"name":"Administrateur","@id":"https:\/\/www.latribunedufaso.net\/#\/schema\/person\/a380782d0605bb8aae27c40ea93b35b1"},"headline":"Football : Que comprendre de la normalisation et lev\u00e9e de suspension du stade du 4 Ao\u00fbt","datePublished":"2021-03-09T16:00:04+00:00","mainEntityOfPage":{"@id":"https:\/\/www.latribunedufaso.net\/?p=2752"},"wordCount":608,"commentCount":0,"publisher":{"@id":"https:\/\/www.latribunedufaso.net\/#organization"},"image":{"@id":"https:\/\/www.latribunedufaso.net\/?p=2752#primaryimage"},"thumbnailUrl":"https:\/\/www.latribunedufaso.net\/wp-content\/uploads\/2021\/03\/1-3-scaled.jpg","articleSection":["A la une","Actualit\u00e9","Sport"],"inLanguage":"fr-FR","potentialAction":[{"@type":"CommentAction","name":"Comment","target":["https:\/\/www.latribunedufaso.net\/?p=2752#respond"]}]},{"@type":"WebPage","@id":"https:\/\/www.latribunedufaso.net\/?p=2752","url":"https:\/\/www.latribunedufaso.net\/?p=2752","name":"Football : Que comprendre de la normalisation et lev\u00e9e de suspension du stade du 4 Ao\u00fbt - La Tribune du Faso","isPartOf":{"@id":"https:\/\/www.latribunedufaso.net\/#website"},"primaryImageOfPage":{"@id":"https:\/\/www.latribunedufaso.net\/?p=2752#primaryimage"},"image":{"@id":"https:\/\/www.latribunedufaso.net\/?p=2752#primaryimage"},"thumbnailUrl":"https:\/\/www.latribunedufaso.net\/wp-content\/uploads\/2021\/03\/1-3-scaled.jpg","datePublished":"2021-03-09T16:00:04+00:00","breadcrumb":{"@id":"https:\/\/www.latribunedufaso.net\/?p=2752#breadcrumb"},"inLanguage":"fr-FR","potentialAction":[{"@type":"ReadAction","target":["https:\/\/www.latribunedufaso.net\/?p=2752"]}]},{"@type":"ImageObject","inLanguage":"fr-FR","@id":"https:\/\/www.latribunedufaso.net\/?p=2752#primaryimage","url":"https:\/\/www.latribunedufaso.net\/wp-content\/uploads\/2021\/03\/1-3-scaled.jpg","contentUrl":"https:\/\/www.latribunedufaso.net\/wp-content\/uploads\/2021\/03\/1-3-scaled.jpg","width":2560,"height":1441},{"@type":"BreadcrumbList","@id":"https:\/\/www.latribunedufaso.net\/?p=2752#breadcrumb","itemListElement":[{"@type":"ListItem","position":1,"name":"Accueil","item":"https:\/\/www.latribunedufaso.net\/"},{"@type":"ListItem","position":2,"name":"Football : Que comprendre de la normalisation et lev\u00e9e de suspension du stade du 4 Ao\u00fbt"}]},{"@type":"WebSite","@id":"https:\/\/www.latribunedufaso.net\/#website","url":"https:\/\/www.latribunedufaso.net\/","name":"La Tribune du Faso","description":"L&#039;information du monde rural en un clic","publisher":{"@id":"https:\/\/www.latribunedufaso.net\/#organization"},"potentialAction":[{"@type":"SearchAction","target":{"@type":"EntryPoint","urlTemplate":"https:\/\/www.latribunedufaso.net\/?s={search_term_string}"},"query-input":{"@type":"PropertyValueSpecification","valueRequired":true,"valueName":"search_term_string"}}],"inLanguage":"fr-FR"},{"@type":"Organization","@id":"https:\/\/www.latribunedufaso.net\/#organization","name":"La Tribune du Faso","url":"https:\/\/www.latribunedufaso.net\/","logo":{"@type":"ImageObject","inLanguage":"fr-FR","@id":"https:\/\/www.latribunedufaso.net\/#\/schema\/logo\/image\/","url":"https:\/\/www.latribunedufaso.net\/wp-content\/uploads\/2020\/08\/Logo-Tribune-du-Faso-final-scaled.jpg","contentUrl":"https:\/\/www.latribunedufaso.net\/wp-content\/uploads\/2020\/08\/Logo-Tribune-du-Faso-final-scaled.jpg","width":2560,"height":1856,"caption":"La Tribune du Faso"},"image":{"@id":"https:\/\/www.latribunedufaso.net\/#\/schema\/logo\/image\/"},"sameAs":["https:\/\/www.facebook.com\/LatribuneduFaso\/"]},{"@type":"Person","@id":"https:\/\/www.latribunedufaso.net\/#\/schema\/person\/a380782d0605bb8aae27c40ea93b35b1","name":"Administrateur","image":{"@type":"ImageObject","inLanguage":"fr-FR","@id":"https:\/\/secure.gravatar.com\/avatar\/e20266f97d741f0e80ba1f60283074a9b3317fd7bfb727e0d95b51dafbf854a1?s=96&d=mm&r=g","url":"https:\/\/secure.gravatar.com\/avatar\/e20266f97d741f0e80ba1f60283074a9b3317fd7bfb727e0d95b51dafbf854a1?s=96&d=mm&r=g","contentUrl":"https:\/\/secure.gravatar.com\/avatar\/e20266f97d741f0e80ba1f60283074a9b3317fd7bfb727e0d95b51dafbf854a1?s=96&d=mm&r=g","caption":"Administrateur"},"url":"https:\/\/www.latribunedufaso.net\/?author=2"}]}},"_links":{"self":[{"href":"https:\/\/www.latribunedufaso.net\/index.php?rest_route=\/wp\/v2\/posts\/2752","targetHints":{"allow":["GET"]}}],"collection":[{"href":"https:\/\/www.latribunedufaso.net\/index.php?rest_route=\/wp\/v2\/posts"}],"about":[{"href":"https:\/\/www.latribunedufaso.net\/index.php?rest_route=\/wp\/v2\/types\/post"}],"author":[{"embeddable":true,"href":"https:\/\/www.latribunedufaso.net\/index.php?rest_route=\/wp\/v2\/users\/2"}],"replies":[{"embeddable":true,"href":"https:\/\/www.latribunedufaso.net\/index.php?rest_route=%2Fwp%2Fv2%2Fcomments&post=2752"}],"version-history":[{"count":1,"href":"https:\/\/www.latribunedufaso.net\/index.php?rest_route=\/wp\/v2\/posts\/2752\/revisions"}],"predecessor-version":[{"id":2755,"href":"https:\/\/www.latribunedufaso.net\/index.php?rest_route=\/wp\/v2\/posts\/2752\/revisions\/2755"}],"wp:featuredmedia":[{"embeddable":true,"href":"https:\/\/www.latribunedufaso.net\/index.php?rest_route=\/wp\/v2\/media\/2754"}],"wp:attachment":[{"href":"https:\/\/www.latribunedufaso.net\/index.php?rest_route=%2Fwp%2Fv2%2Fmedia&parent=2752"}],"wp:term":[{"taxonomy":"category","embeddable":true,"href":"https:\/\/www.latribunedufaso.net\/index.php?rest_route=%2Fwp%2Fv2%2Fcategories&post=2752"},{"taxonomy":"post_tag","embeddable":true,"href":"https:\/\/www.latribunedufaso.net\/index.php?rest_route=%2Fwp%2Fv2%2Ftags&post=2752"}],"curies":[{"name":"wp","href":"https:\/\/api.w.org\/{rel}","templated":true}]}}