{"id":2750,"date":"2021-03-05T13:51:18","date_gmt":"2021-03-05T13:51:18","guid":{"rendered":"https:\/\/www.latribunedufaso.net\/?p=2750"},"modified":"2021-03-09T14:00:50","modified_gmt":"2021-03-09T14:00:50","slug":"reconciliation-nationale-le-ministre-zephirin-diabre-plus-explicite-sur-le-processus","status":"publish","type":"post","link":"https:\/\/www.latribunedufaso.net\/?p=2750","title":{"rendered":"R\u00e9conciliation nationale: Le ministre Z\u00e9phirin Diabr\u00e9, plus explicite sur le processus"},"content":{"rendered":"<p><strong><span style=\"font-size: 1.0625rem;\">Au cours d\u2019une conf\u00e9rence de presse, tenue ce jeudi 4 mars 2021, \u00e0 Ouagadougou, le ministre d\u2019\u00c9tat, ministre aupr\u00e8s du pr\u00e9sident du Faso, charg\u00e9 de la r\u00e9conciliation nationale et de la coh\u00e9sion sociale, Z\u00e9phirin Diabr\u00e9, s\u2019est prononc\u00e9 sur la question de la r\u00e9conciliation nationale. Il est alors revenu sur les principes et la particularit\u00e9 ainsi que le processus pour aboutir \u00e0 une r\u00e9conciliation v\u00e9ritable au Burkina Faso.<\/span><\/strong><br \/>\n<!--more--><\/p>\n<p><a href=\"https:\/\/latribunedufaso.net\/wp-content\/uploads\/2021\/03\/IMG-20210304-WA0026.jpg\"><img loading=\"lazy\" decoding=\"async\" class=\"size-medium wp-image-2741 aligncenter\" src=\"https:\/\/latribunedufaso.net\/wp-content\/uploads\/2021\/03\/IMG-20210304-WA0026-300x135.jpg\" alt=\"\" width=\"300\" height=\"135\" srcset=\"https:\/\/www.latribunedufaso.net\/wp-content\/uploads\/2021\/03\/IMG-20210304-WA0026-300x135.jpg 300w, https:\/\/www.latribunedufaso.net\/wp-content\/uploads\/2021\/03\/IMG-20210304-WA0026-1024x461.jpg 1024w, https:\/\/www.latribunedufaso.net\/wp-content\/uploads\/2021\/03\/IMG-20210304-WA0026-768x346.jpg 768w, https:\/\/www.latribunedufaso.net\/wp-content\/uploads\/2021\/03\/IMG-20210304-WA0026.jpg 1040w\" sizes=\"auto, (max-width: 300px) 100vw, 300px\" \/><\/a>Le ministre d\u2019\u00c9tat, ministre aupr\u00e8s du pr\u00e9sident du Faso, charg\u00e9 de la r\u00e9conciliation nationale et de la coh\u00e9sion sociale, Z\u00e9phirin Diabr\u00e9, a r\u00e9affirm\u00e9 au cours de cette conf\u00e9rence de presse la position du gouvernement de ne pas n\u00e9gocier avec les terroristes. \u00ab Nous ne n\u00e9gocions pas et nous ne n\u00e9gocierons pas avec les terroristes \u00bb, a-t-il r\u00e9it\u00e9r\u00e9. Pour lui, il y a des Burkinab\u00e8 qui ont pris les armes contre leur patrie pour diverses raisons et c\u2019est eux qu\u2019il faut travailler \u00e0 ramener \u00e0 la maison. \u00ab En tant que nation, il est de notre devoir de ramener nos enfants \u00e0 la maison, c\u2019est \u00e7a qui sera fait. \u00bb, a-t-il expliqu\u00e9 avant d\u2019indiquer que les terroristes sont ceux qui endoctrinent les jeunes.<\/p>\n<p>Le ministre d\u2019\u00c9tat, insistant sur la n\u00e9cessit\u00e9 de la r\u00e9conciliation nationale, a rappel\u00e9 que cette d\u00e9marche de r\u00e9conciliation entreprise par le pr\u00e9sident du Faso, est la troisi\u00e8me du genre au Burkina Faso. \u00ab C\u2019est la troisi\u00e8me tentative pour le Burkina Faso de r\u00e9gler d\u00e9finitivement ce probl\u00e8me (de r\u00e9conciliation ndlr) afin que le Burkina Faso reparte sur de nouvelles bases apr\u00e8s celle de 1999, dirig\u00e9e par Monseigneur Anselme Sanon et celle dirig\u00e9e par Monseigneur Paul Ou\u00e9draogo, apr\u00e8s l\u2019insurrection populaire des 30 et 31 octobre 2014. \u00bb, a-t-il rappel\u00e9. Aussi a-t-il fait savoir que le concept de la r\u00e9conciliation doit se comprendre en ayant \u00e0 l\u2019esprit cette grande diversit\u00e9 de probl\u00e8me qui en cr\u00e9e le besoin.<\/p>\n<p>Z\u00e9phirin Diabr\u00e9 fait comprendre par ailleurs, sur la question de la r\u00e9conciliation nationale, qu\u2019il ne faudrait pas uniquement penser \u00e0 sa dimension politique. \u00ab La question de la r\u00e9conciliation au Burkina Faso ne se limite pas uniquement \u00e0 sa dimension politique ; ce sont plusieurs r\u00e9conciliations qui vont se superposer et s\u2019enchev\u00eatrer pour donner la r\u00e9conciliation nationale \u00bb, a-t-il expliqu\u00e9. En effet, pour ce dernier, la r\u00e9conciliation sociopolitique, communautaire, s\u00e9curitaire et administrative sont les composantes de la r\u00e9conciliation nationale ; privil\u00e9gier la dimension politique par recherche sensationnelle ou par calcul, serait donc une grave erreur. Il pr\u00e9cise \u00e9galement que la r\u00e9conciliation ne saurait \u00eatre une prime \u00e0 l\u2019impunit\u00e9. Selon ses mots, le sort des victimes, leurs souhaits et leurs propositions seront primordiales. Pour l\u2019aboutissement du processus de la r\u00e9conciliation nationale enclench\u00e9, Z\u00e9phirin Diabr\u00e9 renseigne qu\u2019il doit \u00eatre participatif, avec un contenu contingent et endog\u00e8ne, et devra prendre en compte le tryptique v\u00e9rit\u00e9-justice-r\u00e9conciliation.<\/p>\n<p>Tiba Kassamse Ou\u00e9draogo (Stagiaire)<br \/>\nLatribunedufaso.net<\/p>\n","protected":false},"excerpt":{"rendered":"<p>Au cours d\u2019une conf\u00e9rence de presse, tenue ce jeudi 4 mars 2021, \u00e0 Ouagadougou, le ministre d\u2019\u00c9tat, ministre aupr\u00e8s du pr\u00e9sident du Faso, charg\u00e9 de la r\u00e9conciliation nationale et de la coh\u00e9sion sociale, Z\u00e9phirin Diabr\u00e9, s\u2019est prononc\u00e9 sur la question de la r\u00e9conciliation nationale. Il est alors revenu sur les principes et la particularit\u00e9 ainsi que le processus pour aboutir \u00e0 une r\u00e9conciliation v\u00e9ritable au Burkina Faso.<\/p>\n","protected":false},"author":2,"featured_media":2744,"comment_status":"open","ping_status":"open","sticky":false,"template":"","format":"standard","meta":{"footnotes":""},"categories":[13,1,8],"tags":[],"class_list":["post-2750","post","type-post","status-publish","format-standard","has-post-thumbnail","hentry","category-une","category-actu","category-societe"],"yoast_head":"<!-- This site is optimized with the Yoast SEO plugin v27.5 - https:\/\/yoast.com\/product\/yoast-seo-wordpress\/ -->\n<title>R\u00e9conciliation nationale: Le ministre Z\u00e9phirin Diabr\u00e9, plus explicite sur le processus - La Tribune du Faso<\/title>\n<meta name=\"robots\" content=\"index, follow, max-snippet:-1, max-image-preview:large, max-video-preview:-1\" \/>\n<link rel=\"canonical\" href=\"https:\/\/www.latribunedufaso.net\/?p=2750\" \/>\n<meta property=\"og:locale\" content=\"fr_FR\" \/>\n<meta property=\"og:type\" content=\"article\" \/>\n<meta property=\"og:title\" content=\"R\u00e9conciliation nationale: Le ministre Z\u00e9phirin Diabr\u00e9, plus explicite sur le processus - La Tribune du Faso\" \/>\n<meta property=\"og:description\" content=\"Au cours d\u2019une conf\u00e9rence de presse, tenue ce jeudi 4 mars 2021, \u00e0 Ouagadougou, le ministre d\u2019\u00c9tat, ministre aupr\u00e8s du pr\u00e9sident du Faso, charg\u00e9 de la r\u00e9conciliation nationale et de la coh\u00e9sion sociale, Z\u00e9phirin Diabr\u00e9, s\u2019est prononc\u00e9 sur la question de la r\u00e9conciliation nationale. Il est alors revenu sur les principes et la particularit\u00e9 ainsi que le processus pour aboutir \u00e0 une r\u00e9conciliation v\u00e9ritable au Burkina Faso.\" \/>\n<meta property=\"og:url\" content=\"https:\/\/www.latribunedufaso.net\/?p=2750\" \/>\n<meta property=\"og:site_name\" content=\"La Tribune du Faso\" \/>\n<meta property=\"article:publisher\" content=\"https:\/\/www.facebook.com\/LatribuneduFaso\/\" \/>\n<meta property=\"article:published_time\" content=\"2021-03-05T13:51:18+00:00\" \/>\n<meta property=\"article:modified_time\" content=\"2021-03-09T14:00:50+00:00\" \/>\n<meta property=\"og:image\" content=\"https:\/\/latribunedufaso.net\/wp-content\/uploads\/2021\/03\/IMG-20210304-WA0032.jpg\" \/>\n\t<meta property=\"og:image:width\" content=\"1040\" \/>\n\t<meta property=\"og:image:height\" content=\"468\" \/>\n\t<meta property=\"og:image:type\" content=\"image\/jpeg\" \/>\n<meta name=\"author\" content=\"Administrateur\" \/>\n<meta name=\"twitter:label1\" content=\"\u00c9crit par\" \/>\n\t<meta name=\"twitter:data1\" content=\"Administrateur\" \/>\n\t<meta name=\"twitter:label2\" content=\"Dur\u00e9e de lecture estim\u00e9e\" \/>\n\t<meta name=\"twitter:data2\" content=\"3 minutes\" \/>\n<script type=\"application\/ld+json\" class=\"yoast-schema-graph\">{\"@context\":\"https:\\\/\\\/schema.org\",\"@graph\":[{\"@type\":\"Article\",\"@id\":\"https:\\\/\\\/www.latribunedufaso.net\\\/?p=2750#article\",\"isPartOf\":{\"@id\":\"https:\\\/\\\/www.latribunedufaso.net\\\/?p=2750\"},\"author\":{\"name\":\"Administrateur\",\"@id\":\"https:\\\/\\\/www.latribunedufaso.net\\\/#\\\/schema\\\/person\\\/a380782d0605bb8aae27c40ea93b35b1\"},\"headline\":\"R\u00e9conciliation nationale: Le ministre Z\u00e9phirin Diabr\u00e9, plus explicite sur le processus\",\"datePublished\":\"2021-03-05T13:51:18+00:00\",\"dateModified\":\"2021-03-09T14:00:50+00:00\",\"mainEntityOfPage\":{\"@id\":\"https:\\\/\\\/www.latribunedufaso.net\\\/?p=2750\"},\"wordCount\":525,\"commentCount\":0,\"publisher\":{\"@id\":\"https:\\\/\\\/www.latribunedufaso.net\\\/#organization\"},\"image\":{\"@id\":\"https:\\\/\\\/www.latribunedufaso.net\\\/?p=2750#primaryimage\"},\"thumbnailUrl\":\"https:\\\/\\\/www.latribunedufaso.net\\\/wp-content\\\/uploads\\\/2021\\\/03\\\/IMG-20210304-WA0032.jpg\",\"articleSection\":[\"A la une\",\"Actualit\u00e9\",\"Soci\u00e9t\u00e9\"],\"inLanguage\":\"fr-FR\",\"potentialAction\":[{\"@type\":\"CommentAction\",\"name\":\"Comment\",\"target\":[\"https:\\\/\\\/www.latribunedufaso.net\\\/?p=2750#respond\"]}]},{\"@type\":\"WebPage\",\"@id\":\"https:\\\/\\\/www.latribunedufaso.net\\\/?p=2750\",\"url\":\"https:\\\/\\\/www.latribunedufaso.net\\\/?p=2750\",\"name\":\"R\u00e9conciliation nationale: Le ministre Z\u00e9phirin Diabr\u00e9, plus explicite sur le processus - La Tribune du Faso\",\"isPartOf\":{\"@id\":\"https:\\\/\\\/www.latribunedufaso.net\\\/#website\"},\"primaryImageOfPage\":{\"@id\":\"https:\\\/\\\/www.latribunedufaso.net\\\/?p=2750#primaryimage\"},\"image\":{\"@id\":\"https:\\\/\\\/www.latribunedufaso.net\\\/?p=2750#primaryimage\"},\"thumbnailUrl\":\"https:\\\/\\\/www.latribunedufaso.net\\\/wp-content\\\/uploads\\\/2021\\\/03\\\/IMG-20210304-WA0032.jpg\",\"datePublished\":\"2021-03-05T13:51:18+00:00\",\"dateModified\":\"2021-03-09T14:00:50+00:00\",\"breadcrumb\":{\"@id\":\"https:\\\/\\\/www.latribunedufaso.net\\\/?p=2750#breadcrumb\"},\"inLanguage\":\"fr-FR\",\"potentialAction\":[{\"@type\":\"ReadAction\",\"target\":[\"https:\\\/\\\/www.latribunedufaso.net\\\/?p=2750\"]}]},{\"@type\":\"ImageObject\",\"inLanguage\":\"fr-FR\",\"@id\":\"https:\\\/\\\/www.latribunedufaso.net\\\/?p=2750#primaryimage\",\"url\":\"https:\\\/\\\/www.latribunedufaso.net\\\/wp-content\\\/uploads\\\/2021\\\/03\\\/IMG-20210304-WA0032.jpg\",\"contentUrl\":\"https:\\\/\\\/www.latribunedufaso.net\\\/wp-content\\\/uploads\\\/2021\\\/03\\\/IMG-20210304-WA0032.jpg\",\"width\":1040,\"height\":468},{\"@type\":\"BreadcrumbList\",\"@id\":\"https:\\\/\\\/www.latribunedufaso.net\\\/?p=2750#breadcrumb\",\"itemListElement\":[{\"@type\":\"ListItem\",\"position\":1,\"name\":\"Accueil\",\"item\":\"https:\\\/\\\/www.latribunedufaso.net\\\/\"},{\"@type\":\"ListItem\",\"position\":2,\"name\":\"R\u00e9conciliation nationale: Le ministre Z\u00e9phirin Diabr\u00e9, plus explicite sur le processus\"}]},{\"@type\":\"WebSite\",\"@id\":\"https:\\\/\\\/www.latribunedufaso.net\\\/#website\",\"url\":\"https:\\\/\\\/www.latribunedufaso.net\\\/\",\"name\":\"La Tribune du Faso\",\"description\":\"L&#039;information du monde rural en un clic\",\"publisher\":{\"@id\":\"https:\\\/\\\/www.latribunedufaso.net\\\/#organization\"},\"potentialAction\":[{\"@type\":\"SearchAction\",\"target\":{\"@type\":\"EntryPoint\",\"urlTemplate\":\"https:\\\/\\\/www.latribunedufaso.net\\\/?s={search_term_string}\"},\"query-input\":{\"@type\":\"PropertyValueSpecification\",\"valueRequired\":true,\"valueName\":\"search_term_string\"}}],\"inLanguage\":\"fr-FR\"},{\"@type\":\"Organization\",\"@id\":\"https:\\\/\\\/www.latribunedufaso.net\\\/#organization\",\"name\":\"La Tribune du Faso\",\"url\":\"https:\\\/\\\/www.latribunedufaso.net\\\/\",\"logo\":{\"@type\":\"ImageObject\",\"inLanguage\":\"fr-FR\",\"@id\":\"https:\\\/\\\/www.latribunedufaso.net\\\/#\\\/schema\\\/logo\\\/image\\\/\",\"url\":\"https:\\\/\\\/www.latribunedufaso.net\\\/wp-content\\\/uploads\\\/2020\\\/08\\\/Logo-Tribune-du-Faso-final-scaled.jpg\",\"contentUrl\":\"https:\\\/\\\/www.latribunedufaso.net\\\/wp-content\\\/uploads\\\/2020\\\/08\\\/Logo-Tribune-du-Faso-final-scaled.jpg\",\"width\":2560,\"height\":1856,\"caption\":\"La Tribune du Faso\"},\"image\":{\"@id\":\"https:\\\/\\\/www.latribunedufaso.net\\\/#\\\/schema\\\/logo\\\/image\\\/\"},\"sameAs\":[\"https:\\\/\\\/www.facebook.com\\\/LatribuneduFaso\\\/\"]},{\"@type\":\"Person\",\"@id\":\"https:\\\/\\\/www.latribunedufaso.net\\\/#\\\/schema\\\/person\\\/a380782d0605bb8aae27c40ea93b35b1\",\"name\":\"Administrateur\",\"image\":{\"@type\":\"ImageObject\",\"inLanguage\":\"fr-FR\",\"@id\":\"https:\\\/\\\/secure.gravatar.com\\\/avatar\\\/e20266f97d741f0e80ba1f60283074a9b3317fd7bfb727e0d95b51dafbf854a1?s=96&d=mm&r=g\",\"url\":\"https:\\\/\\\/secure.gravatar.com\\\/avatar\\\/e20266f97d741f0e80ba1f60283074a9b3317fd7bfb727e0d95b51dafbf854a1?s=96&d=mm&r=g\",\"contentUrl\":\"https:\\\/\\\/secure.gravatar.com\\\/avatar\\\/e20266f97d741f0e80ba1f60283074a9b3317fd7bfb727e0d95b51dafbf854a1?s=96&d=mm&r=g\",\"caption\":\"Administrateur\"},\"url\":\"https:\\\/\\\/www.latribunedufaso.net\\\/?author=2\"}]}<\/script>\n<!-- \/ Yoast SEO plugin. -->","yoast_head_json":{"title":"R\u00e9conciliation nationale: Le ministre Z\u00e9phirin Diabr\u00e9, plus explicite sur le processus - La Tribune du Faso","robots":{"index":"index","follow":"follow","max-snippet":"max-snippet:-1","max-image-preview":"max-image-preview:large","max-video-preview":"max-video-preview:-1"},"canonical":"https:\/\/www.latribunedufaso.net\/?p=2750","og_locale":"fr_FR","og_type":"article","og_title":"R\u00e9conciliation nationale: Le ministre Z\u00e9phirin Diabr\u00e9, plus explicite sur le processus - La Tribune du Faso","og_description":"Au cours d\u2019une conf\u00e9rence de presse, tenue ce jeudi 4 mars 2021, \u00e0 Ouagadougou, le ministre d\u2019\u00c9tat, ministre aupr\u00e8s du pr\u00e9sident du Faso, charg\u00e9 de la r\u00e9conciliation nationale et de la coh\u00e9sion sociale, Z\u00e9phirin Diabr\u00e9, s\u2019est prononc\u00e9 sur la question de la r\u00e9conciliation nationale. Il est alors revenu sur les principes et la particularit\u00e9 ainsi que le processus pour aboutir \u00e0 une r\u00e9conciliation v\u00e9ritable au Burkina Faso.","og_url":"https:\/\/www.latribunedufaso.net\/?p=2750","og_site_name":"La Tribune du Faso","article_publisher":"https:\/\/www.facebook.com\/LatribuneduFaso\/","article_published_time":"2021-03-05T13:51:18+00:00","article_modified_time":"2021-03-09T14:00:50+00:00","og_image":[{"width":1040,"height":468,"url":"https:\/\/latribunedufaso.net\/wp-content\/uploads\/2021\/03\/IMG-20210304-WA0032.jpg","type":"image\/jpeg"}],"author":"Administrateur","twitter_misc":{"\u00c9crit par":"Administrateur","Dur\u00e9e de lecture estim\u00e9e":"3 minutes"},"schema":{"@context":"https:\/\/schema.org","@graph":[{"@type":"Article","@id":"https:\/\/www.latribunedufaso.net\/?p=2750#article","isPartOf":{"@id":"https:\/\/www.latribunedufaso.net\/?p=2750"},"author":{"name":"Administrateur","@id":"https:\/\/www.latribunedufaso.net\/#\/schema\/person\/a380782d0605bb8aae27c40ea93b35b1"},"headline":"R\u00e9conciliation nationale: Le ministre Z\u00e9phirin Diabr\u00e9, plus explicite sur le processus","datePublished":"2021-03-05T13:51:18+00:00","dateModified":"2021-03-09T14:00:50+00:00","mainEntityOfPage":{"@id":"https:\/\/www.latribunedufaso.net\/?p=2750"},"wordCount":525,"commentCount":0,"publisher":{"@id":"https:\/\/www.latribunedufaso.net\/#organization"},"image":{"@id":"https:\/\/www.latribunedufaso.net\/?p=2750#primaryimage"},"thumbnailUrl":"https:\/\/www.latribunedufaso.net\/wp-content\/uploads\/2021\/03\/IMG-20210304-WA0032.jpg","articleSection":["A la une","Actualit\u00e9","Soci\u00e9t\u00e9"],"inLanguage":"fr-FR","potentialAction":[{"@type":"CommentAction","name":"Comment","target":["https:\/\/www.latribunedufaso.net\/?p=2750#respond"]}]},{"@type":"WebPage","@id":"https:\/\/www.latribunedufaso.net\/?p=2750","url":"https:\/\/www.latribunedufaso.net\/?p=2750","name":"R\u00e9conciliation nationale: Le ministre Z\u00e9phirin Diabr\u00e9, plus explicite sur le processus - La Tribune du Faso","isPartOf":{"@id":"https:\/\/www.latribunedufaso.net\/#website"},"primaryImageOfPage":{"@id":"https:\/\/www.latribunedufaso.net\/?p=2750#primaryimage"},"image":{"@id":"https:\/\/www.latribunedufaso.net\/?p=2750#primaryimage"},"thumbnailUrl":"https:\/\/www.latribunedufaso.net\/wp-content\/uploads\/2021\/03\/IMG-20210304-WA0032.jpg","datePublished":"2021-03-05T13:51:18+00:00","dateModified":"2021-03-09T14:00:50+00:00","breadcrumb":{"@id":"https:\/\/www.latribunedufaso.net\/?p=2750#breadcrumb"},"inLanguage":"fr-FR","potentialAction":[{"@type":"ReadAction","target":["https:\/\/www.latribunedufaso.net\/?p=2750"]}]},{"@type":"ImageObject","inLanguage":"fr-FR","@id":"https:\/\/www.latribunedufaso.net\/?p=2750#primaryimage","url":"https:\/\/www.latribunedufaso.net\/wp-content\/uploads\/2021\/03\/IMG-20210304-WA0032.jpg","contentUrl":"https:\/\/www.latribunedufaso.net\/wp-content\/uploads\/2021\/03\/IMG-20210304-WA0032.jpg","width":1040,"height":468},{"@type":"BreadcrumbList","@id":"https:\/\/www.latribunedufaso.net\/?p=2750#breadcrumb","itemListElement":[{"@type":"ListItem","position":1,"name":"Accueil","item":"https:\/\/www.latribunedufaso.net\/"},{"@type":"ListItem","position":2,"name":"R\u00e9conciliation nationale: Le ministre Z\u00e9phirin Diabr\u00e9, plus explicite sur le processus"}]},{"@type":"WebSite","@id":"https:\/\/www.latribunedufaso.net\/#website","url":"https:\/\/www.latribunedufaso.net\/","name":"La Tribune du Faso","description":"L&#039;information du monde rural en un clic","publisher":{"@id":"https:\/\/www.latribunedufaso.net\/#organization"},"potentialAction":[{"@type":"SearchAction","target":{"@type":"EntryPoint","urlTemplate":"https:\/\/www.latribunedufaso.net\/?s={search_term_string}"},"query-input":{"@type":"PropertyValueSpecification","valueRequired":true,"valueName":"search_term_string"}}],"inLanguage":"fr-FR"},{"@type":"Organization","@id":"https:\/\/www.latribunedufaso.net\/#organization","name":"La Tribune du Faso","url":"https:\/\/www.latribunedufaso.net\/","logo":{"@type":"ImageObject","inLanguage":"fr-FR","@id":"https:\/\/www.latribunedufaso.net\/#\/schema\/logo\/image\/","url":"https:\/\/www.latribunedufaso.net\/wp-content\/uploads\/2020\/08\/Logo-Tribune-du-Faso-final-scaled.jpg","contentUrl":"https:\/\/www.latribunedufaso.net\/wp-content\/uploads\/2020\/08\/Logo-Tribune-du-Faso-final-scaled.jpg","width":2560,"height":1856,"caption":"La Tribune du Faso"},"image":{"@id":"https:\/\/www.latribunedufaso.net\/#\/schema\/logo\/image\/"},"sameAs":["https:\/\/www.facebook.com\/LatribuneduFaso\/"]},{"@type":"Person","@id":"https:\/\/www.latribunedufaso.net\/#\/schema\/person\/a380782d0605bb8aae27c40ea93b35b1","name":"Administrateur","image":{"@type":"ImageObject","inLanguage":"fr-FR","@id":"https:\/\/secure.gravatar.com\/avatar\/e20266f97d741f0e80ba1f60283074a9b3317fd7bfb727e0d95b51dafbf854a1?s=96&d=mm&r=g","url":"https:\/\/secure.gravatar.com\/avatar\/e20266f97d741f0e80ba1f60283074a9b3317fd7bfb727e0d95b51dafbf854a1?s=96&d=mm&r=g","contentUrl":"https:\/\/secure.gravatar.com\/avatar\/e20266f97d741f0e80ba1f60283074a9b3317fd7bfb727e0d95b51dafbf854a1?s=96&d=mm&r=g","caption":"Administrateur"},"url":"https:\/\/www.latribunedufaso.net\/?author=2"}]}},"_links":{"self":[{"href":"https:\/\/www.latribunedufaso.net\/index.php?rest_route=\/wp\/v2\/posts\/2750","targetHints":{"allow":["GET"]}}],"collection":[{"href":"https:\/\/www.latribunedufaso.net\/index.php?rest_route=\/wp\/v2\/posts"}],"about":[{"href":"https:\/\/www.latribunedufaso.net\/index.php?rest_route=\/wp\/v2\/types\/post"}],"author":[{"embeddable":true,"href":"https:\/\/www.latribunedufaso.net\/index.php?rest_route=\/wp\/v2\/users\/2"}],"replies":[{"embeddable":true,"href":"https:\/\/www.latribunedufaso.net\/index.php?rest_route=%2Fwp%2Fv2%2Fcomments&post=2750"}],"version-history":[{"count":1,"href":"https:\/\/www.latribunedufaso.net\/index.php?rest_route=\/wp\/v2\/posts\/2750\/revisions"}],"predecessor-version":[{"id":2751,"href":"https:\/\/www.latribunedufaso.net\/index.php?rest_route=\/wp\/v2\/posts\/2750\/revisions\/2751"}],"wp:featuredmedia":[{"embeddable":true,"href":"https:\/\/www.latribunedufaso.net\/index.php?rest_route=\/wp\/v2\/media\/2744"}],"wp:attachment":[{"href":"https:\/\/www.latribunedufaso.net\/index.php?rest_route=%2Fwp%2Fv2%2Fmedia&parent=2750"}],"wp:term":[{"taxonomy":"category","embeddable":true,"href":"https:\/\/www.latribunedufaso.net\/index.php?rest_route=%2Fwp%2Fv2%2Fcategories&post=2750"},{"taxonomy":"post_tag","embeddable":true,"href":"https:\/\/www.latribunedufaso.net\/index.php?rest_route=%2Fwp%2Fv2%2Ftags&post=2750"}],"curies":[{"name":"wp","href":"https:\/\/api.w.org\/{rel}","templated":true}]}}