{"id":2708,"date":"2021-03-01T10:49:52","date_gmt":"2021-03-01T10:49:52","guid":{"rendered":"https:\/\/www.latribunedufaso.net\/?p=2708"},"modified":"2021-03-01T10:49:52","modified_gmt":"2021-03-01T10:49:52","slug":"38e-session-de-la-confejes-le-ministre-andre-nana-designe-president","status":"publish","type":"post","link":"https:\/\/www.latribunedufaso.net\/?p=2708","title":{"rendered":"38e session de la CONFEJES\u00a0: Le ministre Andr\u00e9 Nana, d\u00e9sign\u00e9 pr\u00e9sident"},"content":{"rendered":"<p><strong><span style=\"font-size: 1.0625rem;\">Andr\u00e9 Nana, ministre des sports et des loisirs du Burkina, est le nouveau pr\u00e9sident de la Conf\u00e9rence des ministres de la jeunesse et des sports de la Francophonie (CONFEJES). Il a \u00e9t\u00e9 officiellement fait pr\u00e9sident le vendredi 26 f\u00e9vrier 2021, au cours de la c\u00e9r\u00e9monie d\u2019ouverture des travaux de la 38e session de la conf\u00e9rence, \u00e0 Ouagadougou. Il remplace \u00e0 ce poste le ministre marocain de la jeunesse et des sports, Othman El Ferdaous.<\/span><\/strong><br \/>\n<!--more--><\/p>\n<p><a href=\"https:\/\/latribunedufaso.net\/wp-content\/uploads\/2021\/03\/IMG-20210226-WA0050.jpg\"><img loading=\"lazy\" decoding=\"async\" class=\"size-medium wp-image-2712 aligncenter\" src=\"https:\/\/latribunedufaso.net\/wp-content\/uploads\/2021\/03\/IMG-20210226-WA0050-300x180.jpg\" alt=\"\" width=\"300\" height=\"180\" srcset=\"https:\/\/www.latribunedufaso.net\/wp-content\/uploads\/2021\/03\/IMG-20210226-WA0050-300x180.jpg 300w, https:\/\/www.latribunedufaso.net\/wp-content\/uploads\/2021\/03\/IMG-20210226-WA0050-1024x614.jpg 1024w, https:\/\/www.latribunedufaso.net\/wp-content\/uploads\/2021\/03\/IMG-20210226-WA0050-768x461.jpg 768w, https:\/\/www.latribunedufaso.net\/wp-content\/uploads\/2021\/03\/IMG-20210226-WA0050.jpg 1080w\" sizes=\"auto, (max-width: 300px) 100vw, 300px\" \/><\/a> Le Burkina Faso, au travers de son ministre des sports et des loisirs, Andr\u00e9 Nana, pr\u00e9sidera, pour les deux prochaines ann\u00e9es, la Conf\u00e9rence des ministres de la jeunesse et des sports de la Francophonie (CONFEJES). Cette d\u00e9signation, a \u00e9t\u00e9 l\u2019un des actes forts qui ont ponctu\u00e9 la c\u00e9r\u00e9monie officielle d\u2019ouverture des travaux de la 38e session de la CONFEJES, tenue dans la capitale burkinab\u00e9. Dans le discours d\u2019ouverture de ladite session, que le tout nouveau pr\u00e9sident de la CONFEJES a prononc\u00e9 au nom du premier ministre, pr\u00e9sident de la c\u00e9r\u00e9monie, l\u2019engagement du Burkina Faso au cours des deux prochaines ann\u00e9es a \u00e9t\u00e9 indiqu\u00e9. \u00ab\u00a0Le Burkina Faso, dans l\u2019exercice de sa pr\u00e9sidence au cours des deux prochaines ann\u00e9es, s\u2019engage \u00e0 veiller \u00e0 l\u2019application des documents valid\u00e9s par nos travaux et particuli\u00e8rement, \u00e0 la mise en \u0153uvre cons\u00e9quente de la programmation 2021\u00a0\u00bb, a fait savoir M. Nana.<\/p>\n<p><a href=\"https:\/\/latribunedufaso.net\/wp-content\/uploads\/2021\/03\/IMG-20210226-WA0062.jpg\"><img loading=\"lazy\" decoding=\"async\" class=\"size-medium wp-image-2710 aligncenter\" src=\"https:\/\/latribunedufaso.net\/wp-content\/uploads\/2021\/03\/IMG-20210226-WA0062-300x200.jpg\" alt=\"\" width=\"300\" height=\"200\" srcset=\"https:\/\/www.latribunedufaso.net\/wp-content\/uploads\/2021\/03\/IMG-20210226-WA0062-300x200.jpg 300w, https:\/\/www.latribunedufaso.net\/wp-content\/uploads\/2021\/03\/IMG-20210226-WA0062-1024x683.jpg 1024w, https:\/\/www.latribunedufaso.net\/wp-content\/uploads\/2021\/03\/IMG-20210226-WA0062-768x512.jpg 768w, https:\/\/www.latribunedufaso.net\/wp-content\/uploads\/2021\/03\/IMG-20210226-WA0062-840x560.jpg 840w, https:\/\/www.latribunedufaso.net\/wp-content\/uploads\/2021\/03\/IMG-20210226-WA0062-120x80.jpg 120w, https:\/\/www.latribunedufaso.net\/wp-content\/uploads\/2021\/03\/IMG-20210226-WA0062-360x240.jpg 360w, https:\/\/www.latribunedufaso.net\/wp-content\/uploads\/2021\/03\/IMG-20210226-WA0062-600x400.jpg 600w, https:\/\/www.latribunedufaso.net\/wp-content\/uploads\/2021\/03\/IMG-20210226-WA0062.jpg 1080w\" sizes=\"auto, (max-width: 300px) 100vw, 300px\" \/><\/a><\/p>\n<p>Aussi, dans la qu\u00eate d\u2019une plus grande influence des actions de la CONFEJES, veut-il mettre l\u2019accent sur les partenariats et la mobilisation des ressources, ainsi que l\u2019accompagnement et le suivi des politiques de jeunesse et de sport dans l\u2019espace francophone. Il veut de m\u00eame donner les moyens \u00e0 l\u2019administration du Secr\u00e9tariat g\u00e9n\u00e9ral pour qu\u2019elle puisse davantage et mieux assurer ses missions r\u00e9galiennes. Pour cela, le ministre des sports a \u00e9voqu\u00e9 l\u2019action du Pr\u00e9sident du Faso en mati\u00e8re de politique de jeunesse et de sport, qui se d\u00e9cline en trois axes (le d\u00e9veloppement du capital humain, le renforcement des infrastructures \u00e9conomiques et la poursuite des efforts dans l\u2019accompagnement des sportifs de haut niveau).<\/p>\n<p>Pour Andr\u00e9 Nana, si les 50 ans d\u2019existence de la CONFEJES sont un motif de fiert\u00e9, la question du diagnostic critique des actions du nouveau cinquantenaire reste un d\u00e9fi important \u00e0 relever pour le bon fonctionnement de l\u2019institution et du domaine de la jeunesse, du sport et des loisirs. C\u2019est pourquoi, dit-il examiner toutes les possibilit\u00e9s qui peuvent se d\u00e9gager pour un appui institutionnel cons\u00e9quent au Secr\u00e9tariat g\u00e9n\u00e9ral. Il a en somme, \u00e9mis le v\u0153u, au sortir de cette session, que soient mis en exergue des choix donnant une puissance de lecture et une visibilit\u00e9 aux actions de la CONFEJES.<\/p>\n<p><a href=\"https:\/\/latribunedufaso.net\/wp-content\/uploads\/2021\/03\/IMG-20210226-WA0069-1.jpg\"><img loading=\"lazy\" decoding=\"async\" class=\"size-medium wp-image-2711 aligncenter\" src=\"https:\/\/latribunedufaso.net\/wp-content\/uploads\/2021\/03\/IMG-20210226-WA0069-1-300x200.jpg\" alt=\"\" width=\"300\" height=\"200\" srcset=\"https:\/\/www.latribunedufaso.net\/wp-content\/uploads\/2021\/03\/IMG-20210226-WA0069-1-300x200.jpg 300w, https:\/\/www.latribunedufaso.net\/wp-content\/uploads\/2021\/03\/IMG-20210226-WA0069-1-1024x683.jpg 1024w, https:\/\/www.latribunedufaso.net\/wp-content\/uploads\/2021\/03\/IMG-20210226-WA0069-1-768x512.jpg 768w, https:\/\/www.latribunedufaso.net\/wp-content\/uploads\/2021\/03\/IMG-20210226-WA0069-1-840x560.jpg 840w, https:\/\/www.latribunedufaso.net\/wp-content\/uploads\/2021\/03\/IMG-20210226-WA0069-1-120x80.jpg 120w, https:\/\/www.latribunedufaso.net\/wp-content\/uploads\/2021\/03\/IMG-20210226-WA0069-1-360x240.jpg 360w, https:\/\/www.latribunedufaso.net\/wp-content\/uploads\/2021\/03\/IMG-20210226-WA0069-1-600x400.jpg 600w, https:\/\/www.latribunedufaso.net\/wp-content\/uploads\/2021\/03\/IMG-20210226-WA0069-1.jpg 1080w\" sizes=\"auto, (max-width: 300px) 100vw, 300px\" \/><\/a><\/p>\n<p>Le premier ministre, Christophe Dabir\u00e9, s\u2019est dit heureux et \u00e9difi\u00e9 de l\u2019organisation de la manifestation qui vient \u00e0 point nomm\u00e9 dans la mesure o\u00f9 la CONFEJES s\u2019adresse principalement \u00e0 la jeunesse et au sportif. \u00ab La jeunesse et le sportif font partie des grandes pr\u00e9occupations des politiques publiques de notre pays, particuli\u00e8rement au cours de ce deuxi\u00e8me mandat ; le Pr\u00e9sident du Faso a d\u00e9cid\u00e9 de faire en sorte que nous travaillions \u00e0 promouvoir l\u2019emploi des jeunes afin qu\u2019ils puissent b\u00e9n\u00e9ficier d\u2019une certaine autonomie pour participer au d\u00e9veloppement \u00e9conomique et social \u00bb, a-t-il indiqu\u00e9. Il dit alors vouloir \u00e0 travers la tenue de cette conf\u00e9rence, qu\u2019il soit d\u00e9gag\u00e9 des pistes de solutions au probl\u00e8me de l\u2019emploi des jeunes. \u00ab Nous voulons \u00e0 partir de la 38e session de cette instance, d\u00e9gager des pistes de solutions aux probl\u00e8mes de l\u2019emploi des jeunes, et faire en sorte que cette jeunesse ait un avenir r\u00e9el dans le processus de d\u00e9veloppement \u00e9conomique et social de nos pays. \u00bb, a laiss\u00e9 entendre Christophe Dabir\u00e9.<\/p>\n<p>Selon Modibo Traor\u00e9, charg\u00e9 de l\u2019int\u00e9rim du Secr\u00e9tariat g\u00e9n\u00e9ral de la CONFEJES, apr\u00e8s 50 ans d\u2019existence, la CONFEJES doit continuer \u00e0 consolider ses acquis, \u00e0 renforcer sa forte identit\u00e9 distinctive au plan institutionnel, programmatique et organisationnel. Il a \u00e9galement insist\u00e9 sur les acquis de la CONFEJES \u00e0 consolider dans le domaine du sport, de la promotion de l\u2019entrepreneuriat des jeunes o\u00f9 la CONFEJES peut en toute l\u00e9gitimit\u00e9 se pr\u00e9valoir du r\u00f4le historique qu\u2019elle a jou\u00e9 et continuera de jouer. Ce positionnement, ajoute-il, proc\u00e8de d\u2019une pr\u00e9sence sur toute l\u2019\u00e9chelle de la pratique sportive allant de l\u2019accompagnement des laur\u00e9ats vers la performance mondiale aux pratiques les moins \u00e9labor\u00e9es, notamment la pratique pour le maintien du capital sant\u00e9.<\/p>\n<p><strong>Tambi Serge Pac\u00f4me Zongo<\/strong><br \/>\n<strong>Latribunedufaso.net<\/strong><\/p>\n","protected":false},"excerpt":{"rendered":"<p>Andr\u00e9 Nana, ministre des sports et des loisirs du Burkina, est le nouveau pr\u00e9sident de la Conf\u00e9rence des ministres de la jeunesse et des sports de la Francophonie (CONFEJES). Il a \u00e9t\u00e9 officiellement fait pr\u00e9sident le vendredi 26 f\u00e9vrier 2021, au cours de la c\u00e9r\u00e9monie d\u2019ouverture des travaux de la 38e session de la conf\u00e9rence, \u00e0 Ouagadougou. Il remplace \u00e0 ce poste le ministre marocain de la jeunesse et des sports, Othman El Ferdaous.<\/p>\n","protected":false},"author":2,"featured_media":2709,"comment_status":"open","ping_status":"open","sticky":false,"template":"","format":"standard","meta":{"footnotes":""},"categories":[13,1,8],"tags":[],"class_list":["post-2708","post","type-post","status-publish","format-standard","has-post-thumbnail","hentry","category-une","category-actu","category-societe"],"yoast_head":"<!-- This site is optimized with the Yoast SEO plugin v27.5 - https:\/\/yoast.com\/product\/yoast-seo-wordpress\/ -->\n<title>38e session de la CONFEJES\u00a0: Le ministre Andr\u00e9 Nana, d\u00e9sign\u00e9 pr\u00e9sident - La Tribune du Faso<\/title>\n<meta name=\"robots\" content=\"index, follow, max-snippet:-1, max-image-preview:large, max-video-preview:-1\" \/>\n<link rel=\"canonical\" href=\"https:\/\/www.latribunedufaso.net\/?p=2708\" \/>\n<meta property=\"og:locale\" content=\"fr_FR\" \/>\n<meta property=\"og:type\" content=\"article\" \/>\n<meta property=\"og:title\" content=\"38e session de la CONFEJES\u00a0: Le ministre Andr\u00e9 Nana, d\u00e9sign\u00e9 pr\u00e9sident - La Tribune du Faso\" \/>\n<meta property=\"og:description\" content=\"Andr\u00e9 Nana, ministre des sports et des loisirs du Burkina, est le nouveau pr\u00e9sident de la Conf\u00e9rence des ministres de la jeunesse et des sports de la Francophonie (CONFEJES). Il a \u00e9t\u00e9 officiellement fait pr\u00e9sident le vendredi 26 f\u00e9vrier 2021, au cours de la c\u00e9r\u00e9monie d\u2019ouverture des travaux de la 38e session de la conf\u00e9rence, \u00e0 Ouagadougou. Il remplace \u00e0 ce poste le ministre marocain de la jeunesse et des sports, Othman El Ferdaous.\" \/>\n<meta property=\"og:url\" content=\"https:\/\/www.latribunedufaso.net\/?p=2708\" \/>\n<meta property=\"og:site_name\" content=\"La Tribune du Faso\" \/>\n<meta property=\"article:publisher\" content=\"https:\/\/www.facebook.com\/LatribuneduFaso\/\" \/>\n<meta property=\"article:published_time\" content=\"2021-03-01T10:49:52+00:00\" \/>\n<meta property=\"og:image\" content=\"https:\/\/latribunedufaso.net\/wp-content\/uploads\/2021\/03\/IMG-20210226-WA0065.jpg\" \/>\n\t<meta property=\"og:image:width\" content=\"1080\" \/>\n\t<meta property=\"og:image:height\" content=\"801\" \/>\n\t<meta property=\"og:image:type\" content=\"image\/jpeg\" \/>\n<meta name=\"author\" content=\"Administrateur\" \/>\n<meta name=\"twitter:label1\" content=\"\u00c9crit par\" \/>\n\t<meta name=\"twitter:data1\" content=\"Administrateur\" \/>\n\t<meta name=\"twitter:label2\" content=\"Dur\u00e9e de lecture estim\u00e9e\" \/>\n\t<meta name=\"twitter:data2\" content=\"4 minutes\" \/>\n<script type=\"application\/ld+json\" class=\"yoast-schema-graph\">{\"@context\":\"https:\\\/\\\/schema.org\",\"@graph\":[{\"@type\":\"Article\",\"@id\":\"https:\\\/\\\/www.latribunedufaso.net\\\/?p=2708#article\",\"isPartOf\":{\"@id\":\"https:\\\/\\\/www.latribunedufaso.net\\\/?p=2708\"},\"author\":{\"name\":\"Administrateur\",\"@id\":\"https:\\\/\\\/www.latribunedufaso.net\\\/#\\\/schema\\\/person\\\/a380782d0605bb8aae27c40ea93b35b1\"},\"headline\":\"38e session de la CONFEJES\u00a0: Le ministre Andr\u00e9 Nana, d\u00e9sign\u00e9 pr\u00e9sident\",\"datePublished\":\"2021-03-01T10:49:52+00:00\",\"mainEntityOfPage\":{\"@id\":\"https:\\\/\\\/www.latribunedufaso.net\\\/?p=2708\"},\"wordCount\":813,\"commentCount\":0,\"publisher\":{\"@id\":\"https:\\\/\\\/www.latribunedufaso.net\\\/#organization\"},\"image\":{\"@id\":\"https:\\\/\\\/www.latribunedufaso.net\\\/?p=2708#primaryimage\"},\"thumbnailUrl\":\"https:\\\/\\\/www.latribunedufaso.net\\\/wp-content\\\/uploads\\\/2021\\\/03\\\/IMG-20210226-WA0065.jpg\",\"articleSection\":[\"A la une\",\"Actualit\u00e9\",\"Soci\u00e9t\u00e9\"],\"inLanguage\":\"fr-FR\",\"potentialAction\":[{\"@type\":\"CommentAction\",\"name\":\"Comment\",\"target\":[\"https:\\\/\\\/www.latribunedufaso.net\\\/?p=2708#respond\"]}]},{\"@type\":\"WebPage\",\"@id\":\"https:\\\/\\\/www.latribunedufaso.net\\\/?p=2708\",\"url\":\"https:\\\/\\\/www.latribunedufaso.net\\\/?p=2708\",\"name\":\"38e session de la CONFEJES\u00a0: Le ministre Andr\u00e9 Nana, d\u00e9sign\u00e9 pr\u00e9sident - La Tribune du Faso\",\"isPartOf\":{\"@id\":\"https:\\\/\\\/www.latribunedufaso.net\\\/#website\"},\"primaryImageOfPage\":{\"@id\":\"https:\\\/\\\/www.latribunedufaso.net\\\/?p=2708#primaryimage\"},\"image\":{\"@id\":\"https:\\\/\\\/www.latribunedufaso.net\\\/?p=2708#primaryimage\"},\"thumbnailUrl\":\"https:\\\/\\\/www.latribunedufaso.net\\\/wp-content\\\/uploads\\\/2021\\\/03\\\/IMG-20210226-WA0065.jpg\",\"datePublished\":\"2021-03-01T10:49:52+00:00\",\"breadcrumb\":{\"@id\":\"https:\\\/\\\/www.latribunedufaso.net\\\/?p=2708#breadcrumb\"},\"inLanguage\":\"fr-FR\",\"potentialAction\":[{\"@type\":\"ReadAction\",\"target\":[\"https:\\\/\\\/www.latribunedufaso.net\\\/?p=2708\"]}]},{\"@type\":\"ImageObject\",\"inLanguage\":\"fr-FR\",\"@id\":\"https:\\\/\\\/www.latribunedufaso.net\\\/?p=2708#primaryimage\",\"url\":\"https:\\\/\\\/www.latribunedufaso.net\\\/wp-content\\\/uploads\\\/2021\\\/03\\\/IMG-20210226-WA0065.jpg\",\"contentUrl\":\"https:\\\/\\\/www.latribunedufaso.net\\\/wp-content\\\/uploads\\\/2021\\\/03\\\/IMG-20210226-WA0065.jpg\",\"width\":1080,\"height\":801},{\"@type\":\"BreadcrumbList\",\"@id\":\"https:\\\/\\\/www.latribunedufaso.net\\\/?p=2708#breadcrumb\",\"itemListElement\":[{\"@type\":\"ListItem\",\"position\":1,\"name\":\"Accueil\",\"item\":\"https:\\\/\\\/www.latribunedufaso.net\\\/\"},{\"@type\":\"ListItem\",\"position\":2,\"name\":\"38e session de la CONFEJES\u00a0: Le ministre Andr\u00e9 Nana, d\u00e9sign\u00e9 pr\u00e9sident\"}]},{\"@type\":\"WebSite\",\"@id\":\"https:\\\/\\\/www.latribunedufaso.net\\\/#website\",\"url\":\"https:\\\/\\\/www.latribunedufaso.net\\\/\",\"name\":\"La Tribune du Faso\",\"description\":\"L&#039;information du monde rural en un clic\",\"publisher\":{\"@id\":\"https:\\\/\\\/www.latribunedufaso.net\\\/#organization\"},\"potentialAction\":[{\"@type\":\"SearchAction\",\"target\":{\"@type\":\"EntryPoint\",\"urlTemplate\":\"https:\\\/\\\/www.latribunedufaso.net\\\/?s={search_term_string}\"},\"query-input\":{\"@type\":\"PropertyValueSpecification\",\"valueRequired\":true,\"valueName\":\"search_term_string\"}}],\"inLanguage\":\"fr-FR\"},{\"@type\":\"Organization\",\"@id\":\"https:\\\/\\\/www.latribunedufaso.net\\\/#organization\",\"name\":\"La Tribune du Faso\",\"url\":\"https:\\\/\\\/www.latribunedufaso.net\\\/\",\"logo\":{\"@type\":\"ImageObject\",\"inLanguage\":\"fr-FR\",\"@id\":\"https:\\\/\\\/www.latribunedufaso.net\\\/#\\\/schema\\\/logo\\\/image\\\/\",\"url\":\"https:\\\/\\\/www.latribunedufaso.net\\\/wp-content\\\/uploads\\\/2020\\\/08\\\/Logo-Tribune-du-Faso-final-scaled.jpg\",\"contentUrl\":\"https:\\\/\\\/www.latribunedufaso.net\\\/wp-content\\\/uploads\\\/2020\\\/08\\\/Logo-Tribune-du-Faso-final-scaled.jpg\",\"width\":2560,\"height\":1856,\"caption\":\"La Tribune du Faso\"},\"image\":{\"@id\":\"https:\\\/\\\/www.latribunedufaso.net\\\/#\\\/schema\\\/logo\\\/image\\\/\"},\"sameAs\":[\"https:\\\/\\\/www.facebook.com\\\/LatribuneduFaso\\\/\"]},{\"@type\":\"Person\",\"@id\":\"https:\\\/\\\/www.latribunedufaso.net\\\/#\\\/schema\\\/person\\\/a380782d0605bb8aae27c40ea93b35b1\",\"name\":\"Administrateur\",\"image\":{\"@type\":\"ImageObject\",\"inLanguage\":\"fr-FR\",\"@id\":\"https:\\\/\\\/secure.gravatar.com\\\/avatar\\\/e20266f97d741f0e80ba1f60283074a9b3317fd7bfb727e0d95b51dafbf854a1?s=96&d=mm&r=g\",\"url\":\"https:\\\/\\\/secure.gravatar.com\\\/avatar\\\/e20266f97d741f0e80ba1f60283074a9b3317fd7bfb727e0d95b51dafbf854a1?s=96&d=mm&r=g\",\"contentUrl\":\"https:\\\/\\\/secure.gravatar.com\\\/avatar\\\/e20266f97d741f0e80ba1f60283074a9b3317fd7bfb727e0d95b51dafbf854a1?s=96&d=mm&r=g\",\"caption\":\"Administrateur\"},\"url\":\"https:\\\/\\\/www.latribunedufaso.net\\\/?author=2\"}]}<\/script>\n<!-- \/ Yoast SEO plugin. -->","yoast_head_json":{"title":"38e session de la CONFEJES\u00a0: Le ministre Andr\u00e9 Nana, d\u00e9sign\u00e9 pr\u00e9sident - La Tribune du Faso","robots":{"index":"index","follow":"follow","max-snippet":"max-snippet:-1","max-image-preview":"max-image-preview:large","max-video-preview":"max-video-preview:-1"},"canonical":"https:\/\/www.latribunedufaso.net\/?p=2708","og_locale":"fr_FR","og_type":"article","og_title":"38e session de la CONFEJES\u00a0: Le ministre Andr\u00e9 Nana, d\u00e9sign\u00e9 pr\u00e9sident - La Tribune du Faso","og_description":"Andr\u00e9 Nana, ministre des sports et des loisirs du Burkina, est le nouveau pr\u00e9sident de la Conf\u00e9rence des ministres de la jeunesse et des sports de la Francophonie (CONFEJES). Il a \u00e9t\u00e9 officiellement fait pr\u00e9sident le vendredi 26 f\u00e9vrier 2021, au cours de la c\u00e9r\u00e9monie d\u2019ouverture des travaux de la 38e session de la conf\u00e9rence, \u00e0 Ouagadougou. Il remplace \u00e0 ce poste le ministre marocain de la jeunesse et des sports, Othman El Ferdaous.","og_url":"https:\/\/www.latribunedufaso.net\/?p=2708","og_site_name":"La Tribune du Faso","article_publisher":"https:\/\/www.facebook.com\/LatribuneduFaso\/","article_published_time":"2021-03-01T10:49:52+00:00","og_image":[{"width":1080,"height":801,"url":"https:\/\/latribunedufaso.net\/wp-content\/uploads\/2021\/03\/IMG-20210226-WA0065.jpg","type":"image\/jpeg"}],"author":"Administrateur","twitter_misc":{"\u00c9crit par":"Administrateur","Dur\u00e9e de lecture estim\u00e9e":"4 minutes"},"schema":{"@context":"https:\/\/schema.org","@graph":[{"@type":"Article","@id":"https:\/\/www.latribunedufaso.net\/?p=2708#article","isPartOf":{"@id":"https:\/\/www.latribunedufaso.net\/?p=2708"},"author":{"name":"Administrateur","@id":"https:\/\/www.latribunedufaso.net\/#\/schema\/person\/a380782d0605bb8aae27c40ea93b35b1"},"headline":"38e session de la CONFEJES\u00a0: Le ministre Andr\u00e9 Nana, d\u00e9sign\u00e9 pr\u00e9sident","datePublished":"2021-03-01T10:49:52+00:00","mainEntityOfPage":{"@id":"https:\/\/www.latribunedufaso.net\/?p=2708"},"wordCount":813,"commentCount":0,"publisher":{"@id":"https:\/\/www.latribunedufaso.net\/#organization"},"image":{"@id":"https:\/\/www.latribunedufaso.net\/?p=2708#primaryimage"},"thumbnailUrl":"https:\/\/www.latribunedufaso.net\/wp-content\/uploads\/2021\/03\/IMG-20210226-WA0065.jpg","articleSection":["A la une","Actualit\u00e9","Soci\u00e9t\u00e9"],"inLanguage":"fr-FR","potentialAction":[{"@type":"CommentAction","name":"Comment","target":["https:\/\/www.latribunedufaso.net\/?p=2708#respond"]}]},{"@type":"WebPage","@id":"https:\/\/www.latribunedufaso.net\/?p=2708","url":"https:\/\/www.latribunedufaso.net\/?p=2708","name":"38e session de la CONFEJES\u00a0: Le ministre Andr\u00e9 Nana, d\u00e9sign\u00e9 pr\u00e9sident - La Tribune du Faso","isPartOf":{"@id":"https:\/\/www.latribunedufaso.net\/#website"},"primaryImageOfPage":{"@id":"https:\/\/www.latribunedufaso.net\/?p=2708#primaryimage"},"image":{"@id":"https:\/\/www.latribunedufaso.net\/?p=2708#primaryimage"},"thumbnailUrl":"https:\/\/www.latribunedufaso.net\/wp-content\/uploads\/2021\/03\/IMG-20210226-WA0065.jpg","datePublished":"2021-03-01T10:49:52+00:00","breadcrumb":{"@id":"https:\/\/www.latribunedufaso.net\/?p=2708#breadcrumb"},"inLanguage":"fr-FR","potentialAction":[{"@type":"ReadAction","target":["https:\/\/www.latribunedufaso.net\/?p=2708"]}]},{"@type":"ImageObject","inLanguage":"fr-FR","@id":"https:\/\/www.latribunedufaso.net\/?p=2708#primaryimage","url":"https:\/\/www.latribunedufaso.net\/wp-content\/uploads\/2021\/03\/IMG-20210226-WA0065.jpg","contentUrl":"https:\/\/www.latribunedufaso.net\/wp-content\/uploads\/2021\/03\/IMG-20210226-WA0065.jpg","width":1080,"height":801},{"@type":"BreadcrumbList","@id":"https:\/\/www.latribunedufaso.net\/?p=2708#breadcrumb","itemListElement":[{"@type":"ListItem","position":1,"name":"Accueil","item":"https:\/\/www.latribunedufaso.net\/"},{"@type":"ListItem","position":2,"name":"38e session de la CONFEJES\u00a0: Le ministre Andr\u00e9 Nana, d\u00e9sign\u00e9 pr\u00e9sident"}]},{"@type":"WebSite","@id":"https:\/\/www.latribunedufaso.net\/#website","url":"https:\/\/www.latribunedufaso.net\/","name":"La Tribune du Faso","description":"L&#039;information du monde rural en un clic","publisher":{"@id":"https:\/\/www.latribunedufaso.net\/#organization"},"potentialAction":[{"@type":"SearchAction","target":{"@type":"EntryPoint","urlTemplate":"https:\/\/www.latribunedufaso.net\/?s={search_term_string}"},"query-input":{"@type":"PropertyValueSpecification","valueRequired":true,"valueName":"search_term_string"}}],"inLanguage":"fr-FR"},{"@type":"Organization","@id":"https:\/\/www.latribunedufaso.net\/#organization","name":"La Tribune du Faso","url":"https:\/\/www.latribunedufaso.net\/","logo":{"@type":"ImageObject","inLanguage":"fr-FR","@id":"https:\/\/www.latribunedufaso.net\/#\/schema\/logo\/image\/","url":"https:\/\/www.latribunedufaso.net\/wp-content\/uploads\/2020\/08\/Logo-Tribune-du-Faso-final-scaled.jpg","contentUrl":"https:\/\/www.latribunedufaso.net\/wp-content\/uploads\/2020\/08\/Logo-Tribune-du-Faso-final-scaled.jpg","width":2560,"height":1856,"caption":"La Tribune du Faso"},"image":{"@id":"https:\/\/www.latribunedufaso.net\/#\/schema\/logo\/image\/"},"sameAs":["https:\/\/www.facebook.com\/LatribuneduFaso\/"]},{"@type":"Person","@id":"https:\/\/www.latribunedufaso.net\/#\/schema\/person\/a380782d0605bb8aae27c40ea93b35b1","name":"Administrateur","image":{"@type":"ImageObject","inLanguage":"fr-FR","@id":"https:\/\/secure.gravatar.com\/avatar\/e20266f97d741f0e80ba1f60283074a9b3317fd7bfb727e0d95b51dafbf854a1?s=96&d=mm&r=g","url":"https:\/\/secure.gravatar.com\/avatar\/e20266f97d741f0e80ba1f60283074a9b3317fd7bfb727e0d95b51dafbf854a1?s=96&d=mm&r=g","contentUrl":"https:\/\/secure.gravatar.com\/avatar\/e20266f97d741f0e80ba1f60283074a9b3317fd7bfb727e0d95b51dafbf854a1?s=96&d=mm&r=g","caption":"Administrateur"},"url":"https:\/\/www.latribunedufaso.net\/?author=2"}]}},"_links":{"self":[{"href":"https:\/\/www.latribunedufaso.net\/index.php?rest_route=\/wp\/v2\/posts\/2708","targetHints":{"allow":["GET"]}}],"collection":[{"href":"https:\/\/www.latribunedufaso.net\/index.php?rest_route=\/wp\/v2\/posts"}],"about":[{"href":"https:\/\/www.latribunedufaso.net\/index.php?rest_route=\/wp\/v2\/types\/post"}],"author":[{"embeddable":true,"href":"https:\/\/www.latribunedufaso.net\/index.php?rest_route=\/wp\/v2\/users\/2"}],"replies":[{"embeddable":true,"href":"https:\/\/www.latribunedufaso.net\/index.php?rest_route=%2Fwp%2Fv2%2Fcomments&post=2708"}],"version-history":[{"count":1,"href":"https:\/\/www.latribunedufaso.net\/index.php?rest_route=\/wp\/v2\/posts\/2708\/revisions"}],"predecessor-version":[{"id":2714,"href":"https:\/\/www.latribunedufaso.net\/index.php?rest_route=\/wp\/v2\/posts\/2708\/revisions\/2714"}],"wp:featuredmedia":[{"embeddable":true,"href":"https:\/\/www.latribunedufaso.net\/index.php?rest_route=\/wp\/v2\/media\/2709"}],"wp:attachment":[{"href":"https:\/\/www.latribunedufaso.net\/index.php?rest_route=%2Fwp%2Fv2%2Fmedia&parent=2708"}],"wp:term":[{"taxonomy":"category","embeddable":true,"href":"https:\/\/www.latribunedufaso.net\/index.php?rest_route=%2Fwp%2Fv2%2Fcategories&post=2708"},{"taxonomy":"post_tag","embeddable":true,"href":"https:\/\/www.latribunedufaso.net\/index.php?rest_route=%2Fwp%2Fv2%2Ftags&post=2708"}],"curies":[{"name":"wp","href":"https:\/\/api.w.org\/{rel}","templated":true}]}}