{"id":2702,"date":"2021-03-01T09:29:52","date_gmt":"2021-03-01T09:29:52","guid":{"rendered":"https:\/\/www.latribunedufaso.net\/?p=2702"},"modified":"2021-03-01T09:29:52","modified_gmt":"2021-03-01T09:29:52","slug":"conseil-des-frontieres-la-securite-et-le-developpement-des-zones-frontalieres-a-lordre-du-jour","status":"publish","type":"post","link":"https:\/\/www.latribunedufaso.net\/?p=2702","title":{"rendered":"Conseil des fronti\u00e8res : la s\u00e9curit\u00e9 et le d\u00e9veloppement des zones frontali\u00e8res \u00e0 l&rsquo;ordre du jour"},"content":{"rendered":"<p><strong><span style=\"font-size: 1.0625rem;\">La s\u00e9curisation des fronti\u00e8res et le d\u00e9veloppement des zones frontali\u00e8res ont \u00e9t\u00e9 au centre des \u00e9changes entre les membres du conseil des fronti\u00e8res \u00e0 l\u2019occasion de leur premi\u00e8re session ordinaire de l\u2019ann\u00e9e, tenue le vendredi 26 f\u00e9vrier 2021, \u00e0 Ouagadougou, sous la pr\u00e9sidence du premier ministre, Christophe Dabir\u00e9. Il a \u00e9t\u00e9 essentiellement question pour les membres de statuer sur les recommandations de la pr\u00e9c\u00e9dente session et de formuler des recommandations pour une s\u00e9curit\u00e9 et un d\u00e9veloppement durable des zones frontali\u00e8res.<\/span><\/strong><br \/>\n<!--more--><\/p>\n<p><a href=\"https:\/\/latribunedufaso.net\/wp-content\/uploads\/2021\/03\/IMG-20210226-WA0022.jpg\"><img loading=\"lazy\" decoding=\"async\" class=\"size-medium wp-image-2706 aligncenter\" src=\"https:\/\/latribunedufaso.net\/wp-content\/uploads\/2021\/03\/IMG-20210226-WA0022-300x196.jpg\" alt=\"\" width=\"300\" height=\"196\" srcset=\"https:\/\/www.latribunedufaso.net\/wp-content\/uploads\/2021\/03\/IMG-20210226-WA0022-300x196.jpg 300w, https:\/\/www.latribunedufaso.net\/wp-content\/uploads\/2021\/03\/IMG-20210226-WA0022-1024x668.jpg 1024w, https:\/\/www.latribunedufaso.net\/wp-content\/uploads\/2021\/03\/IMG-20210226-WA0022-768x501.jpg 768w, https:\/\/www.latribunedufaso.net\/wp-content\/uploads\/2021\/03\/IMG-20210226-WA0022.jpg 1080w\" sizes=\"auto, (max-width: 300px) 100vw, 300px\" \/><\/a>Pour le premier ministre, pr\u00e9sident du conseil des fronti\u00e8res, il faudrait travailler \u00e0 mat\u00e9rialiser les fronti\u00e8res terrestres du Burkina avec ses pays voisins. \u00ab Il n\u2019est un secret pour personne que le Burkina Faso, du fait de son enclavement, partage une fronti\u00e8re d\u2019environ 3 615 km avec six (06) pays avec lesquels les limites exactes ne sont pas encore enti\u00e8rement mat\u00e9rialis\u00e9es \u00bb, a indiqu\u00e9 Christophe Dabir\u00e9. Il note \u00e9galement que le d\u00e9fi majeur reste la sauvegarde de sa souverainet\u00e9 nationale et la n\u00e9cessit\u00e9 de faire des zones frontali\u00e8res de v\u00e9ritables espaces de d\u00e9veloppement et d\u2019int\u00e9gration, conform\u00e9ment \u00e0 ses options politiques et aux recommandations de l\u2019Union africaine (UA).<\/p>\n<p>Il a tenu \u00e0 rassurer aussi les pays qui partagent les fronti\u00e8res avec le Burkina quant \u00e0 la gestion des affaires frontali\u00e8res du pays. \u00ab\u00a0Je saisis l\u2019opportunit\u00e9 de la tenue de cette premi\u00e8re session du Conseil des fronti\u00e8res pour rassurer les pays amis et fr\u00e8res qui partagent avec nous des fronti\u00e8res communes que notre politique de gestion de nos fronti\u00e8res est conduite dans l\u2019optique de la consolidation des liens de coop\u00e9ration, d\u2019amiti\u00e9 et de fraternit\u00e9 qui unissent nos diff\u00e9rents pays.\u00a0\u00bb, a-t-il dit.<\/p>\n<p><a href=\"https:\/\/latribunedufaso.net\/wp-content\/uploads\/2021\/03\/IMG-20210226-WA0013.jpg\"><img loading=\"lazy\" decoding=\"async\" class=\"size-medium wp-image-2703 aligncenter\" src=\"https:\/\/latribunedufaso.net\/wp-content\/uploads\/2021\/03\/IMG-20210226-WA0013-300x228.jpg\" alt=\"\" width=\"300\" height=\"228\" srcset=\"https:\/\/www.latribunedufaso.net\/wp-content\/uploads\/2021\/03\/IMG-20210226-WA0013-300x228.jpg 300w, https:\/\/www.latribunedufaso.net\/wp-content\/uploads\/2021\/03\/IMG-20210226-WA0013.jpg 536w\" sizes=\"auto, (max-width: 300px) 100vw, 300px\" \/><\/a><\/p>\n<p>De l\u2019avis du vice-pr\u00e9sident du conseil des fronti\u00e8res, Cl\u00e9ment sawadogo, par ailleurs ministre d\u2019\u00c9tat, ministre de l\u2019administration et de la d\u00e9centralisation, il y a une n\u00e9cessit\u00e9 de s\u00e9curiser les fronti\u00e8res par les d\u00e9limitations m\u00eame si elles sont appel\u00e9es \u00e0 disparaitre avec le processus d\u2019int\u00e9gration des \u00c9tats. \u00c0 l\u2019entendre, la non mat\u00e9rialisation des fronti\u00e8res entraine le d\u00e9veloppement de nombreux fl\u00e9aux. Au nombre des fl\u00e9aux, il fait cas du terrorisme et du grand banditisme. Cl\u00e9ment sawadogo pr\u00e9cise aussi qu\u2019au-del\u00e0 de la non mat\u00e9rialisation des fronti\u00e8res qui engendre les fl\u00e9aux ci-dessus cit\u00e9s, les zones frontali\u00e8res sont des zones o\u00f9 l\u2019administration publique a une faible pr\u00e9sence, \u00ab Nous voulons que les fronti\u00e8res soient un lieu d\u2019\u00e9panouissement des populations qui y vivent \u00bb, a-t-il soutenu.<\/p>\n<p>Il informe \u00e9galement que les membres du conseil des fronti\u00e8res lors de cette session devront se pencher sur des reformes qui faciliteront le d\u00e9veloppement des zones frontali\u00e8res et transfrontali\u00e8res \u00ab nous allons prendre des r\u00e9solutions fermes pour marquer la pr\u00e9sence de l\u2019administration par les structures de s\u00e9curit\u00e9 et \u00e9galement des infrastructures sociales et \u00e9conomiques dans les zones frontali\u00e8res \u00bb, mentionne-t-il.<\/p>\n<p><strong>Tiba Kassamse Ou\u00e9draogo (Stagiaire)<\/strong><br \/>\n<strong>Latribunedufaso.net<\/strong><\/p>\n","protected":false},"excerpt":{"rendered":"<p>La s\u00e9curisation des fronti\u00e8res et le d\u00e9veloppement des zones frontali\u00e8res ont \u00e9t\u00e9 au centre des \u00e9changes entre les membres du conseil des fronti\u00e8res \u00e0 l\u2019occasion de leur premi\u00e8re session ordinaire de l\u2019ann\u00e9e, tenue le vendredi 26 f\u00e9vrier 2021, \u00e0 Ouagadougou, sous la pr\u00e9sidence du premier ministre, Christophe Dabir\u00e9. Il a \u00e9t\u00e9 essentiellement question pour les membres de statuer sur les recommandations de la pr\u00e9c\u00e9dente session et de formuler des recommandations pour une s\u00e9curit\u00e9 et un d\u00e9veloppement durable des zones frontali\u00e8res.<\/p>\n","protected":false},"author":2,"featured_media":2705,"comment_status":"open","ping_status":"open","sticky":false,"template":"","format":"standard","meta":{"footnotes":""},"categories":[13,1,8],"tags":[],"class_list":["post-2702","post","type-post","status-publish","format-standard","has-post-thumbnail","hentry","category-une","category-actu","category-societe"],"yoast_head":"<!-- This site is optimized with the Yoast SEO plugin v27.5 - https:\/\/yoast.com\/product\/yoast-seo-wordpress\/ -->\n<title>Conseil des fronti\u00e8res : la s\u00e9curit\u00e9 et le d\u00e9veloppement des zones frontali\u00e8res \u00e0 l&#039;ordre du jour - La Tribune du Faso<\/title>\n<meta name=\"robots\" content=\"index, follow, max-snippet:-1, max-image-preview:large, max-video-preview:-1\" \/>\n<link rel=\"canonical\" href=\"https:\/\/www.latribunedufaso.net\/?p=2702\" \/>\n<meta property=\"og:locale\" content=\"fr_FR\" \/>\n<meta property=\"og:type\" content=\"article\" \/>\n<meta property=\"og:title\" content=\"Conseil des fronti\u00e8res : la s\u00e9curit\u00e9 et le d\u00e9veloppement des zones frontali\u00e8res \u00e0 l&#039;ordre du jour - La Tribune du Faso\" \/>\n<meta property=\"og:description\" content=\"La s\u00e9curisation des fronti\u00e8res et le d\u00e9veloppement des zones frontali\u00e8res ont \u00e9t\u00e9 au centre des \u00e9changes entre les membres du conseil des fronti\u00e8res \u00e0 l\u2019occasion de leur premi\u00e8re session ordinaire de l\u2019ann\u00e9e, tenue le vendredi 26 f\u00e9vrier 2021, \u00e0 Ouagadougou, sous la pr\u00e9sidence du premier ministre, Christophe Dabir\u00e9. Il a \u00e9t\u00e9 essentiellement question pour les membres de statuer sur les recommandations de la pr\u00e9c\u00e9dente session et de formuler des recommandations pour une s\u00e9curit\u00e9 et un d\u00e9veloppement durable des zones frontali\u00e8res.\" \/>\n<meta property=\"og:url\" content=\"https:\/\/www.latribunedufaso.net\/?p=2702\" \/>\n<meta property=\"og:site_name\" content=\"La Tribune du Faso\" \/>\n<meta property=\"article:publisher\" content=\"https:\/\/www.facebook.com\/LatribuneduFaso\/\" \/>\n<meta property=\"article:published_time\" content=\"2021-03-01T09:29:52+00:00\" \/>\n<meta property=\"og:image\" content=\"https:\/\/latribunedufaso.net\/wp-content\/uploads\/2021\/03\/IMG-20210301-WA0003.jpg\" \/>\n\t<meta property=\"og:image:width\" content=\"1080\" \/>\n\t<meta property=\"og:image:height\" content=\"720\" \/>\n\t<meta property=\"og:image:type\" content=\"image\/jpeg\" \/>\n<meta name=\"author\" content=\"Administrateur\" \/>\n<meta name=\"twitter:label1\" content=\"\u00c9crit par\" \/>\n\t<meta name=\"twitter:data1\" content=\"Administrateur\" \/>\n\t<meta name=\"twitter:label2\" content=\"Dur\u00e9e de lecture estim\u00e9e\" \/>\n\t<meta name=\"twitter:data2\" content=\"3 minutes\" \/>\n<script type=\"application\/ld+json\" class=\"yoast-schema-graph\">{\"@context\":\"https:\\\/\\\/schema.org\",\"@graph\":[{\"@type\":\"Article\",\"@id\":\"https:\\\/\\\/www.latribunedufaso.net\\\/?p=2702#article\",\"isPartOf\":{\"@id\":\"https:\\\/\\\/www.latribunedufaso.net\\\/?p=2702\"},\"author\":{\"name\":\"Administrateur\",\"@id\":\"https:\\\/\\\/www.latribunedufaso.net\\\/#\\\/schema\\\/person\\\/a380782d0605bb8aae27c40ea93b35b1\"},\"headline\":\"Conseil des fronti\u00e8res : la s\u00e9curit\u00e9 et le d\u00e9veloppement des zones frontali\u00e8res \u00e0 l&rsquo;ordre du jour\",\"datePublished\":\"2021-03-01T09:29:52+00:00\",\"mainEntityOfPage\":{\"@id\":\"https:\\\/\\\/www.latribunedufaso.net\\\/?p=2702\"},\"wordCount\":545,\"commentCount\":0,\"publisher\":{\"@id\":\"https:\\\/\\\/www.latribunedufaso.net\\\/#organization\"},\"image\":{\"@id\":\"https:\\\/\\\/www.latribunedufaso.net\\\/?p=2702#primaryimage\"},\"thumbnailUrl\":\"https:\\\/\\\/www.latribunedufaso.net\\\/wp-content\\\/uploads\\\/2021\\\/03\\\/IMG-20210301-WA0003.jpg\",\"articleSection\":[\"A la une\",\"Actualit\u00e9\",\"Soci\u00e9t\u00e9\"],\"inLanguage\":\"fr-FR\",\"potentialAction\":[{\"@type\":\"CommentAction\",\"name\":\"Comment\",\"target\":[\"https:\\\/\\\/www.latribunedufaso.net\\\/?p=2702#respond\"]}]},{\"@type\":\"WebPage\",\"@id\":\"https:\\\/\\\/www.latribunedufaso.net\\\/?p=2702\",\"url\":\"https:\\\/\\\/www.latribunedufaso.net\\\/?p=2702\",\"name\":\"Conseil des fronti\u00e8res : la s\u00e9curit\u00e9 et le d\u00e9veloppement des zones frontali\u00e8res \u00e0 l'ordre du jour - La Tribune du Faso\",\"isPartOf\":{\"@id\":\"https:\\\/\\\/www.latribunedufaso.net\\\/#website\"},\"primaryImageOfPage\":{\"@id\":\"https:\\\/\\\/www.latribunedufaso.net\\\/?p=2702#primaryimage\"},\"image\":{\"@id\":\"https:\\\/\\\/www.latribunedufaso.net\\\/?p=2702#primaryimage\"},\"thumbnailUrl\":\"https:\\\/\\\/www.latribunedufaso.net\\\/wp-content\\\/uploads\\\/2021\\\/03\\\/IMG-20210301-WA0003.jpg\",\"datePublished\":\"2021-03-01T09:29:52+00:00\",\"breadcrumb\":{\"@id\":\"https:\\\/\\\/www.latribunedufaso.net\\\/?p=2702#breadcrumb\"},\"inLanguage\":\"fr-FR\",\"potentialAction\":[{\"@type\":\"ReadAction\",\"target\":[\"https:\\\/\\\/www.latribunedufaso.net\\\/?p=2702\"]}]},{\"@type\":\"ImageObject\",\"inLanguage\":\"fr-FR\",\"@id\":\"https:\\\/\\\/www.latribunedufaso.net\\\/?p=2702#primaryimage\",\"url\":\"https:\\\/\\\/www.latribunedufaso.net\\\/wp-content\\\/uploads\\\/2021\\\/03\\\/IMG-20210301-WA0003.jpg\",\"contentUrl\":\"https:\\\/\\\/www.latribunedufaso.net\\\/wp-content\\\/uploads\\\/2021\\\/03\\\/IMG-20210301-WA0003.jpg\",\"width\":1080,\"height\":720},{\"@type\":\"BreadcrumbList\",\"@id\":\"https:\\\/\\\/www.latribunedufaso.net\\\/?p=2702#breadcrumb\",\"itemListElement\":[{\"@type\":\"ListItem\",\"position\":1,\"name\":\"Accueil\",\"item\":\"https:\\\/\\\/www.latribunedufaso.net\\\/\"},{\"@type\":\"ListItem\",\"position\":2,\"name\":\"Conseil des fronti\u00e8res : la s\u00e9curit\u00e9 et le d\u00e9veloppement des zones frontali\u00e8res \u00e0 l&#8217;ordre du jour\"}]},{\"@type\":\"WebSite\",\"@id\":\"https:\\\/\\\/www.latribunedufaso.net\\\/#website\",\"url\":\"https:\\\/\\\/www.latribunedufaso.net\\\/\",\"name\":\"La Tribune du Faso\",\"description\":\"L&#039;information du monde rural en un clic\",\"publisher\":{\"@id\":\"https:\\\/\\\/www.latribunedufaso.net\\\/#organization\"},\"potentialAction\":[{\"@type\":\"SearchAction\",\"target\":{\"@type\":\"EntryPoint\",\"urlTemplate\":\"https:\\\/\\\/www.latribunedufaso.net\\\/?s={search_term_string}\"},\"query-input\":{\"@type\":\"PropertyValueSpecification\",\"valueRequired\":true,\"valueName\":\"search_term_string\"}}],\"inLanguage\":\"fr-FR\"},{\"@type\":\"Organization\",\"@id\":\"https:\\\/\\\/www.latribunedufaso.net\\\/#organization\",\"name\":\"La Tribune du Faso\",\"url\":\"https:\\\/\\\/www.latribunedufaso.net\\\/\",\"logo\":{\"@type\":\"ImageObject\",\"inLanguage\":\"fr-FR\",\"@id\":\"https:\\\/\\\/www.latribunedufaso.net\\\/#\\\/schema\\\/logo\\\/image\\\/\",\"url\":\"https:\\\/\\\/www.latribunedufaso.net\\\/wp-content\\\/uploads\\\/2020\\\/08\\\/Logo-Tribune-du-Faso-final-scaled.jpg\",\"contentUrl\":\"https:\\\/\\\/www.latribunedufaso.net\\\/wp-content\\\/uploads\\\/2020\\\/08\\\/Logo-Tribune-du-Faso-final-scaled.jpg\",\"width\":2560,\"height\":1856,\"caption\":\"La Tribune du Faso\"},\"image\":{\"@id\":\"https:\\\/\\\/www.latribunedufaso.net\\\/#\\\/schema\\\/logo\\\/image\\\/\"},\"sameAs\":[\"https:\\\/\\\/www.facebook.com\\\/LatribuneduFaso\\\/\"]},{\"@type\":\"Person\",\"@id\":\"https:\\\/\\\/www.latribunedufaso.net\\\/#\\\/schema\\\/person\\\/a380782d0605bb8aae27c40ea93b35b1\",\"name\":\"Administrateur\",\"image\":{\"@type\":\"ImageObject\",\"inLanguage\":\"fr-FR\",\"@id\":\"https:\\\/\\\/secure.gravatar.com\\\/avatar\\\/e20266f97d741f0e80ba1f60283074a9b3317fd7bfb727e0d95b51dafbf854a1?s=96&d=mm&r=g\",\"url\":\"https:\\\/\\\/secure.gravatar.com\\\/avatar\\\/e20266f97d741f0e80ba1f60283074a9b3317fd7bfb727e0d95b51dafbf854a1?s=96&d=mm&r=g\",\"contentUrl\":\"https:\\\/\\\/secure.gravatar.com\\\/avatar\\\/e20266f97d741f0e80ba1f60283074a9b3317fd7bfb727e0d95b51dafbf854a1?s=96&d=mm&r=g\",\"caption\":\"Administrateur\"},\"url\":\"https:\\\/\\\/www.latribunedufaso.net\\\/?author=2\"}]}<\/script>\n<!-- \/ Yoast SEO plugin. -->","yoast_head_json":{"title":"Conseil des fronti\u00e8res : la s\u00e9curit\u00e9 et le d\u00e9veloppement des zones frontali\u00e8res \u00e0 l'ordre du jour - La Tribune du Faso","robots":{"index":"index","follow":"follow","max-snippet":"max-snippet:-1","max-image-preview":"max-image-preview:large","max-video-preview":"max-video-preview:-1"},"canonical":"https:\/\/www.latribunedufaso.net\/?p=2702","og_locale":"fr_FR","og_type":"article","og_title":"Conseil des fronti\u00e8res : la s\u00e9curit\u00e9 et le d\u00e9veloppement des zones frontali\u00e8res \u00e0 l'ordre du jour - La Tribune du Faso","og_description":"La s\u00e9curisation des fronti\u00e8res et le d\u00e9veloppement des zones frontali\u00e8res ont \u00e9t\u00e9 au centre des \u00e9changes entre les membres du conseil des fronti\u00e8res \u00e0 l\u2019occasion de leur premi\u00e8re session ordinaire de l\u2019ann\u00e9e, tenue le vendredi 26 f\u00e9vrier 2021, \u00e0 Ouagadougou, sous la pr\u00e9sidence du premier ministre, Christophe Dabir\u00e9. Il a \u00e9t\u00e9 essentiellement question pour les membres de statuer sur les recommandations de la pr\u00e9c\u00e9dente session et de formuler des recommandations pour une s\u00e9curit\u00e9 et un d\u00e9veloppement durable des zones frontali\u00e8res.","og_url":"https:\/\/www.latribunedufaso.net\/?p=2702","og_site_name":"La Tribune du Faso","article_publisher":"https:\/\/www.facebook.com\/LatribuneduFaso\/","article_published_time":"2021-03-01T09:29:52+00:00","og_image":[{"width":1080,"height":720,"url":"https:\/\/latribunedufaso.net\/wp-content\/uploads\/2021\/03\/IMG-20210301-WA0003.jpg","type":"image\/jpeg"}],"author":"Administrateur","twitter_misc":{"\u00c9crit par":"Administrateur","Dur\u00e9e de lecture estim\u00e9e":"3 minutes"},"schema":{"@context":"https:\/\/schema.org","@graph":[{"@type":"Article","@id":"https:\/\/www.latribunedufaso.net\/?p=2702#article","isPartOf":{"@id":"https:\/\/www.latribunedufaso.net\/?p=2702"},"author":{"name":"Administrateur","@id":"https:\/\/www.latribunedufaso.net\/#\/schema\/person\/a380782d0605bb8aae27c40ea93b35b1"},"headline":"Conseil des fronti\u00e8res : la s\u00e9curit\u00e9 et le d\u00e9veloppement des zones frontali\u00e8res \u00e0 l&rsquo;ordre du jour","datePublished":"2021-03-01T09:29:52+00:00","mainEntityOfPage":{"@id":"https:\/\/www.latribunedufaso.net\/?p=2702"},"wordCount":545,"commentCount":0,"publisher":{"@id":"https:\/\/www.latribunedufaso.net\/#organization"},"image":{"@id":"https:\/\/www.latribunedufaso.net\/?p=2702#primaryimage"},"thumbnailUrl":"https:\/\/www.latribunedufaso.net\/wp-content\/uploads\/2021\/03\/IMG-20210301-WA0003.jpg","articleSection":["A la une","Actualit\u00e9","Soci\u00e9t\u00e9"],"inLanguage":"fr-FR","potentialAction":[{"@type":"CommentAction","name":"Comment","target":["https:\/\/www.latribunedufaso.net\/?p=2702#respond"]}]},{"@type":"WebPage","@id":"https:\/\/www.latribunedufaso.net\/?p=2702","url":"https:\/\/www.latribunedufaso.net\/?p=2702","name":"Conseil des fronti\u00e8res : la s\u00e9curit\u00e9 et le d\u00e9veloppement des zones frontali\u00e8res \u00e0 l'ordre du jour - La Tribune du Faso","isPartOf":{"@id":"https:\/\/www.latribunedufaso.net\/#website"},"primaryImageOfPage":{"@id":"https:\/\/www.latribunedufaso.net\/?p=2702#primaryimage"},"image":{"@id":"https:\/\/www.latribunedufaso.net\/?p=2702#primaryimage"},"thumbnailUrl":"https:\/\/www.latribunedufaso.net\/wp-content\/uploads\/2021\/03\/IMG-20210301-WA0003.jpg","datePublished":"2021-03-01T09:29:52+00:00","breadcrumb":{"@id":"https:\/\/www.latribunedufaso.net\/?p=2702#breadcrumb"},"inLanguage":"fr-FR","potentialAction":[{"@type":"ReadAction","target":["https:\/\/www.latribunedufaso.net\/?p=2702"]}]},{"@type":"ImageObject","inLanguage":"fr-FR","@id":"https:\/\/www.latribunedufaso.net\/?p=2702#primaryimage","url":"https:\/\/www.latribunedufaso.net\/wp-content\/uploads\/2021\/03\/IMG-20210301-WA0003.jpg","contentUrl":"https:\/\/www.latribunedufaso.net\/wp-content\/uploads\/2021\/03\/IMG-20210301-WA0003.jpg","width":1080,"height":720},{"@type":"BreadcrumbList","@id":"https:\/\/www.latribunedufaso.net\/?p=2702#breadcrumb","itemListElement":[{"@type":"ListItem","position":1,"name":"Accueil","item":"https:\/\/www.latribunedufaso.net\/"},{"@type":"ListItem","position":2,"name":"Conseil des fronti\u00e8res : la s\u00e9curit\u00e9 et le d\u00e9veloppement des zones frontali\u00e8res \u00e0 l&#8217;ordre du jour"}]},{"@type":"WebSite","@id":"https:\/\/www.latribunedufaso.net\/#website","url":"https:\/\/www.latribunedufaso.net\/","name":"La Tribune du Faso","description":"L&#039;information du monde rural en un clic","publisher":{"@id":"https:\/\/www.latribunedufaso.net\/#organization"},"potentialAction":[{"@type":"SearchAction","target":{"@type":"EntryPoint","urlTemplate":"https:\/\/www.latribunedufaso.net\/?s={search_term_string}"},"query-input":{"@type":"PropertyValueSpecification","valueRequired":true,"valueName":"search_term_string"}}],"inLanguage":"fr-FR"},{"@type":"Organization","@id":"https:\/\/www.latribunedufaso.net\/#organization","name":"La Tribune du Faso","url":"https:\/\/www.latribunedufaso.net\/","logo":{"@type":"ImageObject","inLanguage":"fr-FR","@id":"https:\/\/www.latribunedufaso.net\/#\/schema\/logo\/image\/","url":"https:\/\/www.latribunedufaso.net\/wp-content\/uploads\/2020\/08\/Logo-Tribune-du-Faso-final-scaled.jpg","contentUrl":"https:\/\/www.latribunedufaso.net\/wp-content\/uploads\/2020\/08\/Logo-Tribune-du-Faso-final-scaled.jpg","width":2560,"height":1856,"caption":"La Tribune du Faso"},"image":{"@id":"https:\/\/www.latribunedufaso.net\/#\/schema\/logo\/image\/"},"sameAs":["https:\/\/www.facebook.com\/LatribuneduFaso\/"]},{"@type":"Person","@id":"https:\/\/www.latribunedufaso.net\/#\/schema\/person\/a380782d0605bb8aae27c40ea93b35b1","name":"Administrateur","image":{"@type":"ImageObject","inLanguage":"fr-FR","@id":"https:\/\/secure.gravatar.com\/avatar\/e20266f97d741f0e80ba1f60283074a9b3317fd7bfb727e0d95b51dafbf854a1?s=96&d=mm&r=g","url":"https:\/\/secure.gravatar.com\/avatar\/e20266f97d741f0e80ba1f60283074a9b3317fd7bfb727e0d95b51dafbf854a1?s=96&d=mm&r=g","contentUrl":"https:\/\/secure.gravatar.com\/avatar\/e20266f97d741f0e80ba1f60283074a9b3317fd7bfb727e0d95b51dafbf854a1?s=96&d=mm&r=g","caption":"Administrateur"},"url":"https:\/\/www.latribunedufaso.net\/?author=2"}]}},"_links":{"self":[{"href":"https:\/\/www.latribunedufaso.net\/index.php?rest_route=\/wp\/v2\/posts\/2702","targetHints":{"allow":["GET"]}}],"collection":[{"href":"https:\/\/www.latribunedufaso.net\/index.php?rest_route=\/wp\/v2\/posts"}],"about":[{"href":"https:\/\/www.latribunedufaso.net\/index.php?rest_route=\/wp\/v2\/types\/post"}],"author":[{"embeddable":true,"href":"https:\/\/www.latribunedufaso.net\/index.php?rest_route=\/wp\/v2\/users\/2"}],"replies":[{"embeddable":true,"href":"https:\/\/www.latribunedufaso.net\/index.php?rest_route=%2Fwp%2Fv2%2Fcomments&post=2702"}],"version-history":[{"count":1,"href":"https:\/\/www.latribunedufaso.net\/index.php?rest_route=\/wp\/v2\/posts\/2702\/revisions"}],"predecessor-version":[{"id":2707,"href":"https:\/\/www.latribunedufaso.net\/index.php?rest_route=\/wp\/v2\/posts\/2702\/revisions\/2707"}],"wp:featuredmedia":[{"embeddable":true,"href":"https:\/\/www.latribunedufaso.net\/index.php?rest_route=\/wp\/v2\/media\/2705"}],"wp:attachment":[{"href":"https:\/\/www.latribunedufaso.net\/index.php?rest_route=%2Fwp%2Fv2%2Fmedia&parent=2702"}],"wp:term":[{"taxonomy":"category","embeddable":true,"href":"https:\/\/www.latribunedufaso.net\/index.php?rest_route=%2Fwp%2Fv2%2Fcategories&post=2702"},{"taxonomy":"post_tag","embeddable":true,"href":"https:\/\/www.latribunedufaso.net\/index.php?rest_route=%2Fwp%2Fv2%2Ftags&post=2702"}],"curies":[{"name":"wp","href":"https:\/\/api.w.org\/{rel}","templated":true}]}}