{"id":26967,"date":"2026-01-26T12:52:44","date_gmt":"2026-01-26T12:52:44","guid":{"rendered":"https:\/\/www.latribunedufaso.net\/?p=26967"},"modified":"2026-01-28T12:53:44","modified_gmt":"2026-01-28T12:53:44","slug":"medias-des-experts-reunis-pour-renforcer-la-strategie-communicationnelle-de-lespace-aes","status":"publish","type":"post","link":"https:\/\/www.latribunedufaso.net\/?p=26967","title":{"rendered":"M\u00e9dias : Des experts r\u00e9unis pour renforcer la strat\u00e9gie communicationnelle de l\u2019espace AES"},"content":{"rendered":"<p><strong>Le ministre charg\u00e9 de la Communication, porte-parole du gouvernement, Gilbert Ou\u00e9draogo, a pr\u00e9sid\u00e9, ce 26 janvier, la c\u00e9r\u00e9monie d\u2019ouverture de l\u2019Atelier des experts de l\u2019Alliance des \u00c9tats du Sahel (AES). La c\u00e9r\u00e9monie s\u2019est tenue en pr\u00e9sence du Pr\u00e9sident de la commission de la Conf\u00e9d\u00e9ration de l\u2019AES, Bassolma Bazi\u00e9, et du ministre des Affaires \u00e9trang\u00e8res, Karamoko Jean Marie Traor\u00e9.<\/strong><!--more--><\/p>\n<p>Plac\u00e9s sous le th\u00e8me <em><strong>\u00ab Renforcement du r\u00f4le strat\u00e9gique des m\u00e9dias de l\u2019AES dans un contexte de g\u00e9opolitique dynamique \u00bb<\/strong><\/em>, les travaux visent \u00e0 accro\u00eetre la contribution des m\u00e9dias face aux mutations g\u00e9opolitiques actuelles et \u00e0 la recomposition des alliances sur la sc\u00e8ne internationale.<\/p>\n<figure id=\"attachment_26973\" aria-describedby=\"caption-attachment-26973\" style=\"width: 2048px\" class=\"wp-caption aligncenter\"><a href=\"https:\/\/www.latribunedufaso.net\/wp-content\/uploads\/2026\/01\/FB_IMG_1769604100678.jpg\"><img loading=\"lazy\" decoding=\"async\" class=\"size-full wp-image-26973\" src=\"https:\/\/www.latribunedufaso.net\/wp-content\/uploads\/2026\/01\/FB_IMG_1769604100678.jpg\" alt=\"Atelier des experts de l\u2019Alliance des \u00c9tats du Sahel (AES), 26 janvier 2026\" width=\"2048\" height=\"1986\" srcset=\"https:\/\/www.latribunedufaso.net\/wp-content\/uploads\/2026\/01\/FB_IMG_1769604100678.jpg 2048w, https:\/\/www.latribunedufaso.net\/wp-content\/uploads\/2026\/01\/FB_IMG_1769604100678-300x291.jpg 300w, https:\/\/www.latribunedufaso.net\/wp-content\/uploads\/2026\/01\/FB_IMG_1769604100678-1024x993.jpg 1024w, https:\/\/www.latribunedufaso.net\/wp-content\/uploads\/2026\/01\/FB_IMG_1769604100678-768x745.jpg 768w, https:\/\/www.latribunedufaso.net\/wp-content\/uploads\/2026\/01\/FB_IMG_1769604100678-1536x1490.jpg 1536w\" sizes=\"auto, (max-width: 2048px) 100vw, 2048px\" \/><\/a><figcaption id=\"caption-attachment-26973\" class=\"wp-caption-text\">Le ministre charg\u00e9 de la Communication, Gilbert Ou\u00e9draogo a pr\u00e9sid\u00e9 l&rsquo;atelier &#8211; Ph. I. Tougma<\/figcaption><\/figure>\n<p>Selon le ministre charg\u00e9 de la Communication, cet atelier s\u2019inscrit dans la vision port\u00e9e par les trois chefs d\u2019\u00c9tat de la conf\u00e9d\u00e9ration, \u00e0 savoir le G\u00e9n\u00e9ral d\u2019Arm\u00e9e Assimi Go\u00efta du Mali, le G\u00e9n\u00e9ral d\u2019Arm\u00e9e Abdourahamane Tiani du Niger et le Capitaine Ibrahim Traor\u00e9, Pr\u00e9sident du Faso et Pr\u00e9sident en exercice de la Conf\u00e9d\u00e9ration des \u00c9tats du Sahel, qui accordent une importance strat\u00e9gique \u00e0 la communication.<\/p>\n<figure id=\"attachment_26971\" aria-describedby=\"caption-attachment-26971\" style=\"width: 1280px\" class=\"wp-caption aligncenter\"><a href=\"https:\/\/www.latribunedufaso.net\/wp-content\/uploads\/2026\/01\/IMG-20260128-WA0014.jpg\"><img loading=\"lazy\" decoding=\"async\" class=\"size-full wp-image-26971\" src=\"https:\/\/www.latribunedufaso.net\/wp-content\/uploads\/2026\/01\/IMG-20260128-WA0014.jpg\" alt=\"Atelier des experts de l\u2019Alliance des \u00c9tats du Sahel (AES), 26 janvier 2026\" width=\"1280\" height=\"960\" srcset=\"https:\/\/www.latribunedufaso.net\/wp-content\/uploads\/2026\/01\/IMG-20260128-WA0014.jpg 1280w, https:\/\/www.latribunedufaso.net\/wp-content\/uploads\/2026\/01\/IMG-20260128-WA0014-300x225.jpg 300w, https:\/\/www.latribunedufaso.net\/wp-content\/uploads\/2026\/01\/IMG-20260128-WA0014-1024x768.jpg 1024w, https:\/\/www.latribunedufaso.net\/wp-content\/uploads\/2026\/01\/IMG-20260128-WA0014-768x576.jpg 768w\" sizes=\"auto, (max-width: 1280px) 100vw, 1280px\" \/><\/a><figcaption id=\"caption-attachment-26971\" class=\"wp-caption-text\">Une vue des participants \u00e0 la rencontre &#8211; Ph. I. Tougma<\/figcaption><\/figure>\n<p><em><strong>\u00ab Nous avons fait les frais de ce que la d\u00e9sinformation et les fake news peuvent constituer comme danger dans la marche irr\u00e9versible engag\u00e9e par nos leaders et nos peuples en qu\u00eate de souverainet\u00e9 et de libert\u00e9 totale \u00bb<\/strong><\/em>, a soulign\u00e9 le ministre en charge de la communication, Gilbert Ou\u00e9draogo.<\/p>\n<p>Malgr\u00e9 les avanc\u00e9es enregistr\u00e9es au sein de l\u2019espace AES, le ministre a d\u00e9plor\u00e9 l\u2019attitude d\u2019une partie de la presse internationale, qu\u2019il estime <em><strong>\u00ab naviguer \u00e0 contre-courant \u00bb<\/strong><\/em>. C\u2019est dans ce contexte que la Conf\u00e9d\u00e9ration a entrepris de se doter de ces propres m\u00e9dias, avec le lancement de la Radio Dand\u00e8 Liptako \u00e0 Ouagadougou et de la T\u00e9l\u00e9vision AES \u00e0 Bamako, respectivement les 17 et 23 d\u00e9cembre 2025.<\/p>\n<p>Notons que le pr\u00e9sent atelier r\u00e9unit des experts du Burkina Faso, du Mali et du Niger dans l\u2019objectif de renforcer leurs capacit\u00e9s sur les enjeux g\u00e9opolitiques actuels et d\u2019harmoniser les strat\u00e9gies de communication. <em><strong>\u00ab Nous voulons qu\u2019ils mettent en commun leurs exp\u00e9riences et qualifications afin de renforcer notre strat\u00e9gie de communication, barrer la route \u00e0 la d\u00e9sinformation et mettre en exergue les innovations et r\u00e9alisations au sein de l\u2019espace conf\u00e9d\u00e9ral \u00bb<\/strong><\/em>, a expliqu\u00e9 le ministre Gilbert Ou\u00e9draogo.<\/p>\n<figure id=\"attachment_26972\" aria-describedby=\"caption-attachment-26972\" style=\"width: 1280px\" class=\"wp-caption aligncenter\"><a href=\"https:\/\/www.latribunedufaso.net\/wp-content\/uploads\/2026\/01\/IMG-20260128-WA0012.jpg\"><img loading=\"lazy\" decoding=\"async\" class=\"size-full wp-image-26972\" src=\"https:\/\/www.latribunedufaso.net\/wp-content\/uploads\/2026\/01\/IMG-20260128-WA0012.jpg\" alt=\"Atelier des experts de l\u2019Alliance des \u00c9tats du Sahel (AES), 26 janvier 2026\" width=\"1280\" height=\"960\" srcset=\"https:\/\/www.latribunedufaso.net\/wp-content\/uploads\/2026\/01\/IMG-20260128-WA0012.jpg 1280w, https:\/\/www.latribunedufaso.net\/wp-content\/uploads\/2026\/01\/IMG-20260128-WA0012-300x225.jpg 300w, https:\/\/www.latribunedufaso.net\/wp-content\/uploads\/2026\/01\/IMG-20260128-WA0012-1024x768.jpg 1024w, https:\/\/www.latribunedufaso.net\/wp-content\/uploads\/2026\/01\/IMG-20260128-WA0012-768x576.jpg 768w\" sizes=\"auto, (max-width: 1280px) 100vw, 1280px\" \/><\/a><figcaption id=\"caption-attachment-26972\" class=\"wp-caption-text\">Photo de famille des officiels &#8211; Ph. I. Tougma<\/figcaption><\/figure>\n<p>Il a \u00e9galement insist\u00e9 sur le droit des populations \u00e0 une information fiable et juste, soulignant la n\u00e9cessit\u00e9 de consolider les partenariats existants avec les m\u00e9dias publics des \u00c9tats membres. \u00c0 cet effet, l\u2019atelier devrait d\u00e9boucher sur la signature de protocoles d\u2019accord visant \u00e0 faciliter le partage d\u2019informations et de programmes entre les m\u00e9dias de la Conf\u00e9d\u00e9ration et ceux des \u00c9tats.<\/p>\n<blockquote>\n<p>Lire aussi &gt;&gt; <a href=\"https:\/\/www.latribunedufaso.net\/?p=26549\">Int\u00e9gration r\u00e9gionale : La CN-CES se penche sur la libre circulation effective des personnes et des biens dans l\u2019AES<\/a><\/p>\n<\/blockquote>\n<p>Gilbert Ou\u00e9draogo a invit\u00e9 les experts \u00e0 <em><strong>\u00ab des \u00e9changes francs, courtois et constructifs \u00bb<\/strong><\/em> afin de formuler des propositions concr\u00e8tes et op\u00e9rationnelles pour une meilleure coordination des politiques m\u00e9diatiques et communicationnelles au sein de l\u2019AES.<\/p>\n<p><strong>In\u00e8s TOUGMA\u00a0<\/strong><\/p>\n<p><strong>Latribunedufaso.net<\/strong><\/p>\n","protected":false},"excerpt":{"rendered":"<p>Le ministre charg\u00e9 de la Communication, porte-parole du gouvernement, Gilbert Ou\u00e9draogo, a pr\u00e9sid\u00e9, ce 26 janvier, la c\u00e9r\u00e9monie d\u2019ouverture de l\u2019Atelier des experts de l\u2019Alliance des \u00c9tats du Sahel (AES). La c\u00e9r\u00e9monie s\u2019est tenue en pr\u00e9sence du Pr\u00e9sident de la commission de la Conf\u00e9d\u00e9ration de l\u2019AES, Bassolma Bazi\u00e9, et du ministre des Affaires \u00e9trang\u00e8res, Karamoko Jean Marie Traor\u00e9.<\/p>\n","protected":false},"author":5,"featured_media":26970,"comment_status":"open","ping_status":"open","sticky":false,"template":"","format":"standard","meta":{"footnotes":""},"categories":[13,1,8],"tags":[160,1958,39],"class_list":["post-26967","post","type-post","status-publish","format-standard","has-post-thumbnail","hentry","category-une","category-actu","category-societe","tag-aes","tag-atelier-des-experts-de-lalliance-des-etats-du-sahel","tag-latribunedufaso-net"],"yoast_head":"<!-- This site is optimized with the Yoast SEO plugin v27.5 - https:\/\/yoast.com\/product\/yoast-seo-wordpress\/ -->\n<title>M\u00e9dias : Des experts r\u00e9unis pour renforcer la strat\u00e9gie communicationnelle de l\u2019espace AES - La Tribune du Faso<\/title>\n<meta name=\"robots\" content=\"index, follow, max-snippet:-1, max-image-preview:large, max-video-preview:-1\" \/>\n<link rel=\"canonical\" href=\"https:\/\/www.latribunedufaso.net\/?p=26967\" \/>\n<meta property=\"og:locale\" content=\"fr_FR\" \/>\n<meta property=\"og:type\" content=\"article\" \/>\n<meta property=\"og:title\" content=\"M\u00e9dias : Des experts r\u00e9unis pour renforcer la strat\u00e9gie communicationnelle de l\u2019espace AES - La Tribune du Faso\" \/>\n<meta property=\"og:description\" content=\"Le ministre charg\u00e9 de la Communication, porte-parole du gouvernement, Gilbert Ou\u00e9draogo, a pr\u00e9sid\u00e9, ce 26 janvier, la c\u00e9r\u00e9monie d\u2019ouverture de l\u2019Atelier des experts de l\u2019Alliance des \u00c9tats du Sahel (AES). La c\u00e9r\u00e9monie s\u2019est tenue en pr\u00e9sence du Pr\u00e9sident de la commission de la Conf\u00e9d\u00e9ration de l\u2019AES, Bassolma Bazi\u00e9, et du ministre des Affaires \u00e9trang\u00e8res, Karamoko Jean Marie Traor\u00e9.\" \/>\n<meta property=\"og:url\" content=\"https:\/\/www.latribunedufaso.net\/?p=26967\" \/>\n<meta property=\"og:site_name\" content=\"La Tribune du Faso\" \/>\n<meta property=\"article:publisher\" content=\"https:\/\/www.facebook.com\/LatribuneduFaso\/\" \/>\n<meta property=\"article:published_time\" content=\"2026-01-26T12:52:44+00:00\" \/>\n<meta property=\"article:modified_time\" content=\"2026-01-28T12:53:44+00:00\" \/>\n<meta property=\"og:image\" content=\"https:\/\/www.latribunedufaso.net\/wp-content\/uploads\/2026\/01\/IMG-20260128-WA0011.jpg\" \/>\n\t<meta property=\"og:image:width\" content=\"1280\" \/>\n\t<meta property=\"og:image:height\" content=\"806\" \/>\n\t<meta property=\"og:image:type\" content=\"image\/jpeg\" \/>\n<meta name=\"author\" content=\"Issouf Tapsoba\" \/>\n<meta name=\"twitter:label1\" content=\"\u00c9crit par\" \/>\n\t<meta name=\"twitter:data1\" content=\"Issouf Tapsoba\" \/>\n\t<meta name=\"twitter:label2\" content=\"Dur\u00e9e de lecture estim\u00e9e\" \/>\n\t<meta name=\"twitter:data2\" content=\"4 minutes\" \/>\n<script type=\"application\/ld+json\" class=\"yoast-schema-graph\">{\"@context\":\"https:\\\/\\\/schema.org\",\"@graph\":[{\"@type\":\"Article\",\"@id\":\"https:\\\/\\\/www.latribunedufaso.net\\\/?p=26967#article\",\"isPartOf\":{\"@id\":\"https:\\\/\\\/www.latribunedufaso.net\\\/?p=26967\"},\"author\":{\"name\":\"Issouf Tapsoba\",\"@id\":\"https:\\\/\\\/www.latribunedufaso.net\\\/#\\\/schema\\\/person\\\/e54e64c5778a7e72cf80a318b7a622b0\"},\"headline\":\"M\u00e9dias : Des experts r\u00e9unis pour renforcer la strat\u00e9gie communicationnelle de l\u2019espace AES\",\"datePublished\":\"2026-01-26T12:52:44+00:00\",\"dateModified\":\"2026-01-28T12:53:44+00:00\",\"mainEntityOfPage\":{\"@id\":\"https:\\\/\\\/www.latribunedufaso.net\\\/?p=26967\"},\"wordCount\":631,\"commentCount\":0,\"publisher\":{\"@id\":\"https:\\\/\\\/www.latribunedufaso.net\\\/#organization\"},\"image\":{\"@id\":\"https:\\\/\\\/www.latribunedufaso.net\\\/?p=26967#primaryimage\"},\"thumbnailUrl\":\"https:\\\/\\\/www.latribunedufaso.net\\\/wp-content\\\/uploads\\\/2026\\\/01\\\/IMG-20260128-WA0011.jpg\",\"keywords\":[\"AES\",\"Atelier des experts de l\u2019Alliance des \u00c9tats du Sahel\",\"latribunedufaso.net\"],\"articleSection\":[\"A la une\",\"Actualit\u00e9\",\"Soci\u00e9t\u00e9\"],\"inLanguage\":\"fr-FR\",\"potentialAction\":[{\"@type\":\"CommentAction\",\"name\":\"Comment\",\"target\":[\"https:\\\/\\\/www.latribunedufaso.net\\\/?p=26967#respond\"]}]},{\"@type\":\"WebPage\",\"@id\":\"https:\\\/\\\/www.latribunedufaso.net\\\/?p=26967\",\"url\":\"https:\\\/\\\/www.latribunedufaso.net\\\/?p=26967\",\"name\":\"M\u00e9dias : Des experts r\u00e9unis pour renforcer la strat\u00e9gie communicationnelle de l\u2019espace AES - La Tribune du Faso\",\"isPartOf\":{\"@id\":\"https:\\\/\\\/www.latribunedufaso.net\\\/#website\"},\"primaryImageOfPage\":{\"@id\":\"https:\\\/\\\/www.latribunedufaso.net\\\/?p=26967#primaryimage\"},\"image\":{\"@id\":\"https:\\\/\\\/www.latribunedufaso.net\\\/?p=26967#primaryimage\"},\"thumbnailUrl\":\"https:\\\/\\\/www.latribunedufaso.net\\\/wp-content\\\/uploads\\\/2026\\\/01\\\/IMG-20260128-WA0011.jpg\",\"datePublished\":\"2026-01-26T12:52:44+00:00\",\"dateModified\":\"2026-01-28T12:53:44+00:00\",\"breadcrumb\":{\"@id\":\"https:\\\/\\\/www.latribunedufaso.net\\\/?p=26967#breadcrumb\"},\"inLanguage\":\"fr-FR\",\"potentialAction\":[{\"@type\":\"ReadAction\",\"target\":[\"https:\\\/\\\/www.latribunedufaso.net\\\/?p=26967\"]}]},{\"@type\":\"ImageObject\",\"inLanguage\":\"fr-FR\",\"@id\":\"https:\\\/\\\/www.latribunedufaso.net\\\/?p=26967#primaryimage\",\"url\":\"https:\\\/\\\/www.latribunedufaso.net\\\/wp-content\\\/uploads\\\/2026\\\/01\\\/IMG-20260128-WA0011.jpg\",\"contentUrl\":\"https:\\\/\\\/www.latribunedufaso.net\\\/wp-content\\\/uploads\\\/2026\\\/01\\\/IMG-20260128-WA0011.jpg\",\"width\":1280,\"height\":806,\"caption\":\"Atelier des experts de l\u2019Alliance des \u00c9tats du Sahel (AES), 26 janvier 2026\"},{\"@type\":\"BreadcrumbList\",\"@id\":\"https:\\\/\\\/www.latribunedufaso.net\\\/?p=26967#breadcrumb\",\"itemListElement\":[{\"@type\":\"ListItem\",\"position\":1,\"name\":\"Accueil\",\"item\":\"https:\\\/\\\/www.latribunedufaso.net\\\/\"},{\"@type\":\"ListItem\",\"position\":2,\"name\":\"M\u00e9dias : Des experts r\u00e9unis pour renforcer la strat\u00e9gie communicationnelle de l\u2019espace AES\"}]},{\"@type\":\"WebSite\",\"@id\":\"https:\\\/\\\/www.latribunedufaso.net\\\/#website\",\"url\":\"https:\\\/\\\/www.latribunedufaso.net\\\/\",\"name\":\"La Tribune du Faso\",\"description\":\"L&#039;information du monde rural en un clic\",\"publisher\":{\"@id\":\"https:\\\/\\\/www.latribunedufaso.net\\\/#organization\"},\"potentialAction\":[{\"@type\":\"SearchAction\",\"target\":{\"@type\":\"EntryPoint\",\"urlTemplate\":\"https:\\\/\\\/www.latribunedufaso.net\\\/?s={search_term_string}\"},\"query-input\":{\"@type\":\"PropertyValueSpecification\",\"valueRequired\":true,\"valueName\":\"search_term_string\"}}],\"inLanguage\":\"fr-FR\"},{\"@type\":\"Organization\",\"@id\":\"https:\\\/\\\/www.latribunedufaso.net\\\/#organization\",\"name\":\"La Tribune du Faso\",\"url\":\"https:\\\/\\\/www.latribunedufaso.net\\\/\",\"logo\":{\"@type\":\"ImageObject\",\"inLanguage\":\"fr-FR\",\"@id\":\"https:\\\/\\\/www.latribunedufaso.net\\\/#\\\/schema\\\/logo\\\/image\\\/\",\"url\":\"https:\\\/\\\/www.latribunedufaso.net\\\/wp-content\\\/uploads\\\/2020\\\/08\\\/Logo-Tribune-du-Faso-final-scaled.jpg\",\"contentUrl\":\"https:\\\/\\\/www.latribunedufaso.net\\\/wp-content\\\/uploads\\\/2020\\\/08\\\/Logo-Tribune-du-Faso-final-scaled.jpg\",\"width\":2560,\"height\":1856,\"caption\":\"La Tribune du Faso\"},\"image\":{\"@id\":\"https:\\\/\\\/www.latribunedufaso.net\\\/#\\\/schema\\\/logo\\\/image\\\/\"},\"sameAs\":[\"https:\\\/\\\/www.facebook.com\\\/LatribuneduFaso\\\/\"]},{\"@type\":\"Person\",\"@id\":\"https:\\\/\\\/www.latribunedufaso.net\\\/#\\\/schema\\\/person\\\/e54e64c5778a7e72cf80a318b7a622b0\",\"name\":\"Issouf Tapsoba\",\"image\":{\"@type\":\"ImageObject\",\"inLanguage\":\"fr-FR\",\"@id\":\"https:\\\/\\\/secure.gravatar.com\\\/avatar\\\/5e6c05150ce3230247d167f5b94d678eb05936197436d69b7921e3a95c9107ac?s=96&d=mm&r=g\",\"url\":\"https:\\\/\\\/secure.gravatar.com\\\/avatar\\\/5e6c05150ce3230247d167f5b94d678eb05936197436d69b7921e3a95c9107ac?s=96&d=mm&r=g\",\"contentUrl\":\"https:\\\/\\\/secure.gravatar.com\\\/avatar\\\/5e6c05150ce3230247d167f5b94d678eb05936197436d69b7921e3a95c9107ac?s=96&d=mm&r=g\",\"caption\":\"Issouf Tapsoba\"},\"url\":\"https:\\\/\\\/www.latribunedufaso.net\\\/?author=5\"}]}<\/script>\n<!-- \/ Yoast SEO plugin. -->","yoast_head_json":{"title":"M\u00e9dias : Des experts r\u00e9unis pour renforcer la strat\u00e9gie communicationnelle de l\u2019espace AES - La Tribune du Faso","robots":{"index":"index","follow":"follow","max-snippet":"max-snippet:-1","max-image-preview":"max-image-preview:large","max-video-preview":"max-video-preview:-1"},"canonical":"https:\/\/www.latribunedufaso.net\/?p=26967","og_locale":"fr_FR","og_type":"article","og_title":"M\u00e9dias : Des experts r\u00e9unis pour renforcer la strat\u00e9gie communicationnelle de l\u2019espace AES - La Tribune du Faso","og_description":"Le ministre charg\u00e9 de la Communication, porte-parole du gouvernement, Gilbert Ou\u00e9draogo, a pr\u00e9sid\u00e9, ce 26 janvier, la c\u00e9r\u00e9monie d\u2019ouverture de l\u2019Atelier des experts de l\u2019Alliance des \u00c9tats du Sahel (AES). La c\u00e9r\u00e9monie s\u2019est tenue en pr\u00e9sence du Pr\u00e9sident de la commission de la Conf\u00e9d\u00e9ration de l\u2019AES, Bassolma Bazi\u00e9, et du ministre des Affaires \u00e9trang\u00e8res, Karamoko Jean Marie Traor\u00e9.","og_url":"https:\/\/www.latribunedufaso.net\/?p=26967","og_site_name":"La Tribune du Faso","article_publisher":"https:\/\/www.facebook.com\/LatribuneduFaso\/","article_published_time":"2026-01-26T12:52:44+00:00","article_modified_time":"2026-01-28T12:53:44+00:00","og_image":[{"width":1280,"height":806,"url":"https:\/\/www.latribunedufaso.net\/wp-content\/uploads\/2026\/01\/IMG-20260128-WA0011.jpg","type":"image\/jpeg"}],"author":"Issouf Tapsoba","twitter_misc":{"\u00c9crit par":"Issouf Tapsoba","Dur\u00e9e de lecture estim\u00e9e":"4 minutes"},"schema":{"@context":"https:\/\/schema.org","@graph":[{"@type":"Article","@id":"https:\/\/www.latribunedufaso.net\/?p=26967#article","isPartOf":{"@id":"https:\/\/www.latribunedufaso.net\/?p=26967"},"author":{"name":"Issouf Tapsoba","@id":"https:\/\/www.latribunedufaso.net\/#\/schema\/person\/e54e64c5778a7e72cf80a318b7a622b0"},"headline":"M\u00e9dias : Des experts r\u00e9unis pour renforcer la strat\u00e9gie communicationnelle de l\u2019espace AES","datePublished":"2026-01-26T12:52:44+00:00","dateModified":"2026-01-28T12:53:44+00:00","mainEntityOfPage":{"@id":"https:\/\/www.latribunedufaso.net\/?p=26967"},"wordCount":631,"commentCount":0,"publisher":{"@id":"https:\/\/www.latribunedufaso.net\/#organization"},"image":{"@id":"https:\/\/www.latribunedufaso.net\/?p=26967#primaryimage"},"thumbnailUrl":"https:\/\/www.latribunedufaso.net\/wp-content\/uploads\/2026\/01\/IMG-20260128-WA0011.jpg","keywords":["AES","Atelier des experts de l\u2019Alliance des \u00c9tats du Sahel","latribunedufaso.net"],"articleSection":["A la une","Actualit\u00e9","Soci\u00e9t\u00e9"],"inLanguage":"fr-FR","potentialAction":[{"@type":"CommentAction","name":"Comment","target":["https:\/\/www.latribunedufaso.net\/?p=26967#respond"]}]},{"@type":"WebPage","@id":"https:\/\/www.latribunedufaso.net\/?p=26967","url":"https:\/\/www.latribunedufaso.net\/?p=26967","name":"M\u00e9dias : Des experts r\u00e9unis pour renforcer la strat\u00e9gie communicationnelle de l\u2019espace AES - La Tribune du Faso","isPartOf":{"@id":"https:\/\/www.latribunedufaso.net\/#website"},"primaryImageOfPage":{"@id":"https:\/\/www.latribunedufaso.net\/?p=26967#primaryimage"},"image":{"@id":"https:\/\/www.latribunedufaso.net\/?p=26967#primaryimage"},"thumbnailUrl":"https:\/\/www.latribunedufaso.net\/wp-content\/uploads\/2026\/01\/IMG-20260128-WA0011.jpg","datePublished":"2026-01-26T12:52:44+00:00","dateModified":"2026-01-28T12:53:44+00:00","breadcrumb":{"@id":"https:\/\/www.latribunedufaso.net\/?p=26967#breadcrumb"},"inLanguage":"fr-FR","potentialAction":[{"@type":"ReadAction","target":["https:\/\/www.latribunedufaso.net\/?p=26967"]}]},{"@type":"ImageObject","inLanguage":"fr-FR","@id":"https:\/\/www.latribunedufaso.net\/?p=26967#primaryimage","url":"https:\/\/www.latribunedufaso.net\/wp-content\/uploads\/2026\/01\/IMG-20260128-WA0011.jpg","contentUrl":"https:\/\/www.latribunedufaso.net\/wp-content\/uploads\/2026\/01\/IMG-20260128-WA0011.jpg","width":1280,"height":806,"caption":"Atelier des experts de l\u2019Alliance des \u00c9tats du Sahel (AES), 26 janvier 2026"},{"@type":"BreadcrumbList","@id":"https:\/\/www.latribunedufaso.net\/?p=26967#breadcrumb","itemListElement":[{"@type":"ListItem","position":1,"name":"Accueil","item":"https:\/\/www.latribunedufaso.net\/"},{"@type":"ListItem","position":2,"name":"M\u00e9dias : Des experts r\u00e9unis pour renforcer la strat\u00e9gie communicationnelle de l\u2019espace AES"}]},{"@type":"WebSite","@id":"https:\/\/www.latribunedufaso.net\/#website","url":"https:\/\/www.latribunedufaso.net\/","name":"La Tribune du Faso","description":"L&#039;information du monde rural en un clic","publisher":{"@id":"https:\/\/www.latribunedufaso.net\/#organization"},"potentialAction":[{"@type":"SearchAction","target":{"@type":"EntryPoint","urlTemplate":"https:\/\/www.latribunedufaso.net\/?s={search_term_string}"},"query-input":{"@type":"PropertyValueSpecification","valueRequired":true,"valueName":"search_term_string"}}],"inLanguage":"fr-FR"},{"@type":"Organization","@id":"https:\/\/www.latribunedufaso.net\/#organization","name":"La Tribune du Faso","url":"https:\/\/www.latribunedufaso.net\/","logo":{"@type":"ImageObject","inLanguage":"fr-FR","@id":"https:\/\/www.latribunedufaso.net\/#\/schema\/logo\/image\/","url":"https:\/\/www.latribunedufaso.net\/wp-content\/uploads\/2020\/08\/Logo-Tribune-du-Faso-final-scaled.jpg","contentUrl":"https:\/\/www.latribunedufaso.net\/wp-content\/uploads\/2020\/08\/Logo-Tribune-du-Faso-final-scaled.jpg","width":2560,"height":1856,"caption":"La Tribune du Faso"},"image":{"@id":"https:\/\/www.latribunedufaso.net\/#\/schema\/logo\/image\/"},"sameAs":["https:\/\/www.facebook.com\/LatribuneduFaso\/"]},{"@type":"Person","@id":"https:\/\/www.latribunedufaso.net\/#\/schema\/person\/e54e64c5778a7e72cf80a318b7a622b0","name":"Issouf Tapsoba","image":{"@type":"ImageObject","inLanguage":"fr-FR","@id":"https:\/\/secure.gravatar.com\/avatar\/5e6c05150ce3230247d167f5b94d678eb05936197436d69b7921e3a95c9107ac?s=96&d=mm&r=g","url":"https:\/\/secure.gravatar.com\/avatar\/5e6c05150ce3230247d167f5b94d678eb05936197436d69b7921e3a95c9107ac?s=96&d=mm&r=g","contentUrl":"https:\/\/secure.gravatar.com\/avatar\/5e6c05150ce3230247d167f5b94d678eb05936197436d69b7921e3a95c9107ac?s=96&d=mm&r=g","caption":"Issouf Tapsoba"},"url":"https:\/\/www.latribunedufaso.net\/?author=5"}]}},"_links":{"self":[{"href":"https:\/\/www.latribunedufaso.net\/index.php?rest_route=\/wp\/v2\/posts\/26967","targetHints":{"allow":["GET"]}}],"collection":[{"href":"https:\/\/www.latribunedufaso.net\/index.php?rest_route=\/wp\/v2\/posts"}],"about":[{"href":"https:\/\/www.latribunedufaso.net\/index.php?rest_route=\/wp\/v2\/types\/post"}],"author":[{"embeddable":true,"href":"https:\/\/www.latribunedufaso.net\/index.php?rest_route=\/wp\/v2\/users\/5"}],"replies":[{"embeddable":true,"href":"https:\/\/www.latribunedufaso.net\/index.php?rest_route=%2Fwp%2Fv2%2Fcomments&post=26967"}],"version-history":[{"count":3,"href":"https:\/\/www.latribunedufaso.net\/index.php?rest_route=\/wp\/v2\/posts\/26967\/revisions"}],"predecessor-version":[{"id":26974,"href":"https:\/\/www.latribunedufaso.net\/index.php?rest_route=\/wp\/v2\/posts\/26967\/revisions\/26974"}],"wp:featuredmedia":[{"embeddable":true,"href":"https:\/\/www.latribunedufaso.net\/index.php?rest_route=\/wp\/v2\/media\/26970"}],"wp:attachment":[{"href":"https:\/\/www.latribunedufaso.net\/index.php?rest_route=%2Fwp%2Fv2%2Fmedia&parent=26967"}],"wp:term":[{"taxonomy":"category","embeddable":true,"href":"https:\/\/www.latribunedufaso.net\/index.php?rest_route=%2Fwp%2Fv2%2Fcategories&post=26967"},{"taxonomy":"post_tag","embeddable":true,"href":"https:\/\/www.latribunedufaso.net\/index.php?rest_route=%2Fwp%2Fv2%2Ftags&post=26967"}],"curies":[{"name":"wp","href":"https:\/\/api.w.org\/{rel}","templated":true}]}}