{"id":26915,"date":"2026-01-26T11:36:46","date_gmt":"2026-01-26T11:36:46","guid":{"rendered":"https:\/\/www.latribunedufaso.net\/?p=26915"},"modified":"2026-01-26T11:36:46","modified_gmt":"2026-01-26T11:36:46","slug":"tgi-ouaga-1-laffaire-lazare-bansse-contre-kamou-malo-et-kader-traore-renvoyee-au-9-fevrier-2026","status":"publish","type":"post","link":"https:\/\/www.latribunedufaso.net\/?p=26915","title":{"rendered":"TGI Ouaga 1 : L&rsquo;affaire Lazare Banss\u00e9 contre Kamou Malo et Kader Traor\u00e9 renvoy\u00e9e au 9 f\u00e9vrier 2026"},"content":{"rendered":"<p><strong>Le Tribunal de grande instance (TGI) Ouaga 1 a ouvert, le 26 janvier 2026 \u00e0 Ouagadougou, le dossier Kamou Malo et Kader Traor\u00e9, poursuivis, respectivement, par Lazare Banss\u00e9 pour diffamation et complicit\u00e9 de diffamation.<\/strong><!--more--><\/p>\n<p>L&rsquo;ancien pr\u00e9sident de la F\u00e9d\u00e9ration burkinab\u00e8 de football (FBF), Lazare Banss\u00e9 estime avoir \u00e9t\u00e9 diffam\u00e9 dans l\u2019\u00e9mission <em><strong>\u00ab Champion Story \u00bb<\/strong><\/em>, anim\u00e9e par Kader Traor\u00e9 o\u00f9 il recevait comme invit\u00e9, l&rsquo;ancien s\u00e9lectionneur des \u00c9talons, Kamou Malo.<\/p>\n<blockquote>\n<p>Lire aussi &gt;&gt; <a href=\"https:\/\/www.latribunedufaso.net\/?p=23173\">A la barre : Six mois de prison pour avoir d\u00e9fi\u00e9 une d\u00e9cision de justice en occupant une parcelle ill\u00e9galement\u00a0<\/a><\/p>\n<\/blockquote>\n<p>Le proc\u00e8s est renvoy\u00e9 le 9 f\u00e9vrier 2026, \u00e0 la demande de l&rsquo;avocat de Kader Traor\u00e9, pour prendre connaissance du dossier.<\/p>\n<p><strong>Latribunedufaso.net<\/strong><\/p>\n","protected":false},"excerpt":{"rendered":"<p>Le Tribunal de grande instance (TGI) Ouaga 1 a ouvert, le 26 janvier 2026 \u00e0 Ouagadougou, le dossier Kamou Malo et Kader Traor\u00e9, poursuivis, respectivement, par Lazare Banss\u00e9 pour diffamation et complicit\u00e9 de diffamation.<\/p>\n","protected":false},"author":5,"featured_media":26916,"comment_status":"open","ping_status":"open","sticky":false,"template":"","format":"standard","meta":{"footnotes":""},"categories":[13,1,17],"tags":[1949,1950,1951,39,1948,432],"class_list":["post-26915","post","type-post","status-publish","format-standard","has-post-thumbnail","hentry","category-une","category-actu","category-sport","tag-diffamation","tag-kader-traore","tag-kamou-malo","tag-latribunedufaso-net","tag-lazare-bansse","tag-tgi-ouaga-1"],"yoast_head":"<!-- This site is optimized with the Yoast SEO plugin v27.5 - https:\/\/yoast.com\/product\/yoast-seo-wordpress\/ -->\n<title>TGI Ouaga 1 : L&#039;affaire Lazare Banss\u00e9 contre Kamou Malo et Kader Traor\u00e9 renvoy\u00e9e au 9 f\u00e9vrier 2026 - La Tribune du Faso<\/title>\n<meta name=\"robots\" content=\"index, follow, max-snippet:-1, max-image-preview:large, max-video-preview:-1\" \/>\n<link rel=\"canonical\" href=\"https:\/\/www.latribunedufaso.net\/?p=26915\" \/>\n<meta property=\"og:locale\" content=\"fr_FR\" \/>\n<meta property=\"og:type\" content=\"article\" \/>\n<meta property=\"og:title\" content=\"TGI Ouaga 1 : L&#039;affaire Lazare Banss\u00e9 contre Kamou Malo et Kader Traor\u00e9 renvoy\u00e9e au 9 f\u00e9vrier 2026 - La Tribune du Faso\" \/>\n<meta property=\"og:description\" content=\"Le Tribunal de grande instance (TGI) Ouaga 1 a ouvert, le 26 janvier 2026 \u00e0 Ouagadougou, le dossier Kamou Malo et Kader Traor\u00e9, poursuivis, respectivement, par Lazare Banss\u00e9 pour diffamation et complicit\u00e9 de diffamation.\" \/>\n<meta property=\"og:url\" content=\"https:\/\/www.latribunedufaso.net\/?p=26915\" \/>\n<meta property=\"og:site_name\" content=\"La Tribune du Faso\" \/>\n<meta property=\"article:publisher\" content=\"https:\/\/www.facebook.com\/LatribuneduFaso\/\" \/>\n<meta property=\"article:published_time\" content=\"2026-01-26T11:36:46+00:00\" \/>\n<meta property=\"og:image\" content=\"https:\/\/www.latribunedufaso.net\/wp-content\/uploads\/2026\/01\/Montage-photo-Ambiance-Hiver-Collage-photo_20260126_112813_0000-1024x683.png\" \/>\n\t<meta property=\"og:image:width\" content=\"1024\" \/>\n\t<meta property=\"og:image:height\" content=\"683\" \/>\n\t<meta property=\"og:image:type\" content=\"image\/png\" \/>\n<meta name=\"author\" content=\"Issouf Tapsoba\" \/>\n<meta name=\"twitter:label1\" content=\"\u00c9crit par\" \/>\n\t<meta name=\"twitter:data1\" content=\"Issouf Tapsoba\" \/>\n\t<meta name=\"twitter:label2\" content=\"Dur\u00e9e de lecture estim\u00e9e\" \/>\n\t<meta name=\"twitter:data2\" content=\"1 minute\" \/>\n<script type=\"application\/ld+json\" class=\"yoast-schema-graph\">{\"@context\":\"https:\\\/\\\/schema.org\",\"@graph\":[{\"@type\":\"Article\",\"@id\":\"https:\\\/\\\/www.latribunedufaso.net\\\/?p=26915#article\",\"isPartOf\":{\"@id\":\"https:\\\/\\\/www.latribunedufaso.net\\\/?p=26915\"},\"author\":{\"name\":\"Issouf Tapsoba\",\"@id\":\"https:\\\/\\\/www.latribunedufaso.net\\\/#\\\/schema\\\/person\\\/e54e64c5778a7e72cf80a318b7a622b0\"},\"headline\":\"TGI Ouaga 1 : L&rsquo;affaire Lazare Banss\u00e9 contre Kamou Malo et Kader Traor\u00e9 renvoy\u00e9e au 9 f\u00e9vrier 2026\",\"datePublished\":\"2026-01-26T11:36:46+00:00\",\"mainEntityOfPage\":{\"@id\":\"https:\\\/\\\/www.latribunedufaso.net\\\/?p=26915\"},\"wordCount\":138,\"commentCount\":0,\"publisher\":{\"@id\":\"https:\\\/\\\/www.latribunedufaso.net\\\/#organization\"},\"image\":{\"@id\":\"https:\\\/\\\/www.latribunedufaso.net\\\/?p=26915#primaryimage\"},\"thumbnailUrl\":\"https:\\\/\\\/www.latribunedufaso.net\\\/wp-content\\\/uploads\\\/2026\\\/01\\\/Montage-photo-Ambiance-Hiver-Collage-photo_20260126_112813_0000.png\",\"keywords\":[\"Diffamation\",\"Kader Traor\u00e9\",\"Kamou Malo\",\"latribunedufaso.net\",\"Lazare Banss\u00e9\",\"TGI Ouaga 1\"],\"articleSection\":[\"A la une\",\"Actualit\u00e9\",\"Sport\"],\"inLanguage\":\"fr-FR\",\"potentialAction\":[{\"@type\":\"CommentAction\",\"name\":\"Comment\",\"target\":[\"https:\\\/\\\/www.latribunedufaso.net\\\/?p=26915#respond\"]}]},{\"@type\":\"WebPage\",\"@id\":\"https:\\\/\\\/www.latribunedufaso.net\\\/?p=26915\",\"url\":\"https:\\\/\\\/www.latribunedufaso.net\\\/?p=26915\",\"name\":\"TGI Ouaga 1 : L'affaire Lazare Banss\u00e9 contre Kamou Malo et Kader Traor\u00e9 renvoy\u00e9e au 9 f\u00e9vrier 2026 - La Tribune du Faso\",\"isPartOf\":{\"@id\":\"https:\\\/\\\/www.latribunedufaso.net\\\/#website\"},\"primaryImageOfPage\":{\"@id\":\"https:\\\/\\\/www.latribunedufaso.net\\\/?p=26915#primaryimage\"},\"image\":{\"@id\":\"https:\\\/\\\/www.latribunedufaso.net\\\/?p=26915#primaryimage\"},\"thumbnailUrl\":\"https:\\\/\\\/www.latribunedufaso.net\\\/wp-content\\\/uploads\\\/2026\\\/01\\\/Montage-photo-Ambiance-Hiver-Collage-photo_20260126_112813_0000.png\",\"datePublished\":\"2026-01-26T11:36:46+00:00\",\"breadcrumb\":{\"@id\":\"https:\\\/\\\/www.latribunedufaso.net\\\/?p=26915#breadcrumb\"},\"inLanguage\":\"fr-FR\",\"potentialAction\":[{\"@type\":\"ReadAction\",\"target\":[\"https:\\\/\\\/www.latribunedufaso.net\\\/?p=26915\"]}]},{\"@type\":\"ImageObject\",\"inLanguage\":\"fr-FR\",\"@id\":\"https:\\\/\\\/www.latribunedufaso.net\\\/?p=26915#primaryimage\",\"url\":\"https:\\\/\\\/www.latribunedufaso.net\\\/wp-content\\\/uploads\\\/2026\\\/01\\\/Montage-photo-Ambiance-Hiver-Collage-photo_20260126_112813_0000.png\",\"contentUrl\":\"https:\\\/\\\/www.latribunedufaso.net\\\/wp-content\\\/uploads\\\/2026\\\/01\\\/Montage-photo-Ambiance-Hiver-Collage-photo_20260126_112813_0000.png\",\"width\":1999,\"height\":1333,\"caption\":\"Photo illustration proc\u00e8s Lazare Banss\u00e9 contre journaliste Lazare Banss\u00e9 et Kamou Malo pour diffamation\"},{\"@type\":\"BreadcrumbList\",\"@id\":\"https:\\\/\\\/www.latribunedufaso.net\\\/?p=26915#breadcrumb\",\"itemListElement\":[{\"@type\":\"ListItem\",\"position\":1,\"name\":\"Accueil\",\"item\":\"https:\\\/\\\/www.latribunedufaso.net\\\/\"},{\"@type\":\"ListItem\",\"position\":2,\"name\":\"TGI Ouaga 1 : L&rsquo;affaire Lazare Banss\u00e9 contre Kamou Malo et Kader Traor\u00e9 renvoy\u00e9e au 9 f\u00e9vrier 2026\"}]},{\"@type\":\"WebSite\",\"@id\":\"https:\\\/\\\/www.latribunedufaso.net\\\/#website\",\"url\":\"https:\\\/\\\/www.latribunedufaso.net\\\/\",\"name\":\"La Tribune du Faso\",\"description\":\"L&#039;information du monde rural en un clic\",\"publisher\":{\"@id\":\"https:\\\/\\\/www.latribunedufaso.net\\\/#organization\"},\"potentialAction\":[{\"@type\":\"SearchAction\",\"target\":{\"@type\":\"EntryPoint\",\"urlTemplate\":\"https:\\\/\\\/www.latribunedufaso.net\\\/?s={search_term_string}\"},\"query-input\":{\"@type\":\"PropertyValueSpecification\",\"valueRequired\":true,\"valueName\":\"search_term_string\"}}],\"inLanguage\":\"fr-FR\"},{\"@type\":\"Organization\",\"@id\":\"https:\\\/\\\/www.latribunedufaso.net\\\/#organization\",\"name\":\"La Tribune du Faso\",\"url\":\"https:\\\/\\\/www.latribunedufaso.net\\\/\",\"logo\":{\"@type\":\"ImageObject\",\"inLanguage\":\"fr-FR\",\"@id\":\"https:\\\/\\\/www.latribunedufaso.net\\\/#\\\/schema\\\/logo\\\/image\\\/\",\"url\":\"https:\\\/\\\/www.latribunedufaso.net\\\/wp-content\\\/uploads\\\/2020\\\/08\\\/Logo-Tribune-du-Faso-final-scaled.jpg\",\"contentUrl\":\"https:\\\/\\\/www.latribunedufaso.net\\\/wp-content\\\/uploads\\\/2020\\\/08\\\/Logo-Tribune-du-Faso-final-scaled.jpg\",\"width\":2560,\"height\":1856,\"caption\":\"La Tribune du Faso\"},\"image\":{\"@id\":\"https:\\\/\\\/www.latribunedufaso.net\\\/#\\\/schema\\\/logo\\\/image\\\/\"},\"sameAs\":[\"https:\\\/\\\/www.facebook.com\\\/LatribuneduFaso\\\/\"]},{\"@type\":\"Person\",\"@id\":\"https:\\\/\\\/www.latribunedufaso.net\\\/#\\\/schema\\\/person\\\/e54e64c5778a7e72cf80a318b7a622b0\",\"name\":\"Issouf Tapsoba\",\"image\":{\"@type\":\"ImageObject\",\"inLanguage\":\"fr-FR\",\"@id\":\"https:\\\/\\\/secure.gravatar.com\\\/avatar\\\/5e6c05150ce3230247d167f5b94d678eb05936197436d69b7921e3a95c9107ac?s=96&d=mm&r=g\",\"url\":\"https:\\\/\\\/secure.gravatar.com\\\/avatar\\\/5e6c05150ce3230247d167f5b94d678eb05936197436d69b7921e3a95c9107ac?s=96&d=mm&r=g\",\"contentUrl\":\"https:\\\/\\\/secure.gravatar.com\\\/avatar\\\/5e6c05150ce3230247d167f5b94d678eb05936197436d69b7921e3a95c9107ac?s=96&d=mm&r=g\",\"caption\":\"Issouf Tapsoba\"},\"url\":\"https:\\\/\\\/www.latribunedufaso.net\\\/?author=5\"}]}<\/script>\n<!-- \/ Yoast SEO plugin. -->","yoast_head_json":{"title":"TGI Ouaga 1 : L'affaire Lazare Banss\u00e9 contre Kamou Malo et Kader Traor\u00e9 renvoy\u00e9e au 9 f\u00e9vrier 2026 - La Tribune du Faso","robots":{"index":"index","follow":"follow","max-snippet":"max-snippet:-1","max-image-preview":"max-image-preview:large","max-video-preview":"max-video-preview:-1"},"canonical":"https:\/\/www.latribunedufaso.net\/?p=26915","og_locale":"fr_FR","og_type":"article","og_title":"TGI Ouaga 1 : L'affaire Lazare Banss\u00e9 contre Kamou Malo et Kader Traor\u00e9 renvoy\u00e9e au 9 f\u00e9vrier 2026 - La Tribune du Faso","og_description":"Le Tribunal de grande instance (TGI) Ouaga 1 a ouvert, le 26 janvier 2026 \u00e0 Ouagadougou, le dossier Kamou Malo et Kader Traor\u00e9, poursuivis, respectivement, par Lazare Banss\u00e9 pour diffamation et complicit\u00e9 de diffamation.","og_url":"https:\/\/www.latribunedufaso.net\/?p=26915","og_site_name":"La Tribune du Faso","article_publisher":"https:\/\/www.facebook.com\/LatribuneduFaso\/","article_published_time":"2026-01-26T11:36:46+00:00","og_image":[{"width":1024,"height":683,"url":"https:\/\/www.latribunedufaso.net\/wp-content\/uploads\/2026\/01\/Montage-photo-Ambiance-Hiver-Collage-photo_20260126_112813_0000-1024x683.png","type":"image\/png"}],"author":"Issouf Tapsoba","twitter_misc":{"\u00c9crit par":"Issouf Tapsoba","Dur\u00e9e de lecture estim\u00e9e":"1 minute"},"schema":{"@context":"https:\/\/schema.org","@graph":[{"@type":"Article","@id":"https:\/\/www.latribunedufaso.net\/?p=26915#article","isPartOf":{"@id":"https:\/\/www.latribunedufaso.net\/?p=26915"},"author":{"name":"Issouf Tapsoba","@id":"https:\/\/www.latribunedufaso.net\/#\/schema\/person\/e54e64c5778a7e72cf80a318b7a622b0"},"headline":"TGI Ouaga 1 : L&rsquo;affaire Lazare Banss\u00e9 contre Kamou Malo et Kader Traor\u00e9 renvoy\u00e9e au 9 f\u00e9vrier 2026","datePublished":"2026-01-26T11:36:46+00:00","mainEntityOfPage":{"@id":"https:\/\/www.latribunedufaso.net\/?p=26915"},"wordCount":138,"commentCount":0,"publisher":{"@id":"https:\/\/www.latribunedufaso.net\/#organization"},"image":{"@id":"https:\/\/www.latribunedufaso.net\/?p=26915#primaryimage"},"thumbnailUrl":"https:\/\/www.latribunedufaso.net\/wp-content\/uploads\/2026\/01\/Montage-photo-Ambiance-Hiver-Collage-photo_20260126_112813_0000.png","keywords":["Diffamation","Kader Traor\u00e9","Kamou Malo","latribunedufaso.net","Lazare Banss\u00e9","TGI Ouaga 1"],"articleSection":["A la une","Actualit\u00e9","Sport"],"inLanguage":"fr-FR","potentialAction":[{"@type":"CommentAction","name":"Comment","target":["https:\/\/www.latribunedufaso.net\/?p=26915#respond"]}]},{"@type":"WebPage","@id":"https:\/\/www.latribunedufaso.net\/?p=26915","url":"https:\/\/www.latribunedufaso.net\/?p=26915","name":"TGI Ouaga 1 : L'affaire Lazare Banss\u00e9 contre Kamou Malo et Kader Traor\u00e9 renvoy\u00e9e au 9 f\u00e9vrier 2026 - La Tribune du Faso","isPartOf":{"@id":"https:\/\/www.latribunedufaso.net\/#website"},"primaryImageOfPage":{"@id":"https:\/\/www.latribunedufaso.net\/?p=26915#primaryimage"},"image":{"@id":"https:\/\/www.latribunedufaso.net\/?p=26915#primaryimage"},"thumbnailUrl":"https:\/\/www.latribunedufaso.net\/wp-content\/uploads\/2026\/01\/Montage-photo-Ambiance-Hiver-Collage-photo_20260126_112813_0000.png","datePublished":"2026-01-26T11:36:46+00:00","breadcrumb":{"@id":"https:\/\/www.latribunedufaso.net\/?p=26915#breadcrumb"},"inLanguage":"fr-FR","potentialAction":[{"@type":"ReadAction","target":["https:\/\/www.latribunedufaso.net\/?p=26915"]}]},{"@type":"ImageObject","inLanguage":"fr-FR","@id":"https:\/\/www.latribunedufaso.net\/?p=26915#primaryimage","url":"https:\/\/www.latribunedufaso.net\/wp-content\/uploads\/2026\/01\/Montage-photo-Ambiance-Hiver-Collage-photo_20260126_112813_0000.png","contentUrl":"https:\/\/www.latribunedufaso.net\/wp-content\/uploads\/2026\/01\/Montage-photo-Ambiance-Hiver-Collage-photo_20260126_112813_0000.png","width":1999,"height":1333,"caption":"Photo illustration proc\u00e8s Lazare Banss\u00e9 contre journaliste Lazare Banss\u00e9 et Kamou Malo pour diffamation"},{"@type":"BreadcrumbList","@id":"https:\/\/www.latribunedufaso.net\/?p=26915#breadcrumb","itemListElement":[{"@type":"ListItem","position":1,"name":"Accueil","item":"https:\/\/www.latribunedufaso.net\/"},{"@type":"ListItem","position":2,"name":"TGI Ouaga 1 : L&rsquo;affaire Lazare Banss\u00e9 contre Kamou Malo et Kader Traor\u00e9 renvoy\u00e9e au 9 f\u00e9vrier 2026"}]},{"@type":"WebSite","@id":"https:\/\/www.latribunedufaso.net\/#website","url":"https:\/\/www.latribunedufaso.net\/","name":"La Tribune du Faso","description":"L&#039;information du monde rural en un clic","publisher":{"@id":"https:\/\/www.latribunedufaso.net\/#organization"},"potentialAction":[{"@type":"SearchAction","target":{"@type":"EntryPoint","urlTemplate":"https:\/\/www.latribunedufaso.net\/?s={search_term_string}"},"query-input":{"@type":"PropertyValueSpecification","valueRequired":true,"valueName":"search_term_string"}}],"inLanguage":"fr-FR"},{"@type":"Organization","@id":"https:\/\/www.latribunedufaso.net\/#organization","name":"La Tribune du Faso","url":"https:\/\/www.latribunedufaso.net\/","logo":{"@type":"ImageObject","inLanguage":"fr-FR","@id":"https:\/\/www.latribunedufaso.net\/#\/schema\/logo\/image\/","url":"https:\/\/www.latribunedufaso.net\/wp-content\/uploads\/2020\/08\/Logo-Tribune-du-Faso-final-scaled.jpg","contentUrl":"https:\/\/www.latribunedufaso.net\/wp-content\/uploads\/2020\/08\/Logo-Tribune-du-Faso-final-scaled.jpg","width":2560,"height":1856,"caption":"La Tribune du Faso"},"image":{"@id":"https:\/\/www.latribunedufaso.net\/#\/schema\/logo\/image\/"},"sameAs":["https:\/\/www.facebook.com\/LatribuneduFaso\/"]},{"@type":"Person","@id":"https:\/\/www.latribunedufaso.net\/#\/schema\/person\/e54e64c5778a7e72cf80a318b7a622b0","name":"Issouf Tapsoba","image":{"@type":"ImageObject","inLanguage":"fr-FR","@id":"https:\/\/secure.gravatar.com\/avatar\/5e6c05150ce3230247d167f5b94d678eb05936197436d69b7921e3a95c9107ac?s=96&d=mm&r=g","url":"https:\/\/secure.gravatar.com\/avatar\/5e6c05150ce3230247d167f5b94d678eb05936197436d69b7921e3a95c9107ac?s=96&d=mm&r=g","contentUrl":"https:\/\/secure.gravatar.com\/avatar\/5e6c05150ce3230247d167f5b94d678eb05936197436d69b7921e3a95c9107ac?s=96&d=mm&r=g","caption":"Issouf Tapsoba"},"url":"https:\/\/www.latribunedufaso.net\/?author=5"}]}},"_links":{"self":[{"href":"https:\/\/www.latribunedufaso.net\/index.php?rest_route=\/wp\/v2\/posts\/26915","targetHints":{"allow":["GET"]}}],"collection":[{"href":"https:\/\/www.latribunedufaso.net\/index.php?rest_route=\/wp\/v2\/posts"}],"about":[{"href":"https:\/\/www.latribunedufaso.net\/index.php?rest_route=\/wp\/v2\/types\/post"}],"author":[{"embeddable":true,"href":"https:\/\/www.latribunedufaso.net\/index.php?rest_route=\/wp\/v2\/users\/5"}],"replies":[{"embeddable":true,"href":"https:\/\/www.latribunedufaso.net\/index.php?rest_route=%2Fwp%2Fv2%2Fcomments&post=26915"}],"version-history":[{"count":1,"href":"https:\/\/www.latribunedufaso.net\/index.php?rest_route=\/wp\/v2\/posts\/26915\/revisions"}],"predecessor-version":[{"id":26917,"href":"https:\/\/www.latribunedufaso.net\/index.php?rest_route=\/wp\/v2\/posts\/26915\/revisions\/26917"}],"wp:featuredmedia":[{"embeddable":true,"href":"https:\/\/www.latribunedufaso.net\/index.php?rest_route=\/wp\/v2\/media\/26916"}],"wp:attachment":[{"href":"https:\/\/www.latribunedufaso.net\/index.php?rest_route=%2Fwp%2Fv2%2Fmedia&parent=26915"}],"wp:term":[{"taxonomy":"category","embeddable":true,"href":"https:\/\/www.latribunedufaso.net\/index.php?rest_route=%2Fwp%2Fv2%2Fcategories&post=26915"},{"taxonomy":"post_tag","embeddable":true,"href":"https:\/\/www.latribunedufaso.net\/index.php?rest_route=%2Fwp%2Fv2%2Ftags&post=26915"}],"curies":[{"name":"wp","href":"https:\/\/api.w.org\/{rel}","templated":true}]}}